{"id":423,"date":"2002-12-27T02:00:00","date_gmt":"2002-12-27T00:00:00","guid":{"rendered":"http:\/\/85.17.200.84\/~unaldi\/atif\/?p=423"},"modified":"2002-12-27T02:00:00","modified_gmt":"2002-12-27T00:00:00","slug":"e-siyaset","status":"publish","type":"post","link":"http:\/\/atif.unaldi.org\/blog\/2002\/12\/27\/e-siyaset\/","title":{"rendered":"e-Siyaset"},"content":{"rendered":"<p>\u0130\u015fte T\u00fcrkiye&#8217;nin hali bu\u2026Her g\u00fcn yeni bir umutla kalk\u0131yoruz, sonra daha g\u00fcn bitmeden umutlar\u0131m\u0131z eriyip gidiyor. Yepyeni isimlerle tan\u0131\u015f\u0131yoruz ama &#8220;&#8221;Bu kafalar de\u011fi\u015fmeli&#8221;&#8221; mant\u0131\u011f\u0131n\u0131 sadece bir reklam slogan\u0131 olarak kullanmaktan ileri gidemiyoruz. Daha da k\u00f6t\u00fcs\u00fc her ge\u00e7en g\u00fcn de\u011fi\u015fmeyen mant\u0131\u011f\u0131m\u0131zla sadece kendimizi kand\u0131rmakla kalm\u0131yor, yalandan yaratt\u0131\u011f\u0131m\u0131z d\u00fcnya ile ger\u00e7ek d\u00fcnya aras\u0131ndaki fark h\u0131zla a\u00e7\u0131l\u0131yor. Bu fark ise ya bize yak\u0131nda b\u00fcy\u00fck bir \u015fok olarak geri d\u00f6necek yada bu r\u00fcyadan uyanamadan yok olaca\u011f\u0131z. Ger\u00e7i \u00f6zellikle d\u0131\u015f ticaretle u\u011fra\u015fanlar ve ger\u00e7ekten yurt d\u0131\u015f\u0131na a\u00e7\u0131lanlar ne demek istedi\u011fimi son derece iyi anlayacaklard\u0131r. Ama ne yaz\u0131k ki bu kesim bu \u00fclkenin \u00e7ok b\u00fcy\u00fck bir b\u00f6l\u00fcm\u00fcn\u00fc olu\u015fturmad\u0131\u011f\u0131 gibi genel yap\u0131lar \u00fczerinde de yap\u0131c\u0131 etkileri son derece az. Yanl\u0131\u015f anla\u015f\u0131lmas\u0131n bu \u015firketlerin genel aksiyonsuzluklar\u0131 enerjilerini genel kanaatin tersine kendi i\u015flerine harcamalar\u0131.<br \/>\nGazetelerin man\u015fetlerine bakarsan\u0131z olumlu bir hava etraf\u0131m\u0131z\u0131 sard\u0131 saracak, ama Ankara&#8217;dan birileriyle konu\u015fursan\u0131z &#8220;&#8221;ayn\u0131 tas, ayn\u0131 hamam&#8221;&#8221; her \u015fey ayn\u0131 havada gitmeye devam ediyor. Yeni bir olu\u015fumdan s\u00f6z ediliyor. Tam da bu i\u015flerin oldu\u011fu hafta Ankara&#8217;da bulunan biri olarak, genel gidi\u015fat\u0131n san\u0131lan\u0131n aksine zaten etkisinin \u00e7ok fazla olmayaca\u011f\u0131 yolunda.<br \/>\nAsl\u0131nda, meyve veren a\u011fac\u0131n ta\u015flanmas\u0131n\u0131n genel bir kanaat oldu\u011fu bir \u00fclkede ele\u015ftiri ile iftira atmak aras\u0131ndaki fark\u0131 anlamak hele de iftiraya maruz kalan ki\u015filer i\u00e7in olduk\u00e7a zor. Bu noktada yap\u0131lacak en iyi i\u015f, olu\u015fumu genel bir s\u0131nava maruz b\u0131rakmaktan ba\u015fka bir \u015fey olmuyor.<br \/>\nY\u0131llard\u0131r d\u0131\u015far\u0131ya a\u00e7\u0131k y\u00fczlerimizden biri olan \u0130smail Cem, zaten d\u00fcnya ile entegre \u00e7al\u0131\u015fmaya al\u0131\u015f\u0131k Kemal Dervi\u015f ve T\u00fcrkiye&#8217;nin genel yap\u0131s\u0131n\u0131 bilen ve CNN&#8217;e verdi\u011fi deme\u00e7te bile \u00f6n\u00fcnde yurt d\u0131\u015f\u0131ndan gelmi\u015f oldu\u011fu belli olan bir zarf ile oturan H\u00fcsamettin \u00d6zkan, bu yeni olu\u015fumun ana akt\u00f6rleri. Bu yaz\u0131y\u0131 yazd\u0131\u011f\u0131m s\u0131rada olu\u015fumun ismi daha netlik kazanmam\u0131\u015ft\u0131. Fakat \u00c7a\u011fda\u015f Anadolu Partisi ismi \u00fczerinde duruluyordu. E\u011fer bu olu\u015fum ger\u00e7ekten i\u015fini iyi yapacaksa, d\u00fcnya ile entegre olmak zorunlulu\u011fu var. Bu nedenle ileti\u015fim yollar\u0131n\u0131 a\u00e7\u0131k tutmak zorunda. Bu mant\u0131kla bak\u0131ld\u0131\u011f\u0131nda alan ad\u0131n\u0131 alm\u0131\u015f olmas\u0131 ise b\u00fcy\u00fck gereklilik. Fakat ben cagdasanadolupartisi.org&#8217;u kontrol etti\u011fimde konuyla pek ilgisi olmayan bir ki\u015fi taraf\u0131ndan al\u0131nm\u0131\u015f oldu\u011funu fark ettim. Hemen ard\u0131ndan ayn\u0131 adresin .com olan\u0131na bakt\u0131m. Onu ise Bursa&#8217;dan bir bey alm\u0131\u015ft\u0131. Yani ya bu isim olu\u015fumun ismi de\u011fil yada \u00e7a\u011fda\u015fl\u0131k sadece isimde kalacak.<br \/>\nAsl\u0131nda bunun ger\u00e7ek karar\u0131n\u0131 siz vereceksiniz. E\u011fer bu yaz\u0131y\u0131 okudu\u011funuzda alan ad\u0131 kendisi taraf\u0131ndan al\u0131nm\u0131\u015f bir organizasyonla kar\u015f\u0131la\u015f\u0131rsan\u0131z, bilin ki ben oyumu bu partiye verece\u011fim. \u00c7\u00fcnk\u00fc alan ad\u0131n\u0131, kurulum a\u015famas\u0131nda alan bir parti, bili\u015fim teknolojilerine gereken ilgiyi g\u00f6steriyor demektir.<br \/>\nSon zamanlarda en \u00e7ok duydu\u011fum soru &#8220;&#8221;oyunu kime vereceksin?&#8221;&#8221;. \u0130\u015fte bu soruyu soran herkese a\u00e7\u0131kl\u0131yorum, ideolojik hi\u00e7bir saplant\u0131ya kap\u0131lmadan oyumu bu \u00fclkeyi gelece\u011fin teknoloji ve &#8220;&#8221;muas\u0131r medeniyetler seviyesine&#8221;&#8221; \u00e7\u0131karabilecek, bunu program\u0131nda ortaya koyacak, d\u00fcnya entegre olacak yap\u0131y\u0131 hangi parti kurarsa benim oyum onun.<br \/>\nWeb sitesine e-posta att\u0131\u011f\u0131mda bana cevap veren parti hangisiyse, bili\u015fim teknolojilerini organizasyonuna ger\u00e7ek anlamda hangisi sindirmi\u015fse, bili\u015fim diyerek iktidara \u00e7\u0131k\u0131p sonra basit polemikler yapmayacak olan hangi partiyse benim oyum onun olacakt\u0131r.<br \/>\nNETle\u015fmek \u00fczere\u2026<\/p>\n","protected":false},"excerpt":{"rendered":"<p>\u0130\u015fte T\u00fcrkiye&#8217;nin hali bu\u2026Her g\u00fcn yeni bir umutla kalk\u0131yoruz, sonra daha g\u00fcn bitmeden umutlar\u0131m\u0131z eriyip gidiyor. Yepyeni isimlerle tan\u0131\u015f\u0131yoruz ama &#8220;&#8221;Bu kafalar de\u011fi\u015fmeli&#8221;&#8221; mant\u0131\u011f\u0131n\u0131 sadece bir reklam slogan\u0131 olarak kullanmaktan ileri gidemiyoruz. Daha da k\u00f6t\u00fcs\u00fc&#8230;<\/p>\n","protected":false},"author":2,"featured_media":0,"comment_status":"open","ping_status":"open","sticky":false,"template":"","format":"standard","meta":{"footnotes":""},"categories":[3],"tags":[],"class_list":["post-423","post","type-post","status-publish","format-standard","hentry","category-blogum"],"yoast_head":"<!-- This site is optimized with the Yoast SEO plugin v26.8 - https:\/\/yoast.com\/product\/yoast-seo-wordpress\/ -->\n<title>e-Siyaset - At\u0131f \u00dcnald\u0131<\/title>\n<meta name=\"robots\" content=\"index, follow, max-snippet:-1, max-image-preview:large, max-video-preview:-1\" \/>\n<link rel=\"canonical\" href=\"http:\/\/atif.unaldi.org\/blog\/2002\/12\/27\/e-siyaset\/\" \/>\n<meta property=\"og:locale\" content=\"tr_TR\" \/>\n<meta property=\"og:type\" content=\"article\" \/>\n<meta property=\"og:title\" content=\"e-Siyaset - At\u0131f \u00dcnald\u0131\" \/>\n<meta property=\"og:description\" content=\"\u0130\u015fte T\u00fcrkiye&#8217;nin hali bu\u2026Her g\u00fcn yeni bir umutla kalk\u0131yoruz, sonra daha g\u00fcn bitmeden umutlar\u0131m\u0131z eriyip gidiyor. Yepyeni isimlerle tan\u0131\u015f\u0131yoruz ama &#8220;&#8221;Bu kafalar de\u011fi\u015fmeli&#8221;&#8221; mant\u0131\u011f\u0131n\u0131 sadece bir reklam slogan\u0131 olarak kullanmaktan ileri gidemiyoruz. Daha da k\u00f6t\u00fcs\u00fc...\" \/>\n<meta property=\"og:url\" content=\"http:\/\/atif.unaldi.org\/blog\/2002\/12\/27\/e-siyaset\/\" \/>\n<meta property=\"og:site_name\" content=\"At\u0131f \u00dcnald\u0131\" \/>\n<meta property=\"article:publisher\" content=\"https:\/\/www.facebook.com\/atifunaldi\" \/>\n<meta property=\"article:author\" content=\"https:\/\/www.facebook.com\/atifunaldi\" \/>\n<meta property=\"article:published_time\" content=\"2002-12-27T00:00:00+00:00\" \/>\n<meta name=\"author\" content=\"Atif Unaldi\" \/>\n<meta name=\"twitter:card\" content=\"summary_large_image\" \/>\n<meta name=\"twitter:creator\" content=\"@https:\/\/twitter.com\/atifunaldi\" \/>\n<meta name=\"twitter:site\" content=\"@atifunaldi\" \/>\n<meta name=\"twitter:label1\" content=\"Yazan:\" \/>\n\t<meta name=\"twitter:data1\" content=\"Atif Unaldi\" \/>\n\t<meta name=\"twitter:label2\" content=\"Tahmini okuma s\u00fcresi\" \/>\n\t<meta name=\"twitter:data2\" content=\"3 dakika\" \/>\n<script type=\"application\/ld+json\" class=\"yoast-schema-graph\">{\"@context\":\"https:\/\/schema.org\",\"@graph\":[{\"@type\":\"Article\",\"@id\":\"http:\/\/atif.unaldi.org\/blog\/2002\/12\/27\/e-siyaset\/#article\",\"isPartOf\":{\"@id\":\"http:\/\/atif.unaldi.org\/blog\/2002\/12\/27\/e-siyaset\/\"},\"author\":{\"name\":\"Atif Unaldi\",\"@id\":\"http:\/\/atif.unaldi.org\/blog\/#\/schema\/person\/608ed42ecbda2bc5cfdb767ac1db479b\"},\"headline\":\"e-Siyaset\",\"datePublished\":\"2002-12-27T00:00:00+00:00\",\"mainEntityOfPage\":{\"@id\":\"http:\/\/atif.unaldi.org\/blog\/2002\/12\/27\/e-siyaset\/\"},\"wordCount\":643,\"commentCount\":0,\"publisher\":{\"@id\":\"http:\/\/atif.unaldi.org\/blog\/#\/schema\/person\/608ed42ecbda2bc5cfdb767ac1db479b\"},\"articleSection\":[\"Blogum\"],\"inLanguage\":\"tr\",\"potentialAction\":[{\"@type\":\"CommentAction\",\"name\":\"Comment\",\"target\":[\"http:\/\/atif.unaldi.org\/blog\/2002\/12\/27\/e-siyaset\/#respond\"]}]},{\"@type\":\"WebPage\",\"@id\":\"http:\/\/atif.unaldi.org\/blog\/2002\/12\/27\/e-siyaset\/\",\"url\":\"http:\/\/atif.unaldi.org\/blog\/2002\/12\/27\/e-siyaset\/\",\"name\":\"e-Siyaset - At\u0131f \u00dcnald\u0131\",\"isPartOf\":{\"@id\":\"http:\/\/atif.unaldi.org\/blog\/#website\"},\"datePublished\":\"2002-12-27T00:00:00+00:00\",\"breadcrumb\":{\"@id\":\"http:\/\/atif.unaldi.org\/blog\/2002\/12\/27\/e-siyaset\/#breadcrumb\"},\"inLanguage\":\"tr\",\"potentialAction\":[{\"@type\":\"ReadAction\",\"target\":[\"http:\/\/atif.unaldi.org\/blog\/2002\/12\/27\/e-siyaset\/\"]}]},{\"@type\":\"BreadcrumbList\",\"@id\":\"http:\/\/atif.unaldi.org\/blog\/2002\/12\/27\/e-siyaset\/#breadcrumb\",\"itemListElement\":[{\"@type\":\"ListItem\",\"position\":1,\"name\":\"Anasayfa\",\"item\":\"http:\/\/atif.unaldi.org\/blog\/\"},{\"@type\":\"ListItem\",\"position\":2,\"name\":\"e-Siyaset\"}]},{\"@type\":\"WebSite\",\"@id\":\"http:\/\/atif.unaldi.org\/blog\/#website\",\"url\":\"http:\/\/atif.unaldi.org\/blog\/\",\"name\":\"At\u0131f \u00dcnald\u0131\",\"description\":\"Yazar\",\"publisher\":{\"@id\":\"http:\/\/atif.unaldi.org\/blog\/#\/schema\/person\/608ed42ecbda2bc5cfdb767ac1db479b\"},\"alternateName\":\"At\u0131f \u00dcnald\u0131 Blog\",\"potentialAction\":[{\"@type\":\"SearchAction\",\"target\":{\"@type\":\"EntryPoint\",\"urlTemplate\":\"http:\/\/atif.unaldi.org\/blog\/?s={search_term_string}\"},\"query-input\":{\"@type\":\"PropertyValueSpecification\",\"valueRequired\":true,\"valueName\":\"search_term_string\"}}],\"inLanguage\":\"tr\"},{\"@type\":[\"Person\",\"Organization\"],\"@id\":\"http:\/\/atif.unaldi.org\/blog\/#\/schema\/person\/608ed42ecbda2bc5cfdb767ac1db479b\",\"name\":\"Atif Unaldi\",\"image\":{\"@type\":\"ImageObject\",\"inLanguage\":\"tr\",\"@id\":\"http:\/\/atif.unaldi.org\/blog\/#\/schema\/person\/image\/\",\"url\":\"http:\/\/atif.unaldi.org\/blog\/wp-content\/uploads\/2022\/10\/cropped-a94e8f7a-67c4-4d65-8a5f-032ba784be53-2.jpg\",\"contentUrl\":\"http:\/\/atif.unaldi.org\/blog\/wp-content\/uploads\/2022\/10\/cropped-a94e8f7a-67c4-4d65-8a5f-032ba784be53-2.jpg\",\"width\":512,\"height\":512,\"caption\":\"Atif Unaldi\"},\"logo\":{\"@id\":\"http:\/\/atif.unaldi.org\/blog\/#\/schema\/person\/image\/\"},\"description\":\"Bo\u011fazi\u00e7i \u00dcniversitesinde Fizik B\u00f6l\u00fcm\u00fc\u2019nde e\u011fitim ald\u0131\u011f\u0131 y\u0131llarda T\u00fcrkiye\u2019de ilk kez iki bilgisayar\u0131 telefon hatlar\u0131 \u00fczerinden konu\u015fturan BBS sistemini kurarak, T\u00fcrkiye\u2019deki ilk internet a\u011f\u0131n\u0131 olu\u015fturmu\u015ftur. Bir \u00e7ok radyo ve televizyonda program yap\u0131mc\u0131l\u0131\u011f\u0131 ve sunuculu\u011funu, bir \u00e7ok teknoloji dergisinde k\u00f6\u015fe yazarl\u0131\u011f\u0131, bili\u015fim edit\u00f6rl\u00fc\u011f\u00fc ve genel yay\u0131n y\u00f6netmenli\u011fi yapt\u0131. T\u00fcrkiye\u2019deki ilk internet servis sa\u011flay\u0131c\u0131s\u0131n\u0131n genel m\u00fcd\u00fcrl\u00fc\u011f\u00fcn\u00fc \u00fcstlendi. Bir \u00e7ok organizasyon ve kurulu\u015fta internet s\u00fcperviz\u00f6rl\u00fc\u011f\u00fc , webmaster\u2019l\u0131\u011f\u0131 , IT direkt\u00f6rl\u00fc\u011f\u00fc ve dijital projeler koordinat\u00f6rl\u00fc\u011f\u00fc g\u00f6revlerinde bulundu. Farkl\u0131 \u00fcniversitelerin farkl\u0131 fak\u00fcltelerinde \u00f6\u011fretim g\u00f6revlisi olarak bulunmu\u015f olan \u00dcnald\u0131; \u015fu an teknoloji ve pazarlama konular\u0131 ba\u015fta olmak \u00fczere bir\u00e7ok alanda hizmet veren Unaldi Consultancy\u2019nin kurucusudur. \\u2028Selin \u00dcnald\u0131 ile evlidir. Su ve Toprak isminde iki \u00e7ocu\u011fu vard\u0131r.\",\"sameAs\":[\"http:\/\/atif.unaldi.org\/blog\",\"https:\/\/www.facebook.com\/atifunaldi\",\"https:\/\/www.instagram.com\/atifunaldi\/\",\"https:\/\/www.linkedin.com\/in\/atifunaldi\",\"https:\/\/x.com\/https:\/\/twitter.com\/atifunaldi\",\"https:\/\/www.youtube.com\/c\/atifunaldi\",\"https:\/\/soundcloud.com\/atif-unaldi\",\"https:\/\/atifunaldi.tumblr.com\"],\"url\":\"http:\/\/atif.unaldi.org\/blog\/author\/atifunaldi\/\"}]}<\/script>\n<!-- \/ Yoast SEO plugin. -->","yoast_head_json":{"title":"e-Siyaset - At\u0131f \u00dcnald\u0131","robots":{"index":"index","follow":"follow","max-snippet":"max-snippet:-1","max-image-preview":"max-image-preview:large","max-video-preview":"max-video-preview:-1"},"canonical":"http:\/\/atif.unaldi.org\/blog\/2002\/12\/27\/e-siyaset\/","og_locale":"tr_TR","og_type":"article","og_title":"e-Siyaset - At\u0131f \u00dcnald\u0131","og_description":"\u0130\u015fte T\u00fcrkiye&#8217;nin hali bu\u2026Her g\u00fcn yeni bir umutla kalk\u0131yoruz, sonra daha g\u00fcn bitmeden umutlar\u0131m\u0131z eriyip gidiyor. Yepyeni isimlerle tan\u0131\u015f\u0131yoruz ama &#8220;&#8221;Bu kafalar de\u011fi\u015fmeli&#8221;&#8221; mant\u0131\u011f\u0131n\u0131 sadece bir reklam slogan\u0131 olarak kullanmaktan ileri gidemiyoruz. Daha da k\u00f6t\u00fcs\u00fc...","og_url":"http:\/\/atif.unaldi.org\/blog\/2002\/12\/27\/e-siyaset\/","og_site_name":"At\u0131f \u00dcnald\u0131","article_publisher":"https:\/\/www.facebook.com\/atifunaldi","article_author":"https:\/\/www.facebook.com\/atifunaldi","article_published_time":"2002-12-27T00:00:00+00:00","author":"Atif Unaldi","twitter_card":"summary_large_image","twitter_creator":"@https:\/\/twitter.com\/atifunaldi","twitter_site":"@atifunaldi","twitter_misc":{"Yazan:":"Atif Unaldi","Tahmini okuma s\u00fcresi":"3 dakika"},"schema":{"@context":"https:\/\/schema.org","@graph":[{"@type":"Article","@id":"http:\/\/atif.unaldi.org\/blog\/2002\/12\/27\/e-siyaset\/#article","isPartOf":{"@id":"http:\/\/atif.unaldi.org\/blog\/2002\/12\/27\/e-siyaset\/"},"author":{"name":"Atif Unaldi","@id":"http:\/\/atif.unaldi.org\/blog\/#\/schema\/person\/608ed42ecbda2bc5cfdb767ac1db479b"},"headline":"e-Siyaset","datePublished":"2002-12-27T00:00:00+00:00","mainEntityOfPage":{"@id":"http:\/\/atif.unaldi.org\/blog\/2002\/12\/27\/e-siyaset\/"},"wordCount":643,"commentCount":0,"publisher":{"@id":"http:\/\/atif.unaldi.org\/blog\/#\/schema\/person\/608ed42ecbda2bc5cfdb767ac1db479b"},"articleSection":["Blogum"],"inLanguage":"tr","potentialAction":[{"@type":"CommentAction","name":"Comment","target":["http:\/\/atif.unaldi.org\/blog\/2002\/12\/27\/e-siyaset\/#respond"]}]},{"@type":"WebPage","@id":"http:\/\/atif.unaldi.org\/blog\/2002\/12\/27\/e-siyaset\/","url":"http:\/\/atif.unaldi.org\/blog\/2002\/12\/27\/e-siyaset\/","name":"e-Siyaset - At\u0131f \u00dcnald\u0131","isPartOf":{"@id":"http:\/\/atif.unaldi.org\/blog\/#website"},"datePublished":"2002-12-27T00:00:00+00:00","breadcrumb":{"@id":"http:\/\/atif.unaldi.org\/blog\/2002\/12\/27\/e-siyaset\/#breadcrumb"},"inLanguage":"tr","potentialAction":[{"@type":"ReadAction","target":["http:\/\/atif.unaldi.org\/blog\/2002\/12\/27\/e-siyaset\/"]}]},{"@type":"BreadcrumbList","@id":"http:\/\/atif.unaldi.org\/blog\/2002\/12\/27\/e-siyaset\/#breadcrumb","itemListElement":[{"@type":"ListItem","position":1,"name":"Anasayfa","item":"http:\/\/atif.unaldi.org\/blog\/"},{"@type":"ListItem","position":2,"name":"e-Siyaset"}]},{"@type":"WebSite","@id":"http:\/\/atif.unaldi.org\/blog\/#website","url":"http:\/\/atif.unaldi.org\/blog\/","name":"At\u0131f \u00dcnald\u0131","description":"Yazar","publisher":{"@id":"http:\/\/atif.unaldi.org\/blog\/#\/schema\/person\/608ed42ecbda2bc5cfdb767ac1db479b"},"alternateName":"At\u0131f \u00dcnald\u0131 Blog","potentialAction":[{"@type":"SearchAction","target":{"@type":"EntryPoint","urlTemplate":"http:\/\/atif.unaldi.org\/blog\/?s={search_term_string}"},"query-input":{"@type":"PropertyValueSpecification","valueRequired":true,"valueName":"search_term_string"}}],"inLanguage":"tr"},{"@type":["Person","Organization"],"@id":"http:\/\/atif.unaldi.org\/blog\/#\/schema\/person\/608ed42ecbda2bc5cfdb767ac1db479b","name":"Atif Unaldi","image":{"@type":"ImageObject","inLanguage":"tr","@id":"http:\/\/atif.unaldi.org\/blog\/#\/schema\/person\/image\/","url":"http:\/\/atif.unaldi.org\/blog\/wp-content\/uploads\/2022\/10\/cropped-a94e8f7a-67c4-4d65-8a5f-032ba784be53-2.jpg","contentUrl":"http:\/\/atif.unaldi.org\/blog\/wp-content\/uploads\/2022\/10\/cropped-a94e8f7a-67c4-4d65-8a5f-032ba784be53-2.jpg","width":512,"height":512,"caption":"Atif Unaldi"},"logo":{"@id":"http:\/\/atif.unaldi.org\/blog\/#\/schema\/person\/image\/"},"description":"Bo\u011fazi\u00e7i \u00dcniversitesinde Fizik B\u00f6l\u00fcm\u00fc\u2019nde e\u011fitim ald\u0131\u011f\u0131 y\u0131llarda T\u00fcrkiye\u2019de ilk kez iki bilgisayar\u0131 telefon hatlar\u0131 \u00fczerinden konu\u015fturan BBS sistemini kurarak, T\u00fcrkiye\u2019deki ilk internet a\u011f\u0131n\u0131 olu\u015fturmu\u015ftur. Bir \u00e7ok radyo ve televizyonda program yap\u0131mc\u0131l\u0131\u011f\u0131 ve sunuculu\u011funu, bir \u00e7ok teknoloji dergisinde k\u00f6\u015fe yazarl\u0131\u011f\u0131, bili\u015fim edit\u00f6rl\u00fc\u011f\u00fc ve genel yay\u0131n y\u00f6netmenli\u011fi yapt\u0131. T\u00fcrkiye\u2019deki ilk internet servis sa\u011flay\u0131c\u0131s\u0131n\u0131n genel m\u00fcd\u00fcrl\u00fc\u011f\u00fcn\u00fc \u00fcstlendi. Bir \u00e7ok organizasyon ve kurulu\u015fta internet s\u00fcperviz\u00f6rl\u00fc\u011f\u00fc , webmaster\u2019l\u0131\u011f\u0131 , IT direkt\u00f6rl\u00fc\u011f\u00fc ve dijital projeler koordinat\u00f6rl\u00fc\u011f\u00fc g\u00f6revlerinde bulundu. Farkl\u0131 \u00fcniversitelerin farkl\u0131 fak\u00fcltelerinde \u00f6\u011fretim g\u00f6revlisi olarak bulunmu\u015f olan \u00dcnald\u0131; \u015fu an teknoloji ve pazarlama konular\u0131 ba\u015fta olmak \u00fczere bir\u00e7ok alanda hizmet veren Unaldi Consultancy\u2019nin kurucusudur. \u2028Selin \u00dcnald\u0131 ile evlidir. Su ve Toprak isminde iki \u00e7ocu\u011fu vard\u0131r.","sameAs":["http:\/\/atif.unaldi.org\/blog","https:\/\/www.facebook.com\/atifunaldi","https:\/\/www.instagram.com\/atifunaldi\/","https:\/\/www.linkedin.com\/in\/atifunaldi","https:\/\/x.com\/https:\/\/twitter.com\/atifunaldi","https:\/\/www.youtube.com\/c\/atifunaldi","https:\/\/soundcloud.com\/atif-unaldi","https:\/\/atifunaldi.tumblr.com"],"url":"http:\/\/atif.unaldi.org\/blog\/author\/atifunaldi\/"}]}},"jetpack_featured_media_url":"","_links":{"self":[{"href":"http:\/\/atif.unaldi.org\/blog\/wp-json\/wp\/v2\/posts\/423","targetHints":{"allow":["GET"]}}],"collection":[{"href":"http:\/\/atif.unaldi.org\/blog\/wp-json\/wp\/v2\/posts"}],"about":[{"href":"http:\/\/atif.unaldi.org\/blog\/wp-json\/wp\/v2\/types\/post"}],"author":[{"embeddable":true,"href":"http:\/\/atif.unaldi.org\/blog\/wp-json\/wp\/v2\/users\/2"}],"replies":[{"embeddable":true,"href":"http:\/\/atif.unaldi.org\/blog\/wp-json\/wp\/v2\/comments?post=423"}],"version-history":[{"count":0,"href":"http:\/\/atif.unaldi.org\/blog\/wp-json\/wp\/v2\/posts\/423\/revisions"}],"wp:attachment":[{"href":"http:\/\/atif.unaldi.org\/blog\/wp-json\/wp\/v2\/media?parent=423"}],"wp:term":[{"taxonomy":"category","embeddable":true,"href":"http:\/\/atif.unaldi.org\/blog\/wp-json\/wp\/v2\/categories?post=423"},{"taxonomy":"post_tag","embeddable":true,"href":"http:\/\/atif.unaldi.org\/blog\/wp-json\/wp\/v2\/tags?post=423"}],"curies":[{"name":"wp","href":"https:\/\/api.w.org\/{rel}","templated":true}]}}