{"id":424,"date":"2002-12-27T02:00:00","date_gmt":"2002-12-27T00:00:00","guid":{"rendered":"http:\/\/85.17.200.84\/~unaldi\/atif\/?p=424"},"modified":"2002-12-27T02:00:00","modified_gmt":"2002-12-27T00:00:00","slug":"aspyi-kim-kullaniyor","status":"publish","type":"post","link":"http:\/\/atif.unaldi.org\/blog\/2002\/12\/27\/aspyi-kim-kullaniyor\/","title":{"rendered":"ASP&#8217;yi kim kullan\u0131yor?"},"content":{"rendered":"<p>Y\u0131llar \u00f6nce xml&#8217;in daha ismi bilinmezken, yazd\u0131\u011f\u0131m bir yaz\u0131da internet uygulamalar\u0131nda scripting dillerinin ba\u015far\u0131l\u0131 olaca\u011f\u0131n\u0131 s\u00f6ylemi\u015ftim. Microsoft ise ayn\u0131 d\u00f6nemlerde COM+, Dom objeleri \u00fczerine \u00e7al\u0131\u015fmalar yap\u0131p, bunlar\u0131n adeta reklam\u0131n\u0131 yap\u0131yordu. Ayn\u0131 d\u00f6nemlerde ASP konusunda iki \u00f6nemli sorundan bahsetti\u011fimizde, Ms bunlar\u0131n sorun olmad\u0131\u011f\u0131ndan, asl\u0131nda sistemin yapabilirlili\u011fi oldu\u011fundan fakat bunu yapmamas\u0131n\u0131n ba\u015fka sebeplerden kaynakland\u0131\u011f\u0131ndan bahsediyordu.<br \/>\nY\u0131llar su gibi ge\u00e7ti, ASP&#8217;nin uygulama geli\u015ftiricileri zorlayan eksik par\u00e7alar\u0131 d\u00fczeltilmedi. Bu arada Linux tabanl\u0131 sistemler \u00fczerinde yeni uygulama dilleri ger\u00e7ekle\u015ftirildi. \u0130nternet uygulama dillerinin en k\u00f6ktenlerinden biri olan Perl&#8217;\u00fcn zor yap\u0131s\u0131 ve veri taban\u0131 ba\u011flant\u0131s\u0131nda ya\u015fanan zorluklar\u0131n\u0131 a\u015fan ve iddialara g\u00f6re ASP&#8217;den 10 kat daha h\u0131zl\u0131 oldu\u011fu s\u00f6ylenen PHP, ASP&#8217;nin taht\u0131n\u0131 fena halde sallad\u0131. Asl\u0131nda sallad\u0131 demek yanl\u0131\u015f olur, zira teknoloji \u00fcr\u00fcnlerinde bir m\u00fc\u015fteri sadakati s\u00f6z konusu de\u011fildir. Bu nedenle k\u0131sa zamanda Pazar pay\u0131 farkl\u0131 y\u00f6ne d\u00f6nd\u00fc. \u015eimdi \u00f6zellikle web uygulamalar\u0131 geli\u015ftirmeyi planlayan \u015firketler, yaz\u0131l\u0131m yat\u0131r\u0131mlar\u0131n\u0131 minimal boyutta tutmak i\u00e7in PHP ve Linux \u00fczerine yat\u0131r\u0131mlar\u0131n\u0131 artt\u0131r\u0131yorlar. Bu sayede hem yaz\u0131l\u0131m lisanslamas\u0131 konusunda ciddi sorunlar ya\u015fam\u0131yorlar, hem de ASP tabanl\u0131 bir sisteme g\u00f6re &#8220;&#8221;on kat&#8221;&#8221; daha h\u0131zl\u0131 \u00e7al\u0131\u015fan bir yap\u0131ya ula\u015ft\u0131klar\u0131 i\u00e7in donan\u0131m konusunda \u00e7ok yat\u0131r\u0131ma ihtiya\u00e7 duymuyorlar.<br \/>\nD\u00fcnyan\u0131n en b\u00fcy\u00fck pazarlama \u015firketi olan Microsoft ise bu konulara uzaktan bakm\u0131yor.S\u00f6ylentiler olduk\u00e7a ilgin\u00e7. Microsoft almadan \u00f6nce Linux tabanl\u0131 bir \u015firket olan Hotmail bu yap\u0131s\u0131n\u0131 hala bozmam\u0131\u015f. \u00dcst\u00fcne \u00fcstl\u00fck Microsoft i\u00e7inde bir\u00e7ok &#8220;&#8221;killer application&#8221;&#8221; Linux \u00fczerinde yap\u0131land\u0131r\u0131lm\u0131\u015f. Bunlar\u0131n alt\u0131nda ger\u00e7ek pay\u0131n\u0131 anlamak belki m\u00fcmk\u00fcn g\u00f6r\u00fcnm\u00fcyor ama Hotmail&#8217;e ba\u011fland\u0131\u011f\u0131n\u0131zda bir unix klasi\u011fi olan cgi-bin dizinini g\u00f6rmek de insanda soru i\u015faretlerine neden olmuyor de\u011fil. Tabii e\u011fer k\u00fc\u00e7\u00fck bir ara\u015ft\u0131rma yaparsan\u0131z Hotmail.com yazd\u0131\u011f\u0131n\u0131zda cevap veren sunucunun IIS5.0 t\u00fcrevi oldu\u011funu g\u00f6r\u00fcyorsunuz ama bu trafi\u011fi y\u00f6nlendiren sunucunun da nt t\u00fcrevi oldu\u011funu do\u011frulam\u0131yor.<br \/>\n\u0130\u015fin \u00f6z\u00fcne bakarsan\u0131z,e\u011fer internet \u00fczerinde i\u015f yapacak ve bir hosting kullanmayacaksan\u0131z, Linux t\u00fcrevlerinin sa\u011flad\u0131\u011f\u0131 fiyat avantaj\u0131 inan\u0131lmaz boyutlarda. Destek ve profesyonel eleman konusunda ise art\u0131k T\u00fcrkiye&#8217;de bile s\u0131k\u0131nt\u0131 \u00e7ekmenize neden olacak bir durum yok.<\/p>\n","protected":false},"excerpt":{"rendered":"<p>Y\u0131llar \u00f6nce xml&#8217;in daha ismi bilinmezken, yazd\u0131\u011f\u0131m bir yaz\u0131da internet uygulamalar\u0131nda scripting dillerinin ba\u015far\u0131l\u0131 olaca\u011f\u0131n\u0131 s\u00f6ylemi\u015ftim. Microsoft ise ayn\u0131 d\u00f6nemlerde COM+, Dom objeleri \u00fczerine \u00e7al\u0131\u015fmalar yap\u0131p, bunlar\u0131n adeta reklam\u0131n\u0131 yap\u0131yordu. Ayn\u0131 d\u00f6nemlerde ASP konusunda iki&#8230;<\/p>\n","protected":false},"author":2,"featured_media":0,"comment_status":"open","ping_status":"open","sticky":false,"template":"","format":"standard","meta":{"footnotes":""},"categories":[3],"tags":[],"class_list":["post-424","post","type-post","status-publish","format-standard","hentry","category-blogum"],"yoast_head":"<!-- This site is optimized with the Yoast SEO plugin v26.8 - https:\/\/yoast.com\/product\/yoast-seo-wordpress\/ -->\n<title>ASP&#039;yi kim kullan\u0131yor? - At\u0131f \u00dcnald\u0131<\/title>\n<meta name=\"robots\" content=\"index, follow, max-snippet:-1, max-image-preview:large, max-video-preview:-1\" \/>\n<link rel=\"canonical\" href=\"http:\/\/atif.unaldi.org\/blog\/2002\/12\/27\/aspyi-kim-kullaniyor\/\" \/>\n<meta property=\"og:locale\" content=\"tr_TR\" \/>\n<meta property=\"og:type\" content=\"article\" \/>\n<meta property=\"og:title\" content=\"ASP&#039;yi kim kullan\u0131yor? - At\u0131f \u00dcnald\u0131\" \/>\n<meta property=\"og:description\" content=\"Y\u0131llar \u00f6nce xml&#8217;in daha ismi bilinmezken, yazd\u0131\u011f\u0131m bir yaz\u0131da internet uygulamalar\u0131nda scripting dillerinin ba\u015far\u0131l\u0131 olaca\u011f\u0131n\u0131 s\u00f6ylemi\u015ftim. Microsoft ise ayn\u0131 d\u00f6nemlerde COM+, Dom objeleri \u00fczerine \u00e7al\u0131\u015fmalar yap\u0131p, bunlar\u0131n adeta reklam\u0131n\u0131 yap\u0131yordu. Ayn\u0131 d\u00f6nemlerde ASP konusunda iki...\" \/>\n<meta property=\"og:url\" content=\"http:\/\/atif.unaldi.org\/blog\/2002\/12\/27\/aspyi-kim-kullaniyor\/\" \/>\n<meta property=\"og:site_name\" content=\"At\u0131f \u00dcnald\u0131\" \/>\n<meta property=\"article:publisher\" content=\"https:\/\/www.facebook.com\/atifunaldi\" \/>\n<meta property=\"article:author\" content=\"https:\/\/www.facebook.com\/atifunaldi\" \/>\n<meta property=\"article:published_time\" content=\"2002-12-27T00:00:00+00:00\" \/>\n<meta name=\"author\" content=\"Atif Unaldi\" \/>\n<meta name=\"twitter:card\" content=\"summary_large_image\" \/>\n<meta name=\"twitter:creator\" content=\"@https:\/\/twitter.com\/atifunaldi\" \/>\n<meta name=\"twitter:site\" content=\"@atifunaldi\" \/>\n<meta name=\"twitter:label1\" content=\"Yazan:\" \/>\n\t<meta name=\"twitter:data1\" content=\"Atif Unaldi\" \/>\n\t<meta name=\"twitter:label2\" content=\"Tahmini okuma s\u00fcresi\" \/>\n\t<meta name=\"twitter:data2\" content=\"2 dakika\" \/>\n<script type=\"application\/ld+json\" class=\"yoast-schema-graph\">{\"@context\":\"https:\/\/schema.org\",\"@graph\":[{\"@type\":\"Article\",\"@id\":\"http:\/\/atif.unaldi.org\/blog\/2002\/12\/27\/aspyi-kim-kullaniyor\/#article\",\"isPartOf\":{\"@id\":\"http:\/\/atif.unaldi.org\/blog\/2002\/12\/27\/aspyi-kim-kullaniyor\/\"},\"author\":{\"name\":\"Atif Unaldi\",\"@id\":\"http:\/\/atif.unaldi.org\/blog\/#\/schema\/person\/608ed42ecbda2bc5cfdb767ac1db479b\"},\"headline\":\"ASP&#8217;yi kim kullan\u0131yor?\",\"datePublished\":\"2002-12-27T00:00:00+00:00\",\"mainEntityOfPage\":{\"@id\":\"http:\/\/atif.unaldi.org\/blog\/2002\/12\/27\/aspyi-kim-kullaniyor\/\"},\"wordCount\":448,\"commentCount\":0,\"publisher\":{\"@id\":\"http:\/\/atif.unaldi.org\/blog\/#\/schema\/person\/608ed42ecbda2bc5cfdb767ac1db479b\"},\"articleSection\":[\"Blogum\"],\"inLanguage\":\"tr\",\"potentialAction\":[{\"@type\":\"CommentAction\",\"name\":\"Comment\",\"target\":[\"http:\/\/atif.unaldi.org\/blog\/2002\/12\/27\/aspyi-kim-kullaniyor\/#respond\"]}]},{\"@type\":\"WebPage\",\"@id\":\"http:\/\/atif.unaldi.org\/blog\/2002\/12\/27\/aspyi-kim-kullaniyor\/\",\"url\":\"http:\/\/atif.unaldi.org\/blog\/2002\/12\/27\/aspyi-kim-kullaniyor\/\",\"name\":\"ASP'yi kim kullan\u0131yor? - At\u0131f \u00dcnald\u0131\",\"isPartOf\":{\"@id\":\"http:\/\/atif.unaldi.org\/blog\/#website\"},\"datePublished\":\"2002-12-27T00:00:00+00:00\",\"breadcrumb\":{\"@id\":\"http:\/\/atif.unaldi.org\/blog\/2002\/12\/27\/aspyi-kim-kullaniyor\/#breadcrumb\"},\"inLanguage\":\"tr\",\"potentialAction\":[{\"@type\":\"ReadAction\",\"target\":[\"http:\/\/atif.unaldi.org\/blog\/2002\/12\/27\/aspyi-kim-kullaniyor\/\"]}]},{\"@type\":\"BreadcrumbList\",\"@id\":\"http:\/\/atif.unaldi.org\/blog\/2002\/12\/27\/aspyi-kim-kullaniyor\/#breadcrumb\",\"itemListElement\":[{\"@type\":\"ListItem\",\"position\":1,\"name\":\"Anasayfa\",\"item\":\"http:\/\/atif.unaldi.org\/blog\/\"},{\"@type\":\"ListItem\",\"position\":2,\"name\":\"ASP&#8217;yi kim kullan\u0131yor?\"}]},{\"@type\":\"WebSite\",\"@id\":\"http:\/\/atif.unaldi.org\/blog\/#website\",\"url\":\"http:\/\/atif.unaldi.org\/blog\/\",\"name\":\"At\u0131f \u00dcnald\u0131\",\"description\":\"Yazar\",\"publisher\":{\"@id\":\"http:\/\/atif.unaldi.org\/blog\/#\/schema\/person\/608ed42ecbda2bc5cfdb767ac1db479b\"},\"alternateName\":\"At\u0131f \u00dcnald\u0131 Blog\",\"potentialAction\":[{\"@type\":\"SearchAction\",\"target\":{\"@type\":\"EntryPoint\",\"urlTemplate\":\"http:\/\/atif.unaldi.org\/blog\/?s={search_term_string}\"},\"query-input\":{\"@type\":\"PropertyValueSpecification\",\"valueRequired\":true,\"valueName\":\"search_term_string\"}}],\"inLanguage\":\"tr\"},{\"@type\":[\"Person\",\"Organization\"],\"@id\":\"http:\/\/atif.unaldi.org\/blog\/#\/schema\/person\/608ed42ecbda2bc5cfdb767ac1db479b\",\"name\":\"Atif Unaldi\",\"image\":{\"@type\":\"ImageObject\",\"inLanguage\":\"tr\",\"@id\":\"http:\/\/atif.unaldi.org\/blog\/#\/schema\/person\/image\/\",\"url\":\"http:\/\/atif.unaldi.org\/blog\/wp-content\/uploads\/2022\/10\/cropped-a94e8f7a-67c4-4d65-8a5f-032ba784be53-2.jpg\",\"contentUrl\":\"http:\/\/atif.unaldi.org\/blog\/wp-content\/uploads\/2022\/10\/cropped-a94e8f7a-67c4-4d65-8a5f-032ba784be53-2.jpg\",\"width\":512,\"height\":512,\"caption\":\"Atif Unaldi\"},\"logo\":{\"@id\":\"http:\/\/atif.unaldi.org\/blog\/#\/schema\/person\/image\/\"},\"description\":\"Bo\u011fazi\u00e7i \u00dcniversitesinde Fizik B\u00f6l\u00fcm\u00fc\u2019nde e\u011fitim ald\u0131\u011f\u0131 y\u0131llarda T\u00fcrkiye\u2019de ilk kez iki bilgisayar\u0131 telefon hatlar\u0131 \u00fczerinden konu\u015fturan BBS sistemini kurarak, T\u00fcrkiye\u2019deki ilk internet a\u011f\u0131n\u0131 olu\u015fturmu\u015ftur. Bir \u00e7ok radyo ve televizyonda program yap\u0131mc\u0131l\u0131\u011f\u0131 ve sunuculu\u011funu, bir \u00e7ok teknoloji dergisinde k\u00f6\u015fe yazarl\u0131\u011f\u0131, bili\u015fim edit\u00f6rl\u00fc\u011f\u00fc ve genel yay\u0131n y\u00f6netmenli\u011fi yapt\u0131. T\u00fcrkiye\u2019deki ilk internet servis sa\u011flay\u0131c\u0131s\u0131n\u0131n genel m\u00fcd\u00fcrl\u00fc\u011f\u00fcn\u00fc \u00fcstlendi. Bir \u00e7ok organizasyon ve kurulu\u015fta internet s\u00fcperviz\u00f6rl\u00fc\u011f\u00fc , webmaster\u2019l\u0131\u011f\u0131 , IT direkt\u00f6rl\u00fc\u011f\u00fc ve dijital projeler koordinat\u00f6rl\u00fc\u011f\u00fc g\u00f6revlerinde bulundu. Farkl\u0131 \u00fcniversitelerin farkl\u0131 fak\u00fcltelerinde \u00f6\u011fretim g\u00f6revlisi olarak bulunmu\u015f olan \u00dcnald\u0131; \u015fu an teknoloji ve pazarlama konular\u0131 ba\u015fta olmak \u00fczere bir\u00e7ok alanda hizmet veren Unaldi Consultancy\u2019nin kurucusudur. \\u2028Selin \u00dcnald\u0131 ile evlidir. Su ve Toprak isminde iki \u00e7ocu\u011fu vard\u0131r.\",\"sameAs\":[\"http:\/\/atif.unaldi.org\/blog\",\"https:\/\/www.facebook.com\/atifunaldi\",\"https:\/\/www.instagram.com\/atifunaldi\/\",\"https:\/\/www.linkedin.com\/in\/atifunaldi\",\"https:\/\/x.com\/https:\/\/twitter.com\/atifunaldi\",\"https:\/\/www.youtube.com\/c\/atifunaldi\",\"https:\/\/soundcloud.com\/atif-unaldi\",\"https:\/\/atifunaldi.tumblr.com\"],\"url\":\"http:\/\/atif.unaldi.org\/blog\/author\/atifunaldi\/\"}]}<\/script>\n<!-- \/ Yoast SEO plugin. -->","yoast_head_json":{"title":"ASP'yi kim kullan\u0131yor? - At\u0131f \u00dcnald\u0131","robots":{"index":"index","follow":"follow","max-snippet":"max-snippet:-1","max-image-preview":"max-image-preview:large","max-video-preview":"max-video-preview:-1"},"canonical":"http:\/\/atif.unaldi.org\/blog\/2002\/12\/27\/aspyi-kim-kullaniyor\/","og_locale":"tr_TR","og_type":"article","og_title":"ASP'yi kim kullan\u0131yor? - At\u0131f \u00dcnald\u0131","og_description":"Y\u0131llar \u00f6nce xml&#8217;in daha ismi bilinmezken, yazd\u0131\u011f\u0131m bir yaz\u0131da internet uygulamalar\u0131nda scripting dillerinin ba\u015far\u0131l\u0131 olaca\u011f\u0131n\u0131 s\u00f6ylemi\u015ftim. Microsoft ise ayn\u0131 d\u00f6nemlerde COM+, Dom objeleri \u00fczerine \u00e7al\u0131\u015fmalar yap\u0131p, bunlar\u0131n adeta reklam\u0131n\u0131 yap\u0131yordu. Ayn\u0131 d\u00f6nemlerde ASP konusunda iki...","og_url":"http:\/\/atif.unaldi.org\/blog\/2002\/12\/27\/aspyi-kim-kullaniyor\/","og_site_name":"At\u0131f \u00dcnald\u0131","article_publisher":"https:\/\/www.facebook.com\/atifunaldi","article_author":"https:\/\/www.facebook.com\/atifunaldi","article_published_time":"2002-12-27T00:00:00+00:00","author":"Atif Unaldi","twitter_card":"summary_large_image","twitter_creator":"@https:\/\/twitter.com\/atifunaldi","twitter_site":"@atifunaldi","twitter_misc":{"Yazan:":"Atif Unaldi","Tahmini okuma s\u00fcresi":"2 dakika"},"schema":{"@context":"https:\/\/schema.org","@graph":[{"@type":"Article","@id":"http:\/\/atif.unaldi.org\/blog\/2002\/12\/27\/aspyi-kim-kullaniyor\/#article","isPartOf":{"@id":"http:\/\/atif.unaldi.org\/blog\/2002\/12\/27\/aspyi-kim-kullaniyor\/"},"author":{"name":"Atif Unaldi","@id":"http:\/\/atif.unaldi.org\/blog\/#\/schema\/person\/608ed42ecbda2bc5cfdb767ac1db479b"},"headline":"ASP&#8217;yi kim kullan\u0131yor?","datePublished":"2002-12-27T00:00:00+00:00","mainEntityOfPage":{"@id":"http:\/\/atif.unaldi.org\/blog\/2002\/12\/27\/aspyi-kim-kullaniyor\/"},"wordCount":448,"commentCount":0,"publisher":{"@id":"http:\/\/atif.unaldi.org\/blog\/#\/schema\/person\/608ed42ecbda2bc5cfdb767ac1db479b"},"articleSection":["Blogum"],"inLanguage":"tr","potentialAction":[{"@type":"CommentAction","name":"Comment","target":["http:\/\/atif.unaldi.org\/blog\/2002\/12\/27\/aspyi-kim-kullaniyor\/#respond"]}]},{"@type":"WebPage","@id":"http:\/\/atif.unaldi.org\/blog\/2002\/12\/27\/aspyi-kim-kullaniyor\/","url":"http:\/\/atif.unaldi.org\/blog\/2002\/12\/27\/aspyi-kim-kullaniyor\/","name":"ASP'yi kim kullan\u0131yor? - At\u0131f \u00dcnald\u0131","isPartOf":{"@id":"http:\/\/atif.unaldi.org\/blog\/#website"},"datePublished":"2002-12-27T00:00:00+00:00","breadcrumb":{"@id":"http:\/\/atif.unaldi.org\/blog\/2002\/12\/27\/aspyi-kim-kullaniyor\/#breadcrumb"},"inLanguage":"tr","potentialAction":[{"@type":"ReadAction","target":["http:\/\/atif.unaldi.org\/blog\/2002\/12\/27\/aspyi-kim-kullaniyor\/"]}]},{"@type":"BreadcrumbList","@id":"http:\/\/atif.unaldi.org\/blog\/2002\/12\/27\/aspyi-kim-kullaniyor\/#breadcrumb","itemListElement":[{"@type":"ListItem","position":1,"name":"Anasayfa","item":"http:\/\/atif.unaldi.org\/blog\/"},{"@type":"ListItem","position":2,"name":"ASP&#8217;yi kim kullan\u0131yor?"}]},{"@type":"WebSite","@id":"http:\/\/atif.unaldi.org\/blog\/#website","url":"http:\/\/atif.unaldi.org\/blog\/","name":"At\u0131f \u00dcnald\u0131","description":"Yazar","publisher":{"@id":"http:\/\/atif.unaldi.org\/blog\/#\/schema\/person\/608ed42ecbda2bc5cfdb767ac1db479b"},"alternateName":"At\u0131f \u00dcnald\u0131 Blog","potentialAction":[{"@type":"SearchAction","target":{"@type":"EntryPoint","urlTemplate":"http:\/\/atif.unaldi.org\/blog\/?s={search_term_string}"},"query-input":{"@type":"PropertyValueSpecification","valueRequired":true,"valueName":"search_term_string"}}],"inLanguage":"tr"},{"@type":["Person","Organization"],"@id":"http:\/\/atif.unaldi.org\/blog\/#\/schema\/person\/608ed42ecbda2bc5cfdb767ac1db479b","name":"Atif Unaldi","image":{"@type":"ImageObject","inLanguage":"tr","@id":"http:\/\/atif.unaldi.org\/blog\/#\/schema\/person\/image\/","url":"http:\/\/atif.unaldi.org\/blog\/wp-content\/uploads\/2022\/10\/cropped-a94e8f7a-67c4-4d65-8a5f-032ba784be53-2.jpg","contentUrl":"http:\/\/atif.unaldi.org\/blog\/wp-content\/uploads\/2022\/10\/cropped-a94e8f7a-67c4-4d65-8a5f-032ba784be53-2.jpg","width":512,"height":512,"caption":"Atif Unaldi"},"logo":{"@id":"http:\/\/atif.unaldi.org\/blog\/#\/schema\/person\/image\/"},"description":"Bo\u011fazi\u00e7i \u00dcniversitesinde Fizik B\u00f6l\u00fcm\u00fc\u2019nde e\u011fitim ald\u0131\u011f\u0131 y\u0131llarda T\u00fcrkiye\u2019de ilk kez iki bilgisayar\u0131 telefon hatlar\u0131 \u00fczerinden konu\u015fturan BBS sistemini kurarak, T\u00fcrkiye\u2019deki ilk internet a\u011f\u0131n\u0131 olu\u015fturmu\u015ftur. Bir \u00e7ok radyo ve televizyonda program yap\u0131mc\u0131l\u0131\u011f\u0131 ve sunuculu\u011funu, bir \u00e7ok teknoloji dergisinde k\u00f6\u015fe yazarl\u0131\u011f\u0131, bili\u015fim edit\u00f6rl\u00fc\u011f\u00fc ve genel yay\u0131n y\u00f6netmenli\u011fi yapt\u0131. T\u00fcrkiye\u2019deki ilk internet servis sa\u011flay\u0131c\u0131s\u0131n\u0131n genel m\u00fcd\u00fcrl\u00fc\u011f\u00fcn\u00fc \u00fcstlendi. Bir \u00e7ok organizasyon ve kurulu\u015fta internet s\u00fcperviz\u00f6rl\u00fc\u011f\u00fc , webmaster\u2019l\u0131\u011f\u0131 , IT direkt\u00f6rl\u00fc\u011f\u00fc ve dijital projeler koordinat\u00f6rl\u00fc\u011f\u00fc g\u00f6revlerinde bulundu. Farkl\u0131 \u00fcniversitelerin farkl\u0131 fak\u00fcltelerinde \u00f6\u011fretim g\u00f6revlisi olarak bulunmu\u015f olan \u00dcnald\u0131; \u015fu an teknoloji ve pazarlama konular\u0131 ba\u015fta olmak \u00fczere bir\u00e7ok alanda hizmet veren Unaldi Consultancy\u2019nin kurucusudur. \u2028Selin \u00dcnald\u0131 ile evlidir. Su ve Toprak isminde iki \u00e7ocu\u011fu vard\u0131r.","sameAs":["http:\/\/atif.unaldi.org\/blog","https:\/\/www.facebook.com\/atifunaldi","https:\/\/www.instagram.com\/atifunaldi\/","https:\/\/www.linkedin.com\/in\/atifunaldi","https:\/\/x.com\/https:\/\/twitter.com\/atifunaldi","https:\/\/www.youtube.com\/c\/atifunaldi","https:\/\/soundcloud.com\/atif-unaldi","https:\/\/atifunaldi.tumblr.com"],"url":"http:\/\/atif.unaldi.org\/blog\/author\/atifunaldi\/"}]}},"jetpack_featured_media_url":"","_links":{"self":[{"href":"http:\/\/atif.unaldi.org\/blog\/wp-json\/wp\/v2\/posts\/424","targetHints":{"allow":["GET"]}}],"collection":[{"href":"http:\/\/atif.unaldi.org\/blog\/wp-json\/wp\/v2\/posts"}],"about":[{"href":"http:\/\/atif.unaldi.org\/blog\/wp-json\/wp\/v2\/types\/post"}],"author":[{"embeddable":true,"href":"http:\/\/atif.unaldi.org\/blog\/wp-json\/wp\/v2\/users\/2"}],"replies":[{"embeddable":true,"href":"http:\/\/atif.unaldi.org\/blog\/wp-json\/wp\/v2\/comments?post=424"}],"version-history":[{"count":0,"href":"http:\/\/atif.unaldi.org\/blog\/wp-json\/wp\/v2\/posts\/424\/revisions"}],"wp:attachment":[{"href":"http:\/\/atif.unaldi.org\/blog\/wp-json\/wp\/v2\/media?parent=424"}],"wp:term":[{"taxonomy":"category","embeddable":true,"href":"http:\/\/atif.unaldi.org\/blog\/wp-json\/wp\/v2\/categories?post=424"},{"taxonomy":"post_tag","embeddable":true,"href":"http:\/\/atif.unaldi.org\/blog\/wp-json\/wp\/v2\/tags?post=424"}],"curies":[{"name":"wp","href":"https:\/\/api.w.org\/{rel}","templated":true}]}}