{"id":426,"date":"2002-12-27T02:00:00","date_gmt":"2002-12-27T00:00:00","guid":{"rendered":"http:\/\/85.17.200.84\/~unaldi\/atif\/?p=426"},"modified":"2002-12-27T02:00:00","modified_gmt":"2002-12-27T00:00:00","slug":"politik-gelecegimiz","status":"publish","type":"post","link":"http:\/\/atif.unaldi.org\/blog\/2002\/12\/27\/politik-gelecegimiz\/","title":{"rendered":"Politik gelece\u011fimiz"},"content":{"rendered":"<p>Ge\u00e7en hafta i\u00e7inde bir gazetenin yetkilileri, son politik geli\u015fmeler, T\u00fcrkiye&#8217;nin se\u00e7im sonras\u0131 durumu ile ilgili \u00f6ng\u00f6r\u00fclerimi sordu. Her g\u00fcn farkl\u0131 bir denize yelken a\u00e7an milletvekillerimiz hakk\u0131nda bir \u00f6ng\u00f6r\u00fcmde bulunmak neredeyse imkans\u0131z gibi g\u00f6r\u00fcn\u00fcr fakat ge\u00e7mi\u015ften gelen baz\u0131 al\u0131\u015fkanl\u0131klar\u0131 ve duruma daha yukardan bak\u0131nca g\u00f6receklerimizi g\u00f6z \u00f6n\u00fcne almazsak.<br \/>\nDaha iki hafta \u00f6nce isminin B\u00fcy\u00fck Anadolu Partisi olaca\u011f\u0131 kuvvetle muteber yeni olu\u015fumcular hakk\u0131ndaki d\u00fc\u015f\u00fcncelerimi yazm\u0131\u015ft\u0131m. \u0130sim hakk\u0131nda elime gelen bilgi anla\u015f\u0131lan yanl\u0131\u015fm\u0131\u015f (ger\u00e7i ismin daha sonra de\u011fi\u015ftirildi\u011fini s\u00f6yleyenler de az de\u011fil ama\u2026). Fakat \u00e7ok \u00f6nemli bir konuda bir \u015feyleri, yeni olu\u015fumcular\u0131n fena halde atlad\u0131klar\u0131n\u0131 zannediyorum.<br \/>\nT\u00fcrkiye&#8217;nin \u015fu an i\u00e7inde bulundu\u011fu se\u00e7im dalgas\u0131na ilk hareketini verenler yeni olu\u015fumcular. Bunun bir tepki hareketi oldu\u011funu d\u00fc\u015f\u00fcn\u00fcyorsan\u0131z son derece yan\u0131l\u0131yorsunuz. E\u011fer b\u00f6yle olsayd\u0131, bu hareketin \u00e7ok daha \u00f6nce ortaya \u00e7\u0131kmas\u0131 gerekirdi. Peki ne oldu? \u00d6nce parti i\u00e7i huzursuzluklar ba\u015flad\u0131, arkas\u0131ndan yeni olu\u015fumcular kulis yaparak g\u00fc\u00e7 toplad\u0131lar. Buraya kadar her \u015fey son derece normal. Ama hareketi ba\u015flatmadan \u00f6nce, i\u00e7ine girecekleri cephede kullanacaklar\u0131 b\u00fct\u00fcn silahlar\u0131 haz\u0131rlam\u0131\u015f olmalar\u0131 gerekmez miydi? Ayr\u0131lanlar\u0131n bir parti olu\u015fturacaklar\u0131 belliyken, partinin vizyon ve felsefesinin Mevlana&#8217;n\u0131n iki c\u00fcmlesinden daha a\u00e7\u0131k olmas\u0131, yap\u0131lacaklar\u0131n daha belirgin olmas\u0131, partinin durdu\u011fu yerin neresi oldu\u011funun bilinmesi gerekmez miydi? Partinin isminin, insanlara ula\u015faca\u011f\u0131 bir web sitesinin, hatta logosunun da haz\u0131r olmas\u0131 gerekmez miydi? Gerekirdi. Siz koalisyonu olu\u015fturan ana iktidar partisinden al\u0131\u015facaks\u0131n\u0131z, bunu bu kadar haz\u0131rl\u0131ks\u0131z yapacaks\u0131n\u0131z, sonra da kalk\u0131p gelece\u011fe bakan bir partiyiz diyeceksiniz.<br \/>\n\u00dclkenin genel planlar\u0131 son derece belirgin oldu\u011fundan, kim iktidar olursa olsun yapacaklar\u0131 \u00fc\u00e7 a\u015fa\u011f\u0131 be\u015f yukar\u0131 biri birinin ayn\u0131s\u0131. Bu noktada partilerin farkl\u0131la\u015faca\u011f\u0131 nokta se\u00e7im kampanyalar\u0131. Bu kampanyalar\u0131n reklam baca\u011f\u0131. \u0130\u015fte tam bu noktadan YTP&#8217;ye bakt\u0131\u011f\u0131m\u0131zda, reklam ajans\u0131n\u0131n bir &#8220;&#8221;clipart&#8221;&#8221;tan ald\u0131\u011f\u0131 bir logo, politikan\u0131n duayenlerinden Hasan Celal G\u00fczel&#8217;e kapt\u0131r\u0131lm\u0131\u015f bir domain ile kar\u015f\u0131la\u015f\u0131yoruz. Yanl\u0131\u015f anla\u015f\u0131lmas\u0131n Hasan bey&#8217;in YTP ile hi\u00e7bir ilgisi tok. O y\u0131llard\u0131r ba\u015far\u0131 ile \u00e7\u0131kard\u0131\u011f\u0131 ve gelece\u011fin T\u00fcrkiye&#8217;sine ciddi bir hazine olarak ekleyece\u011fi &#8220;&#8221;Yeni T\u00fcrkiye&#8221;&#8221; dergisini bu web sitesine de uyguluyor.<br \/>\nBir de ortada Meclis&#8217;in toplanmas\u0131 konusu var tabii. Meclis erken se\u00e7im karar\u0131 ve &#8220;&#8221;AB yasalar\u0131&#8221;&#8221;n\u0131 g\u00f6r\u00fc\u015fmek i\u00e7in toplan\u0131yor. YTP&#8217;nin kurulmas\u0131ndan sonra bir erken se\u00e7im karar\u0131 art\u0131k farz oldu. Fakat benim anlayamad\u0131\u011f\u0131m &#8220;&#8221;AB yasalar\u0131&#8221;&#8221; ismiyle ge\u00e7en yasa toplulu\u011fu. Dervi\u015fin fikri neyse zikri de o olur, derler. \u015eu an ya\u015fad\u0131klar\u0131m\u0131z da tam bununla ilgili. Siz insanca ya\u015fam konusunda Avrupa \u00fclkelerinin (geli\u015fmi\u015f \u00fclkelerin), olu\u015fturdu\u011fu standartlara inanmadan bunlar\u0131 yasala\u015ft\u0131r\u0131p, AB&#8217;nin bunu yemesini bekleyeceksiniz. Bu adamlar bunu yutmaz. Bunu unutmamak gerekir. Siz AB&#8217;ye girmek i\u00e7in yasa \u00e7\u0131kar\u0131rsan\u0131z, hem AB&#8217;ye giremezsiniz, hem de hepimiz biliriz: Al\u0131\u015fmam\u0131\u015f \u00fclkede yasa durmaz\u2026 diye\u2026<br \/>\n\u00d6ncelikle kafalar\u0131n de\u011fi\u015fmesi laz\u0131m.. Hani bir reklam vard\u0131, &#8220;&#8221;Bu kafalar de\u011fi\u015fmeli&#8221;&#8221; diye\u2026<br \/>\n\u0130\u015fte \u00f6nemli olan o\u2026.<\/p>\n<p>NETle\u015fmek \u00fczere\u2026<\/p>\n","protected":false},"excerpt":{"rendered":"<p>Ge\u00e7en hafta i\u00e7inde bir gazetenin yetkilileri, son politik geli\u015fmeler, T\u00fcrkiye&#8217;nin se\u00e7im sonras\u0131 durumu ile ilgili \u00f6ng\u00f6r\u00fclerimi sordu. Her g\u00fcn farkl\u0131 bir denize yelken a\u00e7an milletvekillerimiz hakk\u0131nda bir \u00f6ng\u00f6r\u00fcmde bulunmak neredeyse imkans\u0131z gibi g\u00f6r\u00fcn\u00fcr fakat ge\u00e7mi\u015ften&#8230;<\/p>\n","protected":false},"author":2,"featured_media":0,"comment_status":"open","ping_status":"open","sticky":false,"template":"","format":"standard","meta":{"footnotes":""},"categories":[3],"tags":[],"class_list":["post-426","post","type-post","status-publish","format-standard","hentry","category-blogum"],"yoast_head":"<!-- This site is optimized with the Yoast SEO plugin v26.8 - https:\/\/yoast.com\/product\/yoast-seo-wordpress\/ -->\n<title>Politik gelece\u011fimiz - At\u0131f \u00dcnald\u0131<\/title>\n<meta name=\"robots\" content=\"index, follow, max-snippet:-1, max-image-preview:large, max-video-preview:-1\" \/>\n<link rel=\"canonical\" href=\"http:\/\/atif.unaldi.org\/blog\/2002\/12\/27\/politik-gelecegimiz\/\" \/>\n<meta property=\"og:locale\" content=\"tr_TR\" \/>\n<meta property=\"og:type\" content=\"article\" \/>\n<meta property=\"og:title\" content=\"Politik gelece\u011fimiz - At\u0131f \u00dcnald\u0131\" \/>\n<meta property=\"og:description\" content=\"Ge\u00e7en hafta i\u00e7inde bir gazetenin yetkilileri, son politik geli\u015fmeler, T\u00fcrkiye&#8217;nin se\u00e7im sonras\u0131 durumu ile ilgili \u00f6ng\u00f6r\u00fclerimi sordu. Her g\u00fcn farkl\u0131 bir denize yelken a\u00e7an milletvekillerimiz hakk\u0131nda bir \u00f6ng\u00f6r\u00fcmde bulunmak neredeyse imkans\u0131z gibi g\u00f6r\u00fcn\u00fcr fakat ge\u00e7mi\u015ften...\" \/>\n<meta property=\"og:url\" content=\"http:\/\/atif.unaldi.org\/blog\/2002\/12\/27\/politik-gelecegimiz\/\" \/>\n<meta property=\"og:site_name\" content=\"At\u0131f \u00dcnald\u0131\" \/>\n<meta property=\"article:publisher\" content=\"https:\/\/www.facebook.com\/atifunaldi\" \/>\n<meta property=\"article:author\" content=\"https:\/\/www.facebook.com\/atifunaldi\" \/>\n<meta property=\"article:published_time\" content=\"2002-12-27T00:00:00+00:00\" \/>\n<meta name=\"author\" content=\"Atif Unaldi\" \/>\n<meta name=\"twitter:card\" content=\"summary_large_image\" \/>\n<meta name=\"twitter:creator\" content=\"@https:\/\/twitter.com\/atifunaldi\" \/>\n<meta name=\"twitter:site\" content=\"@atifunaldi\" \/>\n<meta name=\"twitter:label1\" content=\"Yazan:\" \/>\n\t<meta name=\"twitter:data1\" content=\"Atif Unaldi\" \/>\n\t<meta name=\"twitter:label2\" content=\"Tahmini okuma s\u00fcresi\" \/>\n\t<meta name=\"twitter:data2\" content=\"3 dakika\" \/>\n<script type=\"application\/ld+json\" class=\"yoast-schema-graph\">{\"@context\":\"https:\/\/schema.org\",\"@graph\":[{\"@type\":\"Article\",\"@id\":\"http:\/\/atif.unaldi.org\/blog\/2002\/12\/27\/politik-gelecegimiz\/#article\",\"isPartOf\":{\"@id\":\"http:\/\/atif.unaldi.org\/blog\/2002\/12\/27\/politik-gelecegimiz\/\"},\"author\":{\"name\":\"Atif Unaldi\",\"@id\":\"http:\/\/atif.unaldi.org\/blog\/#\/schema\/person\/608ed42ecbda2bc5cfdb767ac1db479b\"},\"headline\":\"Politik gelece\u011fimiz\",\"datePublished\":\"2002-12-27T00:00:00+00:00\",\"mainEntityOfPage\":{\"@id\":\"http:\/\/atif.unaldi.org\/blog\/2002\/12\/27\/politik-gelecegimiz\/\"},\"wordCount\":574,\"commentCount\":0,\"publisher\":{\"@id\":\"http:\/\/atif.unaldi.org\/blog\/#\/schema\/person\/608ed42ecbda2bc5cfdb767ac1db479b\"},\"articleSection\":[\"Blogum\"],\"inLanguage\":\"tr\",\"potentialAction\":[{\"@type\":\"CommentAction\",\"name\":\"Comment\",\"target\":[\"http:\/\/atif.unaldi.org\/blog\/2002\/12\/27\/politik-gelecegimiz\/#respond\"]}]},{\"@type\":\"WebPage\",\"@id\":\"http:\/\/atif.unaldi.org\/blog\/2002\/12\/27\/politik-gelecegimiz\/\",\"url\":\"http:\/\/atif.unaldi.org\/blog\/2002\/12\/27\/politik-gelecegimiz\/\",\"name\":\"Politik gelece\u011fimiz - At\u0131f \u00dcnald\u0131\",\"isPartOf\":{\"@id\":\"http:\/\/atif.unaldi.org\/blog\/#website\"},\"datePublished\":\"2002-12-27T00:00:00+00:00\",\"breadcrumb\":{\"@id\":\"http:\/\/atif.unaldi.org\/blog\/2002\/12\/27\/politik-gelecegimiz\/#breadcrumb\"},\"inLanguage\":\"tr\",\"potentialAction\":[{\"@type\":\"ReadAction\",\"target\":[\"http:\/\/atif.unaldi.org\/blog\/2002\/12\/27\/politik-gelecegimiz\/\"]}]},{\"@type\":\"BreadcrumbList\",\"@id\":\"http:\/\/atif.unaldi.org\/blog\/2002\/12\/27\/politik-gelecegimiz\/#breadcrumb\",\"itemListElement\":[{\"@type\":\"ListItem\",\"position\":1,\"name\":\"Anasayfa\",\"item\":\"http:\/\/atif.unaldi.org\/blog\/\"},{\"@type\":\"ListItem\",\"position\":2,\"name\":\"Politik gelece\u011fimiz\"}]},{\"@type\":\"WebSite\",\"@id\":\"http:\/\/atif.unaldi.org\/blog\/#website\",\"url\":\"http:\/\/atif.unaldi.org\/blog\/\",\"name\":\"At\u0131f \u00dcnald\u0131\",\"description\":\"Yazar\",\"publisher\":{\"@id\":\"http:\/\/atif.unaldi.org\/blog\/#\/schema\/person\/608ed42ecbda2bc5cfdb767ac1db479b\"},\"alternateName\":\"At\u0131f \u00dcnald\u0131 Blog\",\"potentialAction\":[{\"@type\":\"SearchAction\",\"target\":{\"@type\":\"EntryPoint\",\"urlTemplate\":\"http:\/\/atif.unaldi.org\/blog\/?s={search_term_string}\"},\"query-input\":{\"@type\":\"PropertyValueSpecification\",\"valueRequired\":true,\"valueName\":\"search_term_string\"}}],\"inLanguage\":\"tr\"},{\"@type\":[\"Person\",\"Organization\"],\"@id\":\"http:\/\/atif.unaldi.org\/blog\/#\/schema\/person\/608ed42ecbda2bc5cfdb767ac1db479b\",\"name\":\"Atif Unaldi\",\"image\":{\"@type\":\"ImageObject\",\"inLanguage\":\"tr\",\"@id\":\"http:\/\/atif.unaldi.org\/blog\/#\/schema\/person\/image\/\",\"url\":\"http:\/\/atif.unaldi.org\/blog\/wp-content\/uploads\/2022\/10\/cropped-a94e8f7a-67c4-4d65-8a5f-032ba784be53-2.jpg\",\"contentUrl\":\"http:\/\/atif.unaldi.org\/blog\/wp-content\/uploads\/2022\/10\/cropped-a94e8f7a-67c4-4d65-8a5f-032ba784be53-2.jpg\",\"width\":512,\"height\":512,\"caption\":\"Atif Unaldi\"},\"logo\":{\"@id\":\"http:\/\/atif.unaldi.org\/blog\/#\/schema\/person\/image\/\"},\"description\":\"Bo\u011fazi\u00e7i \u00dcniversitesinde Fizik B\u00f6l\u00fcm\u00fc\u2019nde e\u011fitim ald\u0131\u011f\u0131 y\u0131llarda T\u00fcrkiye\u2019de ilk kez iki bilgisayar\u0131 telefon hatlar\u0131 \u00fczerinden konu\u015fturan BBS sistemini kurarak, T\u00fcrkiye\u2019deki ilk internet a\u011f\u0131n\u0131 olu\u015fturmu\u015ftur. Bir \u00e7ok radyo ve televizyonda program yap\u0131mc\u0131l\u0131\u011f\u0131 ve sunuculu\u011funu, bir \u00e7ok teknoloji dergisinde k\u00f6\u015fe yazarl\u0131\u011f\u0131, bili\u015fim edit\u00f6rl\u00fc\u011f\u00fc ve genel yay\u0131n y\u00f6netmenli\u011fi yapt\u0131. T\u00fcrkiye\u2019deki ilk internet servis sa\u011flay\u0131c\u0131s\u0131n\u0131n genel m\u00fcd\u00fcrl\u00fc\u011f\u00fcn\u00fc \u00fcstlendi. Bir \u00e7ok organizasyon ve kurulu\u015fta internet s\u00fcperviz\u00f6rl\u00fc\u011f\u00fc , webmaster\u2019l\u0131\u011f\u0131 , IT direkt\u00f6rl\u00fc\u011f\u00fc ve dijital projeler koordinat\u00f6rl\u00fc\u011f\u00fc g\u00f6revlerinde bulundu. Farkl\u0131 \u00fcniversitelerin farkl\u0131 fak\u00fcltelerinde \u00f6\u011fretim g\u00f6revlisi olarak bulunmu\u015f olan \u00dcnald\u0131; \u015fu an teknoloji ve pazarlama konular\u0131 ba\u015fta olmak \u00fczere bir\u00e7ok alanda hizmet veren Unaldi Consultancy\u2019nin kurucusudur. \\u2028Selin \u00dcnald\u0131 ile evlidir. Su ve Toprak isminde iki \u00e7ocu\u011fu vard\u0131r.\",\"sameAs\":[\"http:\/\/atif.unaldi.org\/blog\",\"https:\/\/www.facebook.com\/atifunaldi\",\"https:\/\/www.instagram.com\/atifunaldi\/\",\"https:\/\/www.linkedin.com\/in\/atifunaldi\",\"https:\/\/x.com\/https:\/\/twitter.com\/atifunaldi\",\"https:\/\/www.youtube.com\/c\/atifunaldi\",\"https:\/\/soundcloud.com\/atif-unaldi\",\"https:\/\/atifunaldi.tumblr.com\"],\"url\":\"http:\/\/atif.unaldi.org\/blog\/author\/atifunaldi\/\"}]}<\/script>\n<!-- \/ Yoast SEO plugin. -->","yoast_head_json":{"title":"Politik gelece\u011fimiz - At\u0131f \u00dcnald\u0131","robots":{"index":"index","follow":"follow","max-snippet":"max-snippet:-1","max-image-preview":"max-image-preview:large","max-video-preview":"max-video-preview:-1"},"canonical":"http:\/\/atif.unaldi.org\/blog\/2002\/12\/27\/politik-gelecegimiz\/","og_locale":"tr_TR","og_type":"article","og_title":"Politik gelece\u011fimiz - At\u0131f \u00dcnald\u0131","og_description":"Ge\u00e7en hafta i\u00e7inde bir gazetenin yetkilileri, son politik geli\u015fmeler, T\u00fcrkiye&#8217;nin se\u00e7im sonras\u0131 durumu ile ilgili \u00f6ng\u00f6r\u00fclerimi sordu. Her g\u00fcn farkl\u0131 bir denize yelken a\u00e7an milletvekillerimiz hakk\u0131nda bir \u00f6ng\u00f6r\u00fcmde bulunmak neredeyse imkans\u0131z gibi g\u00f6r\u00fcn\u00fcr fakat ge\u00e7mi\u015ften...","og_url":"http:\/\/atif.unaldi.org\/blog\/2002\/12\/27\/politik-gelecegimiz\/","og_site_name":"At\u0131f \u00dcnald\u0131","article_publisher":"https:\/\/www.facebook.com\/atifunaldi","article_author":"https:\/\/www.facebook.com\/atifunaldi","article_published_time":"2002-12-27T00:00:00+00:00","author":"Atif Unaldi","twitter_card":"summary_large_image","twitter_creator":"@https:\/\/twitter.com\/atifunaldi","twitter_site":"@atifunaldi","twitter_misc":{"Yazan:":"Atif Unaldi","Tahmini okuma s\u00fcresi":"3 dakika"},"schema":{"@context":"https:\/\/schema.org","@graph":[{"@type":"Article","@id":"http:\/\/atif.unaldi.org\/blog\/2002\/12\/27\/politik-gelecegimiz\/#article","isPartOf":{"@id":"http:\/\/atif.unaldi.org\/blog\/2002\/12\/27\/politik-gelecegimiz\/"},"author":{"name":"Atif Unaldi","@id":"http:\/\/atif.unaldi.org\/blog\/#\/schema\/person\/608ed42ecbda2bc5cfdb767ac1db479b"},"headline":"Politik gelece\u011fimiz","datePublished":"2002-12-27T00:00:00+00:00","mainEntityOfPage":{"@id":"http:\/\/atif.unaldi.org\/blog\/2002\/12\/27\/politik-gelecegimiz\/"},"wordCount":574,"commentCount":0,"publisher":{"@id":"http:\/\/atif.unaldi.org\/blog\/#\/schema\/person\/608ed42ecbda2bc5cfdb767ac1db479b"},"articleSection":["Blogum"],"inLanguage":"tr","potentialAction":[{"@type":"CommentAction","name":"Comment","target":["http:\/\/atif.unaldi.org\/blog\/2002\/12\/27\/politik-gelecegimiz\/#respond"]}]},{"@type":"WebPage","@id":"http:\/\/atif.unaldi.org\/blog\/2002\/12\/27\/politik-gelecegimiz\/","url":"http:\/\/atif.unaldi.org\/blog\/2002\/12\/27\/politik-gelecegimiz\/","name":"Politik gelece\u011fimiz - At\u0131f \u00dcnald\u0131","isPartOf":{"@id":"http:\/\/atif.unaldi.org\/blog\/#website"},"datePublished":"2002-12-27T00:00:00+00:00","breadcrumb":{"@id":"http:\/\/atif.unaldi.org\/blog\/2002\/12\/27\/politik-gelecegimiz\/#breadcrumb"},"inLanguage":"tr","potentialAction":[{"@type":"ReadAction","target":["http:\/\/atif.unaldi.org\/blog\/2002\/12\/27\/politik-gelecegimiz\/"]}]},{"@type":"BreadcrumbList","@id":"http:\/\/atif.unaldi.org\/blog\/2002\/12\/27\/politik-gelecegimiz\/#breadcrumb","itemListElement":[{"@type":"ListItem","position":1,"name":"Anasayfa","item":"http:\/\/atif.unaldi.org\/blog\/"},{"@type":"ListItem","position":2,"name":"Politik gelece\u011fimiz"}]},{"@type":"WebSite","@id":"http:\/\/atif.unaldi.org\/blog\/#website","url":"http:\/\/atif.unaldi.org\/blog\/","name":"At\u0131f \u00dcnald\u0131","description":"Yazar","publisher":{"@id":"http:\/\/atif.unaldi.org\/blog\/#\/schema\/person\/608ed42ecbda2bc5cfdb767ac1db479b"},"alternateName":"At\u0131f \u00dcnald\u0131 Blog","potentialAction":[{"@type":"SearchAction","target":{"@type":"EntryPoint","urlTemplate":"http:\/\/atif.unaldi.org\/blog\/?s={search_term_string}"},"query-input":{"@type":"PropertyValueSpecification","valueRequired":true,"valueName":"search_term_string"}}],"inLanguage":"tr"},{"@type":["Person","Organization"],"@id":"http:\/\/atif.unaldi.org\/blog\/#\/schema\/person\/608ed42ecbda2bc5cfdb767ac1db479b","name":"Atif Unaldi","image":{"@type":"ImageObject","inLanguage":"tr","@id":"http:\/\/atif.unaldi.org\/blog\/#\/schema\/person\/image\/","url":"http:\/\/atif.unaldi.org\/blog\/wp-content\/uploads\/2022\/10\/cropped-a94e8f7a-67c4-4d65-8a5f-032ba784be53-2.jpg","contentUrl":"http:\/\/atif.unaldi.org\/blog\/wp-content\/uploads\/2022\/10\/cropped-a94e8f7a-67c4-4d65-8a5f-032ba784be53-2.jpg","width":512,"height":512,"caption":"Atif Unaldi"},"logo":{"@id":"http:\/\/atif.unaldi.org\/blog\/#\/schema\/person\/image\/"},"description":"Bo\u011fazi\u00e7i \u00dcniversitesinde Fizik B\u00f6l\u00fcm\u00fc\u2019nde e\u011fitim ald\u0131\u011f\u0131 y\u0131llarda T\u00fcrkiye\u2019de ilk kez iki bilgisayar\u0131 telefon hatlar\u0131 \u00fczerinden konu\u015fturan BBS sistemini kurarak, T\u00fcrkiye\u2019deki ilk internet a\u011f\u0131n\u0131 olu\u015fturmu\u015ftur. Bir \u00e7ok radyo ve televizyonda program yap\u0131mc\u0131l\u0131\u011f\u0131 ve sunuculu\u011funu, bir \u00e7ok teknoloji dergisinde k\u00f6\u015fe yazarl\u0131\u011f\u0131, bili\u015fim edit\u00f6rl\u00fc\u011f\u00fc ve genel yay\u0131n y\u00f6netmenli\u011fi yapt\u0131. T\u00fcrkiye\u2019deki ilk internet servis sa\u011flay\u0131c\u0131s\u0131n\u0131n genel m\u00fcd\u00fcrl\u00fc\u011f\u00fcn\u00fc \u00fcstlendi. Bir \u00e7ok organizasyon ve kurulu\u015fta internet s\u00fcperviz\u00f6rl\u00fc\u011f\u00fc , webmaster\u2019l\u0131\u011f\u0131 , IT direkt\u00f6rl\u00fc\u011f\u00fc ve dijital projeler koordinat\u00f6rl\u00fc\u011f\u00fc g\u00f6revlerinde bulundu. Farkl\u0131 \u00fcniversitelerin farkl\u0131 fak\u00fcltelerinde \u00f6\u011fretim g\u00f6revlisi olarak bulunmu\u015f olan \u00dcnald\u0131; \u015fu an teknoloji ve pazarlama konular\u0131 ba\u015fta olmak \u00fczere bir\u00e7ok alanda hizmet veren Unaldi Consultancy\u2019nin kurucusudur. \u2028Selin \u00dcnald\u0131 ile evlidir. Su ve Toprak isminde iki \u00e7ocu\u011fu vard\u0131r.","sameAs":["http:\/\/atif.unaldi.org\/blog","https:\/\/www.facebook.com\/atifunaldi","https:\/\/www.instagram.com\/atifunaldi\/","https:\/\/www.linkedin.com\/in\/atifunaldi","https:\/\/x.com\/https:\/\/twitter.com\/atifunaldi","https:\/\/www.youtube.com\/c\/atifunaldi","https:\/\/soundcloud.com\/atif-unaldi","https:\/\/atifunaldi.tumblr.com"],"url":"http:\/\/atif.unaldi.org\/blog\/author\/atifunaldi\/"}]}},"jetpack_featured_media_url":"","_links":{"self":[{"href":"http:\/\/atif.unaldi.org\/blog\/wp-json\/wp\/v2\/posts\/426","targetHints":{"allow":["GET"]}}],"collection":[{"href":"http:\/\/atif.unaldi.org\/blog\/wp-json\/wp\/v2\/posts"}],"about":[{"href":"http:\/\/atif.unaldi.org\/blog\/wp-json\/wp\/v2\/types\/post"}],"author":[{"embeddable":true,"href":"http:\/\/atif.unaldi.org\/blog\/wp-json\/wp\/v2\/users\/2"}],"replies":[{"embeddable":true,"href":"http:\/\/atif.unaldi.org\/blog\/wp-json\/wp\/v2\/comments?post=426"}],"version-history":[{"count":0,"href":"http:\/\/atif.unaldi.org\/blog\/wp-json\/wp\/v2\/posts\/426\/revisions"}],"wp:attachment":[{"href":"http:\/\/atif.unaldi.org\/blog\/wp-json\/wp\/v2\/media?parent=426"}],"wp:term":[{"taxonomy":"category","embeddable":true,"href":"http:\/\/atif.unaldi.org\/blog\/wp-json\/wp\/v2\/categories?post=426"},{"taxonomy":"post_tag","embeddable":true,"href":"http:\/\/atif.unaldi.org\/blog\/wp-json\/wp\/v2\/tags?post=426"}],"curies":[{"name":"wp","href":"https:\/\/api.w.org\/{rel}","templated":true}]}}