{"id":431,"date":"2002-12-27T02:00:00","date_gmt":"2002-12-27T00:00:00","guid":{"rendered":"http:\/\/85.17.200.84\/~unaldi\/atif\/?p=431"},"modified":"2002-12-27T02:00:00","modified_gmt":"2002-12-27T00:00:00","slug":"aolun-tarihine-kisa-bir-bakis","status":"publish","type":"post","link":"http:\/\/atif.unaldi.org\/blog\/2002\/12\/27\/aolun-tarihine-kisa-bir-bakis\/","title":{"rendered":"AOL&#8217;un tarihine k\u0131sa bir bak\u0131\u015f.."},"content":{"rendered":"<p>A\u00e7\u0131kcas\u0131 AOL&#8217;u ilk olarak Mad dergisinin \u00e7\u0131kard\u0131\u011f\u0131 kitaplardan tan\u0131d\u0131m. America Offline ile Mad muhabirinin yapt\u0131\u011f\u0131 \u00f6zel r\u00f6portaj \u015firketin altyap\u0131s\u0131ndan fazla aboneye sahip olmas\u0131ndan kaynakl\u0131 &#8220;&#8221;bottle neck&#8221;&#8221;i mizahi bir dille anlat\u0131yordu. AOL o zamanlar d\u00fcnyan\u0131n en b\u00fcy\u00fck servis sa\u011flay\u0131c\u0131lar\u0131ndan biriydi.Asl\u0131nda daha internetin ticari olmad\u0131\u011f\u0131 bu d\u00f6nemlerde, zaten kendilerine rakip sadece Compuserve vard\u0131. Daha sonra ainternet ticarile\u015fince, AOL internet servisi sa\u011flayarak burun fark\u0131yla \u00f6ne ge\u00e7ti. Teknolojik yenili\u011fin bu kadar k\u00fc\u00e7\u00fck olmas\u0131na ra\u011fmen sonucu olduk\u00e7a b\u00fcy\u00fck oldu. AOL&#8217;un kullan\u0131c\u0131 kitlesi katlanarak \u00e7o\u011fald\u0131. Amerika gibi bilgiye a\u00e7 yenilik\u00e7i bir toplumun verdi\u011fi g\u00fc\u00e7le AOL k\u0131sa zamanda Avrupa&#8217;ya da yay\u0131ld\u0131. Sonu\u00e7 olarak son derece b\u00fcy\u00fck bir kullan\u0131c\u0131 kitlesine sahip olmakla kalmay\u0131p bu kullan\u0131c\u0131 kitlesinden her ay hat\u0131r\u0131 say\u0131l\u0131r bir kara sahip oldular.<br \/>\n1999 y\u0131l\u0131nda \u00fclkemizin kurumsal kimlik\u00e7isi &#8220;&#8221;Peter and Sullivan&#8221;&#8221;\u0131n (PS) yetkilileri ile bir ISP&#8217;nin yetkilisi olarak konu\u015ftum. PS k\u0131t internet bilgisi ile AOL&#8217;e hayran \u015firketler aras\u0131nda yer al\u0131yordu. AOL \u015f\u00f6yle g\u00fczel yapt\u0131, b\u00f6yle ho\u015f i\u015f \u00e7\u0131kard\u0131 deyip duruyorlard\u0131. PS&#8217;in asl\u0131nda en be\u011fendi\u011fi konu AOL&#8217;\u00fcn internet&#8217;i \u00f6zelle\u015ftirme \u00e7abas\u0131yd\u0131. O d\u00f6nemlerde AOL, i\u00e7erik sa\u011flay\u0131c\u0131lar\u0131n neredeyse hepsi ile \u00f6zel anla\u015fmalar yapm\u0131\u015f ve sadece AOL kullan\u0131c\u0131lar\u0131n\u0131n ba\u011flanabildi\u011fi \u00f6zel yerler yapm\u0131\u015ft\u0131. Mesela AOL kullan\u0131c\u0131lar\u0131 Financial Times&#8217;a aol.ft.com olarak giriyorlard\u0131. Bu \u00e7abalar\u0131 o zamanlar bana olduk\u00e7a komik geliyordu. Zira internet&#8217;i sadece bir ba\u015fvuru kayna\u011f\u0131 olarak g\u00f6ren biraz k\u00fc\u00e7\u00fck bakan bir \u015firketin yapabilece\u011fi bir i\u015fti bu.<br \/>\nArkas\u0131ndan AOL d\u00fcnyan\u0131n medya devlerinden biri ve Time Warner ile birle\u015fti. \u00d6zellikle borsada AOL ka\u011f\u0131tlar\u0131 olan bir grup insan bir gecede birikimlerini ikiye katlam\u0131\u015flard\u0131. Bu hareket AOL&#8217;un b\u00fct\u00fcn yapt\u0131klar\u0131n\u0131 do\u011frular nitelikteydi. Ne de olsa &#8220;&#8221;ba\u015far\u0131n\u0131n bahanesi olmaz&#8221;&#8221;. Herkes AOL gibi olmak yolunda \u00e7abalara giri\u015fti. B\u00fcy\u00fck bir kullan\u0131c\u0131 taban\u0131na sahip olman\u0131n bir \u015firketi ne noktalara getirdi\u011fi herkesin a\u011fz\u0131n\u0131 suland\u0131rm\u0131\u015ft\u0131. Hatta bu duygular T\u00fcrkiye&#8217;ye bile s\u0131\u00e7rad\u0131, ama bu konu ayr\u0131 bir k\u00f6\u015fe yaz\u0131s\u0131n\u0131n konusu.<br \/>\nAOL ge\u00e7en hafta yeni yaz\u0131l\u0131m\u0131n\u0131 \u00e7\u0131kard\u0131. \u015eimdilik sadece k\u00f6\u015fe yazarlar\u0131 test imkan\u0131na sahip. Yak\u0131nda tamamen kullan\u0131mda bulunacak olan bu yaz\u0131l\u0131mla birlikte bir\u00e7ok de\u011fi\u015fmezin de de\u011fi\u015fti\u011fi g\u00f6r\u00fcl\u00fcyor. Art\u0131k AOL interneti sahiplenmek yerine tam tersini ger\u00e7ekle\u015ftiriyor. Yani web sitelerinin AOL versiyonlar\u0131 art\u0131k yok. Hatta AOL bu konuda o kadar ileri gitmi\u015f ki; arama motoru olarak da Google&#8217;\u0131 kullanmaya ba\u015flam\u0131\u015f. Yani art\u0131k rutin i\u015flerini bile &#8220;&#8221;outsource&#8221;&#8221; etmeye ba\u015flad\u0131. \u0130\u015fte art\u0131k webin ger\u00e7ek y\u00fcz\u00fc ortaya \u00e7\u0131k\u0131yor. Herkes kendine d\u00fc\u015feni en iyi \u015fekliyle yapacak. Ben onu da yapar\u0131m bunu da yapar\u0131m yapmak internette ancak ba\u015far\u0131s\u0131zl\u0131k getiriyor. Bu y\u00fczden oburluk yedi \u00f6l\u00fcmc\u00fcl g\u00fcnahtan biri belki de \u2026<br \/>\nNETle\u015fmek \u00fczere\u2026<\/p>\n","protected":false},"excerpt":{"rendered":"<p>A\u00e7\u0131kcas\u0131 AOL&#8217;u ilk olarak Mad dergisinin \u00e7\u0131kard\u0131\u011f\u0131 kitaplardan tan\u0131d\u0131m. America Offline ile Mad muhabirinin yapt\u0131\u011f\u0131 \u00f6zel r\u00f6portaj \u015firketin altyap\u0131s\u0131ndan fazla aboneye sahip olmas\u0131ndan kaynakl\u0131 &#8220;&#8221;bottle neck&#8221;&#8221;i mizahi bir dille anlat\u0131yordu. AOL o zamanlar d\u00fcnyan\u0131n en&#8230;<\/p>\n","protected":false},"author":2,"featured_media":0,"comment_status":"open","ping_status":"open","sticky":false,"template":"","format":"standard","meta":{"footnotes":""},"categories":[3],"tags":[],"class_list":["post-431","post","type-post","status-publish","format-standard","hentry","category-blogum"],"yoast_head":"<!-- This site is optimized with the Yoast SEO plugin v26.8 - https:\/\/yoast.com\/product\/yoast-seo-wordpress\/ -->\n<title>AOL&#039;un tarihine k\u0131sa bir bak\u0131\u015f.. - At\u0131f \u00dcnald\u0131<\/title>\n<meta name=\"robots\" content=\"index, follow, max-snippet:-1, max-image-preview:large, max-video-preview:-1\" \/>\n<link rel=\"canonical\" href=\"http:\/\/atif.unaldi.org\/blog\/2002\/12\/27\/aolun-tarihine-kisa-bir-bakis\/\" \/>\n<meta property=\"og:locale\" content=\"tr_TR\" \/>\n<meta property=\"og:type\" content=\"article\" \/>\n<meta property=\"og:title\" content=\"AOL&#039;un tarihine k\u0131sa bir bak\u0131\u015f.. - At\u0131f \u00dcnald\u0131\" \/>\n<meta property=\"og:description\" content=\"A\u00e7\u0131kcas\u0131 AOL&#8217;u ilk olarak Mad dergisinin \u00e7\u0131kard\u0131\u011f\u0131 kitaplardan tan\u0131d\u0131m. America Offline ile Mad muhabirinin yapt\u0131\u011f\u0131 \u00f6zel r\u00f6portaj \u015firketin altyap\u0131s\u0131ndan fazla aboneye sahip olmas\u0131ndan kaynakl\u0131 &#8220;&#8221;bottle neck&#8221;&#8221;i mizahi bir dille anlat\u0131yordu. AOL o zamanlar d\u00fcnyan\u0131n en...\" \/>\n<meta property=\"og:url\" content=\"http:\/\/atif.unaldi.org\/blog\/2002\/12\/27\/aolun-tarihine-kisa-bir-bakis\/\" \/>\n<meta property=\"og:site_name\" content=\"At\u0131f \u00dcnald\u0131\" \/>\n<meta property=\"article:publisher\" content=\"https:\/\/www.facebook.com\/atifunaldi\" \/>\n<meta property=\"article:author\" content=\"https:\/\/www.facebook.com\/atifunaldi\" \/>\n<meta property=\"article:published_time\" content=\"2002-12-27T00:00:00+00:00\" \/>\n<meta name=\"author\" content=\"Atif Unaldi\" \/>\n<meta name=\"twitter:card\" content=\"summary_large_image\" \/>\n<meta name=\"twitter:creator\" content=\"@https:\/\/twitter.com\/atifunaldi\" \/>\n<meta name=\"twitter:site\" content=\"@atifunaldi\" \/>\n<meta name=\"twitter:label1\" content=\"Yazan:\" \/>\n\t<meta name=\"twitter:data1\" content=\"Atif Unaldi\" \/>\n\t<meta name=\"twitter:label2\" content=\"Tahmini okuma s\u00fcresi\" \/>\n\t<meta name=\"twitter:data2\" content=\"3 dakika\" \/>\n<script type=\"application\/ld+json\" class=\"yoast-schema-graph\">{\"@context\":\"https:\/\/schema.org\",\"@graph\":[{\"@type\":\"Article\",\"@id\":\"http:\/\/atif.unaldi.org\/blog\/2002\/12\/27\/aolun-tarihine-kisa-bir-bakis\/#article\",\"isPartOf\":{\"@id\":\"http:\/\/atif.unaldi.org\/blog\/2002\/12\/27\/aolun-tarihine-kisa-bir-bakis\/\"},\"author\":{\"name\":\"Atif Unaldi\",\"@id\":\"http:\/\/atif.unaldi.org\/blog\/#\/schema\/person\/608ed42ecbda2bc5cfdb767ac1db479b\"},\"headline\":\"AOL&#8217;un tarihine k\u0131sa bir bak\u0131\u015f..\",\"datePublished\":\"2002-12-27T00:00:00+00:00\",\"mainEntityOfPage\":{\"@id\":\"http:\/\/atif.unaldi.org\/blog\/2002\/12\/27\/aolun-tarihine-kisa-bir-bakis\/\"},\"wordCount\":553,\"commentCount\":0,\"publisher\":{\"@id\":\"http:\/\/atif.unaldi.org\/blog\/#\/schema\/person\/608ed42ecbda2bc5cfdb767ac1db479b\"},\"articleSection\":[\"Blogum\"],\"inLanguage\":\"tr\",\"potentialAction\":[{\"@type\":\"CommentAction\",\"name\":\"Comment\",\"target\":[\"http:\/\/atif.unaldi.org\/blog\/2002\/12\/27\/aolun-tarihine-kisa-bir-bakis\/#respond\"]}]},{\"@type\":\"WebPage\",\"@id\":\"http:\/\/atif.unaldi.org\/blog\/2002\/12\/27\/aolun-tarihine-kisa-bir-bakis\/\",\"url\":\"http:\/\/atif.unaldi.org\/blog\/2002\/12\/27\/aolun-tarihine-kisa-bir-bakis\/\",\"name\":\"AOL'un tarihine k\u0131sa bir bak\u0131\u015f.. - At\u0131f \u00dcnald\u0131\",\"isPartOf\":{\"@id\":\"http:\/\/atif.unaldi.org\/blog\/#website\"},\"datePublished\":\"2002-12-27T00:00:00+00:00\",\"breadcrumb\":{\"@id\":\"http:\/\/atif.unaldi.org\/blog\/2002\/12\/27\/aolun-tarihine-kisa-bir-bakis\/#breadcrumb\"},\"inLanguage\":\"tr\",\"potentialAction\":[{\"@type\":\"ReadAction\",\"target\":[\"http:\/\/atif.unaldi.org\/blog\/2002\/12\/27\/aolun-tarihine-kisa-bir-bakis\/\"]}]},{\"@type\":\"BreadcrumbList\",\"@id\":\"http:\/\/atif.unaldi.org\/blog\/2002\/12\/27\/aolun-tarihine-kisa-bir-bakis\/#breadcrumb\",\"itemListElement\":[{\"@type\":\"ListItem\",\"position\":1,\"name\":\"Anasayfa\",\"item\":\"http:\/\/atif.unaldi.org\/blog\/\"},{\"@type\":\"ListItem\",\"position\":2,\"name\":\"AOL&#8217;un tarihine k\u0131sa bir bak\u0131\u015f..\"}]},{\"@type\":\"WebSite\",\"@id\":\"http:\/\/atif.unaldi.org\/blog\/#website\",\"url\":\"http:\/\/atif.unaldi.org\/blog\/\",\"name\":\"At\u0131f \u00dcnald\u0131\",\"description\":\"Yazar\",\"publisher\":{\"@id\":\"http:\/\/atif.unaldi.org\/blog\/#\/schema\/person\/608ed42ecbda2bc5cfdb767ac1db479b\"},\"alternateName\":\"At\u0131f \u00dcnald\u0131 Blog\",\"potentialAction\":[{\"@type\":\"SearchAction\",\"target\":{\"@type\":\"EntryPoint\",\"urlTemplate\":\"http:\/\/atif.unaldi.org\/blog\/?s={search_term_string}\"},\"query-input\":{\"@type\":\"PropertyValueSpecification\",\"valueRequired\":true,\"valueName\":\"search_term_string\"}}],\"inLanguage\":\"tr\"},{\"@type\":[\"Person\",\"Organization\"],\"@id\":\"http:\/\/atif.unaldi.org\/blog\/#\/schema\/person\/608ed42ecbda2bc5cfdb767ac1db479b\",\"name\":\"Atif Unaldi\",\"image\":{\"@type\":\"ImageObject\",\"inLanguage\":\"tr\",\"@id\":\"http:\/\/atif.unaldi.org\/blog\/#\/schema\/person\/image\/\",\"url\":\"http:\/\/atif.unaldi.org\/blog\/wp-content\/uploads\/2022\/10\/cropped-a94e8f7a-67c4-4d65-8a5f-032ba784be53-2.jpg\",\"contentUrl\":\"http:\/\/atif.unaldi.org\/blog\/wp-content\/uploads\/2022\/10\/cropped-a94e8f7a-67c4-4d65-8a5f-032ba784be53-2.jpg\",\"width\":512,\"height\":512,\"caption\":\"Atif Unaldi\"},\"logo\":{\"@id\":\"http:\/\/atif.unaldi.org\/blog\/#\/schema\/person\/image\/\"},\"description\":\"Bo\u011fazi\u00e7i \u00dcniversitesinde Fizik B\u00f6l\u00fcm\u00fc\u2019nde e\u011fitim ald\u0131\u011f\u0131 y\u0131llarda T\u00fcrkiye\u2019de ilk kez iki bilgisayar\u0131 telefon hatlar\u0131 \u00fczerinden konu\u015fturan BBS sistemini kurarak, T\u00fcrkiye\u2019deki ilk internet a\u011f\u0131n\u0131 olu\u015fturmu\u015ftur. Bir \u00e7ok radyo ve televizyonda program yap\u0131mc\u0131l\u0131\u011f\u0131 ve sunuculu\u011funu, bir \u00e7ok teknoloji dergisinde k\u00f6\u015fe yazarl\u0131\u011f\u0131, bili\u015fim edit\u00f6rl\u00fc\u011f\u00fc ve genel yay\u0131n y\u00f6netmenli\u011fi yapt\u0131. T\u00fcrkiye\u2019deki ilk internet servis sa\u011flay\u0131c\u0131s\u0131n\u0131n genel m\u00fcd\u00fcrl\u00fc\u011f\u00fcn\u00fc \u00fcstlendi. Bir \u00e7ok organizasyon ve kurulu\u015fta internet s\u00fcperviz\u00f6rl\u00fc\u011f\u00fc , webmaster\u2019l\u0131\u011f\u0131 , IT direkt\u00f6rl\u00fc\u011f\u00fc ve dijital projeler koordinat\u00f6rl\u00fc\u011f\u00fc g\u00f6revlerinde bulundu. Farkl\u0131 \u00fcniversitelerin farkl\u0131 fak\u00fcltelerinde \u00f6\u011fretim g\u00f6revlisi olarak bulunmu\u015f olan \u00dcnald\u0131; \u015fu an teknoloji ve pazarlama konular\u0131 ba\u015fta olmak \u00fczere bir\u00e7ok alanda hizmet veren Unaldi Consultancy\u2019nin kurucusudur. \\u2028Selin \u00dcnald\u0131 ile evlidir. Su ve Toprak isminde iki \u00e7ocu\u011fu vard\u0131r.\",\"sameAs\":[\"http:\/\/atif.unaldi.org\/blog\",\"https:\/\/www.facebook.com\/atifunaldi\",\"https:\/\/www.instagram.com\/atifunaldi\/\",\"https:\/\/www.linkedin.com\/in\/atifunaldi\",\"https:\/\/x.com\/https:\/\/twitter.com\/atifunaldi\",\"https:\/\/www.youtube.com\/c\/atifunaldi\",\"https:\/\/soundcloud.com\/atif-unaldi\",\"https:\/\/atifunaldi.tumblr.com\"],\"url\":\"http:\/\/atif.unaldi.org\/blog\/author\/atifunaldi\/\"}]}<\/script>\n<!-- \/ Yoast SEO plugin. -->","yoast_head_json":{"title":"AOL'un tarihine k\u0131sa bir bak\u0131\u015f.. - At\u0131f \u00dcnald\u0131","robots":{"index":"index","follow":"follow","max-snippet":"max-snippet:-1","max-image-preview":"max-image-preview:large","max-video-preview":"max-video-preview:-1"},"canonical":"http:\/\/atif.unaldi.org\/blog\/2002\/12\/27\/aolun-tarihine-kisa-bir-bakis\/","og_locale":"tr_TR","og_type":"article","og_title":"AOL'un tarihine k\u0131sa bir bak\u0131\u015f.. - At\u0131f \u00dcnald\u0131","og_description":"A\u00e7\u0131kcas\u0131 AOL&#8217;u ilk olarak Mad dergisinin \u00e7\u0131kard\u0131\u011f\u0131 kitaplardan tan\u0131d\u0131m. America Offline ile Mad muhabirinin yapt\u0131\u011f\u0131 \u00f6zel r\u00f6portaj \u015firketin altyap\u0131s\u0131ndan fazla aboneye sahip olmas\u0131ndan kaynakl\u0131 &#8220;&#8221;bottle neck&#8221;&#8221;i mizahi bir dille anlat\u0131yordu. AOL o zamanlar d\u00fcnyan\u0131n en...","og_url":"http:\/\/atif.unaldi.org\/blog\/2002\/12\/27\/aolun-tarihine-kisa-bir-bakis\/","og_site_name":"At\u0131f \u00dcnald\u0131","article_publisher":"https:\/\/www.facebook.com\/atifunaldi","article_author":"https:\/\/www.facebook.com\/atifunaldi","article_published_time":"2002-12-27T00:00:00+00:00","author":"Atif Unaldi","twitter_card":"summary_large_image","twitter_creator":"@https:\/\/twitter.com\/atifunaldi","twitter_site":"@atifunaldi","twitter_misc":{"Yazan:":"Atif Unaldi","Tahmini okuma s\u00fcresi":"3 dakika"},"schema":{"@context":"https:\/\/schema.org","@graph":[{"@type":"Article","@id":"http:\/\/atif.unaldi.org\/blog\/2002\/12\/27\/aolun-tarihine-kisa-bir-bakis\/#article","isPartOf":{"@id":"http:\/\/atif.unaldi.org\/blog\/2002\/12\/27\/aolun-tarihine-kisa-bir-bakis\/"},"author":{"name":"Atif Unaldi","@id":"http:\/\/atif.unaldi.org\/blog\/#\/schema\/person\/608ed42ecbda2bc5cfdb767ac1db479b"},"headline":"AOL&#8217;un tarihine k\u0131sa bir bak\u0131\u015f..","datePublished":"2002-12-27T00:00:00+00:00","mainEntityOfPage":{"@id":"http:\/\/atif.unaldi.org\/blog\/2002\/12\/27\/aolun-tarihine-kisa-bir-bakis\/"},"wordCount":553,"commentCount":0,"publisher":{"@id":"http:\/\/atif.unaldi.org\/blog\/#\/schema\/person\/608ed42ecbda2bc5cfdb767ac1db479b"},"articleSection":["Blogum"],"inLanguage":"tr","potentialAction":[{"@type":"CommentAction","name":"Comment","target":["http:\/\/atif.unaldi.org\/blog\/2002\/12\/27\/aolun-tarihine-kisa-bir-bakis\/#respond"]}]},{"@type":"WebPage","@id":"http:\/\/atif.unaldi.org\/blog\/2002\/12\/27\/aolun-tarihine-kisa-bir-bakis\/","url":"http:\/\/atif.unaldi.org\/blog\/2002\/12\/27\/aolun-tarihine-kisa-bir-bakis\/","name":"AOL'un tarihine k\u0131sa bir bak\u0131\u015f.. - At\u0131f \u00dcnald\u0131","isPartOf":{"@id":"http:\/\/atif.unaldi.org\/blog\/#website"},"datePublished":"2002-12-27T00:00:00+00:00","breadcrumb":{"@id":"http:\/\/atif.unaldi.org\/blog\/2002\/12\/27\/aolun-tarihine-kisa-bir-bakis\/#breadcrumb"},"inLanguage":"tr","potentialAction":[{"@type":"ReadAction","target":["http:\/\/atif.unaldi.org\/blog\/2002\/12\/27\/aolun-tarihine-kisa-bir-bakis\/"]}]},{"@type":"BreadcrumbList","@id":"http:\/\/atif.unaldi.org\/blog\/2002\/12\/27\/aolun-tarihine-kisa-bir-bakis\/#breadcrumb","itemListElement":[{"@type":"ListItem","position":1,"name":"Anasayfa","item":"http:\/\/atif.unaldi.org\/blog\/"},{"@type":"ListItem","position":2,"name":"AOL&#8217;un tarihine k\u0131sa bir bak\u0131\u015f.."}]},{"@type":"WebSite","@id":"http:\/\/atif.unaldi.org\/blog\/#website","url":"http:\/\/atif.unaldi.org\/blog\/","name":"At\u0131f \u00dcnald\u0131","description":"Yazar","publisher":{"@id":"http:\/\/atif.unaldi.org\/blog\/#\/schema\/person\/608ed42ecbda2bc5cfdb767ac1db479b"},"alternateName":"At\u0131f \u00dcnald\u0131 Blog","potentialAction":[{"@type":"SearchAction","target":{"@type":"EntryPoint","urlTemplate":"http:\/\/atif.unaldi.org\/blog\/?s={search_term_string}"},"query-input":{"@type":"PropertyValueSpecification","valueRequired":true,"valueName":"search_term_string"}}],"inLanguage":"tr"},{"@type":["Person","Organization"],"@id":"http:\/\/atif.unaldi.org\/blog\/#\/schema\/person\/608ed42ecbda2bc5cfdb767ac1db479b","name":"Atif Unaldi","image":{"@type":"ImageObject","inLanguage":"tr","@id":"http:\/\/atif.unaldi.org\/blog\/#\/schema\/person\/image\/","url":"http:\/\/atif.unaldi.org\/blog\/wp-content\/uploads\/2022\/10\/cropped-a94e8f7a-67c4-4d65-8a5f-032ba784be53-2.jpg","contentUrl":"http:\/\/atif.unaldi.org\/blog\/wp-content\/uploads\/2022\/10\/cropped-a94e8f7a-67c4-4d65-8a5f-032ba784be53-2.jpg","width":512,"height":512,"caption":"Atif Unaldi"},"logo":{"@id":"http:\/\/atif.unaldi.org\/blog\/#\/schema\/person\/image\/"},"description":"Bo\u011fazi\u00e7i \u00dcniversitesinde Fizik B\u00f6l\u00fcm\u00fc\u2019nde e\u011fitim ald\u0131\u011f\u0131 y\u0131llarda T\u00fcrkiye\u2019de ilk kez iki bilgisayar\u0131 telefon hatlar\u0131 \u00fczerinden konu\u015fturan BBS sistemini kurarak, T\u00fcrkiye\u2019deki ilk internet a\u011f\u0131n\u0131 olu\u015fturmu\u015ftur. Bir \u00e7ok radyo ve televizyonda program yap\u0131mc\u0131l\u0131\u011f\u0131 ve sunuculu\u011funu, bir \u00e7ok teknoloji dergisinde k\u00f6\u015fe yazarl\u0131\u011f\u0131, bili\u015fim edit\u00f6rl\u00fc\u011f\u00fc ve genel yay\u0131n y\u00f6netmenli\u011fi yapt\u0131. T\u00fcrkiye\u2019deki ilk internet servis sa\u011flay\u0131c\u0131s\u0131n\u0131n genel m\u00fcd\u00fcrl\u00fc\u011f\u00fcn\u00fc \u00fcstlendi. Bir \u00e7ok organizasyon ve kurulu\u015fta internet s\u00fcperviz\u00f6rl\u00fc\u011f\u00fc , webmaster\u2019l\u0131\u011f\u0131 , IT direkt\u00f6rl\u00fc\u011f\u00fc ve dijital projeler koordinat\u00f6rl\u00fc\u011f\u00fc g\u00f6revlerinde bulundu. Farkl\u0131 \u00fcniversitelerin farkl\u0131 fak\u00fcltelerinde \u00f6\u011fretim g\u00f6revlisi olarak bulunmu\u015f olan \u00dcnald\u0131; \u015fu an teknoloji ve pazarlama konular\u0131 ba\u015fta olmak \u00fczere bir\u00e7ok alanda hizmet veren Unaldi Consultancy\u2019nin kurucusudur. \u2028Selin \u00dcnald\u0131 ile evlidir. Su ve Toprak isminde iki \u00e7ocu\u011fu vard\u0131r.","sameAs":["http:\/\/atif.unaldi.org\/blog","https:\/\/www.facebook.com\/atifunaldi","https:\/\/www.instagram.com\/atifunaldi\/","https:\/\/www.linkedin.com\/in\/atifunaldi","https:\/\/x.com\/https:\/\/twitter.com\/atifunaldi","https:\/\/www.youtube.com\/c\/atifunaldi","https:\/\/soundcloud.com\/atif-unaldi","https:\/\/atifunaldi.tumblr.com"],"url":"http:\/\/atif.unaldi.org\/blog\/author\/atifunaldi\/"}]}},"jetpack_featured_media_url":"","_links":{"self":[{"href":"http:\/\/atif.unaldi.org\/blog\/wp-json\/wp\/v2\/posts\/431","targetHints":{"allow":["GET"]}}],"collection":[{"href":"http:\/\/atif.unaldi.org\/blog\/wp-json\/wp\/v2\/posts"}],"about":[{"href":"http:\/\/atif.unaldi.org\/blog\/wp-json\/wp\/v2\/types\/post"}],"author":[{"embeddable":true,"href":"http:\/\/atif.unaldi.org\/blog\/wp-json\/wp\/v2\/users\/2"}],"replies":[{"embeddable":true,"href":"http:\/\/atif.unaldi.org\/blog\/wp-json\/wp\/v2\/comments?post=431"}],"version-history":[{"count":0,"href":"http:\/\/atif.unaldi.org\/blog\/wp-json\/wp\/v2\/posts\/431\/revisions"}],"wp:attachment":[{"href":"http:\/\/atif.unaldi.org\/blog\/wp-json\/wp\/v2\/media?parent=431"}],"wp:term":[{"taxonomy":"category","embeddable":true,"href":"http:\/\/atif.unaldi.org\/blog\/wp-json\/wp\/v2\/categories?post=431"},{"taxonomy":"post_tag","embeddable":true,"href":"http:\/\/atif.unaldi.org\/blog\/wp-json\/wp\/v2\/tags?post=431"}],"curies":[{"name":"wp","href":"https:\/\/api.w.org\/{rel}","templated":true}]}}