{"id":432,"date":"2002-12-27T02:00:00","date_gmt":"2002-12-27T00:00:00","guid":{"rendered":"http:\/\/85.17.200.84\/~unaldi\/atif\/?p=432"},"modified":"2002-12-27T02:00:00","modified_gmt":"2002-12-27T00:00:00","slug":"bir-iletisim-hikayesi","status":"publish","type":"post","link":"http:\/\/atif.unaldi.org\/blog\/2002\/12\/27\/bir-iletisim-hikayesi\/","title":{"rendered":"Bir ileti\u015fim hikayesi"},"content":{"rendered":"<p>15 A\u011fustos 2002 saat:14.00<br \/>\nYeni bir kampanyan\u0131n ba\u015flamas\u0131yla birlikte ihtiya\u00e7lar\u0131m\u0131z\u0131n artaca\u011f\u0131n\u0131 fark etmi\u015ftik. Asl\u0131nda proje biraz sahada olaca\u011f\u0131ndan mobil teknolojilerin kullan\u0131lmas\u0131 bir gereklilik halindeydi. Hemen ara\u015ft\u0131rmalara ba\u015flad\u0131k. Tam bu s\u0131rada orta\u011f\u0131m odama gelerek ihtiya\u00e7lar\u0131n en ba\u015f\u0131nda kendi cep telefonunun oldu\u011funu s\u00f6yledi. Bilgi \u00e7ok netti, GPRS, bluetooth, Irda.. Bir de ufak bir gereklilik, telefonun markas\u0131 Nokia olmal\u0131yd\u0131. \u00c7\u00fcnk\u00fc ara\u00e7 kiti ve devam\u0131ndaki b\u00fct\u00fcn aksesuarlar bu markaya aitti.<br \/>\nNot: Bir de m\u00fc\u015fteri sadakati yoktur derler. Teknoloji bile sebep olsa m\u00fc\u015fteri sadakati budur.<br \/>\n15 A\u011fustos 2002 saat:15.00<br \/>\nBascuda.com web sitesindeyim. Bir par\u00e7a dola\u015ft\u0131ktan sonra ilk girdi\u011fim sayfada g\u00f6rd\u00fc\u011f\u00fcm Nokia 7650&#8217;nin verilen bilgiye uygun oldu\u011funu fark ettim. Al\u0131nacak telefon \u00e7ok netti. \u0130lk olarak bir tane al\u0131p test etmek sonra da duruma g\u00f6re birka\u00e7 tane daha al\u0131nmas\u0131na karar verdik.<br \/>\nNot: Bir \u00fcr\u00fcn hakk\u0131nda bilgi alman\u0131n en iyi yolu web siteleri \u00f6zellikle e-ticaret siteleridir.<br \/>\n15 A\u011fustos 2002 saat:15.20<br \/>\nNokia.com.tr&#8217;den ald\u0131\u011f\u0131m destek hatt\u0131n\u0131 telefonunu aray\u0131p, telefonu nerelerden alabilece\u011fimi sordum. Bu arada web sitesine girmi\u015fken, Nokia 7650 hakk\u0131nda buradan da bilgi almak istedim. Fakat beni rahats\u0131z eden bir durum bluetooth deste\u011finin \u00fcr\u00fcn sayfas\u0131nda yaz\u0131l\u0131 olmamas\u0131yd\u0131. Hemen destek hatt\u0131na sordu\u011fumda, kesinlikle oldu\u011funu s\u00f6ylediler. Nokia.com&#8217;un da sayfas\u0131nda bu bilgiye ula\u015famay\u0131nca \u015f\u00fcpheci taraf\u0131m kabard\u0131. Destek hatt\u0131 bana nokia.com sitesindeki ikinci \u00fcr\u00fcn sayfas\u0131nda bilgiyi g\u00f6sterince \u00e7ok mutlu bir \u015fekilde Volkan beye te\u015fekk\u00fcr ederek telefonu kapatt\u0131m.<br \/>\n15 A\u011fustos 2002 saat:15.25<br \/>\nBirka\u00e7 \u015firketten telefonun fiyat\u0131n\u0131 sordum. Sonunda telefonu Bascuda&#8217;dan almaya karar verdim. Sipari\u015fi verdikten sonra destek hatt\u0131yla g\u00f6r\u00fc\u015f\u00fcp \u00fcr\u00fcn\u00fc en k\u0131sa zamanda almak istedi\u011fimi s\u00f6yledim. Onlar da beni k\u0131rmay\u0131p imkanlar\u0131n\u0131 zorlayarak saat 17:00&#8217;de istersek adresten alabilece\u011fimizi s\u00f6ylediler.<br \/>\n15 A\u011fustos 2002 saat:17.30<br \/>\n\u015eof\u00f6r\u00fcm\u00fc yollayarak, telefonu ald\u0131rd\u0131m.  Art\u0131k telefon elimdeydi. Hemen neler yapabilece\u011fini g\u00f6rmek istedim. \u0130lk olarak foto\u011fraf \u00e7ekimi, onu kontaklara aktarmak gibi basit i\u015flemler.Daha sonra GPRS ve devam\u0131\u2026<br \/>\nNot: e-Ticaret siteleri s\u0131n\u0131f\u0131 ge\u00e7ti. H\u0131zl\u0131 haber, h\u0131zl\u0131 geri d\u00f6n\u00fc\u015f, h\u0131zl\u0131 al\u0131\u015f veri\u015f. Bravo\u2026<br \/>\n15 A\u011fustos 2002 saat:22.00<br \/>\nBu telefonun cicili bicili \u00f6zellikleri insan\u0131 fena etkiliyor. Ancak GPRS ayarlar\u0131 hakk\u0131nda bilgi almak i\u00e7in Aria destek hatt\u0131n\u0131 arad\u0131m.Aria ile yapt\u0131\u011f\u0131m\u0131z konu\u015fmalar ve kendilerine verdi\u011fim feedback&#8217;leri olduk\u00e7a dikkate alm\u0131\u015flar. Destek hatt\u0131nda GPRS dedi\u011finiz anda konunun yetkilisine ba\u011flan\u0131yorsunuz. \u0130\u015fin g\u00fczel taraf\u0131 uzun zamand\u0131r ald\u0131\u011f\u0131m en g\u00fczel bilgiyi ald\u0131m. Sorular\u0131ma net cevaplar verildi. E-mail ayarlar\u0131m\u0131 yapt\u0131\u011f\u0131mda mail atamad\u0131\u011f\u0131m\u0131 s\u00f6yleyince, H\u00fclya han\u0131m beni on dakika i\u00e7inde arayaca\u011f\u0131n\u0131 s\u00f6yledi.<br \/>\n15 A\u011fustos 2002 saat:22.05<br \/>\nNokia destek hatt\u0131n\u0131 arad\u0131m. Ne yaz\u0131k ki sadece mesai saatleri i\u00e7inde \u00e7al\u0131\u015f\u0131yorlarm\u0131\u015f. Art\u0131k b\u00fct\u00fcn destek hatlar\u0131n\u0131n 24 saat \u00e7al\u0131\u015ft\u0131\u011f\u0131n\u0131 zannediyordum. Biraz \u015fa\u015f\u0131rd\u0131m asl\u0131nda\u2026<br \/>\n15 A\u011fustos 2002 saat:22.10<br \/>\nAria destek hatt\u0131ndan Cem Bey arad\u0131. GPRS konusunda bilgiler verdikten sonra, mail yollayamama sorunumun smtp sunucusunun \u015fifre istemesinden kaynakl\u0131 oldu\u011funu s\u00f6yledi (bunu ben de asl\u0131nda biliyordum). Bana 7650&#8217;de SMTP ayarlar\u0131n\u0131 yapmak i\u00e7in gerekli bilgileri bulabilece\u011fim web sitesi adresine kadar verdi. Aria&#8217;n\u0131n etki alan\u0131 d\u0131\u015f\u0131nda olmas\u0131na ra\u011fmen, kulland\u0131\u011f\u0131m cep telefonunu ger\u00e7ekten test etmi\u015f birinin bana bilgi vermesi ger\u00e7ekten \u00e7ok ho\u015ftu.<br \/>\nNot: \u0130yi bir destek hatt\u0131nda \u00f6nemli olan sorunu \u00e7\u00f6zmektir. Bu konuda m\u00fc\u015fteri memnuniyeti olu\u015fturmak i\u00e7in gerekirse (tabii konuyu bilmek \u015fart) konunun d\u0131\u015f\u0131na da \u00e7\u0131k\u0131labilir.<br \/>\n16 A\u011fustos 2002 saat:09.00<br \/>\nSorunun SMTP sunucusu ayarlar\u0131n\u0131 girdi\u011fimiz yere kullan\u0131c\u0131 ad\u0131 ve \u015fifresi giremememizden kaynakland\u0131\u011f\u0131n\u0131 anlad\u0131m. B\u00fct\u00fcn gece \u015fifre istemeyen bir SMTP sunucusu arad\u0131m. Sonu\u00e7 koca bir s\u0131f\u0131r. Saat sabah d\u00f6rt oldu\u011funda pes edip yatt\u0131m. Bu arada bu konuda a\u00e7\u0131klara sahip Sosyal Sigortalar Kurumunun bile a\u00e7\u0131\u011f\u0131n\u0131 kapatm\u0131\u015f oldu\u011funu hayretle g\u00f6rd\u00fcm. Asl\u0131nda son derece mutlu oldum.<br \/>\nNot: Spam yap\u0131lamas\u0131na engel olmak i\u00e7in SMTP sunucular\u0131n\u0131n bir yolla kapat\u0131lmas\u0131 gerekir. A\u00e7\u0131k bir sunucudan \u00e7\u0131kan yanl\u0131\u015f mailler kurumun kimli\u011fine fena halde zarar verir. Bu nedenle bu sunucular\u0131n birka\u00e7 g\u00fcvenlik i\u015fleminden en az\u0131ndan biriyle korunmas\u0131 gerekir.<br \/>\n16 A\u011fustos 2002 saat:11.00<br \/>\nNokia destek hatt\u0131 \u00e7ok yo\u011fun. 1:30 dakika yo\u011funluk ve \u00f6z\u00fcr mesajlar\u0131 dinledim. Ayg\u00fcn bey hatta. Nokia 7650&#8217;nin GPRS \u00fczerinden mail yollarken sorun ya\u015fad\u0131\u011f\u0131n\u0131 s\u00f6yledim. &#8220;&#8221;Nokia 7650&#8243;&#8221;yi duymas\u0131 ile birlikte beni beklemeye ald\u0131. Otuz saniye sonra geri d\u00f6nd\u00fc\u011f\u00fcnde, bu cihaz\u0131n GPRS \u00fczerinden mail almas\u0131n\u0131n m\u00fcmk\u00fcn olmad\u0131\u011f\u0131n\u0131, bunu servis sa\u011flay\u0131c\u0131lar\u0131n desteklemedi\u011fini s\u00f6yledi. Ben alabildi\u011fimi s\u00f6yledim. Beni bir d\u00f6rt dakika daha bekletti. Sonra iddiala\u015ft\u0131k. Sonu\u00e7 asl\u0131nda \u00e7ok netti, ben mail alabiliyor yollayam\u0131yordum. Anla\u015famad\u0131k. Biraz iddiala\u015ft\u0131k\u2026.<br \/>\nNot: Destek hatt\u0131nda \u00e7al\u0131\u015fmak hi\u00e7 kolay bir i\u015f de\u011fil. \u0130nsan\u0131n sinirlerinin iyi olmas\u0131, her a\u00e7t\u0131\u011f\u0131 telefonu sanki \u00e7ok iyi uyumu\u015f, keyifle uyanm\u0131\u015f biri gibi kar\u015f\u0131lamas\u0131 gerekir. Eminim bu i\u015f \u00e7ok zordur, ama sinirli, iddial\u0131 konu\u015fmak \u00e7\u00f6z\u00fcm de\u011fildir.<br \/>\nDaha sonra Nokia&#8217;dan Tevfik bey ile yapt\u0131\u011f\u0131m konu\u015fmada bana k\u0131sa bir ara\u015ft\u0131rma ile geri d\u00f6nd\u00fc. SMTP sunucular\u0131n\u0131n d\u00f6rt farkl\u0131 y\u00f6ntemle koruma yapt\u0131\u011f\u0131ndan bahsetti. Bu konuda yapt\u0131\u011f\u0131 a\u00e7\u0131klama ise benim sunucumun sadece kullan\u0131c\u0131 ad\u0131 ve \u015fifresi de\u011fil ba\u015fka bir otantikasyon y\u00f6ntemi kulland\u0131\u011f\u0131 idi.  Bu konuda Nokia&#8217;n\u0131n yeni program\u0131nda bir d\u00fczenleme yap\u0131laca\u011f\u0131n\u0131 bildirdi. Sonu\u00e7 olarak softcomca \u00fczerinden SMTP sunucusu kullananlar\u0131n bunu \u015fu an  Nokia 7650 ile yapmalar\u0131 m\u00fcmk\u00fcn de\u011fil. Ama Turk.net, Superonline gibi servis sa\u011flay\u0131c\u0131lar\u0131n maillerini kullanabilmeleri m\u00fcmk\u00fcnm\u00fc\u015f. Asl\u0131nda bu i\u015f i\u00e7in GPRS servis sa\u011flay\u0131c\u0131lar\u0131n\u0131n (Aria, Turkcell, Telsim, Aycell) bir SMTP sunucu kurmalar\u0131 ve IP kontrol\u00fc yapmalar\u0131 belki de en do\u011frusu\u2026<br \/>\nBu ara\u015ft\u0131rma s\u0131ras\u0131nda ald\u0131\u011f\u0131m yeni bilgiler aras\u0131nda, Turkcell&#8217;in art\u0131k b\u00fct\u00fcn hatlar\u0131nda GPRS&#8217;i a\u00e7t\u0131\u011f\u0131 var. Yani art\u0131k kimse GPRS khatt\u0131 a\u00e7t\u0131rmak i\u00e7in n\u00fcfus ka\u011f\u0131d\u0131n\u0131n \u00f6nl\u00fc arkal\u0131 fotokopisini istemiyor. Umar\u0131m bu uygulamay\u0131 hatlar\u0131 yurt d\u0131\u015f\u0131na a\u00e7mak i\u00e7in de ger\u00e7ekle\u015ftirirler. Aycell ise fatural\u0131 hatlarda GPRS hizmeti veriyor. Web sitelerinde GPRS \u00fccretsiz g\u00f6r\u00fcn\u00fcyor.<\/p>\n<p> K\u0131sa K\u0131sa<\/p>\n<p>&#8211;\tSuperonline ve Digiturk&#8217;\u00fcn yeni \u00fcr\u00fcn\u00fc Skyrunner, herkes gibi beni de olduk\u00e7a heyecanland\u0131rd\u0131. Asl\u0131nda biraz Dexar&#8217;\u0131n Baracuda&#8217;s\u0131n\u0131 arat\u0131yor olsa da genel bir bilgi almak istedim. Asl\u0131nda olduk\u00e7a cazip g\u00f6r\u00fcnen sistemin i\u00e7inde Digiturk giderlerine ek olarak bir modem al\u0131nmas\u0131 gerekti\u011fi bilgisini ancak biraz delince fark ettim. Evinde Digiturk olanlar i\u00e7in d\u00fc\u015f\u00fcn\u00fclebilecek bir \u00fcr\u00fcn gibi g\u00f6r\u00fcn\u00fcyor ama modemin fiyat\u0131 da pek \u00f6yle yenilir yutulur cinsten de\u011fil.<br \/>\n&#8211;\tSpyware oldu\u011fu i\u00e7in biraz tart\u0131\u015fmal\u0131 bir \u00fcr\u00fcn olan Alexa, asl\u0131nda olduk\u00e7a ba\u015far\u0131l\u0131 bir uygulama. Y\u00fckl\u00fc olan bilgisayarlar\u0131n gezdikleri yerler hakk\u0131nda bilgi alan bu program, hem sayfalar\u0131 rank etmek i\u00e7in bu bilgiyi kullanarak Alexa kullan\u0131c\u0131lar\u0131 aras\u0131nda olduk\u00e7a ba\u015far\u0131l\u0131 bir \u00f6l\u00e7\u00fcmleme yap\u0131yor hem de kullan\u0131c\u0131lar\u0131n gezdi\u011fi sayfalar\u0131 indeksleyerek \u00fcst internette iyi bir arama motoru verisine sahip oluyor. Ge\u00e7enlerde bir arama i\u00e7in sitelerine girdi\u011fimde olduk\u00e7a altlarda \u015firketin bir Amazon \u015firketi oldu\u011funu bildiren bir yaz\u0131 g\u00f6rd\u00fcm. Bu sat\u0131\u015f i\u015finden haberim yoktu ama Amazon yine son derece ba\u015far\u0131l\u0131 bir hareket yapm\u0131\u015f. Kendilerini kutlamak laz\u0131m.<br \/>\n&#8211;\tExplorer&#8217;a eklenti olarak gelen ufak programlar\u0131 ger\u00e7ekten \u00e7ok be\u011feniyorum. Bunlar\u0131n aras\u0131nda en \u00e7ok dikkatimi \u00e7eken WebMap&#8217;di. Ge\u00e7mi\u015f zaman kullanmam\u0131n sebebi, bu projenin art\u0131k sadece kurumsal m\u00fc\u015fterilere hizmet verme karar\u0131 alm\u0131\u015f olmas\u0131. Topology bilgisi ile internetin haritas\u0131n\u0131 olu\u015fturan sistem ger\u00e7ekten ba\u015far\u0131l\u0131 bir arama yapma imkan\u0131 tan\u0131yordu.<br \/>\n&#8211;\tEski dost geri d\u00f6nd\u00fc. Ben bilgisayar\u0131n ba\u015f\u0131ndan de\u011filken yada ekrana d\u00fc\u015f\u00fcnceli d\u00fc\u015f\u00fcnceli bakarken, ekran\u0131mda u\u00e7an pencerelerden daha manal\u0131 g\u00f6rmeyi sevenlerdenim. Bu nedenle CNN&#8217;in Pointcast ismini verdi\u011fi ve Push teknolojilerinin moda oldu\u011fu d\u00f6nemlerden kalma program\u0131 \u00e7ok severdim. Bir ara bu program\u0131n b\u00fct\u00fcn haklar\u0131n\u0131 Infogate ald\u0131 ve program\u0131n tasar\u0131m\u0131n\u0131 son derece de\u011fi\u015ftirdi. \u015eimdi ise yeniden eski tasar\u0131m\u0131 ile geri d\u00f6nd\u00fc. Yaln\u0131z art\u0131k paral\u0131. \u0130lk \u00fc\u00e7 ay bir dolar, geri kalan aylarda ise toplam 49 dolar. Denemeniz i\u00e7in yedi g\u00fcnl\u00fck bir test s\u00fcr\u00fcm\u00fc mevcut. http:\/\/www.infogate.com<\/p>\n","protected":false},"excerpt":{"rendered":"<p>15 A\u011fustos 2002 saat:14.00 Yeni bir kampanyan\u0131n ba\u015flamas\u0131yla birlikte ihtiya\u00e7lar\u0131m\u0131z\u0131n artaca\u011f\u0131n\u0131 fark etmi\u015ftik. Asl\u0131nda proje biraz sahada olaca\u011f\u0131ndan mobil teknolojilerin kullan\u0131lmas\u0131 bir gereklilik halindeydi. Hemen ara\u015ft\u0131rmalara ba\u015flad\u0131k. Tam bu s\u0131rada orta\u011f\u0131m odama gelerek ihtiya\u00e7lar\u0131n en&#8230;<\/p>\n","protected":false},"author":2,"featured_media":0,"comment_status":"open","ping_status":"open","sticky":false,"template":"","format":"standard","meta":{"footnotes":""},"categories":[3],"tags":[],"class_list":["post-432","post","type-post","status-publish","format-standard","hentry","category-blogum"],"yoast_head":"<!-- This site is optimized with the Yoast SEO plugin v26.8 - https:\/\/yoast.com\/product\/yoast-seo-wordpress\/ -->\n<title>Bir ileti\u015fim hikayesi - At\u0131f \u00dcnald\u0131<\/title>\n<meta name=\"robots\" content=\"index, follow, max-snippet:-1, max-image-preview:large, max-video-preview:-1\" \/>\n<link rel=\"canonical\" href=\"http:\/\/atif.unaldi.org\/blog\/2002\/12\/27\/bir-iletisim-hikayesi\/\" \/>\n<meta property=\"og:locale\" content=\"tr_TR\" \/>\n<meta property=\"og:type\" content=\"article\" \/>\n<meta property=\"og:title\" content=\"Bir ileti\u015fim hikayesi - At\u0131f \u00dcnald\u0131\" \/>\n<meta property=\"og:description\" content=\"15 A\u011fustos 2002 saat:14.00 Yeni bir kampanyan\u0131n ba\u015flamas\u0131yla birlikte ihtiya\u00e7lar\u0131m\u0131z\u0131n artaca\u011f\u0131n\u0131 fark etmi\u015ftik. Asl\u0131nda proje biraz sahada olaca\u011f\u0131ndan mobil teknolojilerin kullan\u0131lmas\u0131 bir gereklilik halindeydi. Hemen ara\u015ft\u0131rmalara ba\u015flad\u0131k. Tam bu s\u0131rada orta\u011f\u0131m odama gelerek ihtiya\u00e7lar\u0131n en...\" \/>\n<meta property=\"og:url\" content=\"http:\/\/atif.unaldi.org\/blog\/2002\/12\/27\/bir-iletisim-hikayesi\/\" \/>\n<meta property=\"og:site_name\" content=\"At\u0131f \u00dcnald\u0131\" \/>\n<meta property=\"article:publisher\" content=\"https:\/\/www.facebook.com\/atifunaldi\" \/>\n<meta property=\"article:author\" content=\"https:\/\/www.facebook.com\/atifunaldi\" \/>\n<meta property=\"article:published_time\" content=\"2002-12-27T00:00:00+00:00\" \/>\n<meta name=\"author\" content=\"Atif Unaldi\" \/>\n<meta name=\"twitter:card\" content=\"summary_large_image\" \/>\n<meta name=\"twitter:creator\" content=\"@https:\/\/twitter.com\/atifunaldi\" \/>\n<meta name=\"twitter:site\" content=\"@atifunaldi\" \/>\n<meta name=\"twitter:label1\" content=\"Yazan:\" \/>\n\t<meta name=\"twitter:data1\" content=\"Atif Unaldi\" \/>\n\t<meta name=\"twitter:label2\" content=\"Tahmini okuma s\u00fcresi\" \/>\n\t<meta name=\"twitter:data2\" content=\"8 dakika\" \/>\n<script type=\"application\/ld+json\" class=\"yoast-schema-graph\">{\"@context\":\"https:\/\/schema.org\",\"@graph\":[{\"@type\":\"Article\",\"@id\":\"http:\/\/atif.unaldi.org\/blog\/2002\/12\/27\/bir-iletisim-hikayesi\/#article\",\"isPartOf\":{\"@id\":\"http:\/\/atif.unaldi.org\/blog\/2002\/12\/27\/bir-iletisim-hikayesi\/\"},\"author\":{\"name\":\"Atif Unaldi\",\"@id\":\"http:\/\/atif.unaldi.org\/blog\/#\/schema\/person\/608ed42ecbda2bc5cfdb767ac1db479b\"},\"headline\":\"Bir ileti\u015fim hikayesi\",\"datePublished\":\"2002-12-27T00:00:00+00:00\",\"mainEntityOfPage\":{\"@id\":\"http:\/\/atif.unaldi.org\/blog\/2002\/12\/27\/bir-iletisim-hikayesi\/\"},\"wordCount\":1525,\"commentCount\":0,\"publisher\":{\"@id\":\"http:\/\/atif.unaldi.org\/blog\/#\/schema\/person\/608ed42ecbda2bc5cfdb767ac1db479b\"},\"articleSection\":[\"Blogum\"],\"inLanguage\":\"tr\",\"potentialAction\":[{\"@type\":\"CommentAction\",\"name\":\"Comment\",\"target\":[\"http:\/\/atif.unaldi.org\/blog\/2002\/12\/27\/bir-iletisim-hikayesi\/#respond\"]}]},{\"@type\":\"WebPage\",\"@id\":\"http:\/\/atif.unaldi.org\/blog\/2002\/12\/27\/bir-iletisim-hikayesi\/\",\"url\":\"http:\/\/atif.unaldi.org\/blog\/2002\/12\/27\/bir-iletisim-hikayesi\/\",\"name\":\"Bir ileti\u015fim hikayesi - At\u0131f \u00dcnald\u0131\",\"isPartOf\":{\"@id\":\"http:\/\/atif.unaldi.org\/blog\/#website\"},\"datePublished\":\"2002-12-27T00:00:00+00:00\",\"breadcrumb\":{\"@id\":\"http:\/\/atif.unaldi.org\/blog\/2002\/12\/27\/bir-iletisim-hikayesi\/#breadcrumb\"},\"inLanguage\":\"tr\",\"potentialAction\":[{\"@type\":\"ReadAction\",\"target\":[\"http:\/\/atif.unaldi.org\/blog\/2002\/12\/27\/bir-iletisim-hikayesi\/\"]}]},{\"@type\":\"BreadcrumbList\",\"@id\":\"http:\/\/atif.unaldi.org\/blog\/2002\/12\/27\/bir-iletisim-hikayesi\/#breadcrumb\",\"itemListElement\":[{\"@type\":\"ListItem\",\"position\":1,\"name\":\"Anasayfa\",\"item\":\"http:\/\/atif.unaldi.org\/blog\/\"},{\"@type\":\"ListItem\",\"position\":2,\"name\":\"Bir ileti\u015fim hikayesi\"}]},{\"@type\":\"WebSite\",\"@id\":\"http:\/\/atif.unaldi.org\/blog\/#website\",\"url\":\"http:\/\/atif.unaldi.org\/blog\/\",\"name\":\"At\u0131f \u00dcnald\u0131\",\"description\":\"Yazar\",\"publisher\":{\"@id\":\"http:\/\/atif.unaldi.org\/blog\/#\/schema\/person\/608ed42ecbda2bc5cfdb767ac1db479b\"},\"alternateName\":\"At\u0131f \u00dcnald\u0131 Blog\",\"potentialAction\":[{\"@type\":\"SearchAction\",\"target\":{\"@type\":\"EntryPoint\",\"urlTemplate\":\"http:\/\/atif.unaldi.org\/blog\/?s={search_term_string}\"},\"query-input\":{\"@type\":\"PropertyValueSpecification\",\"valueRequired\":true,\"valueName\":\"search_term_string\"}}],\"inLanguage\":\"tr\"},{\"@type\":[\"Person\",\"Organization\"],\"@id\":\"http:\/\/atif.unaldi.org\/blog\/#\/schema\/person\/608ed42ecbda2bc5cfdb767ac1db479b\",\"name\":\"Atif Unaldi\",\"image\":{\"@type\":\"ImageObject\",\"inLanguage\":\"tr\",\"@id\":\"http:\/\/atif.unaldi.org\/blog\/#\/schema\/person\/image\/\",\"url\":\"http:\/\/atif.unaldi.org\/blog\/wp-content\/uploads\/2022\/10\/cropped-a94e8f7a-67c4-4d65-8a5f-032ba784be53-2.jpg\",\"contentUrl\":\"http:\/\/atif.unaldi.org\/blog\/wp-content\/uploads\/2022\/10\/cropped-a94e8f7a-67c4-4d65-8a5f-032ba784be53-2.jpg\",\"width\":512,\"height\":512,\"caption\":\"Atif Unaldi\"},\"logo\":{\"@id\":\"http:\/\/atif.unaldi.org\/blog\/#\/schema\/person\/image\/\"},\"description\":\"Bo\u011fazi\u00e7i \u00dcniversitesinde Fizik B\u00f6l\u00fcm\u00fc\u2019nde e\u011fitim ald\u0131\u011f\u0131 y\u0131llarda T\u00fcrkiye\u2019de ilk kez iki bilgisayar\u0131 telefon hatlar\u0131 \u00fczerinden konu\u015fturan BBS sistemini kurarak, T\u00fcrkiye\u2019deki ilk internet a\u011f\u0131n\u0131 olu\u015fturmu\u015ftur. Bir \u00e7ok radyo ve televizyonda program yap\u0131mc\u0131l\u0131\u011f\u0131 ve sunuculu\u011funu, bir \u00e7ok teknoloji dergisinde k\u00f6\u015fe yazarl\u0131\u011f\u0131, bili\u015fim edit\u00f6rl\u00fc\u011f\u00fc ve genel yay\u0131n y\u00f6netmenli\u011fi yapt\u0131. T\u00fcrkiye\u2019deki ilk internet servis sa\u011flay\u0131c\u0131s\u0131n\u0131n genel m\u00fcd\u00fcrl\u00fc\u011f\u00fcn\u00fc \u00fcstlendi. Bir \u00e7ok organizasyon ve kurulu\u015fta internet s\u00fcperviz\u00f6rl\u00fc\u011f\u00fc , webmaster\u2019l\u0131\u011f\u0131 , IT direkt\u00f6rl\u00fc\u011f\u00fc ve dijital projeler koordinat\u00f6rl\u00fc\u011f\u00fc g\u00f6revlerinde bulundu. Farkl\u0131 \u00fcniversitelerin farkl\u0131 fak\u00fcltelerinde \u00f6\u011fretim g\u00f6revlisi olarak bulunmu\u015f olan \u00dcnald\u0131; \u015fu an teknoloji ve pazarlama konular\u0131 ba\u015fta olmak \u00fczere bir\u00e7ok alanda hizmet veren Unaldi Consultancy\u2019nin kurucusudur. \\u2028Selin \u00dcnald\u0131 ile evlidir. Su ve Toprak isminde iki \u00e7ocu\u011fu vard\u0131r.\",\"sameAs\":[\"http:\/\/atif.unaldi.org\/blog\",\"https:\/\/www.facebook.com\/atifunaldi\",\"https:\/\/www.instagram.com\/atifunaldi\/\",\"https:\/\/www.linkedin.com\/in\/atifunaldi\",\"https:\/\/x.com\/https:\/\/twitter.com\/atifunaldi\",\"https:\/\/www.youtube.com\/c\/atifunaldi\",\"https:\/\/soundcloud.com\/atif-unaldi\",\"https:\/\/atifunaldi.tumblr.com\"],\"url\":\"http:\/\/atif.unaldi.org\/blog\/author\/atifunaldi\/\"}]}<\/script>\n<!-- \/ Yoast SEO plugin. -->","yoast_head_json":{"title":"Bir ileti\u015fim hikayesi - At\u0131f \u00dcnald\u0131","robots":{"index":"index","follow":"follow","max-snippet":"max-snippet:-1","max-image-preview":"max-image-preview:large","max-video-preview":"max-video-preview:-1"},"canonical":"http:\/\/atif.unaldi.org\/blog\/2002\/12\/27\/bir-iletisim-hikayesi\/","og_locale":"tr_TR","og_type":"article","og_title":"Bir ileti\u015fim hikayesi - At\u0131f \u00dcnald\u0131","og_description":"15 A\u011fustos 2002 saat:14.00 Yeni bir kampanyan\u0131n ba\u015flamas\u0131yla birlikte ihtiya\u00e7lar\u0131m\u0131z\u0131n artaca\u011f\u0131n\u0131 fark etmi\u015ftik. Asl\u0131nda proje biraz sahada olaca\u011f\u0131ndan mobil teknolojilerin kullan\u0131lmas\u0131 bir gereklilik halindeydi. Hemen ara\u015ft\u0131rmalara ba\u015flad\u0131k. Tam bu s\u0131rada orta\u011f\u0131m odama gelerek ihtiya\u00e7lar\u0131n en...","og_url":"http:\/\/atif.unaldi.org\/blog\/2002\/12\/27\/bir-iletisim-hikayesi\/","og_site_name":"At\u0131f \u00dcnald\u0131","article_publisher":"https:\/\/www.facebook.com\/atifunaldi","article_author":"https:\/\/www.facebook.com\/atifunaldi","article_published_time":"2002-12-27T00:00:00+00:00","author":"Atif Unaldi","twitter_card":"summary_large_image","twitter_creator":"@https:\/\/twitter.com\/atifunaldi","twitter_site":"@atifunaldi","twitter_misc":{"Yazan:":"Atif Unaldi","Tahmini okuma s\u00fcresi":"8 dakika"},"schema":{"@context":"https:\/\/schema.org","@graph":[{"@type":"Article","@id":"http:\/\/atif.unaldi.org\/blog\/2002\/12\/27\/bir-iletisim-hikayesi\/#article","isPartOf":{"@id":"http:\/\/atif.unaldi.org\/blog\/2002\/12\/27\/bir-iletisim-hikayesi\/"},"author":{"name":"Atif Unaldi","@id":"http:\/\/atif.unaldi.org\/blog\/#\/schema\/person\/608ed42ecbda2bc5cfdb767ac1db479b"},"headline":"Bir ileti\u015fim hikayesi","datePublished":"2002-12-27T00:00:00+00:00","mainEntityOfPage":{"@id":"http:\/\/atif.unaldi.org\/blog\/2002\/12\/27\/bir-iletisim-hikayesi\/"},"wordCount":1525,"commentCount":0,"publisher":{"@id":"http:\/\/atif.unaldi.org\/blog\/#\/schema\/person\/608ed42ecbda2bc5cfdb767ac1db479b"},"articleSection":["Blogum"],"inLanguage":"tr","potentialAction":[{"@type":"CommentAction","name":"Comment","target":["http:\/\/atif.unaldi.org\/blog\/2002\/12\/27\/bir-iletisim-hikayesi\/#respond"]}]},{"@type":"WebPage","@id":"http:\/\/atif.unaldi.org\/blog\/2002\/12\/27\/bir-iletisim-hikayesi\/","url":"http:\/\/atif.unaldi.org\/blog\/2002\/12\/27\/bir-iletisim-hikayesi\/","name":"Bir ileti\u015fim hikayesi - At\u0131f \u00dcnald\u0131","isPartOf":{"@id":"http:\/\/atif.unaldi.org\/blog\/#website"},"datePublished":"2002-12-27T00:00:00+00:00","breadcrumb":{"@id":"http:\/\/atif.unaldi.org\/blog\/2002\/12\/27\/bir-iletisim-hikayesi\/#breadcrumb"},"inLanguage":"tr","potentialAction":[{"@type":"ReadAction","target":["http:\/\/atif.unaldi.org\/blog\/2002\/12\/27\/bir-iletisim-hikayesi\/"]}]},{"@type":"BreadcrumbList","@id":"http:\/\/atif.unaldi.org\/blog\/2002\/12\/27\/bir-iletisim-hikayesi\/#breadcrumb","itemListElement":[{"@type":"ListItem","position":1,"name":"Anasayfa","item":"http:\/\/atif.unaldi.org\/blog\/"},{"@type":"ListItem","position":2,"name":"Bir ileti\u015fim hikayesi"}]},{"@type":"WebSite","@id":"http:\/\/atif.unaldi.org\/blog\/#website","url":"http:\/\/atif.unaldi.org\/blog\/","name":"At\u0131f \u00dcnald\u0131","description":"Yazar","publisher":{"@id":"http:\/\/atif.unaldi.org\/blog\/#\/schema\/person\/608ed42ecbda2bc5cfdb767ac1db479b"},"alternateName":"At\u0131f \u00dcnald\u0131 Blog","potentialAction":[{"@type":"SearchAction","target":{"@type":"EntryPoint","urlTemplate":"http:\/\/atif.unaldi.org\/blog\/?s={search_term_string}"},"query-input":{"@type":"PropertyValueSpecification","valueRequired":true,"valueName":"search_term_string"}}],"inLanguage":"tr"},{"@type":["Person","Organization"],"@id":"http:\/\/atif.unaldi.org\/blog\/#\/schema\/person\/608ed42ecbda2bc5cfdb767ac1db479b","name":"Atif Unaldi","image":{"@type":"ImageObject","inLanguage":"tr","@id":"http:\/\/atif.unaldi.org\/blog\/#\/schema\/person\/image\/","url":"http:\/\/atif.unaldi.org\/blog\/wp-content\/uploads\/2022\/10\/cropped-a94e8f7a-67c4-4d65-8a5f-032ba784be53-2.jpg","contentUrl":"http:\/\/atif.unaldi.org\/blog\/wp-content\/uploads\/2022\/10\/cropped-a94e8f7a-67c4-4d65-8a5f-032ba784be53-2.jpg","width":512,"height":512,"caption":"Atif Unaldi"},"logo":{"@id":"http:\/\/atif.unaldi.org\/blog\/#\/schema\/person\/image\/"},"description":"Bo\u011fazi\u00e7i \u00dcniversitesinde Fizik B\u00f6l\u00fcm\u00fc\u2019nde e\u011fitim ald\u0131\u011f\u0131 y\u0131llarda T\u00fcrkiye\u2019de ilk kez iki bilgisayar\u0131 telefon hatlar\u0131 \u00fczerinden konu\u015fturan BBS sistemini kurarak, T\u00fcrkiye\u2019deki ilk internet a\u011f\u0131n\u0131 olu\u015fturmu\u015ftur. Bir \u00e7ok radyo ve televizyonda program yap\u0131mc\u0131l\u0131\u011f\u0131 ve sunuculu\u011funu, bir \u00e7ok teknoloji dergisinde k\u00f6\u015fe yazarl\u0131\u011f\u0131, bili\u015fim edit\u00f6rl\u00fc\u011f\u00fc ve genel yay\u0131n y\u00f6netmenli\u011fi yapt\u0131. T\u00fcrkiye\u2019deki ilk internet servis sa\u011flay\u0131c\u0131s\u0131n\u0131n genel m\u00fcd\u00fcrl\u00fc\u011f\u00fcn\u00fc \u00fcstlendi. Bir \u00e7ok organizasyon ve kurulu\u015fta internet s\u00fcperviz\u00f6rl\u00fc\u011f\u00fc , webmaster\u2019l\u0131\u011f\u0131 , IT direkt\u00f6rl\u00fc\u011f\u00fc ve dijital projeler koordinat\u00f6rl\u00fc\u011f\u00fc g\u00f6revlerinde bulundu. Farkl\u0131 \u00fcniversitelerin farkl\u0131 fak\u00fcltelerinde \u00f6\u011fretim g\u00f6revlisi olarak bulunmu\u015f olan \u00dcnald\u0131; \u015fu an teknoloji ve pazarlama konular\u0131 ba\u015fta olmak \u00fczere bir\u00e7ok alanda hizmet veren Unaldi Consultancy\u2019nin kurucusudur. \u2028Selin \u00dcnald\u0131 ile evlidir. Su ve Toprak isminde iki \u00e7ocu\u011fu vard\u0131r.","sameAs":["http:\/\/atif.unaldi.org\/blog","https:\/\/www.facebook.com\/atifunaldi","https:\/\/www.instagram.com\/atifunaldi\/","https:\/\/www.linkedin.com\/in\/atifunaldi","https:\/\/x.com\/https:\/\/twitter.com\/atifunaldi","https:\/\/www.youtube.com\/c\/atifunaldi","https:\/\/soundcloud.com\/atif-unaldi","https:\/\/atifunaldi.tumblr.com"],"url":"http:\/\/atif.unaldi.org\/blog\/author\/atifunaldi\/"}]}},"jetpack_featured_media_url":"","_links":{"self":[{"href":"http:\/\/atif.unaldi.org\/blog\/wp-json\/wp\/v2\/posts\/432","targetHints":{"allow":["GET"]}}],"collection":[{"href":"http:\/\/atif.unaldi.org\/blog\/wp-json\/wp\/v2\/posts"}],"about":[{"href":"http:\/\/atif.unaldi.org\/blog\/wp-json\/wp\/v2\/types\/post"}],"author":[{"embeddable":true,"href":"http:\/\/atif.unaldi.org\/blog\/wp-json\/wp\/v2\/users\/2"}],"replies":[{"embeddable":true,"href":"http:\/\/atif.unaldi.org\/blog\/wp-json\/wp\/v2\/comments?post=432"}],"version-history":[{"count":0,"href":"http:\/\/atif.unaldi.org\/blog\/wp-json\/wp\/v2\/posts\/432\/revisions"}],"wp:attachment":[{"href":"http:\/\/atif.unaldi.org\/blog\/wp-json\/wp\/v2\/media?parent=432"}],"wp:term":[{"taxonomy":"category","embeddable":true,"href":"http:\/\/atif.unaldi.org\/blog\/wp-json\/wp\/v2\/categories?post=432"},{"taxonomy":"post_tag","embeddable":true,"href":"http:\/\/atif.unaldi.org\/blog\/wp-json\/wp\/v2\/tags?post=432"}],"curies":[{"name":"wp","href":"https:\/\/api.w.org\/{rel}","templated":true}]}}