{"id":433,"date":"2002-12-27T02:00:00","date_gmt":"2002-12-27T00:00:00","guid":{"rendered":"http:\/\/85.17.200.84\/~unaldi\/atif\/?p=433"},"modified":"2002-12-27T02:00:00","modified_gmt":"2002-12-27T00:00:00","slug":"bilisimden-izlenimler-1","status":"publish","type":"post","link":"http:\/\/atif.unaldi.org\/blog\/2002\/12\/27\/bilisimden-izlenimler-1\/","title":{"rendered":"Bili\u015fimden \u0130zlenimler 1"},"content":{"rendered":"<p>Kriz, se\u00e7im derken yaz aylar\u0131 hemen ge\u00e7ip gitti. Tarih Bili\u015fim&#8217;i vurdu. Pazartesi gecesi son derece h\u0131zl\u0131 bir a\u00e7\u0131l\u0131\u015f ile art\u0131k bili\u015fim maratonuna start verdik. Asl\u0131nda maratonlar yava\u015f ko\u015fulur derler ama Bili\u015fim&#8217;de ald\u0131\u011f\u0131m en genel izlenim bu bir haftal\u0131k s\u00fcrenin son derece h\u0131zl\u0131 ge\u00e7ece\u011fi yolunda. Herkes b\u00fct\u00fcn s\u00f6yleyeceklerini Bili\u015fim&#8217;e saklam\u0131\u015f olmal\u0131. Son y\u0131llar\u0131n bu en h\u0131zl\u0131 g\u00fcnleri de \u015fan\u0131na yara\u015f\u0131r bir \u015fekilde ba\u015flad\u0131.<br \/>\nA\u00e7\u0131l\u0131\u015f gecesi, yeni a\u00e7\u0131lan bir otel ve hala asfalt yap\u0131lamam\u0131\u015f bir otopark&#8217;tan ge\u00e7ip s\u00fcz\u00fcld\u00fck bili\u015fim d\u00fcnyas\u0131na. \u0130\u00e7erde konu\u015fmac\u0131lar aras\u0131nda en dikkat \u00e7ekeni S\u00fcreyya Ciliv. S\u00fcreyya bey, her zamanki pozitif enerjisi ile salonu bir anda esir ald\u0131. Asl\u0131nda bize Seattle&#8217;dan mesajlar getirmi\u015fti. S\u00f6yledikleri aras\u0131nda en dikkat \u00e7ekenlerinin ba\u015f\u0131nda, art\u0131k yaz\u0131l\u0131m ihra\u00e7 etmemiz gereklili\u011fi geliyordu. Son d\u00f6nemin \u00f6nemli yaz\u0131l\u0131m \u015firketlerinden birinin \u00e7al\u0131\u015fanlar\u0131n\u0131n nas\u0131l &#8220;&#8221;Hindistan&#8217;da ya\u015fayan Hintliler&#8221;&#8221; oldu\u011fundan ve bu ki\u015filerin toplam cirolar\u0131n\u0131n %99&#8217;unu Avrupa ve Amerika&#8217;dan elde ettiklerinden bahsetti. Amerika&#8217;y\u0131 b\u00fcy\u00fck bir \u015firket olarak g\u00f6rmeye al\u0131\u015fm\u0131\u015ft\u0131k ama bu sadece yeterli de\u011fil galiba. Ayn\u0131 zamanda b\u00fcy\u00fck bir pazar\u0131n oldu\u011funu da unutmamak gerekir. T\u00fcrkiye asl\u0131nda bu a\u00e7\u0131l\u0131m\u0131 daha yakalayabilmi\u015f de\u011fildi Bu nedenle hepimiz a\u00e7\u0131s\u0131ndan son derece de\u011fi\u015fik bir bak\u0131\u015f a\u00e7\u0131s\u0131yd\u0131.<br \/>\nS\u00fcreyya beyin ikinci \u00f6nemli tespiti ise, .com krizi hakk\u0131ndayd\u0131. Her ne kadar kurultay&#8217;da bu konuda bir belgesel g\u00f6sterilecek olsa bile, onun d\u00fc\u015f\u00fcncelerini hepimiz \u00f6\u011frenmek istiyorduk. Asl\u0131nda bu bak\u0131\u015f a\u00e7\u0131s\u0131 Microsoft&#8217;un da bak\u0131\u015f a\u00e7\u0131s\u0131 idi. S\u00fcreyya bey, T\u00fcrkiye&#8217;den bak\u0131l\u0131nca Nasdaq&#8217;\u0131n d\u00fc\u015fm\u00fc\u015f oldu\u011funu g\u00f6rebilece\u011fimizi tasvir etti, ama asl\u0131nda bunun sebebinin bir i\u015f plan\u0131na sahip olmayan \u015firketlerin, senelerce herhangi bir katma de\u011fer koyamad\u0131klar\u0131 bir yap\u0131y\u0131 borsada inan\u0131lmaz rakamlara ta\u015f\u0131mas\u0131ndan kaynakland\u0131\u011f\u0131n\u0131 s\u00f6yledi. Bu noktada T\u00fcrkiye&#8217;nin borsaya kota edilebilecek hisseleri olan \u015firketleri bulunmamas\u0131ndan dolay\u0131 bu sorunu ya\u015famas\u0131 neredeyse imkans\u0131zd\u0131.<br \/>\nA\u00e7\u0131l\u0131\u015f konu\u015fmalar\u0131 arkas\u0131ndan yap\u0131lan kokteyl&#8217;de S\u00fcreyya bey&#8217;le yapt\u0131\u011f\u0131m\u0131z k\u0131sa g\u00f6r\u00fc\u015fmeden beni alg\u0131lad\u0131\u011f\u0131m, T\u00fcrkiye&#8217;nin Amerika i\u00e7in ve devam\u0131nda d\u00fcnya i\u00e7in \u00f6nemli geli\u015fmeler ve umut vaat etti\u011fi yolunda.<br \/>\nT\u00fcrkiye art\u0131k bir yola \u00e7\u0131km\u0131\u015f gibi g\u00f6r\u00fcn\u00fcyor. Bu yolun ara\u00e7lar\u0131n\u0131n en \u00f6nde geleni ise &#8220;&#8221;digitalization&#8221;&#8221;. B\u00fct\u00fcn Bili\u015fim buna inan\u0131yor. Art\u0131k herkes bu duygularla T\u00fcrkiye&#8217;yi bir taraf\u0131ndan tutarak belli bir noktaya getirmek istiyor. Bunun i\u00e7in yap\u0131lacaklar\u0131 nereye hangi noktadan bakmam\u0131z gerekti\u011fini ise SBS&#8217;in Genel M\u00fcd\u00fcr\u00fc \u00c7a\u011flayan Ark\u0131n ile, Bili\u015fim2in ilk g\u00fcn\u00fcnde yapt\u0131\u011f\u0131m\u0131z s\u00f6yle\u015fide konu\u015ftuk. \u00c7a\u011flayan bey, T\u00fcrkiye&#8217;de bir d\u00f6n\u00fc\u015f\u00fcm\u00fcn ba\u015flamas\u0131ndan ve gidece\u011fi noktalardan inan\u0131lmaz \u00f6rnekler vererek, a\u00e7\u0131klamalarda bulundu. Yapt\u0131\u011f\u0131m\u0131z s\u00f6yle\u015fi, beni olduk\u00e7a fazla etkiledi. Bu konu\u015fmay\u0131 da gelecek g\u00fcnlerde yine bu sayfalarda bulacaks\u0131n\u0131z.<br \/>\nNETle\u015fmek \u00fczere\u2026<\/p>\n","protected":false},"excerpt":{"rendered":"<p>Kriz, se\u00e7im derken yaz aylar\u0131 hemen ge\u00e7ip gitti. Tarih Bili\u015fim&#8217;i vurdu. Pazartesi gecesi son derece h\u0131zl\u0131 bir a\u00e7\u0131l\u0131\u015f ile art\u0131k bili\u015fim maratonuna start verdik. Asl\u0131nda maratonlar yava\u015f ko\u015fulur derler ama Bili\u015fim&#8217;de ald\u0131\u011f\u0131m en genel izlenim&#8230;<\/p>\n","protected":false},"author":2,"featured_media":0,"comment_status":"open","ping_status":"open","sticky":false,"template":"","format":"standard","meta":{"footnotes":""},"categories":[3],"tags":[],"class_list":["post-433","post","type-post","status-publish","format-standard","hentry","category-blogum"],"yoast_head":"<!-- This site is optimized with the Yoast SEO plugin v26.8 - https:\/\/yoast.com\/product\/yoast-seo-wordpress\/ -->\n<title>Bili\u015fimden \u0130zlenimler 1 - At\u0131f \u00dcnald\u0131<\/title>\n<meta name=\"robots\" content=\"index, follow, max-snippet:-1, max-image-preview:large, max-video-preview:-1\" \/>\n<link rel=\"canonical\" href=\"http:\/\/atif.unaldi.org\/blog\/2002\/12\/27\/bilisimden-izlenimler-1\/\" \/>\n<meta property=\"og:locale\" content=\"tr_TR\" \/>\n<meta property=\"og:type\" content=\"article\" \/>\n<meta property=\"og:title\" content=\"Bili\u015fimden \u0130zlenimler 1 - At\u0131f \u00dcnald\u0131\" \/>\n<meta property=\"og:description\" content=\"Kriz, se\u00e7im derken yaz aylar\u0131 hemen ge\u00e7ip gitti. Tarih Bili\u015fim&#8217;i vurdu. Pazartesi gecesi son derece h\u0131zl\u0131 bir a\u00e7\u0131l\u0131\u015f ile art\u0131k bili\u015fim maratonuna start verdik. Asl\u0131nda maratonlar yava\u015f ko\u015fulur derler ama Bili\u015fim&#8217;de ald\u0131\u011f\u0131m en genel izlenim...\" \/>\n<meta property=\"og:url\" content=\"http:\/\/atif.unaldi.org\/blog\/2002\/12\/27\/bilisimden-izlenimler-1\/\" \/>\n<meta property=\"og:site_name\" content=\"At\u0131f \u00dcnald\u0131\" \/>\n<meta property=\"article:publisher\" content=\"https:\/\/www.facebook.com\/atifunaldi\" \/>\n<meta property=\"article:author\" content=\"https:\/\/www.facebook.com\/atifunaldi\" \/>\n<meta property=\"article:published_time\" content=\"2002-12-27T00:00:00+00:00\" \/>\n<meta name=\"author\" content=\"Atif Unaldi\" \/>\n<meta name=\"twitter:card\" content=\"summary_large_image\" \/>\n<meta name=\"twitter:creator\" content=\"@https:\/\/twitter.com\/atifunaldi\" \/>\n<meta name=\"twitter:site\" content=\"@atifunaldi\" \/>\n<meta name=\"twitter:label1\" content=\"Yazan:\" \/>\n\t<meta name=\"twitter:data1\" content=\"Atif Unaldi\" \/>\n\t<meta name=\"twitter:label2\" content=\"Tahmini okuma s\u00fcresi\" \/>\n\t<meta name=\"twitter:data2\" content=\"3 dakika\" \/>\n<script type=\"application\/ld+json\" class=\"yoast-schema-graph\">{\"@context\":\"https:\/\/schema.org\",\"@graph\":[{\"@type\":\"Article\",\"@id\":\"http:\/\/atif.unaldi.org\/blog\/2002\/12\/27\/bilisimden-izlenimler-1\/#article\",\"isPartOf\":{\"@id\":\"http:\/\/atif.unaldi.org\/blog\/2002\/12\/27\/bilisimden-izlenimler-1\/\"},\"author\":{\"name\":\"Atif Unaldi\",\"@id\":\"http:\/\/atif.unaldi.org\/blog\/#\/schema\/person\/608ed42ecbda2bc5cfdb767ac1db479b\"},\"headline\":\"Bili\u015fimden \u0130zlenimler 1\",\"datePublished\":\"2002-12-27T00:00:00+00:00\",\"mainEntityOfPage\":{\"@id\":\"http:\/\/atif.unaldi.org\/blog\/2002\/12\/27\/bilisimden-izlenimler-1\/\"},\"wordCount\":561,\"commentCount\":0,\"publisher\":{\"@id\":\"http:\/\/atif.unaldi.org\/blog\/#\/schema\/person\/608ed42ecbda2bc5cfdb767ac1db479b\"},\"articleSection\":[\"Blogum\"],\"inLanguage\":\"tr\",\"potentialAction\":[{\"@type\":\"CommentAction\",\"name\":\"Comment\",\"target\":[\"http:\/\/atif.unaldi.org\/blog\/2002\/12\/27\/bilisimden-izlenimler-1\/#respond\"]}]},{\"@type\":\"WebPage\",\"@id\":\"http:\/\/atif.unaldi.org\/blog\/2002\/12\/27\/bilisimden-izlenimler-1\/\",\"url\":\"http:\/\/atif.unaldi.org\/blog\/2002\/12\/27\/bilisimden-izlenimler-1\/\",\"name\":\"Bili\u015fimden \u0130zlenimler 1 - At\u0131f \u00dcnald\u0131\",\"isPartOf\":{\"@id\":\"http:\/\/atif.unaldi.org\/blog\/#website\"},\"datePublished\":\"2002-12-27T00:00:00+00:00\",\"breadcrumb\":{\"@id\":\"http:\/\/atif.unaldi.org\/blog\/2002\/12\/27\/bilisimden-izlenimler-1\/#breadcrumb\"},\"inLanguage\":\"tr\",\"potentialAction\":[{\"@type\":\"ReadAction\",\"target\":[\"http:\/\/atif.unaldi.org\/blog\/2002\/12\/27\/bilisimden-izlenimler-1\/\"]}]},{\"@type\":\"BreadcrumbList\",\"@id\":\"http:\/\/atif.unaldi.org\/blog\/2002\/12\/27\/bilisimden-izlenimler-1\/#breadcrumb\",\"itemListElement\":[{\"@type\":\"ListItem\",\"position\":1,\"name\":\"Anasayfa\",\"item\":\"http:\/\/atif.unaldi.org\/blog\/\"},{\"@type\":\"ListItem\",\"position\":2,\"name\":\"Bili\u015fimden \u0130zlenimler 1\"}]},{\"@type\":\"WebSite\",\"@id\":\"http:\/\/atif.unaldi.org\/blog\/#website\",\"url\":\"http:\/\/atif.unaldi.org\/blog\/\",\"name\":\"At\u0131f \u00dcnald\u0131\",\"description\":\"Yazar\",\"publisher\":{\"@id\":\"http:\/\/atif.unaldi.org\/blog\/#\/schema\/person\/608ed42ecbda2bc5cfdb767ac1db479b\"},\"alternateName\":\"At\u0131f \u00dcnald\u0131 Blog\",\"potentialAction\":[{\"@type\":\"SearchAction\",\"target\":{\"@type\":\"EntryPoint\",\"urlTemplate\":\"http:\/\/atif.unaldi.org\/blog\/?s={search_term_string}\"},\"query-input\":{\"@type\":\"PropertyValueSpecification\",\"valueRequired\":true,\"valueName\":\"search_term_string\"}}],\"inLanguage\":\"tr\"},{\"@type\":[\"Person\",\"Organization\"],\"@id\":\"http:\/\/atif.unaldi.org\/blog\/#\/schema\/person\/608ed42ecbda2bc5cfdb767ac1db479b\",\"name\":\"Atif Unaldi\",\"image\":{\"@type\":\"ImageObject\",\"inLanguage\":\"tr\",\"@id\":\"http:\/\/atif.unaldi.org\/blog\/#\/schema\/person\/image\/\",\"url\":\"http:\/\/atif.unaldi.org\/blog\/wp-content\/uploads\/2022\/10\/cropped-a94e8f7a-67c4-4d65-8a5f-032ba784be53-2.jpg\",\"contentUrl\":\"http:\/\/atif.unaldi.org\/blog\/wp-content\/uploads\/2022\/10\/cropped-a94e8f7a-67c4-4d65-8a5f-032ba784be53-2.jpg\",\"width\":512,\"height\":512,\"caption\":\"Atif Unaldi\"},\"logo\":{\"@id\":\"http:\/\/atif.unaldi.org\/blog\/#\/schema\/person\/image\/\"},\"description\":\"Bo\u011fazi\u00e7i \u00dcniversitesinde Fizik B\u00f6l\u00fcm\u00fc\u2019nde e\u011fitim ald\u0131\u011f\u0131 y\u0131llarda T\u00fcrkiye\u2019de ilk kez iki bilgisayar\u0131 telefon hatlar\u0131 \u00fczerinden konu\u015fturan BBS sistemini kurarak, T\u00fcrkiye\u2019deki ilk internet a\u011f\u0131n\u0131 olu\u015fturmu\u015ftur. Bir \u00e7ok radyo ve televizyonda program yap\u0131mc\u0131l\u0131\u011f\u0131 ve sunuculu\u011funu, bir \u00e7ok teknoloji dergisinde k\u00f6\u015fe yazarl\u0131\u011f\u0131, bili\u015fim edit\u00f6rl\u00fc\u011f\u00fc ve genel yay\u0131n y\u00f6netmenli\u011fi yapt\u0131. T\u00fcrkiye\u2019deki ilk internet servis sa\u011flay\u0131c\u0131s\u0131n\u0131n genel m\u00fcd\u00fcrl\u00fc\u011f\u00fcn\u00fc \u00fcstlendi. Bir \u00e7ok organizasyon ve kurulu\u015fta internet s\u00fcperviz\u00f6rl\u00fc\u011f\u00fc , webmaster\u2019l\u0131\u011f\u0131 , IT direkt\u00f6rl\u00fc\u011f\u00fc ve dijital projeler koordinat\u00f6rl\u00fc\u011f\u00fc g\u00f6revlerinde bulundu. Farkl\u0131 \u00fcniversitelerin farkl\u0131 fak\u00fcltelerinde \u00f6\u011fretim g\u00f6revlisi olarak bulunmu\u015f olan \u00dcnald\u0131; \u015fu an teknoloji ve pazarlama konular\u0131 ba\u015fta olmak \u00fczere bir\u00e7ok alanda hizmet veren Unaldi Consultancy\u2019nin kurucusudur. \\u2028Selin \u00dcnald\u0131 ile evlidir. Su ve Toprak isminde iki \u00e7ocu\u011fu vard\u0131r.\",\"sameAs\":[\"http:\/\/atif.unaldi.org\/blog\",\"https:\/\/www.facebook.com\/atifunaldi\",\"https:\/\/www.instagram.com\/atifunaldi\/\",\"https:\/\/www.linkedin.com\/in\/atifunaldi\",\"https:\/\/x.com\/https:\/\/twitter.com\/atifunaldi\",\"https:\/\/www.youtube.com\/c\/atifunaldi\",\"https:\/\/soundcloud.com\/atif-unaldi\",\"https:\/\/atifunaldi.tumblr.com\"],\"url\":\"http:\/\/atif.unaldi.org\/blog\/author\/atifunaldi\/\"}]}<\/script>\n<!-- \/ Yoast SEO plugin. -->","yoast_head_json":{"title":"Bili\u015fimden \u0130zlenimler 1 - At\u0131f \u00dcnald\u0131","robots":{"index":"index","follow":"follow","max-snippet":"max-snippet:-1","max-image-preview":"max-image-preview:large","max-video-preview":"max-video-preview:-1"},"canonical":"http:\/\/atif.unaldi.org\/blog\/2002\/12\/27\/bilisimden-izlenimler-1\/","og_locale":"tr_TR","og_type":"article","og_title":"Bili\u015fimden \u0130zlenimler 1 - At\u0131f \u00dcnald\u0131","og_description":"Kriz, se\u00e7im derken yaz aylar\u0131 hemen ge\u00e7ip gitti. Tarih Bili\u015fim&#8217;i vurdu. Pazartesi gecesi son derece h\u0131zl\u0131 bir a\u00e7\u0131l\u0131\u015f ile art\u0131k bili\u015fim maratonuna start verdik. Asl\u0131nda maratonlar yava\u015f ko\u015fulur derler ama Bili\u015fim&#8217;de ald\u0131\u011f\u0131m en genel izlenim...","og_url":"http:\/\/atif.unaldi.org\/blog\/2002\/12\/27\/bilisimden-izlenimler-1\/","og_site_name":"At\u0131f \u00dcnald\u0131","article_publisher":"https:\/\/www.facebook.com\/atifunaldi","article_author":"https:\/\/www.facebook.com\/atifunaldi","article_published_time":"2002-12-27T00:00:00+00:00","author":"Atif Unaldi","twitter_card":"summary_large_image","twitter_creator":"@https:\/\/twitter.com\/atifunaldi","twitter_site":"@atifunaldi","twitter_misc":{"Yazan:":"Atif Unaldi","Tahmini okuma s\u00fcresi":"3 dakika"},"schema":{"@context":"https:\/\/schema.org","@graph":[{"@type":"Article","@id":"http:\/\/atif.unaldi.org\/blog\/2002\/12\/27\/bilisimden-izlenimler-1\/#article","isPartOf":{"@id":"http:\/\/atif.unaldi.org\/blog\/2002\/12\/27\/bilisimden-izlenimler-1\/"},"author":{"name":"Atif Unaldi","@id":"http:\/\/atif.unaldi.org\/blog\/#\/schema\/person\/608ed42ecbda2bc5cfdb767ac1db479b"},"headline":"Bili\u015fimden \u0130zlenimler 1","datePublished":"2002-12-27T00:00:00+00:00","mainEntityOfPage":{"@id":"http:\/\/atif.unaldi.org\/blog\/2002\/12\/27\/bilisimden-izlenimler-1\/"},"wordCount":561,"commentCount":0,"publisher":{"@id":"http:\/\/atif.unaldi.org\/blog\/#\/schema\/person\/608ed42ecbda2bc5cfdb767ac1db479b"},"articleSection":["Blogum"],"inLanguage":"tr","potentialAction":[{"@type":"CommentAction","name":"Comment","target":["http:\/\/atif.unaldi.org\/blog\/2002\/12\/27\/bilisimden-izlenimler-1\/#respond"]}]},{"@type":"WebPage","@id":"http:\/\/atif.unaldi.org\/blog\/2002\/12\/27\/bilisimden-izlenimler-1\/","url":"http:\/\/atif.unaldi.org\/blog\/2002\/12\/27\/bilisimden-izlenimler-1\/","name":"Bili\u015fimden \u0130zlenimler 1 - At\u0131f \u00dcnald\u0131","isPartOf":{"@id":"http:\/\/atif.unaldi.org\/blog\/#website"},"datePublished":"2002-12-27T00:00:00+00:00","breadcrumb":{"@id":"http:\/\/atif.unaldi.org\/blog\/2002\/12\/27\/bilisimden-izlenimler-1\/#breadcrumb"},"inLanguage":"tr","potentialAction":[{"@type":"ReadAction","target":["http:\/\/atif.unaldi.org\/blog\/2002\/12\/27\/bilisimden-izlenimler-1\/"]}]},{"@type":"BreadcrumbList","@id":"http:\/\/atif.unaldi.org\/blog\/2002\/12\/27\/bilisimden-izlenimler-1\/#breadcrumb","itemListElement":[{"@type":"ListItem","position":1,"name":"Anasayfa","item":"http:\/\/atif.unaldi.org\/blog\/"},{"@type":"ListItem","position":2,"name":"Bili\u015fimden \u0130zlenimler 1"}]},{"@type":"WebSite","@id":"http:\/\/atif.unaldi.org\/blog\/#website","url":"http:\/\/atif.unaldi.org\/blog\/","name":"At\u0131f \u00dcnald\u0131","description":"Yazar","publisher":{"@id":"http:\/\/atif.unaldi.org\/blog\/#\/schema\/person\/608ed42ecbda2bc5cfdb767ac1db479b"},"alternateName":"At\u0131f \u00dcnald\u0131 Blog","potentialAction":[{"@type":"SearchAction","target":{"@type":"EntryPoint","urlTemplate":"http:\/\/atif.unaldi.org\/blog\/?s={search_term_string}"},"query-input":{"@type":"PropertyValueSpecification","valueRequired":true,"valueName":"search_term_string"}}],"inLanguage":"tr"},{"@type":["Person","Organization"],"@id":"http:\/\/atif.unaldi.org\/blog\/#\/schema\/person\/608ed42ecbda2bc5cfdb767ac1db479b","name":"Atif Unaldi","image":{"@type":"ImageObject","inLanguage":"tr","@id":"http:\/\/atif.unaldi.org\/blog\/#\/schema\/person\/image\/","url":"http:\/\/atif.unaldi.org\/blog\/wp-content\/uploads\/2022\/10\/cropped-a94e8f7a-67c4-4d65-8a5f-032ba784be53-2.jpg","contentUrl":"http:\/\/atif.unaldi.org\/blog\/wp-content\/uploads\/2022\/10\/cropped-a94e8f7a-67c4-4d65-8a5f-032ba784be53-2.jpg","width":512,"height":512,"caption":"Atif Unaldi"},"logo":{"@id":"http:\/\/atif.unaldi.org\/blog\/#\/schema\/person\/image\/"},"description":"Bo\u011fazi\u00e7i \u00dcniversitesinde Fizik B\u00f6l\u00fcm\u00fc\u2019nde e\u011fitim ald\u0131\u011f\u0131 y\u0131llarda T\u00fcrkiye\u2019de ilk kez iki bilgisayar\u0131 telefon hatlar\u0131 \u00fczerinden konu\u015fturan BBS sistemini kurarak, T\u00fcrkiye\u2019deki ilk internet a\u011f\u0131n\u0131 olu\u015fturmu\u015ftur. Bir \u00e7ok radyo ve televizyonda program yap\u0131mc\u0131l\u0131\u011f\u0131 ve sunuculu\u011funu, bir \u00e7ok teknoloji dergisinde k\u00f6\u015fe yazarl\u0131\u011f\u0131, bili\u015fim edit\u00f6rl\u00fc\u011f\u00fc ve genel yay\u0131n y\u00f6netmenli\u011fi yapt\u0131. T\u00fcrkiye\u2019deki ilk internet servis sa\u011flay\u0131c\u0131s\u0131n\u0131n genel m\u00fcd\u00fcrl\u00fc\u011f\u00fcn\u00fc \u00fcstlendi. Bir \u00e7ok organizasyon ve kurulu\u015fta internet s\u00fcperviz\u00f6rl\u00fc\u011f\u00fc , webmaster\u2019l\u0131\u011f\u0131 , IT direkt\u00f6rl\u00fc\u011f\u00fc ve dijital projeler koordinat\u00f6rl\u00fc\u011f\u00fc g\u00f6revlerinde bulundu. Farkl\u0131 \u00fcniversitelerin farkl\u0131 fak\u00fcltelerinde \u00f6\u011fretim g\u00f6revlisi olarak bulunmu\u015f olan \u00dcnald\u0131; \u015fu an teknoloji ve pazarlama konular\u0131 ba\u015fta olmak \u00fczere bir\u00e7ok alanda hizmet veren Unaldi Consultancy\u2019nin kurucusudur. \u2028Selin \u00dcnald\u0131 ile evlidir. Su ve Toprak isminde iki \u00e7ocu\u011fu vard\u0131r.","sameAs":["http:\/\/atif.unaldi.org\/blog","https:\/\/www.facebook.com\/atifunaldi","https:\/\/www.instagram.com\/atifunaldi\/","https:\/\/www.linkedin.com\/in\/atifunaldi","https:\/\/x.com\/https:\/\/twitter.com\/atifunaldi","https:\/\/www.youtube.com\/c\/atifunaldi","https:\/\/soundcloud.com\/atif-unaldi","https:\/\/atifunaldi.tumblr.com"],"url":"http:\/\/atif.unaldi.org\/blog\/author\/atifunaldi\/"}]}},"jetpack_featured_media_url":"","_links":{"self":[{"href":"http:\/\/atif.unaldi.org\/blog\/wp-json\/wp\/v2\/posts\/433","targetHints":{"allow":["GET"]}}],"collection":[{"href":"http:\/\/atif.unaldi.org\/blog\/wp-json\/wp\/v2\/posts"}],"about":[{"href":"http:\/\/atif.unaldi.org\/blog\/wp-json\/wp\/v2\/types\/post"}],"author":[{"embeddable":true,"href":"http:\/\/atif.unaldi.org\/blog\/wp-json\/wp\/v2\/users\/2"}],"replies":[{"embeddable":true,"href":"http:\/\/atif.unaldi.org\/blog\/wp-json\/wp\/v2\/comments?post=433"}],"version-history":[{"count":0,"href":"http:\/\/atif.unaldi.org\/blog\/wp-json\/wp\/v2\/posts\/433\/revisions"}],"wp:attachment":[{"href":"http:\/\/atif.unaldi.org\/blog\/wp-json\/wp\/v2\/media?parent=433"}],"wp:term":[{"taxonomy":"category","embeddable":true,"href":"http:\/\/atif.unaldi.org\/blog\/wp-json\/wp\/v2\/categories?post=433"},{"taxonomy":"post_tag","embeddable":true,"href":"http:\/\/atif.unaldi.org\/blog\/wp-json\/wp\/v2\/tags?post=433"}],"curies":[{"name":"wp","href":"https:\/\/api.w.org\/{rel}","templated":true}]}}