{"id":454,"date":"2004-07-09T02:00:00","date_gmt":"2004-07-09T00:00:00","guid":{"rendered":"http:\/\/85.17.200.84\/~unaldi\/atif\/?p=454"},"modified":"2004-07-09T02:00:00","modified_gmt":"2004-07-09T00:00:00","slug":"gelecegi-gormek-icin-gecmise-bakmak-gerekir","status":"publish","type":"post","link":"http:\/\/atif.unaldi.org\/blog\/2004\/07\/09\/gelecegi-gormek-icin-gecmise-bakmak-gerekir\/","title":{"rendered":"Gelece\u011fi g\u00f6rmek i\u00e7in ge\u00e7mi\u015fe bakmak gerekir."},"content":{"rendered":"<p>Zeka k\u0131saca bulundu\u011fu ortama ayak uydurabilme sanat\u0131d\u0131r. \u0130nsano\u011flu bu sanat sayesinde medeniyeti \u015fu an i\u00e7inde bulundu\u011fumuz noktaya getirmi\u015ftir. Bu nedenle i\u00e7inde bulunulan durumla ilgili, ciddi huzursuzluklar zeki bir beynin asla yapmayaca\u011f\u0131 bir hareket olmal\u0131d\u0131r. Ben bili\u015fim sekt\u00f6r\u00fcnde i\u00e7inde bulunulan zor d\u00f6neme ra\u011fmen \u015fikayet eden bir kalabal\u0131\u011f\u0131n olaca\u011f\u0131na inanm\u0131yorum. T\u0131pk\u0131, \u015fikayet edenlerin ise uzun s\u00fcre bu sekt\u00f6rde bar\u0131nacakalr\u0131na inanmad\u0131\u011f\u0131m gibi&#8230;<br \/>\nHer ya\u015fayan olgu do\u011far, b\u00fcy\u00fcr, olgunla\u015f\u0131r ve \u00f6l\u00fcr. Do\u011fa bu geli\u015fimi biribirinin i\u00e7ine ekleyerek, m\u00fckemmel bir devaml\u0131l\u0131k sa\u011flar. \u0130\u00e7inde bulundu\u011fumuz sekt\u00f6r ge\u00e7en y\u0131l d\u00fcnyan\u0131n ya\u015fad\u0131\u011f\u0131 .com krizi ve T\u00fcrkiye&#8217;nin ya\u015fad\u0131\u011f\u0131 b\u00fcy\u00fck ekonomik krizlerle g\u00f6lgelendi. Ben bu krizlerin arkas\u0131ndan gelen d\u00f6nemi bir olgunla\u015fma d\u00f6nemi olarak g\u00f6r\u00fcyorum. Bu nedenle  herkesin aksine ben ge\u00e7en y\u0131l\u0131 b\u00fcy\u00fck bir \u015fans olarak g\u00f6r\u00fcyorum. Zira ya\u015fanan iki krizin biribirine yak\u0131n olmas\u0131 bir zorluk yaratmas\u0131na ra\u011fmen, T\u00fcrkiye&#8217;de sekt\u00f6r\u00fcn d\u00fcnya normlar\u0131n alt\u0131na d\u00fc\u015fmemesini sa\u011flad\u0131.<br \/>\nT\u00fcrkiye bu d\u00f6nemde internet daha net kavrad\u0131. Art\u0131k sekt\u00f6r\u00fcn d\u0131\u015f\u0131ndakiler bile internete bir medya g\u00f6z\u00fcyle bakmamaya ba\u015flad\u0131lar. Bu toplumsal bir bilin\u00e7lenmenin i\u015fareti. Tabii bu yolda gidilecek daha \u00e7ok kilometre ta\u015f\u0131 var.Ge\u00e7en y\u0131l sekt\u00f6r\u00fcn verimli bir \u00e7al\u0131\u015fma yap\u0131s\u0131 olu\u015fturamad\u0131\u011f\u0131 bu nedenle de kendi i\u00e7 dinamiklerini g\u00f6zden ge\u00e7irdi\u011fi bir d\u00f6nem oldu. T\u00fcrkiye&#8217;de internetle gelen b\u00fct\u00fcn olgular birkez daha derinden g\u00f6zden ge\u00e7irildi. Kriz sonras\u0131 d\u00f6nemde b\u00fcy\u00fck geli\u015fmeleri sa\u011flamak amac\u0131yla yeni ortakl\u0131klar yeni altyap\u0131lar olu\u015fturuldu. Bu geli\u015fmeler yokluk an\u0131nda yap\u0131ld\u0131\u011f\u0131 i\u00e7in analiz ve fizibilite \u00e7al\u0131\u015fmalar\u0131 son derece dikkatli yap\u0131ld\u0131. Bu nedenle gelecek d\u00f6nemde farkl\u0131 projelerle kar\u015f\u0131la\u015fmaya haz\u0131rl\u0131kl\u0131 olun.<br \/>\nD\u00fcnya ise bu d\u00f6nemde \u00f6ncelikli olarak CEO kriziyle u\u011fra\u015ft\u0131. Bu kriz olduk\u00e7a uzun s\u00fcrd\u00fc. Asl\u0131nda son d\u00f6nemde Wall Street Journal&#8217;\u0131n bili\u015fim ba\u015fl\u0131klar\u0131na bak\u0131l\u0131rsa, d\u00fcnya da yeni geli\u015fmelere gebe. Yahoo&#8217;nun hosting pazar\u0131na giri\u015fi, Microsoft&#8217;un ISS olmas\u0131 ve bu konuda hizmet sa\u011flamaya yani ASP&#8217;li\u011fe de ba\u015flamas\u0131 gelecek konusunda markalar\u0131n yeniden farkl\u0131 yerlere konumlanaaklar\u0131n\u0131 g\u00f6sterdi. Yeni olu\u015fan kulvarlardan biri de interaktif ajans ismiyle yerle\u015fen yeni bir sekt\u00f6r. Bu sekt\u00f6rdeki firmalar \u015fu anda interaktif i\u015flerle ilgileniyormu\u015f gibi g\u00f6r\u00fcnse de, d\u00fcnyadaki geli\u015fmeler bunun uzun vadede reklamc\u0131l\u0131k sekt\u00f6r\u00fcn\u00fcn ana ta\u015flar\u0131ndan biri olaca\u011f\u0131 yolunda.<br \/>\nSonu\u00e7 olarak ge\u00e7en y\u0131l ya\u015fad\u0131\u011f\u0131m\u0131z sorunlardan yola \u00e7\u0131karak, do\u011fru analizler yaparsak gelecek y\u0131l\u0131n verimli ge\u00e7ece\u011fi kesin. Tabii ki, ba\u015far\u0131l\u0131 bir y\u0131l\u0131n parametrelerinin en \u00f6nemlisi iyi bir ekonomi ama verimli bir y\u0131l i\u00e7in daha \u00f6nemli olan do\u011fru zamanda do\u011fru yerde olmak ki bunun i\u00e7in ya \u00e7ok iyi bir know-how yada g\u00fcvenilir bir dan\u0131\u015fman gerekir.<\/p>\n","protected":false},"excerpt":{"rendered":"<p>Zeka k\u0131saca bulundu\u011fu ortama ayak uydurabilme sanat\u0131d\u0131r. \u0130nsano\u011flu bu sanat sayesinde medeniyeti \u015fu an i\u00e7inde bulundu\u011fumuz noktaya getirmi\u015ftir. Bu nedenle i\u00e7inde bulunulan durumla ilgili, ciddi huzursuzluklar zeki bir beynin asla yapmayaca\u011f\u0131 bir hareket olmal\u0131d\u0131r. Ben&#8230;<\/p>\n","protected":false},"author":2,"featured_media":0,"comment_status":"open","ping_status":"open","sticky":false,"template":"","format":"standard","meta":{"footnotes":""},"categories":[3],"tags":[],"class_list":["post-454","post","type-post","status-publish","format-standard","hentry","category-blogum"],"yoast_head":"<!-- This site is optimized with the Yoast SEO plugin v26.8 - https:\/\/yoast.com\/product\/yoast-seo-wordpress\/ -->\n<title>Gelece\u011fi g\u00f6rmek i\u00e7in ge\u00e7mi\u015fe bakmak gerekir. - At\u0131f \u00dcnald\u0131<\/title>\n<meta name=\"robots\" content=\"index, follow, max-snippet:-1, max-image-preview:large, max-video-preview:-1\" \/>\n<link rel=\"canonical\" href=\"http:\/\/atif.unaldi.org\/blog\/2004\/07\/09\/gelecegi-gormek-icin-gecmise-bakmak-gerekir\/\" \/>\n<meta property=\"og:locale\" content=\"tr_TR\" \/>\n<meta property=\"og:type\" content=\"article\" \/>\n<meta property=\"og:title\" content=\"Gelece\u011fi g\u00f6rmek i\u00e7in ge\u00e7mi\u015fe bakmak gerekir. - At\u0131f \u00dcnald\u0131\" \/>\n<meta property=\"og:description\" content=\"Zeka k\u0131saca bulundu\u011fu ortama ayak uydurabilme sanat\u0131d\u0131r. \u0130nsano\u011flu bu sanat sayesinde medeniyeti \u015fu an i\u00e7inde bulundu\u011fumuz noktaya getirmi\u015ftir. Bu nedenle i\u00e7inde bulunulan durumla ilgili, ciddi huzursuzluklar zeki bir beynin asla yapmayaca\u011f\u0131 bir hareket olmal\u0131d\u0131r. Ben...\" \/>\n<meta property=\"og:url\" content=\"http:\/\/atif.unaldi.org\/blog\/2004\/07\/09\/gelecegi-gormek-icin-gecmise-bakmak-gerekir\/\" \/>\n<meta property=\"og:site_name\" content=\"At\u0131f \u00dcnald\u0131\" \/>\n<meta property=\"article:publisher\" content=\"https:\/\/www.facebook.com\/atifunaldi\" \/>\n<meta property=\"article:author\" content=\"https:\/\/www.facebook.com\/atifunaldi\" \/>\n<meta property=\"article:published_time\" content=\"2004-07-09T00:00:00+00:00\" \/>\n<meta name=\"author\" content=\"Atif Unaldi\" \/>\n<meta name=\"twitter:card\" content=\"summary_large_image\" \/>\n<meta name=\"twitter:creator\" content=\"@https:\/\/twitter.com\/atifunaldi\" \/>\n<meta name=\"twitter:site\" content=\"@atifunaldi\" \/>\n<meta name=\"twitter:label1\" content=\"Yazan:\" \/>\n\t<meta name=\"twitter:data1\" content=\"Atif Unaldi\" \/>\n\t<meta name=\"twitter:label2\" content=\"Tahmini okuma s\u00fcresi\" \/>\n\t<meta name=\"twitter:data2\" content=\"3 dakika\" \/>\n<script type=\"application\/ld+json\" class=\"yoast-schema-graph\">{\"@context\":\"https:\/\/schema.org\",\"@graph\":[{\"@type\":\"Article\",\"@id\":\"http:\/\/atif.unaldi.org\/blog\/2004\/07\/09\/gelecegi-gormek-icin-gecmise-bakmak-gerekir\/#article\",\"isPartOf\":{\"@id\":\"http:\/\/atif.unaldi.org\/blog\/2004\/07\/09\/gelecegi-gormek-icin-gecmise-bakmak-gerekir\/\"},\"author\":{\"name\":\"Atif Unaldi\",\"@id\":\"http:\/\/atif.unaldi.org\/blog\/#\/schema\/person\/608ed42ecbda2bc5cfdb767ac1db479b\"},\"headline\":\"Gelece\u011fi g\u00f6rmek i\u00e7in ge\u00e7mi\u015fe bakmak gerekir.\",\"datePublished\":\"2004-07-09T00:00:00+00:00\",\"mainEntityOfPage\":{\"@id\":\"http:\/\/atif.unaldi.org\/blog\/2004\/07\/09\/gelecegi-gormek-icin-gecmise-bakmak-gerekir\/\"},\"wordCount\":565,\"commentCount\":0,\"publisher\":{\"@id\":\"http:\/\/atif.unaldi.org\/blog\/#\/schema\/person\/608ed42ecbda2bc5cfdb767ac1db479b\"},\"articleSection\":[\"Blogum\"],\"inLanguage\":\"tr\",\"potentialAction\":[{\"@type\":\"CommentAction\",\"name\":\"Comment\",\"target\":[\"http:\/\/atif.unaldi.org\/blog\/2004\/07\/09\/gelecegi-gormek-icin-gecmise-bakmak-gerekir\/#respond\"]}]},{\"@type\":\"WebPage\",\"@id\":\"http:\/\/atif.unaldi.org\/blog\/2004\/07\/09\/gelecegi-gormek-icin-gecmise-bakmak-gerekir\/\",\"url\":\"http:\/\/atif.unaldi.org\/blog\/2004\/07\/09\/gelecegi-gormek-icin-gecmise-bakmak-gerekir\/\",\"name\":\"Gelece\u011fi g\u00f6rmek i\u00e7in ge\u00e7mi\u015fe bakmak gerekir. - At\u0131f \u00dcnald\u0131\",\"isPartOf\":{\"@id\":\"http:\/\/atif.unaldi.org\/blog\/#website\"},\"datePublished\":\"2004-07-09T00:00:00+00:00\",\"breadcrumb\":{\"@id\":\"http:\/\/atif.unaldi.org\/blog\/2004\/07\/09\/gelecegi-gormek-icin-gecmise-bakmak-gerekir\/#breadcrumb\"},\"inLanguage\":\"tr\",\"potentialAction\":[{\"@type\":\"ReadAction\",\"target\":[\"http:\/\/atif.unaldi.org\/blog\/2004\/07\/09\/gelecegi-gormek-icin-gecmise-bakmak-gerekir\/\"]}]},{\"@type\":\"BreadcrumbList\",\"@id\":\"http:\/\/atif.unaldi.org\/blog\/2004\/07\/09\/gelecegi-gormek-icin-gecmise-bakmak-gerekir\/#breadcrumb\",\"itemListElement\":[{\"@type\":\"ListItem\",\"position\":1,\"name\":\"Anasayfa\",\"item\":\"http:\/\/atif.unaldi.org\/blog\/\"},{\"@type\":\"ListItem\",\"position\":2,\"name\":\"Gelece\u011fi g\u00f6rmek i\u00e7in ge\u00e7mi\u015fe bakmak gerekir.\"}]},{\"@type\":\"WebSite\",\"@id\":\"http:\/\/atif.unaldi.org\/blog\/#website\",\"url\":\"http:\/\/atif.unaldi.org\/blog\/\",\"name\":\"At\u0131f \u00dcnald\u0131\",\"description\":\"Yazar\",\"publisher\":{\"@id\":\"http:\/\/atif.unaldi.org\/blog\/#\/schema\/person\/608ed42ecbda2bc5cfdb767ac1db479b\"},\"alternateName\":\"At\u0131f \u00dcnald\u0131 Blog\",\"potentialAction\":[{\"@type\":\"SearchAction\",\"target\":{\"@type\":\"EntryPoint\",\"urlTemplate\":\"http:\/\/atif.unaldi.org\/blog\/?s={search_term_string}\"},\"query-input\":{\"@type\":\"PropertyValueSpecification\",\"valueRequired\":true,\"valueName\":\"search_term_string\"}}],\"inLanguage\":\"tr\"},{\"@type\":[\"Person\",\"Organization\"],\"@id\":\"http:\/\/atif.unaldi.org\/blog\/#\/schema\/person\/608ed42ecbda2bc5cfdb767ac1db479b\",\"name\":\"Atif Unaldi\",\"image\":{\"@type\":\"ImageObject\",\"inLanguage\":\"tr\",\"@id\":\"http:\/\/atif.unaldi.org\/blog\/#\/schema\/person\/image\/\",\"url\":\"http:\/\/atif.unaldi.org\/blog\/wp-content\/uploads\/2022\/10\/cropped-a94e8f7a-67c4-4d65-8a5f-032ba784be53-2.jpg\",\"contentUrl\":\"http:\/\/atif.unaldi.org\/blog\/wp-content\/uploads\/2022\/10\/cropped-a94e8f7a-67c4-4d65-8a5f-032ba784be53-2.jpg\",\"width\":512,\"height\":512,\"caption\":\"Atif Unaldi\"},\"logo\":{\"@id\":\"http:\/\/atif.unaldi.org\/blog\/#\/schema\/person\/image\/\"},\"description\":\"Bo\u011fazi\u00e7i \u00dcniversitesinde Fizik B\u00f6l\u00fcm\u00fc\u2019nde e\u011fitim ald\u0131\u011f\u0131 y\u0131llarda T\u00fcrkiye\u2019de ilk kez iki bilgisayar\u0131 telefon hatlar\u0131 \u00fczerinden konu\u015fturan BBS sistemini kurarak, T\u00fcrkiye\u2019deki ilk internet a\u011f\u0131n\u0131 olu\u015fturmu\u015ftur. Bir \u00e7ok radyo ve televizyonda program yap\u0131mc\u0131l\u0131\u011f\u0131 ve sunuculu\u011funu, bir \u00e7ok teknoloji dergisinde k\u00f6\u015fe yazarl\u0131\u011f\u0131, bili\u015fim edit\u00f6rl\u00fc\u011f\u00fc ve genel yay\u0131n y\u00f6netmenli\u011fi yapt\u0131. T\u00fcrkiye\u2019deki ilk internet servis sa\u011flay\u0131c\u0131s\u0131n\u0131n genel m\u00fcd\u00fcrl\u00fc\u011f\u00fcn\u00fc \u00fcstlendi. Bir \u00e7ok organizasyon ve kurulu\u015fta internet s\u00fcperviz\u00f6rl\u00fc\u011f\u00fc , webmaster\u2019l\u0131\u011f\u0131 , IT direkt\u00f6rl\u00fc\u011f\u00fc ve dijital projeler koordinat\u00f6rl\u00fc\u011f\u00fc g\u00f6revlerinde bulundu. Farkl\u0131 \u00fcniversitelerin farkl\u0131 fak\u00fcltelerinde \u00f6\u011fretim g\u00f6revlisi olarak bulunmu\u015f olan \u00dcnald\u0131; \u015fu an teknoloji ve pazarlama konular\u0131 ba\u015fta olmak \u00fczere bir\u00e7ok alanda hizmet veren Unaldi Consultancy\u2019nin kurucusudur. \\u2028Selin \u00dcnald\u0131 ile evlidir. Su ve Toprak isminde iki \u00e7ocu\u011fu vard\u0131r.\",\"sameAs\":[\"http:\/\/atif.unaldi.org\/blog\",\"https:\/\/www.facebook.com\/atifunaldi\",\"https:\/\/www.instagram.com\/atifunaldi\/\",\"https:\/\/www.linkedin.com\/in\/atifunaldi\",\"https:\/\/x.com\/https:\/\/twitter.com\/atifunaldi\",\"https:\/\/www.youtube.com\/c\/atifunaldi\",\"https:\/\/soundcloud.com\/atif-unaldi\",\"https:\/\/atifunaldi.tumblr.com\"],\"url\":\"http:\/\/atif.unaldi.org\/blog\/author\/atifunaldi\/\"}]}<\/script>\n<!-- \/ Yoast SEO plugin. -->","yoast_head_json":{"title":"Gelece\u011fi g\u00f6rmek i\u00e7in ge\u00e7mi\u015fe bakmak gerekir. - At\u0131f \u00dcnald\u0131","robots":{"index":"index","follow":"follow","max-snippet":"max-snippet:-1","max-image-preview":"max-image-preview:large","max-video-preview":"max-video-preview:-1"},"canonical":"http:\/\/atif.unaldi.org\/blog\/2004\/07\/09\/gelecegi-gormek-icin-gecmise-bakmak-gerekir\/","og_locale":"tr_TR","og_type":"article","og_title":"Gelece\u011fi g\u00f6rmek i\u00e7in ge\u00e7mi\u015fe bakmak gerekir. - At\u0131f \u00dcnald\u0131","og_description":"Zeka k\u0131saca bulundu\u011fu ortama ayak uydurabilme sanat\u0131d\u0131r. \u0130nsano\u011flu bu sanat sayesinde medeniyeti \u015fu an i\u00e7inde bulundu\u011fumuz noktaya getirmi\u015ftir. Bu nedenle i\u00e7inde bulunulan durumla ilgili, ciddi huzursuzluklar zeki bir beynin asla yapmayaca\u011f\u0131 bir hareket olmal\u0131d\u0131r. Ben...","og_url":"http:\/\/atif.unaldi.org\/blog\/2004\/07\/09\/gelecegi-gormek-icin-gecmise-bakmak-gerekir\/","og_site_name":"At\u0131f \u00dcnald\u0131","article_publisher":"https:\/\/www.facebook.com\/atifunaldi","article_author":"https:\/\/www.facebook.com\/atifunaldi","article_published_time":"2004-07-09T00:00:00+00:00","author":"Atif Unaldi","twitter_card":"summary_large_image","twitter_creator":"@https:\/\/twitter.com\/atifunaldi","twitter_site":"@atifunaldi","twitter_misc":{"Yazan:":"Atif Unaldi","Tahmini okuma s\u00fcresi":"3 dakika"},"schema":{"@context":"https:\/\/schema.org","@graph":[{"@type":"Article","@id":"http:\/\/atif.unaldi.org\/blog\/2004\/07\/09\/gelecegi-gormek-icin-gecmise-bakmak-gerekir\/#article","isPartOf":{"@id":"http:\/\/atif.unaldi.org\/blog\/2004\/07\/09\/gelecegi-gormek-icin-gecmise-bakmak-gerekir\/"},"author":{"name":"Atif Unaldi","@id":"http:\/\/atif.unaldi.org\/blog\/#\/schema\/person\/608ed42ecbda2bc5cfdb767ac1db479b"},"headline":"Gelece\u011fi g\u00f6rmek i\u00e7in ge\u00e7mi\u015fe bakmak gerekir.","datePublished":"2004-07-09T00:00:00+00:00","mainEntityOfPage":{"@id":"http:\/\/atif.unaldi.org\/blog\/2004\/07\/09\/gelecegi-gormek-icin-gecmise-bakmak-gerekir\/"},"wordCount":565,"commentCount":0,"publisher":{"@id":"http:\/\/atif.unaldi.org\/blog\/#\/schema\/person\/608ed42ecbda2bc5cfdb767ac1db479b"},"articleSection":["Blogum"],"inLanguage":"tr","potentialAction":[{"@type":"CommentAction","name":"Comment","target":["http:\/\/atif.unaldi.org\/blog\/2004\/07\/09\/gelecegi-gormek-icin-gecmise-bakmak-gerekir\/#respond"]}]},{"@type":"WebPage","@id":"http:\/\/atif.unaldi.org\/blog\/2004\/07\/09\/gelecegi-gormek-icin-gecmise-bakmak-gerekir\/","url":"http:\/\/atif.unaldi.org\/blog\/2004\/07\/09\/gelecegi-gormek-icin-gecmise-bakmak-gerekir\/","name":"Gelece\u011fi g\u00f6rmek i\u00e7in ge\u00e7mi\u015fe bakmak gerekir. - At\u0131f \u00dcnald\u0131","isPartOf":{"@id":"http:\/\/atif.unaldi.org\/blog\/#website"},"datePublished":"2004-07-09T00:00:00+00:00","breadcrumb":{"@id":"http:\/\/atif.unaldi.org\/blog\/2004\/07\/09\/gelecegi-gormek-icin-gecmise-bakmak-gerekir\/#breadcrumb"},"inLanguage":"tr","potentialAction":[{"@type":"ReadAction","target":["http:\/\/atif.unaldi.org\/blog\/2004\/07\/09\/gelecegi-gormek-icin-gecmise-bakmak-gerekir\/"]}]},{"@type":"BreadcrumbList","@id":"http:\/\/atif.unaldi.org\/blog\/2004\/07\/09\/gelecegi-gormek-icin-gecmise-bakmak-gerekir\/#breadcrumb","itemListElement":[{"@type":"ListItem","position":1,"name":"Anasayfa","item":"http:\/\/atif.unaldi.org\/blog\/"},{"@type":"ListItem","position":2,"name":"Gelece\u011fi g\u00f6rmek i\u00e7in ge\u00e7mi\u015fe bakmak gerekir."}]},{"@type":"WebSite","@id":"http:\/\/atif.unaldi.org\/blog\/#website","url":"http:\/\/atif.unaldi.org\/blog\/","name":"At\u0131f \u00dcnald\u0131","description":"Yazar","publisher":{"@id":"http:\/\/atif.unaldi.org\/blog\/#\/schema\/person\/608ed42ecbda2bc5cfdb767ac1db479b"},"alternateName":"At\u0131f \u00dcnald\u0131 Blog","potentialAction":[{"@type":"SearchAction","target":{"@type":"EntryPoint","urlTemplate":"http:\/\/atif.unaldi.org\/blog\/?s={search_term_string}"},"query-input":{"@type":"PropertyValueSpecification","valueRequired":true,"valueName":"search_term_string"}}],"inLanguage":"tr"},{"@type":["Person","Organization"],"@id":"http:\/\/atif.unaldi.org\/blog\/#\/schema\/person\/608ed42ecbda2bc5cfdb767ac1db479b","name":"Atif Unaldi","image":{"@type":"ImageObject","inLanguage":"tr","@id":"http:\/\/atif.unaldi.org\/blog\/#\/schema\/person\/image\/","url":"http:\/\/atif.unaldi.org\/blog\/wp-content\/uploads\/2022\/10\/cropped-a94e8f7a-67c4-4d65-8a5f-032ba784be53-2.jpg","contentUrl":"http:\/\/atif.unaldi.org\/blog\/wp-content\/uploads\/2022\/10\/cropped-a94e8f7a-67c4-4d65-8a5f-032ba784be53-2.jpg","width":512,"height":512,"caption":"Atif Unaldi"},"logo":{"@id":"http:\/\/atif.unaldi.org\/blog\/#\/schema\/person\/image\/"},"description":"Bo\u011fazi\u00e7i \u00dcniversitesinde Fizik B\u00f6l\u00fcm\u00fc\u2019nde e\u011fitim ald\u0131\u011f\u0131 y\u0131llarda T\u00fcrkiye\u2019de ilk kez iki bilgisayar\u0131 telefon hatlar\u0131 \u00fczerinden konu\u015fturan BBS sistemini kurarak, T\u00fcrkiye\u2019deki ilk internet a\u011f\u0131n\u0131 olu\u015fturmu\u015ftur. Bir \u00e7ok radyo ve televizyonda program yap\u0131mc\u0131l\u0131\u011f\u0131 ve sunuculu\u011funu, bir \u00e7ok teknoloji dergisinde k\u00f6\u015fe yazarl\u0131\u011f\u0131, bili\u015fim edit\u00f6rl\u00fc\u011f\u00fc ve genel yay\u0131n y\u00f6netmenli\u011fi yapt\u0131. T\u00fcrkiye\u2019deki ilk internet servis sa\u011flay\u0131c\u0131s\u0131n\u0131n genel m\u00fcd\u00fcrl\u00fc\u011f\u00fcn\u00fc \u00fcstlendi. Bir \u00e7ok organizasyon ve kurulu\u015fta internet s\u00fcperviz\u00f6rl\u00fc\u011f\u00fc , webmaster\u2019l\u0131\u011f\u0131 , IT direkt\u00f6rl\u00fc\u011f\u00fc ve dijital projeler koordinat\u00f6rl\u00fc\u011f\u00fc g\u00f6revlerinde bulundu. Farkl\u0131 \u00fcniversitelerin farkl\u0131 fak\u00fcltelerinde \u00f6\u011fretim g\u00f6revlisi olarak bulunmu\u015f olan \u00dcnald\u0131; \u015fu an teknoloji ve pazarlama konular\u0131 ba\u015fta olmak \u00fczere bir\u00e7ok alanda hizmet veren Unaldi Consultancy\u2019nin kurucusudur. \u2028Selin \u00dcnald\u0131 ile evlidir. Su ve Toprak isminde iki \u00e7ocu\u011fu vard\u0131r.","sameAs":["http:\/\/atif.unaldi.org\/blog","https:\/\/www.facebook.com\/atifunaldi","https:\/\/www.instagram.com\/atifunaldi\/","https:\/\/www.linkedin.com\/in\/atifunaldi","https:\/\/x.com\/https:\/\/twitter.com\/atifunaldi","https:\/\/www.youtube.com\/c\/atifunaldi","https:\/\/soundcloud.com\/atif-unaldi","https:\/\/atifunaldi.tumblr.com"],"url":"http:\/\/atif.unaldi.org\/blog\/author\/atifunaldi\/"}]}},"jetpack_featured_media_url":"","_links":{"self":[{"href":"http:\/\/atif.unaldi.org\/blog\/wp-json\/wp\/v2\/posts\/454","targetHints":{"allow":["GET"]}}],"collection":[{"href":"http:\/\/atif.unaldi.org\/blog\/wp-json\/wp\/v2\/posts"}],"about":[{"href":"http:\/\/atif.unaldi.org\/blog\/wp-json\/wp\/v2\/types\/post"}],"author":[{"embeddable":true,"href":"http:\/\/atif.unaldi.org\/blog\/wp-json\/wp\/v2\/users\/2"}],"replies":[{"embeddable":true,"href":"http:\/\/atif.unaldi.org\/blog\/wp-json\/wp\/v2\/comments?post=454"}],"version-history":[{"count":0,"href":"http:\/\/atif.unaldi.org\/blog\/wp-json\/wp\/v2\/posts\/454\/revisions"}],"wp:attachment":[{"href":"http:\/\/atif.unaldi.org\/blog\/wp-json\/wp\/v2\/media?parent=454"}],"wp:term":[{"taxonomy":"category","embeddable":true,"href":"http:\/\/atif.unaldi.org\/blog\/wp-json\/wp\/v2\/categories?post=454"},{"taxonomy":"post_tag","embeddable":true,"href":"http:\/\/atif.unaldi.org\/blog\/wp-json\/wp\/v2\/tags?post=454"}],"curies":[{"name":"wp","href":"https:\/\/api.w.org\/{rel}","templated":true}]}}