{"id":456,"date":"2004-07-09T02:00:00","date_gmt":"2004-07-09T00:00:00","guid":{"rendered":"http:\/\/85.17.200.84\/~unaldi\/atif\/?p=456"},"modified":"2004-07-09T02:00:00","modified_gmt":"2004-07-09T00:00:00","slug":"kralimizdan-duyrulur","status":"publish","type":"post","link":"http:\/\/atif.unaldi.org\/blog\/2004\/07\/09\/kralimizdan-duyrulur\/","title":{"rendered":"Kral\u0131m\u0131zdan duyrulur"},"content":{"rendered":"<p>Bili\u015fim krall\u0131\u011f\u0131n\u0131n kumandanlar\u0131 son birka\u00e7 y\u0131ld\u0131r duvarlar ve ta\u015flar \u00fclkesiyle verdi\u011fimiz sava\u015f sulhla sonu\u00e7land\u0131. Bu ge\u00e7ici sulh ka\u00e7\u0131n\u0131lmaz zaferimizi kazanmak i\u00e7in sahip oldu\u011fumuz s\u00fcredir. Zafer her ne kadar ka\u00e7\u0131n\u0131lmaz olsa da bizim i\u00e7in cepheler her ge\u00e7en g\u00fcn artmaktad\u0131r. D\u00fcnya krall\u0131\u011f\u0131m\u0131z s\u0131n\u0131rlar\u0131 i\u00e7inde ya\u015fayaca\u011f\u0131 bar\u0131\u015f ve g\u00fcven dolu on y\u0131llara girme konusunda defans g\u00f6stermektedir. Ama g\u00fcc\u00fcn merkezi ve gelece\u011fin ka\u00e7\u0131n\u0131lmaz altyap\u0131s\u0131 ileti\u015fim s\u0131n\u0131rlar\u0131 i\u00e7inde kurulacakt\u0131r. Yani zaferin ka\u00e7\u0131n\u0131lmaz oldu\u011fu sadece sava\u015f\u0131n iki cephesinde de bilinmektedir.<\/p>\n<p>Aye\u015fkesteki amac\u0131m\u0131z sadece m\u00fcstakbel milletimizin, yani kar\u015f\u0131 cephenin daha fazla kay\u0131p vermesini engellemektir. Tabii ki zaferimizi kabul etmeyip, isyan edenler olacakt\u0131r ve daha \u00f6nce de olmu\u015ftur ama unutmay\u0131n mant\u0131kl\u0131 bir ba\u015fkald\u0131r\u0131 entellekt\u00fcel arg\u00fcmanlar gerektirir ve b\u00fct\u00fcn arg\u00fcmanlar bizim yan\u0131m\u0131zdad\u0131r.<\/p>\n<p>Kumandanlar i\u015fte bu durum ve vaziyette iken, aran\u0131zda say\u0131lar\u0131n\u0131n \u00e7ok fazla olmad\u0131\u011f\u0131n\u0131 bildi\u011fim bir grup zafere olan inanc\u0131n\u0131 yitirmi\u015f ve kazand\u0131\u011f\u0131 k\u00fc\u00e7\u00fck topraklar\u0131n, zavall\u0131 kalelerin derebeyleri olma yolunda fikirler i\u00e7indedirler. Unutmay\u0131n ki k\u00fc\u00e7\u00fck kaleler k\u00fc\u00e7\u00fck insanlar\u0131 korur. Bar\u0131\u015f dolu, g\u00fcvenilir imparatorluklar\u0131n temeli bir iki kaleden daha fazlas\u0131n\u0131 gerektirir. K\u00fc\u00e7\u00fck ama\u00e7lar u\u011fruna b\u00fcy\u00fck ereklerden vazge\u00e7mek, sadece k\u00fc\u00e7\u00fck insanlar\u0131 ge\u00e7ici bir s\u00fcre mutlu k\u0131lar.<\/p>\n<p>B\u00fcy\u00fck ordular ise hep birlikte kazan\u0131rlar. Bu y\u00fczden kap\u0131lar\u0131m\u0131z her gelene a\u00e7\u0131kt\u0131r. Ka\u00e7\u0131n\u0131lmaz kaderimiz kazanmak, zferimiz daim ve kuvvetlidir. Unutmay\u0131n sava\u015f\u0131 kazanmak bir sonu\u00e7 de\u011fil ba\u015flang\u0131\u00e7t\u0131r ve her iktidar bir sorumluluk getirir. Ben size g\u00fc\u00e7,h\u00fckmedece\u011finiz topraklar ve mahvedece\u011finiz bir d\u00fcnya vaadetmiyorum. Ben size \u00e7ocuklar\u0131n\u0131za b\u0131rakaca\u011f\u0131n\u0131z mutlu bir ya\u015fam ve y\u00fczy\u0131llarca dillerde dola\u015facak isimler vaadediyorum. Bu sizce bu u\u011furda \u00f6lmeye de\u011fmez mi?<\/p>\n<p>Baz\u0131lar\u0131n\u0131z g\u00f6zlerini kazan\u0131lm\u0131\u015f topraklara dikmi\u015f \u00f6ylece duruyor. Soruyorum size ve sorunun sonuna da \u00fcnlem koymuyorum sizi \u00f6zg\u00fcr b\u0131rakmak i\u00e7in. Bir tek kale i\u00e7in kral\u0131n\u0131zdan vazge\u00e7er misiniz?<\/p>\n","protected":false},"excerpt":{"rendered":"<p>Bili\u015fim krall\u0131\u011f\u0131n\u0131n kumandanlar\u0131 son birka\u00e7 y\u0131ld\u0131r duvarlar ve ta\u015flar \u00fclkesiyle verdi\u011fimiz sava\u015f sulhla sonu\u00e7land\u0131. Bu ge\u00e7ici sulh ka\u00e7\u0131n\u0131lmaz zaferimizi kazanmak i\u00e7in sahip oldu\u011fumuz s\u00fcredir. Zafer her ne kadar ka\u00e7\u0131n\u0131lmaz olsa da bizim i\u00e7in cepheler her&#8230;<\/p>\n","protected":false},"author":2,"featured_media":0,"comment_status":"open","ping_status":"open","sticky":false,"template":"","format":"standard","meta":{"footnotes":""},"categories":[3],"tags":[],"class_list":["post-456","post","type-post","status-publish","format-standard","hentry","category-blogum"],"yoast_head":"<!-- This site is optimized with the Yoast SEO plugin v26.8 - https:\/\/yoast.com\/product\/yoast-seo-wordpress\/ -->\n<title>Kral\u0131m\u0131zdan duyrulur - At\u0131f \u00dcnald\u0131<\/title>\n<meta name=\"robots\" content=\"index, follow, max-snippet:-1, max-image-preview:large, max-video-preview:-1\" \/>\n<link rel=\"canonical\" href=\"http:\/\/atif.unaldi.org\/blog\/2004\/07\/09\/kralimizdan-duyrulur\/\" \/>\n<meta property=\"og:locale\" content=\"tr_TR\" \/>\n<meta property=\"og:type\" content=\"article\" \/>\n<meta property=\"og:title\" content=\"Kral\u0131m\u0131zdan duyrulur - At\u0131f \u00dcnald\u0131\" \/>\n<meta property=\"og:description\" content=\"Bili\u015fim krall\u0131\u011f\u0131n\u0131n kumandanlar\u0131 son birka\u00e7 y\u0131ld\u0131r duvarlar ve ta\u015flar \u00fclkesiyle verdi\u011fimiz sava\u015f sulhla sonu\u00e7land\u0131. Bu ge\u00e7ici sulh ka\u00e7\u0131n\u0131lmaz zaferimizi kazanmak i\u00e7in sahip oldu\u011fumuz s\u00fcredir. Zafer her ne kadar ka\u00e7\u0131n\u0131lmaz olsa da bizim i\u00e7in cepheler her...\" \/>\n<meta property=\"og:url\" content=\"http:\/\/atif.unaldi.org\/blog\/2004\/07\/09\/kralimizdan-duyrulur\/\" \/>\n<meta property=\"og:site_name\" content=\"At\u0131f \u00dcnald\u0131\" \/>\n<meta property=\"article:publisher\" content=\"https:\/\/www.facebook.com\/atifunaldi\" \/>\n<meta property=\"article:author\" content=\"https:\/\/www.facebook.com\/atifunaldi\" \/>\n<meta property=\"article:published_time\" content=\"2004-07-09T00:00:00+00:00\" \/>\n<meta name=\"author\" content=\"Atif Unaldi\" \/>\n<meta name=\"twitter:card\" content=\"summary_large_image\" \/>\n<meta name=\"twitter:creator\" content=\"@https:\/\/twitter.com\/atifunaldi\" \/>\n<meta name=\"twitter:site\" content=\"@atifunaldi\" \/>\n<meta name=\"twitter:label1\" content=\"Yazan:\" \/>\n\t<meta name=\"twitter:data1\" content=\"Atif Unaldi\" \/>\n\t<meta name=\"twitter:label2\" content=\"Tahmini okuma s\u00fcresi\" \/>\n\t<meta name=\"twitter:data2\" content=\"2 dakika\" \/>\n<script type=\"application\/ld+json\" class=\"yoast-schema-graph\">{\"@context\":\"https:\/\/schema.org\",\"@graph\":[{\"@type\":\"Article\",\"@id\":\"http:\/\/atif.unaldi.org\/blog\/2004\/07\/09\/kralimizdan-duyrulur\/#article\",\"isPartOf\":{\"@id\":\"http:\/\/atif.unaldi.org\/blog\/2004\/07\/09\/kralimizdan-duyrulur\/\"},\"author\":{\"name\":\"Atif Unaldi\",\"@id\":\"http:\/\/atif.unaldi.org\/blog\/#\/schema\/person\/608ed42ecbda2bc5cfdb767ac1db479b\"},\"headline\":\"Kral\u0131m\u0131zdan duyrulur\",\"datePublished\":\"2004-07-09T00:00:00+00:00\",\"mainEntityOfPage\":{\"@id\":\"http:\/\/atif.unaldi.org\/blog\/2004\/07\/09\/kralimizdan-duyrulur\/\"},\"wordCount\":401,\"commentCount\":0,\"publisher\":{\"@id\":\"http:\/\/atif.unaldi.org\/blog\/#\/schema\/person\/608ed42ecbda2bc5cfdb767ac1db479b\"},\"articleSection\":[\"Blogum\"],\"inLanguage\":\"tr\",\"potentialAction\":[{\"@type\":\"CommentAction\",\"name\":\"Comment\",\"target\":[\"http:\/\/atif.unaldi.org\/blog\/2004\/07\/09\/kralimizdan-duyrulur\/#respond\"]}]},{\"@type\":\"WebPage\",\"@id\":\"http:\/\/atif.unaldi.org\/blog\/2004\/07\/09\/kralimizdan-duyrulur\/\",\"url\":\"http:\/\/atif.unaldi.org\/blog\/2004\/07\/09\/kralimizdan-duyrulur\/\",\"name\":\"Kral\u0131m\u0131zdan duyrulur - At\u0131f \u00dcnald\u0131\",\"isPartOf\":{\"@id\":\"http:\/\/atif.unaldi.org\/blog\/#website\"},\"datePublished\":\"2004-07-09T00:00:00+00:00\",\"breadcrumb\":{\"@id\":\"http:\/\/atif.unaldi.org\/blog\/2004\/07\/09\/kralimizdan-duyrulur\/#breadcrumb\"},\"inLanguage\":\"tr\",\"potentialAction\":[{\"@type\":\"ReadAction\",\"target\":[\"http:\/\/atif.unaldi.org\/blog\/2004\/07\/09\/kralimizdan-duyrulur\/\"]}]},{\"@type\":\"BreadcrumbList\",\"@id\":\"http:\/\/atif.unaldi.org\/blog\/2004\/07\/09\/kralimizdan-duyrulur\/#breadcrumb\",\"itemListElement\":[{\"@type\":\"ListItem\",\"position\":1,\"name\":\"Anasayfa\",\"item\":\"http:\/\/atif.unaldi.org\/blog\/\"},{\"@type\":\"ListItem\",\"position\":2,\"name\":\"Kral\u0131m\u0131zdan duyrulur\"}]},{\"@type\":\"WebSite\",\"@id\":\"http:\/\/atif.unaldi.org\/blog\/#website\",\"url\":\"http:\/\/atif.unaldi.org\/blog\/\",\"name\":\"At\u0131f \u00dcnald\u0131\",\"description\":\"Yazar\",\"publisher\":{\"@id\":\"http:\/\/atif.unaldi.org\/blog\/#\/schema\/person\/608ed42ecbda2bc5cfdb767ac1db479b\"},\"alternateName\":\"At\u0131f \u00dcnald\u0131 Blog\",\"potentialAction\":[{\"@type\":\"SearchAction\",\"target\":{\"@type\":\"EntryPoint\",\"urlTemplate\":\"http:\/\/atif.unaldi.org\/blog\/?s={search_term_string}\"},\"query-input\":{\"@type\":\"PropertyValueSpecification\",\"valueRequired\":true,\"valueName\":\"search_term_string\"}}],\"inLanguage\":\"tr\"},{\"@type\":[\"Person\",\"Organization\"],\"@id\":\"http:\/\/atif.unaldi.org\/blog\/#\/schema\/person\/608ed42ecbda2bc5cfdb767ac1db479b\",\"name\":\"Atif Unaldi\",\"image\":{\"@type\":\"ImageObject\",\"inLanguage\":\"tr\",\"@id\":\"http:\/\/atif.unaldi.org\/blog\/#\/schema\/person\/image\/\",\"url\":\"http:\/\/atif.unaldi.org\/blog\/wp-content\/uploads\/2022\/10\/cropped-a94e8f7a-67c4-4d65-8a5f-032ba784be53-2.jpg\",\"contentUrl\":\"http:\/\/atif.unaldi.org\/blog\/wp-content\/uploads\/2022\/10\/cropped-a94e8f7a-67c4-4d65-8a5f-032ba784be53-2.jpg\",\"width\":512,\"height\":512,\"caption\":\"Atif Unaldi\"},\"logo\":{\"@id\":\"http:\/\/atif.unaldi.org\/blog\/#\/schema\/person\/image\/\"},\"description\":\"Bo\u011fazi\u00e7i \u00dcniversitesinde Fizik B\u00f6l\u00fcm\u00fc\u2019nde e\u011fitim ald\u0131\u011f\u0131 y\u0131llarda T\u00fcrkiye\u2019de ilk kez iki bilgisayar\u0131 telefon hatlar\u0131 \u00fczerinden konu\u015fturan BBS sistemini kurarak, T\u00fcrkiye\u2019deki ilk internet a\u011f\u0131n\u0131 olu\u015fturmu\u015ftur. Bir \u00e7ok radyo ve televizyonda program yap\u0131mc\u0131l\u0131\u011f\u0131 ve sunuculu\u011funu, bir \u00e7ok teknoloji dergisinde k\u00f6\u015fe yazarl\u0131\u011f\u0131, bili\u015fim edit\u00f6rl\u00fc\u011f\u00fc ve genel yay\u0131n y\u00f6netmenli\u011fi yapt\u0131. T\u00fcrkiye\u2019deki ilk internet servis sa\u011flay\u0131c\u0131s\u0131n\u0131n genel m\u00fcd\u00fcrl\u00fc\u011f\u00fcn\u00fc \u00fcstlendi. Bir \u00e7ok organizasyon ve kurulu\u015fta internet s\u00fcperviz\u00f6rl\u00fc\u011f\u00fc , webmaster\u2019l\u0131\u011f\u0131 , IT direkt\u00f6rl\u00fc\u011f\u00fc ve dijital projeler koordinat\u00f6rl\u00fc\u011f\u00fc g\u00f6revlerinde bulundu. Farkl\u0131 \u00fcniversitelerin farkl\u0131 fak\u00fcltelerinde \u00f6\u011fretim g\u00f6revlisi olarak bulunmu\u015f olan \u00dcnald\u0131; \u015fu an teknoloji ve pazarlama konular\u0131 ba\u015fta olmak \u00fczere bir\u00e7ok alanda hizmet veren Unaldi Consultancy\u2019nin kurucusudur. \\u2028Selin \u00dcnald\u0131 ile evlidir. Su ve Toprak isminde iki \u00e7ocu\u011fu vard\u0131r.\",\"sameAs\":[\"http:\/\/atif.unaldi.org\/blog\",\"https:\/\/www.facebook.com\/atifunaldi\",\"https:\/\/www.instagram.com\/atifunaldi\/\",\"https:\/\/www.linkedin.com\/in\/atifunaldi\",\"https:\/\/x.com\/https:\/\/twitter.com\/atifunaldi\",\"https:\/\/www.youtube.com\/c\/atifunaldi\",\"https:\/\/soundcloud.com\/atif-unaldi\",\"https:\/\/atifunaldi.tumblr.com\"],\"url\":\"http:\/\/atif.unaldi.org\/blog\/author\/atifunaldi\/\"}]}<\/script>\n<!-- \/ Yoast SEO plugin. -->","yoast_head_json":{"title":"Kral\u0131m\u0131zdan duyrulur - At\u0131f \u00dcnald\u0131","robots":{"index":"index","follow":"follow","max-snippet":"max-snippet:-1","max-image-preview":"max-image-preview:large","max-video-preview":"max-video-preview:-1"},"canonical":"http:\/\/atif.unaldi.org\/blog\/2004\/07\/09\/kralimizdan-duyrulur\/","og_locale":"tr_TR","og_type":"article","og_title":"Kral\u0131m\u0131zdan duyrulur - At\u0131f \u00dcnald\u0131","og_description":"Bili\u015fim krall\u0131\u011f\u0131n\u0131n kumandanlar\u0131 son birka\u00e7 y\u0131ld\u0131r duvarlar ve ta\u015flar \u00fclkesiyle verdi\u011fimiz sava\u015f sulhla sonu\u00e7land\u0131. Bu ge\u00e7ici sulh ka\u00e7\u0131n\u0131lmaz zaferimizi kazanmak i\u00e7in sahip oldu\u011fumuz s\u00fcredir. Zafer her ne kadar ka\u00e7\u0131n\u0131lmaz olsa da bizim i\u00e7in cepheler her...","og_url":"http:\/\/atif.unaldi.org\/blog\/2004\/07\/09\/kralimizdan-duyrulur\/","og_site_name":"At\u0131f \u00dcnald\u0131","article_publisher":"https:\/\/www.facebook.com\/atifunaldi","article_author":"https:\/\/www.facebook.com\/atifunaldi","article_published_time":"2004-07-09T00:00:00+00:00","author":"Atif Unaldi","twitter_card":"summary_large_image","twitter_creator":"@https:\/\/twitter.com\/atifunaldi","twitter_site":"@atifunaldi","twitter_misc":{"Yazan:":"Atif Unaldi","Tahmini okuma s\u00fcresi":"2 dakika"},"schema":{"@context":"https:\/\/schema.org","@graph":[{"@type":"Article","@id":"http:\/\/atif.unaldi.org\/blog\/2004\/07\/09\/kralimizdan-duyrulur\/#article","isPartOf":{"@id":"http:\/\/atif.unaldi.org\/blog\/2004\/07\/09\/kralimizdan-duyrulur\/"},"author":{"name":"Atif Unaldi","@id":"http:\/\/atif.unaldi.org\/blog\/#\/schema\/person\/608ed42ecbda2bc5cfdb767ac1db479b"},"headline":"Kral\u0131m\u0131zdan duyrulur","datePublished":"2004-07-09T00:00:00+00:00","mainEntityOfPage":{"@id":"http:\/\/atif.unaldi.org\/blog\/2004\/07\/09\/kralimizdan-duyrulur\/"},"wordCount":401,"commentCount":0,"publisher":{"@id":"http:\/\/atif.unaldi.org\/blog\/#\/schema\/person\/608ed42ecbda2bc5cfdb767ac1db479b"},"articleSection":["Blogum"],"inLanguage":"tr","potentialAction":[{"@type":"CommentAction","name":"Comment","target":["http:\/\/atif.unaldi.org\/blog\/2004\/07\/09\/kralimizdan-duyrulur\/#respond"]}]},{"@type":"WebPage","@id":"http:\/\/atif.unaldi.org\/blog\/2004\/07\/09\/kralimizdan-duyrulur\/","url":"http:\/\/atif.unaldi.org\/blog\/2004\/07\/09\/kralimizdan-duyrulur\/","name":"Kral\u0131m\u0131zdan duyrulur - At\u0131f \u00dcnald\u0131","isPartOf":{"@id":"http:\/\/atif.unaldi.org\/blog\/#website"},"datePublished":"2004-07-09T00:00:00+00:00","breadcrumb":{"@id":"http:\/\/atif.unaldi.org\/blog\/2004\/07\/09\/kralimizdan-duyrulur\/#breadcrumb"},"inLanguage":"tr","potentialAction":[{"@type":"ReadAction","target":["http:\/\/atif.unaldi.org\/blog\/2004\/07\/09\/kralimizdan-duyrulur\/"]}]},{"@type":"BreadcrumbList","@id":"http:\/\/atif.unaldi.org\/blog\/2004\/07\/09\/kralimizdan-duyrulur\/#breadcrumb","itemListElement":[{"@type":"ListItem","position":1,"name":"Anasayfa","item":"http:\/\/atif.unaldi.org\/blog\/"},{"@type":"ListItem","position":2,"name":"Kral\u0131m\u0131zdan duyrulur"}]},{"@type":"WebSite","@id":"http:\/\/atif.unaldi.org\/blog\/#website","url":"http:\/\/atif.unaldi.org\/blog\/","name":"At\u0131f \u00dcnald\u0131","description":"Yazar","publisher":{"@id":"http:\/\/atif.unaldi.org\/blog\/#\/schema\/person\/608ed42ecbda2bc5cfdb767ac1db479b"},"alternateName":"At\u0131f \u00dcnald\u0131 Blog","potentialAction":[{"@type":"SearchAction","target":{"@type":"EntryPoint","urlTemplate":"http:\/\/atif.unaldi.org\/blog\/?s={search_term_string}"},"query-input":{"@type":"PropertyValueSpecification","valueRequired":true,"valueName":"search_term_string"}}],"inLanguage":"tr"},{"@type":["Person","Organization"],"@id":"http:\/\/atif.unaldi.org\/blog\/#\/schema\/person\/608ed42ecbda2bc5cfdb767ac1db479b","name":"Atif Unaldi","image":{"@type":"ImageObject","inLanguage":"tr","@id":"http:\/\/atif.unaldi.org\/blog\/#\/schema\/person\/image\/","url":"http:\/\/atif.unaldi.org\/blog\/wp-content\/uploads\/2022\/10\/cropped-a94e8f7a-67c4-4d65-8a5f-032ba784be53-2.jpg","contentUrl":"http:\/\/atif.unaldi.org\/blog\/wp-content\/uploads\/2022\/10\/cropped-a94e8f7a-67c4-4d65-8a5f-032ba784be53-2.jpg","width":512,"height":512,"caption":"Atif Unaldi"},"logo":{"@id":"http:\/\/atif.unaldi.org\/blog\/#\/schema\/person\/image\/"},"description":"Bo\u011fazi\u00e7i \u00dcniversitesinde Fizik B\u00f6l\u00fcm\u00fc\u2019nde e\u011fitim ald\u0131\u011f\u0131 y\u0131llarda T\u00fcrkiye\u2019de ilk kez iki bilgisayar\u0131 telefon hatlar\u0131 \u00fczerinden konu\u015fturan BBS sistemini kurarak, T\u00fcrkiye\u2019deki ilk internet a\u011f\u0131n\u0131 olu\u015fturmu\u015ftur. Bir \u00e7ok radyo ve televizyonda program yap\u0131mc\u0131l\u0131\u011f\u0131 ve sunuculu\u011funu, bir \u00e7ok teknoloji dergisinde k\u00f6\u015fe yazarl\u0131\u011f\u0131, bili\u015fim edit\u00f6rl\u00fc\u011f\u00fc ve genel yay\u0131n y\u00f6netmenli\u011fi yapt\u0131. T\u00fcrkiye\u2019deki ilk internet servis sa\u011flay\u0131c\u0131s\u0131n\u0131n genel m\u00fcd\u00fcrl\u00fc\u011f\u00fcn\u00fc \u00fcstlendi. Bir \u00e7ok organizasyon ve kurulu\u015fta internet s\u00fcperviz\u00f6rl\u00fc\u011f\u00fc , webmaster\u2019l\u0131\u011f\u0131 , IT direkt\u00f6rl\u00fc\u011f\u00fc ve dijital projeler koordinat\u00f6rl\u00fc\u011f\u00fc g\u00f6revlerinde bulundu. Farkl\u0131 \u00fcniversitelerin farkl\u0131 fak\u00fcltelerinde \u00f6\u011fretim g\u00f6revlisi olarak bulunmu\u015f olan \u00dcnald\u0131; \u015fu an teknoloji ve pazarlama konular\u0131 ba\u015fta olmak \u00fczere bir\u00e7ok alanda hizmet veren Unaldi Consultancy\u2019nin kurucusudur. \u2028Selin \u00dcnald\u0131 ile evlidir. Su ve Toprak isminde iki \u00e7ocu\u011fu vard\u0131r.","sameAs":["http:\/\/atif.unaldi.org\/blog","https:\/\/www.facebook.com\/atifunaldi","https:\/\/www.instagram.com\/atifunaldi\/","https:\/\/www.linkedin.com\/in\/atifunaldi","https:\/\/x.com\/https:\/\/twitter.com\/atifunaldi","https:\/\/www.youtube.com\/c\/atifunaldi","https:\/\/soundcloud.com\/atif-unaldi","https:\/\/atifunaldi.tumblr.com"],"url":"http:\/\/atif.unaldi.org\/blog\/author\/atifunaldi\/"}]}},"jetpack_featured_media_url":"","_links":{"self":[{"href":"http:\/\/atif.unaldi.org\/blog\/wp-json\/wp\/v2\/posts\/456","targetHints":{"allow":["GET"]}}],"collection":[{"href":"http:\/\/atif.unaldi.org\/blog\/wp-json\/wp\/v2\/posts"}],"about":[{"href":"http:\/\/atif.unaldi.org\/blog\/wp-json\/wp\/v2\/types\/post"}],"author":[{"embeddable":true,"href":"http:\/\/atif.unaldi.org\/blog\/wp-json\/wp\/v2\/users\/2"}],"replies":[{"embeddable":true,"href":"http:\/\/atif.unaldi.org\/blog\/wp-json\/wp\/v2\/comments?post=456"}],"version-history":[{"count":0,"href":"http:\/\/atif.unaldi.org\/blog\/wp-json\/wp\/v2\/posts\/456\/revisions"}],"wp:attachment":[{"href":"http:\/\/atif.unaldi.org\/blog\/wp-json\/wp\/v2\/media?parent=456"}],"wp:term":[{"taxonomy":"category","embeddable":true,"href":"http:\/\/atif.unaldi.org\/blog\/wp-json\/wp\/v2\/categories?post=456"},{"taxonomy":"post_tag","embeddable":true,"href":"http:\/\/atif.unaldi.org\/blog\/wp-json\/wp\/v2\/tags?post=456"}],"curies":[{"name":"wp","href":"https:\/\/api.w.org\/{rel}","templated":true}]}}