{"id":457,"date":"2004-07-09T02:00:00","date_gmt":"2004-07-09T00:00:00","guid":{"rendered":"http:\/\/85.17.200.84\/~unaldi\/atif\/?p=457"},"modified":"2004-07-09T02:00:00","modified_gmt":"2004-07-09T00:00:00","slug":"kriz-hakkinda","status":"publish","type":"post","link":"http:\/\/atif.unaldi.org\/blog\/2004\/07\/09\/kriz-hakkinda\/","title":{"rendered":"Kriz hakk\u0131nda&#8230;."},"content":{"rendered":"<p>Kriz:<\/p>\n<p>1.\tKriz nedir? Ne de\u011fildir?<\/p>\n<p>Sosyal bilimlerde bir \u00e7ok kavramlar oldu\u011fu gibi tek bir a\u00e7\u0131klama alt\u0131nda toplanamyan kriz, k\u0131saca bir toplulu\u011fun (aile, firma, devlet) hedeflerini ve belirde\u011fi vizyon\/misyon do\u011frultusunda ilerlemesini \u00f6nleyen tehdit eden, toplulukta d\u00fczeni ve d\u00fczg\u00fcn \u00e7al\u0131\u015fmay\u0131 \u00f6nleyen, hatta ya\u015fam tehlikesi ile kar\u015f\u0131 kar\u015f\u0131ya b\u0131rakan bir durum olarak a\u00e7\u0131klanabilir.<br \/>\nKrizin belki onlarca a\u00e7\u0131klamas\u0131 olmas\u0131na ra\u011fmen ben y\u00f6netimi normal g\u00fcndemi d\u0131\u015f\u0131nda me\u015fgul eden, zaman ve vakit ayr\u0131lmas\u0131 mecburiyetini do\u011furan b\u00fct\u00fcn problemleri kriz olarak tan\u0131ml\u0131yorum. Bu tan\u0131mla i\u015fin sadece ekonomik boyutu de\u011fil her t\u00fcrl\u00fc faaliyet boyutu da kat\u0131lm\u0131\u015f oluyor.<\/p>\n<p>2.\tSekt\u00f6r\u00fcn\u00fcz\u00fc, sizi nas\u0131l etkiledi?<\/p>\n<p>Kriz t\u00fcm sekt\u00f6rleri etkiledi\u011fi gibi bili\u015fim sekt\u00f6r\u00fcn\u00fc de do\u011frudan etkilemi\u015ftir. Ancak \u00f6nemli olan, krizin ba\u015flang\u0131c\u0131nda yap\u0131lacak tahminle durumu avantaj olarak kullanabilmek yada en az\u0131ndan sorunsuz atlatabilmektir. Krizin ba\u015flad\u0131\u011f\u0131 2001 senesinden itibaren s\u00fcregelen krizlerle BT&#8217;de %56 ya yak\u0131n bir daralma olmu\u015ftur, bunun bili\u015fim sekt\u00f6r\u00fcndeki t\u00fcm firmalar\u0131 do\u011frudan etkiledi\u011fi a\u015fikard\u0131r. Reklamc\u0131l\u0131k sekt\u00f6r\u00fcnde de benzer olan etkilere neden olan kriz, bizim gibi iki sekt\u00f6r aras\u0131nda yeni bir sekt\u00f6r\u00fcn olu\u015fmas\u0131n\u0131 sa\u011flamaya \u00e7al\u0131\u015fan firmalardan b\u00fcy\u00fcme h\u0131zlar\u0131n\u0131 d\u00fc\u015f\u00fcrme, sekt\u00f6rde geli\u015fmenin azalmas\u0131, durmas\u0131 hatta daralman\u0131n ba\u015flamas\u0131 \u015feklinde etkilidir. MassNET bu genel krizden b\u00fcy\u00fcme oran\u0131n\u0131 d\u00fc\u015f\u00fcr\u00fcp, faaliyet alan\u0131n\u0131 geni\u015fleterek kurtuldu.<\/p>\n<p>3.\tNeler yapt\u0131n\u0131z? Krizi nas\u0131l y\u00f6netmeye \u00e7al\u0131\u015ft\u0131n\u0131z?<\/p>\n<p>T\u00fcrkiye&#8217;de krizin daralma \u00f6ncesinde ula\u015fm\u0131\u015f oldu\u011fu 2,4 milyar dolarl\u0131k b\u00fcy\u00fckl\u00fc\u011fe y\u00f6nelik end\u00fcstriel \u00e7al\u0131\u015fmay\u0131 g\u00f6stermi\u015f olan firmalar kriz d\u00f6nemini do\u011fru hamlelerle atlatabilmi\u015ftir. Bu alanda MassNet kriz durumunda do\u011fru bir y\u00f6netim hedefi koyarak krizden fazla etkilenmemi\u015ftir. MassNET krizde do\u011fan bir \u015firket olarak, bu ortamda ya\u015famaya al\u0131\u015f\u0131kt\u0131r. Bu sadece b\u00fcy\u00fcme h\u0131z\u0131n\u0131 yava\u015flatm\u0131\u015ft\u0131r; fakat bu konuda karl\u0131l\u0131klar\u0131 d\u00fc\u015f\u00fcrmek sureti ile \u00e7\u00f6z\u00fcmler bulunmu\u015ftur.<\/p>\n<p>4.\tKrizleri a\u015fmak i\u00e7in neler yap\u0131lmal\u0131 ? Bireylere ve \u015firketlere \u00f6nerileriniz neler ?<\/p>\n<p>Krizi a\u015fmak yada az miktarda zararla atlatmak tacr\u00fcbeli y\u00f6netim ister. Bu noktada sadece firma olarak de\u011fil \u00fclke olarak yap\u0131lmas\u0131 gereken \u015feyler vard\u0131r. Bunlardan ilki bili\u015fim sekt\u00f6r\u00fcnden olu\u015fturulacak bir birliktelik olabilir, bir di\u011feri de firma baz\u0131nda vizyonlar \u00fczerinde kendini do\u011frudan sat\u0131\u015f y\u00f6n\u00fcnde bir yap\u0131land\u0131rmaya gidilme zorunlulu\u011fudur. Bu noktada at\u0131lacak olan yeni ad\u0131mlar \u015firketlere yeni pazarlar ve \u00e7al\u0131\u015fma alanlar\u0131 olarak dolay\u0131s\u0131yla da yeni b\u00fct\u00e7eler olarak d\u00f6necektir. \u015eirketlerin krizi a\u015fmalar\u0131n\u0131n en \u00f6nemli y\u00f6ntemi y\u00f6netimsel anlamda panik yapmamak, \u015firketi ve \u00e7al\u0131\u015fanlar\u0131n\u0131 korkutmamak ve her hamlede \u00e7\u00f6z\u00fcm ortaklar\u0131 ile ileti\u015fim kurmaktan ge\u00e7er.<\/p>\n<p>5.\tKriz Y\u00f6netiminde ba\u015far\u0131l\u0131 \u00f6rnek \u00dclke, Firma ve Ki\u015fi olarak akl\u0131n\u0131za kimler geliyor?<\/p>\n<p> Siemens Business Services (SBS) T\u00fcrkiye&#8217;deki 2001 y\u0131l\u0131 kriz d\u00f6nemini ba\u015far\u0131yla atlatan \u015firketlerden biri olmu\u015ftur. Kriz zaman\u0131 75 ki\u015fiyi personel olarak i\u015fe alm\u0131\u015f ve karl\u0131l\u0131\u011f\u0131n\u0131 artt\u0131rm\u0131\u015ft\u0131r. Fakat \u00f6nemli olan kriz an\u0131n\u0131 judo teknikleri ile dezavantajdan avantaja d\u00f6n\u00fc\u015ft\u00fcrmektir.MassNET Bu kriz d\u00f6neminde bunu yapm\u0131\u015f, konumlamas\u0131n\u0131 alg\u0131s\u0131n\u0131, marka bilinirli\u011fini y\u00fckseltmi\u015ftir.<\/p>\n<p>Giri\u015fimcilik:<\/p>\n<p>1.\tGiri\u015fimcilik neden \u00f6nemli ?<\/p>\n<p>G\u00fcn\u00fcm\u00fczde ba\u015far\u0131 oldu\u011fun yerde verilen i\u015fleri yaparak kazan\u0131lm\u0131yor art\u0131k. Bu da ortam\u0131 iyi analiz edip, elini ta\u015f\u0131n alt\u0131na koyabilmenin gereklili\u011fini artt\u0131rmakta. Bir \u015feyleri ba\u015farma arzusundaki ki\u015filerin stratejik d\u00fc\u015f\u00fcnce ile risk alabilmesi ba\u015far\u0131l\u0131 bir giri\u015fimci\u011fi do\u011furuken, ba\u015far\u0131l\u0131 firmalarda do\u011furacakt\u0131r. Kapital d\u00fczende ekonomik platform en ciddi sava\u015f alan\u0131, \u00fclkenin \u015firketleri de en \u00f6nemli sava\u015f silah\u0131d\u0131r. Son y\u0131llarda \u00fclkeler bu silahlar\u0131 a\u011f\u0131r ve hantal b\u00fcy\u00fck amiral gemilerinden, daha k\u00fc\u00e7\u00fck ve binlerce k\u00fc\u00e7\u00fck \u015firkete \u00e7evirme stratejisini \u00f6ng\u00f6rm\u00fc\u015flerdir. Bu da d\u00fcnyada kobilerin artmas\u0131na sebep olmu\u015f olup, stratejik olarak \u00fclkelerin giri\u015fimcili\u011fi k\u00f6r\u00fcklemesine sebep olmu\u015ftur.<br \/>\nBu nedenle son on y\u0131ld\u0131r, giri\u015fimcilik bir insan\u0131n karakterinden \u00e7ok yapmas\u0131 gerekenler aras\u0131ndad\u0131r.<\/p>\n<p>2.\tGiri\u015fimcilik deneyiminiz oldu mu? Kar\u015f\u0131la\u015ft\u0131\u011f\u0131n\u0131z sorunlar nelerdi ?<\/p>\n<p>At\u0131f \u00dcnald\u0131 olarak 99&#8217;dan bug\u00fcne deprem ve krizlere ra\u011fmen 3 A.\u015e bir de Ltd.&#8217;nin y\u00f6netici ve orta\u011f\u0131 konumunday\u0131m. Galiba giri\u015fimci say\u0131labilirim. Tabii ki her \u015feyi oldu\u011fu gibi giri\u015fimci olman\u0131n da zor taraflar\u0131 var, \u00e7izginin bu taraf\u0131ndan ters tarafa ge\u00e7i\u015f neredeyse imkans\u0131z ve her kriz sizi  yoruyor. Ama ben ilke olarak &#8220;&#8221;\u00f6ld\u00fcrm\u00fcyorsa g\u00fc\u00e7lendirir&#8221;&#8221; mat tosuna inan\u0131yorum.<\/p>\n<p>3.\tGiri\u015fimcilerin ba\u015far\u0131l\u0131 olmas\u0131 i\u00e7in neler gerekli?<\/p>\n<p>Giri\u015fimci ki\u015fi asl\u0131nda do\u011frudan ihtiyac\u0131 olan \u015fey ba\u015far\u0131d\u0131r. Bir giri\u015fimci ba\u015far\u0131l\u0131 olabilmesi i\u00e7in ihtiya\u00e7lar\u0131n\u0131n ve problemlerin \u00e7\u00f6z\u00fcm\u00fcnde b\u00fcy\u00fck \u00e7aba g\u00f6stermesi, \u015fansa de\u011fil gerekli yerlerde do\u011fru \u015fekilde riski kullanma ve bir karar\u0131n ya da g\u00f6rev ba\u015far\u0131s\u0131n\u0131n &#8220;&#8221;sonu\u00e7lar\u0131n\u0131 bilmelidir.<br \/>\nMotivasyon, enerji ve inan\u00e7. Giri\u015fimi ba\u015far\u0131ya g\u00f6t\u00fcrecek temel duygular olup, bu duygular devam\u0131nda, havari dedi\u011fimiz inanan ama birincil derecede giri\u015fimci olmayan, ourey\u0131 getirir. Asl\u0131nda bu ouran\u0131n b\u00fcy\u00fckl\u00fc\u011f\u00fc ba\u015far\u0131n\u0131n temel sebebidir.<\/p>\n<p>4.\tBa\u015far\u0131l\u0131 giri\u015fimcilerinin artmas\u0131 i\u00e7in ilgili &#8220;&#8221;Birey ve Kurumlar&#8221;&#8221; ne yap\u0131lmal\u0131?<br \/>\nGiri\u015fimcilikte ba\u015far\u0131 \u00e7o\u011funlukla bir ki\u015finin tek ba\u015f\u0131na deneme yan\u0131lma y\u00f6ntemi ile \u00f6\u011frenilecek bir \u015fey de\u011fildir.Olamaz da \u2026<br \/>\nE\u011fitim, dan\u0131\u015fmanl\u0131k ve destek (co aching)<\/p>\n<p>5.\tSizce ulusal d\u00fczeyde giri\u015fimcilik nas\u0131l ba\u015far\u0131l\u0131 olur?<\/p>\n<p>6.\tKriz d\u00f6neminde Giri\u015fimcilik neden \u00f6nemli ?<\/p>\n<p> Kriz d\u00f6neminde giri\u015fimcilere sa\u011flanacak olan do\u011fru yard\u0131m, azalan i\u015f imkanlar\u0131 y\u00fczdesini artt\u0131r\u0131rken daralan i\u015f piyasas\u0131na da yeni imkanlar ve de\u011fi\u015fik i\u015f dallar\u0131 da sunacakt\u0131r.<\/p>\n<p>7.\tGiri\u015fimcilikte ba\u015far\u0131l\u0131 \u00f6rnek \u00dclke, Firma ve Ki\u015fi olarak akl\u0131n\u0131za kimler geliyor?<\/p>\n<p>Jopanya giri\u015fimcilik konusunda, ki\u015fisel olarak \u00f6rnek ald\u0131\u011f\u0131m \u00fclkelerden biridir. Zira neredeyse son 20 y\u0131ld\u0131r, s\u00fcrd\u00fcr\u00fclebilir bir kalk\u0131nma hamlesini sadece k\u00fc\u00e7\u00fck yanl\u0131\u015flarla yeni b\u00fcy\u00fck oranda ba\u015far\u0131 ile s\u00fcrd\u00fcr\u00fcyor ve ne \u00e7ok h\u0131zl\u0131 ne de \u00e7ok dura\u011fan bir s\u00fcrd\u00fcr\u00fclebilirlik sa\u011fl\u0131yorlar.<\/p>\n","protected":false},"excerpt":{"rendered":"<p>Kriz: 1. Kriz nedir? Ne de\u011fildir? Sosyal bilimlerde bir \u00e7ok kavramlar oldu\u011fu gibi tek bir a\u00e7\u0131klama alt\u0131nda toplanamyan kriz, k\u0131saca bir toplulu\u011fun (aile, firma, devlet) hedeflerini ve belirde\u011fi vizyon\/misyon do\u011frultusunda ilerlemesini \u00f6nleyen tehdit eden, toplulukta&#8230;<\/p>\n","protected":false},"author":2,"featured_media":0,"comment_status":"open","ping_status":"open","sticky":false,"template":"","format":"standard","meta":{"footnotes":""},"categories":[3],"tags":[],"class_list":["post-457","post","type-post","status-publish","format-standard","hentry","category-blogum"],"yoast_head":"<!-- This site is optimized with the Yoast SEO plugin v26.8 - https:\/\/yoast.com\/product\/yoast-seo-wordpress\/ -->\n<title>Kriz hakk\u0131nda.... - At\u0131f \u00dcnald\u0131<\/title>\n<meta name=\"robots\" content=\"index, follow, max-snippet:-1, max-image-preview:large, max-video-preview:-1\" \/>\n<link rel=\"canonical\" href=\"http:\/\/atif.unaldi.org\/blog\/2004\/07\/09\/kriz-hakkinda\/\" \/>\n<meta property=\"og:locale\" content=\"tr_TR\" \/>\n<meta property=\"og:type\" content=\"article\" \/>\n<meta property=\"og:title\" content=\"Kriz hakk\u0131nda.... - At\u0131f \u00dcnald\u0131\" \/>\n<meta property=\"og:description\" content=\"Kriz: 1. Kriz nedir? Ne de\u011fildir? Sosyal bilimlerde bir \u00e7ok kavramlar oldu\u011fu gibi tek bir a\u00e7\u0131klama alt\u0131nda toplanamyan kriz, k\u0131saca bir toplulu\u011fun (aile, firma, devlet) hedeflerini ve belirde\u011fi vizyon\/misyon do\u011frultusunda ilerlemesini \u00f6nleyen tehdit eden, toplulukta...\" \/>\n<meta property=\"og:url\" content=\"http:\/\/atif.unaldi.org\/blog\/2004\/07\/09\/kriz-hakkinda\/\" \/>\n<meta property=\"og:site_name\" content=\"At\u0131f \u00dcnald\u0131\" \/>\n<meta property=\"article:publisher\" content=\"https:\/\/www.facebook.com\/atifunaldi\" \/>\n<meta property=\"article:author\" content=\"https:\/\/www.facebook.com\/atifunaldi\" \/>\n<meta property=\"article:published_time\" content=\"2004-07-09T00:00:00+00:00\" \/>\n<meta name=\"author\" content=\"Atif Unaldi\" \/>\n<meta name=\"twitter:card\" content=\"summary_large_image\" \/>\n<meta name=\"twitter:creator\" content=\"@https:\/\/twitter.com\/atifunaldi\" \/>\n<meta name=\"twitter:site\" content=\"@atifunaldi\" \/>\n<meta name=\"twitter:label1\" content=\"Yazan:\" \/>\n\t<meta name=\"twitter:data1\" content=\"Atif Unaldi\" \/>\n\t<meta name=\"twitter:label2\" content=\"Tahmini okuma s\u00fcresi\" \/>\n\t<meta name=\"twitter:data2\" content=\"6 dakika\" \/>\n<script type=\"application\/ld+json\" class=\"yoast-schema-graph\">{\"@context\":\"https:\/\/schema.org\",\"@graph\":[{\"@type\":\"Article\",\"@id\":\"http:\/\/atif.unaldi.org\/blog\/2004\/07\/09\/kriz-hakkinda\/#article\",\"isPartOf\":{\"@id\":\"http:\/\/atif.unaldi.org\/blog\/2004\/07\/09\/kriz-hakkinda\/\"},\"author\":{\"name\":\"Atif Unaldi\",\"@id\":\"http:\/\/atif.unaldi.org\/blog\/#\/schema\/person\/608ed42ecbda2bc5cfdb767ac1db479b\"},\"headline\":\"Kriz hakk\u0131nda&#8230;.\",\"datePublished\":\"2004-07-09T00:00:00+00:00\",\"mainEntityOfPage\":{\"@id\":\"http:\/\/atif.unaldi.org\/blog\/2004\/07\/09\/kriz-hakkinda\/\"},\"wordCount\":1146,\"commentCount\":0,\"publisher\":{\"@id\":\"http:\/\/atif.unaldi.org\/blog\/#\/schema\/person\/608ed42ecbda2bc5cfdb767ac1db479b\"},\"articleSection\":[\"Blogum\"],\"inLanguage\":\"tr\",\"potentialAction\":[{\"@type\":\"CommentAction\",\"name\":\"Comment\",\"target\":[\"http:\/\/atif.unaldi.org\/blog\/2004\/07\/09\/kriz-hakkinda\/#respond\"]}]},{\"@type\":\"WebPage\",\"@id\":\"http:\/\/atif.unaldi.org\/blog\/2004\/07\/09\/kriz-hakkinda\/\",\"url\":\"http:\/\/atif.unaldi.org\/blog\/2004\/07\/09\/kriz-hakkinda\/\",\"name\":\"Kriz hakk\u0131nda.... - At\u0131f \u00dcnald\u0131\",\"isPartOf\":{\"@id\":\"http:\/\/atif.unaldi.org\/blog\/#website\"},\"datePublished\":\"2004-07-09T00:00:00+00:00\",\"breadcrumb\":{\"@id\":\"http:\/\/atif.unaldi.org\/blog\/2004\/07\/09\/kriz-hakkinda\/#breadcrumb\"},\"inLanguage\":\"tr\",\"potentialAction\":[{\"@type\":\"ReadAction\",\"target\":[\"http:\/\/atif.unaldi.org\/blog\/2004\/07\/09\/kriz-hakkinda\/\"]}]},{\"@type\":\"BreadcrumbList\",\"@id\":\"http:\/\/atif.unaldi.org\/blog\/2004\/07\/09\/kriz-hakkinda\/#breadcrumb\",\"itemListElement\":[{\"@type\":\"ListItem\",\"position\":1,\"name\":\"Anasayfa\",\"item\":\"http:\/\/atif.unaldi.org\/blog\/\"},{\"@type\":\"ListItem\",\"position\":2,\"name\":\"Kriz hakk\u0131nda&#8230;.\"}]},{\"@type\":\"WebSite\",\"@id\":\"http:\/\/atif.unaldi.org\/blog\/#website\",\"url\":\"http:\/\/atif.unaldi.org\/blog\/\",\"name\":\"At\u0131f \u00dcnald\u0131\",\"description\":\"Yazar\",\"publisher\":{\"@id\":\"http:\/\/atif.unaldi.org\/blog\/#\/schema\/person\/608ed42ecbda2bc5cfdb767ac1db479b\"},\"alternateName\":\"At\u0131f \u00dcnald\u0131 Blog\",\"potentialAction\":[{\"@type\":\"SearchAction\",\"target\":{\"@type\":\"EntryPoint\",\"urlTemplate\":\"http:\/\/atif.unaldi.org\/blog\/?s={search_term_string}\"},\"query-input\":{\"@type\":\"PropertyValueSpecification\",\"valueRequired\":true,\"valueName\":\"search_term_string\"}}],\"inLanguage\":\"tr\"},{\"@type\":[\"Person\",\"Organization\"],\"@id\":\"http:\/\/atif.unaldi.org\/blog\/#\/schema\/person\/608ed42ecbda2bc5cfdb767ac1db479b\",\"name\":\"Atif Unaldi\",\"image\":{\"@type\":\"ImageObject\",\"inLanguage\":\"tr\",\"@id\":\"http:\/\/atif.unaldi.org\/blog\/#\/schema\/person\/image\/\",\"url\":\"http:\/\/atif.unaldi.org\/blog\/wp-content\/uploads\/2022\/10\/cropped-a94e8f7a-67c4-4d65-8a5f-032ba784be53-2.jpg\",\"contentUrl\":\"http:\/\/atif.unaldi.org\/blog\/wp-content\/uploads\/2022\/10\/cropped-a94e8f7a-67c4-4d65-8a5f-032ba784be53-2.jpg\",\"width\":512,\"height\":512,\"caption\":\"Atif Unaldi\"},\"logo\":{\"@id\":\"http:\/\/atif.unaldi.org\/blog\/#\/schema\/person\/image\/\"},\"description\":\"Bo\u011fazi\u00e7i \u00dcniversitesinde Fizik B\u00f6l\u00fcm\u00fc\u2019nde e\u011fitim ald\u0131\u011f\u0131 y\u0131llarda T\u00fcrkiye\u2019de ilk kez iki bilgisayar\u0131 telefon hatlar\u0131 \u00fczerinden konu\u015fturan BBS sistemini kurarak, T\u00fcrkiye\u2019deki ilk internet a\u011f\u0131n\u0131 olu\u015fturmu\u015ftur. Bir \u00e7ok radyo ve televizyonda program yap\u0131mc\u0131l\u0131\u011f\u0131 ve sunuculu\u011funu, bir \u00e7ok teknoloji dergisinde k\u00f6\u015fe yazarl\u0131\u011f\u0131, bili\u015fim edit\u00f6rl\u00fc\u011f\u00fc ve genel yay\u0131n y\u00f6netmenli\u011fi yapt\u0131. T\u00fcrkiye\u2019deki ilk internet servis sa\u011flay\u0131c\u0131s\u0131n\u0131n genel m\u00fcd\u00fcrl\u00fc\u011f\u00fcn\u00fc \u00fcstlendi. Bir \u00e7ok organizasyon ve kurulu\u015fta internet s\u00fcperviz\u00f6rl\u00fc\u011f\u00fc , webmaster\u2019l\u0131\u011f\u0131 , IT direkt\u00f6rl\u00fc\u011f\u00fc ve dijital projeler koordinat\u00f6rl\u00fc\u011f\u00fc g\u00f6revlerinde bulundu. Farkl\u0131 \u00fcniversitelerin farkl\u0131 fak\u00fcltelerinde \u00f6\u011fretim g\u00f6revlisi olarak bulunmu\u015f olan \u00dcnald\u0131; \u015fu an teknoloji ve pazarlama konular\u0131 ba\u015fta olmak \u00fczere bir\u00e7ok alanda hizmet veren Unaldi Consultancy\u2019nin kurucusudur. \\u2028Selin \u00dcnald\u0131 ile evlidir. Su ve Toprak isminde iki \u00e7ocu\u011fu vard\u0131r.\",\"sameAs\":[\"http:\/\/atif.unaldi.org\/blog\",\"https:\/\/www.facebook.com\/atifunaldi\",\"https:\/\/www.instagram.com\/atifunaldi\/\",\"https:\/\/www.linkedin.com\/in\/atifunaldi\",\"https:\/\/x.com\/https:\/\/twitter.com\/atifunaldi\",\"https:\/\/www.youtube.com\/c\/atifunaldi\",\"https:\/\/soundcloud.com\/atif-unaldi\",\"https:\/\/atifunaldi.tumblr.com\"],\"url\":\"http:\/\/atif.unaldi.org\/blog\/author\/atifunaldi\/\"}]}<\/script>\n<!-- \/ Yoast SEO plugin. -->","yoast_head_json":{"title":"Kriz hakk\u0131nda.... - At\u0131f \u00dcnald\u0131","robots":{"index":"index","follow":"follow","max-snippet":"max-snippet:-1","max-image-preview":"max-image-preview:large","max-video-preview":"max-video-preview:-1"},"canonical":"http:\/\/atif.unaldi.org\/blog\/2004\/07\/09\/kriz-hakkinda\/","og_locale":"tr_TR","og_type":"article","og_title":"Kriz hakk\u0131nda.... - At\u0131f \u00dcnald\u0131","og_description":"Kriz: 1. Kriz nedir? Ne de\u011fildir? Sosyal bilimlerde bir \u00e7ok kavramlar oldu\u011fu gibi tek bir a\u00e7\u0131klama alt\u0131nda toplanamyan kriz, k\u0131saca bir toplulu\u011fun (aile, firma, devlet) hedeflerini ve belirde\u011fi vizyon\/misyon do\u011frultusunda ilerlemesini \u00f6nleyen tehdit eden, toplulukta...","og_url":"http:\/\/atif.unaldi.org\/blog\/2004\/07\/09\/kriz-hakkinda\/","og_site_name":"At\u0131f \u00dcnald\u0131","article_publisher":"https:\/\/www.facebook.com\/atifunaldi","article_author":"https:\/\/www.facebook.com\/atifunaldi","article_published_time":"2004-07-09T00:00:00+00:00","author":"Atif Unaldi","twitter_card":"summary_large_image","twitter_creator":"@https:\/\/twitter.com\/atifunaldi","twitter_site":"@atifunaldi","twitter_misc":{"Yazan:":"Atif Unaldi","Tahmini okuma s\u00fcresi":"6 dakika"},"schema":{"@context":"https:\/\/schema.org","@graph":[{"@type":"Article","@id":"http:\/\/atif.unaldi.org\/blog\/2004\/07\/09\/kriz-hakkinda\/#article","isPartOf":{"@id":"http:\/\/atif.unaldi.org\/blog\/2004\/07\/09\/kriz-hakkinda\/"},"author":{"name":"Atif Unaldi","@id":"http:\/\/atif.unaldi.org\/blog\/#\/schema\/person\/608ed42ecbda2bc5cfdb767ac1db479b"},"headline":"Kriz hakk\u0131nda&#8230;.","datePublished":"2004-07-09T00:00:00+00:00","mainEntityOfPage":{"@id":"http:\/\/atif.unaldi.org\/blog\/2004\/07\/09\/kriz-hakkinda\/"},"wordCount":1146,"commentCount":0,"publisher":{"@id":"http:\/\/atif.unaldi.org\/blog\/#\/schema\/person\/608ed42ecbda2bc5cfdb767ac1db479b"},"articleSection":["Blogum"],"inLanguage":"tr","potentialAction":[{"@type":"CommentAction","name":"Comment","target":["http:\/\/atif.unaldi.org\/blog\/2004\/07\/09\/kriz-hakkinda\/#respond"]}]},{"@type":"WebPage","@id":"http:\/\/atif.unaldi.org\/blog\/2004\/07\/09\/kriz-hakkinda\/","url":"http:\/\/atif.unaldi.org\/blog\/2004\/07\/09\/kriz-hakkinda\/","name":"Kriz hakk\u0131nda.... - At\u0131f \u00dcnald\u0131","isPartOf":{"@id":"http:\/\/atif.unaldi.org\/blog\/#website"},"datePublished":"2004-07-09T00:00:00+00:00","breadcrumb":{"@id":"http:\/\/atif.unaldi.org\/blog\/2004\/07\/09\/kriz-hakkinda\/#breadcrumb"},"inLanguage":"tr","potentialAction":[{"@type":"ReadAction","target":["http:\/\/atif.unaldi.org\/blog\/2004\/07\/09\/kriz-hakkinda\/"]}]},{"@type":"BreadcrumbList","@id":"http:\/\/atif.unaldi.org\/blog\/2004\/07\/09\/kriz-hakkinda\/#breadcrumb","itemListElement":[{"@type":"ListItem","position":1,"name":"Anasayfa","item":"http:\/\/atif.unaldi.org\/blog\/"},{"@type":"ListItem","position":2,"name":"Kriz hakk\u0131nda&#8230;."}]},{"@type":"WebSite","@id":"http:\/\/atif.unaldi.org\/blog\/#website","url":"http:\/\/atif.unaldi.org\/blog\/","name":"At\u0131f \u00dcnald\u0131","description":"Yazar","publisher":{"@id":"http:\/\/atif.unaldi.org\/blog\/#\/schema\/person\/608ed42ecbda2bc5cfdb767ac1db479b"},"alternateName":"At\u0131f \u00dcnald\u0131 Blog","potentialAction":[{"@type":"SearchAction","target":{"@type":"EntryPoint","urlTemplate":"http:\/\/atif.unaldi.org\/blog\/?s={search_term_string}"},"query-input":{"@type":"PropertyValueSpecification","valueRequired":true,"valueName":"search_term_string"}}],"inLanguage":"tr"},{"@type":["Person","Organization"],"@id":"http:\/\/atif.unaldi.org\/blog\/#\/schema\/person\/608ed42ecbda2bc5cfdb767ac1db479b","name":"Atif Unaldi","image":{"@type":"ImageObject","inLanguage":"tr","@id":"http:\/\/atif.unaldi.org\/blog\/#\/schema\/person\/image\/","url":"http:\/\/atif.unaldi.org\/blog\/wp-content\/uploads\/2022\/10\/cropped-a94e8f7a-67c4-4d65-8a5f-032ba784be53-2.jpg","contentUrl":"http:\/\/atif.unaldi.org\/blog\/wp-content\/uploads\/2022\/10\/cropped-a94e8f7a-67c4-4d65-8a5f-032ba784be53-2.jpg","width":512,"height":512,"caption":"Atif Unaldi"},"logo":{"@id":"http:\/\/atif.unaldi.org\/blog\/#\/schema\/person\/image\/"},"description":"Bo\u011fazi\u00e7i \u00dcniversitesinde Fizik B\u00f6l\u00fcm\u00fc\u2019nde e\u011fitim ald\u0131\u011f\u0131 y\u0131llarda T\u00fcrkiye\u2019de ilk kez iki bilgisayar\u0131 telefon hatlar\u0131 \u00fczerinden konu\u015fturan BBS sistemini kurarak, T\u00fcrkiye\u2019deki ilk internet a\u011f\u0131n\u0131 olu\u015fturmu\u015ftur. Bir \u00e7ok radyo ve televizyonda program yap\u0131mc\u0131l\u0131\u011f\u0131 ve sunuculu\u011funu, bir \u00e7ok teknoloji dergisinde k\u00f6\u015fe yazarl\u0131\u011f\u0131, bili\u015fim edit\u00f6rl\u00fc\u011f\u00fc ve genel yay\u0131n y\u00f6netmenli\u011fi yapt\u0131. T\u00fcrkiye\u2019deki ilk internet servis sa\u011flay\u0131c\u0131s\u0131n\u0131n genel m\u00fcd\u00fcrl\u00fc\u011f\u00fcn\u00fc \u00fcstlendi. Bir \u00e7ok organizasyon ve kurulu\u015fta internet s\u00fcperviz\u00f6rl\u00fc\u011f\u00fc , webmaster\u2019l\u0131\u011f\u0131 , IT direkt\u00f6rl\u00fc\u011f\u00fc ve dijital projeler koordinat\u00f6rl\u00fc\u011f\u00fc g\u00f6revlerinde bulundu. Farkl\u0131 \u00fcniversitelerin farkl\u0131 fak\u00fcltelerinde \u00f6\u011fretim g\u00f6revlisi olarak bulunmu\u015f olan \u00dcnald\u0131; \u015fu an teknoloji ve pazarlama konular\u0131 ba\u015fta olmak \u00fczere bir\u00e7ok alanda hizmet veren Unaldi Consultancy\u2019nin kurucusudur. \u2028Selin \u00dcnald\u0131 ile evlidir. Su ve Toprak isminde iki \u00e7ocu\u011fu vard\u0131r.","sameAs":["http:\/\/atif.unaldi.org\/blog","https:\/\/www.facebook.com\/atifunaldi","https:\/\/www.instagram.com\/atifunaldi\/","https:\/\/www.linkedin.com\/in\/atifunaldi","https:\/\/x.com\/https:\/\/twitter.com\/atifunaldi","https:\/\/www.youtube.com\/c\/atifunaldi","https:\/\/soundcloud.com\/atif-unaldi","https:\/\/atifunaldi.tumblr.com"],"url":"http:\/\/atif.unaldi.org\/blog\/author\/atifunaldi\/"}]}},"jetpack_featured_media_url":"","_links":{"self":[{"href":"http:\/\/atif.unaldi.org\/blog\/wp-json\/wp\/v2\/posts\/457","targetHints":{"allow":["GET"]}}],"collection":[{"href":"http:\/\/atif.unaldi.org\/blog\/wp-json\/wp\/v2\/posts"}],"about":[{"href":"http:\/\/atif.unaldi.org\/blog\/wp-json\/wp\/v2\/types\/post"}],"author":[{"embeddable":true,"href":"http:\/\/atif.unaldi.org\/blog\/wp-json\/wp\/v2\/users\/2"}],"replies":[{"embeddable":true,"href":"http:\/\/atif.unaldi.org\/blog\/wp-json\/wp\/v2\/comments?post=457"}],"version-history":[{"count":0,"href":"http:\/\/atif.unaldi.org\/blog\/wp-json\/wp\/v2\/posts\/457\/revisions"}],"wp:attachment":[{"href":"http:\/\/atif.unaldi.org\/blog\/wp-json\/wp\/v2\/media?parent=457"}],"wp:term":[{"taxonomy":"category","embeddable":true,"href":"http:\/\/atif.unaldi.org\/blog\/wp-json\/wp\/v2\/categories?post=457"},{"taxonomy":"post_tag","embeddable":true,"href":"http:\/\/atif.unaldi.org\/blog\/wp-json\/wp\/v2\/tags?post=457"}],"curies":[{"name":"wp","href":"https:\/\/api.w.org\/{rel}","templated":true}]}}