{"id":458,"date":"2004-07-09T02:00:00","date_gmt":"2004-07-09T00:00:00","guid":{"rendered":"http:\/\/85.17.200.84\/~unaldi\/atif\/?p=458"},"modified":"2004-07-09T02:00:00","modified_gmt":"2004-07-09T00:00:00","slug":"hulya-neden-boyle","status":"publish","type":"post","link":"http:\/\/atif.unaldi.org\/blog\/2004\/07\/09\/hulya-neden-boyle\/","title":{"rendered":"H\u00fclya! Neden b\u00f6yle?"},"content":{"rendered":"<p>Bizim en b\u00fcy\u00fck yanl\u0131\u015flar\u0131m\u0131zdan biri bu galiba. Yurt d\u0131\u015f\u0131nda bir kitap \u00e7\u0131k\u0131yor, bir guru konu\u015fuyor. Hemen b\u00fc\u00fct\u00fcn sekt\u00f6r ona sar\u0131l\u0131yor. Daha kitab\u0131n ba\u015fl\u0131\u011f\u0131ndan anlad\u0131\u011f\u0131 kadar\u0131yla o fikri tart\u0131\u015f\u0131yor, savunuyor daha da k\u00f6t\u00fcs\u00fc sat\u0131yor. \u0130\u015fte bunun en g\u00fczel \u00f6rne\u011fi de &#8220;&#8221;Celebrity Sell&#8221;&#8221; ile gelen bir celebrity (\u00fcnl\u00fc) kullan\u0131m\u0131 modas\u0131.<br \/>\n\u0130\u015fin komik taraf\u0131 ya \u00fcnl\u00fclerimizin i\u015fe amat\u00f6r (a\u015fkla) yakla\u015fmalar\u0131ndan ya da T\u00fcrk insan\u0131n\u0131n tarz\u0131ndan bu reklamlar \u00e7o\u011funlukla markaya hi\u00e7 mi hi\u00e7 hizmet etmiyor.<br \/>\nSon d\u00f6nem iki \u00fcnl\u00fc reklam\u0131 da kendi skandallar\u0131yla ile sars\u0131ld\u0131. Birisi Cem Y\u0131lmaz&#8217;\u0131n Doridos reklam\u0131n\u0131n kamera arkas\u0131 g\u00f6r\u00fcnt\u00fclerinin yay\u0131nlanmas\u0131yd\u0131. Yanl\u0131\u015f anlamay\u0131n reklam\u0131 son derece ba\u015far\u0131l\u0131 bulmama ra\u011fmen bu k\u00fc\u00e7\u00fck skandal Cem Y\u0131lmaz ile ajans\u0131 kar\u015f\u0131 kar\u015f\u0131ya getirecek gibi g\u00f6r\u00fcn\u00fcyor.<br \/>\nBenzer durum ise H\u00fclya Av\u015far&#8217;\u0131n magazin muhabirleri ile girdi\u011fi polemik. Asl\u0131nda sekt\u00f6r\u00fcn k\u00f6\u015fe yazarlar\u0131 reklamlardan sonra itiraz eden meslek kurulu\u015flar\u0131n\u0131 tiye alsa da galiba  i\u015f magazin muhabirleri olunca de\u011fi\u015fiyor. H\u00fclya Av\u015far&#8217;\u0131 bu konuda k\u0131namak do\u011fru de\u011fil asl\u0131nda. Ama i\u015fe H\u00fclya Av\u015far ve markan\u0131n g\u00f6z\u00fcnden bakt\u0131\u011f\u0131n\u0131zda her iki taraf\u0131nda vizyonu ve konumland\u0131rmas\u0131na ciddi zarar veren bir durum oldu\u011fu a\u015fikar.<br \/>\nH\u00fclya Han\u0131m krizlerle ba\u015f etme konusundaki ba\u015far\u0131s\u0131n\u0131 tahmin ediyorum burada da g\u00f6sterecektir. Ama markan\u0131n bu tip bir krizle ilk kez kar\u015f\u0131la\u015ft\u0131\u011f\u0131n\u0131 g\u00f6z \u00f6n\u00fcne al\u0131rsak iki konuda acele etmesi gerekti\u011fini s\u00f6ylemeliyiz. \u0130leti\u015fim ve marka stratejilerini g\u00f6zden ge\u00e7irip aksiyon almakta yarar var.<br \/>\nGelelim reklam da \u00fcnl\u00fc kullan\u0131m\u0131na. Asl\u0131nda \u00fcnl\u00fc ile markan\u0131n ya\u015fama \u015fekilleri, karakterleri birbirine uymuyorsa bunun markaya pek de yarar getirmedi\u011fi son derece net g\u00f6r\u00fcl\u00fcyor. \u015e\u00f6yle d\u00fc\u015f\u00fcnmek laz\u0131m:<br \/>\nSize hangisi daha imkans\u0131z g\u00f6r\u00fcn\u00fcyor;<br \/>\nbir sinema \u00e7\u0131k\u0131\u015f\u0131nda Cem Y\u0131lmaz&#8217;\u0131 Doridos paketiyle mi g\u00f6rmek yoksa H\u00fclya Av\u015far\u0131n \u00e7antas\u0131nda  Molfix paketiyle mi kar\u015f\u0131la\u015fmak?<br \/>\nBizim en b\u00fcy\u00fck yanl\u0131\u015flar\u0131m\u0131zdan biri bu galiba. Yurt d\u0131\u015f\u0131nda bir kitap \u00e7\u0131k\u0131yor, bir guru konu\u015fuyor. Hemen b\u00fc\u00fct\u00fcn sekt\u00f6r ona sar\u0131l\u0131yor. Daha kitab\u0131n ba\u015fl\u0131\u011f\u0131ndan anlad\u0131\u011f\u0131 kadar\u0131yla o fikri tart\u0131\u015f\u0131yor, savunuyor daha da k\u00f6t\u00fcs\u00fc sat\u0131yor. \u0130\u015fte bunun en g\u00fczel \u00f6rne\u011fi de &#8220;&#8221;Celebrity Sell&#8221;&#8221; ile gelen bir celebrity (\u00fcnl\u00fc) kullan\u0131m\u0131 modas\u0131.<br \/>\n\u0130\u015fin komik taraf\u0131 ya \u00fcnl\u00fclerimizin i\u015fe amat\u00f6r (a\u015fkla) yakla\u015fmalar\u0131ndan ya da T\u00fcrk insan\u0131n\u0131n tarz\u0131ndan bu reklamlar \u00e7o\u011funlukla markaya hi\u00e7 mi hi\u00e7 hizmet etmiyor.<br \/>\nSon d\u00f6nem iki \u00fcnl\u00fc reklam\u0131 da kendi skandallar\u0131yla ile sars\u0131ld\u0131. Birisi Cem Y\u0131lmaz&#8217;\u0131n Doridos reklam\u0131n\u0131n kamera arkas\u0131 g\u00f6r\u00fcnt\u00fclerinin yay\u0131nlanmas\u0131yd\u0131. Yanl\u0131\u015f anlamay\u0131n reklam\u0131 son derece ba\u015far\u0131l\u0131 bulmama ra\u011fmen bu k\u00fc\u00e7\u00fck skandal Cem Y\u0131lmaz ile ajans\u0131 kar\u015f\u0131 kar\u015f\u0131ya getirecek gibi g\u00f6r\u00fcn\u00fcyor.<br \/>\nBenzer durum ise H\u00fclya Av\u015far&#8217;\u0131n magazin muhabirleri ile girdi\u011fi polemik. Asl\u0131nda sekt\u00f6r\u00fcn k\u00f6\u015fe yazarlar\u0131 reklamlardan sonra itiraz eden meslek kurulu\u015flar\u0131n\u0131 tiye alsa da galiba  i\u015f magazin muhabirleri olunca de\u011fi\u015fiyor. H\u00fclya Av\u015far&#8217;\u0131 bu konuda k\u0131namak do\u011fru de\u011fil asl\u0131nda. Ama i\u015fe H\u00fclya Av\u015far ve markan\u0131n g\u00f6z\u00fcnden bakt\u0131\u011f\u0131n\u0131zda her iki taraf\u0131nda vizyonu ve konumland\u0131rmas\u0131na ciddi zarar veren bir durum oldu\u011fu a\u015fikar.<br \/>\nH\u00fclya Han\u0131m krizlerle ba\u015f etme konusundaki ba\u015far\u0131s\u0131n\u0131 tahmin ediyorum burada da g\u00f6sterecektir. Ama markan\u0131n bu tip bir krizle ilk kez kar\u015f\u0131la\u015ft\u0131\u011f\u0131n\u0131 g\u00f6z \u00f6n\u00fcne al\u0131rsak iki konuda acele etmesi gerekti\u011fini s\u00f6ylemeliyiz. \u0130leti\u015fim ve marka stratejilerini g\u00f6zden ge\u00e7irip aksiyon almakta yarar var.<br \/>\nGelelim reklam da \u00fcnl\u00fc kullan\u0131m\u0131na. Asl\u0131nda \u00fcnl\u00fc ile markan\u0131n ya\u015fama \u015fekilleri, karakterleri birbirine uymuyorsa bunun markaya pek de yarar getirmedi\u011fi son derece net g\u00f6r\u00fcl\u00fcyor. \u015e\u00f6yle d\u00fc\u015f\u00fcnmek laz\u0131m:<br \/>\nSize hangisi daha imkans\u0131z g\u00f6r\u00fcn\u00fcyor;<br \/>\nbir sinema \u00e7\u0131k\u0131\u015f\u0131nda Cem Y\u0131lmaz&#8217;\u0131 Doridos paketiyle mi g\u00f6rmek yoksa H\u00fclya Av\u015far\u0131n \u00e7antas\u0131nda  Molfix paketiyle mi kar\u015f\u0131la\u015fmak?<\/p>\n","protected":false},"excerpt":{"rendered":"<p>Bizim en b\u00fcy\u00fck yanl\u0131\u015flar\u0131m\u0131zdan biri bu galiba. Yurt d\u0131\u015f\u0131nda bir kitap \u00e7\u0131k\u0131yor, bir guru konu\u015fuyor. Hemen b\u00fc\u00fct\u00fcn sekt\u00f6r ona sar\u0131l\u0131yor. Daha kitab\u0131n ba\u015fl\u0131\u011f\u0131ndan anlad\u0131\u011f\u0131 kadar\u0131yla o fikri tart\u0131\u015f\u0131yor, savunuyor daha da k\u00f6t\u00fcs\u00fc sat\u0131yor. \u0130\u015fte bunun&#8230;<\/p>\n","protected":false},"author":2,"featured_media":0,"comment_status":"open","ping_status":"open","sticky":false,"template":"","format":"standard","meta":{"footnotes":""},"categories":[3],"tags":[],"class_list":["post-458","post","type-post","status-publish","format-standard","hentry","category-blogum"],"yoast_head":"<!-- This site is optimized with the Yoast SEO plugin v26.8 - https:\/\/yoast.com\/product\/yoast-seo-wordpress\/ -->\n<title>H\u00fclya! Neden b\u00f6yle? - At\u0131f \u00dcnald\u0131<\/title>\n<meta name=\"robots\" content=\"index, follow, max-snippet:-1, max-image-preview:large, max-video-preview:-1\" \/>\n<link rel=\"canonical\" href=\"http:\/\/atif.unaldi.org\/blog\/2004\/07\/09\/hulya-neden-boyle\/\" \/>\n<meta property=\"og:locale\" content=\"tr_TR\" \/>\n<meta property=\"og:type\" content=\"article\" \/>\n<meta property=\"og:title\" content=\"H\u00fclya! Neden b\u00f6yle? - At\u0131f \u00dcnald\u0131\" \/>\n<meta property=\"og:description\" content=\"Bizim en b\u00fcy\u00fck yanl\u0131\u015flar\u0131m\u0131zdan biri bu galiba. Yurt d\u0131\u015f\u0131nda bir kitap \u00e7\u0131k\u0131yor, bir guru konu\u015fuyor. Hemen b\u00fc\u00fct\u00fcn sekt\u00f6r ona sar\u0131l\u0131yor. Daha kitab\u0131n ba\u015fl\u0131\u011f\u0131ndan anlad\u0131\u011f\u0131 kadar\u0131yla o fikri tart\u0131\u015f\u0131yor, savunuyor daha da k\u00f6t\u00fcs\u00fc sat\u0131yor. \u0130\u015fte bunun...\" \/>\n<meta property=\"og:url\" content=\"http:\/\/atif.unaldi.org\/blog\/2004\/07\/09\/hulya-neden-boyle\/\" \/>\n<meta property=\"og:site_name\" content=\"At\u0131f \u00dcnald\u0131\" \/>\n<meta property=\"article:publisher\" content=\"https:\/\/www.facebook.com\/atifunaldi\" \/>\n<meta property=\"article:author\" content=\"https:\/\/www.facebook.com\/atifunaldi\" \/>\n<meta property=\"article:published_time\" content=\"2004-07-09T00:00:00+00:00\" \/>\n<meta name=\"author\" content=\"Atif Unaldi\" \/>\n<meta name=\"twitter:card\" content=\"summary_large_image\" \/>\n<meta name=\"twitter:creator\" content=\"@https:\/\/twitter.com\/atifunaldi\" \/>\n<meta name=\"twitter:site\" content=\"@atifunaldi\" \/>\n<meta name=\"twitter:label1\" content=\"Yazan:\" \/>\n\t<meta name=\"twitter:data1\" content=\"Atif Unaldi\" \/>\n\t<meta name=\"twitter:label2\" content=\"Tahmini okuma s\u00fcresi\" \/>\n\t<meta name=\"twitter:data2\" content=\"4 dakika\" \/>\n<script type=\"application\/ld+json\" class=\"yoast-schema-graph\">{\"@context\":\"https:\/\/schema.org\",\"@graph\":[{\"@type\":\"Article\",\"@id\":\"http:\/\/atif.unaldi.org\/blog\/2004\/07\/09\/hulya-neden-boyle\/#article\",\"isPartOf\":{\"@id\":\"http:\/\/atif.unaldi.org\/blog\/2004\/07\/09\/hulya-neden-boyle\/\"},\"author\":{\"name\":\"Atif Unaldi\",\"@id\":\"http:\/\/atif.unaldi.org\/blog\/#\/schema\/person\/608ed42ecbda2bc5cfdb767ac1db479b\"},\"headline\":\"H\u00fclya! Neden b\u00f6yle?\",\"datePublished\":\"2004-07-09T00:00:00+00:00\",\"mainEntityOfPage\":{\"@id\":\"http:\/\/atif.unaldi.org\/blog\/2004\/07\/09\/hulya-neden-boyle\/\"},\"wordCount\":779,\"commentCount\":0,\"publisher\":{\"@id\":\"http:\/\/atif.unaldi.org\/blog\/#\/schema\/person\/608ed42ecbda2bc5cfdb767ac1db479b\"},\"articleSection\":[\"Blogum\"],\"inLanguage\":\"tr\",\"potentialAction\":[{\"@type\":\"CommentAction\",\"name\":\"Comment\",\"target\":[\"http:\/\/atif.unaldi.org\/blog\/2004\/07\/09\/hulya-neden-boyle\/#respond\"]}]},{\"@type\":\"WebPage\",\"@id\":\"http:\/\/atif.unaldi.org\/blog\/2004\/07\/09\/hulya-neden-boyle\/\",\"url\":\"http:\/\/atif.unaldi.org\/blog\/2004\/07\/09\/hulya-neden-boyle\/\",\"name\":\"H\u00fclya! Neden b\u00f6yle? - At\u0131f \u00dcnald\u0131\",\"isPartOf\":{\"@id\":\"http:\/\/atif.unaldi.org\/blog\/#website\"},\"datePublished\":\"2004-07-09T00:00:00+00:00\",\"breadcrumb\":{\"@id\":\"http:\/\/atif.unaldi.org\/blog\/2004\/07\/09\/hulya-neden-boyle\/#breadcrumb\"},\"inLanguage\":\"tr\",\"potentialAction\":[{\"@type\":\"ReadAction\",\"target\":[\"http:\/\/atif.unaldi.org\/blog\/2004\/07\/09\/hulya-neden-boyle\/\"]}]},{\"@type\":\"BreadcrumbList\",\"@id\":\"http:\/\/atif.unaldi.org\/blog\/2004\/07\/09\/hulya-neden-boyle\/#breadcrumb\",\"itemListElement\":[{\"@type\":\"ListItem\",\"position\":1,\"name\":\"Anasayfa\",\"item\":\"http:\/\/atif.unaldi.org\/blog\/\"},{\"@type\":\"ListItem\",\"position\":2,\"name\":\"H\u00fclya! Neden b\u00f6yle?\"}]},{\"@type\":\"WebSite\",\"@id\":\"http:\/\/atif.unaldi.org\/blog\/#website\",\"url\":\"http:\/\/atif.unaldi.org\/blog\/\",\"name\":\"At\u0131f \u00dcnald\u0131\",\"description\":\"Yazar\",\"publisher\":{\"@id\":\"http:\/\/atif.unaldi.org\/blog\/#\/schema\/person\/608ed42ecbda2bc5cfdb767ac1db479b\"},\"alternateName\":\"At\u0131f \u00dcnald\u0131 Blog\",\"potentialAction\":[{\"@type\":\"SearchAction\",\"target\":{\"@type\":\"EntryPoint\",\"urlTemplate\":\"http:\/\/atif.unaldi.org\/blog\/?s={search_term_string}\"},\"query-input\":{\"@type\":\"PropertyValueSpecification\",\"valueRequired\":true,\"valueName\":\"search_term_string\"}}],\"inLanguage\":\"tr\"},{\"@type\":[\"Person\",\"Organization\"],\"@id\":\"http:\/\/atif.unaldi.org\/blog\/#\/schema\/person\/608ed42ecbda2bc5cfdb767ac1db479b\",\"name\":\"Atif Unaldi\",\"image\":{\"@type\":\"ImageObject\",\"inLanguage\":\"tr\",\"@id\":\"http:\/\/atif.unaldi.org\/blog\/#\/schema\/person\/image\/\",\"url\":\"http:\/\/atif.unaldi.org\/blog\/wp-content\/uploads\/2022\/10\/cropped-a94e8f7a-67c4-4d65-8a5f-032ba784be53-2.jpg\",\"contentUrl\":\"http:\/\/atif.unaldi.org\/blog\/wp-content\/uploads\/2022\/10\/cropped-a94e8f7a-67c4-4d65-8a5f-032ba784be53-2.jpg\",\"width\":512,\"height\":512,\"caption\":\"Atif Unaldi\"},\"logo\":{\"@id\":\"http:\/\/atif.unaldi.org\/blog\/#\/schema\/person\/image\/\"},\"description\":\"Bo\u011fazi\u00e7i \u00dcniversitesinde Fizik B\u00f6l\u00fcm\u00fc\u2019nde e\u011fitim ald\u0131\u011f\u0131 y\u0131llarda T\u00fcrkiye\u2019de ilk kez iki bilgisayar\u0131 telefon hatlar\u0131 \u00fczerinden konu\u015fturan BBS sistemini kurarak, T\u00fcrkiye\u2019deki ilk internet a\u011f\u0131n\u0131 olu\u015fturmu\u015ftur. Bir \u00e7ok radyo ve televizyonda program yap\u0131mc\u0131l\u0131\u011f\u0131 ve sunuculu\u011funu, bir \u00e7ok teknoloji dergisinde k\u00f6\u015fe yazarl\u0131\u011f\u0131, bili\u015fim edit\u00f6rl\u00fc\u011f\u00fc ve genel yay\u0131n y\u00f6netmenli\u011fi yapt\u0131. T\u00fcrkiye\u2019deki ilk internet servis sa\u011flay\u0131c\u0131s\u0131n\u0131n genel m\u00fcd\u00fcrl\u00fc\u011f\u00fcn\u00fc \u00fcstlendi. Bir \u00e7ok organizasyon ve kurulu\u015fta internet s\u00fcperviz\u00f6rl\u00fc\u011f\u00fc , webmaster\u2019l\u0131\u011f\u0131 , IT direkt\u00f6rl\u00fc\u011f\u00fc ve dijital projeler koordinat\u00f6rl\u00fc\u011f\u00fc g\u00f6revlerinde bulundu. Farkl\u0131 \u00fcniversitelerin farkl\u0131 fak\u00fcltelerinde \u00f6\u011fretim g\u00f6revlisi olarak bulunmu\u015f olan \u00dcnald\u0131; \u015fu an teknoloji ve pazarlama konular\u0131 ba\u015fta olmak \u00fczere bir\u00e7ok alanda hizmet veren Unaldi Consultancy\u2019nin kurucusudur. \\u2028Selin \u00dcnald\u0131 ile evlidir. Su ve Toprak isminde iki \u00e7ocu\u011fu vard\u0131r.\",\"sameAs\":[\"http:\/\/atif.unaldi.org\/blog\",\"https:\/\/www.facebook.com\/atifunaldi\",\"https:\/\/www.instagram.com\/atifunaldi\/\",\"https:\/\/www.linkedin.com\/in\/atifunaldi\",\"https:\/\/x.com\/https:\/\/twitter.com\/atifunaldi\",\"https:\/\/www.youtube.com\/c\/atifunaldi\",\"https:\/\/soundcloud.com\/atif-unaldi\",\"https:\/\/atifunaldi.tumblr.com\"],\"url\":\"http:\/\/atif.unaldi.org\/blog\/author\/atifunaldi\/\"}]}<\/script>\n<!-- \/ Yoast SEO plugin. -->","yoast_head_json":{"title":"H\u00fclya! Neden b\u00f6yle? - At\u0131f \u00dcnald\u0131","robots":{"index":"index","follow":"follow","max-snippet":"max-snippet:-1","max-image-preview":"max-image-preview:large","max-video-preview":"max-video-preview:-1"},"canonical":"http:\/\/atif.unaldi.org\/blog\/2004\/07\/09\/hulya-neden-boyle\/","og_locale":"tr_TR","og_type":"article","og_title":"H\u00fclya! Neden b\u00f6yle? - At\u0131f \u00dcnald\u0131","og_description":"Bizim en b\u00fcy\u00fck yanl\u0131\u015flar\u0131m\u0131zdan biri bu galiba. Yurt d\u0131\u015f\u0131nda bir kitap \u00e7\u0131k\u0131yor, bir guru konu\u015fuyor. Hemen b\u00fc\u00fct\u00fcn sekt\u00f6r ona sar\u0131l\u0131yor. Daha kitab\u0131n ba\u015fl\u0131\u011f\u0131ndan anlad\u0131\u011f\u0131 kadar\u0131yla o fikri tart\u0131\u015f\u0131yor, savunuyor daha da k\u00f6t\u00fcs\u00fc sat\u0131yor. \u0130\u015fte bunun...","og_url":"http:\/\/atif.unaldi.org\/blog\/2004\/07\/09\/hulya-neden-boyle\/","og_site_name":"At\u0131f \u00dcnald\u0131","article_publisher":"https:\/\/www.facebook.com\/atifunaldi","article_author":"https:\/\/www.facebook.com\/atifunaldi","article_published_time":"2004-07-09T00:00:00+00:00","author":"Atif Unaldi","twitter_card":"summary_large_image","twitter_creator":"@https:\/\/twitter.com\/atifunaldi","twitter_site":"@atifunaldi","twitter_misc":{"Yazan:":"Atif Unaldi","Tahmini okuma s\u00fcresi":"4 dakika"},"schema":{"@context":"https:\/\/schema.org","@graph":[{"@type":"Article","@id":"http:\/\/atif.unaldi.org\/blog\/2004\/07\/09\/hulya-neden-boyle\/#article","isPartOf":{"@id":"http:\/\/atif.unaldi.org\/blog\/2004\/07\/09\/hulya-neden-boyle\/"},"author":{"name":"Atif Unaldi","@id":"http:\/\/atif.unaldi.org\/blog\/#\/schema\/person\/608ed42ecbda2bc5cfdb767ac1db479b"},"headline":"H\u00fclya! Neden b\u00f6yle?","datePublished":"2004-07-09T00:00:00+00:00","mainEntityOfPage":{"@id":"http:\/\/atif.unaldi.org\/blog\/2004\/07\/09\/hulya-neden-boyle\/"},"wordCount":779,"commentCount":0,"publisher":{"@id":"http:\/\/atif.unaldi.org\/blog\/#\/schema\/person\/608ed42ecbda2bc5cfdb767ac1db479b"},"articleSection":["Blogum"],"inLanguage":"tr","potentialAction":[{"@type":"CommentAction","name":"Comment","target":["http:\/\/atif.unaldi.org\/blog\/2004\/07\/09\/hulya-neden-boyle\/#respond"]}]},{"@type":"WebPage","@id":"http:\/\/atif.unaldi.org\/blog\/2004\/07\/09\/hulya-neden-boyle\/","url":"http:\/\/atif.unaldi.org\/blog\/2004\/07\/09\/hulya-neden-boyle\/","name":"H\u00fclya! Neden b\u00f6yle? - At\u0131f \u00dcnald\u0131","isPartOf":{"@id":"http:\/\/atif.unaldi.org\/blog\/#website"},"datePublished":"2004-07-09T00:00:00+00:00","breadcrumb":{"@id":"http:\/\/atif.unaldi.org\/blog\/2004\/07\/09\/hulya-neden-boyle\/#breadcrumb"},"inLanguage":"tr","potentialAction":[{"@type":"ReadAction","target":["http:\/\/atif.unaldi.org\/blog\/2004\/07\/09\/hulya-neden-boyle\/"]}]},{"@type":"BreadcrumbList","@id":"http:\/\/atif.unaldi.org\/blog\/2004\/07\/09\/hulya-neden-boyle\/#breadcrumb","itemListElement":[{"@type":"ListItem","position":1,"name":"Anasayfa","item":"http:\/\/atif.unaldi.org\/blog\/"},{"@type":"ListItem","position":2,"name":"H\u00fclya! Neden b\u00f6yle?"}]},{"@type":"WebSite","@id":"http:\/\/atif.unaldi.org\/blog\/#website","url":"http:\/\/atif.unaldi.org\/blog\/","name":"At\u0131f \u00dcnald\u0131","description":"Yazar","publisher":{"@id":"http:\/\/atif.unaldi.org\/blog\/#\/schema\/person\/608ed42ecbda2bc5cfdb767ac1db479b"},"alternateName":"At\u0131f \u00dcnald\u0131 Blog","potentialAction":[{"@type":"SearchAction","target":{"@type":"EntryPoint","urlTemplate":"http:\/\/atif.unaldi.org\/blog\/?s={search_term_string}"},"query-input":{"@type":"PropertyValueSpecification","valueRequired":true,"valueName":"search_term_string"}}],"inLanguage":"tr"},{"@type":["Person","Organization"],"@id":"http:\/\/atif.unaldi.org\/blog\/#\/schema\/person\/608ed42ecbda2bc5cfdb767ac1db479b","name":"Atif Unaldi","image":{"@type":"ImageObject","inLanguage":"tr","@id":"http:\/\/atif.unaldi.org\/blog\/#\/schema\/person\/image\/","url":"http:\/\/atif.unaldi.org\/blog\/wp-content\/uploads\/2022\/10\/cropped-a94e8f7a-67c4-4d65-8a5f-032ba784be53-2.jpg","contentUrl":"http:\/\/atif.unaldi.org\/blog\/wp-content\/uploads\/2022\/10\/cropped-a94e8f7a-67c4-4d65-8a5f-032ba784be53-2.jpg","width":512,"height":512,"caption":"Atif Unaldi"},"logo":{"@id":"http:\/\/atif.unaldi.org\/blog\/#\/schema\/person\/image\/"},"description":"Bo\u011fazi\u00e7i \u00dcniversitesinde Fizik B\u00f6l\u00fcm\u00fc\u2019nde e\u011fitim ald\u0131\u011f\u0131 y\u0131llarda T\u00fcrkiye\u2019de ilk kez iki bilgisayar\u0131 telefon hatlar\u0131 \u00fczerinden konu\u015fturan BBS sistemini kurarak, T\u00fcrkiye\u2019deki ilk internet a\u011f\u0131n\u0131 olu\u015fturmu\u015ftur. Bir \u00e7ok radyo ve televizyonda program yap\u0131mc\u0131l\u0131\u011f\u0131 ve sunuculu\u011funu, bir \u00e7ok teknoloji dergisinde k\u00f6\u015fe yazarl\u0131\u011f\u0131, bili\u015fim edit\u00f6rl\u00fc\u011f\u00fc ve genel yay\u0131n y\u00f6netmenli\u011fi yapt\u0131. T\u00fcrkiye\u2019deki ilk internet servis sa\u011flay\u0131c\u0131s\u0131n\u0131n genel m\u00fcd\u00fcrl\u00fc\u011f\u00fcn\u00fc \u00fcstlendi. Bir \u00e7ok organizasyon ve kurulu\u015fta internet s\u00fcperviz\u00f6rl\u00fc\u011f\u00fc , webmaster\u2019l\u0131\u011f\u0131 , IT direkt\u00f6rl\u00fc\u011f\u00fc ve dijital projeler koordinat\u00f6rl\u00fc\u011f\u00fc g\u00f6revlerinde bulundu. Farkl\u0131 \u00fcniversitelerin farkl\u0131 fak\u00fcltelerinde \u00f6\u011fretim g\u00f6revlisi olarak bulunmu\u015f olan \u00dcnald\u0131; \u015fu an teknoloji ve pazarlama konular\u0131 ba\u015fta olmak \u00fczere bir\u00e7ok alanda hizmet veren Unaldi Consultancy\u2019nin kurucusudur. \u2028Selin \u00dcnald\u0131 ile evlidir. Su ve Toprak isminde iki \u00e7ocu\u011fu vard\u0131r.","sameAs":["http:\/\/atif.unaldi.org\/blog","https:\/\/www.facebook.com\/atifunaldi","https:\/\/www.instagram.com\/atifunaldi\/","https:\/\/www.linkedin.com\/in\/atifunaldi","https:\/\/x.com\/https:\/\/twitter.com\/atifunaldi","https:\/\/www.youtube.com\/c\/atifunaldi","https:\/\/soundcloud.com\/atif-unaldi","https:\/\/atifunaldi.tumblr.com"],"url":"http:\/\/atif.unaldi.org\/blog\/author\/atifunaldi\/"}]}},"jetpack_featured_media_url":"","_links":{"self":[{"href":"http:\/\/atif.unaldi.org\/blog\/wp-json\/wp\/v2\/posts\/458","targetHints":{"allow":["GET"]}}],"collection":[{"href":"http:\/\/atif.unaldi.org\/blog\/wp-json\/wp\/v2\/posts"}],"about":[{"href":"http:\/\/atif.unaldi.org\/blog\/wp-json\/wp\/v2\/types\/post"}],"author":[{"embeddable":true,"href":"http:\/\/atif.unaldi.org\/blog\/wp-json\/wp\/v2\/users\/2"}],"replies":[{"embeddable":true,"href":"http:\/\/atif.unaldi.org\/blog\/wp-json\/wp\/v2\/comments?post=458"}],"version-history":[{"count":0,"href":"http:\/\/atif.unaldi.org\/blog\/wp-json\/wp\/v2\/posts\/458\/revisions"}],"wp:attachment":[{"href":"http:\/\/atif.unaldi.org\/blog\/wp-json\/wp\/v2\/media?parent=458"}],"wp:term":[{"taxonomy":"category","embeddable":true,"href":"http:\/\/atif.unaldi.org\/blog\/wp-json\/wp\/v2\/categories?post=458"},{"taxonomy":"post_tag","embeddable":true,"href":"http:\/\/atif.unaldi.org\/blog\/wp-json\/wp\/v2\/tags?post=458"}],"curies":[{"name":"wp","href":"https:\/\/api.w.org\/{rel}","templated":true}]}}