{"id":5752,"date":"2011-01-24T20:33:51","date_gmt":"2011-01-24T20:33:51","guid":{"rendered":"http:\/\/forecasts.wordpress.com\/2011\/01\/24\/religion-growing-in-china-while-seculari\/"},"modified":"2011-01-24T20:33:51","modified_gmt":"2011-01-24T20:33:51","slug":"religion-growing-in-china-while-seculari","status":"publish","type":"post","link":"http:\/\/atif.unaldi.org\/blog\/2011\/01\/24\/religion-growing-in-china-while-seculari\/","title":{"rendered":"Religion Growing in China while Seculari &#8230;"},"content":{"rendered":"<p>Religion Growing in China while Secularism Grows in the Middle East<br \/>\nThe skyrocketing economy and tumultuous changes are leading to a yearning among the Chinese for the stabilizing influences of religion. Meanwhile, surveys indicate that the Middle East may be starting to move away from fundamentalism, especially in politics. Get details on page 8-9 of your free OUTLOOK report. It\u2019s one of 70 forecasts in the full report, which is yours free with an introductory membership.<\/p>\n","protected":false},"excerpt":{"rendered":"<p>Religion Growing in China while Secularism Grows in the Middle East The skyrocketing economy and tumultuous changes are leading to a yearning among the Chinese for the stabilizing influences of religion. Meanwhile, surveys indicate that&#8230;<\/p>\n","protected":false},"author":2,"featured_media":0,"comment_status":"open","ping_status":"open","sticky":false,"template":"","format":"standard","meta":{"footnotes":""},"categories":[2],"tags":[],"class_list":["post-5752","post","type-post","status-publish","format-standard","hentry","category-blog-yazilari"],"yoast_head":"<!-- This site is optimized with the Yoast SEO plugin v26.8 - https:\/\/yoast.com\/product\/yoast-seo-wordpress\/ -->\n<title>Religion Growing in China while Seculari ... - At\u0131f \u00dcnald\u0131<\/title>\n<meta name=\"robots\" content=\"index, follow, max-snippet:-1, max-image-preview:large, max-video-preview:-1\" \/>\n<link rel=\"canonical\" href=\"http:\/\/atif.unaldi.org\/blog\/2011\/01\/24\/religion-growing-in-china-while-seculari\/\" \/>\n<meta property=\"og:locale\" content=\"tr_TR\" \/>\n<meta property=\"og:type\" content=\"article\" \/>\n<meta property=\"og:title\" content=\"Religion Growing in China while Seculari ... - At\u0131f \u00dcnald\u0131\" \/>\n<meta property=\"og:description\" content=\"Religion Growing in China while Secularism Grows in the Middle East The skyrocketing economy and tumultuous changes are leading to a yearning among the Chinese for the stabilizing influences of religion. Meanwhile, surveys indicate that...\" \/>\n<meta property=\"og:url\" content=\"http:\/\/atif.unaldi.org\/blog\/2011\/01\/24\/religion-growing-in-china-while-seculari\/\" \/>\n<meta property=\"og:site_name\" content=\"At\u0131f \u00dcnald\u0131\" \/>\n<meta property=\"article:publisher\" content=\"https:\/\/www.facebook.com\/atifunaldi\" \/>\n<meta property=\"article:author\" content=\"https:\/\/www.facebook.com\/atifunaldi\" \/>\n<meta property=\"article:published_time\" content=\"2011-01-24T20:33:51+00:00\" \/>\n<meta name=\"author\" content=\"Atif Unaldi\" \/>\n<meta name=\"twitter:card\" content=\"summary_large_image\" \/>\n<meta name=\"twitter:creator\" content=\"@https:\/\/twitter.com\/atifunaldi\" \/>\n<meta name=\"twitter:site\" content=\"@atifunaldi\" \/>\n<meta name=\"twitter:label1\" content=\"Yazan:\" \/>\n\t<meta name=\"twitter:data1\" content=\"Atif Unaldi\" \/>\n<script type=\"application\/ld+json\" class=\"yoast-schema-graph\">{\"@context\":\"https:\/\/schema.org\",\"@graph\":[{\"@type\":\"Article\",\"@id\":\"http:\/\/atif.unaldi.org\/blog\/2011\/01\/24\/religion-growing-in-china-while-seculari\/#article\",\"isPartOf\":{\"@id\":\"http:\/\/atif.unaldi.org\/blog\/2011\/01\/24\/religion-growing-in-china-while-seculari\/\"},\"author\":{\"name\":\"Atif Unaldi\",\"@id\":\"http:\/\/atif.unaldi.org\/blog\/#\/schema\/person\/608ed42ecbda2bc5cfdb767ac1db479b\"},\"headline\":\"Religion Growing in China while Seculari &#8230;\",\"datePublished\":\"2011-01-24T20:33:51+00:00\",\"mainEntityOfPage\":{\"@id\":\"http:\/\/atif.unaldi.org\/blog\/2011\/01\/24\/religion-growing-in-china-while-seculari\/\"},\"wordCount\":82,\"commentCount\":0,\"publisher\":{\"@id\":\"http:\/\/atif.unaldi.org\/blog\/#\/schema\/person\/608ed42ecbda2bc5cfdb767ac1db479b\"},\"articleSection\":[\"Blog Yaz\u0131lar\u0131\"],\"inLanguage\":\"tr\",\"potentialAction\":[{\"@type\":\"CommentAction\",\"name\":\"Comment\",\"target\":[\"http:\/\/atif.unaldi.org\/blog\/2011\/01\/24\/religion-growing-in-china-while-seculari\/#respond\"]}]},{\"@type\":\"WebPage\",\"@id\":\"http:\/\/atif.unaldi.org\/blog\/2011\/01\/24\/religion-growing-in-china-while-seculari\/\",\"url\":\"http:\/\/atif.unaldi.org\/blog\/2011\/01\/24\/religion-growing-in-china-while-seculari\/\",\"name\":\"Religion Growing in China while Seculari ... - At\u0131f \u00dcnald\u0131\",\"isPartOf\":{\"@id\":\"http:\/\/atif.unaldi.org\/blog\/#website\"},\"datePublished\":\"2011-01-24T20:33:51+00:00\",\"breadcrumb\":{\"@id\":\"http:\/\/atif.unaldi.org\/blog\/2011\/01\/24\/religion-growing-in-china-while-seculari\/#breadcrumb\"},\"inLanguage\":\"tr\",\"potentialAction\":[{\"@type\":\"ReadAction\",\"target\":[\"http:\/\/atif.unaldi.org\/blog\/2011\/01\/24\/religion-growing-in-china-while-seculari\/\"]}]},{\"@type\":\"BreadcrumbList\",\"@id\":\"http:\/\/atif.unaldi.org\/blog\/2011\/01\/24\/religion-growing-in-china-while-seculari\/#breadcrumb\",\"itemListElement\":[{\"@type\":\"ListItem\",\"position\":1,\"name\":\"Anasayfa\",\"item\":\"http:\/\/atif.unaldi.org\/blog\/\"},{\"@type\":\"ListItem\",\"position\":2,\"name\":\"Religion Growing in China while Seculari &#8230;\"}]},{\"@type\":\"WebSite\",\"@id\":\"http:\/\/atif.unaldi.org\/blog\/#website\",\"url\":\"http:\/\/atif.unaldi.org\/blog\/\",\"name\":\"At\u0131f \u00dcnald\u0131\",\"description\":\"Yazar\",\"publisher\":{\"@id\":\"http:\/\/atif.unaldi.org\/blog\/#\/schema\/person\/608ed42ecbda2bc5cfdb767ac1db479b\"},\"alternateName\":\"At\u0131f \u00dcnald\u0131 Blog\",\"potentialAction\":[{\"@type\":\"SearchAction\",\"target\":{\"@type\":\"EntryPoint\",\"urlTemplate\":\"http:\/\/atif.unaldi.org\/blog\/?s={search_term_string}\"},\"query-input\":{\"@type\":\"PropertyValueSpecification\",\"valueRequired\":true,\"valueName\":\"search_term_string\"}}],\"inLanguage\":\"tr\"},{\"@type\":[\"Person\",\"Organization\"],\"@id\":\"http:\/\/atif.unaldi.org\/blog\/#\/schema\/person\/608ed42ecbda2bc5cfdb767ac1db479b\",\"name\":\"Atif Unaldi\",\"image\":{\"@type\":\"ImageObject\",\"inLanguage\":\"tr\",\"@id\":\"http:\/\/atif.unaldi.org\/blog\/#\/schema\/person\/image\/\",\"url\":\"http:\/\/atif.unaldi.org\/blog\/wp-content\/uploads\/2022\/10\/cropped-a94e8f7a-67c4-4d65-8a5f-032ba784be53-2.jpg\",\"contentUrl\":\"http:\/\/atif.unaldi.org\/blog\/wp-content\/uploads\/2022\/10\/cropped-a94e8f7a-67c4-4d65-8a5f-032ba784be53-2.jpg\",\"width\":512,\"height\":512,\"caption\":\"Atif Unaldi\"},\"logo\":{\"@id\":\"http:\/\/atif.unaldi.org\/blog\/#\/schema\/person\/image\/\"},\"description\":\"Bo\u011fazi\u00e7i \u00dcniversitesinde Fizik B\u00f6l\u00fcm\u00fc\u2019nde e\u011fitim ald\u0131\u011f\u0131 y\u0131llarda T\u00fcrkiye\u2019de ilk kez iki bilgisayar\u0131 telefon hatlar\u0131 \u00fczerinden konu\u015fturan BBS sistemini kurarak, T\u00fcrkiye\u2019deki ilk internet a\u011f\u0131n\u0131 olu\u015fturmu\u015ftur. Bir \u00e7ok radyo ve televizyonda program yap\u0131mc\u0131l\u0131\u011f\u0131 ve sunuculu\u011funu, bir \u00e7ok teknoloji dergisinde k\u00f6\u015fe yazarl\u0131\u011f\u0131, bili\u015fim edit\u00f6rl\u00fc\u011f\u00fc ve genel yay\u0131n y\u00f6netmenli\u011fi yapt\u0131. T\u00fcrkiye\u2019deki ilk internet servis sa\u011flay\u0131c\u0131s\u0131n\u0131n genel m\u00fcd\u00fcrl\u00fc\u011f\u00fcn\u00fc \u00fcstlendi. Bir \u00e7ok organizasyon ve kurulu\u015fta internet s\u00fcperviz\u00f6rl\u00fc\u011f\u00fc , webmaster\u2019l\u0131\u011f\u0131 , IT direkt\u00f6rl\u00fc\u011f\u00fc ve dijital projeler koordinat\u00f6rl\u00fc\u011f\u00fc g\u00f6revlerinde bulundu. Farkl\u0131 \u00fcniversitelerin farkl\u0131 fak\u00fcltelerinde \u00f6\u011fretim g\u00f6revlisi olarak bulunmu\u015f olan \u00dcnald\u0131; \u015fu an teknoloji ve pazarlama konular\u0131 ba\u015fta olmak \u00fczere bir\u00e7ok alanda hizmet veren Unaldi Consultancy\u2019nin kurucusudur. \\u2028Selin \u00dcnald\u0131 ile evlidir. Su ve Toprak isminde iki \u00e7ocu\u011fu vard\u0131r.\",\"sameAs\":[\"http:\/\/atif.unaldi.org\/blog\",\"https:\/\/www.facebook.com\/atifunaldi\",\"https:\/\/www.instagram.com\/atifunaldi\/\",\"https:\/\/www.linkedin.com\/in\/atifunaldi\",\"https:\/\/x.com\/https:\/\/twitter.com\/atifunaldi\",\"https:\/\/www.youtube.com\/c\/atifunaldi\",\"https:\/\/soundcloud.com\/atif-unaldi\",\"https:\/\/atifunaldi.tumblr.com\"],\"url\":\"http:\/\/atif.unaldi.org\/blog\/author\/atifunaldi\/\"}]}<\/script>\n<!-- \/ Yoast SEO plugin. -->","yoast_head_json":{"title":"Religion Growing in China while Seculari ... - At\u0131f \u00dcnald\u0131","robots":{"index":"index","follow":"follow","max-snippet":"max-snippet:-1","max-image-preview":"max-image-preview:large","max-video-preview":"max-video-preview:-1"},"canonical":"http:\/\/atif.unaldi.org\/blog\/2011\/01\/24\/religion-growing-in-china-while-seculari\/","og_locale":"tr_TR","og_type":"article","og_title":"Religion Growing in China while Seculari ... - At\u0131f \u00dcnald\u0131","og_description":"Religion Growing in China while Secularism Grows in the Middle East The skyrocketing economy and tumultuous changes are leading to a yearning among the Chinese for the stabilizing influences of religion. Meanwhile, surveys indicate that...","og_url":"http:\/\/atif.unaldi.org\/blog\/2011\/01\/24\/religion-growing-in-china-while-seculari\/","og_site_name":"At\u0131f \u00dcnald\u0131","article_publisher":"https:\/\/www.facebook.com\/atifunaldi","article_author":"https:\/\/www.facebook.com\/atifunaldi","article_published_time":"2011-01-24T20:33:51+00:00","author":"Atif Unaldi","twitter_card":"summary_large_image","twitter_creator":"@https:\/\/twitter.com\/atifunaldi","twitter_site":"@atifunaldi","twitter_misc":{"Yazan:":"Atif Unaldi"},"schema":{"@context":"https:\/\/schema.org","@graph":[{"@type":"Article","@id":"http:\/\/atif.unaldi.org\/blog\/2011\/01\/24\/religion-growing-in-china-while-seculari\/#article","isPartOf":{"@id":"http:\/\/atif.unaldi.org\/blog\/2011\/01\/24\/religion-growing-in-china-while-seculari\/"},"author":{"name":"Atif Unaldi","@id":"http:\/\/atif.unaldi.org\/blog\/#\/schema\/person\/608ed42ecbda2bc5cfdb767ac1db479b"},"headline":"Religion Growing in China while Seculari &#8230;","datePublished":"2011-01-24T20:33:51+00:00","mainEntityOfPage":{"@id":"http:\/\/atif.unaldi.org\/blog\/2011\/01\/24\/religion-growing-in-china-while-seculari\/"},"wordCount":82,"commentCount":0,"publisher":{"@id":"http:\/\/atif.unaldi.org\/blog\/#\/schema\/person\/608ed42ecbda2bc5cfdb767ac1db479b"},"articleSection":["Blog Yaz\u0131lar\u0131"],"inLanguage":"tr","potentialAction":[{"@type":"CommentAction","name":"Comment","target":["http:\/\/atif.unaldi.org\/blog\/2011\/01\/24\/religion-growing-in-china-while-seculari\/#respond"]}]},{"@type":"WebPage","@id":"http:\/\/atif.unaldi.org\/blog\/2011\/01\/24\/religion-growing-in-china-while-seculari\/","url":"http:\/\/atif.unaldi.org\/blog\/2011\/01\/24\/religion-growing-in-china-while-seculari\/","name":"Religion Growing in China while Seculari ... - At\u0131f \u00dcnald\u0131","isPartOf":{"@id":"http:\/\/atif.unaldi.org\/blog\/#website"},"datePublished":"2011-01-24T20:33:51+00:00","breadcrumb":{"@id":"http:\/\/atif.unaldi.org\/blog\/2011\/01\/24\/religion-growing-in-china-while-seculari\/#breadcrumb"},"inLanguage":"tr","potentialAction":[{"@type":"ReadAction","target":["http:\/\/atif.unaldi.org\/blog\/2011\/01\/24\/religion-growing-in-china-while-seculari\/"]}]},{"@type":"BreadcrumbList","@id":"http:\/\/atif.unaldi.org\/blog\/2011\/01\/24\/religion-growing-in-china-while-seculari\/#breadcrumb","itemListElement":[{"@type":"ListItem","position":1,"name":"Anasayfa","item":"http:\/\/atif.unaldi.org\/blog\/"},{"@type":"ListItem","position":2,"name":"Religion Growing in China while Seculari &#8230;"}]},{"@type":"WebSite","@id":"http:\/\/atif.unaldi.org\/blog\/#website","url":"http:\/\/atif.unaldi.org\/blog\/","name":"At\u0131f \u00dcnald\u0131","description":"Yazar","publisher":{"@id":"http:\/\/atif.unaldi.org\/blog\/#\/schema\/person\/608ed42ecbda2bc5cfdb767ac1db479b"},"alternateName":"At\u0131f \u00dcnald\u0131 Blog","potentialAction":[{"@type":"SearchAction","target":{"@type":"EntryPoint","urlTemplate":"http:\/\/atif.unaldi.org\/blog\/?s={search_term_string}"},"query-input":{"@type":"PropertyValueSpecification","valueRequired":true,"valueName":"search_term_string"}}],"inLanguage":"tr"},{"@type":["Person","Organization"],"@id":"http:\/\/atif.unaldi.org\/blog\/#\/schema\/person\/608ed42ecbda2bc5cfdb767ac1db479b","name":"Atif Unaldi","image":{"@type":"ImageObject","inLanguage":"tr","@id":"http:\/\/atif.unaldi.org\/blog\/#\/schema\/person\/image\/","url":"http:\/\/atif.unaldi.org\/blog\/wp-content\/uploads\/2022\/10\/cropped-a94e8f7a-67c4-4d65-8a5f-032ba784be53-2.jpg","contentUrl":"http:\/\/atif.unaldi.org\/blog\/wp-content\/uploads\/2022\/10\/cropped-a94e8f7a-67c4-4d65-8a5f-032ba784be53-2.jpg","width":512,"height":512,"caption":"Atif Unaldi"},"logo":{"@id":"http:\/\/atif.unaldi.org\/blog\/#\/schema\/person\/image\/"},"description":"Bo\u011fazi\u00e7i \u00dcniversitesinde Fizik B\u00f6l\u00fcm\u00fc\u2019nde e\u011fitim ald\u0131\u011f\u0131 y\u0131llarda T\u00fcrkiye\u2019de ilk kez iki bilgisayar\u0131 telefon hatlar\u0131 \u00fczerinden konu\u015fturan BBS sistemini kurarak, T\u00fcrkiye\u2019deki ilk internet a\u011f\u0131n\u0131 olu\u015fturmu\u015ftur. Bir \u00e7ok radyo ve televizyonda program yap\u0131mc\u0131l\u0131\u011f\u0131 ve sunuculu\u011funu, bir \u00e7ok teknoloji dergisinde k\u00f6\u015fe yazarl\u0131\u011f\u0131, bili\u015fim edit\u00f6rl\u00fc\u011f\u00fc ve genel yay\u0131n y\u00f6netmenli\u011fi yapt\u0131. T\u00fcrkiye\u2019deki ilk internet servis sa\u011flay\u0131c\u0131s\u0131n\u0131n genel m\u00fcd\u00fcrl\u00fc\u011f\u00fcn\u00fc \u00fcstlendi. Bir \u00e7ok organizasyon ve kurulu\u015fta internet s\u00fcperviz\u00f6rl\u00fc\u011f\u00fc , webmaster\u2019l\u0131\u011f\u0131 , IT direkt\u00f6rl\u00fc\u011f\u00fc ve dijital projeler koordinat\u00f6rl\u00fc\u011f\u00fc g\u00f6revlerinde bulundu. Farkl\u0131 \u00fcniversitelerin farkl\u0131 fak\u00fcltelerinde \u00f6\u011fretim g\u00f6revlisi olarak bulunmu\u015f olan \u00dcnald\u0131; \u015fu an teknoloji ve pazarlama konular\u0131 ba\u015fta olmak \u00fczere bir\u00e7ok alanda hizmet veren Unaldi Consultancy\u2019nin kurucusudur. \u2028Selin \u00dcnald\u0131 ile evlidir. Su ve Toprak isminde iki \u00e7ocu\u011fu vard\u0131r.","sameAs":["http:\/\/atif.unaldi.org\/blog","https:\/\/www.facebook.com\/atifunaldi","https:\/\/www.instagram.com\/atifunaldi\/","https:\/\/www.linkedin.com\/in\/atifunaldi","https:\/\/x.com\/https:\/\/twitter.com\/atifunaldi","https:\/\/www.youtube.com\/c\/atifunaldi","https:\/\/soundcloud.com\/atif-unaldi","https:\/\/atifunaldi.tumblr.com"],"url":"http:\/\/atif.unaldi.org\/blog\/author\/atifunaldi\/"}]}},"jetpack_featured_media_url":"","_links":{"self":[{"href":"http:\/\/atif.unaldi.org\/blog\/wp-json\/wp\/v2\/posts\/5752","targetHints":{"allow":["GET"]}}],"collection":[{"href":"http:\/\/atif.unaldi.org\/blog\/wp-json\/wp\/v2\/posts"}],"about":[{"href":"http:\/\/atif.unaldi.org\/blog\/wp-json\/wp\/v2\/types\/post"}],"author":[{"embeddable":true,"href":"http:\/\/atif.unaldi.org\/blog\/wp-json\/wp\/v2\/users\/2"}],"replies":[{"embeddable":true,"href":"http:\/\/atif.unaldi.org\/blog\/wp-json\/wp\/v2\/comments?post=5752"}],"version-history":[{"count":0,"href":"http:\/\/atif.unaldi.org\/blog\/wp-json\/wp\/v2\/posts\/5752\/revisions"}],"wp:attachment":[{"href":"http:\/\/atif.unaldi.org\/blog\/wp-json\/wp\/v2\/media?parent=5752"}],"wp:term":[{"taxonomy":"category","embeddable":true,"href":"http:\/\/atif.unaldi.org\/blog\/wp-json\/wp\/v2\/categories?post=5752"},{"taxonomy":"post_tag","embeddable":true,"href":"http:\/\/atif.unaldi.org\/blog\/wp-json\/wp\/v2\/tags?post=5752"}],"curies":[{"name":"wp","href":"https:\/\/api.w.org\/{rel}","templated":true}]}}