{"id":5830,"date":"2011-05-18T12:42:42","date_gmt":"2011-05-18T12:42:42","guid":{"rendered":"http:\/\/iptvnedir.atifunaldi.info\/?p=66"},"modified":"2011-05-18T12:42:42","modified_gmt":"2011-05-18T12:42:42","slug":"son-kullanicilar-icin-iptv","status":"publish","type":"post","link":"http:\/\/atif.unaldi.org\/blog\/2011\/05\/18\/son-kullanicilar-icin-iptv\/","title":{"rendered":"Son Kullan\u0131c\u0131lar \u0130\u00e7in IPTV"},"content":{"rendered":"<p><strong>\u0130zleyici mi son kullan\u0131c\u0131 m\u0131?<\/strong><\/p>\n<p><strong>\u00a0<\/strong><\/p>\n<p>\u0130nternet ve bili\u015fim teknolojileri alan\u0131nda \u00e7al\u0131\u015fan insanlar\u0131n \u00e7o\u011fu t\u00fcketicilere ya da izleyicilere son kullan\u0131c\u0131 demeyi tercih ediyorlar. Bunun \u00f6nemli sebeplerinden biri sunulan hizmetin ya da \u00fcr\u00fcn\u00fcn en son sahibi olan ki\u015finin <strong>\u2018<\/strong>son kullanan\u2019 ki\u015fi olmas\u0131ndan kaynaklan\u0131yor.<\/p>\n<p>Fakat burada son kullan\u0131c\u0131 jargonunu kullanmak \u2018izleyici\u2019 tan\u0131m\u0131n\u0131 kullanmaktan \u00e7ok daha mant\u0131kl\u0131 g\u00f6r\u00fcnmektedir. \u00c7\u00fcnk\u00fc IPTV\u2019yi insanlar sadece izlemekle kalm\u0131yorlar, ayn\u0131 zamanda o \u00fcr\u00fcn\u00fc kullan\u0131yorlar ve interaktif imk\u00e2nlar\u0131ndan yararlan\u0131yorlar. Yararlanman\u0131n d\u0131\u015f\u0131nda bu interaktif alanlar\u0131 baz\u0131 ki\u015filerle payla\u015farak ciddi anlamda pazarlama imk\u00e2nlar\u0131 do\u011furuyorlar. Son d\u00f6nemde dikkatinizi \u00e7ekti mi bilmiyorum, 500 milyon kullan\u0131c\u0131ya ula\u015fan Facabook ile ilgili bir reklam hat\u0131rl\u0131yor musunuz? Evet, d\u00fc\u015f\u00fcnd\u00fc\u011f\u00fcn\u00fcz gibi ben de hat\u0131rlam\u0131yorum \u00e7\u00fcnk\u00fc \u00f6yle bir \u00e7al\u0131\u015fma olmad\u0131. Facebook bu kullan\u0131c\u0131 say\u0131s\u0131na ula\u015f\u0131rken kendi izleyicisinin ayn\u0131 zamanda i\u00e7eri\u011fi olu\u015fturmalar\u0131na izin verdi. B\u00f6ylelikle sayfalar\u0131nda bilgilerini payla\u015farak yani kendi kendilerine i\u00e7eri\u011fi olu\u015fturduklar\u0131 s\u0131rada e\u015f zamanl\u0131 olarak Facabook\u2019un pazarlamas\u0131n\u0131 da yapt\u0131lar. IPTV de i\u015fte bu imk\u00e2nlara sahip olan bir yap\u0131. IPTV kullan\u0131c\u0131lar\u0131 yap\u0131 i\u00e7erisinde IPTV\u2019nin kullan\u0131c\u0131lar\u0131, ayn\u0131 zamanda onlar\u0131n reklam vereni ve ayn\u0131 zamanda da bu imk\u00e2nlar\u0131 di\u011fer insanlara pazarlayan pazarlama elemanlar\u0131 gibi d\u00fc\u015f\u00fcn\u00fclebilir. Yani IPTV d\u00fc\u015f\u00fcn\u00fcld\u00fc\u011f\u00fc zaman son kullan\u0131c\u0131 ayn\u0131 zamanda ciddi anlamda imk\u00e2nd\u0131r. Ne kadar fazla izleyiciniz varsa sizin g\u00fcc\u00fcn\u00fcz de o kadar y\u00fcksek olacakt\u0131r. Demek istedi\u011fimiz IPTV, standart televizyonculukta oldu\u011fu gibi sermaye k\u0131sm\u0131ndaki g\u00fcc\u00fcn\u00fc de\u011fil, son kullan\u0131c\u0131lar\u0131n\u0131n g\u00fcc\u00fcn\u00fc kullanacakt\u0131r.<\/p>\n<p><strong>\u201cSon kullan\u0131c\u0131 sistemin en \u00f6nemli par\u00e7alar\u0131ndan biri olacakt\u0131r \u00e7\u00fcnk\u00fc son kullan\u0131c\u0131 i\u00e7eri\u011fin sahibi olacakt\u0131r.\u201d<\/strong><\/p>\n<p><strong>\u00a0<\/strong><\/p>\n<p>Twitter \u00fczerinden \u00f6rnek vermek gerekirse \u00fcnl\u00fc bir insan\u0131n iki y\u00fcz takip\u00e7isi olmas\u0131 ile \u00fcnl\u00fc olmayan herhangi birinin iki bin tane izleyicisi olmas\u0131 kar\u015f\u0131s\u0131ndaki ya\u015fanan durum ile ayn\u0131 durum s\u00f6z konusudur. Bu durumda \u00f6zellikle geleneksel medyan\u0131n internet ve IPTV kanal\u0131n\u0131 bir an \u00f6nce \u00f6\u011frenmesini gerektiren \u00f6nemli sebeplerden biridir. Bunun nedeni de geli\u015fen bu kanal\u0131n geleneksel medya i\u00e7in bir tehdit arac\u0131 olmas\u0131d\u0131r. A\u00e7\u0131k s\u00f6ylemek gerekirse; burada hangi kanal\u0131n seyredilece\u011fi k\u0131stas konusunda en \u00f6nemli nokta i\u00e7eriktir fakat i\u00e7erik olu\u015fturma konusunda sermaye sahibinin ve g\u00fcc\u00fcn\u00fcn etkili olmad\u0131\u011f\u0131n\u0131 g\u00f6rebiliyoruz. \u0130\u015fte bu konudan bahsetti\u011fimiz s\u0131rada IPTV\u2019nin farkl\u0131l\u0131\u011f\u0131 ortaya \u00e7\u0131kmaktad\u0131r. IPTV\u2019de sermaye sahibinin bu g\u00fcc\u00fcn\u00fcn bir \u00f6nemi olmayacakt\u0131r, IPTV izleyicisinin \u00fczerinden yola \u00e7\u0131karak g\u00fc\u00e7 ve marka sahibi olacakt\u0131r. Bu nedenle son kullan\u0131c\u0131 sistemin en \u00f6nemli par\u00e7alar\u0131ndan biri olacakt\u0131r \u00e7\u00fcnk\u00fc son kullan\u0131c\u0131 i\u00e7eri\u011fin sahibi olacakt\u0131r. Bu nedenle son kullan\u0131c\u0131n iste\u011fi d\u0131\u015f\u0131nda bir i\u00e7eri\u011fin bar\u0131nd\u0131r\u0131lmas\u0131 ilk a\u015famada gerekli olsa bile uzun vadede bu gereklilik ortadan kalkacakt\u0131r. Tabii son kullan\u0131c\u0131n\u0131n bu g\u00fcce sahip olmas\u0131, ona her imk\u00e2n\u0131 vermeyecektir. \u00d6zellikle \u00fclkemizde denetim ara\u00e7lar\u0131n\u0131n olmas\u0131 sonucu i\u00e7eri\u011fi son kullan\u0131c\u0131 olu\u015fturacak olsa bile moderasyon sistemi olacakt\u0131r. Dolay\u0131s\u0131yla edit\u00f6rl\u00fck yap\u0131s\u0131 kullan\u0131lacakt\u0131r. \u00d6zetle son<\/p>\n<p>kullan\u0131c\u0131 her istedi\u011fini yapabilme hakk\u0131na sahip de\u011fildir ancak yine de sistemin en etkili par\u00e7alar\u0131ndan biridir. \u00d6nem s\u0131ras\u0131na bak\u0131ld\u0131\u011f\u0131nda sermayenin \u00fczerine \u00e7\u0131km\u0131\u015f olmas\u0131 bunun \u00e7ok ciddi bir g\u00f6stergesidir.<\/p>\n<p><strong>\u00d6nemli bir detay:<\/strong><\/p>\n<p><strong>Son kullan\u0131c\u0131 ile izleyici aras\u0131ndaki farklar<\/strong><\/p>\n<p><strong>\u00a0<\/strong><\/p>\n<p>Tabii son kullan\u0131c\u0131 a\u00e7\u0131s\u0131ndan bak\u0131ld\u0131\u011f\u0131 zaman ortada yap\u0131lmas\u0131 gereken bir ayr\u0131m vard\u0131r. Kime izleyici, kime son kullan\u0131c\u0131 denilmelidir? \u0130zleyici, sadece g\u00f6r\u00fcnt\u00fcy\u00fc izler ve yorumunu kendine saklar ancak son kullan\u0131c\u0131 izler, yorum yapar, i\u00e7erik hakk\u0131nda de\u011fi\u015fiklik yapar. Bu de\u011fi\u015fikli\u011fi \u00f6zellikle i\u00e7eri\u011fin ve markan\u0131n g\u00fc\u00e7lenmesi do\u011frultusunda yapar. Bu nedenle IPTV okuryazarl\u0131\u011f\u0131 di\u011fer okuryazarl\u0131klardan \u00e7ok daha \u00f6nemlidir. Yani dijital platformlarda, internet ve bilgisayar okuryazar\u0131 olmaktan \u00e7ok daha \u00f6nemlidir. Bunun nedeni de IPTV\u2019de ki\u015filer olu\u015fturduklar\u0131 i\u00e7erikle bir kamu g\u00f6revini yerine getirirler. Bu durumun getirdi\u011fi sorumluluklar\u0131 bilmelidirler, aksi taktirde denetimin etkisiyle ciddi anlamda zarar g\u00f6receklerdir.<\/p>\n","protected":false},"excerpt":{"rendered":"<p>\u0130zleyici mi son kullan\u0131c\u0131 m\u0131? \u00a0 \u0130nternet ve bili\u015fim teknolojileri alan\u0131nda \u00e7al\u0131\u015fan insanlar\u0131n \u00e7o\u011fu t\u00fcketicilere ya da izleyicilere son kullan\u0131c\u0131 demeyi tercih ediyorlar. Bunun \u00f6nemli sebeplerinden biri sunulan hizmetin ya da \u00fcr\u00fcn\u00fcn en son sahibi&#8230;<\/p>\n","protected":false},"author":2,"featured_media":0,"comment_status":"closed","ping_status":"open","sticky":false,"template":"","format":"standard","meta":{"footnotes":""},"categories":[2],"tags":[],"class_list":["post-5830","post","type-post","status-publish","format-standard","hentry","category-blog-yazilari"],"yoast_head":"<!-- This site is optimized with the Yoast SEO plugin v26.8 - https:\/\/yoast.com\/product\/yoast-seo-wordpress\/ -->\n<title>Son Kullan\u0131c\u0131lar \u0130\u00e7in IPTV - At\u0131f \u00dcnald\u0131<\/title>\n<meta name=\"robots\" content=\"index, follow, max-snippet:-1, max-image-preview:large, max-video-preview:-1\" \/>\n<link rel=\"canonical\" href=\"http:\/\/atif.unaldi.org\/blog\/2011\/05\/18\/son-kullanicilar-icin-iptv\/\" \/>\n<meta property=\"og:locale\" content=\"tr_TR\" \/>\n<meta property=\"og:type\" content=\"article\" \/>\n<meta property=\"og:title\" content=\"Son Kullan\u0131c\u0131lar \u0130\u00e7in IPTV - At\u0131f \u00dcnald\u0131\" \/>\n<meta property=\"og:description\" content=\"\u0130zleyici mi son kullan\u0131c\u0131 m\u0131? \u00a0 \u0130nternet ve bili\u015fim teknolojileri alan\u0131nda \u00e7al\u0131\u015fan insanlar\u0131n \u00e7o\u011fu t\u00fcketicilere ya da izleyicilere son kullan\u0131c\u0131 demeyi tercih ediyorlar. Bunun \u00f6nemli sebeplerinden biri sunulan hizmetin ya da \u00fcr\u00fcn\u00fcn en son sahibi...\" \/>\n<meta property=\"og:url\" content=\"http:\/\/atif.unaldi.org\/blog\/2011\/05\/18\/son-kullanicilar-icin-iptv\/\" \/>\n<meta property=\"og:site_name\" content=\"At\u0131f \u00dcnald\u0131\" \/>\n<meta property=\"article:publisher\" content=\"https:\/\/www.facebook.com\/atifunaldi\" \/>\n<meta property=\"article:author\" content=\"https:\/\/www.facebook.com\/atifunaldi\" \/>\n<meta property=\"article:published_time\" content=\"2011-05-18T12:42:42+00:00\" \/>\n<meta name=\"author\" content=\"Atif Unaldi\" \/>\n<meta name=\"twitter:card\" content=\"summary_large_image\" \/>\n<meta name=\"twitter:creator\" content=\"@https:\/\/twitter.com\/atifunaldi\" \/>\n<meta name=\"twitter:site\" content=\"@atifunaldi\" \/>\n<meta name=\"twitter:label1\" content=\"Yazan:\" \/>\n\t<meta name=\"twitter:data1\" content=\"Atif Unaldi\" \/>\n\t<meta name=\"twitter:label2\" content=\"Tahmini okuma s\u00fcresi\" \/>\n\t<meta name=\"twitter:data2\" content=\"4 dakika\" \/>\n<script type=\"application\/ld+json\" class=\"yoast-schema-graph\">{\"@context\":\"https:\/\/schema.org\",\"@graph\":[{\"@type\":\"Article\",\"@id\":\"http:\/\/atif.unaldi.org\/blog\/2011\/05\/18\/son-kullanicilar-icin-iptv\/#article\",\"isPartOf\":{\"@id\":\"http:\/\/atif.unaldi.org\/blog\/2011\/05\/18\/son-kullanicilar-icin-iptv\/\"},\"author\":{\"name\":\"Atif Unaldi\",\"@id\":\"http:\/\/atif.unaldi.org\/blog\/#\/schema\/person\/608ed42ecbda2bc5cfdb767ac1db479b\"},\"headline\":\"Son Kullan\u0131c\u0131lar \u0130\u00e7in IPTV\",\"datePublished\":\"2011-05-18T12:42:42+00:00\",\"mainEntityOfPage\":{\"@id\":\"http:\/\/atif.unaldi.org\/blog\/2011\/05\/18\/son-kullanicilar-icin-iptv\/\"},\"wordCount\":766,\"publisher\":{\"@id\":\"http:\/\/atif.unaldi.org\/blog\/#\/schema\/person\/608ed42ecbda2bc5cfdb767ac1db479b\"},\"articleSection\":[\"Blog Yaz\u0131lar\u0131\"],\"inLanguage\":\"tr\"},{\"@type\":\"WebPage\",\"@id\":\"http:\/\/atif.unaldi.org\/blog\/2011\/05\/18\/son-kullanicilar-icin-iptv\/\",\"url\":\"http:\/\/atif.unaldi.org\/blog\/2011\/05\/18\/son-kullanicilar-icin-iptv\/\",\"name\":\"Son Kullan\u0131c\u0131lar \u0130\u00e7in IPTV - At\u0131f \u00dcnald\u0131\",\"isPartOf\":{\"@id\":\"http:\/\/atif.unaldi.org\/blog\/#website\"},\"datePublished\":\"2011-05-18T12:42:42+00:00\",\"breadcrumb\":{\"@id\":\"http:\/\/atif.unaldi.org\/blog\/2011\/05\/18\/son-kullanicilar-icin-iptv\/#breadcrumb\"},\"inLanguage\":\"tr\",\"potentialAction\":[{\"@type\":\"ReadAction\",\"target\":[\"http:\/\/atif.unaldi.org\/blog\/2011\/05\/18\/son-kullanicilar-icin-iptv\/\"]}]},{\"@type\":\"BreadcrumbList\",\"@id\":\"http:\/\/atif.unaldi.org\/blog\/2011\/05\/18\/son-kullanicilar-icin-iptv\/#breadcrumb\",\"itemListElement\":[{\"@type\":\"ListItem\",\"position\":1,\"name\":\"Anasayfa\",\"item\":\"http:\/\/atif.unaldi.org\/blog\/\"},{\"@type\":\"ListItem\",\"position\":2,\"name\":\"Son Kullan\u0131c\u0131lar \u0130\u00e7in IPTV\"}]},{\"@type\":\"WebSite\",\"@id\":\"http:\/\/atif.unaldi.org\/blog\/#website\",\"url\":\"http:\/\/atif.unaldi.org\/blog\/\",\"name\":\"At\u0131f \u00dcnald\u0131\",\"description\":\"Yazar\",\"publisher\":{\"@id\":\"http:\/\/atif.unaldi.org\/blog\/#\/schema\/person\/608ed42ecbda2bc5cfdb767ac1db479b\"},\"alternateName\":\"At\u0131f \u00dcnald\u0131 Blog\",\"potentialAction\":[{\"@type\":\"SearchAction\",\"target\":{\"@type\":\"EntryPoint\",\"urlTemplate\":\"http:\/\/atif.unaldi.org\/blog\/?s={search_term_string}\"},\"query-input\":{\"@type\":\"PropertyValueSpecification\",\"valueRequired\":true,\"valueName\":\"search_term_string\"}}],\"inLanguage\":\"tr\"},{\"@type\":[\"Person\",\"Organization\"],\"@id\":\"http:\/\/atif.unaldi.org\/blog\/#\/schema\/person\/608ed42ecbda2bc5cfdb767ac1db479b\",\"name\":\"Atif Unaldi\",\"image\":{\"@type\":\"ImageObject\",\"inLanguage\":\"tr\",\"@id\":\"http:\/\/atif.unaldi.org\/blog\/#\/schema\/person\/image\/\",\"url\":\"http:\/\/atif.unaldi.org\/blog\/wp-content\/uploads\/2022\/10\/cropped-a94e8f7a-67c4-4d65-8a5f-032ba784be53-2.jpg\",\"contentUrl\":\"http:\/\/atif.unaldi.org\/blog\/wp-content\/uploads\/2022\/10\/cropped-a94e8f7a-67c4-4d65-8a5f-032ba784be53-2.jpg\",\"width\":512,\"height\":512,\"caption\":\"Atif Unaldi\"},\"logo\":{\"@id\":\"http:\/\/atif.unaldi.org\/blog\/#\/schema\/person\/image\/\"},\"description\":\"Bo\u011fazi\u00e7i \u00dcniversitesinde Fizik B\u00f6l\u00fcm\u00fc\u2019nde e\u011fitim ald\u0131\u011f\u0131 y\u0131llarda T\u00fcrkiye\u2019de ilk kez iki bilgisayar\u0131 telefon hatlar\u0131 \u00fczerinden konu\u015fturan BBS sistemini kurarak, T\u00fcrkiye\u2019deki ilk internet a\u011f\u0131n\u0131 olu\u015fturmu\u015ftur. Bir \u00e7ok radyo ve televizyonda program yap\u0131mc\u0131l\u0131\u011f\u0131 ve sunuculu\u011funu, bir \u00e7ok teknoloji dergisinde k\u00f6\u015fe yazarl\u0131\u011f\u0131, bili\u015fim edit\u00f6rl\u00fc\u011f\u00fc ve genel yay\u0131n y\u00f6netmenli\u011fi yapt\u0131. T\u00fcrkiye\u2019deki ilk internet servis sa\u011flay\u0131c\u0131s\u0131n\u0131n genel m\u00fcd\u00fcrl\u00fc\u011f\u00fcn\u00fc \u00fcstlendi. Bir \u00e7ok organizasyon ve kurulu\u015fta internet s\u00fcperviz\u00f6rl\u00fc\u011f\u00fc , webmaster\u2019l\u0131\u011f\u0131 , IT direkt\u00f6rl\u00fc\u011f\u00fc ve dijital projeler koordinat\u00f6rl\u00fc\u011f\u00fc g\u00f6revlerinde bulundu. Farkl\u0131 \u00fcniversitelerin farkl\u0131 fak\u00fcltelerinde \u00f6\u011fretim g\u00f6revlisi olarak bulunmu\u015f olan \u00dcnald\u0131; \u015fu an teknoloji ve pazarlama konular\u0131 ba\u015fta olmak \u00fczere bir\u00e7ok alanda hizmet veren Unaldi Consultancy\u2019nin kurucusudur. \\u2028Selin \u00dcnald\u0131 ile evlidir. Su ve Toprak isminde iki \u00e7ocu\u011fu vard\u0131r.\",\"sameAs\":[\"http:\/\/atif.unaldi.org\/blog\",\"https:\/\/www.facebook.com\/atifunaldi\",\"https:\/\/www.instagram.com\/atifunaldi\/\",\"https:\/\/www.linkedin.com\/in\/atifunaldi\",\"https:\/\/x.com\/https:\/\/twitter.com\/atifunaldi\",\"https:\/\/www.youtube.com\/c\/atifunaldi\",\"https:\/\/soundcloud.com\/atif-unaldi\",\"https:\/\/atifunaldi.tumblr.com\"],\"url\":\"http:\/\/atif.unaldi.org\/blog\/author\/atifunaldi\/\"}]}<\/script>\n<!-- \/ Yoast SEO plugin. -->","yoast_head_json":{"title":"Son Kullan\u0131c\u0131lar \u0130\u00e7in IPTV - At\u0131f \u00dcnald\u0131","robots":{"index":"index","follow":"follow","max-snippet":"max-snippet:-1","max-image-preview":"max-image-preview:large","max-video-preview":"max-video-preview:-1"},"canonical":"http:\/\/atif.unaldi.org\/blog\/2011\/05\/18\/son-kullanicilar-icin-iptv\/","og_locale":"tr_TR","og_type":"article","og_title":"Son Kullan\u0131c\u0131lar \u0130\u00e7in IPTV - At\u0131f \u00dcnald\u0131","og_description":"\u0130zleyici mi son kullan\u0131c\u0131 m\u0131? \u00a0 \u0130nternet ve bili\u015fim teknolojileri alan\u0131nda \u00e7al\u0131\u015fan insanlar\u0131n \u00e7o\u011fu t\u00fcketicilere ya da izleyicilere son kullan\u0131c\u0131 demeyi tercih ediyorlar. Bunun \u00f6nemli sebeplerinden biri sunulan hizmetin ya da \u00fcr\u00fcn\u00fcn en son sahibi...","og_url":"http:\/\/atif.unaldi.org\/blog\/2011\/05\/18\/son-kullanicilar-icin-iptv\/","og_site_name":"At\u0131f \u00dcnald\u0131","article_publisher":"https:\/\/www.facebook.com\/atifunaldi","article_author":"https:\/\/www.facebook.com\/atifunaldi","article_published_time":"2011-05-18T12:42:42+00:00","author":"Atif Unaldi","twitter_card":"summary_large_image","twitter_creator":"@https:\/\/twitter.com\/atifunaldi","twitter_site":"@atifunaldi","twitter_misc":{"Yazan:":"Atif Unaldi","Tahmini okuma s\u00fcresi":"4 dakika"},"schema":{"@context":"https:\/\/schema.org","@graph":[{"@type":"Article","@id":"http:\/\/atif.unaldi.org\/blog\/2011\/05\/18\/son-kullanicilar-icin-iptv\/#article","isPartOf":{"@id":"http:\/\/atif.unaldi.org\/blog\/2011\/05\/18\/son-kullanicilar-icin-iptv\/"},"author":{"name":"Atif Unaldi","@id":"http:\/\/atif.unaldi.org\/blog\/#\/schema\/person\/608ed42ecbda2bc5cfdb767ac1db479b"},"headline":"Son Kullan\u0131c\u0131lar \u0130\u00e7in IPTV","datePublished":"2011-05-18T12:42:42+00:00","mainEntityOfPage":{"@id":"http:\/\/atif.unaldi.org\/blog\/2011\/05\/18\/son-kullanicilar-icin-iptv\/"},"wordCount":766,"publisher":{"@id":"http:\/\/atif.unaldi.org\/blog\/#\/schema\/person\/608ed42ecbda2bc5cfdb767ac1db479b"},"articleSection":["Blog Yaz\u0131lar\u0131"],"inLanguage":"tr"},{"@type":"WebPage","@id":"http:\/\/atif.unaldi.org\/blog\/2011\/05\/18\/son-kullanicilar-icin-iptv\/","url":"http:\/\/atif.unaldi.org\/blog\/2011\/05\/18\/son-kullanicilar-icin-iptv\/","name":"Son Kullan\u0131c\u0131lar \u0130\u00e7in IPTV - At\u0131f \u00dcnald\u0131","isPartOf":{"@id":"http:\/\/atif.unaldi.org\/blog\/#website"},"datePublished":"2011-05-18T12:42:42+00:00","breadcrumb":{"@id":"http:\/\/atif.unaldi.org\/blog\/2011\/05\/18\/son-kullanicilar-icin-iptv\/#breadcrumb"},"inLanguage":"tr","potentialAction":[{"@type":"ReadAction","target":["http:\/\/atif.unaldi.org\/blog\/2011\/05\/18\/son-kullanicilar-icin-iptv\/"]}]},{"@type":"BreadcrumbList","@id":"http:\/\/atif.unaldi.org\/blog\/2011\/05\/18\/son-kullanicilar-icin-iptv\/#breadcrumb","itemListElement":[{"@type":"ListItem","position":1,"name":"Anasayfa","item":"http:\/\/atif.unaldi.org\/blog\/"},{"@type":"ListItem","position":2,"name":"Son Kullan\u0131c\u0131lar \u0130\u00e7in IPTV"}]},{"@type":"WebSite","@id":"http:\/\/atif.unaldi.org\/blog\/#website","url":"http:\/\/atif.unaldi.org\/blog\/","name":"At\u0131f \u00dcnald\u0131","description":"Yazar","publisher":{"@id":"http:\/\/atif.unaldi.org\/blog\/#\/schema\/person\/608ed42ecbda2bc5cfdb767ac1db479b"},"alternateName":"At\u0131f \u00dcnald\u0131 Blog","potentialAction":[{"@type":"SearchAction","target":{"@type":"EntryPoint","urlTemplate":"http:\/\/atif.unaldi.org\/blog\/?s={search_term_string}"},"query-input":{"@type":"PropertyValueSpecification","valueRequired":true,"valueName":"search_term_string"}}],"inLanguage":"tr"},{"@type":["Person","Organization"],"@id":"http:\/\/atif.unaldi.org\/blog\/#\/schema\/person\/608ed42ecbda2bc5cfdb767ac1db479b","name":"Atif Unaldi","image":{"@type":"ImageObject","inLanguage":"tr","@id":"http:\/\/atif.unaldi.org\/blog\/#\/schema\/person\/image\/","url":"http:\/\/atif.unaldi.org\/blog\/wp-content\/uploads\/2022\/10\/cropped-a94e8f7a-67c4-4d65-8a5f-032ba784be53-2.jpg","contentUrl":"http:\/\/atif.unaldi.org\/blog\/wp-content\/uploads\/2022\/10\/cropped-a94e8f7a-67c4-4d65-8a5f-032ba784be53-2.jpg","width":512,"height":512,"caption":"Atif Unaldi"},"logo":{"@id":"http:\/\/atif.unaldi.org\/blog\/#\/schema\/person\/image\/"},"description":"Bo\u011fazi\u00e7i \u00dcniversitesinde Fizik B\u00f6l\u00fcm\u00fc\u2019nde e\u011fitim ald\u0131\u011f\u0131 y\u0131llarda T\u00fcrkiye\u2019de ilk kez iki bilgisayar\u0131 telefon hatlar\u0131 \u00fczerinden konu\u015fturan BBS sistemini kurarak, T\u00fcrkiye\u2019deki ilk internet a\u011f\u0131n\u0131 olu\u015fturmu\u015ftur. Bir \u00e7ok radyo ve televizyonda program yap\u0131mc\u0131l\u0131\u011f\u0131 ve sunuculu\u011funu, bir \u00e7ok teknoloji dergisinde k\u00f6\u015fe yazarl\u0131\u011f\u0131, bili\u015fim edit\u00f6rl\u00fc\u011f\u00fc ve genel yay\u0131n y\u00f6netmenli\u011fi yapt\u0131. T\u00fcrkiye\u2019deki ilk internet servis sa\u011flay\u0131c\u0131s\u0131n\u0131n genel m\u00fcd\u00fcrl\u00fc\u011f\u00fcn\u00fc \u00fcstlendi. Bir \u00e7ok organizasyon ve kurulu\u015fta internet s\u00fcperviz\u00f6rl\u00fc\u011f\u00fc , webmaster\u2019l\u0131\u011f\u0131 , IT direkt\u00f6rl\u00fc\u011f\u00fc ve dijital projeler koordinat\u00f6rl\u00fc\u011f\u00fc g\u00f6revlerinde bulundu. Farkl\u0131 \u00fcniversitelerin farkl\u0131 fak\u00fcltelerinde \u00f6\u011fretim g\u00f6revlisi olarak bulunmu\u015f olan \u00dcnald\u0131; \u015fu an teknoloji ve pazarlama konular\u0131 ba\u015fta olmak \u00fczere bir\u00e7ok alanda hizmet veren Unaldi Consultancy\u2019nin kurucusudur. \u2028Selin \u00dcnald\u0131 ile evlidir. Su ve Toprak isminde iki \u00e7ocu\u011fu vard\u0131r.","sameAs":["http:\/\/atif.unaldi.org\/blog","https:\/\/www.facebook.com\/atifunaldi","https:\/\/www.instagram.com\/atifunaldi\/","https:\/\/www.linkedin.com\/in\/atifunaldi","https:\/\/x.com\/https:\/\/twitter.com\/atifunaldi","https:\/\/www.youtube.com\/c\/atifunaldi","https:\/\/soundcloud.com\/atif-unaldi","https:\/\/atifunaldi.tumblr.com"],"url":"http:\/\/atif.unaldi.org\/blog\/author\/atifunaldi\/"}]}},"jetpack_featured_media_url":"","_links":{"self":[{"href":"http:\/\/atif.unaldi.org\/blog\/wp-json\/wp\/v2\/posts\/5830","targetHints":{"allow":["GET"]}}],"collection":[{"href":"http:\/\/atif.unaldi.org\/blog\/wp-json\/wp\/v2\/posts"}],"about":[{"href":"http:\/\/atif.unaldi.org\/blog\/wp-json\/wp\/v2\/types\/post"}],"author":[{"embeddable":true,"href":"http:\/\/atif.unaldi.org\/blog\/wp-json\/wp\/v2\/users\/2"}],"replies":[{"embeddable":true,"href":"http:\/\/atif.unaldi.org\/blog\/wp-json\/wp\/v2\/comments?post=5830"}],"version-history":[{"count":0,"href":"http:\/\/atif.unaldi.org\/blog\/wp-json\/wp\/v2\/posts\/5830\/revisions"}],"wp:attachment":[{"href":"http:\/\/atif.unaldi.org\/blog\/wp-json\/wp\/v2\/media?parent=5830"}],"wp:term":[{"taxonomy":"category","embeddable":true,"href":"http:\/\/atif.unaldi.org\/blog\/wp-json\/wp\/v2\/categories?post=5830"},{"taxonomy":"post_tag","embeddable":true,"href":"http:\/\/atif.unaldi.org\/blog\/wp-json\/wp\/v2\/tags?post=5830"}],"curies":[{"name":"wp","href":"https:\/\/api.w.org\/{rel}","templated":true}]}}