{"id":5831,"date":"2011-05-18T12:43:44","date_gmt":"2011-05-18T12:43:44","guid":{"rendered":"http:\/\/iptvnedir.atifunaldi.info\/?p=69"},"modified":"2011-05-18T12:43:44","modified_gmt":"2011-05-18T12:43:44","slug":"geleneksel-medya-icin-iptv","status":"publish","type":"post","link":"http:\/\/atif.unaldi.org\/blog\/2011\/05\/18\/geleneksel-medya-icin-iptv\/","title":{"rendered":"Geleneksel Medya \u0130\u00e7in IPTV"},"content":{"rendered":"<p><strong>Korkunun ecele faydas\u0131 yok<\/strong><\/p>\n<p><strong>\u00a0<\/strong><\/p>\n<p>Geleneksel medya internetle convergence (yak\u0131nsama) durumu ya\u015fad\u0131\u011f\u0131 her d\u00f6nemde ciddi anlamda korkular ge\u00e7irmi\u015ftir. Bunlar\u0131n en ba\u015fta geleni gazetede ya\u015fan\u0131lanlard\u0131r. Gazetelerin ilk internetle tan\u0131\u015ft\u0131klar\u0131 d\u00f6nemde gazetecili\u011fin art\u0131k bitti\u011fi s\u00f6ylemleriyle kar\u015f\u0131la\u015ft\u0131k. Bunlar\u0131n zaman i\u00e7erisinde belli oranlarda do\u011fru oldu\u011funu ve belli oranlarda yanl\u0131\u015f oldu\u011funu g\u00f6rd\u00fck. De\u011fi\u015fen d\u00f6nemde farkl\u0131l\u0131klar olu\u015ftu. Zira gazetelerin ciddi anlamda reklam gelirlerinin d\u00fc\u015ft\u00fc\u011f\u00fcn\u00fc bu y\u0131llarda \u00e7ok net bir \u015fekilde g\u00f6rebiliyoruz. Ayn\u0131 zamanda bu reklam gelirlerinin b\u00fcy\u00fck bir \u00e7o\u011funlu\u011funun bloglar \u00fczerinden internet bloglar\u0131na ya da internet gazetelerine akt\u0131\u011f\u0131n\u0131 g\u00f6rebiliyoruz. Bunun \u00f6nemli sebeplerinden birisi, gazetelerin interneti bir korku ve tehdit arac\u0131 olarak g\u00f6r\u00fcp, internetin getirece\u011fi yeniliklerden yararlanmaya \u00e7aba g\u00f6stereceklerine savunma g\u00f6stermelerinden kaynaklanmaktad\u0131r. Benzer bir durum zaten televizyonla \u00f6ld\u00fcr\u00fclm\u00fc\u015f olan radyo sekt\u00f6r\u00fcn\u00fcn de ba\u015f\u0131na ayn\u0131 \u015fekilde gelmi\u015ftir. Televizyon sekt\u00f6r\u00fc ise b\u00fct\u00fcn bu mecralar\u0131n i\u00e7erisinde \u015f\u00fcphesiz en ciddilerinden birisidir. \u00c7\u00fcnk\u00fc ciddi bir reklam geliri vard\u0131r ve bu reklam gelirini ciddi bir \u015fekilde kullanmaktad\u0131rlar.<\/p>\n<p>B\u00fct\u00fcn bunlara ra\u011fmen d\u00fcnya de\u011fi\u015fiyor. D\u00fcnya de\u011fi\u015firken internet bamba\u015fka kullan\u0131m \u015fekillerini insanlar\u0131n g\u00f6z\u00fcn\u00fcn \u00f6n\u00fcne getiriyor. Bunun en \u00f6nemli fakl\u0131l\u0131klar\u0131ndan birisi malum internetin interaktif imk\u00e2nlar\u0131n\u0131n kullan\u0131lmas\u0131. \u0130nteraktif imk\u00e2nlar, internetin g\u00fc\u00e7lenmesini ve di\u011fer mecralardan farkl\u0131 bir \u015fekilde \u00f6n plana \u00e7\u0131kmas\u0131n\u0131 sa\u011fl\u0131yor. \u00c7\u00fcnk\u00fc interaktivite di\u011fer mecralar\u0131n ciddi anlamda s\u0131k\u0131nt\u0131 \u00e7ektikleri konulardan birisidir. Televizyonculuk taraf\u0131na bakt\u0131\u011f\u0131n\u0131z zaman televizyonculuk ile internetin birle\u015fmesinden ortaya \u00e7\u0131kan IPTV, hem networking i\u015fi yapan internet\u00e7ilerin hem de ayn\u0131 zamanda televizyoncular\u0131n \u00e7ok da taahh\u00fct edebildikleri bir yap\u0131n\u0131n d\u0131\u015f\u0131na \u00e7\u0131kmaya ba\u015flad\u0131. \u00c7\u00fcnk\u00fc televizyoncular bir milyon mesaj\u0131 ayn\u0131 anda milyonlarca kez \u00e7o\u011faltarak herkes i\u00e7in farkl\u0131 ve \u00f6zel bir mesaj\u0131 olu\u015fturabilmenin ne kadar zor oldu\u011funu g\u00f6r\u00fcyorlar ve bunun avantajlar\u0131n\u0131 nas\u0131l kullanabileceklerini \u00f6\u011frenmeye \u00e7al\u0131\u015f\u0131yorlar \u00e7\u00fcnk\u00fc bu tarafta bilgisizler. Network\u00e7\u00fcler ise bir mesaj\u0131 milyon ki\u015fiye ula\u015ft\u0131rabilmenin g\u00fcc\u00fcn\u00fcn ne kadar b\u00fcy\u00fck oldu\u011funu alg\u0131lamaya \u00e7al\u0131\u015f\u0131yorlar. Her iki taraf da \u015fu anda ortaya \u00e7\u0131kacak \u015feyi alg\u0131layabilmek i\u00e7in \u00e7aba harc\u0131yorlar. Ancak bakt\u0131\u011f\u0131n\u0131z zaman b\u00fcy\u00fck \u015fa\u015fk\u0131nl\u0131k i\u00e7erisinde olduklar\u0131n\u0131 \u00e7ok net bir \u015fekilde g\u00f6rebiliyorsunuz. Bu \u015fa\u015fk\u0131nl\u0131ktan \u00f6nce\u00a0hangi taraf\u0131n kurtulaca\u011f\u0131n\u0131 anlamak \u00e7ok kolay de\u011fil. Ama televizyonculukla u\u011fra\u015fan insanlar\u0131n b\u00fcy\u00fck bir \u00e7o\u011funlu\u011funun adrenalinin y\u00fcksek oldu\u011funu ve bu nedenle de yeniliklere \u00e7ok daha a\u00e7\u0131k olduklar\u0131n\u0131 \u00f6ng\u00f6rd\u00fc\u011f\u00fcm\u00fczde, televizyoncular\u0131n internete daha iyi uyum sa\u011flayabileceklerini ya da televizyonlar\u0131n i\u00e7erisinde \u00e7al\u0131\u015fan \u00f6zellikle internet profesyonellerinin bu uyumu sa\u011flayabileceklerini d\u00fc\u015f\u00fcn\u00fcyorum (Bundan kast\u0131m IT direkt\u00f6rleri kesinlikle de\u011fildir. IT direkt\u00f6rleri televizyonlar\u0131n i\u00e7erisinde yaz\u0131c\u0131lar\u0131 bir yerlerden bir yerlere ta\u015f\u0131maya yarayan insanlard\u0131r).<\/p>\n<div>\n<p>\u00d6zetle televizyonculuk taraf\u0131nda, prod\u00fcksiyon taraf\u0131ndan anlayan ama ayn\u0131 zamanda internet i\u015flerini bilen ki\u015filerden bahsediyorum, internet profesyonelleri olarak kastetti\u011fim ki\u015filer bunlard\u0131r. Bu ki\u015filerin ilerleyen d\u00f6nemlerde internet (IPTV) \u00fczerinde ciddi anlamda faaliyetler g\u00f6stereceklerini d\u00fc\u015f\u00fcn\u00fcyorum. Bu konuda daha \u00f6nce benzer uygulamalar ile mobil cephesinde sms \u00fczerinden ciddi k\u00e2rlar getiren uygulamalar\u0131n olu\u015fmas\u0131na sebep olunmu\u015ftu. Fakat bunlar\u0131n da bir s\u00fcre sonra i\u00e7erik imk\u00e2nlar\u0131n\u0131n \u00e7ok fazla olmamas\u0131ndan ve k\u00f6t\u00fcye kullan\u0131lmas\u0131ndan kaynakl\u0131 olarak ciddi anlamda bat\u0131r\u0131ld\u0131\u011f\u0131n\u0131 ve becerilemedi\u011fini \u00e7ok net bir \u015fekilde g\u00f6rd\u00fck. O y\u00fczden geleneksel medyada ciddi anlamda internet b\u00fcy\u00fck bir tehdit halinde g\u00f6r\u00fcl\u00fcyor. \u0130nterneti ve IPTV\u2019yi tehdit olarak alg\u0131layan televizyon kanallar\u0131n\u0131n b\u00fcy\u00fck bir \u00e7o\u011funlu\u011funun bataca\u011f\u0131n\u0131 \u015fu a\u015famada size s\u00f6yleyebilirim (sermayesi ne kadar b\u00fcy\u00fck olursa olsun). Ancak interneti ve internetin getirilerini alg\u0131layabilen, bu getirileri kendi prod\u00fcksiyonlar\u0131 ve kendi \u00fcr\u00fcnleriyle de ba\u011flant\u0131 kurdurabilen televizyonlar ya da yay\u0131nlar b\u00fcy\u00fck bir ba\u015far\u0131 sa\u011flayacaklard\u0131r. A\u00e7\u0131k\u00e7as\u0131 bunu g\u00f6rmemek m\u00fcmk\u00fcn de\u011fildir. Bu ba\u015far\u0131y\u0131 sa\u011flayacak olan gruplar; savunma g\u00f6stermekten vazge\u00e7ip yeni geli\u015fen teknolojiye ayak uyduran ve bu teknolojiyi kendi prod\u00fcksiyonlar\u0131nda, kendi yap\u0131mlar\u0131nda ve kendi televizyon i\u00e7 dinamiklerinde kullanmay\u0131 al\u0131\u015fkanl\u0131k haline getiren televizyon kanallar\u0131 olacakt\u0131r. Bunlar\u0131n kimler olaca\u011f\u0131n\u0131 belki \u00e7ok uzun zaman sonra de\u011fil \u00e7ok k\u0131sa zaman sonra g\u00f6rece\u011fiz ama \u015fu anda kestirmek m\u00fcmk\u00fcn de\u011fil. \u00c7\u00fcnk\u00fc y\u00f6neticilere bu noktada \u00e7ok ciddi i\u015fler d\u00fc\u015ft\u00fc\u011f\u00fcn\u00fc g\u00f6rmek gerekiyor. IPTV hele bir gelsin, geldikten sonra biz ne yapaca\u011f\u0131m\u0131za bakar\u0131z mant\u0131\u011f\u0131yla bakmak \u00f6zellikle b\u00fcy\u00fck televizyon kanallar\u0131na ciddi anlamda zarar getirecektir.<\/p>\n<\/div>\n","protected":false},"excerpt":{"rendered":"<p>Korkunun ecele faydas\u0131 yok \u00a0 Geleneksel medya internetle convergence (yak\u0131nsama) durumu ya\u015fad\u0131\u011f\u0131 her d\u00f6nemde ciddi anlamda korkular ge\u00e7irmi\u015ftir. Bunlar\u0131n en ba\u015fta geleni gazetede ya\u015fan\u0131lanlard\u0131r. Gazetelerin ilk internetle tan\u0131\u015ft\u0131klar\u0131 d\u00f6nemde gazetecili\u011fin art\u0131k bitti\u011fi s\u00f6ylemleriyle kar\u015f\u0131la\u015ft\u0131k. Bunlar\u0131n&#8230;<\/p>\n","protected":false},"author":2,"featured_media":0,"comment_status":"closed","ping_status":"open","sticky":false,"template":"","format":"standard","meta":{"footnotes":""},"categories":[2],"tags":[],"class_list":["post-5831","post","type-post","status-publish","format-standard","hentry","category-blog-yazilari"],"yoast_head":"<!-- This site is optimized with the Yoast SEO plugin v26.8 - https:\/\/yoast.com\/product\/yoast-seo-wordpress\/ -->\n<title>Geleneksel Medya \u0130\u00e7in IPTV - At\u0131f \u00dcnald\u0131<\/title>\n<meta name=\"robots\" content=\"index, follow, max-snippet:-1, max-image-preview:large, max-video-preview:-1\" \/>\n<link rel=\"canonical\" href=\"http:\/\/atif.unaldi.org\/blog\/2011\/05\/18\/geleneksel-medya-icin-iptv\/\" \/>\n<meta property=\"og:locale\" content=\"tr_TR\" \/>\n<meta property=\"og:type\" content=\"article\" \/>\n<meta property=\"og:title\" content=\"Geleneksel Medya \u0130\u00e7in IPTV - At\u0131f \u00dcnald\u0131\" \/>\n<meta property=\"og:description\" content=\"Korkunun ecele faydas\u0131 yok \u00a0 Geleneksel medya internetle convergence (yak\u0131nsama) durumu ya\u015fad\u0131\u011f\u0131 her d\u00f6nemde ciddi anlamda korkular ge\u00e7irmi\u015ftir. Bunlar\u0131n en ba\u015fta geleni gazetede ya\u015fan\u0131lanlard\u0131r. Gazetelerin ilk internetle tan\u0131\u015ft\u0131klar\u0131 d\u00f6nemde gazetecili\u011fin art\u0131k bitti\u011fi s\u00f6ylemleriyle kar\u015f\u0131la\u015ft\u0131k. Bunlar\u0131n...\" \/>\n<meta property=\"og:url\" content=\"http:\/\/atif.unaldi.org\/blog\/2011\/05\/18\/geleneksel-medya-icin-iptv\/\" \/>\n<meta property=\"og:site_name\" content=\"At\u0131f \u00dcnald\u0131\" \/>\n<meta property=\"article:publisher\" content=\"https:\/\/www.facebook.com\/atifunaldi\" \/>\n<meta property=\"article:author\" content=\"https:\/\/www.facebook.com\/atifunaldi\" \/>\n<meta property=\"article:published_time\" content=\"2011-05-18T12:43:44+00:00\" \/>\n<meta name=\"author\" content=\"Atif Unaldi\" \/>\n<meta name=\"twitter:card\" content=\"summary_large_image\" \/>\n<meta name=\"twitter:creator\" content=\"@https:\/\/twitter.com\/atifunaldi\" \/>\n<meta name=\"twitter:site\" content=\"@atifunaldi\" \/>\n<meta name=\"twitter:label1\" content=\"Yazan:\" \/>\n\t<meta name=\"twitter:data1\" content=\"Atif Unaldi\" \/>\n\t<meta name=\"twitter:label2\" content=\"Tahmini okuma s\u00fcresi\" \/>\n\t<meta name=\"twitter:data2\" content=\"4 dakika\" \/>\n<script type=\"application\/ld+json\" class=\"yoast-schema-graph\">{\"@context\":\"https:\/\/schema.org\",\"@graph\":[{\"@type\":\"Article\",\"@id\":\"http:\/\/atif.unaldi.org\/blog\/2011\/05\/18\/geleneksel-medya-icin-iptv\/#article\",\"isPartOf\":{\"@id\":\"http:\/\/atif.unaldi.org\/blog\/2011\/05\/18\/geleneksel-medya-icin-iptv\/\"},\"author\":{\"name\":\"Atif Unaldi\",\"@id\":\"http:\/\/atif.unaldi.org\/blog\/#\/schema\/person\/608ed42ecbda2bc5cfdb767ac1db479b\"},\"headline\":\"Geleneksel Medya \u0130\u00e7in IPTV\",\"datePublished\":\"2011-05-18T12:43:44+00:00\",\"mainEntityOfPage\":{\"@id\":\"http:\/\/atif.unaldi.org\/blog\/2011\/05\/18\/geleneksel-medya-icin-iptv\/\"},\"wordCount\":871,\"publisher\":{\"@id\":\"http:\/\/atif.unaldi.org\/blog\/#\/schema\/person\/608ed42ecbda2bc5cfdb767ac1db479b\"},\"articleSection\":[\"Blog Yaz\u0131lar\u0131\"],\"inLanguage\":\"tr\"},{\"@type\":\"WebPage\",\"@id\":\"http:\/\/atif.unaldi.org\/blog\/2011\/05\/18\/geleneksel-medya-icin-iptv\/\",\"url\":\"http:\/\/atif.unaldi.org\/blog\/2011\/05\/18\/geleneksel-medya-icin-iptv\/\",\"name\":\"Geleneksel Medya \u0130\u00e7in IPTV - At\u0131f \u00dcnald\u0131\",\"isPartOf\":{\"@id\":\"http:\/\/atif.unaldi.org\/blog\/#website\"},\"datePublished\":\"2011-05-18T12:43:44+00:00\",\"breadcrumb\":{\"@id\":\"http:\/\/atif.unaldi.org\/blog\/2011\/05\/18\/geleneksel-medya-icin-iptv\/#breadcrumb\"},\"inLanguage\":\"tr\",\"potentialAction\":[{\"@type\":\"ReadAction\",\"target\":[\"http:\/\/atif.unaldi.org\/blog\/2011\/05\/18\/geleneksel-medya-icin-iptv\/\"]}]},{\"@type\":\"BreadcrumbList\",\"@id\":\"http:\/\/atif.unaldi.org\/blog\/2011\/05\/18\/geleneksel-medya-icin-iptv\/#breadcrumb\",\"itemListElement\":[{\"@type\":\"ListItem\",\"position\":1,\"name\":\"Anasayfa\",\"item\":\"http:\/\/atif.unaldi.org\/blog\/\"},{\"@type\":\"ListItem\",\"position\":2,\"name\":\"Geleneksel Medya \u0130\u00e7in IPTV\"}]},{\"@type\":\"WebSite\",\"@id\":\"http:\/\/atif.unaldi.org\/blog\/#website\",\"url\":\"http:\/\/atif.unaldi.org\/blog\/\",\"name\":\"At\u0131f \u00dcnald\u0131\",\"description\":\"Yazar\",\"publisher\":{\"@id\":\"http:\/\/atif.unaldi.org\/blog\/#\/schema\/person\/608ed42ecbda2bc5cfdb767ac1db479b\"},\"alternateName\":\"At\u0131f \u00dcnald\u0131 Blog\",\"potentialAction\":[{\"@type\":\"SearchAction\",\"target\":{\"@type\":\"EntryPoint\",\"urlTemplate\":\"http:\/\/atif.unaldi.org\/blog\/?s={search_term_string}\"},\"query-input\":{\"@type\":\"PropertyValueSpecification\",\"valueRequired\":true,\"valueName\":\"search_term_string\"}}],\"inLanguage\":\"tr\"},{\"@type\":[\"Person\",\"Organization\"],\"@id\":\"http:\/\/atif.unaldi.org\/blog\/#\/schema\/person\/608ed42ecbda2bc5cfdb767ac1db479b\",\"name\":\"Atif Unaldi\",\"image\":{\"@type\":\"ImageObject\",\"inLanguage\":\"tr\",\"@id\":\"http:\/\/atif.unaldi.org\/blog\/#\/schema\/person\/image\/\",\"url\":\"http:\/\/atif.unaldi.org\/blog\/wp-content\/uploads\/2022\/10\/cropped-a94e8f7a-67c4-4d65-8a5f-032ba784be53-2.jpg\",\"contentUrl\":\"http:\/\/atif.unaldi.org\/blog\/wp-content\/uploads\/2022\/10\/cropped-a94e8f7a-67c4-4d65-8a5f-032ba784be53-2.jpg\",\"width\":512,\"height\":512,\"caption\":\"Atif Unaldi\"},\"logo\":{\"@id\":\"http:\/\/atif.unaldi.org\/blog\/#\/schema\/person\/image\/\"},\"description\":\"Bo\u011fazi\u00e7i \u00dcniversitesinde Fizik B\u00f6l\u00fcm\u00fc\u2019nde e\u011fitim ald\u0131\u011f\u0131 y\u0131llarda T\u00fcrkiye\u2019de ilk kez iki bilgisayar\u0131 telefon hatlar\u0131 \u00fczerinden konu\u015fturan BBS sistemini kurarak, T\u00fcrkiye\u2019deki ilk internet a\u011f\u0131n\u0131 olu\u015fturmu\u015ftur. Bir \u00e7ok radyo ve televizyonda program yap\u0131mc\u0131l\u0131\u011f\u0131 ve sunuculu\u011funu, bir \u00e7ok teknoloji dergisinde k\u00f6\u015fe yazarl\u0131\u011f\u0131, bili\u015fim edit\u00f6rl\u00fc\u011f\u00fc ve genel yay\u0131n y\u00f6netmenli\u011fi yapt\u0131. T\u00fcrkiye\u2019deki ilk internet servis sa\u011flay\u0131c\u0131s\u0131n\u0131n genel m\u00fcd\u00fcrl\u00fc\u011f\u00fcn\u00fc \u00fcstlendi. Bir \u00e7ok organizasyon ve kurulu\u015fta internet s\u00fcperviz\u00f6rl\u00fc\u011f\u00fc , webmaster\u2019l\u0131\u011f\u0131 , IT direkt\u00f6rl\u00fc\u011f\u00fc ve dijital projeler koordinat\u00f6rl\u00fc\u011f\u00fc g\u00f6revlerinde bulundu. Farkl\u0131 \u00fcniversitelerin farkl\u0131 fak\u00fcltelerinde \u00f6\u011fretim g\u00f6revlisi olarak bulunmu\u015f olan \u00dcnald\u0131; \u015fu an teknoloji ve pazarlama konular\u0131 ba\u015fta olmak \u00fczere bir\u00e7ok alanda hizmet veren Unaldi Consultancy\u2019nin kurucusudur. \\u2028Selin \u00dcnald\u0131 ile evlidir. Su ve Toprak isminde iki \u00e7ocu\u011fu vard\u0131r.\",\"sameAs\":[\"http:\/\/atif.unaldi.org\/blog\",\"https:\/\/www.facebook.com\/atifunaldi\",\"https:\/\/www.instagram.com\/atifunaldi\/\",\"https:\/\/www.linkedin.com\/in\/atifunaldi\",\"https:\/\/x.com\/https:\/\/twitter.com\/atifunaldi\",\"https:\/\/www.youtube.com\/c\/atifunaldi\",\"https:\/\/soundcloud.com\/atif-unaldi\",\"https:\/\/atifunaldi.tumblr.com\"],\"url\":\"http:\/\/atif.unaldi.org\/blog\/author\/atifunaldi\/\"}]}<\/script>\n<!-- \/ Yoast SEO plugin. -->","yoast_head_json":{"title":"Geleneksel Medya \u0130\u00e7in IPTV - At\u0131f \u00dcnald\u0131","robots":{"index":"index","follow":"follow","max-snippet":"max-snippet:-1","max-image-preview":"max-image-preview:large","max-video-preview":"max-video-preview:-1"},"canonical":"http:\/\/atif.unaldi.org\/blog\/2011\/05\/18\/geleneksel-medya-icin-iptv\/","og_locale":"tr_TR","og_type":"article","og_title":"Geleneksel Medya \u0130\u00e7in IPTV - At\u0131f \u00dcnald\u0131","og_description":"Korkunun ecele faydas\u0131 yok \u00a0 Geleneksel medya internetle convergence (yak\u0131nsama) durumu ya\u015fad\u0131\u011f\u0131 her d\u00f6nemde ciddi anlamda korkular ge\u00e7irmi\u015ftir. Bunlar\u0131n en ba\u015fta geleni gazetede ya\u015fan\u0131lanlard\u0131r. Gazetelerin ilk internetle tan\u0131\u015ft\u0131klar\u0131 d\u00f6nemde gazetecili\u011fin art\u0131k bitti\u011fi s\u00f6ylemleriyle kar\u015f\u0131la\u015ft\u0131k. Bunlar\u0131n...","og_url":"http:\/\/atif.unaldi.org\/blog\/2011\/05\/18\/geleneksel-medya-icin-iptv\/","og_site_name":"At\u0131f \u00dcnald\u0131","article_publisher":"https:\/\/www.facebook.com\/atifunaldi","article_author":"https:\/\/www.facebook.com\/atifunaldi","article_published_time":"2011-05-18T12:43:44+00:00","author":"Atif Unaldi","twitter_card":"summary_large_image","twitter_creator":"@https:\/\/twitter.com\/atifunaldi","twitter_site":"@atifunaldi","twitter_misc":{"Yazan:":"Atif Unaldi","Tahmini okuma s\u00fcresi":"4 dakika"},"schema":{"@context":"https:\/\/schema.org","@graph":[{"@type":"Article","@id":"http:\/\/atif.unaldi.org\/blog\/2011\/05\/18\/geleneksel-medya-icin-iptv\/#article","isPartOf":{"@id":"http:\/\/atif.unaldi.org\/blog\/2011\/05\/18\/geleneksel-medya-icin-iptv\/"},"author":{"name":"Atif Unaldi","@id":"http:\/\/atif.unaldi.org\/blog\/#\/schema\/person\/608ed42ecbda2bc5cfdb767ac1db479b"},"headline":"Geleneksel Medya \u0130\u00e7in IPTV","datePublished":"2011-05-18T12:43:44+00:00","mainEntityOfPage":{"@id":"http:\/\/atif.unaldi.org\/blog\/2011\/05\/18\/geleneksel-medya-icin-iptv\/"},"wordCount":871,"publisher":{"@id":"http:\/\/atif.unaldi.org\/blog\/#\/schema\/person\/608ed42ecbda2bc5cfdb767ac1db479b"},"articleSection":["Blog Yaz\u0131lar\u0131"],"inLanguage":"tr"},{"@type":"WebPage","@id":"http:\/\/atif.unaldi.org\/blog\/2011\/05\/18\/geleneksel-medya-icin-iptv\/","url":"http:\/\/atif.unaldi.org\/blog\/2011\/05\/18\/geleneksel-medya-icin-iptv\/","name":"Geleneksel Medya \u0130\u00e7in IPTV - At\u0131f \u00dcnald\u0131","isPartOf":{"@id":"http:\/\/atif.unaldi.org\/blog\/#website"},"datePublished":"2011-05-18T12:43:44+00:00","breadcrumb":{"@id":"http:\/\/atif.unaldi.org\/blog\/2011\/05\/18\/geleneksel-medya-icin-iptv\/#breadcrumb"},"inLanguage":"tr","potentialAction":[{"@type":"ReadAction","target":["http:\/\/atif.unaldi.org\/blog\/2011\/05\/18\/geleneksel-medya-icin-iptv\/"]}]},{"@type":"BreadcrumbList","@id":"http:\/\/atif.unaldi.org\/blog\/2011\/05\/18\/geleneksel-medya-icin-iptv\/#breadcrumb","itemListElement":[{"@type":"ListItem","position":1,"name":"Anasayfa","item":"http:\/\/atif.unaldi.org\/blog\/"},{"@type":"ListItem","position":2,"name":"Geleneksel Medya \u0130\u00e7in IPTV"}]},{"@type":"WebSite","@id":"http:\/\/atif.unaldi.org\/blog\/#website","url":"http:\/\/atif.unaldi.org\/blog\/","name":"At\u0131f \u00dcnald\u0131","description":"Yazar","publisher":{"@id":"http:\/\/atif.unaldi.org\/blog\/#\/schema\/person\/608ed42ecbda2bc5cfdb767ac1db479b"},"alternateName":"At\u0131f \u00dcnald\u0131 Blog","potentialAction":[{"@type":"SearchAction","target":{"@type":"EntryPoint","urlTemplate":"http:\/\/atif.unaldi.org\/blog\/?s={search_term_string}"},"query-input":{"@type":"PropertyValueSpecification","valueRequired":true,"valueName":"search_term_string"}}],"inLanguage":"tr"},{"@type":["Person","Organization"],"@id":"http:\/\/atif.unaldi.org\/blog\/#\/schema\/person\/608ed42ecbda2bc5cfdb767ac1db479b","name":"Atif Unaldi","image":{"@type":"ImageObject","inLanguage":"tr","@id":"http:\/\/atif.unaldi.org\/blog\/#\/schema\/person\/image\/","url":"http:\/\/atif.unaldi.org\/blog\/wp-content\/uploads\/2022\/10\/cropped-a94e8f7a-67c4-4d65-8a5f-032ba784be53-2.jpg","contentUrl":"http:\/\/atif.unaldi.org\/blog\/wp-content\/uploads\/2022\/10\/cropped-a94e8f7a-67c4-4d65-8a5f-032ba784be53-2.jpg","width":512,"height":512,"caption":"Atif Unaldi"},"logo":{"@id":"http:\/\/atif.unaldi.org\/blog\/#\/schema\/person\/image\/"},"description":"Bo\u011fazi\u00e7i \u00dcniversitesinde Fizik B\u00f6l\u00fcm\u00fc\u2019nde e\u011fitim ald\u0131\u011f\u0131 y\u0131llarda T\u00fcrkiye\u2019de ilk kez iki bilgisayar\u0131 telefon hatlar\u0131 \u00fczerinden konu\u015fturan BBS sistemini kurarak, T\u00fcrkiye\u2019deki ilk internet a\u011f\u0131n\u0131 olu\u015fturmu\u015ftur. Bir \u00e7ok radyo ve televizyonda program yap\u0131mc\u0131l\u0131\u011f\u0131 ve sunuculu\u011funu, bir \u00e7ok teknoloji dergisinde k\u00f6\u015fe yazarl\u0131\u011f\u0131, bili\u015fim edit\u00f6rl\u00fc\u011f\u00fc ve genel yay\u0131n y\u00f6netmenli\u011fi yapt\u0131. T\u00fcrkiye\u2019deki ilk internet servis sa\u011flay\u0131c\u0131s\u0131n\u0131n genel m\u00fcd\u00fcrl\u00fc\u011f\u00fcn\u00fc \u00fcstlendi. Bir \u00e7ok organizasyon ve kurulu\u015fta internet s\u00fcperviz\u00f6rl\u00fc\u011f\u00fc , webmaster\u2019l\u0131\u011f\u0131 , IT direkt\u00f6rl\u00fc\u011f\u00fc ve dijital projeler koordinat\u00f6rl\u00fc\u011f\u00fc g\u00f6revlerinde bulundu. Farkl\u0131 \u00fcniversitelerin farkl\u0131 fak\u00fcltelerinde \u00f6\u011fretim g\u00f6revlisi olarak bulunmu\u015f olan \u00dcnald\u0131; \u015fu an teknoloji ve pazarlama konular\u0131 ba\u015fta olmak \u00fczere bir\u00e7ok alanda hizmet veren Unaldi Consultancy\u2019nin kurucusudur. \u2028Selin \u00dcnald\u0131 ile evlidir. Su ve Toprak isminde iki \u00e7ocu\u011fu vard\u0131r.","sameAs":["http:\/\/atif.unaldi.org\/blog","https:\/\/www.facebook.com\/atifunaldi","https:\/\/www.instagram.com\/atifunaldi\/","https:\/\/www.linkedin.com\/in\/atifunaldi","https:\/\/x.com\/https:\/\/twitter.com\/atifunaldi","https:\/\/www.youtube.com\/c\/atifunaldi","https:\/\/soundcloud.com\/atif-unaldi","https:\/\/atifunaldi.tumblr.com"],"url":"http:\/\/atif.unaldi.org\/blog\/author\/atifunaldi\/"}]}},"jetpack_featured_media_url":"","_links":{"self":[{"href":"http:\/\/atif.unaldi.org\/blog\/wp-json\/wp\/v2\/posts\/5831","targetHints":{"allow":["GET"]}}],"collection":[{"href":"http:\/\/atif.unaldi.org\/blog\/wp-json\/wp\/v2\/posts"}],"about":[{"href":"http:\/\/atif.unaldi.org\/blog\/wp-json\/wp\/v2\/types\/post"}],"author":[{"embeddable":true,"href":"http:\/\/atif.unaldi.org\/blog\/wp-json\/wp\/v2\/users\/2"}],"replies":[{"embeddable":true,"href":"http:\/\/atif.unaldi.org\/blog\/wp-json\/wp\/v2\/comments?post=5831"}],"version-history":[{"count":0,"href":"http:\/\/atif.unaldi.org\/blog\/wp-json\/wp\/v2\/posts\/5831\/revisions"}],"wp:attachment":[{"href":"http:\/\/atif.unaldi.org\/blog\/wp-json\/wp\/v2\/media?parent=5831"}],"wp:term":[{"taxonomy":"category","embeddable":true,"href":"http:\/\/atif.unaldi.org\/blog\/wp-json\/wp\/v2\/categories?post=5831"},{"taxonomy":"post_tag","embeddable":true,"href":"http:\/\/atif.unaldi.org\/blog\/wp-json\/wp\/v2\/tags?post=5831"}],"curies":[{"name":"wp","href":"https:\/\/api.w.org\/{rel}","templated":true}]}}