{"id":5834,"date":"2011-05-18T12:48:02","date_gmt":"2011-05-18T12:48:02","guid":{"rendered":"http:\/\/iptvnedir.atifunaldi.info\/?p=76"},"modified":"2011-05-18T12:48:02","modified_gmt":"2011-05-18T12:48:02","slug":"gelecekte-iptv","status":"publish","type":"post","link":"http:\/\/atif.unaldi.org\/blog\/2011\/05\/18\/gelecekte-iptv\/","title":{"rendered":"Gelecekte IPTV"},"content":{"rendered":"<p><strong>Geli\u015fim h\u0131zl\u0131 olacak<\/strong><\/p>\n<p><strong>\u00a0<\/strong><\/p>\n<p>IPTV\u2019nin bu anlat\u0131lanlardan ibaret oldu\u011funu varsaymak asl\u0131nda bir y\u00f6nden bak\u0131ld\u0131\u011f\u0131 zaman tutuculuk olacakt\u0131r. \u00c7\u00fcnk\u00fc \u00e7ok k\u0131sa s\u00fcrelerde devaml\u0131 yeni teknolojiler \u00fcretiliyor ve bu teknolojilerin en \u00f6nemli ve \u00f6ncelikli olanlar\u0131n\u0131n da sadece teknoloji taraf\u0131 de\u011fil ayn\u0131 zamanda sosyal taraf\u0131n\u0131n da kuvvetli oldu\u011funu g\u00f6r\u00fcyoruz. IPTV hem teknolojinin kuvvetli oldu\u011fu hem sosyal ve psikolojik i\u015flerin de \u00f6n plana \u00e7\u0131kt\u0131\u011f\u0131 bir kavramd\u0131r. Dolay\u0131s\u0131yla IPTV\u2019den bahsederken sosyal faaliyetlerin \u00f6n planda oldu\u011funu g\u00f6rmezlikten gelmemek gerekiyor. Malum k\u00fcresel bir d\u00fcnyan\u0131n i\u00e7erisinde ya\u015f\u0131yoruz. Dolay\u0131s\u0131yla bu tip konularda \u00f6zellikle IPTV\u2019nin geli\u015fimi konusunda yurtd\u0131\u015f\u0131na bakmak belki avantajl\u0131 gibi g\u00f6r\u00fcn\u00fcyor ancak \u015funu da atlamamak gerekiyor. 20 y\u0131l \u00f6nce Amerika\u2019da ger\u00e7ekle\u015fen bir \u00fcr\u00fcn\u00fcn T\u00fcrkiye\u2019ye gelmesi 50 y\u0131l\u0131 al\u0131yordu. Fakat internet \u00e7a\u011f\u0131n\u0131n ba\u015flamas\u0131 ve k\u00fcresel k\u00fclt\u00fcr\u00fcn yerle\u015fmesi ile birlikte bir\u00e7ok \u015feye Amerika ile birlikte ayn\u0131 anda ula\u015fabilme imk\u00e2n\u0131na sahip oluyoruz. Ula\u015famad\u0131\u011f\u0131m\u0131z \u00fcr\u00fcnlere bile ula\u015fman\u0131n ba\u015fka yollar\u0131n\u0131 bularak talebin arz\u0131 ciddi bir \u015fekilde zorlad\u0131\u011f\u0131 bir yap\u0131n\u0131n i\u00e7erisine girdi\u011fimizi g\u00f6z ard\u0131 etmememiz gerekiyor.<\/p>\n<p>Sosyal a\u011flar ve internet s\u00f6z konusu oldu\u011fu zaman olu\u015facak herhangi bir \u015feyin k\u00fcresel ortamda \u00e7\u0131kmas\u0131yla birlikte biz de yapal\u0131m demeniz aras\u0131nda ge\u00e7ecek olan bir-bir bu\u00e7uk y\u0131ll\u0131k zaman bu konuda yenilgimizin ba\u015flang\u0131c\u0131 oluyor. Dolay\u0131s\u0131yla IPTV ile ilgili \u00fcr\u00fcn geli\u015ftirmeyi planlayan \u015firketlerin \u015fu anda geli\u015ftirmeye ba\u015flamalar\u0131nda b\u00fcy\u00fck yarar var. \u00c7\u00fcnk\u00fc bir \u00fcr\u00fcn\u00fcn internet ortam\u0131na at\u0131lmas\u0131 eskisi kadar k\u0131sa zamanda olmuyor. Bir fikrin dima\u011fa d\u00fc\u015fmesiyle internet ortam\u0131na at\u0131lmas\u0131n\u0131n aras\u0131nda birka\u00e7 ay\u0131n oldu\u011funu net bir \u015fekilde g\u00f6rebiliyoruz. Ben MediaCat Akademi ile Twitter\u2019da pazarlama konusunu \u00e7al\u0131\u015ft\u0131\u011f\u0131m ve orda e\u011fitim verdi\u011fim g\u00fcnlerde Twitter daha 5 ayl\u0131k bir bebekti. Ancak \u00e7ok k\u0131sa zamanda Twitter\u2019\u0131n ciddi anlamda bir pazarlama stratejisi ve pazarlama k\u00fclt\u00fcr\u00fcn\u00fcn par\u00e7as\u0131 haline geldi\u011fini net bir \u015fekilde g\u00f6r\u00fcyoruz. Hatta \u015firketler, Twitter \u00fczerinden pazarlama yapamayan markalar\u0131 ciddi anlamda ba\u015far\u0131s\u0131z buluyorlar. Bu noktadan bak\u0131ld\u0131\u011f\u0131nda IPTV \u00fczerine \u00e7al\u0131\u015fman\u0131n da \u015fu a\u015famada ba\u015flamas\u0131n\u0131n do\u011fru oldu\u011funu d\u00fc\u015f\u00fcn\u00fcyorum. Zaten T\u00fcrkiye\u2019de ciddi anlamda IPTV konusundaki \u00e7al\u0131\u015fmalar\u0131n da ba\u015flad\u0131\u011f\u0131n\u0131 s\u00f6ylemek isterim veya bir \u015fekilde kafan\u0131zda bir fikir varsa bu fikri en k\u0131sa zamanda ortaya koyman\u0131zda b\u00fcy\u00fck yarar var. \u00c7\u00fcnk\u00fc yeni \u00e7\u0131kacak olan teknolojiler ve yeni \u00e7\u0131kacak olan \u00fcr\u00fcnlerle \u00e7al\u0131\u015famaz hale gelir ve fikirleriniz sadece kafan\u0131zda y\u00fcr\u00fcyen k\u00fc\u00e7\u00fck tohumlar halinde kal\u0131rlar.<\/p>\n","protected":false},"excerpt":{"rendered":"<p>Geli\u015fim h\u0131zl\u0131 olacak \u00a0 IPTV\u2019nin bu anlat\u0131lanlardan ibaret oldu\u011funu varsaymak asl\u0131nda bir y\u00f6nden bak\u0131ld\u0131\u011f\u0131 zaman tutuculuk olacakt\u0131r. \u00c7\u00fcnk\u00fc \u00e7ok k\u0131sa s\u00fcrelerde devaml\u0131 yeni teknolojiler \u00fcretiliyor ve bu teknolojilerin en \u00f6nemli ve \u00f6ncelikli olanlar\u0131n\u0131n da sadece&#8230;<\/p>\n","protected":false},"author":2,"featured_media":0,"comment_status":"closed","ping_status":"open","sticky":false,"template":"","format":"standard","meta":{"footnotes":""},"categories":[2],"tags":[],"class_list":["post-5834","post","type-post","status-publish","format-standard","hentry","category-blog-yazilari"],"yoast_head":"<!-- This site is optimized with the Yoast SEO plugin v26.8 - https:\/\/yoast.com\/product\/yoast-seo-wordpress\/ -->\n<title>Gelecekte IPTV - At\u0131f \u00dcnald\u0131<\/title>\n<meta name=\"robots\" content=\"index, follow, max-snippet:-1, max-image-preview:large, max-video-preview:-1\" \/>\n<link rel=\"canonical\" href=\"http:\/\/atif.unaldi.org\/blog\/2011\/05\/18\/gelecekte-iptv\/\" \/>\n<meta property=\"og:locale\" content=\"tr_TR\" \/>\n<meta property=\"og:type\" content=\"article\" \/>\n<meta property=\"og:title\" content=\"Gelecekte IPTV - At\u0131f \u00dcnald\u0131\" \/>\n<meta property=\"og:description\" content=\"Geli\u015fim h\u0131zl\u0131 olacak \u00a0 IPTV\u2019nin bu anlat\u0131lanlardan ibaret oldu\u011funu varsaymak asl\u0131nda bir y\u00f6nden bak\u0131ld\u0131\u011f\u0131 zaman tutuculuk olacakt\u0131r. \u00c7\u00fcnk\u00fc \u00e7ok k\u0131sa s\u00fcrelerde devaml\u0131 yeni teknolojiler \u00fcretiliyor ve bu teknolojilerin en \u00f6nemli ve \u00f6ncelikli olanlar\u0131n\u0131n da sadece...\" \/>\n<meta property=\"og:url\" content=\"http:\/\/atif.unaldi.org\/blog\/2011\/05\/18\/gelecekte-iptv\/\" \/>\n<meta property=\"og:site_name\" content=\"At\u0131f \u00dcnald\u0131\" \/>\n<meta property=\"article:publisher\" content=\"https:\/\/www.facebook.com\/atifunaldi\" \/>\n<meta property=\"article:author\" content=\"https:\/\/www.facebook.com\/atifunaldi\" \/>\n<meta property=\"article:published_time\" content=\"2011-05-18T12:48:02+00:00\" \/>\n<meta name=\"author\" content=\"Atif Unaldi\" \/>\n<meta name=\"twitter:card\" content=\"summary_large_image\" \/>\n<meta name=\"twitter:creator\" content=\"@https:\/\/twitter.com\/atifunaldi\" \/>\n<meta name=\"twitter:site\" content=\"@atifunaldi\" \/>\n<meta name=\"twitter:label1\" content=\"Yazan:\" \/>\n\t<meta name=\"twitter:data1\" content=\"Atif Unaldi\" \/>\n\t<meta name=\"twitter:label2\" content=\"Tahmini okuma s\u00fcresi\" \/>\n\t<meta name=\"twitter:data2\" content=\"2 dakika\" \/>\n<script type=\"application\/ld+json\" class=\"yoast-schema-graph\">{\"@context\":\"https:\/\/schema.org\",\"@graph\":[{\"@type\":\"Article\",\"@id\":\"http:\/\/atif.unaldi.org\/blog\/2011\/05\/18\/gelecekte-iptv\/#article\",\"isPartOf\":{\"@id\":\"http:\/\/atif.unaldi.org\/blog\/2011\/05\/18\/gelecekte-iptv\/\"},\"author\":{\"name\":\"Atif Unaldi\",\"@id\":\"http:\/\/atif.unaldi.org\/blog\/#\/schema\/person\/608ed42ecbda2bc5cfdb767ac1db479b\"},\"headline\":\"Gelecekte IPTV\",\"datePublished\":\"2011-05-18T12:48:02+00:00\",\"mainEntityOfPage\":{\"@id\":\"http:\/\/atif.unaldi.org\/blog\/2011\/05\/18\/gelecekte-iptv\/\"},\"wordCount\":500,\"publisher\":{\"@id\":\"http:\/\/atif.unaldi.org\/blog\/#\/schema\/person\/608ed42ecbda2bc5cfdb767ac1db479b\"},\"articleSection\":[\"Blog Yaz\u0131lar\u0131\"],\"inLanguage\":\"tr\"},{\"@type\":\"WebPage\",\"@id\":\"http:\/\/atif.unaldi.org\/blog\/2011\/05\/18\/gelecekte-iptv\/\",\"url\":\"http:\/\/atif.unaldi.org\/blog\/2011\/05\/18\/gelecekte-iptv\/\",\"name\":\"Gelecekte IPTV - At\u0131f \u00dcnald\u0131\",\"isPartOf\":{\"@id\":\"http:\/\/atif.unaldi.org\/blog\/#website\"},\"datePublished\":\"2011-05-18T12:48:02+00:00\",\"breadcrumb\":{\"@id\":\"http:\/\/atif.unaldi.org\/blog\/2011\/05\/18\/gelecekte-iptv\/#breadcrumb\"},\"inLanguage\":\"tr\",\"potentialAction\":[{\"@type\":\"ReadAction\",\"target\":[\"http:\/\/atif.unaldi.org\/blog\/2011\/05\/18\/gelecekte-iptv\/\"]}]},{\"@type\":\"BreadcrumbList\",\"@id\":\"http:\/\/atif.unaldi.org\/blog\/2011\/05\/18\/gelecekte-iptv\/#breadcrumb\",\"itemListElement\":[{\"@type\":\"ListItem\",\"position\":1,\"name\":\"Anasayfa\",\"item\":\"http:\/\/atif.unaldi.org\/blog\/\"},{\"@type\":\"ListItem\",\"position\":2,\"name\":\"Gelecekte IPTV\"}]},{\"@type\":\"WebSite\",\"@id\":\"http:\/\/atif.unaldi.org\/blog\/#website\",\"url\":\"http:\/\/atif.unaldi.org\/blog\/\",\"name\":\"At\u0131f \u00dcnald\u0131\",\"description\":\"Yazar\",\"publisher\":{\"@id\":\"http:\/\/atif.unaldi.org\/blog\/#\/schema\/person\/608ed42ecbda2bc5cfdb767ac1db479b\"},\"alternateName\":\"At\u0131f \u00dcnald\u0131 Blog\",\"potentialAction\":[{\"@type\":\"SearchAction\",\"target\":{\"@type\":\"EntryPoint\",\"urlTemplate\":\"http:\/\/atif.unaldi.org\/blog\/?s={search_term_string}\"},\"query-input\":{\"@type\":\"PropertyValueSpecification\",\"valueRequired\":true,\"valueName\":\"search_term_string\"}}],\"inLanguage\":\"tr\"},{\"@type\":[\"Person\",\"Organization\"],\"@id\":\"http:\/\/atif.unaldi.org\/blog\/#\/schema\/person\/608ed42ecbda2bc5cfdb767ac1db479b\",\"name\":\"Atif Unaldi\",\"image\":{\"@type\":\"ImageObject\",\"inLanguage\":\"tr\",\"@id\":\"http:\/\/atif.unaldi.org\/blog\/#\/schema\/person\/image\/\",\"url\":\"http:\/\/atif.unaldi.org\/blog\/wp-content\/uploads\/2022\/10\/cropped-a94e8f7a-67c4-4d65-8a5f-032ba784be53-2.jpg\",\"contentUrl\":\"http:\/\/atif.unaldi.org\/blog\/wp-content\/uploads\/2022\/10\/cropped-a94e8f7a-67c4-4d65-8a5f-032ba784be53-2.jpg\",\"width\":512,\"height\":512,\"caption\":\"Atif Unaldi\"},\"logo\":{\"@id\":\"http:\/\/atif.unaldi.org\/blog\/#\/schema\/person\/image\/\"},\"description\":\"Bo\u011fazi\u00e7i \u00dcniversitesinde Fizik B\u00f6l\u00fcm\u00fc\u2019nde e\u011fitim ald\u0131\u011f\u0131 y\u0131llarda T\u00fcrkiye\u2019de ilk kez iki bilgisayar\u0131 telefon hatlar\u0131 \u00fczerinden konu\u015fturan BBS sistemini kurarak, T\u00fcrkiye\u2019deki ilk internet a\u011f\u0131n\u0131 olu\u015fturmu\u015ftur. Bir \u00e7ok radyo ve televizyonda program yap\u0131mc\u0131l\u0131\u011f\u0131 ve sunuculu\u011funu, bir \u00e7ok teknoloji dergisinde k\u00f6\u015fe yazarl\u0131\u011f\u0131, bili\u015fim edit\u00f6rl\u00fc\u011f\u00fc ve genel yay\u0131n y\u00f6netmenli\u011fi yapt\u0131. T\u00fcrkiye\u2019deki ilk internet servis sa\u011flay\u0131c\u0131s\u0131n\u0131n genel m\u00fcd\u00fcrl\u00fc\u011f\u00fcn\u00fc \u00fcstlendi. Bir \u00e7ok organizasyon ve kurulu\u015fta internet s\u00fcperviz\u00f6rl\u00fc\u011f\u00fc , webmaster\u2019l\u0131\u011f\u0131 , IT direkt\u00f6rl\u00fc\u011f\u00fc ve dijital projeler koordinat\u00f6rl\u00fc\u011f\u00fc g\u00f6revlerinde bulundu. Farkl\u0131 \u00fcniversitelerin farkl\u0131 fak\u00fcltelerinde \u00f6\u011fretim g\u00f6revlisi olarak bulunmu\u015f olan \u00dcnald\u0131; \u015fu an teknoloji ve pazarlama konular\u0131 ba\u015fta olmak \u00fczere bir\u00e7ok alanda hizmet veren Unaldi Consultancy\u2019nin kurucusudur. \\u2028Selin \u00dcnald\u0131 ile evlidir. Su ve Toprak isminde iki \u00e7ocu\u011fu vard\u0131r.\",\"sameAs\":[\"http:\/\/atif.unaldi.org\/blog\",\"https:\/\/www.facebook.com\/atifunaldi\",\"https:\/\/www.instagram.com\/atifunaldi\/\",\"https:\/\/www.linkedin.com\/in\/atifunaldi\",\"https:\/\/x.com\/https:\/\/twitter.com\/atifunaldi\",\"https:\/\/www.youtube.com\/c\/atifunaldi\",\"https:\/\/soundcloud.com\/atif-unaldi\",\"https:\/\/atifunaldi.tumblr.com\"],\"url\":\"http:\/\/atif.unaldi.org\/blog\/author\/atifunaldi\/\"}]}<\/script>\n<!-- \/ Yoast SEO plugin. -->","yoast_head_json":{"title":"Gelecekte IPTV - At\u0131f \u00dcnald\u0131","robots":{"index":"index","follow":"follow","max-snippet":"max-snippet:-1","max-image-preview":"max-image-preview:large","max-video-preview":"max-video-preview:-1"},"canonical":"http:\/\/atif.unaldi.org\/blog\/2011\/05\/18\/gelecekte-iptv\/","og_locale":"tr_TR","og_type":"article","og_title":"Gelecekte IPTV - At\u0131f \u00dcnald\u0131","og_description":"Geli\u015fim h\u0131zl\u0131 olacak \u00a0 IPTV\u2019nin bu anlat\u0131lanlardan ibaret oldu\u011funu varsaymak asl\u0131nda bir y\u00f6nden bak\u0131ld\u0131\u011f\u0131 zaman tutuculuk olacakt\u0131r. \u00c7\u00fcnk\u00fc \u00e7ok k\u0131sa s\u00fcrelerde devaml\u0131 yeni teknolojiler \u00fcretiliyor ve bu teknolojilerin en \u00f6nemli ve \u00f6ncelikli olanlar\u0131n\u0131n da sadece...","og_url":"http:\/\/atif.unaldi.org\/blog\/2011\/05\/18\/gelecekte-iptv\/","og_site_name":"At\u0131f \u00dcnald\u0131","article_publisher":"https:\/\/www.facebook.com\/atifunaldi","article_author":"https:\/\/www.facebook.com\/atifunaldi","article_published_time":"2011-05-18T12:48:02+00:00","author":"Atif Unaldi","twitter_card":"summary_large_image","twitter_creator":"@https:\/\/twitter.com\/atifunaldi","twitter_site":"@atifunaldi","twitter_misc":{"Yazan:":"Atif Unaldi","Tahmini okuma s\u00fcresi":"2 dakika"},"schema":{"@context":"https:\/\/schema.org","@graph":[{"@type":"Article","@id":"http:\/\/atif.unaldi.org\/blog\/2011\/05\/18\/gelecekte-iptv\/#article","isPartOf":{"@id":"http:\/\/atif.unaldi.org\/blog\/2011\/05\/18\/gelecekte-iptv\/"},"author":{"name":"Atif Unaldi","@id":"http:\/\/atif.unaldi.org\/blog\/#\/schema\/person\/608ed42ecbda2bc5cfdb767ac1db479b"},"headline":"Gelecekte IPTV","datePublished":"2011-05-18T12:48:02+00:00","mainEntityOfPage":{"@id":"http:\/\/atif.unaldi.org\/blog\/2011\/05\/18\/gelecekte-iptv\/"},"wordCount":500,"publisher":{"@id":"http:\/\/atif.unaldi.org\/blog\/#\/schema\/person\/608ed42ecbda2bc5cfdb767ac1db479b"},"articleSection":["Blog Yaz\u0131lar\u0131"],"inLanguage":"tr"},{"@type":"WebPage","@id":"http:\/\/atif.unaldi.org\/blog\/2011\/05\/18\/gelecekte-iptv\/","url":"http:\/\/atif.unaldi.org\/blog\/2011\/05\/18\/gelecekte-iptv\/","name":"Gelecekte IPTV - At\u0131f \u00dcnald\u0131","isPartOf":{"@id":"http:\/\/atif.unaldi.org\/blog\/#website"},"datePublished":"2011-05-18T12:48:02+00:00","breadcrumb":{"@id":"http:\/\/atif.unaldi.org\/blog\/2011\/05\/18\/gelecekte-iptv\/#breadcrumb"},"inLanguage":"tr","potentialAction":[{"@type":"ReadAction","target":["http:\/\/atif.unaldi.org\/blog\/2011\/05\/18\/gelecekte-iptv\/"]}]},{"@type":"BreadcrumbList","@id":"http:\/\/atif.unaldi.org\/blog\/2011\/05\/18\/gelecekte-iptv\/#breadcrumb","itemListElement":[{"@type":"ListItem","position":1,"name":"Anasayfa","item":"http:\/\/atif.unaldi.org\/blog\/"},{"@type":"ListItem","position":2,"name":"Gelecekte IPTV"}]},{"@type":"WebSite","@id":"http:\/\/atif.unaldi.org\/blog\/#website","url":"http:\/\/atif.unaldi.org\/blog\/","name":"At\u0131f \u00dcnald\u0131","description":"Yazar","publisher":{"@id":"http:\/\/atif.unaldi.org\/blog\/#\/schema\/person\/608ed42ecbda2bc5cfdb767ac1db479b"},"alternateName":"At\u0131f \u00dcnald\u0131 Blog","potentialAction":[{"@type":"SearchAction","target":{"@type":"EntryPoint","urlTemplate":"http:\/\/atif.unaldi.org\/blog\/?s={search_term_string}"},"query-input":{"@type":"PropertyValueSpecification","valueRequired":true,"valueName":"search_term_string"}}],"inLanguage":"tr"},{"@type":["Person","Organization"],"@id":"http:\/\/atif.unaldi.org\/blog\/#\/schema\/person\/608ed42ecbda2bc5cfdb767ac1db479b","name":"Atif Unaldi","image":{"@type":"ImageObject","inLanguage":"tr","@id":"http:\/\/atif.unaldi.org\/blog\/#\/schema\/person\/image\/","url":"http:\/\/atif.unaldi.org\/blog\/wp-content\/uploads\/2022\/10\/cropped-a94e8f7a-67c4-4d65-8a5f-032ba784be53-2.jpg","contentUrl":"http:\/\/atif.unaldi.org\/blog\/wp-content\/uploads\/2022\/10\/cropped-a94e8f7a-67c4-4d65-8a5f-032ba784be53-2.jpg","width":512,"height":512,"caption":"Atif Unaldi"},"logo":{"@id":"http:\/\/atif.unaldi.org\/blog\/#\/schema\/person\/image\/"},"description":"Bo\u011fazi\u00e7i \u00dcniversitesinde Fizik B\u00f6l\u00fcm\u00fc\u2019nde e\u011fitim ald\u0131\u011f\u0131 y\u0131llarda T\u00fcrkiye\u2019de ilk kez iki bilgisayar\u0131 telefon hatlar\u0131 \u00fczerinden konu\u015fturan BBS sistemini kurarak, T\u00fcrkiye\u2019deki ilk internet a\u011f\u0131n\u0131 olu\u015fturmu\u015ftur. Bir \u00e7ok radyo ve televizyonda program yap\u0131mc\u0131l\u0131\u011f\u0131 ve sunuculu\u011funu, bir \u00e7ok teknoloji dergisinde k\u00f6\u015fe yazarl\u0131\u011f\u0131, bili\u015fim edit\u00f6rl\u00fc\u011f\u00fc ve genel yay\u0131n y\u00f6netmenli\u011fi yapt\u0131. T\u00fcrkiye\u2019deki ilk internet servis sa\u011flay\u0131c\u0131s\u0131n\u0131n genel m\u00fcd\u00fcrl\u00fc\u011f\u00fcn\u00fc \u00fcstlendi. Bir \u00e7ok organizasyon ve kurulu\u015fta internet s\u00fcperviz\u00f6rl\u00fc\u011f\u00fc , webmaster\u2019l\u0131\u011f\u0131 , IT direkt\u00f6rl\u00fc\u011f\u00fc ve dijital projeler koordinat\u00f6rl\u00fc\u011f\u00fc g\u00f6revlerinde bulundu. Farkl\u0131 \u00fcniversitelerin farkl\u0131 fak\u00fcltelerinde \u00f6\u011fretim g\u00f6revlisi olarak bulunmu\u015f olan \u00dcnald\u0131; \u015fu an teknoloji ve pazarlama konular\u0131 ba\u015fta olmak \u00fczere bir\u00e7ok alanda hizmet veren Unaldi Consultancy\u2019nin kurucusudur. \u2028Selin \u00dcnald\u0131 ile evlidir. Su ve Toprak isminde iki \u00e7ocu\u011fu vard\u0131r.","sameAs":["http:\/\/atif.unaldi.org\/blog","https:\/\/www.facebook.com\/atifunaldi","https:\/\/www.instagram.com\/atifunaldi\/","https:\/\/www.linkedin.com\/in\/atifunaldi","https:\/\/x.com\/https:\/\/twitter.com\/atifunaldi","https:\/\/www.youtube.com\/c\/atifunaldi","https:\/\/soundcloud.com\/atif-unaldi","https:\/\/atifunaldi.tumblr.com"],"url":"http:\/\/atif.unaldi.org\/blog\/author\/atifunaldi\/"}]}},"jetpack_featured_media_url":"","_links":{"self":[{"href":"http:\/\/atif.unaldi.org\/blog\/wp-json\/wp\/v2\/posts\/5834","targetHints":{"allow":["GET"]}}],"collection":[{"href":"http:\/\/atif.unaldi.org\/blog\/wp-json\/wp\/v2\/posts"}],"about":[{"href":"http:\/\/atif.unaldi.org\/blog\/wp-json\/wp\/v2\/types\/post"}],"author":[{"embeddable":true,"href":"http:\/\/atif.unaldi.org\/blog\/wp-json\/wp\/v2\/users\/2"}],"replies":[{"embeddable":true,"href":"http:\/\/atif.unaldi.org\/blog\/wp-json\/wp\/v2\/comments?post=5834"}],"version-history":[{"count":0,"href":"http:\/\/atif.unaldi.org\/blog\/wp-json\/wp\/v2\/posts\/5834\/revisions"}],"wp:attachment":[{"href":"http:\/\/atif.unaldi.org\/blog\/wp-json\/wp\/v2\/media?parent=5834"}],"wp:term":[{"taxonomy":"category","embeddable":true,"href":"http:\/\/atif.unaldi.org\/blog\/wp-json\/wp\/v2\/categories?post=5834"},{"taxonomy":"post_tag","embeddable":true,"href":"http:\/\/atif.unaldi.org\/blog\/wp-json\/wp\/v2\/tags?post=5834"}],"curies":[{"name":"wp","href":"https:\/\/api.w.org\/{rel}","templated":true}]}}