{"id":5835,"date":"2011-05-18T12:48:52","date_gmt":"2011-05-18T12:48:52","guid":{"rendered":"http:\/\/iptvnedir.atifunaldi.info\/?p=78"},"modified":"2011-05-18T12:48:52","modified_gmt":"2011-05-18T12:48:52","slug":"iptvde-kalitenin-belirleyicisi-ve-farklilasma-yontemleri","status":"publish","type":"post","link":"http:\/\/atif.unaldi.org\/blog\/2011\/05\/18\/iptvde-kalitenin-belirleyicisi-ve-farklilasma-yontemleri\/","title":{"rendered":"IPTV\u2019de Kalitenin Belirleyicisi Ve Farkl\u0131la\u015fma Y\u00f6ntemleri"},"content":{"rendered":"<p><strong>HD, interaktif, feedback \u00fc\u00e7geni<\/strong><strong><\/strong><\/p>\n<p><strong>\u00a0<\/strong><\/p>\n<p>IPTV ile ilgili olduk\u00e7a fazla yaz\u0131 yazd\u0131k. Bunlar\u0131n i\u00e7inde teknik detaylara olabildi\u011fince az yer verdik. Bunun en \u00f6nemli sebebi, ileti\u015fimin bu kanad\u0131nda teknik altyap\u0131lar\u0131n olduk\u00e7a h\u0131zl\u0131 de\u011fi\u015fmesidir. Fakat bunca teknik de\u011fi\u015fimin yan\u0131nda sabit kalan \u015fey bu ileti\u015fim kanal\u0131n\u0131n nas\u0131l\u00a0kullan\u0131laca\u011f\u0131na dair felsefe ve d\u00fc\u015f\u00fcncelerdir. O y\u00fczden bu kitapta teknik detaylardan \u00e7ok felsefe ve fikirlerle kar\u015f\u0131la\u015f\u0131yorsunuz.<\/p>\n<p>IPTV\u2019den bahsederken tabii ki i\u015fin televizyon k\u0131sm\u0131n\u0131n \u00f6n plana \u00e7\u0131kt\u0131\u011f\u0131n\u0131 hat\u0131rlamal\u0131y\u0131z. IPTV g\u00f6rsel a\u00e7\u0131dan iyi olan bir televizyon kavram\u0131 olmak zorunda. Bu a\u00e7\u0131dan bakt\u0131\u011f\u0131m\u0131z zaman hemen akl\u0131m\u0131za \u015fu an pop\u00fcler olan HD kanallar geliyor. Ancak \u015funu da g\u00f6z ard\u0131 etmemek gerekiyor, televizyon kanal\u0131nda \u00e7\u0131kabilece\u011finiz en y\u00fcksek nokta g\u00f6z\u00fcn alg\u0131layabilece\u011fi seviyedir, yani 24 frame\u2019in \u00fczerine \u00e7\u0131kman\u0131z\u0131n sizin a\u00e7\u0131n\u0131zdan pek bir yarar\u0131 olmayacakt\u0131r. Ancak g\u00f6z\u00fcn alg\u0131layabildi\u011fi baz\u0131 \u015feyleri olu\u015fturmak her zaman kolay olmamaktad\u0131r. Bunlar\u0131n ba\u015f\u0131nda elbette ilk akla gelen 3D teknolojisidir. \u00dc\u00e7 boyut teknolojisi g\u00f6z ile alg\u0131lanabilecek seviyeye ne yaz\u0131k ki hen\u00fcz gelemedi. Bu teknolojiden faydalanabilmek i\u00e7in bilgisayar ile ba\u011flant\u0131l\u0131 \u00e7al\u0131\u015fan baz\u0131 g\u00f6zl\u00fckler kullanmak gerekiyor. \u00dc\u00e7 boyut teknolojisi g\u00f6z\u00fcn ula\u015fabilece\u011fi, alg\u0131layabilece\u011fi, g\u00f6rebilece\u011fi bir teknolojidir. Bu nedenle IPTV taraf\u0131ndan bak\u0131ld\u0131\u011f\u0131 zaman ciddi anlamda farkl\u0131la\u015fman\u0131n bir par\u00e7as\u0131 haline gelecektir. Zaten g\u00fcn\u00fcm\u00fczde bak\u0131ld\u0131\u011f\u0131nda HD teknolojilerinin d\u0131\u015f\u0131nda 3D teknolojilerinin de ilgi g\u00f6rd\u00fc\u011f\u00fcn\u00fc g\u00f6zlemliyoruz. Tabii burada \u00f6zellikle kullan\u0131c\u0131lar a\u00e7\u0131s\u0131ndan bak\u0131ld\u0131\u011f\u0131nda g\u00f6zl\u00fck ve g\u00f6zl\u00fc\u011f\u00fcn devaml\u0131 kullan\u0131lmak zorunda olunmas\u0131 s\u0131k\u0131nt\u0131 yaratmaktad\u0131r. Peki, g\u00f6zl\u00fcks\u00fcz 3D uygulamalar\u0131 imk\u00e2ns\u0131z m\u0131d\u0131r? Tabii ki de\u011fildir fakat g\u00f6zl\u00fcks\u00fcz 3D uygulamalar\u0131 hakk\u0131nda \u00e7al\u0131\u015fmalar\u0131n hala s\u00fcrd\u00fc\u011f\u00fc ve belli bir s\u00fcre daha bu g\u00f6zl\u00fcklere katlanmak zorunda oldu\u011fumuz da maalesef ayr\u0131 bir ger\u00e7ektir. Bu arada 20 y\u0131ld\u0131r s\u00fcren hologram \u00e7al\u0131\u015fmalar\u0131n\u0131 da atlamamal\u0131y\u0131z. \u0130\u015fin o taraf\u0131nda da ciddi \u00e7al\u0131\u015fmalar bilindi\u011fi gibi devam etmektedir.<\/p>\n<p>Bunlar ne zaman kar\u015f\u0131m\u0131za \u00e7\u0131kar ve ne zaman geli\u015firler, bunu bilmek ger\u00e7ekten kolay de\u011fil. Ancak \u015funu bilmek gerekiyor ki, televizyon \u015fu an salonumuzda en \u00f6nemli noktalardan birinde yer al\u0131yor. Bu y\u00fczden televizyon evimizin en \u00f6nemli par\u00e7alar\u0131ndan biridir diyebiliriz. Ayn\u0131 zamanda bu \u00f6nemli aksesuar\u0131m\u0131z evimizin bir\u00e7ok alan\u0131nda evimizin kontrol\u00fc i\u00e7in kullan\u0131m alan\u0131 olu\u015fturabilecek bir yap\u0131ya sahiptir. Yani kumandan\u0131z \u00fczerinden evinizin herhangi bir yerindeki \u0131\u015f\u0131\u011f\u0131 a\u00e7\u0131p kapamak gibi baz\u0131 kontrollere de imk\u00e2n tan\u0131maktad\u0131r.<\/p>\n<p>\u0130\u015fte bu noktadan bak\u0131ld\u0131\u011f\u0131 zaman IPTV\u2019nin en \u00f6nemli faaliyet alanlar\u0131ndan bir tanesi arkas\u0131ndaki network ba\u011flant\u0131s\u0131 ile olu\u015fturulacak \u2018Ev Otomasyon\u2019 sistemleri olacakt\u0131r. Ev otomasyon sistemleri a\u00e7\u0131s\u0131ndan bak\u0131ld\u0131\u011f\u0131 zaman IPTV, evin beyni haline gelebilecektir. Bu dedi\u011fimiz yap\u0131labilir mi? Evet yap\u0131labilir. Yani bir yandan bak\u0131ld\u0131\u011f\u0131 zaman IPTV bir televizyon teknolojisi gibi g\u00f6r\u00fclse bile ayn\u0131 zamanda interneti televizyonunuza getiren teknoloji olarak internetin imk\u00e2nlar\u0131n\u0131 size sunan bir hizmet olma \u00f6zelli\u011fine de sahiptir. IPTV\u2019nin ayr\u0131ca HD ve HD ekstra ya da yeni olu\u015facak iki bin k\u00fcs\u00fcr \u00e7\u00f6z\u00fcn\u00fcrl\u00fckteki televizyon teknolojileri noktas\u0131nda yeni \u015feyler \u00fcretmesi hi\u00e7 zor de\u011fildir, bunlar i\u015fin bir par\u00e7as\u0131d\u0131r. Ancak farkl\u0131la\u015fma noktas\u0131na gelince, IPTV\u2019nin farkl\u0131la\u015faca\u011f\u0131 nokta ev otomasyon sistemleri ile entegrasyonlar\u0131n\u0131n sa\u011fland\u0131\u011f\u0131 nokta olacakt\u0131r. B\u00f6ylelikle evin sahibi ve beyni haline gelip kullan\u0131c\u0131lar\u0131na olduk\u00e7a yard\u0131mc\u0131 olacakt\u0131r.<\/p>\n","protected":false},"excerpt":{"rendered":"<p>HD, interaktif, feedback \u00fc\u00e7geni \u00a0 IPTV ile ilgili olduk\u00e7a fazla yaz\u0131 yazd\u0131k. Bunlar\u0131n i\u00e7inde teknik detaylara olabildi\u011fince az yer verdik. Bunun en \u00f6nemli sebebi, ileti\u015fimin bu kanad\u0131nda teknik altyap\u0131lar\u0131n olduk\u00e7a h\u0131zl\u0131 de\u011fi\u015fmesidir. Fakat bunca teknik&#8230;<\/p>\n","protected":false},"author":2,"featured_media":0,"comment_status":"closed","ping_status":"open","sticky":false,"template":"","format":"standard","meta":{"footnotes":""},"categories":[2],"tags":[],"class_list":["post-5835","post","type-post","status-publish","format-standard","hentry","category-blog-yazilari"],"yoast_head":"<!-- This site is optimized with the Yoast SEO plugin v26.8 - https:\/\/yoast.com\/product\/yoast-seo-wordpress\/ -->\n<title>IPTV\u2019de Kalitenin Belirleyicisi Ve Farkl\u0131la\u015fma Y\u00f6ntemleri - At\u0131f \u00dcnald\u0131<\/title>\n<meta name=\"robots\" content=\"index, follow, max-snippet:-1, max-image-preview:large, max-video-preview:-1\" \/>\n<link rel=\"canonical\" href=\"http:\/\/atif.unaldi.org\/blog\/2011\/05\/18\/iptvde-kalitenin-belirleyicisi-ve-farklilasma-yontemleri\/\" \/>\n<meta property=\"og:locale\" content=\"tr_TR\" \/>\n<meta property=\"og:type\" content=\"article\" \/>\n<meta property=\"og:title\" content=\"IPTV\u2019de Kalitenin Belirleyicisi Ve Farkl\u0131la\u015fma Y\u00f6ntemleri - At\u0131f \u00dcnald\u0131\" \/>\n<meta property=\"og:description\" content=\"HD, interaktif, feedback \u00fc\u00e7geni \u00a0 IPTV ile ilgili olduk\u00e7a fazla yaz\u0131 yazd\u0131k. Bunlar\u0131n i\u00e7inde teknik detaylara olabildi\u011fince az yer verdik. Bunun en \u00f6nemli sebebi, ileti\u015fimin bu kanad\u0131nda teknik altyap\u0131lar\u0131n olduk\u00e7a h\u0131zl\u0131 de\u011fi\u015fmesidir. Fakat bunca teknik...\" \/>\n<meta property=\"og:url\" content=\"http:\/\/atif.unaldi.org\/blog\/2011\/05\/18\/iptvde-kalitenin-belirleyicisi-ve-farklilasma-yontemleri\/\" \/>\n<meta property=\"og:site_name\" content=\"At\u0131f \u00dcnald\u0131\" \/>\n<meta property=\"article:publisher\" content=\"https:\/\/www.facebook.com\/atifunaldi\" \/>\n<meta property=\"article:author\" content=\"https:\/\/www.facebook.com\/atifunaldi\" \/>\n<meta property=\"article:published_time\" content=\"2011-05-18T12:48:52+00:00\" \/>\n<meta name=\"author\" content=\"Atif Unaldi\" \/>\n<meta name=\"twitter:card\" content=\"summary_large_image\" \/>\n<meta name=\"twitter:creator\" content=\"@https:\/\/twitter.com\/atifunaldi\" \/>\n<meta name=\"twitter:site\" content=\"@atifunaldi\" \/>\n<meta name=\"twitter:label1\" content=\"Yazan:\" \/>\n\t<meta name=\"twitter:data1\" content=\"Atif Unaldi\" \/>\n\t<meta name=\"twitter:label2\" content=\"Tahmini okuma s\u00fcresi\" \/>\n\t<meta name=\"twitter:data2\" content=\"3 dakika\" \/>\n<script type=\"application\/ld+json\" class=\"yoast-schema-graph\">{\"@context\":\"https:\/\/schema.org\",\"@graph\":[{\"@type\":\"Article\",\"@id\":\"http:\/\/atif.unaldi.org\/blog\/2011\/05\/18\/iptvde-kalitenin-belirleyicisi-ve-farklilasma-yontemleri\/#article\",\"isPartOf\":{\"@id\":\"http:\/\/atif.unaldi.org\/blog\/2011\/05\/18\/iptvde-kalitenin-belirleyicisi-ve-farklilasma-yontemleri\/\"},\"author\":{\"name\":\"Atif Unaldi\",\"@id\":\"http:\/\/atif.unaldi.org\/blog\/#\/schema\/person\/608ed42ecbda2bc5cfdb767ac1db479b\"},\"headline\":\"IPTV\u2019de Kalitenin Belirleyicisi Ve Farkl\u0131la\u015fma Y\u00f6ntemleri\",\"datePublished\":\"2011-05-18T12:48:52+00:00\",\"mainEntityOfPage\":{\"@id\":\"http:\/\/atif.unaldi.org\/blog\/2011\/05\/18\/iptvde-kalitenin-belirleyicisi-ve-farklilasma-yontemleri\/\"},\"wordCount\":673,\"publisher\":{\"@id\":\"http:\/\/atif.unaldi.org\/blog\/#\/schema\/person\/608ed42ecbda2bc5cfdb767ac1db479b\"},\"articleSection\":[\"Blog Yaz\u0131lar\u0131\"],\"inLanguage\":\"tr\"},{\"@type\":\"WebPage\",\"@id\":\"http:\/\/atif.unaldi.org\/blog\/2011\/05\/18\/iptvde-kalitenin-belirleyicisi-ve-farklilasma-yontemleri\/\",\"url\":\"http:\/\/atif.unaldi.org\/blog\/2011\/05\/18\/iptvde-kalitenin-belirleyicisi-ve-farklilasma-yontemleri\/\",\"name\":\"IPTV\u2019de Kalitenin Belirleyicisi Ve Farkl\u0131la\u015fma Y\u00f6ntemleri - At\u0131f \u00dcnald\u0131\",\"isPartOf\":{\"@id\":\"http:\/\/atif.unaldi.org\/blog\/#website\"},\"datePublished\":\"2011-05-18T12:48:52+00:00\",\"breadcrumb\":{\"@id\":\"http:\/\/atif.unaldi.org\/blog\/2011\/05\/18\/iptvde-kalitenin-belirleyicisi-ve-farklilasma-yontemleri\/#breadcrumb\"},\"inLanguage\":\"tr\",\"potentialAction\":[{\"@type\":\"ReadAction\",\"target\":[\"http:\/\/atif.unaldi.org\/blog\/2011\/05\/18\/iptvde-kalitenin-belirleyicisi-ve-farklilasma-yontemleri\/\"]}]},{\"@type\":\"BreadcrumbList\",\"@id\":\"http:\/\/atif.unaldi.org\/blog\/2011\/05\/18\/iptvde-kalitenin-belirleyicisi-ve-farklilasma-yontemleri\/#breadcrumb\",\"itemListElement\":[{\"@type\":\"ListItem\",\"position\":1,\"name\":\"Anasayfa\",\"item\":\"http:\/\/atif.unaldi.org\/blog\/\"},{\"@type\":\"ListItem\",\"position\":2,\"name\":\"IPTV\u2019de Kalitenin Belirleyicisi Ve Farkl\u0131la\u015fma Y\u00f6ntemleri\"}]},{\"@type\":\"WebSite\",\"@id\":\"http:\/\/atif.unaldi.org\/blog\/#website\",\"url\":\"http:\/\/atif.unaldi.org\/blog\/\",\"name\":\"At\u0131f \u00dcnald\u0131\",\"description\":\"Yazar\",\"publisher\":{\"@id\":\"http:\/\/atif.unaldi.org\/blog\/#\/schema\/person\/608ed42ecbda2bc5cfdb767ac1db479b\"},\"alternateName\":\"At\u0131f \u00dcnald\u0131 Blog\",\"potentialAction\":[{\"@type\":\"SearchAction\",\"target\":{\"@type\":\"EntryPoint\",\"urlTemplate\":\"http:\/\/atif.unaldi.org\/blog\/?s={search_term_string}\"},\"query-input\":{\"@type\":\"PropertyValueSpecification\",\"valueRequired\":true,\"valueName\":\"search_term_string\"}}],\"inLanguage\":\"tr\"},{\"@type\":[\"Person\",\"Organization\"],\"@id\":\"http:\/\/atif.unaldi.org\/blog\/#\/schema\/person\/608ed42ecbda2bc5cfdb767ac1db479b\",\"name\":\"Atif Unaldi\",\"image\":{\"@type\":\"ImageObject\",\"inLanguage\":\"tr\",\"@id\":\"http:\/\/atif.unaldi.org\/blog\/#\/schema\/person\/image\/\",\"url\":\"http:\/\/atif.unaldi.org\/blog\/wp-content\/uploads\/2022\/10\/cropped-a94e8f7a-67c4-4d65-8a5f-032ba784be53-2.jpg\",\"contentUrl\":\"http:\/\/atif.unaldi.org\/blog\/wp-content\/uploads\/2022\/10\/cropped-a94e8f7a-67c4-4d65-8a5f-032ba784be53-2.jpg\",\"width\":512,\"height\":512,\"caption\":\"Atif Unaldi\"},\"logo\":{\"@id\":\"http:\/\/atif.unaldi.org\/blog\/#\/schema\/person\/image\/\"},\"description\":\"Bo\u011fazi\u00e7i \u00dcniversitesinde Fizik B\u00f6l\u00fcm\u00fc\u2019nde e\u011fitim ald\u0131\u011f\u0131 y\u0131llarda T\u00fcrkiye\u2019de ilk kez iki bilgisayar\u0131 telefon hatlar\u0131 \u00fczerinden konu\u015fturan BBS sistemini kurarak, T\u00fcrkiye\u2019deki ilk internet a\u011f\u0131n\u0131 olu\u015fturmu\u015ftur. Bir \u00e7ok radyo ve televizyonda program yap\u0131mc\u0131l\u0131\u011f\u0131 ve sunuculu\u011funu, bir \u00e7ok teknoloji dergisinde k\u00f6\u015fe yazarl\u0131\u011f\u0131, bili\u015fim edit\u00f6rl\u00fc\u011f\u00fc ve genel yay\u0131n y\u00f6netmenli\u011fi yapt\u0131. T\u00fcrkiye\u2019deki ilk internet servis sa\u011flay\u0131c\u0131s\u0131n\u0131n genel m\u00fcd\u00fcrl\u00fc\u011f\u00fcn\u00fc \u00fcstlendi. Bir \u00e7ok organizasyon ve kurulu\u015fta internet s\u00fcperviz\u00f6rl\u00fc\u011f\u00fc , webmaster\u2019l\u0131\u011f\u0131 , IT direkt\u00f6rl\u00fc\u011f\u00fc ve dijital projeler koordinat\u00f6rl\u00fc\u011f\u00fc g\u00f6revlerinde bulundu. Farkl\u0131 \u00fcniversitelerin farkl\u0131 fak\u00fcltelerinde \u00f6\u011fretim g\u00f6revlisi olarak bulunmu\u015f olan \u00dcnald\u0131; \u015fu an teknoloji ve pazarlama konular\u0131 ba\u015fta olmak \u00fczere bir\u00e7ok alanda hizmet veren Unaldi Consultancy\u2019nin kurucusudur. \\u2028Selin \u00dcnald\u0131 ile evlidir. Su ve Toprak isminde iki \u00e7ocu\u011fu vard\u0131r.\",\"sameAs\":[\"http:\/\/atif.unaldi.org\/blog\",\"https:\/\/www.facebook.com\/atifunaldi\",\"https:\/\/www.instagram.com\/atifunaldi\/\",\"https:\/\/www.linkedin.com\/in\/atifunaldi\",\"https:\/\/x.com\/https:\/\/twitter.com\/atifunaldi\",\"https:\/\/www.youtube.com\/c\/atifunaldi\",\"https:\/\/soundcloud.com\/atif-unaldi\",\"https:\/\/atifunaldi.tumblr.com\"],\"url\":\"http:\/\/atif.unaldi.org\/blog\/author\/atifunaldi\/\"}]}<\/script>\n<!-- \/ Yoast SEO plugin. -->","yoast_head_json":{"title":"IPTV\u2019de Kalitenin Belirleyicisi Ve Farkl\u0131la\u015fma Y\u00f6ntemleri - At\u0131f \u00dcnald\u0131","robots":{"index":"index","follow":"follow","max-snippet":"max-snippet:-1","max-image-preview":"max-image-preview:large","max-video-preview":"max-video-preview:-1"},"canonical":"http:\/\/atif.unaldi.org\/blog\/2011\/05\/18\/iptvde-kalitenin-belirleyicisi-ve-farklilasma-yontemleri\/","og_locale":"tr_TR","og_type":"article","og_title":"IPTV\u2019de Kalitenin Belirleyicisi Ve Farkl\u0131la\u015fma Y\u00f6ntemleri - At\u0131f \u00dcnald\u0131","og_description":"HD, interaktif, feedback \u00fc\u00e7geni \u00a0 IPTV ile ilgili olduk\u00e7a fazla yaz\u0131 yazd\u0131k. Bunlar\u0131n i\u00e7inde teknik detaylara olabildi\u011fince az yer verdik. Bunun en \u00f6nemli sebebi, ileti\u015fimin bu kanad\u0131nda teknik altyap\u0131lar\u0131n olduk\u00e7a h\u0131zl\u0131 de\u011fi\u015fmesidir. Fakat bunca teknik...","og_url":"http:\/\/atif.unaldi.org\/blog\/2011\/05\/18\/iptvde-kalitenin-belirleyicisi-ve-farklilasma-yontemleri\/","og_site_name":"At\u0131f \u00dcnald\u0131","article_publisher":"https:\/\/www.facebook.com\/atifunaldi","article_author":"https:\/\/www.facebook.com\/atifunaldi","article_published_time":"2011-05-18T12:48:52+00:00","author":"Atif Unaldi","twitter_card":"summary_large_image","twitter_creator":"@https:\/\/twitter.com\/atifunaldi","twitter_site":"@atifunaldi","twitter_misc":{"Yazan:":"Atif Unaldi","Tahmini okuma s\u00fcresi":"3 dakika"},"schema":{"@context":"https:\/\/schema.org","@graph":[{"@type":"Article","@id":"http:\/\/atif.unaldi.org\/blog\/2011\/05\/18\/iptvde-kalitenin-belirleyicisi-ve-farklilasma-yontemleri\/#article","isPartOf":{"@id":"http:\/\/atif.unaldi.org\/blog\/2011\/05\/18\/iptvde-kalitenin-belirleyicisi-ve-farklilasma-yontemleri\/"},"author":{"name":"Atif Unaldi","@id":"http:\/\/atif.unaldi.org\/blog\/#\/schema\/person\/608ed42ecbda2bc5cfdb767ac1db479b"},"headline":"IPTV\u2019de Kalitenin Belirleyicisi Ve Farkl\u0131la\u015fma Y\u00f6ntemleri","datePublished":"2011-05-18T12:48:52+00:00","mainEntityOfPage":{"@id":"http:\/\/atif.unaldi.org\/blog\/2011\/05\/18\/iptvde-kalitenin-belirleyicisi-ve-farklilasma-yontemleri\/"},"wordCount":673,"publisher":{"@id":"http:\/\/atif.unaldi.org\/blog\/#\/schema\/person\/608ed42ecbda2bc5cfdb767ac1db479b"},"articleSection":["Blog Yaz\u0131lar\u0131"],"inLanguage":"tr"},{"@type":"WebPage","@id":"http:\/\/atif.unaldi.org\/blog\/2011\/05\/18\/iptvde-kalitenin-belirleyicisi-ve-farklilasma-yontemleri\/","url":"http:\/\/atif.unaldi.org\/blog\/2011\/05\/18\/iptvde-kalitenin-belirleyicisi-ve-farklilasma-yontemleri\/","name":"IPTV\u2019de Kalitenin Belirleyicisi Ve Farkl\u0131la\u015fma Y\u00f6ntemleri - At\u0131f \u00dcnald\u0131","isPartOf":{"@id":"http:\/\/atif.unaldi.org\/blog\/#website"},"datePublished":"2011-05-18T12:48:52+00:00","breadcrumb":{"@id":"http:\/\/atif.unaldi.org\/blog\/2011\/05\/18\/iptvde-kalitenin-belirleyicisi-ve-farklilasma-yontemleri\/#breadcrumb"},"inLanguage":"tr","potentialAction":[{"@type":"ReadAction","target":["http:\/\/atif.unaldi.org\/blog\/2011\/05\/18\/iptvde-kalitenin-belirleyicisi-ve-farklilasma-yontemleri\/"]}]},{"@type":"BreadcrumbList","@id":"http:\/\/atif.unaldi.org\/blog\/2011\/05\/18\/iptvde-kalitenin-belirleyicisi-ve-farklilasma-yontemleri\/#breadcrumb","itemListElement":[{"@type":"ListItem","position":1,"name":"Anasayfa","item":"http:\/\/atif.unaldi.org\/blog\/"},{"@type":"ListItem","position":2,"name":"IPTV\u2019de Kalitenin Belirleyicisi Ve Farkl\u0131la\u015fma Y\u00f6ntemleri"}]},{"@type":"WebSite","@id":"http:\/\/atif.unaldi.org\/blog\/#website","url":"http:\/\/atif.unaldi.org\/blog\/","name":"At\u0131f \u00dcnald\u0131","description":"Yazar","publisher":{"@id":"http:\/\/atif.unaldi.org\/blog\/#\/schema\/person\/608ed42ecbda2bc5cfdb767ac1db479b"},"alternateName":"At\u0131f \u00dcnald\u0131 Blog","potentialAction":[{"@type":"SearchAction","target":{"@type":"EntryPoint","urlTemplate":"http:\/\/atif.unaldi.org\/blog\/?s={search_term_string}"},"query-input":{"@type":"PropertyValueSpecification","valueRequired":true,"valueName":"search_term_string"}}],"inLanguage":"tr"},{"@type":["Person","Organization"],"@id":"http:\/\/atif.unaldi.org\/blog\/#\/schema\/person\/608ed42ecbda2bc5cfdb767ac1db479b","name":"Atif Unaldi","image":{"@type":"ImageObject","inLanguage":"tr","@id":"http:\/\/atif.unaldi.org\/blog\/#\/schema\/person\/image\/","url":"http:\/\/atif.unaldi.org\/blog\/wp-content\/uploads\/2022\/10\/cropped-a94e8f7a-67c4-4d65-8a5f-032ba784be53-2.jpg","contentUrl":"http:\/\/atif.unaldi.org\/blog\/wp-content\/uploads\/2022\/10\/cropped-a94e8f7a-67c4-4d65-8a5f-032ba784be53-2.jpg","width":512,"height":512,"caption":"Atif Unaldi"},"logo":{"@id":"http:\/\/atif.unaldi.org\/blog\/#\/schema\/person\/image\/"},"description":"Bo\u011fazi\u00e7i \u00dcniversitesinde Fizik B\u00f6l\u00fcm\u00fc\u2019nde e\u011fitim ald\u0131\u011f\u0131 y\u0131llarda T\u00fcrkiye\u2019de ilk kez iki bilgisayar\u0131 telefon hatlar\u0131 \u00fczerinden konu\u015fturan BBS sistemini kurarak, T\u00fcrkiye\u2019deki ilk internet a\u011f\u0131n\u0131 olu\u015fturmu\u015ftur. Bir \u00e7ok radyo ve televizyonda program yap\u0131mc\u0131l\u0131\u011f\u0131 ve sunuculu\u011funu, bir \u00e7ok teknoloji dergisinde k\u00f6\u015fe yazarl\u0131\u011f\u0131, bili\u015fim edit\u00f6rl\u00fc\u011f\u00fc ve genel yay\u0131n y\u00f6netmenli\u011fi yapt\u0131. T\u00fcrkiye\u2019deki ilk internet servis sa\u011flay\u0131c\u0131s\u0131n\u0131n genel m\u00fcd\u00fcrl\u00fc\u011f\u00fcn\u00fc \u00fcstlendi. Bir \u00e7ok organizasyon ve kurulu\u015fta internet s\u00fcperviz\u00f6rl\u00fc\u011f\u00fc , webmaster\u2019l\u0131\u011f\u0131 , IT direkt\u00f6rl\u00fc\u011f\u00fc ve dijital projeler koordinat\u00f6rl\u00fc\u011f\u00fc g\u00f6revlerinde bulundu. Farkl\u0131 \u00fcniversitelerin farkl\u0131 fak\u00fcltelerinde \u00f6\u011fretim g\u00f6revlisi olarak bulunmu\u015f olan \u00dcnald\u0131; \u015fu an teknoloji ve pazarlama konular\u0131 ba\u015fta olmak \u00fczere bir\u00e7ok alanda hizmet veren Unaldi Consultancy\u2019nin kurucusudur. \u2028Selin \u00dcnald\u0131 ile evlidir. Su ve Toprak isminde iki \u00e7ocu\u011fu vard\u0131r.","sameAs":["http:\/\/atif.unaldi.org\/blog","https:\/\/www.facebook.com\/atifunaldi","https:\/\/www.instagram.com\/atifunaldi\/","https:\/\/www.linkedin.com\/in\/atifunaldi","https:\/\/x.com\/https:\/\/twitter.com\/atifunaldi","https:\/\/www.youtube.com\/c\/atifunaldi","https:\/\/soundcloud.com\/atif-unaldi","https:\/\/atifunaldi.tumblr.com"],"url":"http:\/\/atif.unaldi.org\/blog\/author\/atifunaldi\/"}]}},"jetpack_featured_media_url":"","_links":{"self":[{"href":"http:\/\/atif.unaldi.org\/blog\/wp-json\/wp\/v2\/posts\/5835","targetHints":{"allow":["GET"]}}],"collection":[{"href":"http:\/\/atif.unaldi.org\/blog\/wp-json\/wp\/v2\/posts"}],"about":[{"href":"http:\/\/atif.unaldi.org\/blog\/wp-json\/wp\/v2\/types\/post"}],"author":[{"embeddable":true,"href":"http:\/\/atif.unaldi.org\/blog\/wp-json\/wp\/v2\/users\/2"}],"replies":[{"embeddable":true,"href":"http:\/\/atif.unaldi.org\/blog\/wp-json\/wp\/v2\/comments?post=5835"}],"version-history":[{"count":0,"href":"http:\/\/atif.unaldi.org\/blog\/wp-json\/wp\/v2\/posts\/5835\/revisions"}],"wp:attachment":[{"href":"http:\/\/atif.unaldi.org\/blog\/wp-json\/wp\/v2\/media?parent=5835"}],"wp:term":[{"taxonomy":"category","embeddable":true,"href":"http:\/\/atif.unaldi.org\/blog\/wp-json\/wp\/v2\/categories?post=5835"},{"taxonomy":"post_tag","embeddable":true,"href":"http:\/\/atif.unaldi.org\/blog\/wp-json\/wp\/v2\/tags?post=5835"}],"curies":[{"name":"wp","href":"https:\/\/api.w.org\/{rel}","templated":true}]}}