{"id":5836,"date":"2011-05-18T12:49:48","date_gmt":"2011-05-18T12:49:48","guid":{"rendered":"http:\/\/iptvnedir.atifunaldi.info\/?p=80"},"modified":"2011-05-18T12:49:48","modified_gmt":"2011-05-18T12:49:48","slug":"sosyal-aglar-iptvyi-nasil-degistirecek","status":"publish","type":"post","link":"http:\/\/atif.unaldi.org\/blog\/2011\/05\/18\/sosyal-aglar-iptvyi-nasil-degistirecek\/","title":{"rendered":"Sosyal A\u011flar IPTV\u2019yi Nas\u0131l De\u011fi\u015ftirecek?"},"content":{"rendered":"<p><strong>\u201cFacebook \u00fczerindeki videolar ile yap\u0131labilecek bir televizyon kanal\u0131 uygulamas\u0131 ve bunun IPTV \u00fczerinde yap\u0131lamamas\u0131 i\u00e7in hi\u00e7bir sebep yok.\u201d<\/strong><\/p>\n<p><strong>\u00a0<\/strong><\/p>\n<p>Son zamanlarda \u00f6zellikle bili\u015fim sekt\u00f6r\u00fcn\u00fcn ilgilendi\u011fi bir konu; tabletler. Tabletler asl\u0131nda eski bir teknoloji, \u00e7ok yeni oldu\u011fu s\u00f6ylenemez. Evimdeki tablet bilgisayar\u0131 alal\u0131 yakla\u015f\u0131k \u00fc\u00e7 d\u00f6rt sene oldu\u011funu s\u00f6yleyebilirim. Benim kulland\u0131\u011f\u0131m tablet bilgisayar\u0131n \u00f6zellikleri standart\u00a0bir Netbook\u2019tan daha iyi, Notebook\u2019tan ise biraz daha k\u00f6t\u00fc diyebilirim. Dolay\u0131s\u0131yla tablet bilgisayar yani tablet PC o zamanlardan beri var olan bir teknoloji diyebiliriz. Ancak Netbook\u2019lar ile birlikte merkezi i\u015flemcilerin \u0131s\u0131nma sorunlar\u0131n\u0131n azalt\u0131lmas\u0131 ve yeni \u0131s\u0131nmayan i\u015flemcilerin ortaya \u00e7\u0131kmas\u0131 tablet bilgisayarlar\u0131n hayat\u0131m\u0131za daha \u00e7ok girmesini sa\u011fl\u0131yor. Bu \u00f6nemli bir nokta ve atlamamak gerekiyor. IPad hakk\u0131nda da bir \u015feyler s\u00f6ylemek istersem, cihaz\u0131 ilk kullanmaya ba\u015flad\u0131\u011f\u0131mda dikkatimi \u00e7eken en \u00f6nemli nokta devaml\u0131 yaz\u0131l\u0131mlar aras\u0131nda hareket etme zorunlulu\u011funda olmamd\u0131. \u00c7\u00fcnk\u00fc sosyal a\u011flar\u0131n b\u00fcy\u00fck bir k\u0131sm\u0131n\u0131 IPad \u00fczerinden takip etmek \u00e7ok kolay olmas\u0131na ra\u011fmen ba\u015fka bir anlamda bunu ger\u00e7ekle\u015ftirmek i\u00e7in ciddi anlamda gayret sarf etmek gerekiyordu.<\/p>\n<p><strong>Flipboard\u2019un getirdi\u011fi farkl\u0131l\u0131klar <\/strong><\/p>\n<p><strong>\u00a0<\/strong><\/p>\n<p>Buna Netscape \u00fcreticilerinden biri olan \u015fahs\u0131n ger\u00e7ekle\u015ftirdi\u011fi \u2018Flipboard\u2019 uygulamas\u0131yla son verildi\u011fini g\u00f6rd\u00fck. Sosyal a\u011flar\u0131n hepsini ayn\u0131 yap\u0131n\u0131n i\u00e7inde \u00e7al\u0131\u015ft\u0131ran bir program sonucu magazin okur gibi sosyal a\u011flar\u0131n\u0131zdaki yeni bildirimlerinizi art\u0131k rahatl\u0131kla okuyabiliyorsunuz. B\u00f6ylece siz magazin okur gibi okurken, dinlemek veya izlemek istedi\u011finiz insanlar hakk\u0131nda bilgilere sahip oluyorsunuz. Bu sadece Twitter i\u00e7in ge\u00e7erli de\u011fil tabii, Facebook ve teknoloji sitelerini de kaps\u0131yor.<\/p>\n<p>Flipbook asl\u0131nda bir uygulaman\u0131n ba\u015flang\u0131c\u0131 olabilir gibi g\u00f6r\u00fcn\u00fcyor. D\u00fc\u015f\u00fcn\u00fcld\u00fc\u011f\u00fcnde Twitter gibi sosyal medya a\u011flar\u0131nda ge\u00e7en anl\u0131k iletilerin b\u00fcy\u00fck bir \u00e7o\u011funlu\u011fu hepimizin hayat\u0131n\u0131n bir par\u00e7as\u0131 haline gelmeye ba\u015flad\u0131. Bunun g\u00fczel g\u00f6stergelerinden birisi de Fossil\u2019in \u00fcretti\u011fi yeni saat. Saatin \u00fczerinden Twitter bilgileri size ula\u015fabiliyor. Evinizin banyosuna bile Twitter\u2019\u0131n u\u011frayaca\u011f\u0131n\u0131 s\u00f6yleyebiliriz. Tabii Twitter ve Facebook hakk\u0131nda konu\u015fuyorken i\u00e7erikleriyle de ilgilenmek gerekiyor. Facebook\u2019un i\u00e7eri\u011finin sadece yaz\u0131dan olu\u015ftu\u011fu d\u00fc\u015f\u00fcn\u00fclse de, Facebook\u2019un d\u00fcnya \u00fczerindeki video i\u00e7eri\u011finin % 10\u2019unu olu\u015fturdu\u011fu bilinen bir ger\u00e7ek. Bu, Facebook \u00fczerinden gelen bilgilerin b\u00fcy\u00fck bir \u00e7o\u011funlu\u011funu kullanarak TV kanal\u0131 olu\u015fturmaya do\u011fru gidilebilece\u011fini g\u00f6steren en b\u00fcy\u00fck ayr\u0131nt\u0131lardan biri.<\/p>\n<p>Burada belirtmek istedi\u011fim \u015fu; Ak\u0131ll\u0131 TV gibi bir\u00e7ok k\u0131sa g\u00f6r\u00fcnt\u00fclerin oldu\u011fu bir televizyon kanal\u0131ndan bahsediyoruz. Ancak bu televizyon kanal\u0131ndaki o k\u00fc\u00e7\u00fck g\u00f6r\u00fcnt\u00fclerin hepsi tek noktadan \u00e7\u0131km\u0131yor, hepsi g\u00f6r\u00fcnt\u00fclerle ilgili ki\u015filerin kanallar\u0131ndan geliyor. \u015eimdilik hayalini kurdu\u011fumuz, Facebook \u00fczerindeki videolar ile yap\u0131labilecek bir televizyon kanal\u0131 uygulamas\u0131 ve bunun IPTV \u00fczerinde yap\u0131lamamas\u0131 i\u00e7in hi\u00e7bir sebep yok. Bu uygulaman\u0131n alt\u0131nda da altyaz\u0131 olarak devaml\u0131 bir tweet kayd\u0131\u011f\u0131n\u0131 d\u00fc\u015f\u00fcn\u00fcn. Asl\u0131nda bakt\u0131\u011f\u0131n\u0131zda bir televizyon kanal\u0131ndan bahsediyoruz fakat Facebook ve Twitter \u00fczerinden devaml\u0131 g\u00fcncellenen, devaml\u0131 i\u00e7erik \u00fcretilen ve her izleyicinin farkl\u0131 \u015feyleri izledi\u011fi bir kanal. Dolay\u0131s\u0131yla sosyal a\u011flar ile IPTV\u2019yi birbirinden ay\u0131rmak \u00e7ok kolay de\u011fil gibi g\u00f6r\u00fcn\u00fcyor. Bu nokta d\u0131\u015f\u0131nda yine bu uygulamalara benzer ba\u015fka bir uygulamay\u0131 da unutmamak gerekiyor. Bu asl\u0131nda EPG taraf\u0131ndan bakan bir uygulama olarak g\u00f6r\u00fcl\u00fcyor. Uygulaman\u0131n ad\u0131 Tunerfish. Uygulaman\u0131n yapt\u0131\u011f\u0131 \u015fey ise; Tunerfish<strong>\u2019<\/strong>e kay\u0131tl\u0131ysan\u0131z ve orada arkada\u015flar\u0131n\u0131z varsa, sizin daha \u00f6nceden ve o anda ne seyretti\u011finizi o anda hangi videoyu seyretti\u011finizi ortaya koymaktan ibaret. Bu bir yandan bak\u0131ld\u0131\u011f\u0131nda internet arac\u0131l\u0131\u011f\u0131yla yap\u0131lm\u0131\u015f olan \u2018human meter\u2019 olarak g\u00f6r\u00fclebilir. Bir yandan da bak\u0131ld\u0131\u011f\u0131 zaman insanlar\u0131n birbirleriyle baz\u0131 i\u00e7erikleri payla\u015fabilmelerini ve izledikleri dizilere daha kolay ula\u015fmalar\u0131n\u0131 sa\u011fl\u0131yor. Demek istedi\u011fim sosyal a\u011flar hem televizyonun sosyal taraf\u0131n\u0131 alg\u0131lamas\u0131 a\u00e7\u0131s\u0131ndan hem sosyal a\u011flar\u0131n televizyon altyap\u0131s\u0131n\u0131 alg\u0131lamas\u0131 a\u00e7\u0131s\u0131ndan iki farkl\u0131 yap\u0131yla da ciddi anlamda ba\u011flant\u0131l\u0131 oluyorlar. IPTV i\u015fte bu noktadan bak\u0131ld\u0131\u011f\u0131 zaman \u00e7ok ciddi ve \u00f6nem arz eden bir yerde duruyor.<\/p>\n","protected":false},"excerpt":{"rendered":"<p>\u201cFacebook \u00fczerindeki videolar ile yap\u0131labilecek bir televizyon kanal\u0131 uygulamas\u0131 ve bunun IPTV \u00fczerinde yap\u0131lamamas\u0131 i\u00e7in hi\u00e7bir sebep yok.\u201d \u00a0 Son zamanlarda \u00f6zellikle bili\u015fim sekt\u00f6r\u00fcn\u00fcn ilgilendi\u011fi bir konu; tabletler. Tabletler asl\u0131nda eski bir teknoloji, \u00e7ok yeni&#8230;<\/p>\n","protected":false},"author":2,"featured_media":0,"comment_status":"closed","ping_status":"open","sticky":false,"template":"","format":"standard","meta":{"footnotes":""},"categories":[2],"tags":[],"class_list":["post-5836","post","type-post","status-publish","format-standard","hentry","category-blog-yazilari"],"yoast_head":"<!-- This site is optimized with the Yoast SEO plugin v26.8 - https:\/\/yoast.com\/product\/yoast-seo-wordpress\/ -->\n<title>Sosyal A\u011flar IPTV\u2019yi Nas\u0131l De\u011fi\u015ftirecek? - At\u0131f \u00dcnald\u0131<\/title>\n<meta name=\"robots\" content=\"index, follow, max-snippet:-1, max-image-preview:large, max-video-preview:-1\" \/>\n<link rel=\"canonical\" href=\"http:\/\/atif.unaldi.org\/blog\/2011\/05\/18\/sosyal-aglar-iptvyi-nasil-degistirecek\/\" \/>\n<meta property=\"og:locale\" content=\"tr_TR\" \/>\n<meta property=\"og:type\" content=\"article\" \/>\n<meta property=\"og:title\" content=\"Sosyal A\u011flar IPTV\u2019yi Nas\u0131l De\u011fi\u015ftirecek? - At\u0131f \u00dcnald\u0131\" \/>\n<meta property=\"og:description\" content=\"\u201cFacebook \u00fczerindeki videolar ile yap\u0131labilecek bir televizyon kanal\u0131 uygulamas\u0131 ve bunun IPTV \u00fczerinde yap\u0131lamamas\u0131 i\u00e7in hi\u00e7bir sebep yok.\u201d \u00a0 Son zamanlarda \u00f6zellikle bili\u015fim sekt\u00f6r\u00fcn\u00fcn ilgilendi\u011fi bir konu; tabletler. Tabletler asl\u0131nda eski bir teknoloji, \u00e7ok yeni...\" \/>\n<meta property=\"og:url\" content=\"http:\/\/atif.unaldi.org\/blog\/2011\/05\/18\/sosyal-aglar-iptvyi-nasil-degistirecek\/\" \/>\n<meta property=\"og:site_name\" content=\"At\u0131f \u00dcnald\u0131\" \/>\n<meta property=\"article:publisher\" content=\"https:\/\/www.facebook.com\/atifunaldi\" \/>\n<meta property=\"article:author\" content=\"https:\/\/www.facebook.com\/atifunaldi\" \/>\n<meta property=\"article:published_time\" content=\"2011-05-18T12:49:48+00:00\" \/>\n<meta name=\"author\" content=\"Atif Unaldi\" \/>\n<meta name=\"twitter:card\" content=\"summary_large_image\" \/>\n<meta name=\"twitter:creator\" content=\"@https:\/\/twitter.com\/atifunaldi\" \/>\n<meta name=\"twitter:site\" content=\"@atifunaldi\" \/>\n<meta name=\"twitter:label1\" content=\"Yazan:\" \/>\n\t<meta name=\"twitter:data1\" content=\"Atif Unaldi\" \/>\n\t<meta name=\"twitter:label2\" content=\"Tahmini okuma s\u00fcresi\" \/>\n\t<meta name=\"twitter:data2\" content=\"4 dakika\" \/>\n<script type=\"application\/ld+json\" class=\"yoast-schema-graph\">{\"@context\":\"https:\/\/schema.org\",\"@graph\":[{\"@type\":\"Article\",\"@id\":\"http:\/\/atif.unaldi.org\/blog\/2011\/05\/18\/sosyal-aglar-iptvyi-nasil-degistirecek\/#article\",\"isPartOf\":{\"@id\":\"http:\/\/atif.unaldi.org\/blog\/2011\/05\/18\/sosyal-aglar-iptvyi-nasil-degistirecek\/\"},\"author\":{\"name\":\"Atif Unaldi\",\"@id\":\"http:\/\/atif.unaldi.org\/blog\/#\/schema\/person\/608ed42ecbda2bc5cfdb767ac1db479b\"},\"headline\":\"Sosyal A\u011flar IPTV\u2019yi Nas\u0131l De\u011fi\u015ftirecek?\",\"datePublished\":\"2011-05-18T12:49:48+00:00\",\"mainEntityOfPage\":{\"@id\":\"http:\/\/atif.unaldi.org\/blog\/2011\/05\/18\/sosyal-aglar-iptvyi-nasil-degistirecek\/\"},\"wordCount\":785,\"publisher\":{\"@id\":\"http:\/\/atif.unaldi.org\/blog\/#\/schema\/person\/608ed42ecbda2bc5cfdb767ac1db479b\"},\"articleSection\":[\"Blog Yaz\u0131lar\u0131\"],\"inLanguage\":\"tr\"},{\"@type\":\"WebPage\",\"@id\":\"http:\/\/atif.unaldi.org\/blog\/2011\/05\/18\/sosyal-aglar-iptvyi-nasil-degistirecek\/\",\"url\":\"http:\/\/atif.unaldi.org\/blog\/2011\/05\/18\/sosyal-aglar-iptvyi-nasil-degistirecek\/\",\"name\":\"Sosyal A\u011flar IPTV\u2019yi Nas\u0131l De\u011fi\u015ftirecek? - At\u0131f \u00dcnald\u0131\",\"isPartOf\":{\"@id\":\"http:\/\/atif.unaldi.org\/blog\/#website\"},\"datePublished\":\"2011-05-18T12:49:48+00:00\",\"breadcrumb\":{\"@id\":\"http:\/\/atif.unaldi.org\/blog\/2011\/05\/18\/sosyal-aglar-iptvyi-nasil-degistirecek\/#breadcrumb\"},\"inLanguage\":\"tr\",\"potentialAction\":[{\"@type\":\"ReadAction\",\"target\":[\"http:\/\/atif.unaldi.org\/blog\/2011\/05\/18\/sosyal-aglar-iptvyi-nasil-degistirecek\/\"]}]},{\"@type\":\"BreadcrumbList\",\"@id\":\"http:\/\/atif.unaldi.org\/blog\/2011\/05\/18\/sosyal-aglar-iptvyi-nasil-degistirecek\/#breadcrumb\",\"itemListElement\":[{\"@type\":\"ListItem\",\"position\":1,\"name\":\"Anasayfa\",\"item\":\"http:\/\/atif.unaldi.org\/blog\/\"},{\"@type\":\"ListItem\",\"position\":2,\"name\":\"Sosyal A\u011flar IPTV\u2019yi Nas\u0131l De\u011fi\u015ftirecek?\"}]},{\"@type\":\"WebSite\",\"@id\":\"http:\/\/atif.unaldi.org\/blog\/#website\",\"url\":\"http:\/\/atif.unaldi.org\/blog\/\",\"name\":\"At\u0131f \u00dcnald\u0131\",\"description\":\"Yazar\",\"publisher\":{\"@id\":\"http:\/\/atif.unaldi.org\/blog\/#\/schema\/person\/608ed42ecbda2bc5cfdb767ac1db479b\"},\"alternateName\":\"At\u0131f \u00dcnald\u0131 Blog\",\"potentialAction\":[{\"@type\":\"SearchAction\",\"target\":{\"@type\":\"EntryPoint\",\"urlTemplate\":\"http:\/\/atif.unaldi.org\/blog\/?s={search_term_string}\"},\"query-input\":{\"@type\":\"PropertyValueSpecification\",\"valueRequired\":true,\"valueName\":\"search_term_string\"}}],\"inLanguage\":\"tr\"},{\"@type\":[\"Person\",\"Organization\"],\"@id\":\"http:\/\/atif.unaldi.org\/blog\/#\/schema\/person\/608ed42ecbda2bc5cfdb767ac1db479b\",\"name\":\"Atif Unaldi\",\"image\":{\"@type\":\"ImageObject\",\"inLanguage\":\"tr\",\"@id\":\"http:\/\/atif.unaldi.org\/blog\/#\/schema\/person\/image\/\",\"url\":\"http:\/\/atif.unaldi.org\/blog\/wp-content\/uploads\/2022\/10\/cropped-a94e8f7a-67c4-4d65-8a5f-032ba784be53-2.jpg\",\"contentUrl\":\"http:\/\/atif.unaldi.org\/blog\/wp-content\/uploads\/2022\/10\/cropped-a94e8f7a-67c4-4d65-8a5f-032ba784be53-2.jpg\",\"width\":512,\"height\":512,\"caption\":\"Atif Unaldi\"},\"logo\":{\"@id\":\"http:\/\/atif.unaldi.org\/blog\/#\/schema\/person\/image\/\"},\"description\":\"Bo\u011fazi\u00e7i \u00dcniversitesinde Fizik B\u00f6l\u00fcm\u00fc\u2019nde e\u011fitim ald\u0131\u011f\u0131 y\u0131llarda T\u00fcrkiye\u2019de ilk kez iki bilgisayar\u0131 telefon hatlar\u0131 \u00fczerinden konu\u015fturan BBS sistemini kurarak, T\u00fcrkiye\u2019deki ilk internet a\u011f\u0131n\u0131 olu\u015fturmu\u015ftur. Bir \u00e7ok radyo ve televizyonda program yap\u0131mc\u0131l\u0131\u011f\u0131 ve sunuculu\u011funu, bir \u00e7ok teknoloji dergisinde k\u00f6\u015fe yazarl\u0131\u011f\u0131, bili\u015fim edit\u00f6rl\u00fc\u011f\u00fc ve genel yay\u0131n y\u00f6netmenli\u011fi yapt\u0131. T\u00fcrkiye\u2019deki ilk internet servis sa\u011flay\u0131c\u0131s\u0131n\u0131n genel m\u00fcd\u00fcrl\u00fc\u011f\u00fcn\u00fc \u00fcstlendi. Bir \u00e7ok organizasyon ve kurulu\u015fta internet s\u00fcperviz\u00f6rl\u00fc\u011f\u00fc , webmaster\u2019l\u0131\u011f\u0131 , IT direkt\u00f6rl\u00fc\u011f\u00fc ve dijital projeler koordinat\u00f6rl\u00fc\u011f\u00fc g\u00f6revlerinde bulundu. Farkl\u0131 \u00fcniversitelerin farkl\u0131 fak\u00fcltelerinde \u00f6\u011fretim g\u00f6revlisi olarak bulunmu\u015f olan \u00dcnald\u0131; \u015fu an teknoloji ve pazarlama konular\u0131 ba\u015fta olmak \u00fczere bir\u00e7ok alanda hizmet veren Unaldi Consultancy\u2019nin kurucusudur. \\u2028Selin \u00dcnald\u0131 ile evlidir. Su ve Toprak isminde iki \u00e7ocu\u011fu vard\u0131r.\",\"sameAs\":[\"http:\/\/atif.unaldi.org\/blog\",\"https:\/\/www.facebook.com\/atifunaldi\",\"https:\/\/www.instagram.com\/atifunaldi\/\",\"https:\/\/www.linkedin.com\/in\/atifunaldi\",\"https:\/\/x.com\/https:\/\/twitter.com\/atifunaldi\",\"https:\/\/www.youtube.com\/c\/atifunaldi\",\"https:\/\/soundcloud.com\/atif-unaldi\",\"https:\/\/atifunaldi.tumblr.com\"],\"url\":\"http:\/\/atif.unaldi.org\/blog\/author\/atifunaldi\/\"}]}<\/script>\n<!-- \/ Yoast SEO plugin. -->","yoast_head_json":{"title":"Sosyal A\u011flar IPTV\u2019yi Nas\u0131l De\u011fi\u015ftirecek? - At\u0131f \u00dcnald\u0131","robots":{"index":"index","follow":"follow","max-snippet":"max-snippet:-1","max-image-preview":"max-image-preview:large","max-video-preview":"max-video-preview:-1"},"canonical":"http:\/\/atif.unaldi.org\/blog\/2011\/05\/18\/sosyal-aglar-iptvyi-nasil-degistirecek\/","og_locale":"tr_TR","og_type":"article","og_title":"Sosyal A\u011flar IPTV\u2019yi Nas\u0131l De\u011fi\u015ftirecek? - At\u0131f \u00dcnald\u0131","og_description":"\u201cFacebook \u00fczerindeki videolar ile yap\u0131labilecek bir televizyon kanal\u0131 uygulamas\u0131 ve bunun IPTV \u00fczerinde yap\u0131lamamas\u0131 i\u00e7in hi\u00e7bir sebep yok.\u201d \u00a0 Son zamanlarda \u00f6zellikle bili\u015fim sekt\u00f6r\u00fcn\u00fcn ilgilendi\u011fi bir konu; tabletler. Tabletler asl\u0131nda eski bir teknoloji, \u00e7ok yeni...","og_url":"http:\/\/atif.unaldi.org\/blog\/2011\/05\/18\/sosyal-aglar-iptvyi-nasil-degistirecek\/","og_site_name":"At\u0131f \u00dcnald\u0131","article_publisher":"https:\/\/www.facebook.com\/atifunaldi","article_author":"https:\/\/www.facebook.com\/atifunaldi","article_published_time":"2011-05-18T12:49:48+00:00","author":"Atif Unaldi","twitter_card":"summary_large_image","twitter_creator":"@https:\/\/twitter.com\/atifunaldi","twitter_site":"@atifunaldi","twitter_misc":{"Yazan:":"Atif Unaldi","Tahmini okuma s\u00fcresi":"4 dakika"},"schema":{"@context":"https:\/\/schema.org","@graph":[{"@type":"Article","@id":"http:\/\/atif.unaldi.org\/blog\/2011\/05\/18\/sosyal-aglar-iptvyi-nasil-degistirecek\/#article","isPartOf":{"@id":"http:\/\/atif.unaldi.org\/blog\/2011\/05\/18\/sosyal-aglar-iptvyi-nasil-degistirecek\/"},"author":{"name":"Atif Unaldi","@id":"http:\/\/atif.unaldi.org\/blog\/#\/schema\/person\/608ed42ecbda2bc5cfdb767ac1db479b"},"headline":"Sosyal A\u011flar IPTV\u2019yi Nas\u0131l De\u011fi\u015ftirecek?","datePublished":"2011-05-18T12:49:48+00:00","mainEntityOfPage":{"@id":"http:\/\/atif.unaldi.org\/blog\/2011\/05\/18\/sosyal-aglar-iptvyi-nasil-degistirecek\/"},"wordCount":785,"publisher":{"@id":"http:\/\/atif.unaldi.org\/blog\/#\/schema\/person\/608ed42ecbda2bc5cfdb767ac1db479b"},"articleSection":["Blog Yaz\u0131lar\u0131"],"inLanguage":"tr"},{"@type":"WebPage","@id":"http:\/\/atif.unaldi.org\/blog\/2011\/05\/18\/sosyal-aglar-iptvyi-nasil-degistirecek\/","url":"http:\/\/atif.unaldi.org\/blog\/2011\/05\/18\/sosyal-aglar-iptvyi-nasil-degistirecek\/","name":"Sosyal A\u011flar IPTV\u2019yi Nas\u0131l De\u011fi\u015ftirecek? - At\u0131f \u00dcnald\u0131","isPartOf":{"@id":"http:\/\/atif.unaldi.org\/blog\/#website"},"datePublished":"2011-05-18T12:49:48+00:00","breadcrumb":{"@id":"http:\/\/atif.unaldi.org\/blog\/2011\/05\/18\/sosyal-aglar-iptvyi-nasil-degistirecek\/#breadcrumb"},"inLanguage":"tr","potentialAction":[{"@type":"ReadAction","target":["http:\/\/atif.unaldi.org\/blog\/2011\/05\/18\/sosyal-aglar-iptvyi-nasil-degistirecek\/"]}]},{"@type":"BreadcrumbList","@id":"http:\/\/atif.unaldi.org\/blog\/2011\/05\/18\/sosyal-aglar-iptvyi-nasil-degistirecek\/#breadcrumb","itemListElement":[{"@type":"ListItem","position":1,"name":"Anasayfa","item":"http:\/\/atif.unaldi.org\/blog\/"},{"@type":"ListItem","position":2,"name":"Sosyal A\u011flar IPTV\u2019yi Nas\u0131l De\u011fi\u015ftirecek?"}]},{"@type":"WebSite","@id":"http:\/\/atif.unaldi.org\/blog\/#website","url":"http:\/\/atif.unaldi.org\/blog\/","name":"At\u0131f \u00dcnald\u0131","description":"Yazar","publisher":{"@id":"http:\/\/atif.unaldi.org\/blog\/#\/schema\/person\/608ed42ecbda2bc5cfdb767ac1db479b"},"alternateName":"At\u0131f \u00dcnald\u0131 Blog","potentialAction":[{"@type":"SearchAction","target":{"@type":"EntryPoint","urlTemplate":"http:\/\/atif.unaldi.org\/blog\/?s={search_term_string}"},"query-input":{"@type":"PropertyValueSpecification","valueRequired":true,"valueName":"search_term_string"}}],"inLanguage":"tr"},{"@type":["Person","Organization"],"@id":"http:\/\/atif.unaldi.org\/blog\/#\/schema\/person\/608ed42ecbda2bc5cfdb767ac1db479b","name":"Atif Unaldi","image":{"@type":"ImageObject","inLanguage":"tr","@id":"http:\/\/atif.unaldi.org\/blog\/#\/schema\/person\/image\/","url":"http:\/\/atif.unaldi.org\/blog\/wp-content\/uploads\/2022\/10\/cropped-a94e8f7a-67c4-4d65-8a5f-032ba784be53-2.jpg","contentUrl":"http:\/\/atif.unaldi.org\/blog\/wp-content\/uploads\/2022\/10\/cropped-a94e8f7a-67c4-4d65-8a5f-032ba784be53-2.jpg","width":512,"height":512,"caption":"Atif Unaldi"},"logo":{"@id":"http:\/\/atif.unaldi.org\/blog\/#\/schema\/person\/image\/"},"description":"Bo\u011fazi\u00e7i \u00dcniversitesinde Fizik B\u00f6l\u00fcm\u00fc\u2019nde e\u011fitim ald\u0131\u011f\u0131 y\u0131llarda T\u00fcrkiye\u2019de ilk kez iki bilgisayar\u0131 telefon hatlar\u0131 \u00fczerinden konu\u015fturan BBS sistemini kurarak, T\u00fcrkiye\u2019deki ilk internet a\u011f\u0131n\u0131 olu\u015fturmu\u015ftur. Bir \u00e7ok radyo ve televizyonda program yap\u0131mc\u0131l\u0131\u011f\u0131 ve sunuculu\u011funu, bir \u00e7ok teknoloji dergisinde k\u00f6\u015fe yazarl\u0131\u011f\u0131, bili\u015fim edit\u00f6rl\u00fc\u011f\u00fc ve genel yay\u0131n y\u00f6netmenli\u011fi yapt\u0131. T\u00fcrkiye\u2019deki ilk internet servis sa\u011flay\u0131c\u0131s\u0131n\u0131n genel m\u00fcd\u00fcrl\u00fc\u011f\u00fcn\u00fc \u00fcstlendi. Bir \u00e7ok organizasyon ve kurulu\u015fta internet s\u00fcperviz\u00f6rl\u00fc\u011f\u00fc , webmaster\u2019l\u0131\u011f\u0131 , IT direkt\u00f6rl\u00fc\u011f\u00fc ve dijital projeler koordinat\u00f6rl\u00fc\u011f\u00fc g\u00f6revlerinde bulundu. Farkl\u0131 \u00fcniversitelerin farkl\u0131 fak\u00fcltelerinde \u00f6\u011fretim g\u00f6revlisi olarak bulunmu\u015f olan \u00dcnald\u0131; \u015fu an teknoloji ve pazarlama konular\u0131 ba\u015fta olmak \u00fczere bir\u00e7ok alanda hizmet veren Unaldi Consultancy\u2019nin kurucusudur. \u2028Selin \u00dcnald\u0131 ile evlidir. Su ve Toprak isminde iki \u00e7ocu\u011fu vard\u0131r.","sameAs":["http:\/\/atif.unaldi.org\/blog","https:\/\/www.facebook.com\/atifunaldi","https:\/\/www.instagram.com\/atifunaldi\/","https:\/\/www.linkedin.com\/in\/atifunaldi","https:\/\/x.com\/https:\/\/twitter.com\/atifunaldi","https:\/\/www.youtube.com\/c\/atifunaldi","https:\/\/soundcloud.com\/atif-unaldi","https:\/\/atifunaldi.tumblr.com"],"url":"http:\/\/atif.unaldi.org\/blog\/author\/atifunaldi\/"}]}},"jetpack_featured_media_url":"","_links":{"self":[{"href":"http:\/\/atif.unaldi.org\/blog\/wp-json\/wp\/v2\/posts\/5836","targetHints":{"allow":["GET"]}}],"collection":[{"href":"http:\/\/atif.unaldi.org\/blog\/wp-json\/wp\/v2\/posts"}],"about":[{"href":"http:\/\/atif.unaldi.org\/blog\/wp-json\/wp\/v2\/types\/post"}],"author":[{"embeddable":true,"href":"http:\/\/atif.unaldi.org\/blog\/wp-json\/wp\/v2\/users\/2"}],"replies":[{"embeddable":true,"href":"http:\/\/atif.unaldi.org\/blog\/wp-json\/wp\/v2\/comments?post=5836"}],"version-history":[{"count":0,"href":"http:\/\/atif.unaldi.org\/blog\/wp-json\/wp\/v2\/posts\/5836\/revisions"}],"wp:attachment":[{"href":"http:\/\/atif.unaldi.org\/blog\/wp-json\/wp\/v2\/media?parent=5836"}],"wp:term":[{"taxonomy":"category","embeddable":true,"href":"http:\/\/atif.unaldi.org\/blog\/wp-json\/wp\/v2\/categories?post=5836"},{"taxonomy":"post_tag","embeddable":true,"href":"http:\/\/atif.unaldi.org\/blog\/wp-json\/wp\/v2\/tags?post=5836"}],"curies":[{"name":"wp","href":"https:\/\/api.w.org\/{rel}","templated":true}]}}