{"id":5838,"date":"2011-05-18T12:51:48","date_gmt":"2011-05-18T12:51:48","guid":{"rendered":"http:\/\/iptvnedir.atifunaldi.info\/?p=84"},"modified":"2011-05-18T12:51:48","modified_gmt":"2011-05-18T12:51:48","slug":"kamu-icin-iptv","status":"publish","type":"post","link":"http:\/\/atif.unaldi.org\/blog\/2011\/05\/18\/kamu-icin-iptv\/","title":{"rendered":"Kamu \u0130\u00e7in IPTV"},"content":{"rendered":"<p><strong>E-devlet uygulamalar\u0131na kar\u0131\u015f\u0131k olmayan \u00e7\u00f6z\u00fcm\u00fcn yolu<\/strong><\/p>\n<p><strong>\u00a0<\/strong><\/p>\n<p>IPTV sadece \u00f6zel sekt\u00f6r\u00fcn i\u015fine yarayacak bir konu de\u011fil. Asl\u0131nda devletlerin de bu konularda ciddi \u00e7al\u0131\u015fmalar yapmas\u0131 ve kamuyu bilgilendirmesi a\u00e7\u0131s\u0131ndan baz\u0131 faaliyetlerde bulunmas\u0131 gerekiyor gibi g\u00f6r\u00fcn\u00fcyor. Biliyorsunuz devletlerin en \u00f6nemli faaliyet alanlar\u0131ndan birisi vatanda\u015f\u0131 bilgilendirme ve gerekli olan konularda y\u00f6netimsel bilgilerini ve uyar\u0131lar\u0131n\u0131 vatanda\u015fa ula\u015ft\u0131rabilme durumudur. Bunun i\u00e7in belli bir d\u00f6nem \u00f6nceye kadar ilanlar kullan\u0131l\u0131rken daha sonra internetin de devreye girmesiyle birlikte internet \u00fczerinden e-mailler arac\u0131l\u0131\u011f\u0131yla insanlara bilgi veren bir yap\u0131n\u0131n olu\u015fmas\u0131 sa\u011flanmaya \u00e7al\u0131\u015f\u0131ld\u0131 hatta daha sonra e-devlet yap\u0131lar\u0131n\u0131n da bir par\u00e7a faaliyete ge\u00e7ti\u011fini g\u00f6rebiliyoruz. Ancak faaliyete ge\u00e7en bu yap\u0131lar ne kadar do\u011fru yap\u0131land\u0131, ne kadar i\u015fe yarar hale geldi ve T\u00fcrkiye gibi bir \u00fclkede bu yap\u0131lar\u0131n kullan\u0131m oranlar\u0131 nedir diye sorarsan\u0131z bu tarafta umut verici rakamlar g\u00f6r\u00fcnm\u00fcyor.<\/p>\n<p><strong>\u201cIPTV ile birlikte televizyon kullanmay\u0131 bilen bir ki\u015fi bile e-devlet projelerinden yararlanabilir ve kendisiyle ilgili d\u00fczenlemeleri h\u0131zl\u0131ca \u00f6\u011frenebilme imk\u00e2n\u0131na sahip olabilir.\u201d<\/strong><\/p>\n<p><strong>\u00a0<\/strong><\/p>\n<p>Bu nedenle IPTV\u2019nin bu alanda da \u00f6nemli bir a\u00e7\u0131\u011f\u0131 kapataca\u011f\u0131n\u0131 tahmin ediyorum \u00e7\u00fcnk\u00fc e-devlet uygulamalar\u0131n\u0131 kullanabilmek i\u00e7in gerekli olan kar\u0131\u015f\u0131k internet bilgisi ve internet kullanabilme yetkisi IPTV ile birlikte ortadan kalk\u0131yor. Bunun yerine IPTV ile birlikte televizyon kullanmay\u0131 bilen bir ki\u015fi bile e-devlet projelerinden yararlanabilecek ve kendisiyle ilgili d\u00fczenlemeleri h\u0131zl\u0131ca \u00f6\u011frenebilme imk\u00e2n\u0131na sahip olabilecek. Tabii burada \u00f6nemli k\u0131s\u0131mlardan birisi de e-imza ve sorgulama sistemleri arac\u0131l\u0131\u011f\u0131yla yap\u0131labilecek doland\u0131r\u0131c\u0131l\u0131k faaliyetlerinin \u00f6nlenebilmesi durumudur. E-devlet projelerindeki bir\u00e7ok g\u00fcvenlik a\u00e7\u0131\u011f\u0131n\u0131n insanlara zarar verdi\u011fi yak\u0131n bir zamanda <strong>Mernis Projeleri\u2019nin<\/strong> i\u00e7indeki g\u00fcvenlik a\u00e7\u0131klar\u0131ndan kaynaklanarak vatanda\u015flar\u0131n bilgilerinin veri taban\u0131 \u00fczerinde tutulmas\u0131 noktas\u0131nda g\u00f6rm\u00fc\u015f olduk.<\/p>\n<p>Bu nedenle e-devlet projelerinin bu taraf\u0131yla da IPTV \u00fczerinden ger\u00e7ekle\u015ftirildi\u011finde b\u00fcy\u00fck rahatl\u0131k sa\u011flayaca\u011f\u0131n\u0131 tahmin ediyorum. Bunun sebebi bu doland\u0131r\u0131c\u0131l\u0131k y\u00f6ntemlerinin \u00e7o\u011funun internet gibi bir ortamda \u2018IP\u2019 \u00fczerinden ger\u00e7ekle\u015ftirilen <strong>kimlik do\u011frulama (authentication) taraf\u0131ndan<\/strong> dolay\u0131 kar\u015f\u0131 taraf\u0131 bilememekten kaynakland\u0131\u011f\u0131n\u0131 tahmin ediyorum. IPTV ile birlikte bu sorun da ortadan kalkacak. \u00c7\u00fcnk\u00fc IPTV ile birlikte kar\u015f\u0131 taraf\u0131n kim oldu\u011funu ve neredeyse adresine kadar bilme imk\u00e2n\u0131na sahip olaca\u011f\u0131z. Ayr\u0131ca otantikasyon bilgisi daha kolay elde edilebilir bir hale gelecek ve e-devlet projeleri IPTV \u00fczerinden \u00e7al\u0131\u015ft\u0131\u011f\u0131nda devletin vatanda\u015f\u0131n\u0131 do\u011fru \u015fekilde otantike etti\u011fi ve kim oldu\u011funu anlayabildi\u011fi bir yap\u0131 haline gelecek. Tabii e-devlet projelerinin IPTV \u00fczerinden \u00e7al\u0131\u015ft\u0131r\u0131lmas\u0131 noktas\u0131nda neler yap\u0131lmas\u0131 noktas\u0131na gelince; tabii ki buradaki IPTV kanal\u0131ndan kast\u0131m\u0131z; standart al\u0131\u015ft\u0131\u011f\u0131m\u0131z bir canl\u0131 yay\u0131n ya da yay\u0131n y\u00f6ntemiyle yap\u0131lan bir kanal de\u011fildir, daha \u00e7ok dijital platformlarda g\u00f6rmeye al\u0131\u015f\u0131k oldu\u011fumuz katma de\u011ferli servisler k\u0131sm\u0131nda incelenebilecek interaktif kanallardan bahsediyoruz. \u0130nteraktif kanallar arac\u0131l\u0131\u011f\u0131yla bir\u00e7ok bilgiye ula\u015fabilme imk\u00e2n\u0131na sahip olabilece\u011fimiz bir teknolojiyi biliyoruz. Ancak bir\u00e7ok dijital platform cihaz\u0131n\u0131n arka taraf\u0131ndaki feedback k\u0131sm\u0131n\u0131n \u00e7al\u0131\u015fmamas\u0131ndan ve internet ba\u011flant\u0131s\u0131n\u0131n tam olarak olmamas\u0131ndan dolay\u0131 set \u00fcst\u00fc kutular\u0131ndan kar\u015f\u0131 tarafa yani merkeze bilginin <strong>ula\u015ft\u0131r\u0131lmas\u0131 zor oldu\u011fu i\u00e7in dijital platformlar etkisiz kal\u0131yor. B\u00fcy\u00fck bir \u00e7o\u011funlukla sadece merkezden set-top kutular\u0131yla ilgili bilgi aktar\u0131m\u0131 i\u00e7in kullan\u0131l\u0131yor.<\/strong><\/p>\n<p>Ancak IPTV \u00fczerinden normal \u015fartlarda her iki tarafa bilgi aktar\u0131m\u0131n\u0131n sahip olabilece\u011fi bir teknoloji ortamda bulunuyor. Bu nedenle ancak IPTV s\u00f6z konusu oldu\u011funda zaten her \u015fey internet \u00fczerinden ger\u00e7ekle\u015fece\u011fi i\u00e7in b\u00fct\u00fcn yap\u0131 do\u011fas\u0131 gere\u011fi \u00e7ift tarafl\u0131. Dolay\u0131s\u0131yla bu \u00e7ift tarafl\u0131 yakla\u015f\u0131m\u0131n sonucu olarak IPTV \u00fczerinden e-devlet projelerini ve interaktif kanallar\u0131 interaktif \u015fekilde \u00e7al\u0131\u015ft\u0131rabilmek m\u00fcmk\u00fcn hale geliyor olacak. Tabii e-devlet projelerinin yan\u0131 s\u0131ra kamu faaliyetlerinin en \u00f6nemli b\u00f6l\u00fcmlerinden birisinin e-belediyeler taraf\u0131ndan ger\u00e7ekle\u015ftirildi\u011fini unutmamak laz\u0131m.<\/p>\n<p><strong>Belediyelere ve yerel y\u00f6netimlere IPTV deste\u011fi<\/strong><\/p>\n<p><strong>\u00a0<\/strong><\/p>\n<p>\u00d6zellikle belediyeler ve yerel y\u00f6netimler de IPTV \u00fczerinden bir\u00e7ok bilgiyi vatanda\u015fa ula\u015ft\u0131rabilme imk\u00e2n\u0131na sahip olacaklar. Bu noktada belediyelerin zaten bir televizyon kurma hakk\u0131n\u0131n oldu\u011funu hali haz\u0131rdaki yasa gere\u011fi biliyoruz. Dolay\u0131s\u0131yla bu yasan\u0131n da devam\u0131 olarak belediyelerin IPTV uygulamalar\u0131n\u0131 ger\u00e7ekle\u015ftirebilecekleri yeni platformlar\u0131n olu\u015faca\u011f\u0131n\u0131 da tahmin ediyorum. Belediyeler a\u00e7\u0131s\u0131ndan bak\u0131ld\u0131\u011f\u0131 zaman, belediye faaliyetlerinin vatanda\u015fa duyurulmas\u0131 a\u015famas\u0131nda, vergilerin ve vatanda\u015flar\u0131n y\u00fck\u00fcml\u00fcl\u00fcklerinin duyurulmas\u0131 a\u015famas\u0131nda bir\u00e7ok bilgiyi ula\u015ft\u0131rabilece\u011fi bir kanal olaca\u011f\u0131n\u0131 d\u00fc\u015f\u00fcn\u00fcyorum. Bir\u00e7ok Anadolu \u015fehrinde <strong>Murdoch\u2019\u0131n da <\/strong>i\u015faret etti\u011fi \u00fczere yerel kanallar\u0131n seyredilme oranlar\u0131n\u0131n \u00e7ok y\u00fcksek oldu\u011funu g\u00f6r\u00fcyoruz. Ancak buna ra\u011fmen yerel televizyonlar\u0131n reklam gelirlerinin de \u00e7ok d\u00fc\u015f\u00fck oldu\u011funu rahat\u00e7a g\u00f6r\u00fcyoruz. Yerel kanallar\u0131n izlenme oranlar\u0131na bakt\u0131\u011f\u0131n\u0131z zaman bir\u00e7ok \u015fehirde say\u0131ca fazla yerel kanal\u0131n olmas\u0131 ne kadar \u00e7ok izlenildi\u011finin ve prime time zaman\u0131nda \u00f6zellikle yerel kanallara daha fazla ilgi g\u00f6sterildi\u011finin en g\u00fczel belirleyicisi olarak kar\u015f\u0131m\u0131za \u00e7\u0131k\u0131yor.<\/p>\n<p>Bunun en \u00f6nemli sebeplerinden birisi ulusal kanallar\u0131n o saatlerde \u00f6zellikle \u0130stanbul ve \u0130stanbul i\u00e7indeki insanlar\u0131 ilgilendirebilecek haberleri ve bilgileri vermesinden kaynaklan\u0131yor. Ancak bir\u00e7ok Anadolu \u015fehrinde ya\u015fayan insan kendi \u015fehirleriyle ilgili sorunlar\u0131 ve \u00e7\u00f6z\u00fcmleri, g\u00fcnl\u00fck haberleri izlemeyi ulusal kanallardaki haberlerden daha \u00e7ok tercih eder hale geldiler. Bu sebepten dolay\u0131 yerel kanallar ya da Anadolu \u015fehirleri i\u00e7in IPTV uygulamalar\u0131n\u0131n ciddi bir faaliyet alan\u0131 oldu\u011funu tahmin ediyorum. Ayr\u0131ca \u015funu da atlamamak gerekiyor; yerel kanallar\u0131n bir\u00e7o\u011funun o \u015fehrin hem\u015ferisi olan ancak o \u015fehirde bulunmayan ki\u015filere ula\u015ft\u0131r\u0131lmas\u0131 da b\u00fcy\u00fck bir problem. Yak\u0131n bir zamanda \u00e7o\u011fu insan taraf\u0131ndan \u00f6\u011frenilebilen bir D\u00fc\u011f\u00fcn TV olay\u0131 s\u00f6z konusu ki; D\u00fc\u011f\u00fcn TV uydu \u00fczerinden Anadolu\u2019da yap\u0131lan herhangi bir d\u00fc\u011f\u00fcn\u00fc belirli bir saat aral\u0131\u011f\u0131nda yay\u0131nl\u0131yor ve bu yay\u0131n\u0131n o \u015fehirde bulunmayan ve o d\u00fc\u011f\u00fcne ula\u015fma imk\u00e2n\u0131 olmayan ki\u015filer taraf\u0131ndan izlendi\u011fini duyuyoruz. D\u00fc\u011f\u00fcn TV bu noktada b\u00fcy\u00fck bir ba\u015far\u0131ya da imza atm\u0131\u015f durumda. \u00c7\u00fcnk\u00fc bu sayede uydunun maliyetlerini kar\u015f\u0131lad\u0131\u011f\u0131 gibi k\u00e2ra ge\u00e7me imk\u00e2n\u0131na sahip oluyor ve izleyicilerde daha \u00e7ok do\u011fdu\u011fu \u015fehirde bulunamayan Avrupa\u2019da bulunan insanlar oluyor. Tabii uydu \u00fczerinden maliyetlere bak\u0131ld\u0131\u011f\u0131 zaman bu maliyetlerin \u00e7ok b\u00fcy\u00fck oldu\u011funu g\u00f6rebiliyoruz. Bu durumda IPTV taraf\u0131nda bu maliyetlerin daha d\u00fc\u015f\u00fck oldu\u011funu da g\u00f6z \u00f6n\u00fcne al\u0131rsak, IPTV \u00fczerinden bu faaliyeti ger\u00e7ekle\u015ftirmek \u00f6n\u00fcm\u00fczdeki d\u00f6nemde \u00e7ok daha ak\u0131ll\u0131ca olacakt\u0131r.<\/p>\n<p><strong><br \/>\n<\/strong><\/p>\n","protected":false},"excerpt":{"rendered":"<p>E-devlet uygulamalar\u0131na kar\u0131\u015f\u0131k olmayan \u00e7\u00f6z\u00fcm\u00fcn yolu \u00a0 IPTV sadece \u00f6zel sekt\u00f6r\u00fcn i\u015fine yarayacak bir konu de\u011fil. Asl\u0131nda devletlerin de bu konularda ciddi \u00e7al\u0131\u015fmalar yapmas\u0131 ve kamuyu bilgilendirmesi a\u00e7\u0131s\u0131ndan baz\u0131 faaliyetlerde bulunmas\u0131 gerekiyor gibi g\u00f6r\u00fcn\u00fcyor. Biliyorsunuz&#8230;<\/p>\n","protected":false},"author":2,"featured_media":0,"comment_status":"closed","ping_status":"open","sticky":false,"template":"","format":"standard","meta":{"footnotes":""},"categories":[2],"tags":[],"class_list":["post-5838","post","type-post","status-publish","format-standard","hentry","category-blog-yazilari"],"yoast_head":"<!-- This site is optimized with the Yoast SEO plugin v26.8 - https:\/\/yoast.com\/product\/yoast-seo-wordpress\/ -->\n<title>Kamu \u0130\u00e7in IPTV - At\u0131f \u00dcnald\u0131<\/title>\n<meta name=\"robots\" content=\"index, follow, max-snippet:-1, max-image-preview:large, max-video-preview:-1\" \/>\n<link rel=\"canonical\" href=\"http:\/\/atif.unaldi.org\/blog\/2011\/05\/18\/kamu-icin-iptv\/\" \/>\n<meta property=\"og:locale\" content=\"tr_TR\" \/>\n<meta property=\"og:type\" content=\"article\" \/>\n<meta property=\"og:title\" content=\"Kamu \u0130\u00e7in IPTV - At\u0131f \u00dcnald\u0131\" \/>\n<meta property=\"og:description\" content=\"E-devlet uygulamalar\u0131na kar\u0131\u015f\u0131k olmayan \u00e7\u00f6z\u00fcm\u00fcn yolu \u00a0 IPTV sadece \u00f6zel sekt\u00f6r\u00fcn i\u015fine yarayacak bir konu de\u011fil. Asl\u0131nda devletlerin de bu konularda ciddi \u00e7al\u0131\u015fmalar yapmas\u0131 ve kamuyu bilgilendirmesi a\u00e7\u0131s\u0131ndan baz\u0131 faaliyetlerde bulunmas\u0131 gerekiyor gibi g\u00f6r\u00fcn\u00fcyor. Biliyorsunuz...\" \/>\n<meta property=\"og:url\" content=\"http:\/\/atif.unaldi.org\/blog\/2011\/05\/18\/kamu-icin-iptv\/\" \/>\n<meta property=\"og:site_name\" content=\"At\u0131f \u00dcnald\u0131\" \/>\n<meta property=\"article:publisher\" content=\"https:\/\/www.facebook.com\/atifunaldi\" \/>\n<meta property=\"article:author\" content=\"https:\/\/www.facebook.com\/atifunaldi\" \/>\n<meta property=\"article:published_time\" content=\"2011-05-18T12:51:48+00:00\" \/>\n<meta name=\"author\" content=\"Atif Unaldi\" \/>\n<meta name=\"twitter:card\" content=\"summary_large_image\" \/>\n<meta name=\"twitter:creator\" content=\"@https:\/\/twitter.com\/atifunaldi\" \/>\n<meta name=\"twitter:site\" content=\"@atifunaldi\" \/>\n<meta name=\"twitter:label1\" content=\"Yazan:\" \/>\n\t<meta name=\"twitter:data1\" content=\"Atif Unaldi\" \/>\n\t<meta name=\"twitter:label2\" content=\"Tahmini okuma s\u00fcresi\" \/>\n\t<meta name=\"twitter:data2\" content=\"6 dakika\" \/>\n<script type=\"application\/ld+json\" class=\"yoast-schema-graph\">{\"@context\":\"https:\/\/schema.org\",\"@graph\":[{\"@type\":\"Article\",\"@id\":\"http:\/\/atif.unaldi.org\/blog\/2011\/05\/18\/kamu-icin-iptv\/#article\",\"isPartOf\":{\"@id\":\"http:\/\/atif.unaldi.org\/blog\/2011\/05\/18\/kamu-icin-iptv\/\"},\"author\":{\"name\":\"Atif Unaldi\",\"@id\":\"http:\/\/atif.unaldi.org\/blog\/#\/schema\/person\/608ed42ecbda2bc5cfdb767ac1db479b\"},\"headline\":\"Kamu \u0130\u00e7in IPTV\",\"datePublished\":\"2011-05-18T12:51:48+00:00\",\"mainEntityOfPage\":{\"@id\":\"http:\/\/atif.unaldi.org\/blog\/2011\/05\/18\/kamu-icin-iptv\/\"},\"wordCount\":1218,\"publisher\":{\"@id\":\"http:\/\/atif.unaldi.org\/blog\/#\/schema\/person\/608ed42ecbda2bc5cfdb767ac1db479b\"},\"articleSection\":[\"Blog Yaz\u0131lar\u0131\"],\"inLanguage\":\"tr\"},{\"@type\":\"WebPage\",\"@id\":\"http:\/\/atif.unaldi.org\/blog\/2011\/05\/18\/kamu-icin-iptv\/\",\"url\":\"http:\/\/atif.unaldi.org\/blog\/2011\/05\/18\/kamu-icin-iptv\/\",\"name\":\"Kamu \u0130\u00e7in IPTV - At\u0131f \u00dcnald\u0131\",\"isPartOf\":{\"@id\":\"http:\/\/atif.unaldi.org\/blog\/#website\"},\"datePublished\":\"2011-05-18T12:51:48+00:00\",\"breadcrumb\":{\"@id\":\"http:\/\/atif.unaldi.org\/blog\/2011\/05\/18\/kamu-icin-iptv\/#breadcrumb\"},\"inLanguage\":\"tr\",\"potentialAction\":[{\"@type\":\"ReadAction\",\"target\":[\"http:\/\/atif.unaldi.org\/blog\/2011\/05\/18\/kamu-icin-iptv\/\"]}]},{\"@type\":\"BreadcrumbList\",\"@id\":\"http:\/\/atif.unaldi.org\/blog\/2011\/05\/18\/kamu-icin-iptv\/#breadcrumb\",\"itemListElement\":[{\"@type\":\"ListItem\",\"position\":1,\"name\":\"Anasayfa\",\"item\":\"http:\/\/atif.unaldi.org\/blog\/\"},{\"@type\":\"ListItem\",\"position\":2,\"name\":\"Kamu \u0130\u00e7in IPTV\"}]},{\"@type\":\"WebSite\",\"@id\":\"http:\/\/atif.unaldi.org\/blog\/#website\",\"url\":\"http:\/\/atif.unaldi.org\/blog\/\",\"name\":\"At\u0131f \u00dcnald\u0131\",\"description\":\"Yazar\",\"publisher\":{\"@id\":\"http:\/\/atif.unaldi.org\/blog\/#\/schema\/person\/608ed42ecbda2bc5cfdb767ac1db479b\"},\"alternateName\":\"At\u0131f \u00dcnald\u0131 Blog\",\"potentialAction\":[{\"@type\":\"SearchAction\",\"target\":{\"@type\":\"EntryPoint\",\"urlTemplate\":\"http:\/\/atif.unaldi.org\/blog\/?s={search_term_string}\"},\"query-input\":{\"@type\":\"PropertyValueSpecification\",\"valueRequired\":true,\"valueName\":\"search_term_string\"}}],\"inLanguage\":\"tr\"},{\"@type\":[\"Person\",\"Organization\"],\"@id\":\"http:\/\/atif.unaldi.org\/blog\/#\/schema\/person\/608ed42ecbda2bc5cfdb767ac1db479b\",\"name\":\"Atif Unaldi\",\"image\":{\"@type\":\"ImageObject\",\"inLanguage\":\"tr\",\"@id\":\"http:\/\/atif.unaldi.org\/blog\/#\/schema\/person\/image\/\",\"url\":\"http:\/\/atif.unaldi.org\/blog\/wp-content\/uploads\/2022\/10\/cropped-a94e8f7a-67c4-4d65-8a5f-032ba784be53-2.jpg\",\"contentUrl\":\"http:\/\/atif.unaldi.org\/blog\/wp-content\/uploads\/2022\/10\/cropped-a94e8f7a-67c4-4d65-8a5f-032ba784be53-2.jpg\",\"width\":512,\"height\":512,\"caption\":\"Atif Unaldi\"},\"logo\":{\"@id\":\"http:\/\/atif.unaldi.org\/blog\/#\/schema\/person\/image\/\"},\"description\":\"Bo\u011fazi\u00e7i \u00dcniversitesinde Fizik B\u00f6l\u00fcm\u00fc\u2019nde e\u011fitim ald\u0131\u011f\u0131 y\u0131llarda T\u00fcrkiye\u2019de ilk kez iki bilgisayar\u0131 telefon hatlar\u0131 \u00fczerinden konu\u015fturan BBS sistemini kurarak, T\u00fcrkiye\u2019deki ilk internet a\u011f\u0131n\u0131 olu\u015fturmu\u015ftur. Bir \u00e7ok radyo ve televizyonda program yap\u0131mc\u0131l\u0131\u011f\u0131 ve sunuculu\u011funu, bir \u00e7ok teknoloji dergisinde k\u00f6\u015fe yazarl\u0131\u011f\u0131, bili\u015fim edit\u00f6rl\u00fc\u011f\u00fc ve genel yay\u0131n y\u00f6netmenli\u011fi yapt\u0131. T\u00fcrkiye\u2019deki ilk internet servis sa\u011flay\u0131c\u0131s\u0131n\u0131n genel m\u00fcd\u00fcrl\u00fc\u011f\u00fcn\u00fc \u00fcstlendi. Bir \u00e7ok organizasyon ve kurulu\u015fta internet s\u00fcperviz\u00f6rl\u00fc\u011f\u00fc , webmaster\u2019l\u0131\u011f\u0131 , IT direkt\u00f6rl\u00fc\u011f\u00fc ve dijital projeler koordinat\u00f6rl\u00fc\u011f\u00fc g\u00f6revlerinde bulundu. Farkl\u0131 \u00fcniversitelerin farkl\u0131 fak\u00fcltelerinde \u00f6\u011fretim g\u00f6revlisi olarak bulunmu\u015f olan \u00dcnald\u0131; \u015fu an teknoloji ve pazarlama konular\u0131 ba\u015fta olmak \u00fczere bir\u00e7ok alanda hizmet veren Unaldi Consultancy\u2019nin kurucusudur. \\u2028Selin \u00dcnald\u0131 ile evlidir. Su ve Toprak isminde iki \u00e7ocu\u011fu vard\u0131r.\",\"sameAs\":[\"http:\/\/atif.unaldi.org\/blog\",\"https:\/\/www.facebook.com\/atifunaldi\",\"https:\/\/www.instagram.com\/atifunaldi\/\",\"https:\/\/www.linkedin.com\/in\/atifunaldi\",\"https:\/\/x.com\/https:\/\/twitter.com\/atifunaldi\",\"https:\/\/www.youtube.com\/c\/atifunaldi\",\"https:\/\/soundcloud.com\/atif-unaldi\",\"https:\/\/atifunaldi.tumblr.com\"],\"url\":\"http:\/\/atif.unaldi.org\/blog\/author\/atifunaldi\/\"}]}<\/script>\n<!-- \/ Yoast SEO plugin. -->","yoast_head_json":{"title":"Kamu \u0130\u00e7in IPTV - At\u0131f \u00dcnald\u0131","robots":{"index":"index","follow":"follow","max-snippet":"max-snippet:-1","max-image-preview":"max-image-preview:large","max-video-preview":"max-video-preview:-1"},"canonical":"http:\/\/atif.unaldi.org\/blog\/2011\/05\/18\/kamu-icin-iptv\/","og_locale":"tr_TR","og_type":"article","og_title":"Kamu \u0130\u00e7in IPTV - At\u0131f \u00dcnald\u0131","og_description":"E-devlet uygulamalar\u0131na kar\u0131\u015f\u0131k olmayan \u00e7\u00f6z\u00fcm\u00fcn yolu \u00a0 IPTV sadece \u00f6zel sekt\u00f6r\u00fcn i\u015fine yarayacak bir konu de\u011fil. Asl\u0131nda devletlerin de bu konularda ciddi \u00e7al\u0131\u015fmalar yapmas\u0131 ve kamuyu bilgilendirmesi a\u00e7\u0131s\u0131ndan baz\u0131 faaliyetlerde bulunmas\u0131 gerekiyor gibi g\u00f6r\u00fcn\u00fcyor. Biliyorsunuz...","og_url":"http:\/\/atif.unaldi.org\/blog\/2011\/05\/18\/kamu-icin-iptv\/","og_site_name":"At\u0131f \u00dcnald\u0131","article_publisher":"https:\/\/www.facebook.com\/atifunaldi","article_author":"https:\/\/www.facebook.com\/atifunaldi","article_published_time":"2011-05-18T12:51:48+00:00","author":"Atif Unaldi","twitter_card":"summary_large_image","twitter_creator":"@https:\/\/twitter.com\/atifunaldi","twitter_site":"@atifunaldi","twitter_misc":{"Yazan:":"Atif Unaldi","Tahmini okuma s\u00fcresi":"6 dakika"},"schema":{"@context":"https:\/\/schema.org","@graph":[{"@type":"Article","@id":"http:\/\/atif.unaldi.org\/blog\/2011\/05\/18\/kamu-icin-iptv\/#article","isPartOf":{"@id":"http:\/\/atif.unaldi.org\/blog\/2011\/05\/18\/kamu-icin-iptv\/"},"author":{"name":"Atif Unaldi","@id":"http:\/\/atif.unaldi.org\/blog\/#\/schema\/person\/608ed42ecbda2bc5cfdb767ac1db479b"},"headline":"Kamu \u0130\u00e7in IPTV","datePublished":"2011-05-18T12:51:48+00:00","mainEntityOfPage":{"@id":"http:\/\/atif.unaldi.org\/blog\/2011\/05\/18\/kamu-icin-iptv\/"},"wordCount":1218,"publisher":{"@id":"http:\/\/atif.unaldi.org\/blog\/#\/schema\/person\/608ed42ecbda2bc5cfdb767ac1db479b"},"articleSection":["Blog Yaz\u0131lar\u0131"],"inLanguage":"tr"},{"@type":"WebPage","@id":"http:\/\/atif.unaldi.org\/blog\/2011\/05\/18\/kamu-icin-iptv\/","url":"http:\/\/atif.unaldi.org\/blog\/2011\/05\/18\/kamu-icin-iptv\/","name":"Kamu \u0130\u00e7in IPTV - At\u0131f \u00dcnald\u0131","isPartOf":{"@id":"http:\/\/atif.unaldi.org\/blog\/#website"},"datePublished":"2011-05-18T12:51:48+00:00","breadcrumb":{"@id":"http:\/\/atif.unaldi.org\/blog\/2011\/05\/18\/kamu-icin-iptv\/#breadcrumb"},"inLanguage":"tr","potentialAction":[{"@type":"ReadAction","target":["http:\/\/atif.unaldi.org\/blog\/2011\/05\/18\/kamu-icin-iptv\/"]}]},{"@type":"BreadcrumbList","@id":"http:\/\/atif.unaldi.org\/blog\/2011\/05\/18\/kamu-icin-iptv\/#breadcrumb","itemListElement":[{"@type":"ListItem","position":1,"name":"Anasayfa","item":"http:\/\/atif.unaldi.org\/blog\/"},{"@type":"ListItem","position":2,"name":"Kamu \u0130\u00e7in IPTV"}]},{"@type":"WebSite","@id":"http:\/\/atif.unaldi.org\/blog\/#website","url":"http:\/\/atif.unaldi.org\/blog\/","name":"At\u0131f \u00dcnald\u0131","description":"Yazar","publisher":{"@id":"http:\/\/atif.unaldi.org\/blog\/#\/schema\/person\/608ed42ecbda2bc5cfdb767ac1db479b"},"alternateName":"At\u0131f \u00dcnald\u0131 Blog","potentialAction":[{"@type":"SearchAction","target":{"@type":"EntryPoint","urlTemplate":"http:\/\/atif.unaldi.org\/blog\/?s={search_term_string}"},"query-input":{"@type":"PropertyValueSpecification","valueRequired":true,"valueName":"search_term_string"}}],"inLanguage":"tr"},{"@type":["Person","Organization"],"@id":"http:\/\/atif.unaldi.org\/blog\/#\/schema\/person\/608ed42ecbda2bc5cfdb767ac1db479b","name":"Atif Unaldi","image":{"@type":"ImageObject","inLanguage":"tr","@id":"http:\/\/atif.unaldi.org\/blog\/#\/schema\/person\/image\/","url":"http:\/\/atif.unaldi.org\/blog\/wp-content\/uploads\/2022\/10\/cropped-a94e8f7a-67c4-4d65-8a5f-032ba784be53-2.jpg","contentUrl":"http:\/\/atif.unaldi.org\/blog\/wp-content\/uploads\/2022\/10\/cropped-a94e8f7a-67c4-4d65-8a5f-032ba784be53-2.jpg","width":512,"height":512,"caption":"Atif Unaldi"},"logo":{"@id":"http:\/\/atif.unaldi.org\/blog\/#\/schema\/person\/image\/"},"description":"Bo\u011fazi\u00e7i \u00dcniversitesinde Fizik B\u00f6l\u00fcm\u00fc\u2019nde e\u011fitim ald\u0131\u011f\u0131 y\u0131llarda T\u00fcrkiye\u2019de ilk kez iki bilgisayar\u0131 telefon hatlar\u0131 \u00fczerinden konu\u015fturan BBS sistemini kurarak, T\u00fcrkiye\u2019deki ilk internet a\u011f\u0131n\u0131 olu\u015fturmu\u015ftur. Bir \u00e7ok radyo ve televizyonda program yap\u0131mc\u0131l\u0131\u011f\u0131 ve sunuculu\u011funu, bir \u00e7ok teknoloji dergisinde k\u00f6\u015fe yazarl\u0131\u011f\u0131, bili\u015fim edit\u00f6rl\u00fc\u011f\u00fc ve genel yay\u0131n y\u00f6netmenli\u011fi yapt\u0131. T\u00fcrkiye\u2019deki ilk internet servis sa\u011flay\u0131c\u0131s\u0131n\u0131n genel m\u00fcd\u00fcrl\u00fc\u011f\u00fcn\u00fc \u00fcstlendi. Bir \u00e7ok organizasyon ve kurulu\u015fta internet s\u00fcperviz\u00f6rl\u00fc\u011f\u00fc , webmaster\u2019l\u0131\u011f\u0131 , IT direkt\u00f6rl\u00fc\u011f\u00fc ve dijital projeler koordinat\u00f6rl\u00fc\u011f\u00fc g\u00f6revlerinde bulundu. Farkl\u0131 \u00fcniversitelerin farkl\u0131 fak\u00fcltelerinde \u00f6\u011fretim g\u00f6revlisi olarak bulunmu\u015f olan \u00dcnald\u0131; \u015fu an teknoloji ve pazarlama konular\u0131 ba\u015fta olmak \u00fczere bir\u00e7ok alanda hizmet veren Unaldi Consultancy\u2019nin kurucusudur. \u2028Selin \u00dcnald\u0131 ile evlidir. Su ve Toprak isminde iki \u00e7ocu\u011fu vard\u0131r.","sameAs":["http:\/\/atif.unaldi.org\/blog","https:\/\/www.facebook.com\/atifunaldi","https:\/\/www.instagram.com\/atifunaldi\/","https:\/\/www.linkedin.com\/in\/atifunaldi","https:\/\/x.com\/https:\/\/twitter.com\/atifunaldi","https:\/\/www.youtube.com\/c\/atifunaldi","https:\/\/soundcloud.com\/atif-unaldi","https:\/\/atifunaldi.tumblr.com"],"url":"http:\/\/atif.unaldi.org\/blog\/author\/atifunaldi\/"}]}},"jetpack_featured_media_url":"","_links":{"self":[{"href":"http:\/\/atif.unaldi.org\/blog\/wp-json\/wp\/v2\/posts\/5838","targetHints":{"allow":["GET"]}}],"collection":[{"href":"http:\/\/atif.unaldi.org\/blog\/wp-json\/wp\/v2\/posts"}],"about":[{"href":"http:\/\/atif.unaldi.org\/blog\/wp-json\/wp\/v2\/types\/post"}],"author":[{"embeddable":true,"href":"http:\/\/atif.unaldi.org\/blog\/wp-json\/wp\/v2\/users\/2"}],"replies":[{"embeddable":true,"href":"http:\/\/atif.unaldi.org\/blog\/wp-json\/wp\/v2\/comments?post=5838"}],"version-history":[{"count":0,"href":"http:\/\/atif.unaldi.org\/blog\/wp-json\/wp\/v2\/posts\/5838\/revisions"}],"wp:attachment":[{"href":"http:\/\/atif.unaldi.org\/blog\/wp-json\/wp\/v2\/media?parent=5838"}],"wp:term":[{"taxonomy":"category","embeddable":true,"href":"http:\/\/atif.unaldi.org\/blog\/wp-json\/wp\/v2\/categories?post=5838"},{"taxonomy":"post_tag","embeddable":true,"href":"http:\/\/atif.unaldi.org\/blog\/wp-json\/wp\/v2\/tags?post=5838"}],"curies":[{"name":"wp","href":"https:\/\/api.w.org\/{rel}","templated":true}]}}