{"id":5839,"date":"2011-05-18T12:53:31","date_gmt":"2011-05-18T12:53:31","guid":{"rendered":"http:\/\/iptvnedir.atifunaldi.info\/?p=86"},"modified":"2011-05-18T12:53:31","modified_gmt":"2011-05-18T12:53:31","slug":"iptv-uzerinde-medya-formatlari","status":"publish","type":"post","link":"http:\/\/atif.unaldi.org\/blog\/2011\/05\/18\/iptv-uzerinde-medya-formatlari\/","title":{"rendered":"IPTV \u00dczerinde Medya Formatlar\u0131"},"content":{"rendered":"<p>MPEG<strong> formatlar\u0131 ve codec de\u011fi\u015fimleri<\/strong><\/p>\n<p><strong>\u00a0<\/strong><\/p>\n<p>IPTV \u00fczerinde medya formatlar\u0131ndan bahsetmek i\u00e7in<strong> <\/strong>internet \u00fczerinden video yay\u0131n\u0131n\u0131n yap\u0131ld\u0131\u011f\u0131 uygulamalarla ilgili bilgi sahibi olmakta b\u00fcy\u00fck yarar var. Bu tip uygulamalar\u0131n \u00e7o\u011fu normal al\u0131\u015ft\u0131\u011f\u0131m\u0131z video formatlar\u0131n\u0131n b\u00fcy\u00fck bir k\u0131sm\u0131n\u0131 zaten standart ve do\u011fal olarak\u00a0kullan\u0131yor. Bunlar\u0131n i\u00e7inde yer alan en \u00f6nemlilerinden birisi televizyon yay\u0131n\u0131nda asl\u0131nda arka planda bulunan MPEG teknolojisi. Yani internet \u00fczerinden de \u00f6nce IPTV uygulamalar\u0131ndan da \u00f6nce televizyon taraf\u0131nda bu uygulamalar\u0131n ger\u00e7ekle\u015ftirilmesi amac\u0131yla bir format\u0131n olu\u015fturuldu\u011funu biliyoruz. MPEG 1 ve 2 s\u0131k\u0131\u015ft\u0131r\u0131lmam\u0131\u015f formatlar olmakla birlikte MPEG 3 ile birlikte \u00e7o\u011fumuzun da bildi\u011fi gibi orada ses s\u0131k\u0131\u015ft\u0131rmas\u0131 s\u00f6z konusu oldu\u011fu i\u00e7in \u015fark\u0131lar ve ses format\u0131 devreye girdi. Ancak bundan sonra MPEG \u00e7\u0131kt\u0131. MPEG 4 \u00e7o\u011funlukla ve \u00f6zellikle Apple \u00fcr\u00fcnlerinin \u00e7o\u011funun destekledi\u011fi bir altyap\u0131 olmu\u015ftu. Microsoft ise belli bir s\u00fcreden sonra desteklemeye ba\u015flad\u0131. Tabii \u00f6ncelikle formatlardan bahsederken formatlar\u0131n i\u00e7inde ikinci \u00f6nemli katman olan codecleri de atlamamak gerekiyor. Codecler konusundaki ilk \u00e7al\u0131\u015fmalar olduk\u00e7a k\u00f6t\u00fc sonu\u00e7lar verirken \u015fimdi s\u0131k\u0131\u015ft\u0131rman\u0131n en \u00f6nemli par\u00e7alar\u0131ndan birisi de codecler olmaya ba\u015flad\u0131. Bu codeclerin i\u00e7inde \u015fu anda en yayg\u0131n ve en \u00e7ok kullan\u0131lan\u0131 H264.<\/p>\n<p>IPTV uygulamalar\u0131 s\u00f6z konusu oldu\u011fu s\u00fcrece g\u00f6r\u00fcnt\u00fc kalitesi, g\u00f6r\u00fcnt\u00fc teknolojisi ve codecler ne kadar ilerlerse IPTV o kadar h\u0131zl\u0131 bir \u015fekilde ona entegre olabiliyor. Bunu \u015f\u00f6yle bir \u00f6rnekle a\u00e7\u0131klamak do\u011fru olabilir gibi g\u00f6r\u00fcn\u00fcyor. E\u011fer sisteminiz MPEG 4 ve belli bir codeci \u00e7al\u0131\u015ft\u0131r\u0131yorsa merkezden gelen bir bilgi ile birlikte set \u00fcst\u00fc kutular\u0131n\u0131z\u0131n \u00fczerindeki bir g\u00fcncelleme ile birlikte IPTV uygulaman\u0131z k\u0131sa zamanda bamba\u015fka yeni bir codeci \u00e7al\u0131\u015ft\u0131rabilir hale gelecektir. Bu da IPTV\u2019nin asl\u0131nda en \u00f6nemli avantajlar\u0131ndan birisidir. Update edebilme avantaj\u0131. \u015eu ana kadar televizyon sistemleri ve set-top kutular\u0131 a\u011f\u0131rl\u0131kl\u0131 olarak bu imk\u00e2n\u0131 \u00e7ok da fazla kullanam\u0131yordu. Bunu kullanabilmek i\u00e7in RS232 \u00fczerinden bir ba\u011flant\u0131 kurmak ve bilgisayar\u0131n\u0131z\u0131 ba\u011flad\u0131ktan sonra bilgisayar\u0131n\u0131z\u0131n \u00fczerindeki verileri aktarmak y\u00f6ntemiyle BIOS\u2019u ya da FLASH EPROM\u2019u de\u011fi\u015ftirmek y\u00f6ntemiyle ger\u00e7ekle\u015fiyordu. Ancak bundan sonra bu uygulamalar\u0131n internet ortam\u0131 \u00fczerinden h\u0131zl\u0131ca ger\u00e7ekle\u015fti\u011fini ve update i\u015flemlerinin set-top kutunuz i\u00e7in \u00e7ok daha h\u0131zl\u0131 oldu\u011funu g\u00f6receksiniz. Zaten yaz\u0131l\u0131m taraf\u0131nda \u00e7al\u0131\u015fan IPTV uygulamalar\u0131nda bu durum ciddi bir problem olmaktan \u00e7\u0131k\u0131yor.<\/p>\n<p>Ancak yeni formatlar\u0131n da s\u00f6z konusu oldu\u011funu s\u00f6ylemekte yarar var. G\u00f6r\u00fcnt\u00fc formatlar\u0131n\u0131n d\u0131\u015f\u0131nda ba\u015fka ihtiya\u00e7lar\u0131n da do\u011fdu\u011fu \u00e7ok k\u0131sa zamanda ortaya \u00e7\u0131kacakt\u0131r. Bunlar\u0131n en \u00f6nemlilerinden birisi reklam giri\u015f ve \u00e7\u0131k\u0131\u015flar\u0131n\u0131n ku\u015fak ba\u015flar\u0131n\u0131 ve sonlar\u0131n\u0131 belirleyen formatlar\u0131n olu\u015fmas\u0131 ve bu reklam alanlar\u0131nda ger\u00e7ekle\u015fen reklam\u0131n bilgilerinin bulundu\u011fu metadata<strong> <\/strong>yap\u0131lar\u0131n\u0131n olu\u015fturulmas\u0131. Metadata ile bir \u00fcr\u00fcn\u00fcn bir filmin, m\u00fczi\u011fin, g\u00f6r\u00fcnt\u00fc dosyas\u0131n\u0131n ya da herhangi bir dosyan\u0131n i\u00e7eri\u011fiyle ilgili k\u0131sa bilgi veren yap\u0131lardan bahsediyorum.<\/p>\n<p>HTML taraf\u0131nda da \u00e7o\u011fumuzun bildi\u011fi \u2018<strong>Meta Tag\u2019<\/strong> bu faaliyetleri ger\u00e7ekle\u015ftiren uygulamalard\u0131r. Ancak bu uygulamalar\u0131n \u00e7al\u0131\u015fmas\u0131yla ilgili olarak \u015fimdiye kadar belirlenmi\u015f ve bi\u00e7imlendirilmi\u015f bir formatlama y\u00f6ntemi tam olarak netle\u015fmedi. Daha do\u011frusu bu konudaki standart \u015fu ana kadar olu\u015fturulmad\u0131. Ancak devletlerin bu konuda reklamlar\u0131 denetleyebilmek amac\u0131yla (tabii denetleme yap\u0131lacaksa) ne gibi y\u00f6ntemleri kullanaca\u011f\u0131 da bu metadata bilgilerinin i\u00e7inde bulunmas\u0131 gerekiyor. Dolay\u0131s\u0131yla reklam taraf\u0131nda yeni formatlama y\u00f6ntemleri ve tagleme ve etiketleme y\u00f6ntemlerinin kullan\u0131laca\u011f\u0131n\u0131 \u00e7ok k\u0131sa zamanda g\u00f6r\u00fcyor olaca\u011f\u0131z. Tagleme ve etiketleme y\u00f6ntemlerinin i\u00e7inde en \u00f6nemlilerinden birisi muhtemelen g\u00f6r\u00fcnt\u00fc taglemesi taraf\u0131nda da ger\u00e7ekle\u015fecek. Bu tarafta belki \u00e7ok da fazla kulland\u0131\u011f\u0131m\u0131z ve belki de kli\u015fele\u015ftirdi\u011fimiz bir \u00f6rnek var; normalde bir oyuncunun \u00fczerinde g\u00f6rd\u00fc\u011f\u00fcn\u00fcz bir k\u0131yafeti h\u0131zl\u0131ca alman\u0131z\u0131 sa\u011flayan bunu da kumandan\u0131z\u0131n herhangi bir tu\u015fuyla muhtemelen renk tu\u015flar\u0131ndan birisiyle ger\u00e7ekle\u015ftirebilece\u011finiz yeni uygulamalar\u0131n \u00e7\u0131kmas\u0131 durumu. Tabii bunlar\u0131n hepsinin teker teker taglenmesi gerekiyor ve bu tagleme i\u015flemi ile birlikte olu\u015fan k\u0131sm\u0131n ayn\u0131 zamanda denetim i\u00e7in de kontrol edilebilir hale gelmesi gerekiyor.<\/p>\n<p>\u0130\u015fte bunlar\u0131n hepsinin yap\u0131laca\u011f\u0131 medya formatlar\u0131n\u0131n da k\u0131sa zamanda IPTV \u00fczerinde var olaca\u011f\u0131n\u0131 \u00e7ok h\u0131zl\u0131 bir \u015fekilde g\u00f6rece\u011fiz.<\/p>\n","protected":false},"excerpt":{"rendered":"<p>MPEG formatlar\u0131 ve codec de\u011fi\u015fimleri \u00a0 IPTV \u00fczerinde medya formatlar\u0131ndan bahsetmek i\u00e7in internet \u00fczerinden video yay\u0131n\u0131n\u0131n yap\u0131ld\u0131\u011f\u0131 uygulamalarla ilgili bilgi sahibi olmakta b\u00fcy\u00fck yarar var. Bu tip uygulamalar\u0131n \u00e7o\u011fu normal al\u0131\u015ft\u0131\u011f\u0131m\u0131z video formatlar\u0131n\u0131n b\u00fcy\u00fck bir&#8230;<\/p>\n","protected":false},"author":2,"featured_media":0,"comment_status":"closed","ping_status":"open","sticky":false,"template":"","format":"standard","meta":{"footnotes":""},"categories":[2],"tags":[],"class_list":["post-5839","post","type-post","status-publish","format-standard","hentry","category-blog-yazilari"],"yoast_head":"<!-- This site is optimized with the Yoast SEO plugin v26.8 - https:\/\/yoast.com\/product\/yoast-seo-wordpress\/ -->\n<title>IPTV \u00dczerinde Medya Formatlar\u0131 - At\u0131f \u00dcnald\u0131<\/title>\n<meta name=\"robots\" content=\"index, follow, max-snippet:-1, max-image-preview:large, max-video-preview:-1\" \/>\n<link rel=\"canonical\" href=\"http:\/\/atif.unaldi.org\/blog\/2011\/05\/18\/iptv-uzerinde-medya-formatlari\/\" \/>\n<meta property=\"og:locale\" content=\"tr_TR\" \/>\n<meta property=\"og:type\" content=\"article\" \/>\n<meta property=\"og:title\" content=\"IPTV \u00dczerinde Medya Formatlar\u0131 - At\u0131f \u00dcnald\u0131\" \/>\n<meta property=\"og:description\" content=\"MPEG formatlar\u0131 ve codec de\u011fi\u015fimleri \u00a0 IPTV \u00fczerinde medya formatlar\u0131ndan bahsetmek i\u00e7in internet \u00fczerinden video yay\u0131n\u0131n\u0131n yap\u0131ld\u0131\u011f\u0131 uygulamalarla ilgili bilgi sahibi olmakta b\u00fcy\u00fck yarar var. Bu tip uygulamalar\u0131n \u00e7o\u011fu normal al\u0131\u015ft\u0131\u011f\u0131m\u0131z video formatlar\u0131n\u0131n b\u00fcy\u00fck bir...\" \/>\n<meta property=\"og:url\" content=\"http:\/\/atif.unaldi.org\/blog\/2011\/05\/18\/iptv-uzerinde-medya-formatlari\/\" \/>\n<meta property=\"og:site_name\" content=\"At\u0131f \u00dcnald\u0131\" \/>\n<meta property=\"article:publisher\" content=\"https:\/\/www.facebook.com\/atifunaldi\" \/>\n<meta property=\"article:author\" content=\"https:\/\/www.facebook.com\/atifunaldi\" \/>\n<meta property=\"article:published_time\" content=\"2011-05-18T12:53:31+00:00\" \/>\n<meta name=\"author\" content=\"Atif Unaldi\" \/>\n<meta name=\"twitter:card\" content=\"summary_large_image\" \/>\n<meta name=\"twitter:creator\" content=\"@https:\/\/twitter.com\/atifunaldi\" \/>\n<meta name=\"twitter:site\" content=\"@atifunaldi\" \/>\n<meta name=\"twitter:label1\" content=\"Yazan:\" \/>\n\t<meta name=\"twitter:data1\" content=\"Atif Unaldi\" \/>\n\t<meta name=\"twitter:label2\" content=\"Tahmini okuma s\u00fcresi\" \/>\n\t<meta name=\"twitter:data2\" content=\"4 dakika\" \/>\n<script type=\"application\/ld+json\" class=\"yoast-schema-graph\">{\"@context\":\"https:\/\/schema.org\",\"@graph\":[{\"@type\":\"Article\",\"@id\":\"http:\/\/atif.unaldi.org\/blog\/2011\/05\/18\/iptv-uzerinde-medya-formatlari\/#article\",\"isPartOf\":{\"@id\":\"http:\/\/atif.unaldi.org\/blog\/2011\/05\/18\/iptv-uzerinde-medya-formatlari\/\"},\"author\":{\"name\":\"Atif Unaldi\",\"@id\":\"http:\/\/atif.unaldi.org\/blog\/#\/schema\/person\/608ed42ecbda2bc5cfdb767ac1db479b\"},\"headline\":\"IPTV \u00dczerinde Medya Formatlar\u0131\",\"datePublished\":\"2011-05-18T12:53:31+00:00\",\"mainEntityOfPage\":{\"@id\":\"http:\/\/atif.unaldi.org\/blog\/2011\/05\/18\/iptv-uzerinde-medya-formatlari\/\"},\"wordCount\":826,\"publisher\":{\"@id\":\"http:\/\/atif.unaldi.org\/blog\/#\/schema\/person\/608ed42ecbda2bc5cfdb767ac1db479b\"},\"articleSection\":[\"Blog Yaz\u0131lar\u0131\"],\"inLanguage\":\"tr\"},{\"@type\":\"WebPage\",\"@id\":\"http:\/\/atif.unaldi.org\/blog\/2011\/05\/18\/iptv-uzerinde-medya-formatlari\/\",\"url\":\"http:\/\/atif.unaldi.org\/blog\/2011\/05\/18\/iptv-uzerinde-medya-formatlari\/\",\"name\":\"IPTV \u00dczerinde Medya Formatlar\u0131 - At\u0131f \u00dcnald\u0131\",\"isPartOf\":{\"@id\":\"http:\/\/atif.unaldi.org\/blog\/#website\"},\"datePublished\":\"2011-05-18T12:53:31+00:00\",\"breadcrumb\":{\"@id\":\"http:\/\/atif.unaldi.org\/blog\/2011\/05\/18\/iptv-uzerinde-medya-formatlari\/#breadcrumb\"},\"inLanguage\":\"tr\",\"potentialAction\":[{\"@type\":\"ReadAction\",\"target\":[\"http:\/\/atif.unaldi.org\/blog\/2011\/05\/18\/iptv-uzerinde-medya-formatlari\/\"]}]},{\"@type\":\"BreadcrumbList\",\"@id\":\"http:\/\/atif.unaldi.org\/blog\/2011\/05\/18\/iptv-uzerinde-medya-formatlari\/#breadcrumb\",\"itemListElement\":[{\"@type\":\"ListItem\",\"position\":1,\"name\":\"Anasayfa\",\"item\":\"http:\/\/atif.unaldi.org\/blog\/\"},{\"@type\":\"ListItem\",\"position\":2,\"name\":\"IPTV \u00dczerinde Medya Formatlar\u0131\"}]},{\"@type\":\"WebSite\",\"@id\":\"http:\/\/atif.unaldi.org\/blog\/#website\",\"url\":\"http:\/\/atif.unaldi.org\/blog\/\",\"name\":\"At\u0131f \u00dcnald\u0131\",\"description\":\"Yazar\",\"publisher\":{\"@id\":\"http:\/\/atif.unaldi.org\/blog\/#\/schema\/person\/608ed42ecbda2bc5cfdb767ac1db479b\"},\"alternateName\":\"At\u0131f \u00dcnald\u0131 Blog\",\"potentialAction\":[{\"@type\":\"SearchAction\",\"target\":{\"@type\":\"EntryPoint\",\"urlTemplate\":\"http:\/\/atif.unaldi.org\/blog\/?s={search_term_string}\"},\"query-input\":{\"@type\":\"PropertyValueSpecification\",\"valueRequired\":true,\"valueName\":\"search_term_string\"}}],\"inLanguage\":\"tr\"},{\"@type\":[\"Person\",\"Organization\"],\"@id\":\"http:\/\/atif.unaldi.org\/blog\/#\/schema\/person\/608ed42ecbda2bc5cfdb767ac1db479b\",\"name\":\"Atif Unaldi\",\"image\":{\"@type\":\"ImageObject\",\"inLanguage\":\"tr\",\"@id\":\"http:\/\/atif.unaldi.org\/blog\/#\/schema\/person\/image\/\",\"url\":\"http:\/\/atif.unaldi.org\/blog\/wp-content\/uploads\/2022\/10\/cropped-a94e8f7a-67c4-4d65-8a5f-032ba784be53-2.jpg\",\"contentUrl\":\"http:\/\/atif.unaldi.org\/blog\/wp-content\/uploads\/2022\/10\/cropped-a94e8f7a-67c4-4d65-8a5f-032ba784be53-2.jpg\",\"width\":512,\"height\":512,\"caption\":\"Atif Unaldi\"},\"logo\":{\"@id\":\"http:\/\/atif.unaldi.org\/blog\/#\/schema\/person\/image\/\"},\"description\":\"Bo\u011fazi\u00e7i \u00dcniversitesinde Fizik B\u00f6l\u00fcm\u00fc\u2019nde e\u011fitim ald\u0131\u011f\u0131 y\u0131llarda T\u00fcrkiye\u2019de ilk kez iki bilgisayar\u0131 telefon hatlar\u0131 \u00fczerinden konu\u015fturan BBS sistemini kurarak, T\u00fcrkiye\u2019deki ilk internet a\u011f\u0131n\u0131 olu\u015fturmu\u015ftur. Bir \u00e7ok radyo ve televizyonda program yap\u0131mc\u0131l\u0131\u011f\u0131 ve sunuculu\u011funu, bir \u00e7ok teknoloji dergisinde k\u00f6\u015fe yazarl\u0131\u011f\u0131, bili\u015fim edit\u00f6rl\u00fc\u011f\u00fc ve genel yay\u0131n y\u00f6netmenli\u011fi yapt\u0131. T\u00fcrkiye\u2019deki ilk internet servis sa\u011flay\u0131c\u0131s\u0131n\u0131n genel m\u00fcd\u00fcrl\u00fc\u011f\u00fcn\u00fc \u00fcstlendi. Bir \u00e7ok organizasyon ve kurulu\u015fta internet s\u00fcperviz\u00f6rl\u00fc\u011f\u00fc , webmaster\u2019l\u0131\u011f\u0131 , IT direkt\u00f6rl\u00fc\u011f\u00fc ve dijital projeler koordinat\u00f6rl\u00fc\u011f\u00fc g\u00f6revlerinde bulundu. Farkl\u0131 \u00fcniversitelerin farkl\u0131 fak\u00fcltelerinde \u00f6\u011fretim g\u00f6revlisi olarak bulunmu\u015f olan \u00dcnald\u0131; \u015fu an teknoloji ve pazarlama konular\u0131 ba\u015fta olmak \u00fczere bir\u00e7ok alanda hizmet veren Unaldi Consultancy\u2019nin kurucusudur. \\u2028Selin \u00dcnald\u0131 ile evlidir. Su ve Toprak isminde iki \u00e7ocu\u011fu vard\u0131r.\",\"sameAs\":[\"http:\/\/atif.unaldi.org\/blog\",\"https:\/\/www.facebook.com\/atifunaldi\",\"https:\/\/www.instagram.com\/atifunaldi\/\",\"https:\/\/www.linkedin.com\/in\/atifunaldi\",\"https:\/\/x.com\/https:\/\/twitter.com\/atifunaldi\",\"https:\/\/www.youtube.com\/c\/atifunaldi\",\"https:\/\/soundcloud.com\/atif-unaldi\",\"https:\/\/atifunaldi.tumblr.com\"],\"url\":\"http:\/\/atif.unaldi.org\/blog\/author\/atifunaldi\/\"}]}<\/script>\n<!-- \/ Yoast SEO plugin. -->","yoast_head_json":{"title":"IPTV \u00dczerinde Medya Formatlar\u0131 - At\u0131f \u00dcnald\u0131","robots":{"index":"index","follow":"follow","max-snippet":"max-snippet:-1","max-image-preview":"max-image-preview:large","max-video-preview":"max-video-preview:-1"},"canonical":"http:\/\/atif.unaldi.org\/blog\/2011\/05\/18\/iptv-uzerinde-medya-formatlari\/","og_locale":"tr_TR","og_type":"article","og_title":"IPTV \u00dczerinde Medya Formatlar\u0131 - At\u0131f \u00dcnald\u0131","og_description":"MPEG formatlar\u0131 ve codec de\u011fi\u015fimleri \u00a0 IPTV \u00fczerinde medya formatlar\u0131ndan bahsetmek i\u00e7in internet \u00fczerinden video yay\u0131n\u0131n\u0131n yap\u0131ld\u0131\u011f\u0131 uygulamalarla ilgili bilgi sahibi olmakta b\u00fcy\u00fck yarar var. Bu tip uygulamalar\u0131n \u00e7o\u011fu normal al\u0131\u015ft\u0131\u011f\u0131m\u0131z video formatlar\u0131n\u0131n b\u00fcy\u00fck bir...","og_url":"http:\/\/atif.unaldi.org\/blog\/2011\/05\/18\/iptv-uzerinde-medya-formatlari\/","og_site_name":"At\u0131f \u00dcnald\u0131","article_publisher":"https:\/\/www.facebook.com\/atifunaldi","article_author":"https:\/\/www.facebook.com\/atifunaldi","article_published_time":"2011-05-18T12:53:31+00:00","author":"Atif Unaldi","twitter_card":"summary_large_image","twitter_creator":"@https:\/\/twitter.com\/atifunaldi","twitter_site":"@atifunaldi","twitter_misc":{"Yazan:":"Atif Unaldi","Tahmini okuma s\u00fcresi":"4 dakika"},"schema":{"@context":"https:\/\/schema.org","@graph":[{"@type":"Article","@id":"http:\/\/atif.unaldi.org\/blog\/2011\/05\/18\/iptv-uzerinde-medya-formatlari\/#article","isPartOf":{"@id":"http:\/\/atif.unaldi.org\/blog\/2011\/05\/18\/iptv-uzerinde-medya-formatlari\/"},"author":{"name":"Atif Unaldi","@id":"http:\/\/atif.unaldi.org\/blog\/#\/schema\/person\/608ed42ecbda2bc5cfdb767ac1db479b"},"headline":"IPTV \u00dczerinde Medya Formatlar\u0131","datePublished":"2011-05-18T12:53:31+00:00","mainEntityOfPage":{"@id":"http:\/\/atif.unaldi.org\/blog\/2011\/05\/18\/iptv-uzerinde-medya-formatlari\/"},"wordCount":826,"publisher":{"@id":"http:\/\/atif.unaldi.org\/blog\/#\/schema\/person\/608ed42ecbda2bc5cfdb767ac1db479b"},"articleSection":["Blog Yaz\u0131lar\u0131"],"inLanguage":"tr"},{"@type":"WebPage","@id":"http:\/\/atif.unaldi.org\/blog\/2011\/05\/18\/iptv-uzerinde-medya-formatlari\/","url":"http:\/\/atif.unaldi.org\/blog\/2011\/05\/18\/iptv-uzerinde-medya-formatlari\/","name":"IPTV \u00dczerinde Medya Formatlar\u0131 - At\u0131f \u00dcnald\u0131","isPartOf":{"@id":"http:\/\/atif.unaldi.org\/blog\/#website"},"datePublished":"2011-05-18T12:53:31+00:00","breadcrumb":{"@id":"http:\/\/atif.unaldi.org\/blog\/2011\/05\/18\/iptv-uzerinde-medya-formatlari\/#breadcrumb"},"inLanguage":"tr","potentialAction":[{"@type":"ReadAction","target":["http:\/\/atif.unaldi.org\/blog\/2011\/05\/18\/iptv-uzerinde-medya-formatlari\/"]}]},{"@type":"BreadcrumbList","@id":"http:\/\/atif.unaldi.org\/blog\/2011\/05\/18\/iptv-uzerinde-medya-formatlari\/#breadcrumb","itemListElement":[{"@type":"ListItem","position":1,"name":"Anasayfa","item":"http:\/\/atif.unaldi.org\/blog\/"},{"@type":"ListItem","position":2,"name":"IPTV \u00dczerinde Medya Formatlar\u0131"}]},{"@type":"WebSite","@id":"http:\/\/atif.unaldi.org\/blog\/#website","url":"http:\/\/atif.unaldi.org\/blog\/","name":"At\u0131f \u00dcnald\u0131","description":"Yazar","publisher":{"@id":"http:\/\/atif.unaldi.org\/blog\/#\/schema\/person\/608ed42ecbda2bc5cfdb767ac1db479b"},"alternateName":"At\u0131f \u00dcnald\u0131 Blog","potentialAction":[{"@type":"SearchAction","target":{"@type":"EntryPoint","urlTemplate":"http:\/\/atif.unaldi.org\/blog\/?s={search_term_string}"},"query-input":{"@type":"PropertyValueSpecification","valueRequired":true,"valueName":"search_term_string"}}],"inLanguage":"tr"},{"@type":["Person","Organization"],"@id":"http:\/\/atif.unaldi.org\/blog\/#\/schema\/person\/608ed42ecbda2bc5cfdb767ac1db479b","name":"Atif Unaldi","image":{"@type":"ImageObject","inLanguage":"tr","@id":"http:\/\/atif.unaldi.org\/blog\/#\/schema\/person\/image\/","url":"http:\/\/atif.unaldi.org\/blog\/wp-content\/uploads\/2022\/10\/cropped-a94e8f7a-67c4-4d65-8a5f-032ba784be53-2.jpg","contentUrl":"http:\/\/atif.unaldi.org\/blog\/wp-content\/uploads\/2022\/10\/cropped-a94e8f7a-67c4-4d65-8a5f-032ba784be53-2.jpg","width":512,"height":512,"caption":"Atif Unaldi"},"logo":{"@id":"http:\/\/atif.unaldi.org\/blog\/#\/schema\/person\/image\/"},"description":"Bo\u011fazi\u00e7i \u00dcniversitesinde Fizik B\u00f6l\u00fcm\u00fc\u2019nde e\u011fitim ald\u0131\u011f\u0131 y\u0131llarda T\u00fcrkiye\u2019de ilk kez iki bilgisayar\u0131 telefon hatlar\u0131 \u00fczerinden konu\u015fturan BBS sistemini kurarak, T\u00fcrkiye\u2019deki ilk internet a\u011f\u0131n\u0131 olu\u015fturmu\u015ftur. Bir \u00e7ok radyo ve televizyonda program yap\u0131mc\u0131l\u0131\u011f\u0131 ve sunuculu\u011funu, bir \u00e7ok teknoloji dergisinde k\u00f6\u015fe yazarl\u0131\u011f\u0131, bili\u015fim edit\u00f6rl\u00fc\u011f\u00fc ve genel yay\u0131n y\u00f6netmenli\u011fi yapt\u0131. T\u00fcrkiye\u2019deki ilk internet servis sa\u011flay\u0131c\u0131s\u0131n\u0131n genel m\u00fcd\u00fcrl\u00fc\u011f\u00fcn\u00fc \u00fcstlendi. Bir \u00e7ok organizasyon ve kurulu\u015fta internet s\u00fcperviz\u00f6rl\u00fc\u011f\u00fc , webmaster\u2019l\u0131\u011f\u0131 , IT direkt\u00f6rl\u00fc\u011f\u00fc ve dijital projeler koordinat\u00f6rl\u00fc\u011f\u00fc g\u00f6revlerinde bulundu. Farkl\u0131 \u00fcniversitelerin farkl\u0131 fak\u00fcltelerinde \u00f6\u011fretim g\u00f6revlisi olarak bulunmu\u015f olan \u00dcnald\u0131; \u015fu an teknoloji ve pazarlama konular\u0131 ba\u015fta olmak \u00fczere bir\u00e7ok alanda hizmet veren Unaldi Consultancy\u2019nin kurucusudur. \u2028Selin \u00dcnald\u0131 ile evlidir. Su ve Toprak isminde iki \u00e7ocu\u011fu vard\u0131r.","sameAs":["http:\/\/atif.unaldi.org\/blog","https:\/\/www.facebook.com\/atifunaldi","https:\/\/www.instagram.com\/atifunaldi\/","https:\/\/www.linkedin.com\/in\/atifunaldi","https:\/\/x.com\/https:\/\/twitter.com\/atifunaldi","https:\/\/www.youtube.com\/c\/atifunaldi","https:\/\/soundcloud.com\/atif-unaldi","https:\/\/atifunaldi.tumblr.com"],"url":"http:\/\/atif.unaldi.org\/blog\/author\/atifunaldi\/"}]}},"jetpack_featured_media_url":"","_links":{"self":[{"href":"http:\/\/atif.unaldi.org\/blog\/wp-json\/wp\/v2\/posts\/5839","targetHints":{"allow":["GET"]}}],"collection":[{"href":"http:\/\/atif.unaldi.org\/blog\/wp-json\/wp\/v2\/posts"}],"about":[{"href":"http:\/\/atif.unaldi.org\/blog\/wp-json\/wp\/v2\/types\/post"}],"author":[{"embeddable":true,"href":"http:\/\/atif.unaldi.org\/blog\/wp-json\/wp\/v2\/users\/2"}],"replies":[{"embeddable":true,"href":"http:\/\/atif.unaldi.org\/blog\/wp-json\/wp\/v2\/comments?post=5839"}],"version-history":[{"count":0,"href":"http:\/\/atif.unaldi.org\/blog\/wp-json\/wp\/v2\/posts\/5839\/revisions"}],"wp:attachment":[{"href":"http:\/\/atif.unaldi.org\/blog\/wp-json\/wp\/v2\/media?parent=5839"}],"wp:term":[{"taxonomy":"category","embeddable":true,"href":"http:\/\/atif.unaldi.org\/blog\/wp-json\/wp\/v2\/categories?post=5839"},{"taxonomy":"post_tag","embeddable":true,"href":"http:\/\/atif.unaldi.org\/blog\/wp-json\/wp\/v2\/tags?post=5839"}],"curies":[{"name":"wp","href":"https:\/\/api.w.org\/{rel}","templated":true}]}}