{"id":5988,"date":"2011-09-28T11:10:03","date_gmt":"2011-09-28T11:10:03","guid":{"rendered":"http:\/\/atif.unaldi.org\/blog\/?p=5988"},"modified":"2011-09-28T11:10:03","modified_gmt":"2011-09-28T11:10:03","slug":"onerilerim-gec-de-olsa-dikkate-aliniyor","status":"publish","type":"post","link":"http:\/\/atif.unaldi.org\/blog\/2011\/09\/28\/onerilerim-gec-de-olsa-dikkate-aliniyor\/","title":{"rendered":"\u00d6nerilerim ge\u00e7 de olsa dikkate al\u0131n\u0131yor."},"content":{"rendered":"<p>\u00d6nerilerim ge\u00e7 de olsa dikkate al\u0131n\u0131yor. Daha \u00f6nce size yazm\u0131\u015ft\u0131m. <a href=\"http:\/\/atif.unaldi.org\/blog\/2010\/03\/04\/bilisim-sektoru-vizyon-politikalar-ve-tedbirler\/\">http:\/\/atif.unaldi.org\/blog\/2010\/03\/04\/bilisim-sektoru-vizyon-politikalar-ve-tedbirler\/<\/a> \u00c7al\u0131\u015ftay ve call center konusundaki \u00f6nerilerimi.<\/p>\n<p>Ula\u015ft\u0131rma Bakan\u0131 Binali Y\u0131ld\u0131r\u0131m:<\/p>\n<p>\u201cT\u00fcrkiye, \u00e7a\u011fr\u0131 merkezi sekt\u00f6r\u00fcnde hizmet ihra\u00e7 eden bir pozisyon almal\u0131d\u0131r\u201d<\/p>\n<p><a href=\"http:\/\/atifunaldi.files.wordpress.com\/2011\/09\/20110929-100333.jpg\"><img decoding=\"async\" src=\"http:\/\/atifunaldi.files.wordpress.com\/2011\/09\/20110929-100333.jpg\" alt=\"20110929-100333.jpg\" class=\"alignnone size-full\" \/><\/a><\/p>\n<p><!--more--><\/p>\n<p>Ula\u015ft\u0131rma Bakan\u0131 Binali Y\u0131ld\u0131r\u0131m ve Bilgi Teknolojileri ve \u0130leti\u015fim Kurumu Ba\u015fkan\u0131 Tayfun Acarer\u2019in<\/p>\n<p>kat\u0131l\u0131m\u0131yla ger\u00e7ekle\u015fen \u201cKamu \u00c7a\u011fr\u0131 Merkezlerinin 2023 Vizyonu\u201d konulu konferans i\u00e7in Emniyet<\/p>\n<p>Genel M\u00fcd\u00fcrl\u00fc\u011f\u00fcnden, Kalk\u0131nma Bakanl\u0131\u011f\u0131\u2019na, Ankara B\u00fcy\u00fck\u015fehir Belediyesi\u2019nden, Maliye<\/p>\n<p>Bakanl\u0131\u011f\u0131\u2019na kadar bir\u00e7ok kamu y\u00f6neticisi, 28 Eyl\u00fcl\u2019de Ankara\u2019da bir araya geldi.<\/p>\n<p>\u00c7a\u011fr\u0131 merkezlerinin kamunun yat\u0131r\u0131m planlar\u0131 i\u00e7ine girmesiyle vatanda\u015f odakl\u0131 hizmet kavram\u0131 da<\/p>\n<p>daha fazla g\u00fcndeme ta\u015f\u0131nmaya ba\u015flad\u0131. Kamunun \u00e7a\u011fr\u0131 merkezlerine yapaca\u011f\u0131 yat\u0131r\u0131m\u0131n istihdama<\/p>\n<p>katk\u0131s\u0131n\u0131n b\u00fcy\u00fck olaca\u011f\u0131n\u0131 ortaya koyan T\u00fcrkiye \u00c7a\u011fr\u0131 Merkezi Ara\u015ft\u0131rmas\u0131 2011 sonu\u00e7lar\u0131na g\u00f6re<\/p>\n<p>kamunun artan \u00e7a\u011fr\u0131 merkezi yat\u0131r\u0131mlar\u0131 sayesinde 2018 y\u0131l\u0131nda \u00e7a\u011fr\u0131 merkezlerinin 100 bin ki\u015fiye<\/p>\n<p>ge\u00e7im sa\u011flayaca\u011f\u0131 \u00f6ng\u00f6r\u00fcl\u00fcyor.<\/p>\n<p>\u00c7a\u011fr\u0131 merkezlerini, hizmet ihra\u00e7 edece\u011fimiz en \u00f6nemli alanlardan biri olarak tan\u0131mlayan Ula\u015ft\u0131rma<\/p>\n<p>Bakan\u0131 Binali Y\u0131ld\u0131r\u0131m \u201cHizmet ihracat\u0131yla, s\u0131cak para ihtiyac\u0131n\u0131 kar\u015f\u0131layan \u00fclkeler var. T\u00fcrkiye<\/p>\n<p>b\u00f6lgesinde bilgi toplumu \u00e7al\u0131\u015fmalar\u0131 alan\u0131ndaki deneyimini payla\u015fmal\u0131 ve bunu i\u015fe d\u00f6n\u00fc\u015ft\u00fcrmelidir.<\/p>\n<p>Bu alanda ba\u015far\u0131l\u0131 olmak i\u00e7in lisan bilgimizi g\u00fc\u00e7lendirmeli ve bu i\u015fi \u00f6nemli bir kariyer ad\u0131m\u0131 olarak<\/p>\n<p>g\u00f6rmeliyiz. Gen\u00e7 i\u015fsizli\u011fin \u00e7aresi, bili\u015fim sekt\u00f6r\u00fc ve \u00e7a\u011fr\u0131 merkezi gibi bili\u015fimle entegre olan<\/p>\n<p>sekt\u00f6rlerdir\u201d dedi. Kamu d\u00fcnya genelinde de\u011fi\u015fime kar\u015f\u0131 olan, yeniliklere en son ayak uyduran<\/p>\n<p>yap\u0131dad\u0131r diyen Bakan Y\u0131ld\u0131r\u0131m, \u201cKamu T\u00fcrkiye\u2019de bir\u00e7ok konuda \u00f6nc\u00fcl\u00fck yapmaktad\u0131r. Bug\u00fcn<\/p>\n<p>Ula\u015ft\u0131rma Bakanl\u0131\u011f\u0131 \u00e7a\u011fr\u0131 merkezi hizmetini d\u0131\u015f kaynak servis sa\u011flay\u0131c\u0131lardan temin etmektedir.<\/p>\n<p>2023\u2019de 2 trilyon olmas\u0131 hedeflenen T\u00fcrkiye milli gelirinde bili\u015fim hedefimiz %10\u2019dur. \u00c7a\u011fr\u0131<\/p>\n<p>merkezlerini de i\u00e7ine alan bu hedef daha fazla istihdam anlam\u0131na gelmektedir\u201d dedi.<\/p>\n<p>BTK Ba\u015fkan\u0131 Acerer:<\/p>\n<p>\u201cT\u00fcrkiye\u2019de 1850 ki\u015fiye 1 \u00e7a\u011fr\u0131 merkezi \u00e7al\u0131\u015fan\u0131 d\u00fc\u015fmektedir\u201d<\/p>\n<p>\u00c7ok h\u0131zl\u0131 geli\u015fmesine ra\u011fmen T\u00fcrkiye\u2019de \u00e7a\u011fr\u0131 merkezi sekt\u00f6r\u00fcnde hedeflenen kalite standard\u0131na<\/p>\n<p>hen\u00fcz ula\u015f\u0131lamad\u0131\u011f\u0131na vurgu yapan Bili\u015fim Teknolojileri ve \u0130leti\u015fim Kurumu Ba\u015fkan\u0131 Tayfun Acerer<\/p>\n<p>\u201cBug\u00fcn ki\u015fi ba\u015f\u0131na d\u00fc\u015fen \u00e7a\u011fr\u0131 merkezi \u00e7al\u0131\u015fan\u0131 o \u00fclkenin geli\u015fmi\u015flik d\u00fczeyini g\u00f6stermektedir.<\/p>\n<p>D\u00fcnyada 100 ila 500 ki\u015fiye 1 \u00e7a\u011fr\u0131 merkezi \u00e7al\u0131\u015fan\u0131 d\u00fc\u015ferken T\u00fcrkiye\u2019deki 1850 ki\u015fiye 1 ki\u015fi<\/p>\n<p>d\u00fc\u015fmektedir. Hedefimiz telekom\u00fcnikasyon sekt\u00f6r\u00fcnde geli\u015ftirdi\u011fimiz ve s\u00fcrekli denetledi\u011fimiz<\/p>\n<p>kalite standartlar\u0131n\u0131n di\u011fer sekt\u00f6rlerde de en k\u0131sa zamanda uygulanmas\u0131d\u0131r. Buna finans sekt\u00f6r\u00fc de<\/p>\n<p>dahildir\u201d dedi.<\/p>\n<p>2007 y\u0131l\u0131ndan beri \u00e7a\u011fr\u0131 merkezi pazar\u0131nda ger\u00e7ekle\u015ftirdi\u011fi projelerle sekt\u00f6r\u00fcn geli\u015fmesinde<\/p>\n<p>katk\u0131 sa\u011flayan IMI Conferences Genel M\u00fcd\u00fcr\u00fc Meltem Karateke, 2007 y\u0131l\u0131ndan bu yana d\u0131\u015f<\/p>\n<p>kaynak servis sa\u011flay\u0131c\u0131lar pazar\u0131n\u0131n y\u0131ll\u0131k ortalama % 37 b\u00fcy\u00fcme g\u00f6sterdi\u011fine vurgu yaparak<\/p>\n<p>\u201cBug\u00fcn ekonomik b\u00fcy\u00fckl\u00fc\u011f\u00fc 1.1 milyar USD\u2019yi bulan, 50 binin \u00fczerinde istihdam yaratan \u00e7a\u011fr\u0131merkezlerinin b\u00fcy\u00fcmesi, bundan sonra kamunun \u00e7a\u011fr\u0131 merkezi yat\u0131r\u0131mlar\u0131na a\u011f\u0131rl\u0131k vermesiyle<\/p>\n<p>ivme kazanacakt\u0131r. Sekt\u00f6r\u00fcn b\u00fcy\u00fcmesinde en b\u00fcy\u00fck itici g\u00fc\u00e7, ekonomimizdeki istikrar ve devlet<\/p>\n<p>deste\u011fidir\u201d dedi.<\/p>\n<p>IMI Conferences taraf\u0131ndan 28 Eyl\u00fcl 2011 tarihinde Ankara Swissotel\u2019de ger\u00e7ekle\u015fen \u201cKamu \u00c7a\u011fr\u0131<\/p>\n<p>Merkezlerinin 2023 Vizyonu\u201d konulu konferansta vatanda\u015f odakl\u0131 hizmetin \u00f6nemine vurgu yap\u0131ld\u0131,<\/p>\n<p>sekt\u00f6r\u00fcn istihdama katk\u0131s\u0131 ve geli\u015fim h\u0131z\u0131 masaya yat\u0131r\u0131ld\u0131.<\/p>\n<p>Her y\u00f6n\u00fcyle vatanda\u015f\u0131n hayat\u0131n\u0131 kolayla\u015ft\u0131ran bu yeni ve geli\u015fen i\u015f kolunun irdelendi\u011fi ve kamu<\/p>\n<p>kurum temsilcilerine kat\u0131l\u0131m\u0131n \u00fccretsiz oldu\u011fu toplant\u0131, \u201cT\u00fcrkiye\u2019nin \u0130lk Kamu \u00c7a\u011fr\u0131 Merkezi<\/p>\n<p>Konferans\u0131\u201d olmas\u0131 a\u00e7\u0131s\u0131ndan da ayr\u0131 bir \u00f6nem ta\u015f\u0131yor.<\/p>\n<p>T\u00dcRK\u0130YE \u00c7A\u011eRI MERKEZ\u0130 ARA\u015eTIRMASI<\/p>\n<p>KAMU\u2019DA \u00c7A\u011eRI MERKEZ\u0130 KULLANIMI<\/p>\n<p>T\u00fcrkiye \u00c7a\u011fr\u0131 Merkezi Ara\u015ft\u0131rmas\u0131, T\u00fcrkiye\u2019de ki \u00e7a\u011fr\u0131 merkezi kullan\u0131m seviyesini ve var olan \u00e7a\u011fr\u0131 merkezlerinin kapasitesini saptamak i\u00e7in ger\u00e7ekle\u015ftirilmi\u015ftir.<\/p>\n<p>\u00c7al\u0131\u015fma kapsam\u0131nda a\u015fa\u011f\u0131da ki konularda bilgiler toplanm\u0131\u015ft\u0131r;<\/p>\n<p>Kullan\u0131mda olan \u00e7a\u011fr\u0131 merkezi adetleri<\/p>\n<p>\u00c7a\u011fr\u0131 merkezi adetlerinin sekt\u00f6rlere da\u011f\u0131l\u0131m\u0131<\/p>\n<p>\u00c7a\u011fr\u0131 merkezlerinin seat (koltuk) ve agent (m\u00fc\u015fteri temsilcisi) kapasitesi<\/p>\n<p>Servis sa\u011flay\u0131c\u0131lar taraf\u0131ndan y\u00f6netilen \u00e7a\u011fr\u0131 merkezlerinden hizmet alan firma adedi<\/p>\n<p>\u00c7al\u0131\u015fma kapsam\u0131nda toplam 239 firma ile g\u00f6r\u00fc\u015f\u00fclm\u00fc\u015ft\u00fcr. Bu firmalar\u0131n da\u011f\u0131l\u0131m\u0131 a\u015fa\u011f\u0131da g\u00f6sterilmektedir;<\/p>\n<p>Kendilerine ait bir \u00e7a\u011fr\u0131 merkezi altyap\u0131s\u0131 bulunan firmalar (135 firma)<\/p>\n<p>\u00c7a\u011fr\u0131 merkezi hizmeti veren firmalar (47 firma)<\/p>\n<p>\u00c7a\u011fr\u0131 merkezi hizmetlerini d\u0131\u015f kaynak olarak alan kullan\u0131c\u0131lar (23 firma)<\/p>\n<p>\u00c7a\u011fr\u0131 merkezleri firmalar\u0131na ait ama farkl\u0131 firmalardan da \u00e7a\u011fr\u0131 merkezi hizmeti alan firmalar (14 firma)<\/p>\n<p>\u00c7a\u011fr\u0131 merkezi altyap\u0131s\u0131 satan, kuran, dan\u0131\u015fmanl\u0131k hizmeti veren firmalar (20 firma)<\/p>\n<p>Ara\u015ft\u0131rmaya, en az 5 seat sahibi olan firmalar \u00e7a\u011fr\u0131 merkezi kullan\u0131c\u0131lar\u0131 olarak kabul edilip, dahil edilmi\u015ftir.<\/p>\n<p>T\u00fcrkiye ekonomisinde g\u00f6r\u00fclen istikrarl\u0131 b\u00fcy\u00fcme do\u011fal olarak 2011 y\u0131l\u0131nda da \u00e7a\u011fr\u0131 merkezi sekt\u00f6r\u00fcn\u00fc olumlu y\u00f6nde etkilemi\u015ftir.<\/p>\n<p>Toplam seat say\u0131s\u0131 2010 y\u0131l\u0131na g\u00f6re yakla\u015f\u0131k %18 b\u00fcy\u00fcme g\u00f6stererek 41.000 adet seviyesinden 48.900 adet seviyesine y\u00fckselmi\u015ftir. \u00c7a\u011fr\u0131 merkezi hizmetine duyulan ihtiya\u00e7 art\u0131\u015f\u0131, bu sekt\u00f6re yat\u0131r\u0131mlar\u0131n artarak devam edece\u011fini g\u00f6stermektedir. Firmalar\u0131n 2012 y\u0131l\u0131ndaki b\u00fcy\u00fcme tahminide benzer seviyelerdedir.<\/p>\n<p>2011 y\u0131l\u0131ndaki toplam agent (m\u00fc\u015fteri temsilcisi) say\u0131s\u0131 55.000 ki\u015finin biraz \u00fczerinde oldu\u011fu tahmin edilmektedir.<\/p>\n<p>Agent say\u0131s\u0131ndaki y\u0131ll\u0131k ortama b\u00fcy\u00fcme %16 seviyesindedir.<\/p>\n<p>Ara\u015ft\u0131rma sonucuna g\u00f6re agentlar\u0131n %58,50\u2019lik bir kesiminin \u0130stanbul, %9,54 Ankara, %3,54 \u0130zmir\u2019de istihdam edilmektedir. Bu 3 b\u00fcy\u00fck il d\u0131\u015f\u0131nda istidam edilen agent say\u0131s\u0131 tahminen 16.000 ki\u015fidir. \u00d6n\u00fcm\u00fczdeki y\u0131l \u00f6ng\u00f6r\u00fclen yeni seat yat\u0131r\u0131mlar\u0131 ve mevcut yat\u0131r\u0131mlardaki istihdam art\u0131\u015flar\u0131 ile birlikte 2012 y\u0131l\u0131nda bu say\u0131n\u0131n 20.000\u2019in \u00fczerine \u00e7\u0131kaca\u011f\u0131 beklenmektedir. Buda bize \u00f6n\u00fcm\u00fczdeki y\u0131llarda 3 b\u00fcy\u00fck il ve di\u011fer iller aras\u0131ndaki seat, agent oran farklar\u0131n\u0131n azalmaya devam edece\u011fini g\u00f6stermektedir.<\/p>\n<p>Kamu sekt\u00f6r\u00fcnde artan \u00e7a\u011fr\u0131 merkezi talebi, genel olarak pazar\u0131n b\u00fcy\u00fcmesini tetiklemektedir. 2010 ve 2011 y\u0131l\u0131ndaki b\u00fcy\u00fck kamu ihaleleri d\u0131\u015f kaynak \u00e7a\u011fr\u0131 merkezi sekt\u00f6r\u00fc taraf\u0131ndan heyecanla kar\u015f\u0131lanm\u0131\u015ft\u0131r. \u00d6n\u00fcm\u00fczdeki y\u0131llarda \u201cvatanda\u015f\u0131n\u0131 dinleyen\u201d h\u00fck\u00fcmet politikas\u0131 anlay\u0131\u015f\u0131n\u0131n sonucu olarak kamu sekt\u00f6r\u00fcnde \u00e7a\u011fr\u0131 merkezi ihtiyac\u0131n\u0131n h\u0131zla artaca\u011f\u0131 \u00f6ng\u00f6r\u00fclmektedir.<\/p>\n<p>Yukar\u0131daki analizde kamu sekt\u00f6r\u00fcne kamu bankalar\u0131 dahil edilmemi\u015ftir. Kamu bankalar\u0131 finans sekt\u00f6r\u00fcnde de\u011ferlendirilmi\u015ftir. Kamu bankalar\u0131 hari\u00e7 kamu sekt\u00f6r\u00fc i\u00e7in hizmet veren agent say\u0131s\u0131n\u0131n 5 ve \u00fczeri agent \u00e7al\u0131\u015ft\u0131ran \u00e7a\u011fr\u0131 merkezleri baz al\u0131nd\u0131\u011f\u0131nda 2.000\u2019in \u00fczerinde oldu\u011fu tahmin edilmektedir. Buna kamu bankalar\u0131 ve k\u00fc\u00e7\u00fck \u00f6l\u00e7ekli \u00e7a\u011fr\u0131 merkezleride dahil edildi\u011finde toplam agent say\u0131s\u0131n\u0131n 2011 y\u0131l\u0131 i\u00e7in 3.000-3.500 civar\u0131 oldu\u011fu \u00f6ng\u00f6r\u00fclmektedir.<\/p>\n<p>Toplam agent say\u0131s\u0131ndaki y\u0131ll\u0131k ortama b\u00fcy\u00fcme %16 seviyesindeyken Kamu sekt\u00f6r\u00fcnde istihdam edilen agent say\u0131s\u0131ndaki son 1 y\u0131l i\u00e7indeki b\u00fcy\u00fcme oran\u0131 %300 civar\u0131ndad\u0131r. Bu b\u00fcy\u00fcmenin yeni ihaleler sonucunda dahada artarak devam edece\u011fi d\u00fc\u015f\u00fcn\u00fclmektedir.<\/p>\n<p>Kamu \u00e7a\u011fr\u0131 merkezlerinin ana hizmet kolu m\u00fc\u015fteri hizmetleri ve bilgilendirmedir.<\/p>\n<p>Kamu kurulu\u015flar\u0131n\u0131n b\u00fcnyesinde yer alan \u00e7a\u011fr\u0131 merkezlerinin yar\u0131dan fazlas\u0131 \u00f6n\u00fcm\u00fczdeki y\u0131l seat say\u0131lar\u0131nda art\u0131\u015flar\u0131n olaca\u011f\u0131n\u0131 \u00f6ng\u00f6rmektedir.<\/p>\n<p>Kendi b\u00fcnyesinde \u00e7a\u011fr\u0131 merkezi bulunan kamu kurumlar\u0131 d\u0131\u015f kaynak servis firmalar\u0131ndan hizmet alma fikrine s\u0131cak bakmamaktad\u0131rlar. Bunun temel nedenleri s\u0131ras\u0131yla; kurum politikas\u0131, g\u00fcvenlik ve kendi personelinin daha verimli \u015fekilde hizmet verece\u011fine inan\u0131lmas\u0131d\u0131r.<\/p>\n<p>Kendi b\u00fcnyesinde \u00e7a\u011fr\u0131 merkezi olan kamu kurumlar\u0131n\u0131n yakla\u015f\u0131k \u00fc\u00e7te biri \u00f6n\u00fcm\u00fczdeki y\u0131l \u00e7a\u011fr\u0131 merkezlerine yeni yat\u0131r\u0131mlar planlad\u0131klar\u0131n\u0131 belirtmi\u015flerdir. Yat\u0131r\u0131mlar\u0131n daha \u00e7ok yaz\u0131l\u0131m ve personel konular\u0131nda olaca\u011f\u0131 d\u00fc\u015f\u00fcn\u00fclmektedir.<\/p>\n<p>Kamu kurumlar\u0131 \u00e7a\u011fr\u0131 merkezi alt yap\u0131 sa\u011flay\u0131c\u0131lar\u0131nda en \u00e7ok teknik \u00f6zellikler ve tecr\u00fcbelere bakarken marka ve tavsiyeye daha az \u00f6nem vermektedir.<\/p>\n","protected":false},"excerpt":{"rendered":"<p>\u00d6nerilerim ge\u00e7 de olsa dikkate al\u0131n\u0131yor. Daha \u00f6nce size yazm\u0131\u015ft\u0131m. http:\/\/atif.unaldi.org\/blog\/2010\/03\/04\/bilisim-sektoru-vizyon-politikalar-ve-tedbirler\/ \u00c7al\u0131\u015ftay ve call center konusundaki \u00f6nerilerimi. Ula\u015ft\u0131rma Bakan\u0131 Binali Y\u0131ld\u0131r\u0131m: \u201cT\u00fcrkiye, \u00e7a\u011fr\u0131 merkezi sekt\u00f6r\u00fcnde hizmet ihra\u00e7 eden bir pozisyon almal\u0131d\u0131r\u201d<\/p>\n","protected":false},"author":2,"featured_media":0,"comment_status":"closed","ping_status":"open","sticky":false,"template":"","format":"standard","meta":{"footnotes":""},"categories":[3],"tags":[249,196,295,760,1264],"class_list":["post-5988","post","type-post","status-publish","format-standard","hentry","category-blogum","tag-binali-yildirim","tag-calisma-bakanligi","tag-call-center","tag-istihdam","tag-tayfun-acarer","post_format-post-format-standard"],"yoast_head":"<!-- This site is optimized with the Yoast SEO plugin v26.8 - https:\/\/yoast.com\/product\/yoast-seo-wordpress\/ -->\n<title>\u00d6nerilerim ge\u00e7 de olsa dikkate al\u0131n\u0131yor. - At\u0131f \u00dcnald\u0131<\/title>\n<meta name=\"robots\" content=\"index, follow, max-snippet:-1, max-image-preview:large, max-video-preview:-1\" \/>\n<link rel=\"canonical\" href=\"http:\/\/atif.unaldi.org\/blog\/2011\/09\/28\/onerilerim-gec-de-olsa-dikkate-aliniyor\/\" \/>\n<meta property=\"og:locale\" content=\"tr_TR\" \/>\n<meta property=\"og:type\" content=\"article\" \/>\n<meta property=\"og:title\" content=\"\u00d6nerilerim ge\u00e7 de olsa dikkate al\u0131n\u0131yor. - At\u0131f \u00dcnald\u0131\" \/>\n<meta property=\"og:description\" content=\"\u00d6nerilerim ge\u00e7 de olsa dikkate al\u0131n\u0131yor. Daha \u00f6nce size yazm\u0131\u015ft\u0131m. http:\/\/atif.unaldi.org\/blog\/2010\/03\/04\/bilisim-sektoru-vizyon-politikalar-ve-tedbirler\/ \u00c7al\u0131\u015ftay ve call center konusundaki \u00f6nerilerimi. Ula\u015ft\u0131rma Bakan\u0131 Binali Y\u0131ld\u0131r\u0131m: \u201cT\u00fcrkiye, \u00e7a\u011fr\u0131 merkezi sekt\u00f6r\u00fcnde hizmet ihra\u00e7 eden bir pozisyon almal\u0131d\u0131r\u201d\" \/>\n<meta property=\"og:url\" content=\"http:\/\/atif.unaldi.org\/blog\/2011\/09\/28\/onerilerim-gec-de-olsa-dikkate-aliniyor\/\" \/>\n<meta property=\"og:site_name\" content=\"At\u0131f \u00dcnald\u0131\" \/>\n<meta property=\"article:publisher\" content=\"https:\/\/www.facebook.com\/atifunaldi\" \/>\n<meta property=\"article:author\" content=\"https:\/\/www.facebook.com\/atifunaldi\" \/>\n<meta property=\"article:published_time\" content=\"2011-09-28T11:10:03+00:00\" \/>\n<meta property=\"og:image\" content=\"http:\/\/atifunaldi.files.wordpress.com\/2011\/09\/20110929-100333.jpg\" \/>\n<meta name=\"author\" content=\"Atif Unaldi\" \/>\n<meta name=\"twitter:card\" content=\"summary_large_image\" \/>\n<meta name=\"twitter:creator\" content=\"@https:\/\/twitter.com\/atifunaldi\" \/>\n<meta name=\"twitter:site\" content=\"@atifunaldi\" \/>\n<meta name=\"twitter:label1\" content=\"Yazan:\" \/>\n\t<meta name=\"twitter:data1\" content=\"Atif Unaldi\" \/>\n\t<meta name=\"twitter:label2\" content=\"Tahmini okuma s\u00fcresi\" \/>\n\t<meta name=\"twitter:data2\" content=\"8 dakika\" \/>\n<script type=\"application\/ld+json\" class=\"yoast-schema-graph\">{\"@context\":\"https:\/\/schema.org\",\"@graph\":[{\"@type\":\"Article\",\"@id\":\"http:\/\/atif.unaldi.org\/blog\/2011\/09\/28\/onerilerim-gec-de-olsa-dikkate-aliniyor\/#article\",\"isPartOf\":{\"@id\":\"http:\/\/atif.unaldi.org\/blog\/2011\/09\/28\/onerilerim-gec-de-olsa-dikkate-aliniyor\/\"},\"author\":{\"name\":\"Atif Unaldi\",\"@id\":\"http:\/\/atif.unaldi.org\/blog\/#\/schema\/person\/608ed42ecbda2bc5cfdb767ac1db479b\"},\"headline\":\"\u00d6nerilerim ge\u00e7 de olsa dikkate al\u0131n\u0131yor.\",\"datePublished\":\"2011-09-28T11:10:03+00:00\",\"mainEntityOfPage\":{\"@id\":\"http:\/\/atif.unaldi.org\/blog\/2011\/09\/28\/onerilerim-gec-de-olsa-dikkate-aliniyor\/\"},\"wordCount\":1524,\"publisher\":{\"@id\":\"http:\/\/atif.unaldi.org\/blog\/#\/schema\/person\/608ed42ecbda2bc5cfdb767ac1db479b\"},\"image\":{\"@id\":\"http:\/\/atif.unaldi.org\/blog\/2011\/09\/28\/onerilerim-gec-de-olsa-dikkate-aliniyor\/#primaryimage\"},\"thumbnailUrl\":\"http:\/\/atifunaldi.files.wordpress.com\/2011\/09\/20110929-100333.jpg\",\"keywords\":[\"binali y\u0131ld\u0131r\u0131m\",\"\u00e7al\u0131\u015fma bakanl\u0131\u011f\u0131\",\"call center\",\"istihdam\",\"tayfun acarer\"],\"articleSection\":[\"Blogum\"],\"inLanguage\":\"tr\"},{\"@type\":\"WebPage\",\"@id\":\"http:\/\/atif.unaldi.org\/blog\/2011\/09\/28\/onerilerim-gec-de-olsa-dikkate-aliniyor\/\",\"url\":\"http:\/\/atif.unaldi.org\/blog\/2011\/09\/28\/onerilerim-gec-de-olsa-dikkate-aliniyor\/\",\"name\":\"\u00d6nerilerim ge\u00e7 de olsa dikkate al\u0131n\u0131yor. - At\u0131f \u00dcnald\u0131\",\"isPartOf\":{\"@id\":\"http:\/\/atif.unaldi.org\/blog\/#website\"},\"primaryImageOfPage\":{\"@id\":\"http:\/\/atif.unaldi.org\/blog\/2011\/09\/28\/onerilerim-gec-de-olsa-dikkate-aliniyor\/#primaryimage\"},\"image\":{\"@id\":\"http:\/\/atif.unaldi.org\/blog\/2011\/09\/28\/onerilerim-gec-de-olsa-dikkate-aliniyor\/#primaryimage\"},\"thumbnailUrl\":\"http:\/\/atifunaldi.files.wordpress.com\/2011\/09\/20110929-100333.jpg\",\"datePublished\":\"2011-09-28T11:10:03+00:00\",\"breadcrumb\":{\"@id\":\"http:\/\/atif.unaldi.org\/blog\/2011\/09\/28\/onerilerim-gec-de-olsa-dikkate-aliniyor\/#breadcrumb\"},\"inLanguage\":\"tr\",\"potentialAction\":[{\"@type\":\"ReadAction\",\"target\":[\"http:\/\/atif.unaldi.org\/blog\/2011\/09\/28\/onerilerim-gec-de-olsa-dikkate-aliniyor\/\"]}]},{\"@type\":\"ImageObject\",\"inLanguage\":\"tr\",\"@id\":\"http:\/\/atif.unaldi.org\/blog\/2011\/09\/28\/onerilerim-gec-de-olsa-dikkate-aliniyor\/#primaryimage\",\"url\":\"http:\/\/atifunaldi.files.wordpress.com\/2011\/09\/20110929-100333.jpg\",\"contentUrl\":\"http:\/\/atifunaldi.files.wordpress.com\/2011\/09\/20110929-100333.jpg\"},{\"@type\":\"BreadcrumbList\",\"@id\":\"http:\/\/atif.unaldi.org\/blog\/2011\/09\/28\/onerilerim-gec-de-olsa-dikkate-aliniyor\/#breadcrumb\",\"itemListElement\":[{\"@type\":\"ListItem\",\"position\":1,\"name\":\"Anasayfa\",\"item\":\"http:\/\/atif.unaldi.org\/blog\/\"},{\"@type\":\"ListItem\",\"position\":2,\"name\":\"\u00d6nerilerim ge\u00e7 de olsa dikkate al\u0131n\u0131yor.\"}]},{\"@type\":\"WebSite\",\"@id\":\"http:\/\/atif.unaldi.org\/blog\/#website\",\"url\":\"http:\/\/atif.unaldi.org\/blog\/\",\"name\":\"At\u0131f \u00dcnald\u0131\",\"description\":\"Yazar\",\"publisher\":{\"@id\":\"http:\/\/atif.unaldi.org\/blog\/#\/schema\/person\/608ed42ecbda2bc5cfdb767ac1db479b\"},\"alternateName\":\"At\u0131f \u00dcnald\u0131 Blog\",\"potentialAction\":[{\"@type\":\"SearchAction\",\"target\":{\"@type\":\"EntryPoint\",\"urlTemplate\":\"http:\/\/atif.unaldi.org\/blog\/?s={search_term_string}\"},\"query-input\":{\"@type\":\"PropertyValueSpecification\",\"valueRequired\":true,\"valueName\":\"search_term_string\"}}],\"inLanguage\":\"tr\"},{\"@type\":[\"Person\",\"Organization\"],\"@id\":\"http:\/\/atif.unaldi.org\/blog\/#\/schema\/person\/608ed42ecbda2bc5cfdb767ac1db479b\",\"name\":\"Atif Unaldi\",\"image\":{\"@type\":\"ImageObject\",\"inLanguage\":\"tr\",\"@id\":\"http:\/\/atif.unaldi.org\/blog\/#\/schema\/person\/image\/\",\"url\":\"http:\/\/atif.unaldi.org\/blog\/wp-content\/uploads\/2022\/10\/cropped-a94e8f7a-67c4-4d65-8a5f-032ba784be53-2.jpg\",\"contentUrl\":\"http:\/\/atif.unaldi.org\/blog\/wp-content\/uploads\/2022\/10\/cropped-a94e8f7a-67c4-4d65-8a5f-032ba784be53-2.jpg\",\"width\":512,\"height\":512,\"caption\":\"Atif Unaldi\"},\"logo\":{\"@id\":\"http:\/\/atif.unaldi.org\/blog\/#\/schema\/person\/image\/\"},\"description\":\"Bo\u011fazi\u00e7i \u00dcniversitesinde Fizik B\u00f6l\u00fcm\u00fc\u2019nde e\u011fitim ald\u0131\u011f\u0131 y\u0131llarda T\u00fcrkiye\u2019de ilk kez iki bilgisayar\u0131 telefon hatlar\u0131 \u00fczerinden konu\u015fturan BBS sistemini kurarak, T\u00fcrkiye\u2019deki ilk internet a\u011f\u0131n\u0131 olu\u015fturmu\u015ftur. Bir \u00e7ok radyo ve televizyonda program yap\u0131mc\u0131l\u0131\u011f\u0131 ve sunuculu\u011funu, bir \u00e7ok teknoloji dergisinde k\u00f6\u015fe yazarl\u0131\u011f\u0131, bili\u015fim edit\u00f6rl\u00fc\u011f\u00fc ve genel yay\u0131n y\u00f6netmenli\u011fi yapt\u0131. T\u00fcrkiye\u2019deki ilk internet servis sa\u011flay\u0131c\u0131s\u0131n\u0131n genel m\u00fcd\u00fcrl\u00fc\u011f\u00fcn\u00fc \u00fcstlendi. Bir \u00e7ok organizasyon ve kurulu\u015fta internet s\u00fcperviz\u00f6rl\u00fc\u011f\u00fc , webmaster\u2019l\u0131\u011f\u0131 , IT direkt\u00f6rl\u00fc\u011f\u00fc ve dijital projeler koordinat\u00f6rl\u00fc\u011f\u00fc g\u00f6revlerinde bulundu. Farkl\u0131 \u00fcniversitelerin farkl\u0131 fak\u00fcltelerinde \u00f6\u011fretim g\u00f6revlisi olarak bulunmu\u015f olan \u00dcnald\u0131; \u015fu an teknoloji ve pazarlama konular\u0131 ba\u015fta olmak \u00fczere bir\u00e7ok alanda hizmet veren Unaldi Consultancy\u2019nin kurucusudur. \\u2028Selin \u00dcnald\u0131 ile evlidir. Su ve Toprak isminde iki \u00e7ocu\u011fu vard\u0131r.\",\"sameAs\":[\"http:\/\/atif.unaldi.org\/blog\",\"https:\/\/www.facebook.com\/atifunaldi\",\"https:\/\/www.instagram.com\/atifunaldi\/\",\"https:\/\/www.linkedin.com\/in\/atifunaldi\",\"https:\/\/x.com\/https:\/\/twitter.com\/atifunaldi\",\"https:\/\/www.youtube.com\/c\/atifunaldi\",\"https:\/\/soundcloud.com\/atif-unaldi\",\"https:\/\/atifunaldi.tumblr.com\"],\"url\":\"http:\/\/atif.unaldi.org\/blog\/author\/atifunaldi\/\"}]}<\/script>\n<!-- \/ Yoast SEO plugin. -->","yoast_head_json":{"title":"\u00d6nerilerim ge\u00e7 de olsa dikkate al\u0131n\u0131yor. - At\u0131f \u00dcnald\u0131","robots":{"index":"index","follow":"follow","max-snippet":"max-snippet:-1","max-image-preview":"max-image-preview:large","max-video-preview":"max-video-preview:-1"},"canonical":"http:\/\/atif.unaldi.org\/blog\/2011\/09\/28\/onerilerim-gec-de-olsa-dikkate-aliniyor\/","og_locale":"tr_TR","og_type":"article","og_title":"\u00d6nerilerim ge\u00e7 de olsa dikkate al\u0131n\u0131yor. - At\u0131f \u00dcnald\u0131","og_description":"\u00d6nerilerim ge\u00e7 de olsa dikkate al\u0131n\u0131yor. Daha \u00f6nce size yazm\u0131\u015ft\u0131m. http:\/\/atif.unaldi.org\/blog\/2010\/03\/04\/bilisim-sektoru-vizyon-politikalar-ve-tedbirler\/ \u00c7al\u0131\u015ftay ve call center konusundaki \u00f6nerilerimi. Ula\u015ft\u0131rma Bakan\u0131 Binali Y\u0131ld\u0131r\u0131m: \u201cT\u00fcrkiye, \u00e7a\u011fr\u0131 merkezi sekt\u00f6r\u00fcnde hizmet ihra\u00e7 eden bir pozisyon almal\u0131d\u0131r\u201d","og_url":"http:\/\/atif.unaldi.org\/blog\/2011\/09\/28\/onerilerim-gec-de-olsa-dikkate-aliniyor\/","og_site_name":"At\u0131f \u00dcnald\u0131","article_publisher":"https:\/\/www.facebook.com\/atifunaldi","article_author":"https:\/\/www.facebook.com\/atifunaldi","article_published_time":"2011-09-28T11:10:03+00:00","og_image":[{"url":"http:\/\/atifunaldi.files.wordpress.com\/2011\/09\/20110929-100333.jpg","type":"","width":"","height":""}],"author":"Atif Unaldi","twitter_card":"summary_large_image","twitter_creator":"@https:\/\/twitter.com\/atifunaldi","twitter_site":"@atifunaldi","twitter_misc":{"Yazan:":"Atif Unaldi","Tahmini okuma s\u00fcresi":"8 dakika"},"schema":{"@context":"https:\/\/schema.org","@graph":[{"@type":"Article","@id":"http:\/\/atif.unaldi.org\/blog\/2011\/09\/28\/onerilerim-gec-de-olsa-dikkate-aliniyor\/#article","isPartOf":{"@id":"http:\/\/atif.unaldi.org\/blog\/2011\/09\/28\/onerilerim-gec-de-olsa-dikkate-aliniyor\/"},"author":{"name":"Atif Unaldi","@id":"http:\/\/atif.unaldi.org\/blog\/#\/schema\/person\/608ed42ecbda2bc5cfdb767ac1db479b"},"headline":"\u00d6nerilerim ge\u00e7 de olsa dikkate al\u0131n\u0131yor.","datePublished":"2011-09-28T11:10:03+00:00","mainEntityOfPage":{"@id":"http:\/\/atif.unaldi.org\/blog\/2011\/09\/28\/onerilerim-gec-de-olsa-dikkate-aliniyor\/"},"wordCount":1524,"publisher":{"@id":"http:\/\/atif.unaldi.org\/blog\/#\/schema\/person\/608ed42ecbda2bc5cfdb767ac1db479b"},"image":{"@id":"http:\/\/atif.unaldi.org\/blog\/2011\/09\/28\/onerilerim-gec-de-olsa-dikkate-aliniyor\/#primaryimage"},"thumbnailUrl":"http:\/\/atifunaldi.files.wordpress.com\/2011\/09\/20110929-100333.jpg","keywords":["binali y\u0131ld\u0131r\u0131m","\u00e7al\u0131\u015fma bakanl\u0131\u011f\u0131","call center","istihdam","tayfun acarer"],"articleSection":["Blogum"],"inLanguage":"tr"},{"@type":"WebPage","@id":"http:\/\/atif.unaldi.org\/blog\/2011\/09\/28\/onerilerim-gec-de-olsa-dikkate-aliniyor\/","url":"http:\/\/atif.unaldi.org\/blog\/2011\/09\/28\/onerilerim-gec-de-olsa-dikkate-aliniyor\/","name":"\u00d6nerilerim ge\u00e7 de olsa dikkate al\u0131n\u0131yor. - At\u0131f \u00dcnald\u0131","isPartOf":{"@id":"http:\/\/atif.unaldi.org\/blog\/#website"},"primaryImageOfPage":{"@id":"http:\/\/atif.unaldi.org\/blog\/2011\/09\/28\/onerilerim-gec-de-olsa-dikkate-aliniyor\/#primaryimage"},"image":{"@id":"http:\/\/atif.unaldi.org\/blog\/2011\/09\/28\/onerilerim-gec-de-olsa-dikkate-aliniyor\/#primaryimage"},"thumbnailUrl":"http:\/\/atifunaldi.files.wordpress.com\/2011\/09\/20110929-100333.jpg","datePublished":"2011-09-28T11:10:03+00:00","breadcrumb":{"@id":"http:\/\/atif.unaldi.org\/blog\/2011\/09\/28\/onerilerim-gec-de-olsa-dikkate-aliniyor\/#breadcrumb"},"inLanguage":"tr","potentialAction":[{"@type":"ReadAction","target":["http:\/\/atif.unaldi.org\/blog\/2011\/09\/28\/onerilerim-gec-de-olsa-dikkate-aliniyor\/"]}]},{"@type":"ImageObject","inLanguage":"tr","@id":"http:\/\/atif.unaldi.org\/blog\/2011\/09\/28\/onerilerim-gec-de-olsa-dikkate-aliniyor\/#primaryimage","url":"http:\/\/atifunaldi.files.wordpress.com\/2011\/09\/20110929-100333.jpg","contentUrl":"http:\/\/atifunaldi.files.wordpress.com\/2011\/09\/20110929-100333.jpg"},{"@type":"BreadcrumbList","@id":"http:\/\/atif.unaldi.org\/blog\/2011\/09\/28\/onerilerim-gec-de-olsa-dikkate-aliniyor\/#breadcrumb","itemListElement":[{"@type":"ListItem","position":1,"name":"Anasayfa","item":"http:\/\/atif.unaldi.org\/blog\/"},{"@type":"ListItem","position":2,"name":"\u00d6nerilerim ge\u00e7 de olsa dikkate al\u0131n\u0131yor."}]},{"@type":"WebSite","@id":"http:\/\/atif.unaldi.org\/blog\/#website","url":"http:\/\/atif.unaldi.org\/blog\/","name":"At\u0131f \u00dcnald\u0131","description":"Yazar","publisher":{"@id":"http:\/\/atif.unaldi.org\/blog\/#\/schema\/person\/608ed42ecbda2bc5cfdb767ac1db479b"},"alternateName":"At\u0131f \u00dcnald\u0131 Blog","potentialAction":[{"@type":"SearchAction","target":{"@type":"EntryPoint","urlTemplate":"http:\/\/atif.unaldi.org\/blog\/?s={search_term_string}"},"query-input":{"@type":"PropertyValueSpecification","valueRequired":true,"valueName":"search_term_string"}}],"inLanguage":"tr"},{"@type":["Person","Organization"],"@id":"http:\/\/atif.unaldi.org\/blog\/#\/schema\/person\/608ed42ecbda2bc5cfdb767ac1db479b","name":"Atif Unaldi","image":{"@type":"ImageObject","inLanguage":"tr","@id":"http:\/\/atif.unaldi.org\/blog\/#\/schema\/person\/image\/","url":"http:\/\/atif.unaldi.org\/blog\/wp-content\/uploads\/2022\/10\/cropped-a94e8f7a-67c4-4d65-8a5f-032ba784be53-2.jpg","contentUrl":"http:\/\/atif.unaldi.org\/blog\/wp-content\/uploads\/2022\/10\/cropped-a94e8f7a-67c4-4d65-8a5f-032ba784be53-2.jpg","width":512,"height":512,"caption":"Atif Unaldi"},"logo":{"@id":"http:\/\/atif.unaldi.org\/blog\/#\/schema\/person\/image\/"},"description":"Bo\u011fazi\u00e7i \u00dcniversitesinde Fizik B\u00f6l\u00fcm\u00fc\u2019nde e\u011fitim ald\u0131\u011f\u0131 y\u0131llarda T\u00fcrkiye\u2019de ilk kez iki bilgisayar\u0131 telefon hatlar\u0131 \u00fczerinden konu\u015fturan BBS sistemini kurarak, T\u00fcrkiye\u2019deki ilk internet a\u011f\u0131n\u0131 olu\u015fturmu\u015ftur. Bir \u00e7ok radyo ve televizyonda program yap\u0131mc\u0131l\u0131\u011f\u0131 ve sunuculu\u011funu, bir \u00e7ok teknoloji dergisinde k\u00f6\u015fe yazarl\u0131\u011f\u0131, bili\u015fim edit\u00f6rl\u00fc\u011f\u00fc ve genel yay\u0131n y\u00f6netmenli\u011fi yapt\u0131. T\u00fcrkiye\u2019deki ilk internet servis sa\u011flay\u0131c\u0131s\u0131n\u0131n genel m\u00fcd\u00fcrl\u00fc\u011f\u00fcn\u00fc \u00fcstlendi. Bir \u00e7ok organizasyon ve kurulu\u015fta internet s\u00fcperviz\u00f6rl\u00fc\u011f\u00fc , webmaster\u2019l\u0131\u011f\u0131 , IT direkt\u00f6rl\u00fc\u011f\u00fc ve dijital projeler koordinat\u00f6rl\u00fc\u011f\u00fc g\u00f6revlerinde bulundu. Farkl\u0131 \u00fcniversitelerin farkl\u0131 fak\u00fcltelerinde \u00f6\u011fretim g\u00f6revlisi olarak bulunmu\u015f olan \u00dcnald\u0131; \u015fu an teknoloji ve pazarlama konular\u0131 ba\u015fta olmak \u00fczere bir\u00e7ok alanda hizmet veren Unaldi Consultancy\u2019nin kurucusudur. \u2028Selin \u00dcnald\u0131 ile evlidir. Su ve Toprak isminde iki \u00e7ocu\u011fu vard\u0131r.","sameAs":["http:\/\/atif.unaldi.org\/blog","https:\/\/www.facebook.com\/atifunaldi","https:\/\/www.instagram.com\/atifunaldi\/","https:\/\/www.linkedin.com\/in\/atifunaldi","https:\/\/x.com\/https:\/\/twitter.com\/atifunaldi","https:\/\/www.youtube.com\/c\/atifunaldi","https:\/\/soundcloud.com\/atif-unaldi","https:\/\/atifunaldi.tumblr.com"],"url":"http:\/\/atif.unaldi.org\/blog\/author\/atifunaldi\/"}]}},"jetpack_featured_media_url":"","_links":{"self":[{"href":"http:\/\/atif.unaldi.org\/blog\/wp-json\/wp\/v2\/posts\/5988","targetHints":{"allow":["GET"]}}],"collection":[{"href":"http:\/\/atif.unaldi.org\/blog\/wp-json\/wp\/v2\/posts"}],"about":[{"href":"http:\/\/atif.unaldi.org\/blog\/wp-json\/wp\/v2\/types\/post"}],"author":[{"embeddable":true,"href":"http:\/\/atif.unaldi.org\/blog\/wp-json\/wp\/v2\/users\/2"}],"replies":[{"embeddable":true,"href":"http:\/\/atif.unaldi.org\/blog\/wp-json\/wp\/v2\/comments?post=5988"}],"version-history":[{"count":0,"href":"http:\/\/atif.unaldi.org\/blog\/wp-json\/wp\/v2\/posts\/5988\/revisions"}],"wp:attachment":[{"href":"http:\/\/atif.unaldi.org\/blog\/wp-json\/wp\/v2\/media?parent=5988"}],"wp:term":[{"taxonomy":"category","embeddable":true,"href":"http:\/\/atif.unaldi.org\/blog\/wp-json\/wp\/v2\/categories?post=5988"},{"taxonomy":"post_tag","embeddable":true,"href":"http:\/\/atif.unaldi.org\/blog\/wp-json\/wp\/v2\/tags?post=5988"}],"curies":[{"name":"wp","href":"https:\/\/api.w.org\/{rel}","templated":true}]}}