{"id":5992,"date":"2011-09-28T11:43:21","date_gmt":"2011-09-28T11:43:21","guid":{"rendered":"http:\/\/atif.unaldi.org\/blog\/?p=5992"},"modified":"2011-09-28T11:43:21","modified_gmt":"2011-09-28T11:43:21","slug":"birey-eksenli-interaktif-yayincilik-nereye-gider","status":"publish","type":"post","link":"http:\/\/atif.unaldi.org\/blog\/2011\/09\/28\/birey-eksenli-interaktif-yayincilik-nereye-gider\/","title":{"rendered":"Birey eksenli interaktif yay\u0131nc\u0131l\u0131k nereye gider?"},"content":{"rendered":"<div>Y\u0131llar \u00f6nce youtube ile ba\u015flayan internet tabanl\u0131 g\u00f6rsel yay\u0131nc\u0131l\u0131k, ilkel OTT \u00fcr\u00fcnleri ile devam etti. \u0130nternette ve yay\u0131nc\u0131l\u0131kta yeni \u00e7a\u011f\u0131n ba\u015flang\u0131c\u0131n\u0131n ismi ise IPTV oldu&#8230; IPTV sadece bir teknolojinin de\u011fil hem internet hem de g\u00f6rsel yay\u0131nc\u0131l\u0131\u011f\u0131n \u00f6nemli kilometre ta\u015flar\u0131ndan biri oldu. <!--more--><br \/>\n\u015eu anda g\u00f6r\u00fcyoruz ki; IPTV ve devam\u0131nda gelecek teknolojileri yine son kullan\u0131c\u0131, t\u00fcketici, birey belirleyecek. \u00e7\u00fcnk\u00fc yeni \u00e7a\u011f\u0131n ad\u0131 bireysel geli\u015fimin \u00e7a\u011f\u0131. Ki\u015finin \u00fcst\u00fcnl\u00fc\u011f\u00fcn\u00fc \u00f6n planda tutuyor. Sanayi devrim ile gelen toplu \u00fcretim y\u00fcz\u00fcnden satndartla\u015fan bireyi, yeni d\u00fcnyan\u0131n imkanlar\u0131 ile ki\u015fiselle\u015ftirmeye ba\u015fl\u0131yor. Bunu yapmay\u0131, milyarlara h\u00fckmeden internet teknolojileri ve \u00f6zellkle de web 2.0 \u015firketleri ba\u015flatt\u0131. Ne noktaya geldi\u011fini g\u00f6rmek istiyorsan\u0131z facebook\u2019u a\u00e7\u0131n sayfan\u0131za ge\u00e7tikten sonra size \u00f6zel yaz\u0131lar\u0131, bilgileri, foto\u011fraflar\u0131 ve payla\u015ft\u0131\u011f\u0131n\u0131z her\u015feyi \u00e7\u0131kar\u0131n. Geri kalan ki \u00e7izgi ve bir facebook logosudur asl\u0131nda as\u0131l facebook. Yani bir ba\u015fka deyi\u015fle facebook dedikleri \u015fey sizsiniz, twitter da siz ve arkada\u015flar\u0131n\u0131z. Youtube da asl\u0131nda sizsiniz.<br \/>\nPekiyi, \u015fimdi bir TV kanal\u0131 a\u00e7\u0131n ve i\u00e7inden kendinizi \u00e7\u0131kar\u0131n. Tv kanal\u0131nda sizinle ilgili bir\u015fey yok de\u011fil mi? \u00c7\u0131karacak bir\u015fey bulamad\u0131n\u0131z demek! \u0130\u015fte bu y\u00fczden facebook yeni d\u00fcnyay\u0131 TV ise eski d\u00fcnyay\u0131 temsil ediyor. \u0130\u00e7inde siz yoksan\u0131z, size \u00f6zel de\u011fildir. Size \u00f6zel de\u011filse sanayi devriminden kalan bir \u00e7aputtur. At\u0131las\u0131 bir \u00e7aput.<br \/>\nEricsson\u2019\u0131n sponsorl\u00fc\u011f\u00fcnde yazd\u0131\u011f\u0131m \u201cIPTV nedir?\u201d kitab\u0131mda ( <a href=\"http:\/\/www.amazon.com\/Iptv-Nedir-Atif-Unaldi\/dp\/B004FCSBVY\/ref=sr_1_2?ie=UTF8&amp;qid=1317209481&amp;sr=8-2\">http:\/\/www.amazon.com\/Iptv-Nedir-Atif-Unaldi\/dp\/B004FCSBVY\/ref=sr_1_2?ie=UTF8&amp;qid=1317209481&amp;sr=8-2<\/a> ), teknik grafikler neden koymad\u0131\u011f\u0131m\u0131 soran \u00e7ok insan oldu. Verdi\u011fim cevap netti.. IPTV bir teknolojinin de\u011fil bir fikrin ad\u0131d\u0131r. Teknolojiyi fikri alg\u0131lamadan yapamazs\u0131n\u0131z. Teknik bir iki grafik koymak, herkesin yapabilece\u011fi bir durumdu.<br \/>\nBen o d\u00f6nemde OTT hakk\u0131nda konu\u015fulmazken kitab\u0131mda geli\u015fmelerin OTT yakla\u015f\u0131m\u0131na sahip yepyeni bir teknolojiyi do\u011furaca\u011f\u0131n\u0131 s\u00f6ylemi\u015ftim. ( <a href=\"http:\/\/atif.unaldi.org\/blog\/2011\/05\/18\/gelecekte-iptv\/\">http:\/\/atif.unaldi.org\/blog\/2011\/05\/18\/gelecekte-iptv\/<\/a> ). Devam\u0131n\u0131 merak edenler eminim multi screen tv ile gateway tv aras\u0131nda kal\u0131yorlar. Asl\u0131nda ikisi de bilginin katagorize edilmesini isteyen bilgisayar uzmanlar\u0131n\u0131n \u00fcretti\u011fi teknolojiler gibi \u00fctopik. Sosyal a\u011flarla zincirlerinden kutulan t\u00fcketici size yeni yolu yeni y\u00f6ntemi g\u00f6sterecek.<br \/>\nBu devinim, ben seyretti\u011fim televizyon kanal\u0131ndan kendimi, sevdi\u011fim \u015feyleri \u00e7\u0131kard\u0131\u011f\u0131mda sadece o kanal\u0131n logosu kalana kadar s\u00fcrecek.<br \/>\nE\u011fer elinizdeki i\u00e7erik bu de\u011filse bilin ki kral de\u011filsiniz. Elinizdeki teknoloji buysa bilin ki \u201cGELECE\u011e\u0130N TEKNOLOJ\u0130S\u0130NE\u201d sahipsiniz!!!<\/div>\n","protected":false},"excerpt":{"rendered":"<p>Y\u0131llar \u00f6nce youtube ile ba\u015flayan internet tabanl\u0131 g\u00f6rsel yay\u0131nc\u0131l\u0131k, ilkel OTT \u00fcr\u00fcnleri ile devam etti. \u0130nternette ve yay\u0131nc\u0131l\u0131kta yeni \u00e7a\u011f\u0131n ba\u015flang\u0131c\u0131n\u0131n ismi ise IPTV oldu&#8230; IPTV sadece bir teknolojinin de\u011fil hem internet hem de g\u00f6rsel&#8230;<\/p>\n","protected":false},"author":2,"featured_media":0,"comment_status":"closed","ping_status":"open","sticky":false,"template":"","format":"standard","meta":{"footnotes":""},"categories":[25],"tags":[251,580,587,747,937,1033],"class_list":["post-5992","post","type-post","status-publish","format-standard","hentry","category-ipmedia","tag-birey-eksenli-yayincilik","tag-gateway-tv","tag-gelecegin-teknolojisi","tag-iptv","tag-multi-screen-tv","tag-ott"],"yoast_head":"<!-- This site is optimized with the Yoast SEO plugin v26.8 - https:\/\/yoast.com\/product\/yoast-seo-wordpress\/ -->\n<title>Birey eksenli interaktif yay\u0131nc\u0131l\u0131k nereye gider? - At\u0131f \u00dcnald\u0131<\/title>\n<meta name=\"robots\" content=\"index, follow, max-snippet:-1, max-image-preview:large, max-video-preview:-1\" \/>\n<link rel=\"canonical\" href=\"http:\/\/atif.unaldi.org\/blog\/2011\/09\/28\/birey-eksenli-interaktif-yayincilik-nereye-gider\/\" \/>\n<meta property=\"og:locale\" content=\"tr_TR\" \/>\n<meta property=\"og:type\" content=\"article\" \/>\n<meta property=\"og:title\" content=\"Birey eksenli interaktif yay\u0131nc\u0131l\u0131k nereye gider? - At\u0131f \u00dcnald\u0131\" \/>\n<meta property=\"og:description\" content=\"Y\u0131llar \u00f6nce youtube ile ba\u015flayan internet tabanl\u0131 g\u00f6rsel yay\u0131nc\u0131l\u0131k, ilkel OTT \u00fcr\u00fcnleri ile devam etti. \u0130nternette ve yay\u0131nc\u0131l\u0131kta yeni \u00e7a\u011f\u0131n ba\u015flang\u0131c\u0131n\u0131n ismi ise IPTV oldu&#8230; IPTV sadece bir teknolojinin de\u011fil hem internet hem de g\u00f6rsel...\" \/>\n<meta property=\"og:url\" content=\"http:\/\/atif.unaldi.org\/blog\/2011\/09\/28\/birey-eksenli-interaktif-yayincilik-nereye-gider\/\" \/>\n<meta property=\"og:site_name\" content=\"At\u0131f \u00dcnald\u0131\" \/>\n<meta property=\"article:publisher\" content=\"https:\/\/www.facebook.com\/atifunaldi\" \/>\n<meta property=\"article:author\" content=\"https:\/\/www.facebook.com\/atifunaldi\" \/>\n<meta property=\"article:published_time\" content=\"2011-09-28T11:43:21+00:00\" \/>\n<meta name=\"author\" content=\"Atif Unaldi\" \/>\n<meta name=\"twitter:card\" content=\"summary_large_image\" \/>\n<meta name=\"twitter:creator\" content=\"@https:\/\/twitter.com\/atifunaldi\" \/>\n<meta name=\"twitter:site\" content=\"@atifunaldi\" \/>\n<meta name=\"twitter:label1\" content=\"Yazan:\" \/>\n\t<meta name=\"twitter:data1\" content=\"Atif Unaldi\" \/>\n\t<meta name=\"twitter:label2\" content=\"Tahmini okuma s\u00fcresi\" \/>\n\t<meta name=\"twitter:data2\" content=\"2 dakika\" \/>\n<script type=\"application\/ld+json\" class=\"yoast-schema-graph\">{\"@context\":\"https:\/\/schema.org\",\"@graph\":[{\"@type\":\"Article\",\"@id\":\"http:\/\/atif.unaldi.org\/blog\/2011\/09\/28\/birey-eksenli-interaktif-yayincilik-nereye-gider\/#article\",\"isPartOf\":{\"@id\":\"http:\/\/atif.unaldi.org\/blog\/2011\/09\/28\/birey-eksenli-interaktif-yayincilik-nereye-gider\/\"},\"author\":{\"name\":\"Atif Unaldi\",\"@id\":\"http:\/\/atif.unaldi.org\/blog\/#\/schema\/person\/608ed42ecbda2bc5cfdb767ac1db479b\"},\"headline\":\"Birey eksenli interaktif yay\u0131nc\u0131l\u0131k nereye gider?\",\"datePublished\":\"2011-09-28T11:43:21+00:00\",\"mainEntityOfPage\":{\"@id\":\"http:\/\/atif.unaldi.org\/blog\/2011\/09\/28\/birey-eksenli-interaktif-yayincilik-nereye-gider\/\"},\"wordCount\":477,\"publisher\":{\"@id\":\"http:\/\/atif.unaldi.org\/blog\/#\/schema\/person\/608ed42ecbda2bc5cfdb767ac1db479b\"},\"keywords\":[\"birey eksenli yay\u0131nc\u0131l\u0131k\",\"gateway tv\",\"gelece\u011fin teknolojisi\",\"iptv\",\"multi screen tv\",\"ott\"],\"articleSection\":[\"- IPmedia\"],\"inLanguage\":\"tr\"},{\"@type\":\"WebPage\",\"@id\":\"http:\/\/atif.unaldi.org\/blog\/2011\/09\/28\/birey-eksenli-interaktif-yayincilik-nereye-gider\/\",\"url\":\"http:\/\/atif.unaldi.org\/blog\/2011\/09\/28\/birey-eksenli-interaktif-yayincilik-nereye-gider\/\",\"name\":\"Birey eksenli interaktif yay\u0131nc\u0131l\u0131k nereye gider? - At\u0131f \u00dcnald\u0131\",\"isPartOf\":{\"@id\":\"http:\/\/atif.unaldi.org\/blog\/#website\"},\"datePublished\":\"2011-09-28T11:43:21+00:00\",\"breadcrumb\":{\"@id\":\"http:\/\/atif.unaldi.org\/blog\/2011\/09\/28\/birey-eksenli-interaktif-yayincilik-nereye-gider\/#breadcrumb\"},\"inLanguage\":\"tr\",\"potentialAction\":[{\"@type\":\"ReadAction\",\"target\":[\"http:\/\/atif.unaldi.org\/blog\/2011\/09\/28\/birey-eksenli-interaktif-yayincilik-nereye-gider\/\"]}]},{\"@type\":\"BreadcrumbList\",\"@id\":\"http:\/\/atif.unaldi.org\/blog\/2011\/09\/28\/birey-eksenli-interaktif-yayincilik-nereye-gider\/#breadcrumb\",\"itemListElement\":[{\"@type\":\"ListItem\",\"position\":1,\"name\":\"Anasayfa\",\"item\":\"http:\/\/atif.unaldi.org\/blog\/\"},{\"@type\":\"ListItem\",\"position\":2,\"name\":\"Birey eksenli interaktif yay\u0131nc\u0131l\u0131k nereye gider?\"}]},{\"@type\":\"WebSite\",\"@id\":\"http:\/\/atif.unaldi.org\/blog\/#website\",\"url\":\"http:\/\/atif.unaldi.org\/blog\/\",\"name\":\"At\u0131f \u00dcnald\u0131\",\"description\":\"Yazar\",\"publisher\":{\"@id\":\"http:\/\/atif.unaldi.org\/blog\/#\/schema\/person\/608ed42ecbda2bc5cfdb767ac1db479b\"},\"alternateName\":\"At\u0131f \u00dcnald\u0131 Blog\",\"potentialAction\":[{\"@type\":\"SearchAction\",\"target\":{\"@type\":\"EntryPoint\",\"urlTemplate\":\"http:\/\/atif.unaldi.org\/blog\/?s={search_term_string}\"},\"query-input\":{\"@type\":\"PropertyValueSpecification\",\"valueRequired\":true,\"valueName\":\"search_term_string\"}}],\"inLanguage\":\"tr\"},{\"@type\":[\"Person\",\"Organization\"],\"@id\":\"http:\/\/atif.unaldi.org\/blog\/#\/schema\/person\/608ed42ecbda2bc5cfdb767ac1db479b\",\"name\":\"Atif Unaldi\",\"image\":{\"@type\":\"ImageObject\",\"inLanguage\":\"tr\",\"@id\":\"http:\/\/atif.unaldi.org\/blog\/#\/schema\/person\/image\/\",\"url\":\"http:\/\/atif.unaldi.org\/blog\/wp-content\/uploads\/2022\/10\/cropped-a94e8f7a-67c4-4d65-8a5f-032ba784be53-2.jpg\",\"contentUrl\":\"http:\/\/atif.unaldi.org\/blog\/wp-content\/uploads\/2022\/10\/cropped-a94e8f7a-67c4-4d65-8a5f-032ba784be53-2.jpg\",\"width\":512,\"height\":512,\"caption\":\"Atif Unaldi\"},\"logo\":{\"@id\":\"http:\/\/atif.unaldi.org\/blog\/#\/schema\/person\/image\/\"},\"description\":\"Bo\u011fazi\u00e7i \u00dcniversitesinde Fizik B\u00f6l\u00fcm\u00fc\u2019nde e\u011fitim ald\u0131\u011f\u0131 y\u0131llarda T\u00fcrkiye\u2019de ilk kez iki bilgisayar\u0131 telefon hatlar\u0131 \u00fczerinden konu\u015fturan BBS sistemini kurarak, T\u00fcrkiye\u2019deki ilk internet a\u011f\u0131n\u0131 olu\u015fturmu\u015ftur. Bir \u00e7ok radyo ve televizyonda program yap\u0131mc\u0131l\u0131\u011f\u0131 ve sunuculu\u011funu, bir \u00e7ok teknoloji dergisinde k\u00f6\u015fe yazarl\u0131\u011f\u0131, bili\u015fim edit\u00f6rl\u00fc\u011f\u00fc ve genel yay\u0131n y\u00f6netmenli\u011fi yapt\u0131. T\u00fcrkiye\u2019deki ilk internet servis sa\u011flay\u0131c\u0131s\u0131n\u0131n genel m\u00fcd\u00fcrl\u00fc\u011f\u00fcn\u00fc \u00fcstlendi. Bir \u00e7ok organizasyon ve kurulu\u015fta internet s\u00fcperviz\u00f6rl\u00fc\u011f\u00fc , webmaster\u2019l\u0131\u011f\u0131 , IT direkt\u00f6rl\u00fc\u011f\u00fc ve dijital projeler koordinat\u00f6rl\u00fc\u011f\u00fc g\u00f6revlerinde bulundu. Farkl\u0131 \u00fcniversitelerin farkl\u0131 fak\u00fcltelerinde \u00f6\u011fretim g\u00f6revlisi olarak bulunmu\u015f olan \u00dcnald\u0131; \u015fu an teknoloji ve pazarlama konular\u0131 ba\u015fta olmak \u00fczere bir\u00e7ok alanda hizmet veren Unaldi Consultancy\u2019nin kurucusudur. \\u2028Selin \u00dcnald\u0131 ile evlidir. Su ve Toprak isminde iki \u00e7ocu\u011fu vard\u0131r.\",\"sameAs\":[\"http:\/\/atif.unaldi.org\/blog\",\"https:\/\/www.facebook.com\/atifunaldi\",\"https:\/\/www.instagram.com\/atifunaldi\/\",\"https:\/\/www.linkedin.com\/in\/atifunaldi\",\"https:\/\/x.com\/https:\/\/twitter.com\/atifunaldi\",\"https:\/\/www.youtube.com\/c\/atifunaldi\",\"https:\/\/soundcloud.com\/atif-unaldi\",\"https:\/\/atifunaldi.tumblr.com\"],\"url\":\"http:\/\/atif.unaldi.org\/blog\/author\/atifunaldi\/\"}]}<\/script>\n<!-- \/ Yoast SEO plugin. -->","yoast_head_json":{"title":"Birey eksenli interaktif yay\u0131nc\u0131l\u0131k nereye gider? - At\u0131f \u00dcnald\u0131","robots":{"index":"index","follow":"follow","max-snippet":"max-snippet:-1","max-image-preview":"max-image-preview:large","max-video-preview":"max-video-preview:-1"},"canonical":"http:\/\/atif.unaldi.org\/blog\/2011\/09\/28\/birey-eksenli-interaktif-yayincilik-nereye-gider\/","og_locale":"tr_TR","og_type":"article","og_title":"Birey eksenli interaktif yay\u0131nc\u0131l\u0131k nereye gider? - At\u0131f \u00dcnald\u0131","og_description":"Y\u0131llar \u00f6nce youtube ile ba\u015flayan internet tabanl\u0131 g\u00f6rsel yay\u0131nc\u0131l\u0131k, ilkel OTT \u00fcr\u00fcnleri ile devam etti. \u0130nternette ve yay\u0131nc\u0131l\u0131kta yeni \u00e7a\u011f\u0131n ba\u015flang\u0131c\u0131n\u0131n ismi ise IPTV oldu&#8230; IPTV sadece bir teknolojinin de\u011fil hem internet hem de g\u00f6rsel...","og_url":"http:\/\/atif.unaldi.org\/blog\/2011\/09\/28\/birey-eksenli-interaktif-yayincilik-nereye-gider\/","og_site_name":"At\u0131f \u00dcnald\u0131","article_publisher":"https:\/\/www.facebook.com\/atifunaldi","article_author":"https:\/\/www.facebook.com\/atifunaldi","article_published_time":"2011-09-28T11:43:21+00:00","author":"Atif Unaldi","twitter_card":"summary_large_image","twitter_creator":"@https:\/\/twitter.com\/atifunaldi","twitter_site":"@atifunaldi","twitter_misc":{"Yazan:":"Atif Unaldi","Tahmini okuma s\u00fcresi":"2 dakika"},"schema":{"@context":"https:\/\/schema.org","@graph":[{"@type":"Article","@id":"http:\/\/atif.unaldi.org\/blog\/2011\/09\/28\/birey-eksenli-interaktif-yayincilik-nereye-gider\/#article","isPartOf":{"@id":"http:\/\/atif.unaldi.org\/blog\/2011\/09\/28\/birey-eksenli-interaktif-yayincilik-nereye-gider\/"},"author":{"name":"Atif Unaldi","@id":"http:\/\/atif.unaldi.org\/blog\/#\/schema\/person\/608ed42ecbda2bc5cfdb767ac1db479b"},"headline":"Birey eksenli interaktif yay\u0131nc\u0131l\u0131k nereye gider?","datePublished":"2011-09-28T11:43:21+00:00","mainEntityOfPage":{"@id":"http:\/\/atif.unaldi.org\/blog\/2011\/09\/28\/birey-eksenli-interaktif-yayincilik-nereye-gider\/"},"wordCount":477,"publisher":{"@id":"http:\/\/atif.unaldi.org\/blog\/#\/schema\/person\/608ed42ecbda2bc5cfdb767ac1db479b"},"keywords":["birey eksenli yay\u0131nc\u0131l\u0131k","gateway tv","gelece\u011fin teknolojisi","iptv","multi screen tv","ott"],"articleSection":["- IPmedia"],"inLanguage":"tr"},{"@type":"WebPage","@id":"http:\/\/atif.unaldi.org\/blog\/2011\/09\/28\/birey-eksenli-interaktif-yayincilik-nereye-gider\/","url":"http:\/\/atif.unaldi.org\/blog\/2011\/09\/28\/birey-eksenli-interaktif-yayincilik-nereye-gider\/","name":"Birey eksenli interaktif yay\u0131nc\u0131l\u0131k nereye gider? - At\u0131f \u00dcnald\u0131","isPartOf":{"@id":"http:\/\/atif.unaldi.org\/blog\/#website"},"datePublished":"2011-09-28T11:43:21+00:00","breadcrumb":{"@id":"http:\/\/atif.unaldi.org\/blog\/2011\/09\/28\/birey-eksenli-interaktif-yayincilik-nereye-gider\/#breadcrumb"},"inLanguage":"tr","potentialAction":[{"@type":"ReadAction","target":["http:\/\/atif.unaldi.org\/blog\/2011\/09\/28\/birey-eksenli-interaktif-yayincilik-nereye-gider\/"]}]},{"@type":"BreadcrumbList","@id":"http:\/\/atif.unaldi.org\/blog\/2011\/09\/28\/birey-eksenli-interaktif-yayincilik-nereye-gider\/#breadcrumb","itemListElement":[{"@type":"ListItem","position":1,"name":"Anasayfa","item":"http:\/\/atif.unaldi.org\/blog\/"},{"@type":"ListItem","position":2,"name":"Birey eksenli interaktif yay\u0131nc\u0131l\u0131k nereye gider?"}]},{"@type":"WebSite","@id":"http:\/\/atif.unaldi.org\/blog\/#website","url":"http:\/\/atif.unaldi.org\/blog\/","name":"At\u0131f \u00dcnald\u0131","description":"Yazar","publisher":{"@id":"http:\/\/atif.unaldi.org\/blog\/#\/schema\/person\/608ed42ecbda2bc5cfdb767ac1db479b"},"alternateName":"At\u0131f \u00dcnald\u0131 Blog","potentialAction":[{"@type":"SearchAction","target":{"@type":"EntryPoint","urlTemplate":"http:\/\/atif.unaldi.org\/blog\/?s={search_term_string}"},"query-input":{"@type":"PropertyValueSpecification","valueRequired":true,"valueName":"search_term_string"}}],"inLanguage":"tr"},{"@type":["Person","Organization"],"@id":"http:\/\/atif.unaldi.org\/blog\/#\/schema\/person\/608ed42ecbda2bc5cfdb767ac1db479b","name":"Atif Unaldi","image":{"@type":"ImageObject","inLanguage":"tr","@id":"http:\/\/atif.unaldi.org\/blog\/#\/schema\/person\/image\/","url":"http:\/\/atif.unaldi.org\/blog\/wp-content\/uploads\/2022\/10\/cropped-a94e8f7a-67c4-4d65-8a5f-032ba784be53-2.jpg","contentUrl":"http:\/\/atif.unaldi.org\/blog\/wp-content\/uploads\/2022\/10\/cropped-a94e8f7a-67c4-4d65-8a5f-032ba784be53-2.jpg","width":512,"height":512,"caption":"Atif Unaldi"},"logo":{"@id":"http:\/\/atif.unaldi.org\/blog\/#\/schema\/person\/image\/"},"description":"Bo\u011fazi\u00e7i \u00dcniversitesinde Fizik B\u00f6l\u00fcm\u00fc\u2019nde e\u011fitim ald\u0131\u011f\u0131 y\u0131llarda T\u00fcrkiye\u2019de ilk kez iki bilgisayar\u0131 telefon hatlar\u0131 \u00fczerinden konu\u015fturan BBS sistemini kurarak, T\u00fcrkiye\u2019deki ilk internet a\u011f\u0131n\u0131 olu\u015fturmu\u015ftur. Bir \u00e7ok radyo ve televizyonda program yap\u0131mc\u0131l\u0131\u011f\u0131 ve sunuculu\u011funu, bir \u00e7ok teknoloji dergisinde k\u00f6\u015fe yazarl\u0131\u011f\u0131, bili\u015fim edit\u00f6rl\u00fc\u011f\u00fc ve genel yay\u0131n y\u00f6netmenli\u011fi yapt\u0131. T\u00fcrkiye\u2019deki ilk internet servis sa\u011flay\u0131c\u0131s\u0131n\u0131n genel m\u00fcd\u00fcrl\u00fc\u011f\u00fcn\u00fc \u00fcstlendi. Bir \u00e7ok organizasyon ve kurulu\u015fta internet s\u00fcperviz\u00f6rl\u00fc\u011f\u00fc , webmaster\u2019l\u0131\u011f\u0131 , IT direkt\u00f6rl\u00fc\u011f\u00fc ve dijital projeler koordinat\u00f6rl\u00fc\u011f\u00fc g\u00f6revlerinde bulundu. Farkl\u0131 \u00fcniversitelerin farkl\u0131 fak\u00fcltelerinde \u00f6\u011fretim g\u00f6revlisi olarak bulunmu\u015f olan \u00dcnald\u0131; \u015fu an teknoloji ve pazarlama konular\u0131 ba\u015fta olmak \u00fczere bir\u00e7ok alanda hizmet veren Unaldi Consultancy\u2019nin kurucusudur. \u2028Selin \u00dcnald\u0131 ile evlidir. Su ve Toprak isminde iki \u00e7ocu\u011fu vard\u0131r.","sameAs":["http:\/\/atif.unaldi.org\/blog","https:\/\/www.facebook.com\/atifunaldi","https:\/\/www.instagram.com\/atifunaldi\/","https:\/\/www.linkedin.com\/in\/atifunaldi","https:\/\/x.com\/https:\/\/twitter.com\/atifunaldi","https:\/\/www.youtube.com\/c\/atifunaldi","https:\/\/soundcloud.com\/atif-unaldi","https:\/\/atifunaldi.tumblr.com"],"url":"http:\/\/atif.unaldi.org\/blog\/author\/atifunaldi\/"}]}},"jetpack_featured_media_url":"","_links":{"self":[{"href":"http:\/\/atif.unaldi.org\/blog\/wp-json\/wp\/v2\/posts\/5992","targetHints":{"allow":["GET"]}}],"collection":[{"href":"http:\/\/atif.unaldi.org\/blog\/wp-json\/wp\/v2\/posts"}],"about":[{"href":"http:\/\/atif.unaldi.org\/blog\/wp-json\/wp\/v2\/types\/post"}],"author":[{"embeddable":true,"href":"http:\/\/atif.unaldi.org\/blog\/wp-json\/wp\/v2\/users\/2"}],"replies":[{"embeddable":true,"href":"http:\/\/atif.unaldi.org\/blog\/wp-json\/wp\/v2\/comments?post=5992"}],"version-history":[{"count":0,"href":"http:\/\/atif.unaldi.org\/blog\/wp-json\/wp\/v2\/posts\/5992\/revisions"}],"wp:attachment":[{"href":"http:\/\/atif.unaldi.org\/blog\/wp-json\/wp\/v2\/media?parent=5992"}],"wp:term":[{"taxonomy":"category","embeddable":true,"href":"http:\/\/atif.unaldi.org\/blog\/wp-json\/wp\/v2\/categories?post=5992"},{"taxonomy":"post_tag","embeddable":true,"href":"http:\/\/atif.unaldi.org\/blog\/wp-json\/wp\/v2\/tags?post=5992"}],"curies":[{"name":"wp","href":"https:\/\/api.w.org\/{rel}","templated":true}]}}