{"id":6184,"date":"2011-12-08T10:53:36","date_gmt":"2011-12-08T10:53:36","guid":{"rendered":"http:\/\/atif.unaldi.org\/blog\/?p=6184"},"modified":"2011-12-08T10:53:36","modified_gmt":"2011-12-08T10:53:36","slug":"samsung-daha-iyi-birdokunmatik-ekran-deneyimi-vaad-ediyor","status":"publish","type":"post","link":"http:\/\/atif.unaldi.org\/blog\/2011\/12\/08\/samsung-daha-iyi-birdokunmatik-ekran-deneyimi-vaad-ediyor\/","title":{"rendered":"Samsung daha iyi birdokunmatik ekran deneyimi vaad ediyor"},"content":{"rendered":"<p>T\u00fcketici elektroni\u011finin lider isimlerinden Samsung y\u00fcksek d\u00fczeyde geli\u015fmi\u015f optik alg\u0131lama \u00f6zelli\u011fine sahip &#8220;Dahili Optik Sens\u00f6r&#8221;l\u00fc 40 in\u00e7lik LCD ekranlar\u0131n seri \u00fcretimine ba\u015flad\u0131\u011f\u0131n\u0131 duyurdu. Dahili Optik Sens\u00f6rl\u00fc (Optical Sensor in Pixel) LCD ekran, bir objenin ekran \u00fczerindeki yans\u0131yan g\u00f6r\u00fcnt\u00fcs\u00fcn\u00fc yerle\u015fik k\u0131z\u0131l\u00f6tesi sens\u00f6rleriyle tespit ediyor. Yeni ekran, her bir pixelde bulunan optik sens\u00f6rler ile mevcut dokunmatik ekranlara oranla dokunmaya duyarl\u0131l\u0131k d\u00fczeyini \u00e7ok daha kesin ve do\u011fru \u015fekilde de\u011ferlendirebiliyor.<\/p>\n<p>Dahili Optik Sens\u00f6rl\u00fc LCD ekran gelecek nesil g\u00f6r\u00fcnt\u00fc alg\u0131lama teknolojisini kullanarak 50&#8217;den fazla dokunma noktas\u0131n\u0131 ayn\u0131 anda alg\u0131l\u0131yor ve g\u00f6r\u00fcnt\u00fcleri Full HD \u00e7\u00f6z\u00fcn\u00fcrl\u00fc\u011f\u00fcnde ve geni\u015f izleme a\u00e7\u0131s\u0131yla g\u00f6steriyor. Ayr\u0131ca bir klavyenin, farenin ya da taray\u0131c\u0131n\u0131n t\u00fcm veri giri\u015f fonksiyonlar\u0131 ekran\u0131n \u00fczerinde yerine getirilebiliyor. Ekran farkl\u0131 bir\u00e7ok uygulama i\u00e7inde kurulabiliyor. Bu uygulamalar aras\u0131nda masa\u00fcst\u00fc sistemler ve duvara monte sistemler de yer al\u0131yor. K\u0131r\u0131lmaz cam\u0131 \u00fcst\u00fcnde 80 kilogram a\u011f\u0131rl\u0131\u011f\u0131 kald\u0131rabilecek g\u00fc\u00e7te.<\/p>\n<p>Ekran, g\u00fcn\u00fcm\u00fcz\u00fcn dokunmatik kiosk ekranlar\u0131n\u0131n sundu\u011fu tek y\u00f6nl\u00fc ileti\u015fimle kar\u015f\u0131la\u015ft\u0131r\u0131ld\u0131\u011f\u0131nda, tek dokunu\u015f ve e\u015fzamanl\u0131 birden \u00e7ok dokunu\u015fu alg\u0131layabildi\u011fi ve g\u00f6r\u00fcnt\u00fcleri de e\u015f zamanl\u0131 g\u00f6sterebildi\u011fi i\u00e7in, interaktif ileti\u015fimde yeni bir t\u00fcr olarak \u00f6ne \u00e7\u0131k\u0131yor.<\/p>\n<p>Samsung&#8217;un &#8216;optical sensing per pixel&#8217; teknolojisi ekran \u00fczerinde g\u00f6sterilen g\u00f6r\u00fcnt\u00fc sinyallerini bozmadan g\u00f6r\u00fcnt\u00fc alg\u0131lama i\u015flevini yerine getirebildi\u011fi i\u00e7in, borsa arac\u0131 kurumlar\u0131 ve finansal analistler de dahil olmak \u00fczere bir\u00e7ok profesyonel uzman taraf\u0131ndan olumlu kar\u015f\u0131lanacak. Ayr\u0131ca okullara ya da \u015firketlerin konferans salonlar\u0131na y\u00f6nelik eDesk uygulamalar\u0131 i\u00e7in de rahatl\u0131kla<br \/>\nkullan\u0131labilecek.<\/p>\n<p>Dahili Optik Sens\u00f6rl\u00fc LCD ekran Samsung&#8217;unMicrosoft(R)Surface(R) i\u00e7in Microsoft ile birlikte tasarlad\u0131\u011f\u0131 masa\u00fcst\u00fc PC \u00fcr\u00fcn\u00fc SUR40&#8217;ta kullan\u0131ld\u0131.SUR 40 i\u00e7in \u00f6n sipari\u015fler ge\u00e7ti\u011fimiz ay al\u0131nmaya ba\u015fland\u0131.<\/p>\n<p>Samsung Electronics&#8217;in LCD Birimi&#8217;nden Sorumlu Ba\u015fkan Yard\u0131mc\u0131s\u0131 ve Sat\u0131\u015f ve Pazarlama Ba\u015fkan\u0131 Younghwan Park, &#8220;Dahili Optik Sens\u00f6rl\u00fc LCD ekran\u0131m\u0131z bir\u00e7ok interaktif ekran\u0131n etkinli\u011fini azaltan dokunmatik i\u015flevlerle ilgili k\u0131s\u0131tlamalar\u0131 ortadan kald\u0131rd\u0131. Samsung, d\u00fcnyada ilk kez Dahili Optik Sens\u00f6rl\u00fc LCD&#8217;lerin seri \u00fcretimine ba\u015flayarak, d\u00fcnyada interaktif ekran pazar\u0131nda liderli\u011fe g\u00f6z\u00fcne dikti.&#8221; dedi.<br \/>\n<\/p>\n","protected":false},"excerpt":{"rendered":"<p>T\u00fcketici elektroni\u011finin lider isimlerinden Samsung y\u00fcksek d\u00fczeyde geli\u015fmi\u015f optik alg\u0131lama \u00f6zelli\u011fine sahip &#8220;Dahili Optik Sens\u00f6r&#8221;l\u00fc 40 in\u00e7lik LCD ekranlar\u0131n seri \u00fcretimine ba\u015flad\u0131\u011f\u0131n\u0131 duyurdu. Dahili Optik Sens\u00f6rl\u00fc (Optical Sensor in Pixel) LCD ekran, bir objenin ekran&#8230;<\/p>\n","protected":false},"author":2,"featured_media":0,"comment_status":"closed","ping_status":"open","sticky":false,"template":"","format":"standard","meta":{"footnotes":""},"categories":[3],"tags":[],"class_list":["post-6184","post","type-post","status-publish","format-standard","hentry","category-blogum"],"yoast_head":"<!-- This site is optimized with the Yoast SEO plugin v26.8 - https:\/\/yoast.com\/product\/yoast-seo-wordpress\/ -->\n<title>Samsung daha iyi birdokunmatik ekran deneyimi vaad ediyor - At\u0131f \u00dcnald\u0131<\/title>\n<meta name=\"robots\" content=\"index, follow, max-snippet:-1, max-image-preview:large, max-video-preview:-1\" \/>\n<link rel=\"canonical\" href=\"http:\/\/atif.unaldi.org\/blog\/2011\/12\/08\/samsung-daha-iyi-birdokunmatik-ekran-deneyimi-vaad-ediyor\/\" \/>\n<meta property=\"og:locale\" content=\"tr_TR\" \/>\n<meta property=\"og:type\" content=\"article\" \/>\n<meta property=\"og:title\" content=\"Samsung daha iyi birdokunmatik ekran deneyimi vaad ediyor - At\u0131f \u00dcnald\u0131\" \/>\n<meta property=\"og:description\" content=\"T\u00fcketici elektroni\u011finin lider isimlerinden Samsung y\u00fcksek d\u00fczeyde geli\u015fmi\u015f optik alg\u0131lama \u00f6zelli\u011fine sahip &#8220;Dahili Optik Sens\u00f6r&#8221;l\u00fc 40 in\u00e7lik LCD ekranlar\u0131n seri \u00fcretimine ba\u015flad\u0131\u011f\u0131n\u0131 duyurdu. Dahili Optik Sens\u00f6rl\u00fc (Optical Sensor in Pixel) LCD ekran, bir objenin ekran...\" \/>\n<meta property=\"og:url\" content=\"http:\/\/atif.unaldi.org\/blog\/2011\/12\/08\/samsung-daha-iyi-birdokunmatik-ekran-deneyimi-vaad-ediyor\/\" \/>\n<meta property=\"og:site_name\" content=\"At\u0131f \u00dcnald\u0131\" \/>\n<meta property=\"article:publisher\" content=\"https:\/\/www.facebook.com\/atifunaldi\" \/>\n<meta property=\"article:author\" content=\"https:\/\/www.facebook.com\/atifunaldi\" \/>\n<meta property=\"article:published_time\" content=\"2011-12-08T10:53:36+00:00\" \/>\n<meta name=\"author\" content=\"Atif Unaldi\" \/>\n<meta name=\"twitter:card\" content=\"summary_large_image\" \/>\n<meta name=\"twitter:creator\" content=\"@https:\/\/twitter.com\/atifunaldi\" \/>\n<meta name=\"twitter:site\" content=\"@atifunaldi\" \/>\n<meta name=\"twitter:label1\" content=\"Yazan:\" \/>\n\t<meta name=\"twitter:data1\" content=\"Atif Unaldi\" \/>\n\t<meta name=\"twitter:label2\" content=\"Tahmini okuma s\u00fcresi\" \/>\n\t<meta name=\"twitter:data2\" content=\"2 dakika\" \/>\n<script type=\"application\/ld+json\" class=\"yoast-schema-graph\">{\"@context\":\"https:\/\/schema.org\",\"@graph\":[{\"@type\":\"Article\",\"@id\":\"http:\/\/atif.unaldi.org\/blog\/2011\/12\/08\/samsung-daha-iyi-birdokunmatik-ekran-deneyimi-vaad-ediyor\/#article\",\"isPartOf\":{\"@id\":\"http:\/\/atif.unaldi.org\/blog\/2011\/12\/08\/samsung-daha-iyi-birdokunmatik-ekran-deneyimi-vaad-ediyor\/\"},\"author\":{\"name\":\"Atif Unaldi\",\"@id\":\"http:\/\/atif.unaldi.org\/blog\/#\/schema\/person\/608ed42ecbda2bc5cfdb767ac1db479b\"},\"headline\":\"Samsung daha iyi birdokunmatik ekran deneyimi vaad ediyor\",\"datePublished\":\"2011-12-08T10:53:36+00:00\",\"mainEntityOfPage\":{\"@id\":\"http:\/\/atif.unaldi.org\/blog\/2011\/12\/08\/samsung-daha-iyi-birdokunmatik-ekran-deneyimi-vaad-ediyor\/\"},\"wordCount\":441,\"publisher\":{\"@id\":\"http:\/\/atif.unaldi.org\/blog\/#\/schema\/person\/608ed42ecbda2bc5cfdb767ac1db479b\"},\"articleSection\":[\"Blogum\"],\"inLanguage\":\"tr\"},{\"@type\":\"WebPage\",\"@id\":\"http:\/\/atif.unaldi.org\/blog\/2011\/12\/08\/samsung-daha-iyi-birdokunmatik-ekran-deneyimi-vaad-ediyor\/\",\"url\":\"http:\/\/atif.unaldi.org\/blog\/2011\/12\/08\/samsung-daha-iyi-birdokunmatik-ekran-deneyimi-vaad-ediyor\/\",\"name\":\"Samsung daha iyi birdokunmatik ekran deneyimi vaad ediyor - At\u0131f \u00dcnald\u0131\",\"isPartOf\":{\"@id\":\"http:\/\/atif.unaldi.org\/blog\/#website\"},\"datePublished\":\"2011-12-08T10:53:36+00:00\",\"breadcrumb\":{\"@id\":\"http:\/\/atif.unaldi.org\/blog\/2011\/12\/08\/samsung-daha-iyi-birdokunmatik-ekran-deneyimi-vaad-ediyor\/#breadcrumb\"},\"inLanguage\":\"tr\",\"potentialAction\":[{\"@type\":\"ReadAction\",\"target\":[\"http:\/\/atif.unaldi.org\/blog\/2011\/12\/08\/samsung-daha-iyi-birdokunmatik-ekran-deneyimi-vaad-ediyor\/\"]}]},{\"@type\":\"BreadcrumbList\",\"@id\":\"http:\/\/atif.unaldi.org\/blog\/2011\/12\/08\/samsung-daha-iyi-birdokunmatik-ekran-deneyimi-vaad-ediyor\/#breadcrumb\",\"itemListElement\":[{\"@type\":\"ListItem\",\"position\":1,\"name\":\"Anasayfa\",\"item\":\"http:\/\/atif.unaldi.org\/blog\/\"},{\"@type\":\"ListItem\",\"position\":2,\"name\":\"Samsung daha iyi birdokunmatik ekran deneyimi vaad ediyor\"}]},{\"@type\":\"WebSite\",\"@id\":\"http:\/\/atif.unaldi.org\/blog\/#website\",\"url\":\"http:\/\/atif.unaldi.org\/blog\/\",\"name\":\"At\u0131f \u00dcnald\u0131\",\"description\":\"Yazar\",\"publisher\":{\"@id\":\"http:\/\/atif.unaldi.org\/blog\/#\/schema\/person\/608ed42ecbda2bc5cfdb767ac1db479b\"},\"alternateName\":\"At\u0131f \u00dcnald\u0131 Blog\",\"potentialAction\":[{\"@type\":\"SearchAction\",\"target\":{\"@type\":\"EntryPoint\",\"urlTemplate\":\"http:\/\/atif.unaldi.org\/blog\/?s={search_term_string}\"},\"query-input\":{\"@type\":\"PropertyValueSpecification\",\"valueRequired\":true,\"valueName\":\"search_term_string\"}}],\"inLanguage\":\"tr\"},{\"@type\":[\"Person\",\"Organization\"],\"@id\":\"http:\/\/atif.unaldi.org\/blog\/#\/schema\/person\/608ed42ecbda2bc5cfdb767ac1db479b\",\"name\":\"Atif Unaldi\",\"image\":{\"@type\":\"ImageObject\",\"inLanguage\":\"tr\",\"@id\":\"http:\/\/atif.unaldi.org\/blog\/#\/schema\/person\/image\/\",\"url\":\"http:\/\/atif.unaldi.org\/blog\/wp-content\/uploads\/2022\/10\/cropped-a94e8f7a-67c4-4d65-8a5f-032ba784be53-2.jpg\",\"contentUrl\":\"http:\/\/atif.unaldi.org\/blog\/wp-content\/uploads\/2022\/10\/cropped-a94e8f7a-67c4-4d65-8a5f-032ba784be53-2.jpg\",\"width\":512,\"height\":512,\"caption\":\"Atif Unaldi\"},\"logo\":{\"@id\":\"http:\/\/atif.unaldi.org\/blog\/#\/schema\/person\/image\/\"},\"description\":\"Bo\u011fazi\u00e7i \u00dcniversitesinde Fizik B\u00f6l\u00fcm\u00fc\u2019nde e\u011fitim ald\u0131\u011f\u0131 y\u0131llarda T\u00fcrkiye\u2019de ilk kez iki bilgisayar\u0131 telefon hatlar\u0131 \u00fczerinden konu\u015fturan BBS sistemini kurarak, T\u00fcrkiye\u2019deki ilk internet a\u011f\u0131n\u0131 olu\u015fturmu\u015ftur. Bir \u00e7ok radyo ve televizyonda program yap\u0131mc\u0131l\u0131\u011f\u0131 ve sunuculu\u011funu, bir \u00e7ok teknoloji dergisinde k\u00f6\u015fe yazarl\u0131\u011f\u0131, bili\u015fim edit\u00f6rl\u00fc\u011f\u00fc ve genel yay\u0131n y\u00f6netmenli\u011fi yapt\u0131. T\u00fcrkiye\u2019deki ilk internet servis sa\u011flay\u0131c\u0131s\u0131n\u0131n genel m\u00fcd\u00fcrl\u00fc\u011f\u00fcn\u00fc \u00fcstlendi. Bir \u00e7ok organizasyon ve kurulu\u015fta internet s\u00fcperviz\u00f6rl\u00fc\u011f\u00fc , webmaster\u2019l\u0131\u011f\u0131 , IT direkt\u00f6rl\u00fc\u011f\u00fc ve dijital projeler koordinat\u00f6rl\u00fc\u011f\u00fc g\u00f6revlerinde bulundu. Farkl\u0131 \u00fcniversitelerin farkl\u0131 fak\u00fcltelerinde \u00f6\u011fretim g\u00f6revlisi olarak bulunmu\u015f olan \u00dcnald\u0131; \u015fu an teknoloji ve pazarlama konular\u0131 ba\u015fta olmak \u00fczere bir\u00e7ok alanda hizmet veren Unaldi Consultancy\u2019nin kurucusudur. \\u2028Selin \u00dcnald\u0131 ile evlidir. Su ve Toprak isminde iki \u00e7ocu\u011fu vard\u0131r.\",\"sameAs\":[\"http:\/\/atif.unaldi.org\/blog\",\"https:\/\/www.facebook.com\/atifunaldi\",\"https:\/\/www.instagram.com\/atifunaldi\/\",\"https:\/\/www.linkedin.com\/in\/atifunaldi\",\"https:\/\/x.com\/https:\/\/twitter.com\/atifunaldi\",\"https:\/\/www.youtube.com\/c\/atifunaldi\",\"https:\/\/soundcloud.com\/atif-unaldi\",\"https:\/\/atifunaldi.tumblr.com\"],\"url\":\"http:\/\/atif.unaldi.org\/blog\/author\/atifunaldi\/\"}]}<\/script>\n<!-- \/ Yoast SEO plugin. -->","yoast_head_json":{"title":"Samsung daha iyi birdokunmatik ekran deneyimi vaad ediyor - At\u0131f \u00dcnald\u0131","robots":{"index":"index","follow":"follow","max-snippet":"max-snippet:-1","max-image-preview":"max-image-preview:large","max-video-preview":"max-video-preview:-1"},"canonical":"http:\/\/atif.unaldi.org\/blog\/2011\/12\/08\/samsung-daha-iyi-birdokunmatik-ekran-deneyimi-vaad-ediyor\/","og_locale":"tr_TR","og_type":"article","og_title":"Samsung daha iyi birdokunmatik ekran deneyimi vaad ediyor - At\u0131f \u00dcnald\u0131","og_description":"T\u00fcketici elektroni\u011finin lider isimlerinden Samsung y\u00fcksek d\u00fczeyde geli\u015fmi\u015f optik alg\u0131lama \u00f6zelli\u011fine sahip &#8220;Dahili Optik Sens\u00f6r&#8221;l\u00fc 40 in\u00e7lik LCD ekranlar\u0131n seri \u00fcretimine ba\u015flad\u0131\u011f\u0131n\u0131 duyurdu. Dahili Optik Sens\u00f6rl\u00fc (Optical Sensor in Pixel) LCD ekran, bir objenin ekran...","og_url":"http:\/\/atif.unaldi.org\/blog\/2011\/12\/08\/samsung-daha-iyi-birdokunmatik-ekran-deneyimi-vaad-ediyor\/","og_site_name":"At\u0131f \u00dcnald\u0131","article_publisher":"https:\/\/www.facebook.com\/atifunaldi","article_author":"https:\/\/www.facebook.com\/atifunaldi","article_published_time":"2011-12-08T10:53:36+00:00","author":"Atif Unaldi","twitter_card":"summary_large_image","twitter_creator":"@https:\/\/twitter.com\/atifunaldi","twitter_site":"@atifunaldi","twitter_misc":{"Yazan:":"Atif Unaldi","Tahmini okuma s\u00fcresi":"2 dakika"},"schema":{"@context":"https:\/\/schema.org","@graph":[{"@type":"Article","@id":"http:\/\/atif.unaldi.org\/blog\/2011\/12\/08\/samsung-daha-iyi-birdokunmatik-ekran-deneyimi-vaad-ediyor\/#article","isPartOf":{"@id":"http:\/\/atif.unaldi.org\/blog\/2011\/12\/08\/samsung-daha-iyi-birdokunmatik-ekran-deneyimi-vaad-ediyor\/"},"author":{"name":"Atif Unaldi","@id":"http:\/\/atif.unaldi.org\/blog\/#\/schema\/person\/608ed42ecbda2bc5cfdb767ac1db479b"},"headline":"Samsung daha iyi birdokunmatik ekran deneyimi vaad ediyor","datePublished":"2011-12-08T10:53:36+00:00","mainEntityOfPage":{"@id":"http:\/\/atif.unaldi.org\/blog\/2011\/12\/08\/samsung-daha-iyi-birdokunmatik-ekran-deneyimi-vaad-ediyor\/"},"wordCount":441,"publisher":{"@id":"http:\/\/atif.unaldi.org\/blog\/#\/schema\/person\/608ed42ecbda2bc5cfdb767ac1db479b"},"articleSection":["Blogum"],"inLanguage":"tr"},{"@type":"WebPage","@id":"http:\/\/atif.unaldi.org\/blog\/2011\/12\/08\/samsung-daha-iyi-birdokunmatik-ekran-deneyimi-vaad-ediyor\/","url":"http:\/\/atif.unaldi.org\/blog\/2011\/12\/08\/samsung-daha-iyi-birdokunmatik-ekran-deneyimi-vaad-ediyor\/","name":"Samsung daha iyi birdokunmatik ekran deneyimi vaad ediyor - At\u0131f \u00dcnald\u0131","isPartOf":{"@id":"http:\/\/atif.unaldi.org\/blog\/#website"},"datePublished":"2011-12-08T10:53:36+00:00","breadcrumb":{"@id":"http:\/\/atif.unaldi.org\/blog\/2011\/12\/08\/samsung-daha-iyi-birdokunmatik-ekran-deneyimi-vaad-ediyor\/#breadcrumb"},"inLanguage":"tr","potentialAction":[{"@type":"ReadAction","target":["http:\/\/atif.unaldi.org\/blog\/2011\/12\/08\/samsung-daha-iyi-birdokunmatik-ekran-deneyimi-vaad-ediyor\/"]}]},{"@type":"BreadcrumbList","@id":"http:\/\/atif.unaldi.org\/blog\/2011\/12\/08\/samsung-daha-iyi-birdokunmatik-ekran-deneyimi-vaad-ediyor\/#breadcrumb","itemListElement":[{"@type":"ListItem","position":1,"name":"Anasayfa","item":"http:\/\/atif.unaldi.org\/blog\/"},{"@type":"ListItem","position":2,"name":"Samsung daha iyi birdokunmatik ekran deneyimi vaad ediyor"}]},{"@type":"WebSite","@id":"http:\/\/atif.unaldi.org\/blog\/#website","url":"http:\/\/atif.unaldi.org\/blog\/","name":"At\u0131f \u00dcnald\u0131","description":"Yazar","publisher":{"@id":"http:\/\/atif.unaldi.org\/blog\/#\/schema\/person\/608ed42ecbda2bc5cfdb767ac1db479b"},"alternateName":"At\u0131f \u00dcnald\u0131 Blog","potentialAction":[{"@type":"SearchAction","target":{"@type":"EntryPoint","urlTemplate":"http:\/\/atif.unaldi.org\/blog\/?s={search_term_string}"},"query-input":{"@type":"PropertyValueSpecification","valueRequired":true,"valueName":"search_term_string"}}],"inLanguage":"tr"},{"@type":["Person","Organization"],"@id":"http:\/\/atif.unaldi.org\/blog\/#\/schema\/person\/608ed42ecbda2bc5cfdb767ac1db479b","name":"Atif Unaldi","image":{"@type":"ImageObject","inLanguage":"tr","@id":"http:\/\/atif.unaldi.org\/blog\/#\/schema\/person\/image\/","url":"http:\/\/atif.unaldi.org\/blog\/wp-content\/uploads\/2022\/10\/cropped-a94e8f7a-67c4-4d65-8a5f-032ba784be53-2.jpg","contentUrl":"http:\/\/atif.unaldi.org\/blog\/wp-content\/uploads\/2022\/10\/cropped-a94e8f7a-67c4-4d65-8a5f-032ba784be53-2.jpg","width":512,"height":512,"caption":"Atif Unaldi"},"logo":{"@id":"http:\/\/atif.unaldi.org\/blog\/#\/schema\/person\/image\/"},"description":"Bo\u011fazi\u00e7i \u00dcniversitesinde Fizik B\u00f6l\u00fcm\u00fc\u2019nde e\u011fitim ald\u0131\u011f\u0131 y\u0131llarda T\u00fcrkiye\u2019de ilk kez iki bilgisayar\u0131 telefon hatlar\u0131 \u00fczerinden konu\u015fturan BBS sistemini kurarak, T\u00fcrkiye\u2019deki ilk internet a\u011f\u0131n\u0131 olu\u015fturmu\u015ftur. Bir \u00e7ok radyo ve televizyonda program yap\u0131mc\u0131l\u0131\u011f\u0131 ve sunuculu\u011funu, bir \u00e7ok teknoloji dergisinde k\u00f6\u015fe yazarl\u0131\u011f\u0131, bili\u015fim edit\u00f6rl\u00fc\u011f\u00fc ve genel yay\u0131n y\u00f6netmenli\u011fi yapt\u0131. T\u00fcrkiye\u2019deki ilk internet servis sa\u011flay\u0131c\u0131s\u0131n\u0131n genel m\u00fcd\u00fcrl\u00fc\u011f\u00fcn\u00fc \u00fcstlendi. Bir \u00e7ok organizasyon ve kurulu\u015fta internet s\u00fcperviz\u00f6rl\u00fc\u011f\u00fc , webmaster\u2019l\u0131\u011f\u0131 , IT direkt\u00f6rl\u00fc\u011f\u00fc ve dijital projeler koordinat\u00f6rl\u00fc\u011f\u00fc g\u00f6revlerinde bulundu. Farkl\u0131 \u00fcniversitelerin farkl\u0131 fak\u00fcltelerinde \u00f6\u011fretim g\u00f6revlisi olarak bulunmu\u015f olan \u00dcnald\u0131; \u015fu an teknoloji ve pazarlama konular\u0131 ba\u015fta olmak \u00fczere bir\u00e7ok alanda hizmet veren Unaldi Consultancy\u2019nin kurucusudur. \u2028Selin \u00dcnald\u0131 ile evlidir. Su ve Toprak isminde iki \u00e7ocu\u011fu vard\u0131r.","sameAs":["http:\/\/atif.unaldi.org\/blog","https:\/\/www.facebook.com\/atifunaldi","https:\/\/www.instagram.com\/atifunaldi\/","https:\/\/www.linkedin.com\/in\/atifunaldi","https:\/\/x.com\/https:\/\/twitter.com\/atifunaldi","https:\/\/www.youtube.com\/c\/atifunaldi","https:\/\/soundcloud.com\/atif-unaldi","https:\/\/atifunaldi.tumblr.com"],"url":"http:\/\/atif.unaldi.org\/blog\/author\/atifunaldi\/"}]}},"jetpack_featured_media_url":"","_links":{"self":[{"href":"http:\/\/atif.unaldi.org\/blog\/wp-json\/wp\/v2\/posts\/6184","targetHints":{"allow":["GET"]}}],"collection":[{"href":"http:\/\/atif.unaldi.org\/blog\/wp-json\/wp\/v2\/posts"}],"about":[{"href":"http:\/\/atif.unaldi.org\/blog\/wp-json\/wp\/v2\/types\/post"}],"author":[{"embeddable":true,"href":"http:\/\/atif.unaldi.org\/blog\/wp-json\/wp\/v2\/users\/2"}],"replies":[{"embeddable":true,"href":"http:\/\/atif.unaldi.org\/blog\/wp-json\/wp\/v2\/comments?post=6184"}],"version-history":[{"count":0,"href":"http:\/\/atif.unaldi.org\/blog\/wp-json\/wp\/v2\/posts\/6184\/revisions"}],"wp:attachment":[{"href":"http:\/\/atif.unaldi.org\/blog\/wp-json\/wp\/v2\/media?parent=6184"}],"wp:term":[{"taxonomy":"category","embeddable":true,"href":"http:\/\/atif.unaldi.org\/blog\/wp-json\/wp\/v2\/categories?post=6184"},{"taxonomy":"post_tag","embeddable":true,"href":"http:\/\/atif.unaldi.org\/blog\/wp-json\/wp\/v2\/tags?post=6184"}],"curies":[{"name":"wp","href":"https:\/\/api.w.org\/{rel}","templated":true}]}}