{"id":619,"date":"2006-04-15T02:00:00","date_gmt":"2006-04-15T00:00:00","guid":{"rendered":"http:\/\/85.17.200.84\/~unaldi\/atif\/?p=619"},"modified":"2006-04-15T02:00:00","modified_gmt":"2006-04-15T00:00:00","slug":"bilgi-dedigin-nedir-ki","status":"publish","type":"post","link":"http:\/\/atif.unaldi.org\/blog\/2006\/04\/15\/bilgi-dedigin-nedir-ki\/","title":{"rendered":"Bilgi Dedi\u011fin Nedir ki?"},"content":{"rendered":"<p>Efendim y\u0131llar \u00f6nce Say\u0131n Hasan Celal G\u00fczel, Yeni T\u00fcrkiye adl\u0131 dergisinde bir yaz\u0131 yazmam\u0131 istemi\u015fti. Bilenler bilirler Yeni T\u00fcrkiye\u2019de yazmak b\u00fcy\u00fck onurdur. Zira zaman\u0131n cumhurba\u015fkan\u0131, ba\u015fbakan\u0131 vs. Bir\u00e7ok devlet erkan\u0131 burada yaz\u0131 yazar. <\/p>\n<p>Tabii bu da yaz\u0131ya harcanan zaman\u0131 en az on kat artt\u0131r\u0131r. Ezc\u00fcmle derginin konusu bilgi toplumu idi, bana da futurist bir yaz\u0131 yazma g\u00f6revi d\u00fc\u015fm\u00fc\u015ft\u00fc. Bilgi ne zaman i\u015fe yarar sorusunun cevab\u0131n\u0131 ana konu edinmi\u015ftim. Biraz inceleyip ara\u015ft\u0131r\u0131nca bilgi toplumunda bilgiye sahip olmak de\u011fil i\u015flemenin \u00f6nemli oldu\u011funu g\u00f6rmeye ba\u015flad\u0131m.<\/p>\n<p>\u015eimdi art\u0131k o yaz\u0131mda bahsetti\u011fim g\u00fcnlerin yakla\u015ft\u0131\u011f\u0131n\u0131 \u00e7ok net g\u00f6rebiliyorum. Bana birisi bu \u00fclkede istedi\u011fin bir bilgiye ula\u015fabilirsin bu ne olsun diye sorsa herhalde \u00fclkenin b\u00fct\u00fcn telefon numaralar\u0131n\u0131 bilmek yerine kim kiminle konu\u015fuyor bunu bilmeyi tercih ederim.. Yani klasik bilgi kavram\u0131 da bilgi toplumu ile birlikte de\u011fi\u015fiklik arz ediyor.<\/p>\n<p>Ge\u00e7en g\u00fcnlerde T\u00fcrk Telekom\u2019un sat\u0131\u015f\u0131 ger\u00e7ekle\u015ftirildi&#8230; E\u00f6inim \u00f6zel \u00f6netim \u00e7ok yak\u0131n zamanda bir\u00e7ok yeni hizmet \u00e7\u0131karacak. Mesela telefon hatlar\u0131nda tv yay\u0131n\u0131 konusunda bir \u00e7al\u0131\u015fma h\u0131zla \u015fekil alsa ne g\u00fczel olur de\u011fil mi? \u00d6zelle\u015ftirme yaparken ve \u015firketlerin de\u011ferlerini belirlerken bu bilgiler ne kadar \u00f6nemli hale geliyor de\u011fil mi?<\/p>\n<p>Say\u0131n Ba\u015fbakan\u0131m\u0131n emriyle y\u0131llard\u0131r yap\u0131lan \u00e7al\u0131\u015fmalar h\u0131zland\u0131r\u0131ld\u0131 ve e-imza sonland\u0131r\u0131ld\u0131. Tan\u0131t\u0131nm\u0131na Ula\u015ft\u0131rma Bakan\u0131m\u0131z ve \u0130nternete verdi\u011fi destekle dikkatimizi \u00e7eken Abd\u00fcllatif \u015eener kat\u0131ld\u0131. Bu g\u00fczel organizasyon hatas\u0131z ge\u00e7ti ve e-imza kullan\u0131ma sunuldu. Ke\u015fke bu a\u00e7\u0131l\u0131\u015fa Bilgi Bakan\u0131 da kat\u0131lsayd\u0131..Y\u0131llard\u0131r bu konuya bir \u00e7\u00f6z\u00fcm bulun demekten a\u011fz\u0131m\u0131zda t\u00fcy bitti. Ama hala bu a\u00e7\u0131l\u0131\u015f\u0131 karayollar\u0131 gibi \u00e7ok me\u015fakkatli bir i\u015ften sorumlu, bakan a\u00e7\u0131yor. Onun da a\u011fz\u0131ndan o yo\u011funluktan dolay\u0131 \u201cz\u0131mb\u0131rt\u0131\u201d laf\u0131 \u00e7\u0131k\u0131yor. Talihsizlik..<\/p>\n<p>Diyoruz ya bilgiye sahip olmak yetmiyor onu kendi bilgilerinizin aras\u0131na yedirmek gerekiyor. Birka\u00e7 hafta \u00f6nce H\u00fcrriyet Gazetesinde Ali At\u0131f Bir y\u0131llard\u0131r \u00e7ok kulland\u0131\u011f\u0131 ve kitab\u0131n\u0131 yazd\u0131\u011f\u0131 bloglar hakk\u0131nda bir yaz\u0131 yazd\u0131. Neyse ki bu bilgi birikimi ve yaz\u0131n\u0131n derinli\u011fi okuyucular\u0131na \u00f6yle bilgiler katt\u0131 ki?!?<\/p>\n<p>Keza Ali Saydam hocam\u2019da kendisinden beklenmeyecek bir \u015fekilde internet g\u00fcvensizdir diye bir yaz\u0131 yazd\u0131. Kendisini esefle k\u0131n\u0131yorum. Sosyologlar\u0131n bu d\u00fcnya g\u00fcvensiz demesi gibi bir \u015fey bu hocam&#8230;Nedir mant\u0131\u011f\u0131?<\/p>\n","protected":false},"excerpt":{"rendered":"<p>Efendim y\u0131llar \u00f6nce Say\u0131n Hasan Celal G\u00fczel, Yeni T\u00fcrkiye adl\u0131 dergisinde bir yaz\u0131 yazmam\u0131 istemi\u015fti. Bilenler bilirler Yeni T\u00fcrkiye\u2019de yazmak b\u00fcy\u00fck onurdur. Zira zaman\u0131n cumhurba\u015fkan\u0131, ba\u015fbakan\u0131 vs. Bir\u00e7ok devlet erkan\u0131 burada yaz\u0131 yazar. Tabii bu&#8230;<\/p>\n","protected":false},"author":2,"featured_media":0,"comment_status":"open","ping_status":"open","sticky":false,"template":"","format":"standard","meta":{"footnotes":""},"categories":[3],"tags":[],"class_list":["post-619","post","type-post","status-publish","format-standard","hentry","category-blogum"],"yoast_head":"<!-- This site is optimized with the Yoast SEO plugin v26.8 - https:\/\/yoast.com\/product\/yoast-seo-wordpress\/ -->\n<title>Bilgi Dedi\u011fin Nedir ki? - At\u0131f \u00dcnald\u0131<\/title>\n<meta name=\"robots\" content=\"index, follow, max-snippet:-1, max-image-preview:large, max-video-preview:-1\" \/>\n<link rel=\"canonical\" href=\"http:\/\/atif.unaldi.org\/blog\/2006\/04\/15\/bilgi-dedigin-nedir-ki\/\" \/>\n<meta property=\"og:locale\" content=\"tr_TR\" \/>\n<meta property=\"og:type\" content=\"article\" \/>\n<meta property=\"og:title\" content=\"Bilgi Dedi\u011fin Nedir ki? - At\u0131f \u00dcnald\u0131\" \/>\n<meta property=\"og:description\" content=\"Efendim y\u0131llar \u00f6nce Say\u0131n Hasan Celal G\u00fczel, Yeni T\u00fcrkiye adl\u0131 dergisinde bir yaz\u0131 yazmam\u0131 istemi\u015fti. Bilenler bilirler Yeni T\u00fcrkiye\u2019de yazmak b\u00fcy\u00fck onurdur. Zira zaman\u0131n cumhurba\u015fkan\u0131, ba\u015fbakan\u0131 vs. Bir\u00e7ok devlet erkan\u0131 burada yaz\u0131 yazar. Tabii bu...\" \/>\n<meta property=\"og:url\" content=\"http:\/\/atif.unaldi.org\/blog\/2006\/04\/15\/bilgi-dedigin-nedir-ki\/\" \/>\n<meta property=\"og:site_name\" content=\"At\u0131f \u00dcnald\u0131\" \/>\n<meta property=\"article:publisher\" content=\"https:\/\/www.facebook.com\/atifunaldi\" \/>\n<meta property=\"article:author\" content=\"https:\/\/www.facebook.com\/atifunaldi\" \/>\n<meta property=\"article:published_time\" content=\"2006-04-15T00:00:00+00:00\" \/>\n<meta name=\"author\" content=\"Atif Unaldi\" \/>\n<meta name=\"twitter:card\" content=\"summary_large_image\" \/>\n<meta name=\"twitter:creator\" content=\"@https:\/\/twitter.com\/atifunaldi\" \/>\n<meta name=\"twitter:site\" content=\"@atifunaldi\" \/>\n<meta name=\"twitter:label1\" content=\"Yazan:\" \/>\n\t<meta name=\"twitter:data1\" content=\"Atif Unaldi\" \/>\n\t<meta name=\"twitter:label2\" content=\"Tahmini okuma s\u00fcresi\" \/>\n\t<meta name=\"twitter:data2\" content=\"2 dakika\" \/>\n<script type=\"application\/ld+json\" class=\"yoast-schema-graph\">{\"@context\":\"https:\/\/schema.org\",\"@graph\":[{\"@type\":\"Article\",\"@id\":\"http:\/\/atif.unaldi.org\/blog\/2006\/04\/15\/bilgi-dedigin-nedir-ki\/#article\",\"isPartOf\":{\"@id\":\"http:\/\/atif.unaldi.org\/blog\/2006\/04\/15\/bilgi-dedigin-nedir-ki\/\"},\"author\":{\"name\":\"Atif Unaldi\",\"@id\":\"http:\/\/atif.unaldi.org\/blog\/#\/schema\/person\/608ed42ecbda2bc5cfdb767ac1db479b\"},\"headline\":\"Bilgi Dedi\u011fin Nedir ki?\",\"datePublished\":\"2006-04-15T00:00:00+00:00\",\"mainEntityOfPage\":{\"@id\":\"http:\/\/atif.unaldi.org\/blog\/2006\/04\/15\/bilgi-dedigin-nedir-ki\/\"},\"wordCount\":458,\"commentCount\":0,\"publisher\":{\"@id\":\"http:\/\/atif.unaldi.org\/blog\/#\/schema\/person\/608ed42ecbda2bc5cfdb767ac1db479b\"},\"articleSection\":[\"Blogum\"],\"inLanguage\":\"tr\",\"potentialAction\":[{\"@type\":\"CommentAction\",\"name\":\"Comment\",\"target\":[\"http:\/\/atif.unaldi.org\/blog\/2006\/04\/15\/bilgi-dedigin-nedir-ki\/#respond\"]}]},{\"@type\":\"WebPage\",\"@id\":\"http:\/\/atif.unaldi.org\/blog\/2006\/04\/15\/bilgi-dedigin-nedir-ki\/\",\"url\":\"http:\/\/atif.unaldi.org\/blog\/2006\/04\/15\/bilgi-dedigin-nedir-ki\/\",\"name\":\"Bilgi Dedi\u011fin Nedir ki? - At\u0131f \u00dcnald\u0131\",\"isPartOf\":{\"@id\":\"http:\/\/atif.unaldi.org\/blog\/#website\"},\"datePublished\":\"2006-04-15T00:00:00+00:00\",\"breadcrumb\":{\"@id\":\"http:\/\/atif.unaldi.org\/blog\/2006\/04\/15\/bilgi-dedigin-nedir-ki\/#breadcrumb\"},\"inLanguage\":\"tr\",\"potentialAction\":[{\"@type\":\"ReadAction\",\"target\":[\"http:\/\/atif.unaldi.org\/blog\/2006\/04\/15\/bilgi-dedigin-nedir-ki\/\"]}]},{\"@type\":\"BreadcrumbList\",\"@id\":\"http:\/\/atif.unaldi.org\/blog\/2006\/04\/15\/bilgi-dedigin-nedir-ki\/#breadcrumb\",\"itemListElement\":[{\"@type\":\"ListItem\",\"position\":1,\"name\":\"Anasayfa\",\"item\":\"http:\/\/atif.unaldi.org\/blog\/\"},{\"@type\":\"ListItem\",\"position\":2,\"name\":\"Bilgi Dedi\u011fin Nedir ki?\"}]},{\"@type\":\"WebSite\",\"@id\":\"http:\/\/atif.unaldi.org\/blog\/#website\",\"url\":\"http:\/\/atif.unaldi.org\/blog\/\",\"name\":\"At\u0131f \u00dcnald\u0131\",\"description\":\"Yazar\",\"publisher\":{\"@id\":\"http:\/\/atif.unaldi.org\/blog\/#\/schema\/person\/608ed42ecbda2bc5cfdb767ac1db479b\"},\"alternateName\":\"At\u0131f \u00dcnald\u0131 Blog\",\"potentialAction\":[{\"@type\":\"SearchAction\",\"target\":{\"@type\":\"EntryPoint\",\"urlTemplate\":\"http:\/\/atif.unaldi.org\/blog\/?s={search_term_string}\"},\"query-input\":{\"@type\":\"PropertyValueSpecification\",\"valueRequired\":true,\"valueName\":\"search_term_string\"}}],\"inLanguage\":\"tr\"},{\"@type\":[\"Person\",\"Organization\"],\"@id\":\"http:\/\/atif.unaldi.org\/blog\/#\/schema\/person\/608ed42ecbda2bc5cfdb767ac1db479b\",\"name\":\"Atif Unaldi\",\"image\":{\"@type\":\"ImageObject\",\"inLanguage\":\"tr\",\"@id\":\"http:\/\/atif.unaldi.org\/blog\/#\/schema\/person\/image\/\",\"url\":\"http:\/\/atif.unaldi.org\/blog\/wp-content\/uploads\/2022\/10\/cropped-a94e8f7a-67c4-4d65-8a5f-032ba784be53-2.jpg\",\"contentUrl\":\"http:\/\/atif.unaldi.org\/blog\/wp-content\/uploads\/2022\/10\/cropped-a94e8f7a-67c4-4d65-8a5f-032ba784be53-2.jpg\",\"width\":512,\"height\":512,\"caption\":\"Atif Unaldi\"},\"logo\":{\"@id\":\"http:\/\/atif.unaldi.org\/blog\/#\/schema\/person\/image\/\"},\"description\":\"Bo\u011fazi\u00e7i \u00dcniversitesinde Fizik B\u00f6l\u00fcm\u00fc\u2019nde e\u011fitim ald\u0131\u011f\u0131 y\u0131llarda T\u00fcrkiye\u2019de ilk kez iki bilgisayar\u0131 telefon hatlar\u0131 \u00fczerinden konu\u015fturan BBS sistemini kurarak, T\u00fcrkiye\u2019deki ilk internet a\u011f\u0131n\u0131 olu\u015fturmu\u015ftur. Bir \u00e7ok radyo ve televizyonda program yap\u0131mc\u0131l\u0131\u011f\u0131 ve sunuculu\u011funu, bir \u00e7ok teknoloji dergisinde k\u00f6\u015fe yazarl\u0131\u011f\u0131, bili\u015fim edit\u00f6rl\u00fc\u011f\u00fc ve genel yay\u0131n y\u00f6netmenli\u011fi yapt\u0131. T\u00fcrkiye\u2019deki ilk internet servis sa\u011flay\u0131c\u0131s\u0131n\u0131n genel m\u00fcd\u00fcrl\u00fc\u011f\u00fcn\u00fc \u00fcstlendi. Bir \u00e7ok organizasyon ve kurulu\u015fta internet s\u00fcperviz\u00f6rl\u00fc\u011f\u00fc , webmaster\u2019l\u0131\u011f\u0131 , IT direkt\u00f6rl\u00fc\u011f\u00fc ve dijital projeler koordinat\u00f6rl\u00fc\u011f\u00fc g\u00f6revlerinde bulundu. Farkl\u0131 \u00fcniversitelerin farkl\u0131 fak\u00fcltelerinde \u00f6\u011fretim g\u00f6revlisi olarak bulunmu\u015f olan \u00dcnald\u0131; \u015fu an teknoloji ve pazarlama konular\u0131 ba\u015fta olmak \u00fczere bir\u00e7ok alanda hizmet veren Unaldi Consultancy\u2019nin kurucusudur. \\u2028Selin \u00dcnald\u0131 ile evlidir. Su ve Toprak isminde iki \u00e7ocu\u011fu vard\u0131r.\",\"sameAs\":[\"http:\/\/atif.unaldi.org\/blog\",\"https:\/\/www.facebook.com\/atifunaldi\",\"https:\/\/www.instagram.com\/atifunaldi\/\",\"https:\/\/www.linkedin.com\/in\/atifunaldi\",\"https:\/\/x.com\/https:\/\/twitter.com\/atifunaldi\",\"https:\/\/www.youtube.com\/c\/atifunaldi\",\"https:\/\/soundcloud.com\/atif-unaldi\",\"https:\/\/atifunaldi.tumblr.com\"],\"url\":\"http:\/\/atif.unaldi.org\/blog\/author\/atifunaldi\/\"}]}<\/script>\n<!-- \/ Yoast SEO plugin. -->","yoast_head_json":{"title":"Bilgi Dedi\u011fin Nedir ki? - At\u0131f \u00dcnald\u0131","robots":{"index":"index","follow":"follow","max-snippet":"max-snippet:-1","max-image-preview":"max-image-preview:large","max-video-preview":"max-video-preview:-1"},"canonical":"http:\/\/atif.unaldi.org\/blog\/2006\/04\/15\/bilgi-dedigin-nedir-ki\/","og_locale":"tr_TR","og_type":"article","og_title":"Bilgi Dedi\u011fin Nedir ki? - At\u0131f \u00dcnald\u0131","og_description":"Efendim y\u0131llar \u00f6nce Say\u0131n Hasan Celal G\u00fczel, Yeni T\u00fcrkiye adl\u0131 dergisinde bir yaz\u0131 yazmam\u0131 istemi\u015fti. Bilenler bilirler Yeni T\u00fcrkiye\u2019de yazmak b\u00fcy\u00fck onurdur. Zira zaman\u0131n cumhurba\u015fkan\u0131, ba\u015fbakan\u0131 vs. Bir\u00e7ok devlet erkan\u0131 burada yaz\u0131 yazar. Tabii bu...","og_url":"http:\/\/atif.unaldi.org\/blog\/2006\/04\/15\/bilgi-dedigin-nedir-ki\/","og_site_name":"At\u0131f \u00dcnald\u0131","article_publisher":"https:\/\/www.facebook.com\/atifunaldi","article_author":"https:\/\/www.facebook.com\/atifunaldi","article_published_time":"2006-04-15T00:00:00+00:00","author":"Atif Unaldi","twitter_card":"summary_large_image","twitter_creator":"@https:\/\/twitter.com\/atifunaldi","twitter_site":"@atifunaldi","twitter_misc":{"Yazan:":"Atif Unaldi","Tahmini okuma s\u00fcresi":"2 dakika"},"schema":{"@context":"https:\/\/schema.org","@graph":[{"@type":"Article","@id":"http:\/\/atif.unaldi.org\/blog\/2006\/04\/15\/bilgi-dedigin-nedir-ki\/#article","isPartOf":{"@id":"http:\/\/atif.unaldi.org\/blog\/2006\/04\/15\/bilgi-dedigin-nedir-ki\/"},"author":{"name":"Atif Unaldi","@id":"http:\/\/atif.unaldi.org\/blog\/#\/schema\/person\/608ed42ecbda2bc5cfdb767ac1db479b"},"headline":"Bilgi Dedi\u011fin Nedir ki?","datePublished":"2006-04-15T00:00:00+00:00","mainEntityOfPage":{"@id":"http:\/\/atif.unaldi.org\/blog\/2006\/04\/15\/bilgi-dedigin-nedir-ki\/"},"wordCount":458,"commentCount":0,"publisher":{"@id":"http:\/\/atif.unaldi.org\/blog\/#\/schema\/person\/608ed42ecbda2bc5cfdb767ac1db479b"},"articleSection":["Blogum"],"inLanguage":"tr","potentialAction":[{"@type":"CommentAction","name":"Comment","target":["http:\/\/atif.unaldi.org\/blog\/2006\/04\/15\/bilgi-dedigin-nedir-ki\/#respond"]}]},{"@type":"WebPage","@id":"http:\/\/atif.unaldi.org\/blog\/2006\/04\/15\/bilgi-dedigin-nedir-ki\/","url":"http:\/\/atif.unaldi.org\/blog\/2006\/04\/15\/bilgi-dedigin-nedir-ki\/","name":"Bilgi Dedi\u011fin Nedir ki? - At\u0131f \u00dcnald\u0131","isPartOf":{"@id":"http:\/\/atif.unaldi.org\/blog\/#website"},"datePublished":"2006-04-15T00:00:00+00:00","breadcrumb":{"@id":"http:\/\/atif.unaldi.org\/blog\/2006\/04\/15\/bilgi-dedigin-nedir-ki\/#breadcrumb"},"inLanguage":"tr","potentialAction":[{"@type":"ReadAction","target":["http:\/\/atif.unaldi.org\/blog\/2006\/04\/15\/bilgi-dedigin-nedir-ki\/"]}]},{"@type":"BreadcrumbList","@id":"http:\/\/atif.unaldi.org\/blog\/2006\/04\/15\/bilgi-dedigin-nedir-ki\/#breadcrumb","itemListElement":[{"@type":"ListItem","position":1,"name":"Anasayfa","item":"http:\/\/atif.unaldi.org\/blog\/"},{"@type":"ListItem","position":2,"name":"Bilgi Dedi\u011fin Nedir ki?"}]},{"@type":"WebSite","@id":"http:\/\/atif.unaldi.org\/blog\/#website","url":"http:\/\/atif.unaldi.org\/blog\/","name":"At\u0131f \u00dcnald\u0131","description":"Yazar","publisher":{"@id":"http:\/\/atif.unaldi.org\/blog\/#\/schema\/person\/608ed42ecbda2bc5cfdb767ac1db479b"},"alternateName":"At\u0131f \u00dcnald\u0131 Blog","potentialAction":[{"@type":"SearchAction","target":{"@type":"EntryPoint","urlTemplate":"http:\/\/atif.unaldi.org\/blog\/?s={search_term_string}"},"query-input":{"@type":"PropertyValueSpecification","valueRequired":true,"valueName":"search_term_string"}}],"inLanguage":"tr"},{"@type":["Person","Organization"],"@id":"http:\/\/atif.unaldi.org\/blog\/#\/schema\/person\/608ed42ecbda2bc5cfdb767ac1db479b","name":"Atif Unaldi","image":{"@type":"ImageObject","inLanguage":"tr","@id":"http:\/\/atif.unaldi.org\/blog\/#\/schema\/person\/image\/","url":"http:\/\/atif.unaldi.org\/blog\/wp-content\/uploads\/2022\/10\/cropped-a94e8f7a-67c4-4d65-8a5f-032ba784be53-2.jpg","contentUrl":"http:\/\/atif.unaldi.org\/blog\/wp-content\/uploads\/2022\/10\/cropped-a94e8f7a-67c4-4d65-8a5f-032ba784be53-2.jpg","width":512,"height":512,"caption":"Atif Unaldi"},"logo":{"@id":"http:\/\/atif.unaldi.org\/blog\/#\/schema\/person\/image\/"},"description":"Bo\u011fazi\u00e7i \u00dcniversitesinde Fizik B\u00f6l\u00fcm\u00fc\u2019nde e\u011fitim ald\u0131\u011f\u0131 y\u0131llarda T\u00fcrkiye\u2019de ilk kez iki bilgisayar\u0131 telefon hatlar\u0131 \u00fczerinden konu\u015fturan BBS sistemini kurarak, T\u00fcrkiye\u2019deki ilk internet a\u011f\u0131n\u0131 olu\u015fturmu\u015ftur. Bir \u00e7ok radyo ve televizyonda program yap\u0131mc\u0131l\u0131\u011f\u0131 ve sunuculu\u011funu, bir \u00e7ok teknoloji dergisinde k\u00f6\u015fe yazarl\u0131\u011f\u0131, bili\u015fim edit\u00f6rl\u00fc\u011f\u00fc ve genel yay\u0131n y\u00f6netmenli\u011fi yapt\u0131. T\u00fcrkiye\u2019deki ilk internet servis sa\u011flay\u0131c\u0131s\u0131n\u0131n genel m\u00fcd\u00fcrl\u00fc\u011f\u00fcn\u00fc \u00fcstlendi. Bir \u00e7ok organizasyon ve kurulu\u015fta internet s\u00fcperviz\u00f6rl\u00fc\u011f\u00fc , webmaster\u2019l\u0131\u011f\u0131 , IT direkt\u00f6rl\u00fc\u011f\u00fc ve dijital projeler koordinat\u00f6rl\u00fc\u011f\u00fc g\u00f6revlerinde bulundu. Farkl\u0131 \u00fcniversitelerin farkl\u0131 fak\u00fcltelerinde \u00f6\u011fretim g\u00f6revlisi olarak bulunmu\u015f olan \u00dcnald\u0131; \u015fu an teknoloji ve pazarlama konular\u0131 ba\u015fta olmak \u00fczere bir\u00e7ok alanda hizmet veren Unaldi Consultancy\u2019nin kurucusudur. \u2028Selin \u00dcnald\u0131 ile evlidir. Su ve Toprak isminde iki \u00e7ocu\u011fu vard\u0131r.","sameAs":["http:\/\/atif.unaldi.org\/blog","https:\/\/www.facebook.com\/atifunaldi","https:\/\/www.instagram.com\/atifunaldi\/","https:\/\/www.linkedin.com\/in\/atifunaldi","https:\/\/x.com\/https:\/\/twitter.com\/atifunaldi","https:\/\/www.youtube.com\/c\/atifunaldi","https:\/\/soundcloud.com\/atif-unaldi","https:\/\/atifunaldi.tumblr.com"],"url":"http:\/\/atif.unaldi.org\/blog\/author\/atifunaldi\/"}]}},"jetpack_featured_media_url":"","_links":{"self":[{"href":"http:\/\/atif.unaldi.org\/blog\/wp-json\/wp\/v2\/posts\/619","targetHints":{"allow":["GET"]}}],"collection":[{"href":"http:\/\/atif.unaldi.org\/blog\/wp-json\/wp\/v2\/posts"}],"about":[{"href":"http:\/\/atif.unaldi.org\/blog\/wp-json\/wp\/v2\/types\/post"}],"author":[{"embeddable":true,"href":"http:\/\/atif.unaldi.org\/blog\/wp-json\/wp\/v2\/users\/2"}],"replies":[{"embeddable":true,"href":"http:\/\/atif.unaldi.org\/blog\/wp-json\/wp\/v2\/comments?post=619"}],"version-history":[{"count":0,"href":"http:\/\/atif.unaldi.org\/blog\/wp-json\/wp\/v2\/posts\/619\/revisions"}],"wp:attachment":[{"href":"http:\/\/atif.unaldi.org\/blog\/wp-json\/wp\/v2\/media?parent=619"}],"wp:term":[{"taxonomy":"category","embeddable":true,"href":"http:\/\/atif.unaldi.org\/blog\/wp-json\/wp\/v2\/categories?post=619"},{"taxonomy":"post_tag","embeddable":true,"href":"http:\/\/atif.unaldi.org\/blog\/wp-json\/wp\/v2\/tags?post=619"}],"curies":[{"name":"wp","href":"https:\/\/api.w.org\/{rel}","templated":true}]}}