{"id":622,"date":"2006-05-03T02:00:00","date_gmt":"2006-05-03T00:00:00","guid":{"rendered":"http:\/\/85.17.200.84\/~unaldi\/atif\/?p=622"},"modified":"2006-05-03T02:00:00","modified_gmt":"2006-05-03T00:00:00","slug":"ceplere-isinamadim","status":"publish","type":"post","link":"http:\/\/atif.unaldi.org\/blog\/2006\/05\/03\/ceplere-isinamadim\/","title":{"rendered":"Ceplere Is\u0131namad\u0131m"},"content":{"rendered":"<p>At\u0131f \u00dcnald\u0131\u2019y\u0131 teknolojiyi bas\u0131ndan takip edenler \u00e7ok iyi tan\u0131yorlar asl\u0131nda, kendisi internet ve bilgisayar alan\u0131nda T\u00fcrkiye\u2019de ilklere imza atm\u0131\u015f isimlerden bir tanesi. Teknoloji ile ba\u011flant\u0131s\u0131 ortaokul y\u0131llar\u0131nda ba\u015flayan\u00a0 \u00dcnald\u0131, Bo\u011fazi\u00e7i \u00dcniversitesi Fizik B\u00f6l\u00fcm\u00fc\u2019nde e\u011fitim ald\u0131\u011f\u0131 y\u0131llarda, iki bilgisayar\u0131 telefon hatlar\u0131 \u00fczerinden konu\u015fturan BBS sistemini kurarak T\u00fcrkiye\u2019de ilk internet a\u011f\u0131n\u0131 olu\u015fturan grubun i\u00e7inde yer ald\u0131. \u015eu anda Kanal D ve Star TV\u2019de \u0130nternet M\u00fcd\u00fcr\u00fc olarak g\u00f6rev yapan At\u0131f \u00dcnald\u0131 bir\u00e7ok yay\u0131nda da edit\u00f6rl\u00fck ve k\u00f6\u015fe yazarl\u0131\u011f\u0131 yapt\u0131.<br \/>Mobil teknolojileri ba\u015f\u0131ndan sonuna kadar takip etme \u015fans\u0131 yakalayan \u00dcnald\u0131 ilk mobil ser\u00fcvenini T\u00fcrkiye\u2019de cep telefonlar\u0131 hen\u00fcz yokken deneme f\u0131rsat\u0131 buldu\u011funu s\u00f6yl\u00fcyor ve devam ediyor; \u201cMesela cep telefonlar\u0131 T\u00fcrkiye&#8217;de daha yokken, ben iridium teknolojisini deneme imkan\u0131n\u0131 buldum. Cep telefonlar\u0131na \u00e7ok ge\u00e7 \u0131s\u0131nd\u0131\u011f\u0131m\u0131 hatta hala \u0131s\u0131namad\u0131\u011f\u0131m\u0131 s\u00f6ylemek isterim. Ama T\u00fcrkiye&#8217;nin GSM \u00fczerinden internete ba\u011flanacak kadar eski mobil uygulama kullanan ilk ki\u015filerinden biriyim herhalde. Konu bu olunca servis sa\u011flay\u0131c\u0131lar 800&#8217;l\u00fc hatlara ge\u00e7ince buna ilk tepki g\u00f6steren de ben oldum galiba. Zira GSM \u00fczerinden 800&#8217;l\u00fc hatlar\u0131 kullanamad\u0131\u011f\u0131m\u0131z i\u00e7in internete ba\u011flanam\u0131yorduk. Ama Option bir GSM kart\u0131 ile internet ba\u011flant\u0131s\u0131n\u0131, FAI&#8217;nin THK&#8217;ya d\u00fczenletti\u011fi D\u00fcnya Hava Oyunlar\u0131 zaman\u0131nda GSM kartlarla ba\u011flanarak ger\u00e7ekle\u015ftirdim. Bu benim ilk mobil deneyimimdi. Belki de bu \u00fclkedeki say\u0131l\u0131 mobil deneyimlerden biriydi.\u201d<br \/>Bir teknoloji merakl\u0131s\u0131 olarak ve i\u015fi gere\u011fi yan\u0131nda ta\u015f\u0131mas\u0131 gereken cihazlar\u0131n fazla olmas\u0131ndan yak\u0131nan \u00dcnald\u0131, bu durumun O\u2019nun en ilgin\u00e7 \u00e7\u0131kmazlar\u0131ndan biri oldu\u011funu s\u00f6yl\u00fcyor. Bir s\u00fcredir bu cihazlar\u0131 en aza indirgemeye \u00e7al\u0131\u015ft\u0131\u011f\u0131n\u0131 ve bunu k\u0131zmen ba\u015fard\u0131\u011f\u0131n\u0131 belirten At\u0131f \u00dcnald\u0131\u2019n\u0131n i\u015fte kulland\u0131\u011f\u0131 mobil cihazlar&#8230;<br \/>\u00a0<br \/>\u00a0<br \/><strong><font color=\"#ff0000\">Cihazlar<\/font><\/strong><br \/><strong>Sony Ericsson W550i<\/strong> <br \/>Son g\u00fcnlerde Sony Ericsson W550i kullan\u0131yorum ve \u00f6zelliklerinden \u00e7ok memnunum. MP3 \u00e7alar, FM radyo ve kameras\u0131n\u0131n olmas\u0131 ger\u00e7ekten \u00e7ok i\u015fime yar\u0131yor. Program yapt\u0131\u011f\u0131m Rock Fm&#8217;in yay\u0131nlar\u0131n\u0131 dinlemekten, araba teyibime ba\u011flamaya kadar bir \u00e7ok konuda cep telefonumu kullan\u0131yorum. Yan\u0131nda Celldisk&#8217;in Activedrive isimli USB&#8217;sini kullan\u0131yorum. U3 tarz\u0131 programlar\u0131n i\u00e7inde bulunmas\u0131 \u015fifre ve benzeri uygulamalar\u0131 kolayca kullanmam\u0131 sa\u011fl\u0131yor. <\/p>\n<p><strong>Asus Notebook- Toshiba Liberetto<\/strong><br \/>\u00c7o\u011funlukla acil durumlar i\u00e7in 80 GB&#8217;l\u0131k Momobay USB HDD ta\u015f\u0131yorum. \u0130\u015f yerinde, \u015firketimin verdi\u011fi Asus notebook&#8217;u kullan\u0131yorum. Yan\u0131mda ta\u015f\u0131mak i\u00e7in ise Toshiba Liberetto&#8217;nun en son versiyonunu istedim. O \u00fcr\u00fcn benim y\u0131llard\u0131r en \u00e7ok be\u011fendi\u011fim notebook. <\/p>\n<p><strong>iPod Video<\/strong><br \/>Televizyonda ka\u00e7\u0131rd\u0131\u011f\u0131m dizi ve programlar\u0131 seyretmek i\u00e7in iPod Video kullan\u0131yorum. Malum bizim hem Kanal D&#8217;nin hem de Star TV&#8217;nin b\u00fct\u00fcn yay\u0131nlar\u0131n\u0131 takip etmek gibi bir zorunlulu\u011fumuz var.<br \/>\u00a0<br \/>\u00a0<br \/>\u00a0<\/p>\n<p>\u00a0<\/p>\n","protected":false},"excerpt":{"rendered":"<p>At\u0131f \u00dcnald\u0131\u2019y\u0131 teknolojiyi bas\u0131ndan takip edenler \u00e7ok iyi tan\u0131yorlar asl\u0131nda, kendisi internet ve bilgisayar alan\u0131nda T\u00fcrkiye\u2019de ilklere imza atm\u0131\u015f isimlerden bir tanesi. Teknoloji ile ba\u011flant\u0131s\u0131 ortaokul y\u0131llar\u0131nda ba\u015flayan\u00a0 \u00dcnald\u0131, Bo\u011fazi\u00e7i \u00dcniversitesi Fizik B\u00f6l\u00fcm\u00fc\u2019nde e\u011fitim ald\u0131\u011f\u0131&#8230;<\/p>\n","protected":false},"author":2,"featured_media":0,"comment_status":"open","ping_status":"open","sticky":false,"template":"","format":"standard","meta":{"footnotes":""},"categories":[3],"tags":[],"class_list":["post-622","post","type-post","status-publish","format-standard","hentry","category-blogum"],"yoast_head":"<!-- This site is optimized with the Yoast SEO plugin v26.8 - https:\/\/yoast.com\/product\/yoast-seo-wordpress\/ -->\n<title>Ceplere Is\u0131namad\u0131m - At\u0131f \u00dcnald\u0131<\/title>\n<meta name=\"robots\" content=\"index, follow, max-snippet:-1, max-image-preview:large, max-video-preview:-1\" \/>\n<link rel=\"canonical\" href=\"http:\/\/atif.unaldi.org\/blog\/2006\/05\/03\/ceplere-isinamadim\/\" \/>\n<meta property=\"og:locale\" content=\"tr_TR\" \/>\n<meta property=\"og:type\" content=\"article\" \/>\n<meta property=\"og:title\" content=\"Ceplere Is\u0131namad\u0131m - At\u0131f \u00dcnald\u0131\" \/>\n<meta property=\"og:description\" content=\"At\u0131f \u00dcnald\u0131\u2019y\u0131 teknolojiyi bas\u0131ndan takip edenler \u00e7ok iyi tan\u0131yorlar asl\u0131nda, kendisi internet ve bilgisayar alan\u0131nda T\u00fcrkiye\u2019de ilklere imza atm\u0131\u015f isimlerden bir tanesi. Teknoloji ile ba\u011flant\u0131s\u0131 ortaokul y\u0131llar\u0131nda ba\u015flayan\u00a0 \u00dcnald\u0131, Bo\u011fazi\u00e7i \u00dcniversitesi Fizik B\u00f6l\u00fcm\u00fc\u2019nde e\u011fitim ald\u0131\u011f\u0131...\" \/>\n<meta property=\"og:url\" content=\"http:\/\/atif.unaldi.org\/blog\/2006\/05\/03\/ceplere-isinamadim\/\" \/>\n<meta property=\"og:site_name\" content=\"At\u0131f \u00dcnald\u0131\" \/>\n<meta property=\"article:publisher\" content=\"https:\/\/www.facebook.com\/atifunaldi\" \/>\n<meta property=\"article:author\" content=\"https:\/\/www.facebook.com\/atifunaldi\" \/>\n<meta property=\"article:published_time\" content=\"2006-05-03T00:00:00+00:00\" \/>\n<meta name=\"author\" content=\"Atif Unaldi\" \/>\n<meta name=\"twitter:card\" content=\"summary_large_image\" \/>\n<meta name=\"twitter:creator\" content=\"@https:\/\/twitter.com\/atifunaldi\" \/>\n<meta name=\"twitter:site\" content=\"@atifunaldi\" \/>\n<meta name=\"twitter:label1\" content=\"Yazan:\" \/>\n\t<meta name=\"twitter:data1\" content=\"Atif Unaldi\" \/>\n\t<meta name=\"twitter:label2\" content=\"Tahmini okuma s\u00fcresi\" \/>\n\t<meta name=\"twitter:data2\" content=\"3 dakika\" \/>\n<script type=\"application\/ld+json\" class=\"yoast-schema-graph\">{\"@context\":\"https:\/\/schema.org\",\"@graph\":[{\"@type\":\"Article\",\"@id\":\"http:\/\/atif.unaldi.org\/blog\/2006\/05\/03\/ceplere-isinamadim\/#article\",\"isPartOf\":{\"@id\":\"http:\/\/atif.unaldi.org\/blog\/2006\/05\/03\/ceplere-isinamadim\/\"},\"author\":{\"name\":\"Atif Unaldi\",\"@id\":\"http:\/\/atif.unaldi.org\/blog\/#\/schema\/person\/608ed42ecbda2bc5cfdb767ac1db479b\"},\"headline\":\"Ceplere Is\u0131namad\u0131m\",\"datePublished\":\"2006-05-03T00:00:00+00:00\",\"mainEntityOfPage\":{\"@id\":\"http:\/\/atif.unaldi.org\/blog\/2006\/05\/03\/ceplere-isinamadim\/\"},\"wordCount\":510,\"commentCount\":0,\"publisher\":{\"@id\":\"http:\/\/atif.unaldi.org\/blog\/#\/schema\/person\/608ed42ecbda2bc5cfdb767ac1db479b\"},\"articleSection\":[\"Blogum\"],\"inLanguage\":\"tr\",\"potentialAction\":[{\"@type\":\"CommentAction\",\"name\":\"Comment\",\"target\":[\"http:\/\/atif.unaldi.org\/blog\/2006\/05\/03\/ceplere-isinamadim\/#respond\"]}]},{\"@type\":\"WebPage\",\"@id\":\"http:\/\/atif.unaldi.org\/blog\/2006\/05\/03\/ceplere-isinamadim\/\",\"url\":\"http:\/\/atif.unaldi.org\/blog\/2006\/05\/03\/ceplere-isinamadim\/\",\"name\":\"Ceplere Is\u0131namad\u0131m - At\u0131f \u00dcnald\u0131\",\"isPartOf\":{\"@id\":\"http:\/\/atif.unaldi.org\/blog\/#website\"},\"datePublished\":\"2006-05-03T00:00:00+00:00\",\"breadcrumb\":{\"@id\":\"http:\/\/atif.unaldi.org\/blog\/2006\/05\/03\/ceplere-isinamadim\/#breadcrumb\"},\"inLanguage\":\"tr\",\"potentialAction\":[{\"@type\":\"ReadAction\",\"target\":[\"http:\/\/atif.unaldi.org\/blog\/2006\/05\/03\/ceplere-isinamadim\/\"]}]},{\"@type\":\"BreadcrumbList\",\"@id\":\"http:\/\/atif.unaldi.org\/blog\/2006\/05\/03\/ceplere-isinamadim\/#breadcrumb\",\"itemListElement\":[{\"@type\":\"ListItem\",\"position\":1,\"name\":\"Anasayfa\",\"item\":\"http:\/\/atif.unaldi.org\/blog\/\"},{\"@type\":\"ListItem\",\"position\":2,\"name\":\"Ceplere Is\u0131namad\u0131m\"}]},{\"@type\":\"WebSite\",\"@id\":\"http:\/\/atif.unaldi.org\/blog\/#website\",\"url\":\"http:\/\/atif.unaldi.org\/blog\/\",\"name\":\"At\u0131f \u00dcnald\u0131\",\"description\":\"Yazar\",\"publisher\":{\"@id\":\"http:\/\/atif.unaldi.org\/blog\/#\/schema\/person\/608ed42ecbda2bc5cfdb767ac1db479b\"},\"alternateName\":\"At\u0131f \u00dcnald\u0131 Blog\",\"potentialAction\":[{\"@type\":\"SearchAction\",\"target\":{\"@type\":\"EntryPoint\",\"urlTemplate\":\"http:\/\/atif.unaldi.org\/blog\/?s={search_term_string}\"},\"query-input\":{\"@type\":\"PropertyValueSpecification\",\"valueRequired\":true,\"valueName\":\"search_term_string\"}}],\"inLanguage\":\"tr\"},{\"@type\":[\"Person\",\"Organization\"],\"@id\":\"http:\/\/atif.unaldi.org\/blog\/#\/schema\/person\/608ed42ecbda2bc5cfdb767ac1db479b\",\"name\":\"Atif Unaldi\",\"image\":{\"@type\":\"ImageObject\",\"inLanguage\":\"tr\",\"@id\":\"http:\/\/atif.unaldi.org\/blog\/#\/schema\/person\/image\/\",\"url\":\"http:\/\/atif.unaldi.org\/blog\/wp-content\/uploads\/2022\/10\/cropped-a94e8f7a-67c4-4d65-8a5f-032ba784be53-2.jpg\",\"contentUrl\":\"http:\/\/atif.unaldi.org\/blog\/wp-content\/uploads\/2022\/10\/cropped-a94e8f7a-67c4-4d65-8a5f-032ba784be53-2.jpg\",\"width\":512,\"height\":512,\"caption\":\"Atif Unaldi\"},\"logo\":{\"@id\":\"http:\/\/atif.unaldi.org\/blog\/#\/schema\/person\/image\/\"},\"description\":\"Bo\u011fazi\u00e7i \u00dcniversitesinde Fizik B\u00f6l\u00fcm\u00fc\u2019nde e\u011fitim ald\u0131\u011f\u0131 y\u0131llarda T\u00fcrkiye\u2019de ilk kez iki bilgisayar\u0131 telefon hatlar\u0131 \u00fczerinden konu\u015fturan BBS sistemini kurarak, T\u00fcrkiye\u2019deki ilk internet a\u011f\u0131n\u0131 olu\u015fturmu\u015ftur. Bir \u00e7ok radyo ve televizyonda program yap\u0131mc\u0131l\u0131\u011f\u0131 ve sunuculu\u011funu, bir \u00e7ok teknoloji dergisinde k\u00f6\u015fe yazarl\u0131\u011f\u0131, bili\u015fim edit\u00f6rl\u00fc\u011f\u00fc ve genel yay\u0131n y\u00f6netmenli\u011fi yapt\u0131. T\u00fcrkiye\u2019deki ilk internet servis sa\u011flay\u0131c\u0131s\u0131n\u0131n genel m\u00fcd\u00fcrl\u00fc\u011f\u00fcn\u00fc \u00fcstlendi. Bir \u00e7ok organizasyon ve kurulu\u015fta internet s\u00fcperviz\u00f6rl\u00fc\u011f\u00fc , webmaster\u2019l\u0131\u011f\u0131 , IT direkt\u00f6rl\u00fc\u011f\u00fc ve dijital projeler koordinat\u00f6rl\u00fc\u011f\u00fc g\u00f6revlerinde bulundu. Farkl\u0131 \u00fcniversitelerin farkl\u0131 fak\u00fcltelerinde \u00f6\u011fretim g\u00f6revlisi olarak bulunmu\u015f olan \u00dcnald\u0131; \u015fu an teknoloji ve pazarlama konular\u0131 ba\u015fta olmak \u00fczere bir\u00e7ok alanda hizmet veren Unaldi Consultancy\u2019nin kurucusudur. \\u2028Selin \u00dcnald\u0131 ile evlidir. Su ve Toprak isminde iki \u00e7ocu\u011fu vard\u0131r.\",\"sameAs\":[\"http:\/\/atif.unaldi.org\/blog\",\"https:\/\/www.facebook.com\/atifunaldi\",\"https:\/\/www.instagram.com\/atifunaldi\/\",\"https:\/\/www.linkedin.com\/in\/atifunaldi\",\"https:\/\/x.com\/https:\/\/twitter.com\/atifunaldi\",\"https:\/\/www.youtube.com\/c\/atifunaldi\",\"https:\/\/soundcloud.com\/atif-unaldi\",\"https:\/\/atifunaldi.tumblr.com\"],\"url\":\"http:\/\/atif.unaldi.org\/blog\/author\/atifunaldi\/\"}]}<\/script>\n<!-- \/ Yoast SEO plugin. -->","yoast_head_json":{"title":"Ceplere Is\u0131namad\u0131m - At\u0131f \u00dcnald\u0131","robots":{"index":"index","follow":"follow","max-snippet":"max-snippet:-1","max-image-preview":"max-image-preview:large","max-video-preview":"max-video-preview:-1"},"canonical":"http:\/\/atif.unaldi.org\/blog\/2006\/05\/03\/ceplere-isinamadim\/","og_locale":"tr_TR","og_type":"article","og_title":"Ceplere Is\u0131namad\u0131m - At\u0131f \u00dcnald\u0131","og_description":"At\u0131f \u00dcnald\u0131\u2019y\u0131 teknolojiyi bas\u0131ndan takip edenler \u00e7ok iyi tan\u0131yorlar asl\u0131nda, kendisi internet ve bilgisayar alan\u0131nda T\u00fcrkiye\u2019de ilklere imza atm\u0131\u015f isimlerden bir tanesi. Teknoloji ile ba\u011flant\u0131s\u0131 ortaokul y\u0131llar\u0131nda ba\u015flayan\u00a0 \u00dcnald\u0131, Bo\u011fazi\u00e7i \u00dcniversitesi Fizik B\u00f6l\u00fcm\u00fc\u2019nde e\u011fitim ald\u0131\u011f\u0131...","og_url":"http:\/\/atif.unaldi.org\/blog\/2006\/05\/03\/ceplere-isinamadim\/","og_site_name":"At\u0131f \u00dcnald\u0131","article_publisher":"https:\/\/www.facebook.com\/atifunaldi","article_author":"https:\/\/www.facebook.com\/atifunaldi","article_published_time":"2006-05-03T00:00:00+00:00","author":"Atif Unaldi","twitter_card":"summary_large_image","twitter_creator":"@https:\/\/twitter.com\/atifunaldi","twitter_site":"@atifunaldi","twitter_misc":{"Yazan:":"Atif Unaldi","Tahmini okuma s\u00fcresi":"3 dakika"},"schema":{"@context":"https:\/\/schema.org","@graph":[{"@type":"Article","@id":"http:\/\/atif.unaldi.org\/blog\/2006\/05\/03\/ceplere-isinamadim\/#article","isPartOf":{"@id":"http:\/\/atif.unaldi.org\/blog\/2006\/05\/03\/ceplere-isinamadim\/"},"author":{"name":"Atif Unaldi","@id":"http:\/\/atif.unaldi.org\/blog\/#\/schema\/person\/608ed42ecbda2bc5cfdb767ac1db479b"},"headline":"Ceplere Is\u0131namad\u0131m","datePublished":"2006-05-03T00:00:00+00:00","mainEntityOfPage":{"@id":"http:\/\/atif.unaldi.org\/blog\/2006\/05\/03\/ceplere-isinamadim\/"},"wordCount":510,"commentCount":0,"publisher":{"@id":"http:\/\/atif.unaldi.org\/blog\/#\/schema\/person\/608ed42ecbda2bc5cfdb767ac1db479b"},"articleSection":["Blogum"],"inLanguage":"tr","potentialAction":[{"@type":"CommentAction","name":"Comment","target":["http:\/\/atif.unaldi.org\/blog\/2006\/05\/03\/ceplere-isinamadim\/#respond"]}]},{"@type":"WebPage","@id":"http:\/\/atif.unaldi.org\/blog\/2006\/05\/03\/ceplere-isinamadim\/","url":"http:\/\/atif.unaldi.org\/blog\/2006\/05\/03\/ceplere-isinamadim\/","name":"Ceplere Is\u0131namad\u0131m - At\u0131f \u00dcnald\u0131","isPartOf":{"@id":"http:\/\/atif.unaldi.org\/blog\/#website"},"datePublished":"2006-05-03T00:00:00+00:00","breadcrumb":{"@id":"http:\/\/atif.unaldi.org\/blog\/2006\/05\/03\/ceplere-isinamadim\/#breadcrumb"},"inLanguage":"tr","potentialAction":[{"@type":"ReadAction","target":["http:\/\/atif.unaldi.org\/blog\/2006\/05\/03\/ceplere-isinamadim\/"]}]},{"@type":"BreadcrumbList","@id":"http:\/\/atif.unaldi.org\/blog\/2006\/05\/03\/ceplere-isinamadim\/#breadcrumb","itemListElement":[{"@type":"ListItem","position":1,"name":"Anasayfa","item":"http:\/\/atif.unaldi.org\/blog\/"},{"@type":"ListItem","position":2,"name":"Ceplere Is\u0131namad\u0131m"}]},{"@type":"WebSite","@id":"http:\/\/atif.unaldi.org\/blog\/#website","url":"http:\/\/atif.unaldi.org\/blog\/","name":"At\u0131f \u00dcnald\u0131","description":"Yazar","publisher":{"@id":"http:\/\/atif.unaldi.org\/blog\/#\/schema\/person\/608ed42ecbda2bc5cfdb767ac1db479b"},"alternateName":"At\u0131f \u00dcnald\u0131 Blog","potentialAction":[{"@type":"SearchAction","target":{"@type":"EntryPoint","urlTemplate":"http:\/\/atif.unaldi.org\/blog\/?s={search_term_string}"},"query-input":{"@type":"PropertyValueSpecification","valueRequired":true,"valueName":"search_term_string"}}],"inLanguage":"tr"},{"@type":["Person","Organization"],"@id":"http:\/\/atif.unaldi.org\/blog\/#\/schema\/person\/608ed42ecbda2bc5cfdb767ac1db479b","name":"Atif Unaldi","image":{"@type":"ImageObject","inLanguage":"tr","@id":"http:\/\/atif.unaldi.org\/blog\/#\/schema\/person\/image\/","url":"http:\/\/atif.unaldi.org\/blog\/wp-content\/uploads\/2022\/10\/cropped-a94e8f7a-67c4-4d65-8a5f-032ba784be53-2.jpg","contentUrl":"http:\/\/atif.unaldi.org\/blog\/wp-content\/uploads\/2022\/10\/cropped-a94e8f7a-67c4-4d65-8a5f-032ba784be53-2.jpg","width":512,"height":512,"caption":"Atif Unaldi"},"logo":{"@id":"http:\/\/atif.unaldi.org\/blog\/#\/schema\/person\/image\/"},"description":"Bo\u011fazi\u00e7i \u00dcniversitesinde Fizik B\u00f6l\u00fcm\u00fc\u2019nde e\u011fitim ald\u0131\u011f\u0131 y\u0131llarda T\u00fcrkiye\u2019de ilk kez iki bilgisayar\u0131 telefon hatlar\u0131 \u00fczerinden konu\u015fturan BBS sistemini kurarak, T\u00fcrkiye\u2019deki ilk internet a\u011f\u0131n\u0131 olu\u015fturmu\u015ftur. Bir \u00e7ok radyo ve televizyonda program yap\u0131mc\u0131l\u0131\u011f\u0131 ve sunuculu\u011funu, bir \u00e7ok teknoloji dergisinde k\u00f6\u015fe yazarl\u0131\u011f\u0131, bili\u015fim edit\u00f6rl\u00fc\u011f\u00fc ve genel yay\u0131n y\u00f6netmenli\u011fi yapt\u0131. T\u00fcrkiye\u2019deki ilk internet servis sa\u011flay\u0131c\u0131s\u0131n\u0131n genel m\u00fcd\u00fcrl\u00fc\u011f\u00fcn\u00fc \u00fcstlendi. Bir \u00e7ok organizasyon ve kurulu\u015fta internet s\u00fcperviz\u00f6rl\u00fc\u011f\u00fc , webmaster\u2019l\u0131\u011f\u0131 , IT direkt\u00f6rl\u00fc\u011f\u00fc ve dijital projeler koordinat\u00f6rl\u00fc\u011f\u00fc g\u00f6revlerinde bulundu. Farkl\u0131 \u00fcniversitelerin farkl\u0131 fak\u00fcltelerinde \u00f6\u011fretim g\u00f6revlisi olarak bulunmu\u015f olan \u00dcnald\u0131; \u015fu an teknoloji ve pazarlama konular\u0131 ba\u015fta olmak \u00fczere bir\u00e7ok alanda hizmet veren Unaldi Consultancy\u2019nin kurucusudur. \u2028Selin \u00dcnald\u0131 ile evlidir. Su ve Toprak isminde iki \u00e7ocu\u011fu vard\u0131r.","sameAs":["http:\/\/atif.unaldi.org\/blog","https:\/\/www.facebook.com\/atifunaldi","https:\/\/www.instagram.com\/atifunaldi\/","https:\/\/www.linkedin.com\/in\/atifunaldi","https:\/\/x.com\/https:\/\/twitter.com\/atifunaldi","https:\/\/www.youtube.com\/c\/atifunaldi","https:\/\/soundcloud.com\/atif-unaldi","https:\/\/atifunaldi.tumblr.com"],"url":"http:\/\/atif.unaldi.org\/blog\/author\/atifunaldi\/"}]}},"jetpack_featured_media_url":"","_links":{"self":[{"href":"http:\/\/atif.unaldi.org\/blog\/wp-json\/wp\/v2\/posts\/622","targetHints":{"allow":["GET"]}}],"collection":[{"href":"http:\/\/atif.unaldi.org\/blog\/wp-json\/wp\/v2\/posts"}],"about":[{"href":"http:\/\/atif.unaldi.org\/blog\/wp-json\/wp\/v2\/types\/post"}],"author":[{"embeddable":true,"href":"http:\/\/atif.unaldi.org\/blog\/wp-json\/wp\/v2\/users\/2"}],"replies":[{"embeddable":true,"href":"http:\/\/atif.unaldi.org\/blog\/wp-json\/wp\/v2\/comments?post=622"}],"version-history":[{"count":0,"href":"http:\/\/atif.unaldi.org\/blog\/wp-json\/wp\/v2\/posts\/622\/revisions"}],"wp:attachment":[{"href":"http:\/\/atif.unaldi.org\/blog\/wp-json\/wp\/v2\/media?parent=622"}],"wp:term":[{"taxonomy":"category","embeddable":true,"href":"http:\/\/atif.unaldi.org\/blog\/wp-json\/wp\/v2\/categories?post=622"},{"taxonomy":"post_tag","embeddable":true,"href":"http:\/\/atif.unaldi.org\/blog\/wp-json\/wp\/v2\/tags?post=622"}],"curies":[{"name":"wp","href":"https:\/\/api.w.org\/{rel}","templated":true}]}}