{"id":628,"date":"2007-01-19T02:00:00","date_gmt":"2007-01-19T00:00:00","guid":{"rendered":"http:\/\/85.17.200.84\/~unaldi\/atif\/?p=628"},"modified":"2007-01-19T02:00:00","modified_gmt":"2007-01-19T00:00:00","slug":"iste-turkun-dehasi","status":"publish","type":"post","link":"http:\/\/atif.unaldi.org\/blog\/2007\/01\/19\/iste-turkun-dehasi\/","title":{"rendered":"\u0130\u015fte T\u00fcrk\u2019\u00fcn dehas\u0131"},"content":{"rendered":"<p>Efendim, bir gazetemiz ge\u00e7en ay man\u015fete ta\u015f\u0131m\u0131\u015ft\u0131, biz de o sayede haberdar olduk! (Yanl\u0131\u015f anlamay\u0131n, internetle ilgili konularda \u015fan\u0131m\u0131z y\u00fcr\u00fcyedursun, bazen biz de yaz\u0131n\u0131n son c\u00fcmlesinde g\u00f6rd\u00fc\u011f\u00fcn\u00fcz sebepten \u00f6t\u00fcr\u00fc baz\u0131 konular\u0131 gazetelerden \u00f6\u011freniyoruz) Ba\u015fbakan\u0131m\u0131z Say\u0131n Tayip Erdo\u011fan, \u00f6nayak olmu\u015f, Ortado\u011fu Teknik \u00dcniversitesi\u2019nin merkez olarak kullan\u0131ld\u0131\u011f\u0131, bir internet takip merkezi kurulmu\u015f. \u015eimdi i\u015fin i\u00e7eri\u011finden bahsetmeden \u00f6nce bu \u00fclkede birka\u00e7 konuyu yeniden hat\u0131rlatmak istiyorum. Ger\u00e7i hepiniz eminim fark\u0131ndas\u0131n\u0131zd\u0131r ama ana resmi g\u00f6rmek i\u00e7in bir toplu bakmakta yarar var\u2026<\/p>\n<p>T\u00fcrkiye\u2019de b\u00fct\u00fcn ekmekler po\u015fette sat\u0131l\u0131r, bunu zaten biliyorsunuz\u2026 Ekmekleri po\u015fette satmayanlara yapt\u0131r\u0131mlar vard\u0131r. Bu \u00fclkede uydu antenleri casusluk yasalar\u0131 gere\u011fi hala yasakt\u0131r. Yine bahsi ge\u00e7en \u00fclkede, vatanda\u015flara verilen ADSL (ki \u00fclkenin en iyi internet hatlar\u0131d\u0131r) ba\u011flant\u0131lar\u0131 korsan film indirmeyi engellemek i\u00e7in (yanl\u0131\u015f anlamay\u0131n hatlar\u0131n k\u00f6t\u00fcl\u00fc\u011f\u00fcnden de\u011fil) belli bir limitin \u00fczerine \u00e7\u0131kamaz. (Ho\u015f bahsetti\u011fi limitlere ula\u015ft\u0131\u011f\u0131n\u0131 da g\u00f6rmedik ama\u2026) Yine bahsi ge\u00e7en \u00fclkenin alan adlar\u0131 konusunda \u00e7ok net kurallar\u0131 vard\u0131r. D\u00fcnyada alan adlar\u0131 tekelcili\u011fi \u00f6nlemek amac\u0131 ile birden fazla kurum taraf\u0131ndan verilirken, bu \u00fclkede hala tekeldir. Toplanan paran\u0131n nerelere ve ne ama\u00e7la harcand\u0131\u011f\u0131 bilinmemektedir. Bu bahsi ge\u00e7en \u00fclkede bu kurallar o kadar net uygulan\u0131r ki, bir\u00e7ok kurum evraklar\u0131n\u0131 tamamlayamad\u0131klar\u0131 ve ya ODT\u00dc\u2019y\u00fc bu konularda ikna edemedikleri i\u00e7in alan adlar\u0131n\u0131 alamazlar. (Bkz: <a href=\"http:\/\/www.gokhanozen.com.tr\">www.gokhanozen.com.tr<\/a>) \u2026 Bu \u00fclke geli\u015fmekte olan bir \u00fclkedir ve devlet bakanl\u0131klar\u0131n\u0131n say\u0131s\u0131 artarken bir enformasyon veya ileti\u015fim bakanl\u0131\u011f\u0131 yoktur. Yanl\u0131\u015f anlamay\u0131n bu bakanl\u0131\u011f\u0131 kurulmas\u0131 son derece zordur. Her ne kadar Saddam d\u00f6nemi bakanlar kurulunda bile olsa da\u2026 Ve bu \u00fclke hakk\u0131nda son bilgi, bu \u00fclkenin internetini daha iyi seviyelere getirmek i\u00e7in canh\u0131ra\u015f bir \u015fekilde \u00e7al\u0131\u015fan ve konu ile ilgili bakanl\u0131\u011f\u0131n himayesinde, bakan\u0131n ba\u015fkanl\u0131\u011f\u0131nda toplanan bir internet \u00fcst kurulu vard\u0131r.<\/p>\n<p>Bu bilgiler d\u00e2hilinde \u015fimdi size soruyorum, bu kadar d\u00fczenli ve g\u00fczel bir \u00fclkede internet nas\u0131l devletin kontrol\u00fcnde b\u00fcy\u00fcyemez de ba\u015fka kontrol mekanizmalar\u0131na ihtiya\u00e7 duyulur. Tabii asl\u0131nda bu kurum, her \u015feye ra\u011fmen ufak tefek ka\u00e7aklar i\u00e7in kurulmu\u015ftur. \u00c7ok gereklidir asl\u0131nda bu ufak ka\u00e7aklar\u0131 yakalamak. Zira bunu halletmenin de ba\u015fka yolu yoktur.<\/p>\n<p>Bu konuda birka\u00e7 \u00e7\u00f6z\u00fcm \u00f6nerisini yaz\u0131lar\u0131m\u0131 okuyanlar bilirler. Bunlar\u0131 muhtelif mecralardaki yaz\u0131lar\u0131mda hep kullanm\u0131\u015f\u0131md\u0131r. \u015eimdi s\u0131rf bu konu ile ilgili muhtemel \u00e7\u00f6z\u00fcmleri dile getirmek istiyorum:<\/p>\n<p>Bu \u00fclke de herkese bir ip adresi verilse ve bu adres vergi numaras\u0131 ile de ba\u011flant\u0131lansa acaba bir \u00e7\u00f6z\u00fcm olur muydu?<\/p>\n<p>\u0130nsanlara, internetin dalga ge\u00e7ilecek bir sanal \u00e2lem de\u011fil siber bir uzay oldu\u011fu ve kimliklerimizin hatta ev adreslerimizin internet d\u0131\u015f\u0131nda kalmad\u0131\u011f\u0131 anlat\u0131lsa.<\/p>\n<p>Birka\u00e7 ki\u015fiyi salland\u0131rmak, afi\u015fe etmek yerine bunlar\u0131n ciddi su\u00e7lar oldu\u011fu, b\u00fct\u00fcn mecralarda anlat\u0131lsa daha iyi olmaz m\u0131?<\/p>\n<p>Kimse kusura bakmas\u0131n ama bana bu tip uygulamalar McCarthy d\u00f6nemini hat\u0131rlat\u0131yor. O nedenle bu tip sorunlara bu \u00e7\u00f6z\u00fcmleri \u00fcretenler iyi geceler, iyi \u015fanslar diliyorum. Eminim T\u00fcrk dehas\u0131 bir cad\u0131 av\u0131 k\u00fclt\u00fcr\u00fcn\u00fcn kurban\u0131 olmayacak kadar asildir.<\/p>\n","protected":false},"excerpt":{"rendered":"<p>Efendim, bir gazetemiz ge\u00e7en ay man\u015fete ta\u015f\u0131m\u0131\u015ft\u0131, biz de o sayede haberdar olduk! (Yanl\u0131\u015f anlamay\u0131n, internetle ilgili konularda \u015fan\u0131m\u0131z y\u00fcr\u00fcyedursun, bazen biz de yaz\u0131n\u0131n son c\u00fcmlesinde g\u00f6rd\u00fc\u011f\u00fcn\u00fcz sebepten \u00f6t\u00fcr\u00fc baz\u0131 konular\u0131 gazetelerden \u00f6\u011freniyoruz) Ba\u015fbakan\u0131m\u0131z Say\u0131n&#8230;<\/p>\n","protected":false},"author":2,"featured_media":0,"comment_status":"open","ping_status":"open","sticky":false,"template":"","format":"standard","meta":{"footnotes":""},"categories":[3],"tags":[],"class_list":["post-628","post","type-post","status-publish","format-standard","hentry","category-blogum"],"yoast_head":"<!-- This site is optimized with the Yoast SEO plugin v26.8 - https:\/\/yoast.com\/product\/yoast-seo-wordpress\/ -->\n<title>\u0130\u015fte T\u00fcrk\u2019\u00fcn dehas\u0131 - At\u0131f \u00dcnald\u0131<\/title>\n<meta name=\"robots\" content=\"index, follow, max-snippet:-1, max-image-preview:large, max-video-preview:-1\" \/>\n<link rel=\"canonical\" href=\"http:\/\/atif.unaldi.org\/blog\/2007\/01\/19\/iste-turkun-dehasi\/\" \/>\n<meta property=\"og:locale\" content=\"tr_TR\" \/>\n<meta property=\"og:type\" content=\"article\" \/>\n<meta property=\"og:title\" content=\"\u0130\u015fte T\u00fcrk\u2019\u00fcn dehas\u0131 - At\u0131f \u00dcnald\u0131\" \/>\n<meta property=\"og:description\" content=\"Efendim, bir gazetemiz ge\u00e7en ay man\u015fete ta\u015f\u0131m\u0131\u015ft\u0131, biz de o sayede haberdar olduk! (Yanl\u0131\u015f anlamay\u0131n, internetle ilgili konularda \u015fan\u0131m\u0131z y\u00fcr\u00fcyedursun, bazen biz de yaz\u0131n\u0131n son c\u00fcmlesinde g\u00f6rd\u00fc\u011f\u00fcn\u00fcz sebepten \u00f6t\u00fcr\u00fc baz\u0131 konular\u0131 gazetelerden \u00f6\u011freniyoruz) Ba\u015fbakan\u0131m\u0131z Say\u0131n...\" \/>\n<meta property=\"og:url\" content=\"http:\/\/atif.unaldi.org\/blog\/2007\/01\/19\/iste-turkun-dehasi\/\" \/>\n<meta property=\"og:site_name\" content=\"At\u0131f \u00dcnald\u0131\" \/>\n<meta property=\"article:publisher\" content=\"https:\/\/www.facebook.com\/atifunaldi\" \/>\n<meta property=\"article:author\" content=\"https:\/\/www.facebook.com\/atifunaldi\" \/>\n<meta property=\"article:published_time\" content=\"2007-01-19T00:00:00+00:00\" \/>\n<meta name=\"author\" content=\"Atif Unaldi\" \/>\n<meta name=\"twitter:card\" content=\"summary_large_image\" \/>\n<meta name=\"twitter:creator\" content=\"@https:\/\/twitter.com\/atifunaldi\" \/>\n<meta name=\"twitter:site\" content=\"@atifunaldi\" \/>\n<meta name=\"twitter:label1\" content=\"Yazan:\" \/>\n\t<meta name=\"twitter:data1\" content=\"Atif Unaldi\" \/>\n\t<meta name=\"twitter:label2\" content=\"Tahmini okuma s\u00fcresi\" \/>\n\t<meta name=\"twitter:data2\" content=\"3 dakika\" \/>\n<script type=\"application\/ld+json\" class=\"yoast-schema-graph\">{\"@context\":\"https:\/\/schema.org\",\"@graph\":[{\"@type\":\"Article\",\"@id\":\"http:\/\/atif.unaldi.org\/blog\/2007\/01\/19\/iste-turkun-dehasi\/#article\",\"isPartOf\":{\"@id\":\"http:\/\/atif.unaldi.org\/blog\/2007\/01\/19\/iste-turkun-dehasi\/\"},\"author\":{\"name\":\"Atif Unaldi\",\"@id\":\"http:\/\/atif.unaldi.org\/blog\/#\/schema\/person\/608ed42ecbda2bc5cfdb767ac1db479b\"},\"headline\":\"\u0130\u015fte T\u00fcrk\u2019\u00fcn dehas\u0131\",\"datePublished\":\"2007-01-19T00:00:00+00:00\",\"mainEntityOfPage\":{\"@id\":\"http:\/\/atif.unaldi.org\/blog\/2007\/01\/19\/iste-turkun-dehasi\/\"},\"wordCount\":591,\"commentCount\":0,\"publisher\":{\"@id\":\"http:\/\/atif.unaldi.org\/blog\/#\/schema\/person\/608ed42ecbda2bc5cfdb767ac1db479b\"},\"articleSection\":[\"Blogum\"],\"inLanguage\":\"tr\",\"potentialAction\":[{\"@type\":\"CommentAction\",\"name\":\"Comment\",\"target\":[\"http:\/\/atif.unaldi.org\/blog\/2007\/01\/19\/iste-turkun-dehasi\/#respond\"]}]},{\"@type\":\"WebPage\",\"@id\":\"http:\/\/atif.unaldi.org\/blog\/2007\/01\/19\/iste-turkun-dehasi\/\",\"url\":\"http:\/\/atif.unaldi.org\/blog\/2007\/01\/19\/iste-turkun-dehasi\/\",\"name\":\"\u0130\u015fte T\u00fcrk\u2019\u00fcn dehas\u0131 - At\u0131f \u00dcnald\u0131\",\"isPartOf\":{\"@id\":\"http:\/\/atif.unaldi.org\/blog\/#website\"},\"datePublished\":\"2007-01-19T00:00:00+00:00\",\"breadcrumb\":{\"@id\":\"http:\/\/atif.unaldi.org\/blog\/2007\/01\/19\/iste-turkun-dehasi\/#breadcrumb\"},\"inLanguage\":\"tr\",\"potentialAction\":[{\"@type\":\"ReadAction\",\"target\":[\"http:\/\/atif.unaldi.org\/blog\/2007\/01\/19\/iste-turkun-dehasi\/\"]}]},{\"@type\":\"BreadcrumbList\",\"@id\":\"http:\/\/atif.unaldi.org\/blog\/2007\/01\/19\/iste-turkun-dehasi\/#breadcrumb\",\"itemListElement\":[{\"@type\":\"ListItem\",\"position\":1,\"name\":\"Anasayfa\",\"item\":\"http:\/\/atif.unaldi.org\/blog\/\"},{\"@type\":\"ListItem\",\"position\":2,\"name\":\"\u0130\u015fte T\u00fcrk\u2019\u00fcn dehas\u0131\"}]},{\"@type\":\"WebSite\",\"@id\":\"http:\/\/atif.unaldi.org\/blog\/#website\",\"url\":\"http:\/\/atif.unaldi.org\/blog\/\",\"name\":\"At\u0131f \u00dcnald\u0131\",\"description\":\"Yazar\",\"publisher\":{\"@id\":\"http:\/\/atif.unaldi.org\/blog\/#\/schema\/person\/608ed42ecbda2bc5cfdb767ac1db479b\"},\"alternateName\":\"At\u0131f \u00dcnald\u0131 Blog\",\"potentialAction\":[{\"@type\":\"SearchAction\",\"target\":{\"@type\":\"EntryPoint\",\"urlTemplate\":\"http:\/\/atif.unaldi.org\/blog\/?s={search_term_string}\"},\"query-input\":{\"@type\":\"PropertyValueSpecification\",\"valueRequired\":true,\"valueName\":\"search_term_string\"}}],\"inLanguage\":\"tr\"},{\"@type\":[\"Person\",\"Organization\"],\"@id\":\"http:\/\/atif.unaldi.org\/blog\/#\/schema\/person\/608ed42ecbda2bc5cfdb767ac1db479b\",\"name\":\"Atif Unaldi\",\"image\":{\"@type\":\"ImageObject\",\"inLanguage\":\"tr\",\"@id\":\"http:\/\/atif.unaldi.org\/blog\/#\/schema\/person\/image\/\",\"url\":\"http:\/\/atif.unaldi.org\/blog\/wp-content\/uploads\/2022\/10\/cropped-a94e8f7a-67c4-4d65-8a5f-032ba784be53-2.jpg\",\"contentUrl\":\"http:\/\/atif.unaldi.org\/blog\/wp-content\/uploads\/2022\/10\/cropped-a94e8f7a-67c4-4d65-8a5f-032ba784be53-2.jpg\",\"width\":512,\"height\":512,\"caption\":\"Atif Unaldi\"},\"logo\":{\"@id\":\"http:\/\/atif.unaldi.org\/blog\/#\/schema\/person\/image\/\"},\"description\":\"Bo\u011fazi\u00e7i \u00dcniversitesinde Fizik B\u00f6l\u00fcm\u00fc\u2019nde e\u011fitim ald\u0131\u011f\u0131 y\u0131llarda T\u00fcrkiye\u2019de ilk kez iki bilgisayar\u0131 telefon hatlar\u0131 \u00fczerinden konu\u015fturan BBS sistemini kurarak, T\u00fcrkiye\u2019deki ilk internet a\u011f\u0131n\u0131 olu\u015fturmu\u015ftur. Bir \u00e7ok radyo ve televizyonda program yap\u0131mc\u0131l\u0131\u011f\u0131 ve sunuculu\u011funu, bir \u00e7ok teknoloji dergisinde k\u00f6\u015fe yazarl\u0131\u011f\u0131, bili\u015fim edit\u00f6rl\u00fc\u011f\u00fc ve genel yay\u0131n y\u00f6netmenli\u011fi yapt\u0131. T\u00fcrkiye\u2019deki ilk internet servis sa\u011flay\u0131c\u0131s\u0131n\u0131n genel m\u00fcd\u00fcrl\u00fc\u011f\u00fcn\u00fc \u00fcstlendi. Bir \u00e7ok organizasyon ve kurulu\u015fta internet s\u00fcperviz\u00f6rl\u00fc\u011f\u00fc , webmaster\u2019l\u0131\u011f\u0131 , IT direkt\u00f6rl\u00fc\u011f\u00fc ve dijital projeler koordinat\u00f6rl\u00fc\u011f\u00fc g\u00f6revlerinde bulundu. Farkl\u0131 \u00fcniversitelerin farkl\u0131 fak\u00fcltelerinde \u00f6\u011fretim g\u00f6revlisi olarak bulunmu\u015f olan \u00dcnald\u0131; \u015fu an teknoloji ve pazarlama konular\u0131 ba\u015fta olmak \u00fczere bir\u00e7ok alanda hizmet veren Unaldi Consultancy\u2019nin kurucusudur. \\u2028Selin \u00dcnald\u0131 ile evlidir. Su ve Toprak isminde iki \u00e7ocu\u011fu vard\u0131r.\",\"sameAs\":[\"http:\/\/atif.unaldi.org\/blog\",\"https:\/\/www.facebook.com\/atifunaldi\",\"https:\/\/www.instagram.com\/atifunaldi\/\",\"https:\/\/www.linkedin.com\/in\/atifunaldi\",\"https:\/\/x.com\/https:\/\/twitter.com\/atifunaldi\",\"https:\/\/www.youtube.com\/c\/atifunaldi\",\"https:\/\/soundcloud.com\/atif-unaldi\",\"https:\/\/atifunaldi.tumblr.com\"],\"url\":\"http:\/\/atif.unaldi.org\/blog\/author\/atifunaldi\/\"}]}<\/script>\n<!-- \/ Yoast SEO plugin. -->","yoast_head_json":{"title":"\u0130\u015fte T\u00fcrk\u2019\u00fcn dehas\u0131 - At\u0131f \u00dcnald\u0131","robots":{"index":"index","follow":"follow","max-snippet":"max-snippet:-1","max-image-preview":"max-image-preview:large","max-video-preview":"max-video-preview:-1"},"canonical":"http:\/\/atif.unaldi.org\/blog\/2007\/01\/19\/iste-turkun-dehasi\/","og_locale":"tr_TR","og_type":"article","og_title":"\u0130\u015fte T\u00fcrk\u2019\u00fcn dehas\u0131 - At\u0131f \u00dcnald\u0131","og_description":"Efendim, bir gazetemiz ge\u00e7en ay man\u015fete ta\u015f\u0131m\u0131\u015ft\u0131, biz de o sayede haberdar olduk! (Yanl\u0131\u015f anlamay\u0131n, internetle ilgili konularda \u015fan\u0131m\u0131z y\u00fcr\u00fcyedursun, bazen biz de yaz\u0131n\u0131n son c\u00fcmlesinde g\u00f6rd\u00fc\u011f\u00fcn\u00fcz sebepten \u00f6t\u00fcr\u00fc baz\u0131 konular\u0131 gazetelerden \u00f6\u011freniyoruz) Ba\u015fbakan\u0131m\u0131z Say\u0131n...","og_url":"http:\/\/atif.unaldi.org\/blog\/2007\/01\/19\/iste-turkun-dehasi\/","og_site_name":"At\u0131f \u00dcnald\u0131","article_publisher":"https:\/\/www.facebook.com\/atifunaldi","article_author":"https:\/\/www.facebook.com\/atifunaldi","article_published_time":"2007-01-19T00:00:00+00:00","author":"Atif Unaldi","twitter_card":"summary_large_image","twitter_creator":"@https:\/\/twitter.com\/atifunaldi","twitter_site":"@atifunaldi","twitter_misc":{"Yazan:":"Atif Unaldi","Tahmini okuma s\u00fcresi":"3 dakika"},"schema":{"@context":"https:\/\/schema.org","@graph":[{"@type":"Article","@id":"http:\/\/atif.unaldi.org\/blog\/2007\/01\/19\/iste-turkun-dehasi\/#article","isPartOf":{"@id":"http:\/\/atif.unaldi.org\/blog\/2007\/01\/19\/iste-turkun-dehasi\/"},"author":{"name":"Atif Unaldi","@id":"http:\/\/atif.unaldi.org\/blog\/#\/schema\/person\/608ed42ecbda2bc5cfdb767ac1db479b"},"headline":"\u0130\u015fte T\u00fcrk\u2019\u00fcn dehas\u0131","datePublished":"2007-01-19T00:00:00+00:00","mainEntityOfPage":{"@id":"http:\/\/atif.unaldi.org\/blog\/2007\/01\/19\/iste-turkun-dehasi\/"},"wordCount":591,"commentCount":0,"publisher":{"@id":"http:\/\/atif.unaldi.org\/blog\/#\/schema\/person\/608ed42ecbda2bc5cfdb767ac1db479b"},"articleSection":["Blogum"],"inLanguage":"tr","potentialAction":[{"@type":"CommentAction","name":"Comment","target":["http:\/\/atif.unaldi.org\/blog\/2007\/01\/19\/iste-turkun-dehasi\/#respond"]}]},{"@type":"WebPage","@id":"http:\/\/atif.unaldi.org\/blog\/2007\/01\/19\/iste-turkun-dehasi\/","url":"http:\/\/atif.unaldi.org\/blog\/2007\/01\/19\/iste-turkun-dehasi\/","name":"\u0130\u015fte T\u00fcrk\u2019\u00fcn dehas\u0131 - At\u0131f \u00dcnald\u0131","isPartOf":{"@id":"http:\/\/atif.unaldi.org\/blog\/#website"},"datePublished":"2007-01-19T00:00:00+00:00","breadcrumb":{"@id":"http:\/\/atif.unaldi.org\/blog\/2007\/01\/19\/iste-turkun-dehasi\/#breadcrumb"},"inLanguage":"tr","potentialAction":[{"@type":"ReadAction","target":["http:\/\/atif.unaldi.org\/blog\/2007\/01\/19\/iste-turkun-dehasi\/"]}]},{"@type":"BreadcrumbList","@id":"http:\/\/atif.unaldi.org\/blog\/2007\/01\/19\/iste-turkun-dehasi\/#breadcrumb","itemListElement":[{"@type":"ListItem","position":1,"name":"Anasayfa","item":"http:\/\/atif.unaldi.org\/blog\/"},{"@type":"ListItem","position":2,"name":"\u0130\u015fte T\u00fcrk\u2019\u00fcn dehas\u0131"}]},{"@type":"WebSite","@id":"http:\/\/atif.unaldi.org\/blog\/#website","url":"http:\/\/atif.unaldi.org\/blog\/","name":"At\u0131f \u00dcnald\u0131","description":"Yazar","publisher":{"@id":"http:\/\/atif.unaldi.org\/blog\/#\/schema\/person\/608ed42ecbda2bc5cfdb767ac1db479b"},"alternateName":"At\u0131f \u00dcnald\u0131 Blog","potentialAction":[{"@type":"SearchAction","target":{"@type":"EntryPoint","urlTemplate":"http:\/\/atif.unaldi.org\/blog\/?s={search_term_string}"},"query-input":{"@type":"PropertyValueSpecification","valueRequired":true,"valueName":"search_term_string"}}],"inLanguage":"tr"},{"@type":["Person","Organization"],"@id":"http:\/\/atif.unaldi.org\/blog\/#\/schema\/person\/608ed42ecbda2bc5cfdb767ac1db479b","name":"Atif Unaldi","image":{"@type":"ImageObject","inLanguage":"tr","@id":"http:\/\/atif.unaldi.org\/blog\/#\/schema\/person\/image\/","url":"http:\/\/atif.unaldi.org\/blog\/wp-content\/uploads\/2022\/10\/cropped-a94e8f7a-67c4-4d65-8a5f-032ba784be53-2.jpg","contentUrl":"http:\/\/atif.unaldi.org\/blog\/wp-content\/uploads\/2022\/10\/cropped-a94e8f7a-67c4-4d65-8a5f-032ba784be53-2.jpg","width":512,"height":512,"caption":"Atif Unaldi"},"logo":{"@id":"http:\/\/atif.unaldi.org\/blog\/#\/schema\/person\/image\/"},"description":"Bo\u011fazi\u00e7i \u00dcniversitesinde Fizik B\u00f6l\u00fcm\u00fc\u2019nde e\u011fitim ald\u0131\u011f\u0131 y\u0131llarda T\u00fcrkiye\u2019de ilk kez iki bilgisayar\u0131 telefon hatlar\u0131 \u00fczerinden konu\u015fturan BBS sistemini kurarak, T\u00fcrkiye\u2019deki ilk internet a\u011f\u0131n\u0131 olu\u015fturmu\u015ftur. Bir \u00e7ok radyo ve televizyonda program yap\u0131mc\u0131l\u0131\u011f\u0131 ve sunuculu\u011funu, bir \u00e7ok teknoloji dergisinde k\u00f6\u015fe yazarl\u0131\u011f\u0131, bili\u015fim edit\u00f6rl\u00fc\u011f\u00fc ve genel yay\u0131n y\u00f6netmenli\u011fi yapt\u0131. T\u00fcrkiye\u2019deki ilk internet servis sa\u011flay\u0131c\u0131s\u0131n\u0131n genel m\u00fcd\u00fcrl\u00fc\u011f\u00fcn\u00fc \u00fcstlendi. Bir \u00e7ok organizasyon ve kurulu\u015fta internet s\u00fcperviz\u00f6rl\u00fc\u011f\u00fc , webmaster\u2019l\u0131\u011f\u0131 , IT direkt\u00f6rl\u00fc\u011f\u00fc ve dijital projeler koordinat\u00f6rl\u00fc\u011f\u00fc g\u00f6revlerinde bulundu. Farkl\u0131 \u00fcniversitelerin farkl\u0131 fak\u00fcltelerinde \u00f6\u011fretim g\u00f6revlisi olarak bulunmu\u015f olan \u00dcnald\u0131; \u015fu an teknoloji ve pazarlama konular\u0131 ba\u015fta olmak \u00fczere bir\u00e7ok alanda hizmet veren Unaldi Consultancy\u2019nin kurucusudur. \u2028Selin \u00dcnald\u0131 ile evlidir. Su ve Toprak isminde iki \u00e7ocu\u011fu vard\u0131r.","sameAs":["http:\/\/atif.unaldi.org\/blog","https:\/\/www.facebook.com\/atifunaldi","https:\/\/www.instagram.com\/atifunaldi\/","https:\/\/www.linkedin.com\/in\/atifunaldi","https:\/\/x.com\/https:\/\/twitter.com\/atifunaldi","https:\/\/www.youtube.com\/c\/atifunaldi","https:\/\/soundcloud.com\/atif-unaldi","https:\/\/atifunaldi.tumblr.com"],"url":"http:\/\/atif.unaldi.org\/blog\/author\/atifunaldi\/"}]}},"jetpack_featured_media_url":"","_links":{"self":[{"href":"http:\/\/atif.unaldi.org\/blog\/wp-json\/wp\/v2\/posts\/628","targetHints":{"allow":["GET"]}}],"collection":[{"href":"http:\/\/atif.unaldi.org\/blog\/wp-json\/wp\/v2\/posts"}],"about":[{"href":"http:\/\/atif.unaldi.org\/blog\/wp-json\/wp\/v2\/types\/post"}],"author":[{"embeddable":true,"href":"http:\/\/atif.unaldi.org\/blog\/wp-json\/wp\/v2\/users\/2"}],"replies":[{"embeddable":true,"href":"http:\/\/atif.unaldi.org\/blog\/wp-json\/wp\/v2\/comments?post=628"}],"version-history":[{"count":0,"href":"http:\/\/atif.unaldi.org\/blog\/wp-json\/wp\/v2\/posts\/628\/revisions"}],"wp:attachment":[{"href":"http:\/\/atif.unaldi.org\/blog\/wp-json\/wp\/v2\/media?parent=628"}],"wp:term":[{"taxonomy":"category","embeddable":true,"href":"http:\/\/atif.unaldi.org\/blog\/wp-json\/wp\/v2\/categories?post=628"},{"taxonomy":"post_tag","embeddable":true,"href":"http:\/\/atif.unaldi.org\/blog\/wp-json\/wp\/v2\/tags?post=628"}],"curies":[{"name":"wp","href":"https:\/\/api.w.org\/{rel}","templated":true}]}}