{"id":629,"date":"2007-02-19T02:00:00","date_gmt":"2007-02-19T00:00:00","guid":{"rendered":"http:\/\/85.17.200.84\/~unaldi\/atif\/?p=629"},"modified":"2007-02-19T02:00:00","modified_gmt":"2007-02-19T00:00:00","slug":"bu-gazetelerde-bilisim-editoru-var-mi","status":"publish","type":"post","link":"http:\/\/atif.unaldi.org\/blog\/2007\/02\/19\/bu-gazetelerde-bilisim-editoru-var-mi\/","title":{"rendered":"Bu Gazetelerde Bili\u015fim Edit\u00f6r\u00fc Var m\u0131?"},"content":{"rendered":"<p>Efendim ge\u00e7en ay olduk\u00e7a ilgin\u00e7 bir g\u00fcndem has\u0131l oldu. Biz hi\u00e7bir siyasimizin, bu aralar \u201cin\u201d bulmad\u0131\u011f\u0131 internet ile Akademik Bili\u015fim arac\u0131l\u0131\u011f\u0131 ile K\u00fctahya\u2019da me\u015fgul olurken, bir tak\u0131m hacker\u2019lar (bunlar ger\u00e7ek hacker _T\u00fcrkiye\u2019deki bir iki crack sitesine ba\u011flan\u0131p\u00a0 program k\u0131rarak e\u015fe dosta hava at\u0131p ek\u015fi s\u00f6zl\u00fck\u2019te caka satanlar de\u011fil) d\u00fcnya internetinin y\u00f6n veren en \u00f6nemli 13 bilgisayardan 3\u2019\u00fcne yanl\u0131\u015f anlamad\u0131ysam geli\u015ftirilmi\u015f bir\u00a0 t\u00fcr DoS ata\u011f\u0131 yaparak \u00e7\u00f6kertmi\u015fler. Burada iki haber var. Birincisi sald\u0131r\u0131 ikincisi de savunma. Bu sald\u0131r\u0131n\u0131n arkas\u0131ndan sistem g\u00f6\u00e7medi yani arpanet\u2019in ve\u00a0 Vinton Cerf\u2019in istedi\u011fi internet yap\u0131s\u0131n\u0131n oldu\u011fu g\u00f6r\u00fcld\u00fc. <br \/>Ertesi g\u00fcn b\u00fcy\u00fck gazetelerimizin hepsinin ana sayfas\u0131nda bir internet haberi vard\u0131. Tabii ki haber bu \u00f6nemli haber de\u011fildi.<br \/>Sabah Gazetesi kapaktan girmi\u015fti, g\u00fczide mankenimiz Tu\u011fba \u00d6zay\u2019\u0131n youtube\u2019de t\u0131klanma rekoru k\u0131ran sitesi haberini. \u015eimdi o gazetede bu haberi yapan arkada\u015fa sesleniyorum. Bunun neresi haber? Bir eksik etek internette bir siteye videosunu koyuyor sonrada bir script yaz\u0131p ona buna bast\u0131r\u0131yor. Bu haber olur mu? Bu bir rating rekoru mudur? Bir ba\u015far\u0131 var m\u0131? Bir \u00f6zel durum var m\u0131? \u0130nternet \u00fcnl\u00fcs\u00fc Mahir bile bence daha b\u00fcy\u00fck bir ba\u015far\u0131.. Arkada\u015f\u0131m\u0131z \u00fclke \u00fclke \u00fczerine g\u00f6rev olmayan \u015feyleri yaparken burada en b\u00fcy\u00fck haberi ka\u00e7\u0131r\u0131yor? Haverle ne i\u015fimiz olur\u00a0 de\u011fil mi Timur?<br \/>Bir de Ak\u015fam Gazetesine bakal\u0131m. Ayn\u0131 g\u00fcn kapakdan giren internet haberi \u201cO hatunun poposu de\u011filmi\u015f\u201d\u2026<br \/>\u0130\u015fte biz interneti buras\u0131ndan anlayabiliyor, alg\u0131layabiliyoruz. De\u011fil mi Adem?\u00a0\u00a0 Canteen\u2019de bizden bunu mu \u00f6\u011frendin?<br \/>Posta gazetesinde sevgili Erdo\u011fan Akta\u015f yazm\u0131\u015f, haberin magazinle\u015fmesinden bahsediyor. Star\u2019daki haberin komutan\u0131 olan Erdo\u011fan, rating rekorlar\u0131 k\u0131rarken internet ve teknoloji konusunda youtube\u2019den ald\u0131\u011f\u0131 g\u00f6r\u00fcnt\u00fclerden ba\u015fka neyi haber yapt\u0131 ki, bunu sorma hakk\u0131n\u0131 kendinde buluyor, \u00e7ok merak ediyorum?!?<br \/>Ge\u00e7enlerde bir gazetenin ba\u015f yazarlar\u0131ndan birinin odas\u0131nday\u0131m. \u00c7ok sevdi\u011fim bir abim, kendisi\u2026 Bana youtube meselesi hakk\u0131nda sorular soruyor bunu mecra olarak de\u011ferlendirebilir miyiz? v.s. Abi dedim tamam sana cevap vereyim ama sizin bir bili\u015fim edit\u00f6r\u00fcn\u00fcz var ona niye sormuyorsun? O da hemen telefona sar\u0131ld\u0131 y\u00f6neticilerden birini aray\u0131p bizim bili\u015fim edit\u00f6r\u00fcm\u00fcz var m\u0131 diye sordu? Cevap \u015f\u00f6yle geldi bir iki teknoloji haberi yapan arkada\u015f\u0131m\u0131z varm\u0131\u015f ama \u2026. \u0130\u015fte bu durumda gazetelerimiz medya o kadar k\u00fc\u00e7\u00fcld\u00fc ki, bir tak\u0131m k\u00fc\u00e7\u00fck insanlar bunca \u015feyin i\u00e7inde b\u00fcy\u00fck g\u00f6r\u00fcnmeye ba\u015flad\u0131. <br \/>Do\u011fan TV Grubunda \u00d6zel Projeler dan\u0131\u015fman\u0131yken, Mehmet Ali Birand birg\u00fcn geldi g\u00f6r\u00fc\u015ft\u00fck. \u0130nternet konusunda haber b\u00fclteninin i\u00e7ine ayd\u0131nlat\u0131c\u0131 haberler yapal\u0131m dedim. Aradan biraz zaman ge\u00e7ti bir han\u0131m k\u0131z\u0131m\u0131z peydah oldu Kanal D ekranlar\u0131nda.. Bir haberini seyrettim zaten sanal diye ba\u015flayan bir anlat\u0131mla girdi konuya\u2026 \u00dcz\u00fcld\u00fcm. Eski yay\u0131nlar\u0131n\u0131 hemen benim \u00e7ocuklara toplatt\u0131m. Aman Allah\u2019\u0131m hepsi yamuk yumuk yanl\u0131\u015flarla dolu haberler.<br \/>Biz de b\u00f6yledir fikir sorulur sonra onu birileri mahfeder. Bunun en belirgin bizzat ya\u015fad\u0131\u011f\u0131m \u00f6rneklerinden biri de MedyaNET projesidir. Sonra yamulup yumulup T\u00fcrkport oldu. <br \/>Ge\u00e7enler de y\u0131llard\u0131r sanal de\u011fil diye bahsetti\u011fimiz internette kumar y\u00fcz\u00fcnden biri \u00f6ld\u00fc. Ba\u015fl\u0131k atm\u0131\u015f H\u00fcrriyet gazetesi \u201cKumar Sanal \u00d6l\u00fcm Ger\u00e7ek\u201d diye.. Yurtsan y\u0131llard\u0131r demiyor muyum \u015funa sanal demeyin insanlar\u0131n bak\u0131\u015f\u0131 de\u011fi\u015fiyor diye\u2026 Buras\u0131 Matrix mi sanal bir \u015feyden insanlar \u00f6ls\u00fcn. Muhabir arkada\u015flar \u00f6yle \u00f6\u011frenmi\u015fler \u00f6yle gidiyor. <br \/>Akademik Bili\u015fim\u2019de bir hocam\u0131z internet geli\u015fim \u00e7a\u011f\u0131ndaki \u00e7ocuklara zararl\u0131 m\u0131d\u0131r? Konusunda bir focus grup yapm\u0131\u015f, sonu\u00e7lar\u0131n\u0131 a\u00e7\u0131kl\u0131yordu. Son c\u00fcmlesini bir ben alk\u0131\u015flad\u0131m galiba.. Y\u0131llard\u0131r sanal diyoruz ama bu internet \u00e7ok ger\u00e7ek\u2026.\u00a0\u00a0\u00a0 <\/p>\n","protected":false},"excerpt":{"rendered":"<p>Efendim ge\u00e7en ay olduk\u00e7a ilgin\u00e7 bir g\u00fcndem has\u0131l oldu. Biz hi\u00e7bir siyasimizin, bu aralar \u201cin\u201d bulmad\u0131\u011f\u0131 internet ile Akademik Bili\u015fim arac\u0131l\u0131\u011f\u0131 ile K\u00fctahya\u2019da me\u015fgul olurken, bir tak\u0131m hacker\u2019lar (bunlar ger\u00e7ek hacker _T\u00fcrkiye\u2019deki bir iki crack&#8230;<\/p>\n","protected":false},"author":2,"featured_media":0,"comment_status":"open","ping_status":"open","sticky":false,"template":"","format":"standard","meta":{"footnotes":""},"categories":[3],"tags":[],"class_list":["post-629","post","type-post","status-publish","format-standard","hentry","category-blogum"],"yoast_head":"<!-- This site is optimized with the Yoast SEO plugin v26.8 - https:\/\/yoast.com\/product\/yoast-seo-wordpress\/ -->\n<title>Bu Gazetelerde Bili\u015fim Edit\u00f6r\u00fc Var m\u0131? - At\u0131f \u00dcnald\u0131<\/title>\n<meta name=\"robots\" content=\"index, follow, max-snippet:-1, max-image-preview:large, max-video-preview:-1\" \/>\n<link rel=\"canonical\" href=\"http:\/\/atif.unaldi.org\/blog\/2007\/02\/19\/bu-gazetelerde-bilisim-editoru-var-mi\/\" \/>\n<meta property=\"og:locale\" content=\"tr_TR\" \/>\n<meta property=\"og:type\" content=\"article\" \/>\n<meta property=\"og:title\" content=\"Bu Gazetelerde Bili\u015fim Edit\u00f6r\u00fc Var m\u0131? - At\u0131f \u00dcnald\u0131\" \/>\n<meta property=\"og:description\" content=\"Efendim ge\u00e7en ay olduk\u00e7a ilgin\u00e7 bir g\u00fcndem has\u0131l oldu. Biz hi\u00e7bir siyasimizin, bu aralar \u201cin\u201d bulmad\u0131\u011f\u0131 internet ile Akademik Bili\u015fim arac\u0131l\u0131\u011f\u0131 ile K\u00fctahya\u2019da me\u015fgul olurken, bir tak\u0131m hacker\u2019lar (bunlar ger\u00e7ek hacker _T\u00fcrkiye\u2019deki bir iki crack...\" \/>\n<meta property=\"og:url\" content=\"http:\/\/atif.unaldi.org\/blog\/2007\/02\/19\/bu-gazetelerde-bilisim-editoru-var-mi\/\" \/>\n<meta property=\"og:site_name\" content=\"At\u0131f \u00dcnald\u0131\" \/>\n<meta property=\"article:publisher\" content=\"https:\/\/www.facebook.com\/atifunaldi\" \/>\n<meta property=\"article:author\" content=\"https:\/\/www.facebook.com\/atifunaldi\" \/>\n<meta property=\"article:published_time\" content=\"2007-02-19T00:00:00+00:00\" \/>\n<meta name=\"author\" content=\"Atif Unaldi\" \/>\n<meta name=\"twitter:card\" content=\"summary_large_image\" \/>\n<meta name=\"twitter:creator\" content=\"@https:\/\/twitter.com\/atifunaldi\" \/>\n<meta name=\"twitter:site\" content=\"@atifunaldi\" \/>\n<meta name=\"twitter:label1\" content=\"Yazan:\" \/>\n\t<meta name=\"twitter:data1\" content=\"Atif Unaldi\" \/>\n\t<meta name=\"twitter:label2\" content=\"Tahmini okuma s\u00fcresi\" \/>\n\t<meta name=\"twitter:data2\" content=\"3 dakika\" \/>\n<script type=\"application\/ld+json\" class=\"yoast-schema-graph\">{\"@context\":\"https:\/\/schema.org\",\"@graph\":[{\"@type\":\"Article\",\"@id\":\"http:\/\/atif.unaldi.org\/blog\/2007\/02\/19\/bu-gazetelerde-bilisim-editoru-var-mi\/#article\",\"isPartOf\":{\"@id\":\"http:\/\/atif.unaldi.org\/blog\/2007\/02\/19\/bu-gazetelerde-bilisim-editoru-var-mi\/\"},\"author\":{\"name\":\"Atif Unaldi\",\"@id\":\"http:\/\/atif.unaldi.org\/blog\/#\/schema\/person\/608ed42ecbda2bc5cfdb767ac1db479b\"},\"headline\":\"Bu Gazetelerde Bili\u015fim Edit\u00f6r\u00fc Var m\u0131?\",\"datePublished\":\"2007-02-19T00:00:00+00:00\",\"mainEntityOfPage\":{\"@id\":\"http:\/\/atif.unaldi.org\/blog\/2007\/02\/19\/bu-gazetelerde-bilisim-editoru-var-mi\/\"},\"wordCount\":705,\"commentCount\":0,\"publisher\":{\"@id\":\"http:\/\/atif.unaldi.org\/blog\/#\/schema\/person\/608ed42ecbda2bc5cfdb767ac1db479b\"},\"articleSection\":[\"Blogum\"],\"inLanguage\":\"tr\",\"potentialAction\":[{\"@type\":\"CommentAction\",\"name\":\"Comment\",\"target\":[\"http:\/\/atif.unaldi.org\/blog\/2007\/02\/19\/bu-gazetelerde-bilisim-editoru-var-mi\/#respond\"]}]},{\"@type\":\"WebPage\",\"@id\":\"http:\/\/atif.unaldi.org\/blog\/2007\/02\/19\/bu-gazetelerde-bilisim-editoru-var-mi\/\",\"url\":\"http:\/\/atif.unaldi.org\/blog\/2007\/02\/19\/bu-gazetelerde-bilisim-editoru-var-mi\/\",\"name\":\"Bu Gazetelerde Bili\u015fim Edit\u00f6r\u00fc Var m\u0131? - At\u0131f \u00dcnald\u0131\",\"isPartOf\":{\"@id\":\"http:\/\/atif.unaldi.org\/blog\/#website\"},\"datePublished\":\"2007-02-19T00:00:00+00:00\",\"breadcrumb\":{\"@id\":\"http:\/\/atif.unaldi.org\/blog\/2007\/02\/19\/bu-gazetelerde-bilisim-editoru-var-mi\/#breadcrumb\"},\"inLanguage\":\"tr\",\"potentialAction\":[{\"@type\":\"ReadAction\",\"target\":[\"http:\/\/atif.unaldi.org\/blog\/2007\/02\/19\/bu-gazetelerde-bilisim-editoru-var-mi\/\"]}]},{\"@type\":\"BreadcrumbList\",\"@id\":\"http:\/\/atif.unaldi.org\/blog\/2007\/02\/19\/bu-gazetelerde-bilisim-editoru-var-mi\/#breadcrumb\",\"itemListElement\":[{\"@type\":\"ListItem\",\"position\":1,\"name\":\"Anasayfa\",\"item\":\"http:\/\/atif.unaldi.org\/blog\/\"},{\"@type\":\"ListItem\",\"position\":2,\"name\":\"Bu Gazetelerde Bili\u015fim Edit\u00f6r\u00fc Var m\u0131?\"}]},{\"@type\":\"WebSite\",\"@id\":\"http:\/\/atif.unaldi.org\/blog\/#website\",\"url\":\"http:\/\/atif.unaldi.org\/blog\/\",\"name\":\"At\u0131f \u00dcnald\u0131\",\"description\":\"Yazar\",\"publisher\":{\"@id\":\"http:\/\/atif.unaldi.org\/blog\/#\/schema\/person\/608ed42ecbda2bc5cfdb767ac1db479b\"},\"alternateName\":\"At\u0131f \u00dcnald\u0131 Blog\",\"potentialAction\":[{\"@type\":\"SearchAction\",\"target\":{\"@type\":\"EntryPoint\",\"urlTemplate\":\"http:\/\/atif.unaldi.org\/blog\/?s={search_term_string}\"},\"query-input\":{\"@type\":\"PropertyValueSpecification\",\"valueRequired\":true,\"valueName\":\"search_term_string\"}}],\"inLanguage\":\"tr\"},{\"@type\":[\"Person\",\"Organization\"],\"@id\":\"http:\/\/atif.unaldi.org\/blog\/#\/schema\/person\/608ed42ecbda2bc5cfdb767ac1db479b\",\"name\":\"Atif Unaldi\",\"image\":{\"@type\":\"ImageObject\",\"inLanguage\":\"tr\",\"@id\":\"http:\/\/atif.unaldi.org\/blog\/#\/schema\/person\/image\/\",\"url\":\"http:\/\/atif.unaldi.org\/blog\/wp-content\/uploads\/2022\/10\/cropped-a94e8f7a-67c4-4d65-8a5f-032ba784be53-2.jpg\",\"contentUrl\":\"http:\/\/atif.unaldi.org\/blog\/wp-content\/uploads\/2022\/10\/cropped-a94e8f7a-67c4-4d65-8a5f-032ba784be53-2.jpg\",\"width\":512,\"height\":512,\"caption\":\"Atif Unaldi\"},\"logo\":{\"@id\":\"http:\/\/atif.unaldi.org\/blog\/#\/schema\/person\/image\/\"},\"description\":\"Bo\u011fazi\u00e7i \u00dcniversitesinde Fizik B\u00f6l\u00fcm\u00fc\u2019nde e\u011fitim ald\u0131\u011f\u0131 y\u0131llarda T\u00fcrkiye\u2019de ilk kez iki bilgisayar\u0131 telefon hatlar\u0131 \u00fczerinden konu\u015fturan BBS sistemini kurarak, T\u00fcrkiye\u2019deki ilk internet a\u011f\u0131n\u0131 olu\u015fturmu\u015ftur. Bir \u00e7ok radyo ve televizyonda program yap\u0131mc\u0131l\u0131\u011f\u0131 ve sunuculu\u011funu, bir \u00e7ok teknoloji dergisinde k\u00f6\u015fe yazarl\u0131\u011f\u0131, bili\u015fim edit\u00f6rl\u00fc\u011f\u00fc ve genel yay\u0131n y\u00f6netmenli\u011fi yapt\u0131. T\u00fcrkiye\u2019deki ilk internet servis sa\u011flay\u0131c\u0131s\u0131n\u0131n genel m\u00fcd\u00fcrl\u00fc\u011f\u00fcn\u00fc \u00fcstlendi. Bir \u00e7ok organizasyon ve kurulu\u015fta internet s\u00fcperviz\u00f6rl\u00fc\u011f\u00fc , webmaster\u2019l\u0131\u011f\u0131 , IT direkt\u00f6rl\u00fc\u011f\u00fc ve dijital projeler koordinat\u00f6rl\u00fc\u011f\u00fc g\u00f6revlerinde bulundu. Farkl\u0131 \u00fcniversitelerin farkl\u0131 fak\u00fcltelerinde \u00f6\u011fretim g\u00f6revlisi olarak bulunmu\u015f olan \u00dcnald\u0131; \u015fu an teknoloji ve pazarlama konular\u0131 ba\u015fta olmak \u00fczere bir\u00e7ok alanda hizmet veren Unaldi Consultancy\u2019nin kurucusudur. \\u2028Selin \u00dcnald\u0131 ile evlidir. Su ve Toprak isminde iki \u00e7ocu\u011fu vard\u0131r.\",\"sameAs\":[\"http:\/\/atif.unaldi.org\/blog\",\"https:\/\/www.facebook.com\/atifunaldi\",\"https:\/\/www.instagram.com\/atifunaldi\/\",\"https:\/\/www.linkedin.com\/in\/atifunaldi\",\"https:\/\/x.com\/https:\/\/twitter.com\/atifunaldi\",\"https:\/\/www.youtube.com\/c\/atifunaldi\",\"https:\/\/soundcloud.com\/atif-unaldi\",\"https:\/\/atifunaldi.tumblr.com\"],\"url\":\"http:\/\/atif.unaldi.org\/blog\/author\/atifunaldi\/\"}]}<\/script>\n<!-- \/ Yoast SEO plugin. -->","yoast_head_json":{"title":"Bu Gazetelerde Bili\u015fim Edit\u00f6r\u00fc Var m\u0131? - At\u0131f \u00dcnald\u0131","robots":{"index":"index","follow":"follow","max-snippet":"max-snippet:-1","max-image-preview":"max-image-preview:large","max-video-preview":"max-video-preview:-1"},"canonical":"http:\/\/atif.unaldi.org\/blog\/2007\/02\/19\/bu-gazetelerde-bilisim-editoru-var-mi\/","og_locale":"tr_TR","og_type":"article","og_title":"Bu Gazetelerde Bili\u015fim Edit\u00f6r\u00fc Var m\u0131? - At\u0131f \u00dcnald\u0131","og_description":"Efendim ge\u00e7en ay olduk\u00e7a ilgin\u00e7 bir g\u00fcndem has\u0131l oldu. Biz hi\u00e7bir siyasimizin, bu aralar \u201cin\u201d bulmad\u0131\u011f\u0131 internet ile Akademik Bili\u015fim arac\u0131l\u0131\u011f\u0131 ile K\u00fctahya\u2019da me\u015fgul olurken, bir tak\u0131m hacker\u2019lar (bunlar ger\u00e7ek hacker _T\u00fcrkiye\u2019deki bir iki crack...","og_url":"http:\/\/atif.unaldi.org\/blog\/2007\/02\/19\/bu-gazetelerde-bilisim-editoru-var-mi\/","og_site_name":"At\u0131f \u00dcnald\u0131","article_publisher":"https:\/\/www.facebook.com\/atifunaldi","article_author":"https:\/\/www.facebook.com\/atifunaldi","article_published_time":"2007-02-19T00:00:00+00:00","author":"Atif Unaldi","twitter_card":"summary_large_image","twitter_creator":"@https:\/\/twitter.com\/atifunaldi","twitter_site":"@atifunaldi","twitter_misc":{"Yazan:":"Atif Unaldi","Tahmini okuma s\u00fcresi":"3 dakika"},"schema":{"@context":"https:\/\/schema.org","@graph":[{"@type":"Article","@id":"http:\/\/atif.unaldi.org\/blog\/2007\/02\/19\/bu-gazetelerde-bilisim-editoru-var-mi\/#article","isPartOf":{"@id":"http:\/\/atif.unaldi.org\/blog\/2007\/02\/19\/bu-gazetelerde-bilisim-editoru-var-mi\/"},"author":{"name":"Atif Unaldi","@id":"http:\/\/atif.unaldi.org\/blog\/#\/schema\/person\/608ed42ecbda2bc5cfdb767ac1db479b"},"headline":"Bu Gazetelerde Bili\u015fim Edit\u00f6r\u00fc Var m\u0131?","datePublished":"2007-02-19T00:00:00+00:00","mainEntityOfPage":{"@id":"http:\/\/atif.unaldi.org\/blog\/2007\/02\/19\/bu-gazetelerde-bilisim-editoru-var-mi\/"},"wordCount":705,"commentCount":0,"publisher":{"@id":"http:\/\/atif.unaldi.org\/blog\/#\/schema\/person\/608ed42ecbda2bc5cfdb767ac1db479b"},"articleSection":["Blogum"],"inLanguage":"tr","potentialAction":[{"@type":"CommentAction","name":"Comment","target":["http:\/\/atif.unaldi.org\/blog\/2007\/02\/19\/bu-gazetelerde-bilisim-editoru-var-mi\/#respond"]}]},{"@type":"WebPage","@id":"http:\/\/atif.unaldi.org\/blog\/2007\/02\/19\/bu-gazetelerde-bilisim-editoru-var-mi\/","url":"http:\/\/atif.unaldi.org\/blog\/2007\/02\/19\/bu-gazetelerde-bilisim-editoru-var-mi\/","name":"Bu Gazetelerde Bili\u015fim Edit\u00f6r\u00fc Var m\u0131? - At\u0131f \u00dcnald\u0131","isPartOf":{"@id":"http:\/\/atif.unaldi.org\/blog\/#website"},"datePublished":"2007-02-19T00:00:00+00:00","breadcrumb":{"@id":"http:\/\/atif.unaldi.org\/blog\/2007\/02\/19\/bu-gazetelerde-bilisim-editoru-var-mi\/#breadcrumb"},"inLanguage":"tr","potentialAction":[{"@type":"ReadAction","target":["http:\/\/atif.unaldi.org\/blog\/2007\/02\/19\/bu-gazetelerde-bilisim-editoru-var-mi\/"]}]},{"@type":"BreadcrumbList","@id":"http:\/\/atif.unaldi.org\/blog\/2007\/02\/19\/bu-gazetelerde-bilisim-editoru-var-mi\/#breadcrumb","itemListElement":[{"@type":"ListItem","position":1,"name":"Anasayfa","item":"http:\/\/atif.unaldi.org\/blog\/"},{"@type":"ListItem","position":2,"name":"Bu Gazetelerde Bili\u015fim Edit\u00f6r\u00fc Var m\u0131?"}]},{"@type":"WebSite","@id":"http:\/\/atif.unaldi.org\/blog\/#website","url":"http:\/\/atif.unaldi.org\/blog\/","name":"At\u0131f \u00dcnald\u0131","description":"Yazar","publisher":{"@id":"http:\/\/atif.unaldi.org\/blog\/#\/schema\/person\/608ed42ecbda2bc5cfdb767ac1db479b"},"alternateName":"At\u0131f \u00dcnald\u0131 Blog","potentialAction":[{"@type":"SearchAction","target":{"@type":"EntryPoint","urlTemplate":"http:\/\/atif.unaldi.org\/blog\/?s={search_term_string}"},"query-input":{"@type":"PropertyValueSpecification","valueRequired":true,"valueName":"search_term_string"}}],"inLanguage":"tr"},{"@type":["Person","Organization"],"@id":"http:\/\/atif.unaldi.org\/blog\/#\/schema\/person\/608ed42ecbda2bc5cfdb767ac1db479b","name":"Atif Unaldi","image":{"@type":"ImageObject","inLanguage":"tr","@id":"http:\/\/atif.unaldi.org\/blog\/#\/schema\/person\/image\/","url":"http:\/\/atif.unaldi.org\/blog\/wp-content\/uploads\/2022\/10\/cropped-a94e8f7a-67c4-4d65-8a5f-032ba784be53-2.jpg","contentUrl":"http:\/\/atif.unaldi.org\/blog\/wp-content\/uploads\/2022\/10\/cropped-a94e8f7a-67c4-4d65-8a5f-032ba784be53-2.jpg","width":512,"height":512,"caption":"Atif Unaldi"},"logo":{"@id":"http:\/\/atif.unaldi.org\/blog\/#\/schema\/person\/image\/"},"description":"Bo\u011fazi\u00e7i \u00dcniversitesinde Fizik B\u00f6l\u00fcm\u00fc\u2019nde e\u011fitim ald\u0131\u011f\u0131 y\u0131llarda T\u00fcrkiye\u2019de ilk kez iki bilgisayar\u0131 telefon hatlar\u0131 \u00fczerinden konu\u015fturan BBS sistemini kurarak, T\u00fcrkiye\u2019deki ilk internet a\u011f\u0131n\u0131 olu\u015fturmu\u015ftur. Bir \u00e7ok radyo ve televizyonda program yap\u0131mc\u0131l\u0131\u011f\u0131 ve sunuculu\u011funu, bir \u00e7ok teknoloji dergisinde k\u00f6\u015fe yazarl\u0131\u011f\u0131, bili\u015fim edit\u00f6rl\u00fc\u011f\u00fc ve genel yay\u0131n y\u00f6netmenli\u011fi yapt\u0131. T\u00fcrkiye\u2019deki ilk internet servis sa\u011flay\u0131c\u0131s\u0131n\u0131n genel m\u00fcd\u00fcrl\u00fc\u011f\u00fcn\u00fc \u00fcstlendi. Bir \u00e7ok organizasyon ve kurulu\u015fta internet s\u00fcperviz\u00f6rl\u00fc\u011f\u00fc , webmaster\u2019l\u0131\u011f\u0131 , IT direkt\u00f6rl\u00fc\u011f\u00fc ve dijital projeler koordinat\u00f6rl\u00fc\u011f\u00fc g\u00f6revlerinde bulundu. Farkl\u0131 \u00fcniversitelerin farkl\u0131 fak\u00fcltelerinde \u00f6\u011fretim g\u00f6revlisi olarak bulunmu\u015f olan \u00dcnald\u0131; \u015fu an teknoloji ve pazarlama konular\u0131 ba\u015fta olmak \u00fczere bir\u00e7ok alanda hizmet veren Unaldi Consultancy\u2019nin kurucusudur. \u2028Selin \u00dcnald\u0131 ile evlidir. Su ve Toprak isminde iki \u00e7ocu\u011fu vard\u0131r.","sameAs":["http:\/\/atif.unaldi.org\/blog","https:\/\/www.facebook.com\/atifunaldi","https:\/\/www.instagram.com\/atifunaldi\/","https:\/\/www.linkedin.com\/in\/atifunaldi","https:\/\/x.com\/https:\/\/twitter.com\/atifunaldi","https:\/\/www.youtube.com\/c\/atifunaldi","https:\/\/soundcloud.com\/atif-unaldi","https:\/\/atifunaldi.tumblr.com"],"url":"http:\/\/atif.unaldi.org\/blog\/author\/atifunaldi\/"}]}},"jetpack_featured_media_url":"","_links":{"self":[{"href":"http:\/\/atif.unaldi.org\/blog\/wp-json\/wp\/v2\/posts\/629","targetHints":{"allow":["GET"]}}],"collection":[{"href":"http:\/\/atif.unaldi.org\/blog\/wp-json\/wp\/v2\/posts"}],"about":[{"href":"http:\/\/atif.unaldi.org\/blog\/wp-json\/wp\/v2\/types\/post"}],"author":[{"embeddable":true,"href":"http:\/\/atif.unaldi.org\/blog\/wp-json\/wp\/v2\/users\/2"}],"replies":[{"embeddable":true,"href":"http:\/\/atif.unaldi.org\/blog\/wp-json\/wp\/v2\/comments?post=629"}],"version-history":[{"count":0,"href":"http:\/\/atif.unaldi.org\/blog\/wp-json\/wp\/v2\/posts\/629\/revisions"}],"wp:attachment":[{"href":"http:\/\/atif.unaldi.org\/blog\/wp-json\/wp\/v2\/media?parent=629"}],"wp:term":[{"taxonomy":"category","embeddable":true,"href":"http:\/\/atif.unaldi.org\/blog\/wp-json\/wp\/v2\/categories?post=629"},{"taxonomy":"post_tag","embeddable":true,"href":"http:\/\/atif.unaldi.org\/blog\/wp-json\/wp\/v2\/tags?post=629"}],"curies":[{"name":"wp","href":"https:\/\/api.w.org\/{rel}","templated":true}]}}