{"id":631,"date":"2007-07-16T02:00:00","date_gmt":"2007-07-16T00:00:00","guid":{"rendered":"http:\/\/85.17.200.84\/~unaldi\/atif\/?p=631"},"modified":"2007-07-16T02:00:00","modified_gmt":"2007-07-16T00:00:00","slug":"gelecek-25-yilda-nelere-yatirim-yapmaliyiz","status":"publish","type":"post","link":"http:\/\/atif.unaldi.org\/blog\/2007\/07\/16\/gelecek-25-yilda-nelere-yatirim-yapmaliyiz\/","title":{"rendered":"Gelecek 25 y\u0131lda nelere yat\u0131r\u0131m yapmal\u0131y\u0131z?"},"content":{"rendered":"<p>Geli\u015fen teknoloji her\u015feyi o kadar h\u0131zl\u0131 de\u011fi\u015ftiriyorki i\u015f hayat\u0131 bu devingenli\u011fin i\u00e7inde nelere yat\u0131r\u0131m yapmas\u0131 gerekti\u011fini bulmakta ciddi anlamda zorluk \u00e7ekiyor. Dan\u0131\u015fmanl\u0131\u011f\u0131n\u0131 yapt\u0131\u011f\u0131m son derece dinamik \u015firketlerin bile gelecek 2 &#8211; 3 y\u0131ll\u0131k projeksiyonda ciddi anlamda zorland\u0131klar\u0131n\u0131 izliyorum. Bundan kurtulman\u0131n yolu var m\u0131? Gelecek 2-3 y\u0131ldan daha uzun s\u00fcreli projeksiyonlar yapmak m\u00fcmk\u00fcn m\u00fc? Yat\u0131r\u0131m haritas\u0131 \u00e7\u0131kar\u0131rken sekt\u00f6rel bazda pazar\u0131 manip\u00fcle edecek ne gibi geli\u015fmelerle kar\u015f\u0131 kar\u015f\u0131ya kalaca\u011f\u0131z? \u0130\u015fte bu sorular\u0131na cevap olabilece\u011fine inand\u0131\u011f\u0131m gelecek 25 y\u0131ll\u0131k geli\u015fme haritas\u0131n\u0131n maj\u00f6r ba\u015fl\u0131klar\u0131n\u0131 iletmek istiyorum. <\/p>\n<p>\u0130\u015fte maj\u00f6r geli\u015fmeler; <\/p>\n<p>1. Hidrojen yak\u0131t\u0131 v bu yak\u0131tla \u00e7al\u0131\u015fan pillerin fiyatlar\u0131 ciddi anlamda ucuzlayacak. Yani bizim de\u011fi\u015fimizle art\u0131k bu piller kitlelern kulln\u0131m\u0131na iletilecek. <\/p>\n<p>2. Elimizdeki robot tekolojisini bir kenara b\u0131rak\u0131p, \u0130srail&#8217;li ara\u015ft\u0131rmac\u0131lar\u0131n \u015fu an \u00fczerinde \u00e7al\u0131\u015ft\u0131\u011f\u0131 insan beyni ile direkt entegre olabilen biyo-bilgisayarlarla ve siborg teknolojisi ile ilgilenmeye ba\u015fl\u0131yaca\u011f\u0131z. <\/p>\n<p>3. Supersonik jet \u00fcretimi toplu ta\u015f\u0131man\u0131n temelini olu\u015fturacak. Bir yere ortalama 10000 km \/ saat h\u0131zla gitme imkan\u0131na sahip olaca\u011f\u0131z. <\/p>\n<p>4. Second life ile ba\u015flayan avatar d\u00fcnyas\u0131 e\u011fitimi i\u00e7ine alacak. Sanal ger\u00e7ekli\u011fin yeni y\u0131ld\u0131z\u0131 e\u011fitim olacak. \u00c7ocuklar\u0131m\u0131z e\u011fitimlerini evlerinde aile ortam\u0131nda istedikleri zaman alabilecekler. <\/p>\n<p>5. Borsa&#8217;da hidrojen yak\u0131t\u0131na yat\u0131r\u0131m yapan \u015firketlerin hisseleri astronomik oranda artacak. <\/p>\n<p>6. Okyanus ak\u0131nt\u0131lar\u0131ndan elektrik \u00fcretimi konusundaki yat\u0131r\u0131mlar h\u0131zlanacak. R\u00fczgar enerjisiyle elektrik \u00fcretmek bireysel kullan\u0131ma kadar inecek . <\/p>\n<p>7. Kitlesel imha silahlar\u0131na ula\u015fmak daha kolay hale gelecek. <\/p>\n<p>8. Genetik bilmi, nanoteknoloji ve robot bilminin kulln\u0131m\u0131 ile insanlar v\u00fccutlar\u0131n\u0131 farkl\u0131 \u015fekillerde de\u011fi\u015ftirmeye ba\u015fl\u0131yacaklar. <\/p>\n<p>9. Robot bilmi ve ak\u0131ll\u0131 \u00e7evrebirimleri insanlar\u0131 toplu ya\u015famdan uzakla\u015ft\u0131racak ve daha \u00f6zg\u00fcr k\u0131lacak. <\/p>\n<p>10. S\u00fcl\u00fcklerden elde edilen kimyasallar ac\u0131lar\u0131m\u0131z\u0131 morfinden bin kat daha h\u0131zl\u0131 yok edecek. <\/p>\n<p>Bunlar tabii ki ana ba\u015fl\u0131kla, bu noktadan sonra T\u00fcrkiye ve gelecek d\u00f6nem \u015firketininizn yap\u0131s\u0131 g\u00f6z \u00f6n\u00fcne al\u0131narak yeniden bir analiz yap\u0131l\u0131p yat\u0131r\u0131mlar\u0131n\u0131z\u0131 d\u00fczenlemelisiniz. <\/p>\n","protected":false},"excerpt":{"rendered":"<p>Geli\u015fen teknoloji her\u015feyi o kadar h\u0131zl\u0131 de\u011fi\u015ftiriyorki i\u015f hayat\u0131 bu devingenli\u011fin i\u00e7inde nelere yat\u0131r\u0131m yapmas\u0131 gerekti\u011fini bulmakta ciddi anlamda zorluk \u00e7ekiyor. Dan\u0131\u015fmanl\u0131\u011f\u0131n\u0131 yapt\u0131\u011f\u0131m son derece dinamik \u015firketlerin bile gelecek 2 &#8211; 3 y\u0131ll\u0131k projeksiyonda ciddi&#8230;<\/p>\n","protected":false},"author":2,"featured_media":0,"comment_status":"open","ping_status":"open","sticky":false,"template":"","format":"standard","meta":{"footnotes":""},"categories":[3],"tags":[],"class_list":["post-631","post","type-post","status-publish","format-standard","hentry","category-blogum"],"yoast_head":"<!-- This site is optimized with the Yoast SEO plugin v26.8 - https:\/\/yoast.com\/product\/yoast-seo-wordpress\/ -->\n<title>Gelecek 25 y\u0131lda nelere yat\u0131r\u0131m yapmal\u0131y\u0131z? - At\u0131f \u00dcnald\u0131<\/title>\n<meta name=\"robots\" content=\"index, follow, max-snippet:-1, max-image-preview:large, max-video-preview:-1\" \/>\n<link rel=\"canonical\" href=\"http:\/\/atif.unaldi.org\/blog\/2007\/07\/16\/gelecek-25-yilda-nelere-yatirim-yapmaliyiz\/\" \/>\n<meta property=\"og:locale\" content=\"tr_TR\" \/>\n<meta property=\"og:type\" content=\"article\" \/>\n<meta property=\"og:title\" content=\"Gelecek 25 y\u0131lda nelere yat\u0131r\u0131m yapmal\u0131y\u0131z? - At\u0131f \u00dcnald\u0131\" \/>\n<meta property=\"og:description\" content=\"Geli\u015fen teknoloji her\u015feyi o kadar h\u0131zl\u0131 de\u011fi\u015ftiriyorki i\u015f hayat\u0131 bu devingenli\u011fin i\u00e7inde nelere yat\u0131r\u0131m yapmas\u0131 gerekti\u011fini bulmakta ciddi anlamda zorluk \u00e7ekiyor. Dan\u0131\u015fmanl\u0131\u011f\u0131n\u0131 yapt\u0131\u011f\u0131m son derece dinamik \u015firketlerin bile gelecek 2 &#8211; 3 y\u0131ll\u0131k projeksiyonda ciddi...\" \/>\n<meta property=\"og:url\" content=\"http:\/\/atif.unaldi.org\/blog\/2007\/07\/16\/gelecek-25-yilda-nelere-yatirim-yapmaliyiz\/\" \/>\n<meta property=\"og:site_name\" content=\"At\u0131f \u00dcnald\u0131\" \/>\n<meta property=\"article:publisher\" content=\"https:\/\/www.facebook.com\/atifunaldi\" \/>\n<meta property=\"article:author\" content=\"https:\/\/www.facebook.com\/atifunaldi\" \/>\n<meta property=\"article:published_time\" content=\"2007-07-16T00:00:00+00:00\" \/>\n<meta name=\"author\" content=\"Atif Unaldi\" \/>\n<meta name=\"twitter:card\" content=\"summary_large_image\" \/>\n<meta name=\"twitter:creator\" content=\"@https:\/\/twitter.com\/atifunaldi\" \/>\n<meta name=\"twitter:site\" content=\"@atifunaldi\" \/>\n<meta name=\"twitter:label1\" content=\"Yazan:\" \/>\n\t<meta name=\"twitter:data1\" content=\"Atif Unaldi\" \/>\n\t<meta name=\"twitter:label2\" content=\"Tahmini okuma s\u00fcresi\" \/>\n\t<meta name=\"twitter:data2\" content=\"2 dakika\" \/>\n<script type=\"application\/ld+json\" class=\"yoast-schema-graph\">{\"@context\":\"https:\/\/schema.org\",\"@graph\":[{\"@type\":\"Article\",\"@id\":\"http:\/\/atif.unaldi.org\/blog\/2007\/07\/16\/gelecek-25-yilda-nelere-yatirim-yapmaliyiz\/#article\",\"isPartOf\":{\"@id\":\"http:\/\/atif.unaldi.org\/blog\/2007\/07\/16\/gelecek-25-yilda-nelere-yatirim-yapmaliyiz\/\"},\"author\":{\"name\":\"Atif Unaldi\",\"@id\":\"http:\/\/atif.unaldi.org\/blog\/#\/schema\/person\/608ed42ecbda2bc5cfdb767ac1db479b\"},\"headline\":\"Gelecek 25 y\u0131lda nelere yat\u0131r\u0131m yapmal\u0131y\u0131z?\",\"datePublished\":\"2007-07-16T00:00:00+00:00\",\"mainEntityOfPage\":{\"@id\":\"http:\/\/atif.unaldi.org\/blog\/2007\/07\/16\/gelecek-25-yilda-nelere-yatirim-yapmaliyiz\/\"},\"wordCount\":401,\"commentCount\":0,\"publisher\":{\"@id\":\"http:\/\/atif.unaldi.org\/blog\/#\/schema\/person\/608ed42ecbda2bc5cfdb767ac1db479b\"},\"articleSection\":[\"Blogum\"],\"inLanguage\":\"tr\",\"potentialAction\":[{\"@type\":\"CommentAction\",\"name\":\"Comment\",\"target\":[\"http:\/\/atif.unaldi.org\/blog\/2007\/07\/16\/gelecek-25-yilda-nelere-yatirim-yapmaliyiz\/#respond\"]}]},{\"@type\":\"WebPage\",\"@id\":\"http:\/\/atif.unaldi.org\/blog\/2007\/07\/16\/gelecek-25-yilda-nelere-yatirim-yapmaliyiz\/\",\"url\":\"http:\/\/atif.unaldi.org\/blog\/2007\/07\/16\/gelecek-25-yilda-nelere-yatirim-yapmaliyiz\/\",\"name\":\"Gelecek 25 y\u0131lda nelere yat\u0131r\u0131m yapmal\u0131y\u0131z? - At\u0131f \u00dcnald\u0131\",\"isPartOf\":{\"@id\":\"http:\/\/atif.unaldi.org\/blog\/#website\"},\"datePublished\":\"2007-07-16T00:00:00+00:00\",\"breadcrumb\":{\"@id\":\"http:\/\/atif.unaldi.org\/blog\/2007\/07\/16\/gelecek-25-yilda-nelere-yatirim-yapmaliyiz\/#breadcrumb\"},\"inLanguage\":\"tr\",\"potentialAction\":[{\"@type\":\"ReadAction\",\"target\":[\"http:\/\/atif.unaldi.org\/blog\/2007\/07\/16\/gelecek-25-yilda-nelere-yatirim-yapmaliyiz\/\"]}]},{\"@type\":\"BreadcrumbList\",\"@id\":\"http:\/\/atif.unaldi.org\/blog\/2007\/07\/16\/gelecek-25-yilda-nelere-yatirim-yapmaliyiz\/#breadcrumb\",\"itemListElement\":[{\"@type\":\"ListItem\",\"position\":1,\"name\":\"Anasayfa\",\"item\":\"http:\/\/atif.unaldi.org\/blog\/\"},{\"@type\":\"ListItem\",\"position\":2,\"name\":\"Gelecek 25 y\u0131lda nelere yat\u0131r\u0131m yapmal\u0131y\u0131z?\"}]},{\"@type\":\"WebSite\",\"@id\":\"http:\/\/atif.unaldi.org\/blog\/#website\",\"url\":\"http:\/\/atif.unaldi.org\/blog\/\",\"name\":\"At\u0131f \u00dcnald\u0131\",\"description\":\"Yazar\",\"publisher\":{\"@id\":\"http:\/\/atif.unaldi.org\/blog\/#\/schema\/person\/608ed42ecbda2bc5cfdb767ac1db479b\"},\"alternateName\":\"At\u0131f \u00dcnald\u0131 Blog\",\"potentialAction\":[{\"@type\":\"SearchAction\",\"target\":{\"@type\":\"EntryPoint\",\"urlTemplate\":\"http:\/\/atif.unaldi.org\/blog\/?s={search_term_string}\"},\"query-input\":{\"@type\":\"PropertyValueSpecification\",\"valueRequired\":true,\"valueName\":\"search_term_string\"}}],\"inLanguage\":\"tr\"},{\"@type\":[\"Person\",\"Organization\"],\"@id\":\"http:\/\/atif.unaldi.org\/blog\/#\/schema\/person\/608ed42ecbda2bc5cfdb767ac1db479b\",\"name\":\"Atif Unaldi\",\"image\":{\"@type\":\"ImageObject\",\"inLanguage\":\"tr\",\"@id\":\"http:\/\/atif.unaldi.org\/blog\/#\/schema\/person\/image\/\",\"url\":\"http:\/\/atif.unaldi.org\/blog\/wp-content\/uploads\/2022\/10\/cropped-a94e8f7a-67c4-4d65-8a5f-032ba784be53-2.jpg\",\"contentUrl\":\"http:\/\/atif.unaldi.org\/blog\/wp-content\/uploads\/2022\/10\/cropped-a94e8f7a-67c4-4d65-8a5f-032ba784be53-2.jpg\",\"width\":512,\"height\":512,\"caption\":\"Atif Unaldi\"},\"logo\":{\"@id\":\"http:\/\/atif.unaldi.org\/blog\/#\/schema\/person\/image\/\"},\"description\":\"Bo\u011fazi\u00e7i \u00dcniversitesinde Fizik B\u00f6l\u00fcm\u00fc\u2019nde e\u011fitim ald\u0131\u011f\u0131 y\u0131llarda T\u00fcrkiye\u2019de ilk kez iki bilgisayar\u0131 telefon hatlar\u0131 \u00fczerinden konu\u015fturan BBS sistemini kurarak, T\u00fcrkiye\u2019deki ilk internet a\u011f\u0131n\u0131 olu\u015fturmu\u015ftur. Bir \u00e7ok radyo ve televizyonda program yap\u0131mc\u0131l\u0131\u011f\u0131 ve sunuculu\u011funu, bir \u00e7ok teknoloji dergisinde k\u00f6\u015fe yazarl\u0131\u011f\u0131, bili\u015fim edit\u00f6rl\u00fc\u011f\u00fc ve genel yay\u0131n y\u00f6netmenli\u011fi yapt\u0131. T\u00fcrkiye\u2019deki ilk internet servis sa\u011flay\u0131c\u0131s\u0131n\u0131n genel m\u00fcd\u00fcrl\u00fc\u011f\u00fcn\u00fc \u00fcstlendi. Bir \u00e7ok organizasyon ve kurulu\u015fta internet s\u00fcperviz\u00f6rl\u00fc\u011f\u00fc , webmaster\u2019l\u0131\u011f\u0131 , IT direkt\u00f6rl\u00fc\u011f\u00fc ve dijital projeler koordinat\u00f6rl\u00fc\u011f\u00fc g\u00f6revlerinde bulundu. Farkl\u0131 \u00fcniversitelerin farkl\u0131 fak\u00fcltelerinde \u00f6\u011fretim g\u00f6revlisi olarak bulunmu\u015f olan \u00dcnald\u0131; \u015fu an teknoloji ve pazarlama konular\u0131 ba\u015fta olmak \u00fczere bir\u00e7ok alanda hizmet veren Unaldi Consultancy\u2019nin kurucusudur. \\u2028Selin \u00dcnald\u0131 ile evlidir. Su ve Toprak isminde iki \u00e7ocu\u011fu vard\u0131r.\",\"sameAs\":[\"http:\/\/atif.unaldi.org\/blog\",\"https:\/\/www.facebook.com\/atifunaldi\",\"https:\/\/www.instagram.com\/atifunaldi\/\",\"https:\/\/www.linkedin.com\/in\/atifunaldi\",\"https:\/\/x.com\/https:\/\/twitter.com\/atifunaldi\",\"https:\/\/www.youtube.com\/c\/atifunaldi\",\"https:\/\/soundcloud.com\/atif-unaldi\",\"https:\/\/atifunaldi.tumblr.com\"],\"url\":\"http:\/\/atif.unaldi.org\/blog\/author\/atifunaldi\/\"}]}<\/script>\n<!-- \/ Yoast SEO plugin. -->","yoast_head_json":{"title":"Gelecek 25 y\u0131lda nelere yat\u0131r\u0131m yapmal\u0131y\u0131z? - At\u0131f \u00dcnald\u0131","robots":{"index":"index","follow":"follow","max-snippet":"max-snippet:-1","max-image-preview":"max-image-preview:large","max-video-preview":"max-video-preview:-1"},"canonical":"http:\/\/atif.unaldi.org\/blog\/2007\/07\/16\/gelecek-25-yilda-nelere-yatirim-yapmaliyiz\/","og_locale":"tr_TR","og_type":"article","og_title":"Gelecek 25 y\u0131lda nelere yat\u0131r\u0131m yapmal\u0131y\u0131z? - At\u0131f \u00dcnald\u0131","og_description":"Geli\u015fen teknoloji her\u015feyi o kadar h\u0131zl\u0131 de\u011fi\u015ftiriyorki i\u015f hayat\u0131 bu devingenli\u011fin i\u00e7inde nelere yat\u0131r\u0131m yapmas\u0131 gerekti\u011fini bulmakta ciddi anlamda zorluk \u00e7ekiyor. Dan\u0131\u015fmanl\u0131\u011f\u0131n\u0131 yapt\u0131\u011f\u0131m son derece dinamik \u015firketlerin bile gelecek 2 &#8211; 3 y\u0131ll\u0131k projeksiyonda ciddi...","og_url":"http:\/\/atif.unaldi.org\/blog\/2007\/07\/16\/gelecek-25-yilda-nelere-yatirim-yapmaliyiz\/","og_site_name":"At\u0131f \u00dcnald\u0131","article_publisher":"https:\/\/www.facebook.com\/atifunaldi","article_author":"https:\/\/www.facebook.com\/atifunaldi","article_published_time":"2007-07-16T00:00:00+00:00","author":"Atif Unaldi","twitter_card":"summary_large_image","twitter_creator":"@https:\/\/twitter.com\/atifunaldi","twitter_site":"@atifunaldi","twitter_misc":{"Yazan:":"Atif Unaldi","Tahmini okuma s\u00fcresi":"2 dakika"},"schema":{"@context":"https:\/\/schema.org","@graph":[{"@type":"Article","@id":"http:\/\/atif.unaldi.org\/blog\/2007\/07\/16\/gelecek-25-yilda-nelere-yatirim-yapmaliyiz\/#article","isPartOf":{"@id":"http:\/\/atif.unaldi.org\/blog\/2007\/07\/16\/gelecek-25-yilda-nelere-yatirim-yapmaliyiz\/"},"author":{"name":"Atif Unaldi","@id":"http:\/\/atif.unaldi.org\/blog\/#\/schema\/person\/608ed42ecbda2bc5cfdb767ac1db479b"},"headline":"Gelecek 25 y\u0131lda nelere yat\u0131r\u0131m yapmal\u0131y\u0131z?","datePublished":"2007-07-16T00:00:00+00:00","mainEntityOfPage":{"@id":"http:\/\/atif.unaldi.org\/blog\/2007\/07\/16\/gelecek-25-yilda-nelere-yatirim-yapmaliyiz\/"},"wordCount":401,"commentCount":0,"publisher":{"@id":"http:\/\/atif.unaldi.org\/blog\/#\/schema\/person\/608ed42ecbda2bc5cfdb767ac1db479b"},"articleSection":["Blogum"],"inLanguage":"tr","potentialAction":[{"@type":"CommentAction","name":"Comment","target":["http:\/\/atif.unaldi.org\/blog\/2007\/07\/16\/gelecek-25-yilda-nelere-yatirim-yapmaliyiz\/#respond"]}]},{"@type":"WebPage","@id":"http:\/\/atif.unaldi.org\/blog\/2007\/07\/16\/gelecek-25-yilda-nelere-yatirim-yapmaliyiz\/","url":"http:\/\/atif.unaldi.org\/blog\/2007\/07\/16\/gelecek-25-yilda-nelere-yatirim-yapmaliyiz\/","name":"Gelecek 25 y\u0131lda nelere yat\u0131r\u0131m yapmal\u0131y\u0131z? - At\u0131f \u00dcnald\u0131","isPartOf":{"@id":"http:\/\/atif.unaldi.org\/blog\/#website"},"datePublished":"2007-07-16T00:00:00+00:00","breadcrumb":{"@id":"http:\/\/atif.unaldi.org\/blog\/2007\/07\/16\/gelecek-25-yilda-nelere-yatirim-yapmaliyiz\/#breadcrumb"},"inLanguage":"tr","potentialAction":[{"@type":"ReadAction","target":["http:\/\/atif.unaldi.org\/blog\/2007\/07\/16\/gelecek-25-yilda-nelere-yatirim-yapmaliyiz\/"]}]},{"@type":"BreadcrumbList","@id":"http:\/\/atif.unaldi.org\/blog\/2007\/07\/16\/gelecek-25-yilda-nelere-yatirim-yapmaliyiz\/#breadcrumb","itemListElement":[{"@type":"ListItem","position":1,"name":"Anasayfa","item":"http:\/\/atif.unaldi.org\/blog\/"},{"@type":"ListItem","position":2,"name":"Gelecek 25 y\u0131lda nelere yat\u0131r\u0131m yapmal\u0131y\u0131z?"}]},{"@type":"WebSite","@id":"http:\/\/atif.unaldi.org\/blog\/#website","url":"http:\/\/atif.unaldi.org\/blog\/","name":"At\u0131f \u00dcnald\u0131","description":"Yazar","publisher":{"@id":"http:\/\/atif.unaldi.org\/blog\/#\/schema\/person\/608ed42ecbda2bc5cfdb767ac1db479b"},"alternateName":"At\u0131f \u00dcnald\u0131 Blog","potentialAction":[{"@type":"SearchAction","target":{"@type":"EntryPoint","urlTemplate":"http:\/\/atif.unaldi.org\/blog\/?s={search_term_string}"},"query-input":{"@type":"PropertyValueSpecification","valueRequired":true,"valueName":"search_term_string"}}],"inLanguage":"tr"},{"@type":["Person","Organization"],"@id":"http:\/\/atif.unaldi.org\/blog\/#\/schema\/person\/608ed42ecbda2bc5cfdb767ac1db479b","name":"Atif Unaldi","image":{"@type":"ImageObject","inLanguage":"tr","@id":"http:\/\/atif.unaldi.org\/blog\/#\/schema\/person\/image\/","url":"http:\/\/atif.unaldi.org\/blog\/wp-content\/uploads\/2022\/10\/cropped-a94e8f7a-67c4-4d65-8a5f-032ba784be53-2.jpg","contentUrl":"http:\/\/atif.unaldi.org\/blog\/wp-content\/uploads\/2022\/10\/cropped-a94e8f7a-67c4-4d65-8a5f-032ba784be53-2.jpg","width":512,"height":512,"caption":"Atif Unaldi"},"logo":{"@id":"http:\/\/atif.unaldi.org\/blog\/#\/schema\/person\/image\/"},"description":"Bo\u011fazi\u00e7i \u00dcniversitesinde Fizik B\u00f6l\u00fcm\u00fc\u2019nde e\u011fitim ald\u0131\u011f\u0131 y\u0131llarda T\u00fcrkiye\u2019de ilk kez iki bilgisayar\u0131 telefon hatlar\u0131 \u00fczerinden konu\u015fturan BBS sistemini kurarak, T\u00fcrkiye\u2019deki ilk internet a\u011f\u0131n\u0131 olu\u015fturmu\u015ftur. Bir \u00e7ok radyo ve televizyonda program yap\u0131mc\u0131l\u0131\u011f\u0131 ve sunuculu\u011funu, bir \u00e7ok teknoloji dergisinde k\u00f6\u015fe yazarl\u0131\u011f\u0131, bili\u015fim edit\u00f6rl\u00fc\u011f\u00fc ve genel yay\u0131n y\u00f6netmenli\u011fi yapt\u0131. T\u00fcrkiye\u2019deki ilk internet servis sa\u011flay\u0131c\u0131s\u0131n\u0131n genel m\u00fcd\u00fcrl\u00fc\u011f\u00fcn\u00fc \u00fcstlendi. Bir \u00e7ok organizasyon ve kurulu\u015fta internet s\u00fcperviz\u00f6rl\u00fc\u011f\u00fc , webmaster\u2019l\u0131\u011f\u0131 , IT direkt\u00f6rl\u00fc\u011f\u00fc ve dijital projeler koordinat\u00f6rl\u00fc\u011f\u00fc g\u00f6revlerinde bulundu. Farkl\u0131 \u00fcniversitelerin farkl\u0131 fak\u00fcltelerinde \u00f6\u011fretim g\u00f6revlisi olarak bulunmu\u015f olan \u00dcnald\u0131; \u015fu an teknoloji ve pazarlama konular\u0131 ba\u015fta olmak \u00fczere bir\u00e7ok alanda hizmet veren Unaldi Consultancy\u2019nin kurucusudur. \u2028Selin \u00dcnald\u0131 ile evlidir. Su ve Toprak isminde iki \u00e7ocu\u011fu vard\u0131r.","sameAs":["http:\/\/atif.unaldi.org\/blog","https:\/\/www.facebook.com\/atifunaldi","https:\/\/www.instagram.com\/atifunaldi\/","https:\/\/www.linkedin.com\/in\/atifunaldi","https:\/\/x.com\/https:\/\/twitter.com\/atifunaldi","https:\/\/www.youtube.com\/c\/atifunaldi","https:\/\/soundcloud.com\/atif-unaldi","https:\/\/atifunaldi.tumblr.com"],"url":"http:\/\/atif.unaldi.org\/blog\/author\/atifunaldi\/"}]}},"jetpack_featured_media_url":"","_links":{"self":[{"href":"http:\/\/atif.unaldi.org\/blog\/wp-json\/wp\/v2\/posts\/631","targetHints":{"allow":["GET"]}}],"collection":[{"href":"http:\/\/atif.unaldi.org\/blog\/wp-json\/wp\/v2\/posts"}],"about":[{"href":"http:\/\/atif.unaldi.org\/blog\/wp-json\/wp\/v2\/types\/post"}],"author":[{"embeddable":true,"href":"http:\/\/atif.unaldi.org\/blog\/wp-json\/wp\/v2\/users\/2"}],"replies":[{"embeddable":true,"href":"http:\/\/atif.unaldi.org\/blog\/wp-json\/wp\/v2\/comments?post=631"}],"version-history":[{"count":0,"href":"http:\/\/atif.unaldi.org\/blog\/wp-json\/wp\/v2\/posts\/631\/revisions"}],"wp:attachment":[{"href":"http:\/\/atif.unaldi.org\/blog\/wp-json\/wp\/v2\/media?parent=631"}],"wp:term":[{"taxonomy":"category","embeddable":true,"href":"http:\/\/atif.unaldi.org\/blog\/wp-json\/wp\/v2\/categories?post=631"},{"taxonomy":"post_tag","embeddable":true,"href":"http:\/\/atif.unaldi.org\/blog\/wp-json\/wp\/v2\/tags?post=631"}],"curies":[{"name":"wp","href":"https:\/\/api.w.org\/{rel}","templated":true}]}}