{"id":641,"date":"2007-11-13T02:00:00","date_gmt":"2007-11-13T00:00:00","guid":{"rendered":"http:\/\/85.17.200.84\/~unaldi\/atif\/?p=641"},"modified":"2007-11-13T02:00:00","modified_gmt":"2007-11-13T00:00:00","slug":"e-devlette-durumumuz-artik-asikar","status":"publish","type":"post","link":"http:\/\/atif.unaldi.org\/blog\/2007\/11\/13\/e-devlette-durumumuz-artik-asikar\/","title":{"rendered":"e-devlette durumumuz art\u0131k a\u015fikar!"},"content":{"rendered":"<div style=\"padding-top:25px;font-family:verdana;line-height:18px;\">\n<p><font size=\"2\" face=\"Geneva, Arial, Sans-serif\">&#8220;T\u00fcrkiye&#8217;de bilgi toplumunun geli\u015fmesinde dengesizlikler s\u00fcr\u00fcyor&#8221; ifadesine yer verilen &#8220;OECD e-Devlet \u00c7al\u0131\u015fmalar\u0131&#8221; raporuna g\u00f6re T\u00fcrkiye&#8217;de internet eri\u015fim oran\u0131 AB&#8217;nin \u00fc\u00e7te birini ge\u00e7miyor. <\/font><\/p>\n<p><font size=\"2\" face=\"Geneva, Arial, Sans-serif\">Devlet Planlama Te\u015fkilat\u0131&#8217;n\u0131n (DPT) koordinasyonunda OECD&#8217;nin haz\u0131rlad\u0131\u011f\u0131 &#8220;OECD e-Devlet \u00c7al\u0131\u015fmalar\u0131&#8221; raporu T\u00fcrkiye&#8217;de son y\u0131llarda e-devlet konusunda kaydedilen geli\u015fmeleri g\u00f6zler \u00f6n\u00fcne serdi. G\u00fcney Kore ve Meksika ile D\u00fcnya Bankas\u0131&#8217;ndan uzmanlar\u0131n katk\u0131lar\u0131yla yaz\u0131lan raporda T\u00fcrkiye&#8217;nin bilgi ve proje ile de\u011fi\u015fim y\u00f6netimi becerilerinin eksikli\u011fine dikkat \u00e7ekilerek, &#8220;Pek \u00e7ok OECD \u00fclkesinde oldu\u011fu gibi, T\u00fcrkiye&#8217;de de \u00f6ng\u00f6r\u00fclen maliyet ve faydalar\u0131n ger\u00e7ekle\u015ftirilmesi i\u00e7in yat\u0131r\u0131m maliyetleri ve geri d\u00f6n\u00fc\u015f\u00fcm konusunda bilgi eksikli\u011fi yan\u0131nda proje ve de\u011fi\u015fim y\u00f6netimi becerilerinin eksikli\u011fi g\u00f6r\u00fclmektedir&#8221; denildi. <\/font><\/p>\n<p><font size=\"2\" face=\"Geneva, Arial, Sans-serif\">OECD, bakanl\u0131klar\u0131n kendi yetki alanlar\u0131yla ilgili e-devlet giri\u015fimlerinin planlama ve uygulama a\u015famas\u0131nda daha fazla sorumluluk \u00fcstlenmesi gerekti\u011fini vurgulad\u0131 ve T\u00fcrkiye&#8217;nin kaynak ve sorumluluklar\u0131 merkezi kurumlardan yerel y\u00f6netimlere do\u011fru kayd\u0131rmakta oldu\u011fundan belediyelerin, pek yak\u0131nda, kendi se\u00e7menlerine y\u00f6nelik e-hizmetleri planlad\u0131\u011f\u0131n\u0131n alt\u0131n\u0131 \u00e7izdi. <\/font><\/p>\n<p><font size=\"2\" face=\"Geneva, Arial, Sans-serif\">T\u00fcrkiye&#8217;de bilgi toplumunun geli\u015fmesinde dengesizliklerin devam etti\u011fini dile getiren OECD, i\u015f d\u00fcnyas\u0131n\u0131n y\u00fcksek d\u00fczeyde internet kullan\u0131c\u0131s\u0131 oldu\u011funu ancak T\u00fcrkiye&#8217;nin AB-25 \u00fclkelerine (y\u00fczde 47) g\u00f6re olduk\u00e7a d\u00fc\u015f\u00fck internet eri\u015fim oran\u0131na (y\u00fczde 14) eri\u015febildi\u011fini a\u00e7\u0131klad\u0131. OECD raporunda \u015fu bilgiler yer al\u0131yor: <\/font><\/p>\n<p><font size=\"2\" face=\"Geneva, Arial, Sans-serif\">&#8220;T\u00fcrkiye nispeten d\u00fc\u015f\u00fck internet eri\u015fim oran\u0131na ra\u011fmen e-devlette \u00f6nemli ilerlemelerin ger\u00e7ekle\u015ftirilebilece\u011fini g\u00f6stermi\u015ftir. \u00d6rne\u011fin, muhasebeciler gibi arac\u0131 bir kesimin de katk\u0131s\u0131yla vergi beyannamelerinin elektronik ortamda verilmesiyle ilgili \u00e7ok iyi bir kullan\u0131m oran\u0131 yakalanm\u0131\u015ft\u0131r. Buna ilaveten, bankalar\u0131n vergi \u00f6demelerinde arac\u0131 yap\u0131lmas\u0131yla vergi toplamada i\u015flem maliyeti 2 dolardan 0.35 dolara d\u00fc\u015f\u00fcr\u00fclm\u00fc\u015ft\u00fcr.&#8221; <\/font><\/p>\n<\/div>\n","protected":false},"excerpt":{"rendered":"<p>&#8220;T\u00fcrkiye&#8217;de bilgi toplumunun geli\u015fmesinde dengesizlikler s\u00fcr\u00fcyor&#8221; ifadesine yer verilen &#8220;OECD e-Devlet \u00c7al\u0131\u015fmalar\u0131&#8221; raporuna g\u00f6re T\u00fcrkiye&#8217;de internet eri\u015fim oran\u0131 AB&#8217;nin \u00fc\u00e7te birini ge\u00e7miyor. Devlet Planlama Te\u015fkilat\u0131&#8217;n\u0131n (DPT) koordinasyonunda OECD&#8217;nin haz\u0131rlad\u0131\u011f\u0131 &#8220;OECD e-Devlet \u00c7al\u0131\u015fmalar\u0131&#8221; raporu T\u00fcrkiye&#8217;de son&#8230;<\/p>\n","protected":false},"author":2,"featured_media":0,"comment_status":"open","ping_status":"open","sticky":false,"template":"","format":"standard","meta":{"footnotes":""},"categories":[3],"tags":[],"class_list":["post-641","post","type-post","status-publish","format-standard","hentry","category-blogum"],"yoast_head":"<!-- This site is optimized with the Yoast SEO plugin v26.8 - https:\/\/yoast.com\/product\/yoast-seo-wordpress\/ -->\n<title>e-devlette durumumuz art\u0131k a\u015fikar! - At\u0131f \u00dcnald\u0131<\/title>\n<meta name=\"robots\" content=\"index, follow, max-snippet:-1, max-image-preview:large, max-video-preview:-1\" \/>\n<link rel=\"canonical\" href=\"http:\/\/atif.unaldi.org\/blog\/2007\/11\/13\/e-devlette-durumumuz-artik-asikar\/\" \/>\n<meta property=\"og:locale\" content=\"tr_TR\" \/>\n<meta property=\"og:type\" content=\"article\" \/>\n<meta property=\"og:title\" content=\"e-devlette durumumuz art\u0131k a\u015fikar! - At\u0131f \u00dcnald\u0131\" \/>\n<meta property=\"og:description\" content=\"&#8220;T\u00fcrkiye&#8217;de bilgi toplumunun geli\u015fmesinde dengesizlikler s\u00fcr\u00fcyor&#8221; ifadesine yer verilen &#8220;OECD e-Devlet \u00c7al\u0131\u015fmalar\u0131&#8221; raporuna g\u00f6re T\u00fcrkiye&#8217;de internet eri\u015fim oran\u0131 AB&#8217;nin \u00fc\u00e7te birini ge\u00e7miyor. Devlet Planlama Te\u015fkilat\u0131&#8217;n\u0131n (DPT) koordinasyonunda OECD&#8217;nin haz\u0131rlad\u0131\u011f\u0131 &#8220;OECD e-Devlet \u00c7al\u0131\u015fmalar\u0131&#8221; raporu T\u00fcrkiye&#8217;de son...\" \/>\n<meta property=\"og:url\" content=\"http:\/\/atif.unaldi.org\/blog\/2007\/11\/13\/e-devlette-durumumuz-artik-asikar\/\" \/>\n<meta property=\"og:site_name\" content=\"At\u0131f \u00dcnald\u0131\" \/>\n<meta property=\"article:publisher\" content=\"https:\/\/www.facebook.com\/atifunaldi\" \/>\n<meta property=\"article:author\" content=\"https:\/\/www.facebook.com\/atifunaldi\" \/>\n<meta property=\"article:published_time\" content=\"2007-11-13T00:00:00+00:00\" \/>\n<meta name=\"author\" content=\"Atif Unaldi\" \/>\n<meta name=\"twitter:card\" content=\"summary_large_image\" \/>\n<meta name=\"twitter:creator\" content=\"@https:\/\/twitter.com\/atifunaldi\" \/>\n<meta name=\"twitter:site\" content=\"@atifunaldi\" \/>\n<meta name=\"twitter:label1\" content=\"Yazan:\" \/>\n\t<meta name=\"twitter:data1\" content=\"Atif Unaldi\" \/>\n\t<meta name=\"twitter:label2\" content=\"Tahmini okuma s\u00fcresi\" \/>\n\t<meta name=\"twitter:data2\" content=\"2 dakika\" \/>\n<script type=\"application\/ld+json\" class=\"yoast-schema-graph\">{\"@context\":\"https:\/\/schema.org\",\"@graph\":[{\"@type\":\"Article\",\"@id\":\"http:\/\/atif.unaldi.org\/blog\/2007\/11\/13\/e-devlette-durumumuz-artik-asikar\/#article\",\"isPartOf\":{\"@id\":\"http:\/\/atif.unaldi.org\/blog\/2007\/11\/13\/e-devlette-durumumuz-artik-asikar\/\"},\"author\":{\"name\":\"Atif Unaldi\",\"@id\":\"http:\/\/atif.unaldi.org\/blog\/#\/schema\/person\/608ed42ecbda2bc5cfdb767ac1db479b\"},\"headline\":\"e-devlette durumumuz art\u0131k a\u015fikar!\",\"datePublished\":\"2007-11-13T00:00:00+00:00\",\"mainEntityOfPage\":{\"@id\":\"http:\/\/atif.unaldi.org\/blog\/2007\/11\/13\/e-devlette-durumumuz-artik-asikar\/\"},\"wordCount\":341,\"commentCount\":0,\"publisher\":{\"@id\":\"http:\/\/atif.unaldi.org\/blog\/#\/schema\/person\/608ed42ecbda2bc5cfdb767ac1db479b\"},\"articleSection\":[\"Blogum\"],\"inLanguage\":\"tr\",\"potentialAction\":[{\"@type\":\"CommentAction\",\"name\":\"Comment\",\"target\":[\"http:\/\/atif.unaldi.org\/blog\/2007\/11\/13\/e-devlette-durumumuz-artik-asikar\/#respond\"]}]},{\"@type\":\"WebPage\",\"@id\":\"http:\/\/atif.unaldi.org\/blog\/2007\/11\/13\/e-devlette-durumumuz-artik-asikar\/\",\"url\":\"http:\/\/atif.unaldi.org\/blog\/2007\/11\/13\/e-devlette-durumumuz-artik-asikar\/\",\"name\":\"e-devlette durumumuz art\u0131k a\u015fikar! - At\u0131f \u00dcnald\u0131\",\"isPartOf\":{\"@id\":\"http:\/\/atif.unaldi.org\/blog\/#website\"},\"datePublished\":\"2007-11-13T00:00:00+00:00\",\"breadcrumb\":{\"@id\":\"http:\/\/atif.unaldi.org\/blog\/2007\/11\/13\/e-devlette-durumumuz-artik-asikar\/#breadcrumb\"},\"inLanguage\":\"tr\",\"potentialAction\":[{\"@type\":\"ReadAction\",\"target\":[\"http:\/\/atif.unaldi.org\/blog\/2007\/11\/13\/e-devlette-durumumuz-artik-asikar\/\"]}]},{\"@type\":\"BreadcrumbList\",\"@id\":\"http:\/\/atif.unaldi.org\/blog\/2007\/11\/13\/e-devlette-durumumuz-artik-asikar\/#breadcrumb\",\"itemListElement\":[{\"@type\":\"ListItem\",\"position\":1,\"name\":\"Anasayfa\",\"item\":\"http:\/\/atif.unaldi.org\/blog\/\"},{\"@type\":\"ListItem\",\"position\":2,\"name\":\"e-devlette durumumuz art\u0131k a\u015fikar!\"}]},{\"@type\":\"WebSite\",\"@id\":\"http:\/\/atif.unaldi.org\/blog\/#website\",\"url\":\"http:\/\/atif.unaldi.org\/blog\/\",\"name\":\"At\u0131f \u00dcnald\u0131\",\"description\":\"Yazar\",\"publisher\":{\"@id\":\"http:\/\/atif.unaldi.org\/blog\/#\/schema\/person\/608ed42ecbda2bc5cfdb767ac1db479b\"},\"alternateName\":\"At\u0131f \u00dcnald\u0131 Blog\",\"potentialAction\":[{\"@type\":\"SearchAction\",\"target\":{\"@type\":\"EntryPoint\",\"urlTemplate\":\"http:\/\/atif.unaldi.org\/blog\/?s={search_term_string}\"},\"query-input\":{\"@type\":\"PropertyValueSpecification\",\"valueRequired\":true,\"valueName\":\"search_term_string\"}}],\"inLanguage\":\"tr\"},{\"@type\":[\"Person\",\"Organization\"],\"@id\":\"http:\/\/atif.unaldi.org\/blog\/#\/schema\/person\/608ed42ecbda2bc5cfdb767ac1db479b\",\"name\":\"Atif Unaldi\",\"image\":{\"@type\":\"ImageObject\",\"inLanguage\":\"tr\",\"@id\":\"http:\/\/atif.unaldi.org\/blog\/#\/schema\/person\/image\/\",\"url\":\"http:\/\/atif.unaldi.org\/blog\/wp-content\/uploads\/2022\/10\/cropped-a94e8f7a-67c4-4d65-8a5f-032ba784be53-2.jpg\",\"contentUrl\":\"http:\/\/atif.unaldi.org\/blog\/wp-content\/uploads\/2022\/10\/cropped-a94e8f7a-67c4-4d65-8a5f-032ba784be53-2.jpg\",\"width\":512,\"height\":512,\"caption\":\"Atif Unaldi\"},\"logo\":{\"@id\":\"http:\/\/atif.unaldi.org\/blog\/#\/schema\/person\/image\/\"},\"description\":\"Bo\u011fazi\u00e7i \u00dcniversitesinde Fizik B\u00f6l\u00fcm\u00fc\u2019nde e\u011fitim ald\u0131\u011f\u0131 y\u0131llarda T\u00fcrkiye\u2019de ilk kez iki bilgisayar\u0131 telefon hatlar\u0131 \u00fczerinden konu\u015fturan BBS sistemini kurarak, T\u00fcrkiye\u2019deki ilk internet a\u011f\u0131n\u0131 olu\u015fturmu\u015ftur. Bir \u00e7ok radyo ve televizyonda program yap\u0131mc\u0131l\u0131\u011f\u0131 ve sunuculu\u011funu, bir \u00e7ok teknoloji dergisinde k\u00f6\u015fe yazarl\u0131\u011f\u0131, bili\u015fim edit\u00f6rl\u00fc\u011f\u00fc ve genel yay\u0131n y\u00f6netmenli\u011fi yapt\u0131. T\u00fcrkiye\u2019deki ilk internet servis sa\u011flay\u0131c\u0131s\u0131n\u0131n genel m\u00fcd\u00fcrl\u00fc\u011f\u00fcn\u00fc \u00fcstlendi. Bir \u00e7ok organizasyon ve kurulu\u015fta internet s\u00fcperviz\u00f6rl\u00fc\u011f\u00fc , webmaster\u2019l\u0131\u011f\u0131 , IT direkt\u00f6rl\u00fc\u011f\u00fc ve dijital projeler koordinat\u00f6rl\u00fc\u011f\u00fc g\u00f6revlerinde bulundu. Farkl\u0131 \u00fcniversitelerin farkl\u0131 fak\u00fcltelerinde \u00f6\u011fretim g\u00f6revlisi olarak bulunmu\u015f olan \u00dcnald\u0131; \u015fu an teknoloji ve pazarlama konular\u0131 ba\u015fta olmak \u00fczere bir\u00e7ok alanda hizmet veren Unaldi Consultancy\u2019nin kurucusudur. \\u2028Selin \u00dcnald\u0131 ile evlidir. Su ve Toprak isminde iki \u00e7ocu\u011fu vard\u0131r.\",\"sameAs\":[\"http:\/\/atif.unaldi.org\/blog\",\"https:\/\/www.facebook.com\/atifunaldi\",\"https:\/\/www.instagram.com\/atifunaldi\/\",\"https:\/\/www.linkedin.com\/in\/atifunaldi\",\"https:\/\/x.com\/https:\/\/twitter.com\/atifunaldi\",\"https:\/\/www.youtube.com\/c\/atifunaldi\",\"https:\/\/soundcloud.com\/atif-unaldi\",\"https:\/\/atifunaldi.tumblr.com\"],\"url\":\"http:\/\/atif.unaldi.org\/blog\/author\/atifunaldi\/\"}]}<\/script>\n<!-- \/ Yoast SEO plugin. -->","yoast_head_json":{"title":"e-devlette durumumuz art\u0131k a\u015fikar! - At\u0131f \u00dcnald\u0131","robots":{"index":"index","follow":"follow","max-snippet":"max-snippet:-1","max-image-preview":"max-image-preview:large","max-video-preview":"max-video-preview:-1"},"canonical":"http:\/\/atif.unaldi.org\/blog\/2007\/11\/13\/e-devlette-durumumuz-artik-asikar\/","og_locale":"tr_TR","og_type":"article","og_title":"e-devlette durumumuz art\u0131k a\u015fikar! - At\u0131f \u00dcnald\u0131","og_description":"&#8220;T\u00fcrkiye&#8217;de bilgi toplumunun geli\u015fmesinde dengesizlikler s\u00fcr\u00fcyor&#8221; ifadesine yer verilen &#8220;OECD e-Devlet \u00c7al\u0131\u015fmalar\u0131&#8221; raporuna g\u00f6re T\u00fcrkiye&#8217;de internet eri\u015fim oran\u0131 AB&#8217;nin \u00fc\u00e7te birini ge\u00e7miyor. Devlet Planlama Te\u015fkilat\u0131&#8217;n\u0131n (DPT) koordinasyonunda OECD&#8217;nin haz\u0131rlad\u0131\u011f\u0131 &#8220;OECD e-Devlet \u00c7al\u0131\u015fmalar\u0131&#8221; raporu T\u00fcrkiye&#8217;de son...","og_url":"http:\/\/atif.unaldi.org\/blog\/2007\/11\/13\/e-devlette-durumumuz-artik-asikar\/","og_site_name":"At\u0131f \u00dcnald\u0131","article_publisher":"https:\/\/www.facebook.com\/atifunaldi","article_author":"https:\/\/www.facebook.com\/atifunaldi","article_published_time":"2007-11-13T00:00:00+00:00","author":"Atif Unaldi","twitter_card":"summary_large_image","twitter_creator":"@https:\/\/twitter.com\/atifunaldi","twitter_site":"@atifunaldi","twitter_misc":{"Yazan:":"Atif Unaldi","Tahmini okuma s\u00fcresi":"2 dakika"},"schema":{"@context":"https:\/\/schema.org","@graph":[{"@type":"Article","@id":"http:\/\/atif.unaldi.org\/blog\/2007\/11\/13\/e-devlette-durumumuz-artik-asikar\/#article","isPartOf":{"@id":"http:\/\/atif.unaldi.org\/blog\/2007\/11\/13\/e-devlette-durumumuz-artik-asikar\/"},"author":{"name":"Atif Unaldi","@id":"http:\/\/atif.unaldi.org\/blog\/#\/schema\/person\/608ed42ecbda2bc5cfdb767ac1db479b"},"headline":"e-devlette durumumuz art\u0131k a\u015fikar!","datePublished":"2007-11-13T00:00:00+00:00","mainEntityOfPage":{"@id":"http:\/\/atif.unaldi.org\/blog\/2007\/11\/13\/e-devlette-durumumuz-artik-asikar\/"},"wordCount":341,"commentCount":0,"publisher":{"@id":"http:\/\/atif.unaldi.org\/blog\/#\/schema\/person\/608ed42ecbda2bc5cfdb767ac1db479b"},"articleSection":["Blogum"],"inLanguage":"tr","potentialAction":[{"@type":"CommentAction","name":"Comment","target":["http:\/\/atif.unaldi.org\/blog\/2007\/11\/13\/e-devlette-durumumuz-artik-asikar\/#respond"]}]},{"@type":"WebPage","@id":"http:\/\/atif.unaldi.org\/blog\/2007\/11\/13\/e-devlette-durumumuz-artik-asikar\/","url":"http:\/\/atif.unaldi.org\/blog\/2007\/11\/13\/e-devlette-durumumuz-artik-asikar\/","name":"e-devlette durumumuz art\u0131k a\u015fikar! - At\u0131f \u00dcnald\u0131","isPartOf":{"@id":"http:\/\/atif.unaldi.org\/blog\/#website"},"datePublished":"2007-11-13T00:00:00+00:00","breadcrumb":{"@id":"http:\/\/atif.unaldi.org\/blog\/2007\/11\/13\/e-devlette-durumumuz-artik-asikar\/#breadcrumb"},"inLanguage":"tr","potentialAction":[{"@type":"ReadAction","target":["http:\/\/atif.unaldi.org\/blog\/2007\/11\/13\/e-devlette-durumumuz-artik-asikar\/"]}]},{"@type":"BreadcrumbList","@id":"http:\/\/atif.unaldi.org\/blog\/2007\/11\/13\/e-devlette-durumumuz-artik-asikar\/#breadcrumb","itemListElement":[{"@type":"ListItem","position":1,"name":"Anasayfa","item":"http:\/\/atif.unaldi.org\/blog\/"},{"@type":"ListItem","position":2,"name":"e-devlette durumumuz art\u0131k a\u015fikar!"}]},{"@type":"WebSite","@id":"http:\/\/atif.unaldi.org\/blog\/#website","url":"http:\/\/atif.unaldi.org\/blog\/","name":"At\u0131f \u00dcnald\u0131","description":"Yazar","publisher":{"@id":"http:\/\/atif.unaldi.org\/blog\/#\/schema\/person\/608ed42ecbda2bc5cfdb767ac1db479b"},"alternateName":"At\u0131f \u00dcnald\u0131 Blog","potentialAction":[{"@type":"SearchAction","target":{"@type":"EntryPoint","urlTemplate":"http:\/\/atif.unaldi.org\/blog\/?s={search_term_string}"},"query-input":{"@type":"PropertyValueSpecification","valueRequired":true,"valueName":"search_term_string"}}],"inLanguage":"tr"},{"@type":["Person","Organization"],"@id":"http:\/\/atif.unaldi.org\/blog\/#\/schema\/person\/608ed42ecbda2bc5cfdb767ac1db479b","name":"Atif Unaldi","image":{"@type":"ImageObject","inLanguage":"tr","@id":"http:\/\/atif.unaldi.org\/blog\/#\/schema\/person\/image\/","url":"http:\/\/atif.unaldi.org\/blog\/wp-content\/uploads\/2022\/10\/cropped-a94e8f7a-67c4-4d65-8a5f-032ba784be53-2.jpg","contentUrl":"http:\/\/atif.unaldi.org\/blog\/wp-content\/uploads\/2022\/10\/cropped-a94e8f7a-67c4-4d65-8a5f-032ba784be53-2.jpg","width":512,"height":512,"caption":"Atif Unaldi"},"logo":{"@id":"http:\/\/atif.unaldi.org\/blog\/#\/schema\/person\/image\/"},"description":"Bo\u011fazi\u00e7i \u00dcniversitesinde Fizik B\u00f6l\u00fcm\u00fc\u2019nde e\u011fitim ald\u0131\u011f\u0131 y\u0131llarda T\u00fcrkiye\u2019de ilk kez iki bilgisayar\u0131 telefon hatlar\u0131 \u00fczerinden konu\u015fturan BBS sistemini kurarak, T\u00fcrkiye\u2019deki ilk internet a\u011f\u0131n\u0131 olu\u015fturmu\u015ftur. Bir \u00e7ok radyo ve televizyonda program yap\u0131mc\u0131l\u0131\u011f\u0131 ve sunuculu\u011funu, bir \u00e7ok teknoloji dergisinde k\u00f6\u015fe yazarl\u0131\u011f\u0131, bili\u015fim edit\u00f6rl\u00fc\u011f\u00fc ve genel yay\u0131n y\u00f6netmenli\u011fi yapt\u0131. T\u00fcrkiye\u2019deki ilk internet servis sa\u011flay\u0131c\u0131s\u0131n\u0131n genel m\u00fcd\u00fcrl\u00fc\u011f\u00fcn\u00fc \u00fcstlendi. Bir \u00e7ok organizasyon ve kurulu\u015fta internet s\u00fcperviz\u00f6rl\u00fc\u011f\u00fc , webmaster\u2019l\u0131\u011f\u0131 , IT direkt\u00f6rl\u00fc\u011f\u00fc ve dijital projeler koordinat\u00f6rl\u00fc\u011f\u00fc g\u00f6revlerinde bulundu. Farkl\u0131 \u00fcniversitelerin farkl\u0131 fak\u00fcltelerinde \u00f6\u011fretim g\u00f6revlisi olarak bulunmu\u015f olan \u00dcnald\u0131; \u015fu an teknoloji ve pazarlama konular\u0131 ba\u015fta olmak \u00fczere bir\u00e7ok alanda hizmet veren Unaldi Consultancy\u2019nin kurucusudur. \u2028Selin \u00dcnald\u0131 ile evlidir. Su ve Toprak isminde iki \u00e7ocu\u011fu vard\u0131r.","sameAs":["http:\/\/atif.unaldi.org\/blog","https:\/\/www.facebook.com\/atifunaldi","https:\/\/www.instagram.com\/atifunaldi\/","https:\/\/www.linkedin.com\/in\/atifunaldi","https:\/\/x.com\/https:\/\/twitter.com\/atifunaldi","https:\/\/www.youtube.com\/c\/atifunaldi","https:\/\/soundcloud.com\/atif-unaldi","https:\/\/atifunaldi.tumblr.com"],"url":"http:\/\/atif.unaldi.org\/blog\/author\/atifunaldi\/"}]}},"jetpack_featured_media_url":"","_links":{"self":[{"href":"http:\/\/atif.unaldi.org\/blog\/wp-json\/wp\/v2\/posts\/641","targetHints":{"allow":["GET"]}}],"collection":[{"href":"http:\/\/atif.unaldi.org\/blog\/wp-json\/wp\/v2\/posts"}],"about":[{"href":"http:\/\/atif.unaldi.org\/blog\/wp-json\/wp\/v2\/types\/post"}],"author":[{"embeddable":true,"href":"http:\/\/atif.unaldi.org\/blog\/wp-json\/wp\/v2\/users\/2"}],"replies":[{"embeddable":true,"href":"http:\/\/atif.unaldi.org\/blog\/wp-json\/wp\/v2\/comments?post=641"}],"version-history":[{"count":0,"href":"http:\/\/atif.unaldi.org\/blog\/wp-json\/wp\/v2\/posts\/641\/revisions"}],"wp:attachment":[{"href":"http:\/\/atif.unaldi.org\/blog\/wp-json\/wp\/v2\/media?parent=641"}],"wp:term":[{"taxonomy":"category","embeddable":true,"href":"http:\/\/atif.unaldi.org\/blog\/wp-json\/wp\/v2\/categories?post=641"},{"taxonomy":"post_tag","embeddable":true,"href":"http:\/\/atif.unaldi.org\/blog\/wp-json\/wp\/v2\/tags?post=641"}],"curies":[{"name":"wp","href":"https:\/\/api.w.org\/{rel}","templated":true}]}}