{"id":643,"date":"2007-11-18T02:00:00","date_gmt":"2007-11-18T00:00:00","guid":{"rendered":"http:\/\/85.17.200.84\/~unaldi\/atif\/?p=643"},"modified":"2007-11-18T02:00:00","modified_gmt":"2007-11-18T00:00:00","slug":"telekominikasyon-kurumunun-son-kararinda-dikkat-etmesi-gerekenler8230","status":"publish","type":"post","link":"http:\/\/atif.unaldi.org\/blog\/2007\/11\/18\/telekominikasyon-kurumunun-son-kararinda-dikkat-etmesi-gerekenler8230\/","title":{"rendered":"Telekominikasyon kurumunun son karar\u0131nda dikkat etmesi gerekenler&#8230;"},"content":{"rendered":"<p class=\"MsoNormal\" style=\"margin:0;\"><font face=\"Times New Roman\" size=\"3\">Bu hafta TK\u2019n\u0131n yeni karar\u0131 \u00f6zellikle teknoloji ayd\u0131nlar\u0131n\u0131 \u00e7ok mutlu etti. Karara g\u00f6re gizli numara \u00fczerinden arama yapmak tarihe kar\u0131\u015facak&#8230; Y\u0131llard\u0131r yurtd\u0131\u015f\u0131ndan ve \u00e7al\u0131\u015ft\u0131\u011f\u0131m \u015firketten gelen telefonlar y\u00fcz\u00fcnden bu telefonlar\u0131 a\u00e7mak zorunda olan biri olarak duruma ki\u015fisel olarak da \u00e7ok sevindim\u2026 Ancan TK\u2019n\u0131n bu konudaki karar\u0131 SMS ler i\u00e7inde ge\u00e7erli.Bu durumda \u00f6zellikle yurtd\u0131\u015f\u0131ndan at\u0131lan ve alfanumerik g\u00f6ndericilerden gelen mesajlarda bu sinsilenin i\u00e7inde kaybolacak. Bu da \u00f6zellikle fahi\u015f fiyatlarla toplu sms sat\u0131\u015f\u0131 yapan ve burnundan k\u0131l ald\u0131rmayan operat\u00f6rlerin ekme\u011fine ya\u011f s\u00fcrecek. Bu durumda bu operat\u00f6rler T\u00fcrkiyedehedef kitlesi olan mobil marketing<span>\u00a0 <\/span>kampanyalar\u0131nda lokal operat\u00f6rleri tek mecra haline getirecektir. Buna izin verilmemesine dikkat edilmesi \u015fartt\u0131r.<\/font><\/p>\n","protected":false},"excerpt":{"rendered":"<p>Bu hafta TK\u2019n\u0131n yeni karar\u0131 \u00f6zellikle teknoloji ayd\u0131nlar\u0131n\u0131 \u00e7ok mutlu etti. Karara g\u00f6re gizli numara \u00fczerinden arama yapmak tarihe kar\u0131\u015facak&#8230; Y\u0131llard\u0131r yurtd\u0131\u015f\u0131ndan ve \u00e7al\u0131\u015ft\u0131\u011f\u0131m \u015firketten gelen telefonlar y\u00fcz\u00fcnden bu telefonlar\u0131 a\u00e7mak zorunda olan biri olarak&#8230;<\/p>\n","protected":false},"author":2,"featured_media":0,"comment_status":"open","ping_status":"open","sticky":false,"template":"","format":"standard","meta":{"footnotes":""},"categories":[3],"tags":[],"class_list":["post-643","post","type-post","status-publish","format-standard","hentry","category-blogum"],"yoast_head":"<!-- This site is optimized with the Yoast SEO plugin v26.8 - https:\/\/yoast.com\/product\/yoast-seo-wordpress\/ -->\n<title>Telekominikasyon kurumunun son karar\u0131nda dikkat etmesi gerekenler&#8230; - At\u0131f \u00dcnald\u0131<\/title>\n<meta name=\"robots\" content=\"index, follow, max-snippet:-1, max-image-preview:large, max-video-preview:-1\" \/>\n<link rel=\"canonical\" href=\"http:\/\/atif.unaldi.org\/blog\/2007\/11\/18\/telekominikasyon-kurumunun-son-kararinda-dikkat-etmesi-gerekenler8230\/\" \/>\n<meta property=\"og:locale\" content=\"tr_TR\" \/>\n<meta property=\"og:type\" content=\"article\" \/>\n<meta property=\"og:title\" content=\"Telekominikasyon kurumunun son karar\u0131nda dikkat etmesi gerekenler&#8230; - At\u0131f \u00dcnald\u0131\" \/>\n<meta property=\"og:description\" content=\"Bu hafta TK\u2019n\u0131n yeni karar\u0131 \u00f6zellikle teknoloji ayd\u0131nlar\u0131n\u0131 \u00e7ok mutlu etti. Karara g\u00f6re gizli numara \u00fczerinden arama yapmak tarihe kar\u0131\u015facak&#8230; Y\u0131llard\u0131r yurtd\u0131\u015f\u0131ndan ve \u00e7al\u0131\u015ft\u0131\u011f\u0131m \u015firketten gelen telefonlar y\u00fcz\u00fcnden bu telefonlar\u0131 a\u00e7mak zorunda olan biri olarak...\" \/>\n<meta property=\"og:url\" content=\"http:\/\/atif.unaldi.org\/blog\/2007\/11\/18\/telekominikasyon-kurumunun-son-kararinda-dikkat-etmesi-gerekenler8230\/\" \/>\n<meta property=\"og:site_name\" content=\"At\u0131f \u00dcnald\u0131\" \/>\n<meta property=\"article:publisher\" content=\"https:\/\/www.facebook.com\/atifunaldi\" \/>\n<meta property=\"article:author\" content=\"https:\/\/www.facebook.com\/atifunaldi\" \/>\n<meta property=\"article:published_time\" content=\"2007-11-18T00:00:00+00:00\" \/>\n<meta name=\"author\" content=\"Atif Unaldi\" \/>\n<meta name=\"twitter:card\" content=\"summary_large_image\" \/>\n<meta name=\"twitter:creator\" content=\"@https:\/\/twitter.com\/atifunaldi\" \/>\n<meta name=\"twitter:site\" content=\"@atifunaldi\" \/>\n<meta name=\"twitter:label1\" content=\"Yazan:\" \/>\n\t<meta name=\"twitter:data1\" content=\"Atif Unaldi\" \/>\n\t<meta name=\"twitter:label2\" content=\"Tahmini okuma s\u00fcresi\" \/>\n\t<meta name=\"twitter:data2\" content=\"1 dakika\" \/>\n<script type=\"application\/ld+json\" class=\"yoast-schema-graph\">{\"@context\":\"https:\/\/schema.org\",\"@graph\":[{\"@type\":\"Article\",\"@id\":\"http:\/\/atif.unaldi.org\/blog\/2007\/11\/18\/telekominikasyon-kurumunun-son-kararinda-dikkat-etmesi-gerekenler8230\/#article\",\"isPartOf\":{\"@id\":\"http:\/\/atif.unaldi.org\/blog\/2007\/11\/18\/telekominikasyon-kurumunun-son-kararinda-dikkat-etmesi-gerekenler8230\/\"},\"author\":{\"name\":\"Atif Unaldi\",\"@id\":\"http:\/\/atif.unaldi.org\/blog\/#\/schema\/person\/608ed42ecbda2bc5cfdb767ac1db479b\"},\"headline\":\"Telekominikasyon kurumunun son karar\u0131nda dikkat etmesi gerekenler&#8230;\",\"datePublished\":\"2007-11-18T00:00:00+00:00\",\"mainEntityOfPage\":{\"@id\":\"http:\/\/atif.unaldi.org\/blog\/2007\/11\/18\/telekominikasyon-kurumunun-son-kararinda-dikkat-etmesi-gerekenler8230\/\"},\"wordCount\":144,\"commentCount\":0,\"publisher\":{\"@id\":\"http:\/\/atif.unaldi.org\/blog\/#\/schema\/person\/608ed42ecbda2bc5cfdb767ac1db479b\"},\"articleSection\":[\"Blogum\"],\"inLanguage\":\"tr\",\"potentialAction\":[{\"@type\":\"CommentAction\",\"name\":\"Comment\",\"target\":[\"http:\/\/atif.unaldi.org\/blog\/2007\/11\/18\/telekominikasyon-kurumunun-son-kararinda-dikkat-etmesi-gerekenler8230\/#respond\"]}]},{\"@type\":\"WebPage\",\"@id\":\"http:\/\/atif.unaldi.org\/blog\/2007\/11\/18\/telekominikasyon-kurumunun-son-kararinda-dikkat-etmesi-gerekenler8230\/\",\"url\":\"http:\/\/atif.unaldi.org\/blog\/2007\/11\/18\/telekominikasyon-kurumunun-son-kararinda-dikkat-etmesi-gerekenler8230\/\",\"name\":\"Telekominikasyon kurumunun son karar\u0131nda dikkat etmesi gerekenler&#8230; - At\u0131f \u00dcnald\u0131\",\"isPartOf\":{\"@id\":\"http:\/\/atif.unaldi.org\/blog\/#website\"},\"datePublished\":\"2007-11-18T00:00:00+00:00\",\"breadcrumb\":{\"@id\":\"http:\/\/atif.unaldi.org\/blog\/2007\/11\/18\/telekominikasyon-kurumunun-son-kararinda-dikkat-etmesi-gerekenler8230\/#breadcrumb\"},\"inLanguage\":\"tr\",\"potentialAction\":[{\"@type\":\"ReadAction\",\"target\":[\"http:\/\/atif.unaldi.org\/blog\/2007\/11\/18\/telekominikasyon-kurumunun-son-kararinda-dikkat-etmesi-gerekenler8230\/\"]}]},{\"@type\":\"BreadcrumbList\",\"@id\":\"http:\/\/atif.unaldi.org\/blog\/2007\/11\/18\/telekominikasyon-kurumunun-son-kararinda-dikkat-etmesi-gerekenler8230\/#breadcrumb\",\"itemListElement\":[{\"@type\":\"ListItem\",\"position\":1,\"name\":\"Anasayfa\",\"item\":\"http:\/\/atif.unaldi.org\/blog\/\"},{\"@type\":\"ListItem\",\"position\":2,\"name\":\"Telekominikasyon kurumunun son karar\u0131nda dikkat etmesi gerekenler&#8230;\"}]},{\"@type\":\"WebSite\",\"@id\":\"http:\/\/atif.unaldi.org\/blog\/#website\",\"url\":\"http:\/\/atif.unaldi.org\/blog\/\",\"name\":\"At\u0131f \u00dcnald\u0131\",\"description\":\"Yazar\",\"publisher\":{\"@id\":\"http:\/\/atif.unaldi.org\/blog\/#\/schema\/person\/608ed42ecbda2bc5cfdb767ac1db479b\"},\"alternateName\":\"At\u0131f \u00dcnald\u0131 Blog\",\"potentialAction\":[{\"@type\":\"SearchAction\",\"target\":{\"@type\":\"EntryPoint\",\"urlTemplate\":\"http:\/\/atif.unaldi.org\/blog\/?s={search_term_string}\"},\"query-input\":{\"@type\":\"PropertyValueSpecification\",\"valueRequired\":true,\"valueName\":\"search_term_string\"}}],\"inLanguage\":\"tr\"},{\"@type\":[\"Person\",\"Organization\"],\"@id\":\"http:\/\/atif.unaldi.org\/blog\/#\/schema\/person\/608ed42ecbda2bc5cfdb767ac1db479b\",\"name\":\"Atif Unaldi\",\"image\":{\"@type\":\"ImageObject\",\"inLanguage\":\"tr\",\"@id\":\"http:\/\/atif.unaldi.org\/blog\/#\/schema\/person\/image\/\",\"url\":\"http:\/\/atif.unaldi.org\/blog\/wp-content\/uploads\/2022\/10\/cropped-a94e8f7a-67c4-4d65-8a5f-032ba784be53-2.jpg\",\"contentUrl\":\"http:\/\/atif.unaldi.org\/blog\/wp-content\/uploads\/2022\/10\/cropped-a94e8f7a-67c4-4d65-8a5f-032ba784be53-2.jpg\",\"width\":512,\"height\":512,\"caption\":\"Atif Unaldi\"},\"logo\":{\"@id\":\"http:\/\/atif.unaldi.org\/blog\/#\/schema\/person\/image\/\"},\"description\":\"Bo\u011fazi\u00e7i \u00dcniversitesinde Fizik B\u00f6l\u00fcm\u00fc\u2019nde e\u011fitim ald\u0131\u011f\u0131 y\u0131llarda T\u00fcrkiye\u2019de ilk kez iki bilgisayar\u0131 telefon hatlar\u0131 \u00fczerinden konu\u015fturan BBS sistemini kurarak, T\u00fcrkiye\u2019deki ilk internet a\u011f\u0131n\u0131 olu\u015fturmu\u015ftur. Bir \u00e7ok radyo ve televizyonda program yap\u0131mc\u0131l\u0131\u011f\u0131 ve sunuculu\u011funu, bir \u00e7ok teknoloji dergisinde k\u00f6\u015fe yazarl\u0131\u011f\u0131, bili\u015fim edit\u00f6rl\u00fc\u011f\u00fc ve genel yay\u0131n y\u00f6netmenli\u011fi yapt\u0131. T\u00fcrkiye\u2019deki ilk internet servis sa\u011flay\u0131c\u0131s\u0131n\u0131n genel m\u00fcd\u00fcrl\u00fc\u011f\u00fcn\u00fc \u00fcstlendi. Bir \u00e7ok organizasyon ve kurulu\u015fta internet s\u00fcperviz\u00f6rl\u00fc\u011f\u00fc , webmaster\u2019l\u0131\u011f\u0131 , IT direkt\u00f6rl\u00fc\u011f\u00fc ve dijital projeler koordinat\u00f6rl\u00fc\u011f\u00fc g\u00f6revlerinde bulundu. Farkl\u0131 \u00fcniversitelerin farkl\u0131 fak\u00fcltelerinde \u00f6\u011fretim g\u00f6revlisi olarak bulunmu\u015f olan \u00dcnald\u0131; \u015fu an teknoloji ve pazarlama konular\u0131 ba\u015fta olmak \u00fczere bir\u00e7ok alanda hizmet veren Unaldi Consultancy\u2019nin kurucusudur. \\u2028Selin \u00dcnald\u0131 ile evlidir. Su ve Toprak isminde iki \u00e7ocu\u011fu vard\u0131r.\",\"sameAs\":[\"http:\/\/atif.unaldi.org\/blog\",\"https:\/\/www.facebook.com\/atifunaldi\",\"https:\/\/www.instagram.com\/atifunaldi\/\",\"https:\/\/www.linkedin.com\/in\/atifunaldi\",\"https:\/\/x.com\/https:\/\/twitter.com\/atifunaldi\",\"https:\/\/www.youtube.com\/c\/atifunaldi\",\"https:\/\/soundcloud.com\/atif-unaldi\",\"https:\/\/atifunaldi.tumblr.com\"],\"url\":\"http:\/\/atif.unaldi.org\/blog\/author\/atifunaldi\/\"}]}<\/script>\n<!-- \/ Yoast SEO plugin. -->","yoast_head_json":{"title":"Telekominikasyon kurumunun son karar\u0131nda dikkat etmesi gerekenler&#8230; - At\u0131f \u00dcnald\u0131","robots":{"index":"index","follow":"follow","max-snippet":"max-snippet:-1","max-image-preview":"max-image-preview:large","max-video-preview":"max-video-preview:-1"},"canonical":"http:\/\/atif.unaldi.org\/blog\/2007\/11\/18\/telekominikasyon-kurumunun-son-kararinda-dikkat-etmesi-gerekenler8230\/","og_locale":"tr_TR","og_type":"article","og_title":"Telekominikasyon kurumunun son karar\u0131nda dikkat etmesi gerekenler&#8230; - At\u0131f \u00dcnald\u0131","og_description":"Bu hafta TK\u2019n\u0131n yeni karar\u0131 \u00f6zellikle teknoloji ayd\u0131nlar\u0131n\u0131 \u00e7ok mutlu etti. Karara g\u00f6re gizli numara \u00fczerinden arama yapmak tarihe kar\u0131\u015facak&#8230; Y\u0131llard\u0131r yurtd\u0131\u015f\u0131ndan ve \u00e7al\u0131\u015ft\u0131\u011f\u0131m \u015firketten gelen telefonlar y\u00fcz\u00fcnden bu telefonlar\u0131 a\u00e7mak zorunda olan biri olarak...","og_url":"http:\/\/atif.unaldi.org\/blog\/2007\/11\/18\/telekominikasyon-kurumunun-son-kararinda-dikkat-etmesi-gerekenler8230\/","og_site_name":"At\u0131f \u00dcnald\u0131","article_publisher":"https:\/\/www.facebook.com\/atifunaldi","article_author":"https:\/\/www.facebook.com\/atifunaldi","article_published_time":"2007-11-18T00:00:00+00:00","author":"Atif Unaldi","twitter_card":"summary_large_image","twitter_creator":"@https:\/\/twitter.com\/atifunaldi","twitter_site":"@atifunaldi","twitter_misc":{"Yazan:":"Atif Unaldi","Tahmini okuma s\u00fcresi":"1 dakika"},"schema":{"@context":"https:\/\/schema.org","@graph":[{"@type":"Article","@id":"http:\/\/atif.unaldi.org\/blog\/2007\/11\/18\/telekominikasyon-kurumunun-son-kararinda-dikkat-etmesi-gerekenler8230\/#article","isPartOf":{"@id":"http:\/\/atif.unaldi.org\/blog\/2007\/11\/18\/telekominikasyon-kurumunun-son-kararinda-dikkat-etmesi-gerekenler8230\/"},"author":{"name":"Atif Unaldi","@id":"http:\/\/atif.unaldi.org\/blog\/#\/schema\/person\/608ed42ecbda2bc5cfdb767ac1db479b"},"headline":"Telekominikasyon kurumunun son karar\u0131nda dikkat etmesi gerekenler&#8230;","datePublished":"2007-11-18T00:00:00+00:00","mainEntityOfPage":{"@id":"http:\/\/atif.unaldi.org\/blog\/2007\/11\/18\/telekominikasyon-kurumunun-son-kararinda-dikkat-etmesi-gerekenler8230\/"},"wordCount":144,"commentCount":0,"publisher":{"@id":"http:\/\/atif.unaldi.org\/blog\/#\/schema\/person\/608ed42ecbda2bc5cfdb767ac1db479b"},"articleSection":["Blogum"],"inLanguage":"tr","potentialAction":[{"@type":"CommentAction","name":"Comment","target":["http:\/\/atif.unaldi.org\/blog\/2007\/11\/18\/telekominikasyon-kurumunun-son-kararinda-dikkat-etmesi-gerekenler8230\/#respond"]}]},{"@type":"WebPage","@id":"http:\/\/atif.unaldi.org\/blog\/2007\/11\/18\/telekominikasyon-kurumunun-son-kararinda-dikkat-etmesi-gerekenler8230\/","url":"http:\/\/atif.unaldi.org\/blog\/2007\/11\/18\/telekominikasyon-kurumunun-son-kararinda-dikkat-etmesi-gerekenler8230\/","name":"Telekominikasyon kurumunun son karar\u0131nda dikkat etmesi gerekenler&#8230; - At\u0131f \u00dcnald\u0131","isPartOf":{"@id":"http:\/\/atif.unaldi.org\/blog\/#website"},"datePublished":"2007-11-18T00:00:00+00:00","breadcrumb":{"@id":"http:\/\/atif.unaldi.org\/blog\/2007\/11\/18\/telekominikasyon-kurumunun-son-kararinda-dikkat-etmesi-gerekenler8230\/#breadcrumb"},"inLanguage":"tr","potentialAction":[{"@type":"ReadAction","target":["http:\/\/atif.unaldi.org\/blog\/2007\/11\/18\/telekominikasyon-kurumunun-son-kararinda-dikkat-etmesi-gerekenler8230\/"]}]},{"@type":"BreadcrumbList","@id":"http:\/\/atif.unaldi.org\/blog\/2007\/11\/18\/telekominikasyon-kurumunun-son-kararinda-dikkat-etmesi-gerekenler8230\/#breadcrumb","itemListElement":[{"@type":"ListItem","position":1,"name":"Anasayfa","item":"http:\/\/atif.unaldi.org\/blog\/"},{"@type":"ListItem","position":2,"name":"Telekominikasyon kurumunun son karar\u0131nda dikkat etmesi gerekenler&#8230;"}]},{"@type":"WebSite","@id":"http:\/\/atif.unaldi.org\/blog\/#website","url":"http:\/\/atif.unaldi.org\/blog\/","name":"At\u0131f \u00dcnald\u0131","description":"Yazar","publisher":{"@id":"http:\/\/atif.unaldi.org\/blog\/#\/schema\/person\/608ed42ecbda2bc5cfdb767ac1db479b"},"alternateName":"At\u0131f \u00dcnald\u0131 Blog","potentialAction":[{"@type":"SearchAction","target":{"@type":"EntryPoint","urlTemplate":"http:\/\/atif.unaldi.org\/blog\/?s={search_term_string}"},"query-input":{"@type":"PropertyValueSpecification","valueRequired":true,"valueName":"search_term_string"}}],"inLanguage":"tr"},{"@type":["Person","Organization"],"@id":"http:\/\/atif.unaldi.org\/blog\/#\/schema\/person\/608ed42ecbda2bc5cfdb767ac1db479b","name":"Atif Unaldi","image":{"@type":"ImageObject","inLanguage":"tr","@id":"http:\/\/atif.unaldi.org\/blog\/#\/schema\/person\/image\/","url":"http:\/\/atif.unaldi.org\/blog\/wp-content\/uploads\/2022\/10\/cropped-a94e8f7a-67c4-4d65-8a5f-032ba784be53-2.jpg","contentUrl":"http:\/\/atif.unaldi.org\/blog\/wp-content\/uploads\/2022\/10\/cropped-a94e8f7a-67c4-4d65-8a5f-032ba784be53-2.jpg","width":512,"height":512,"caption":"Atif Unaldi"},"logo":{"@id":"http:\/\/atif.unaldi.org\/blog\/#\/schema\/person\/image\/"},"description":"Bo\u011fazi\u00e7i \u00dcniversitesinde Fizik B\u00f6l\u00fcm\u00fc\u2019nde e\u011fitim ald\u0131\u011f\u0131 y\u0131llarda T\u00fcrkiye\u2019de ilk kez iki bilgisayar\u0131 telefon hatlar\u0131 \u00fczerinden konu\u015fturan BBS sistemini kurarak, T\u00fcrkiye\u2019deki ilk internet a\u011f\u0131n\u0131 olu\u015fturmu\u015ftur. Bir \u00e7ok radyo ve televizyonda program yap\u0131mc\u0131l\u0131\u011f\u0131 ve sunuculu\u011funu, bir \u00e7ok teknoloji dergisinde k\u00f6\u015fe yazarl\u0131\u011f\u0131, bili\u015fim edit\u00f6rl\u00fc\u011f\u00fc ve genel yay\u0131n y\u00f6netmenli\u011fi yapt\u0131. T\u00fcrkiye\u2019deki ilk internet servis sa\u011flay\u0131c\u0131s\u0131n\u0131n genel m\u00fcd\u00fcrl\u00fc\u011f\u00fcn\u00fc \u00fcstlendi. Bir \u00e7ok organizasyon ve kurulu\u015fta internet s\u00fcperviz\u00f6rl\u00fc\u011f\u00fc , webmaster\u2019l\u0131\u011f\u0131 , IT direkt\u00f6rl\u00fc\u011f\u00fc ve dijital projeler koordinat\u00f6rl\u00fc\u011f\u00fc g\u00f6revlerinde bulundu. Farkl\u0131 \u00fcniversitelerin farkl\u0131 fak\u00fcltelerinde \u00f6\u011fretim g\u00f6revlisi olarak bulunmu\u015f olan \u00dcnald\u0131; \u015fu an teknoloji ve pazarlama konular\u0131 ba\u015fta olmak \u00fczere bir\u00e7ok alanda hizmet veren Unaldi Consultancy\u2019nin kurucusudur. \u2028Selin \u00dcnald\u0131 ile evlidir. Su ve Toprak isminde iki \u00e7ocu\u011fu vard\u0131r.","sameAs":["http:\/\/atif.unaldi.org\/blog","https:\/\/www.facebook.com\/atifunaldi","https:\/\/www.instagram.com\/atifunaldi\/","https:\/\/www.linkedin.com\/in\/atifunaldi","https:\/\/x.com\/https:\/\/twitter.com\/atifunaldi","https:\/\/www.youtube.com\/c\/atifunaldi","https:\/\/soundcloud.com\/atif-unaldi","https:\/\/atifunaldi.tumblr.com"],"url":"http:\/\/atif.unaldi.org\/blog\/author\/atifunaldi\/"}]}},"jetpack_featured_media_url":"","_links":{"self":[{"href":"http:\/\/atif.unaldi.org\/blog\/wp-json\/wp\/v2\/posts\/643","targetHints":{"allow":["GET"]}}],"collection":[{"href":"http:\/\/atif.unaldi.org\/blog\/wp-json\/wp\/v2\/posts"}],"about":[{"href":"http:\/\/atif.unaldi.org\/blog\/wp-json\/wp\/v2\/types\/post"}],"author":[{"embeddable":true,"href":"http:\/\/atif.unaldi.org\/blog\/wp-json\/wp\/v2\/users\/2"}],"replies":[{"embeddable":true,"href":"http:\/\/atif.unaldi.org\/blog\/wp-json\/wp\/v2\/comments?post=643"}],"version-history":[{"count":0,"href":"http:\/\/atif.unaldi.org\/blog\/wp-json\/wp\/v2\/posts\/643\/revisions"}],"wp:attachment":[{"href":"http:\/\/atif.unaldi.org\/blog\/wp-json\/wp\/v2\/media?parent=643"}],"wp:term":[{"taxonomy":"category","embeddable":true,"href":"http:\/\/atif.unaldi.org\/blog\/wp-json\/wp\/v2\/categories?post=643"},{"taxonomy":"post_tag","embeddable":true,"href":"http:\/\/atif.unaldi.org\/blog\/wp-json\/wp\/v2\/tags?post=643"}],"curies":[{"name":"wp","href":"https:\/\/api.w.org\/{rel}","templated":true}]}}