{"id":650,"date":"2007-11-22T02:00:00","date_gmt":"2007-11-22T00:00:00","guid":{"rendered":"http:\/\/85.17.200.84\/~unaldi\/atif\/?p=650"},"modified":"2007-11-22T02:00:00","modified_gmt":"2007-11-22T00:00:00","slug":"10-yil-sonra-bilisim-sektorunun-oyunculari-neyle-ugrasacak","status":"publish","type":"post","link":"http:\/\/atif.unaldi.org\/blog\/2007\/11\/22\/10-yil-sonra-bilisim-sektorunun-oyunculari-neyle-ugrasacak\/","title":{"rendered":"10 y\u0131l sonra bili\u015fim sekt\u00f6r\u00fcn\u00fcn oyuncular\u0131 neyle u\u011fra\u015facak?"},"content":{"rendered":"<p>Efendim malum i\u015fimiz futurizm. Bakal\u0131m \u00f6ng\u00f6r\u00fclerimiz olu\u015facak m\u0131? Yolsa bu sefer karizmay\u0131 \u00e7izdirecek miyiz? Yenilmezli\u011fe g\u00f6lge gelmemesini umut ederek, ba\u015fl\u0131yoruz \u00f6ng\u00f6r\u00fclerimize. <br \/>Bili\u015fim sekt\u00f6r\u00fc ald\u0131 yolunu gidiyor. Ancak bu geni\u015fleme git gide baz\u0131 sekt\u00f6rlerin i\u00e7ine girmeye ba\u015flad\u0131. \u015eu aralar bu eri\u015fimi otomativ sekt\u00f6r\u00fcnde g\u00f6r\u00fcyorsun. Sizi tan\u0131yan, s\u00f6ylediklerinizi anlayan otomobiller arz\u0131 endan etmeye ba\u015flad\u0131&#8230;<br \/>\u0130lerde neler mi olacak? Bak\u0131n 10 y\u0131l sonra hangi \u015firket hangi i\u015f koluyla u\u011fra\u015facak&#8230;<br \/>1.Honda: Ki\u015fisel Jet sekt\u00f6r\u00fcn\u00fcn b\u00fcy\u00fck oyuncusu olacak. Hondan\u0131n \u00fcr\u00fcnleri yava\u015f yava\u015f piyasaya \u00e7\u0131kmaya ba\u015flad\u0131. Ho\u015f bu konuda Microsoft&#8217;un da beklentileri var ama ne \u00e7are at\u0131 alan \u00dcsk\u00fcdar&#8217;\u0131 ge\u00e7ti.<br \/>2.Microsoft: Honda&#8217;ya ki\u015fisel jet \u00fcretimini ka\u00e7\u0131ran Microsoft Asimo&#8217;ya ra\u011fmen robot i\u015fine girecek. Honda&#8217;n\u0131n elemanlar\u0131n\u0131 teker teker transfer edecek. Buradaki en b\u00fcy\u00fck avantajlar\u0131 User Interface olacak. Y\u0131llard\u0131r bu konuda \u00e7al\u0131\u015fmalar\u0131n\u0131n sonucunu alacaklar..<br \/>3 Google : \u0130\u015fte yaz\u0131l\u0131m ve i\u015fletim sistemi sekt\u00f6r\u00fcn\u00fcn yeni ve g\u00fc\u00e7l\u00fc y\u0131ld\u0131z\u0131. Microsoft Vista ile\u00a0 iyice g\u00fcc\u00fcn\u00fc kaybetti. Bu sekt\u00f6r\u00fcn yeni b\u00fcy\u00fck oyuncusu Google olacak. Bunu da a\u00e7\u0131k kaynak kodlar\u0131 ve al\u0131\u015fageldikleri \u00f6zg\u00fcrl\u00fck\u00e7\u00fc internet anlay\u0131\u015f\u0131 ile ger\u00e7ekle\u015ftirecekler.<br \/>4.Apple: Hardware ve consumer electronics&#8217;in kral\u0131 bundan sonra apple olacak.<br \/>5.Cisco: \u0130leti\u015fim sekt\u00f6r\u00fcn\u00fc Alcatel&#8217;in elinden alacaklar. VOIP, VOD, IPTV onlardan sorulur olacak. Bkz: Cinemanow, moviebeam, linksys ve yeni yak\u0131n al\u0131nan onlarca \u015firket&#8230;<br \/>6.Java: Logosunu de\u011fi\u015ftirecek. Hala kendini var etmeye \u00e7al\u0131\u015facak. Bence ellerinde bu kadar kahve logolu \u015fey varken kahve i\u015fine girseler daha do\u011fru bir karar olur.<\/p>\n<p>Yak\u0131n gelecek konusundaki d\u00fc\u015f\u00fcncelerime gelince:<\/p>\n<p>. Microsoft, facebook avantaj\u0131n\u0131 kullanamayacak. Y\u0131llard\u0131r u\u011fra\u015f\u0131p bir t\u00fcrl\u00fc beceremedikleri widget i\u015f\u015fini google, apple hatta yahoo&#8217;ya bile kapt\u0131racaklar.<br \/>. Daha detay gerekirse widget&#8217;lar\u0131 d acompile etmeye \u00e7al\u0131\u015facaklar. Facebook&#8217;un applicationlar\u0131n\u0131n da sonunu getirecekler.<\/p>\n","protected":false},"excerpt":{"rendered":"<p>Efendim malum i\u015fimiz futurizm. Bakal\u0131m \u00f6ng\u00f6r\u00fclerimiz olu\u015facak m\u0131? Yolsa bu sefer karizmay\u0131 \u00e7izdirecek miyiz? Yenilmezli\u011fe g\u00f6lge gelmemesini umut ederek, ba\u015fl\u0131yoruz \u00f6ng\u00f6r\u00fclerimize. Bili\u015fim sekt\u00f6r\u00fc ald\u0131 yolunu gidiyor. Ancak bu geni\u015fleme git gide baz\u0131 sekt\u00f6rlerin i\u00e7ine girmeye&#8230;<\/p>\n","protected":false},"author":2,"featured_media":0,"comment_status":"open","ping_status":"open","sticky":false,"template":"","format":"standard","meta":{"footnotes":""},"categories":[3],"tags":[],"class_list":["post-650","post","type-post","status-publish","format-standard","hentry","category-blogum"],"yoast_head":"<!-- This site is optimized with the Yoast SEO plugin v26.8 - https:\/\/yoast.com\/product\/yoast-seo-wordpress\/ -->\n<title>10 y\u0131l sonra bili\u015fim sekt\u00f6r\u00fcn\u00fcn oyuncular\u0131 neyle u\u011fra\u015facak? - At\u0131f \u00dcnald\u0131<\/title>\n<meta name=\"robots\" content=\"index, follow, max-snippet:-1, max-image-preview:large, max-video-preview:-1\" \/>\n<link rel=\"canonical\" href=\"http:\/\/atif.unaldi.org\/blog\/2007\/11\/22\/10-yil-sonra-bilisim-sektorunun-oyunculari-neyle-ugrasacak\/\" \/>\n<meta property=\"og:locale\" content=\"tr_TR\" \/>\n<meta property=\"og:type\" content=\"article\" \/>\n<meta property=\"og:title\" content=\"10 y\u0131l sonra bili\u015fim sekt\u00f6r\u00fcn\u00fcn oyuncular\u0131 neyle u\u011fra\u015facak? - At\u0131f \u00dcnald\u0131\" \/>\n<meta property=\"og:description\" content=\"Efendim malum i\u015fimiz futurizm. Bakal\u0131m \u00f6ng\u00f6r\u00fclerimiz olu\u015facak m\u0131? Yolsa bu sefer karizmay\u0131 \u00e7izdirecek miyiz? Yenilmezli\u011fe g\u00f6lge gelmemesini umut ederek, ba\u015fl\u0131yoruz \u00f6ng\u00f6r\u00fclerimize. Bili\u015fim sekt\u00f6r\u00fc ald\u0131 yolunu gidiyor. Ancak bu geni\u015fleme git gide baz\u0131 sekt\u00f6rlerin i\u00e7ine girmeye...\" \/>\n<meta property=\"og:url\" content=\"http:\/\/atif.unaldi.org\/blog\/2007\/11\/22\/10-yil-sonra-bilisim-sektorunun-oyunculari-neyle-ugrasacak\/\" \/>\n<meta property=\"og:site_name\" content=\"At\u0131f \u00dcnald\u0131\" \/>\n<meta property=\"article:publisher\" content=\"https:\/\/www.facebook.com\/atifunaldi\" \/>\n<meta property=\"article:author\" content=\"https:\/\/www.facebook.com\/atifunaldi\" \/>\n<meta property=\"article:published_time\" content=\"2007-11-22T00:00:00+00:00\" \/>\n<meta name=\"author\" content=\"Atif Unaldi\" \/>\n<meta name=\"twitter:card\" content=\"summary_large_image\" \/>\n<meta name=\"twitter:creator\" content=\"@https:\/\/twitter.com\/atifunaldi\" \/>\n<meta name=\"twitter:site\" content=\"@atifunaldi\" \/>\n<meta name=\"twitter:label1\" content=\"Yazan:\" \/>\n\t<meta name=\"twitter:data1\" content=\"Atif Unaldi\" \/>\n\t<meta name=\"twitter:label2\" content=\"Tahmini okuma s\u00fcresi\" \/>\n\t<meta name=\"twitter:data2\" content=\"2 dakika\" \/>\n<script type=\"application\/ld+json\" class=\"yoast-schema-graph\">{\"@context\":\"https:\/\/schema.org\",\"@graph\":[{\"@type\":\"Article\",\"@id\":\"http:\/\/atif.unaldi.org\/blog\/2007\/11\/22\/10-yil-sonra-bilisim-sektorunun-oyunculari-neyle-ugrasacak\/#article\",\"isPartOf\":{\"@id\":\"http:\/\/atif.unaldi.org\/blog\/2007\/11\/22\/10-yil-sonra-bilisim-sektorunun-oyunculari-neyle-ugrasacak\/\"},\"author\":{\"name\":\"Atif Unaldi\",\"@id\":\"http:\/\/atif.unaldi.org\/blog\/#\/schema\/person\/608ed42ecbda2bc5cfdb767ac1db479b\"},\"headline\":\"10 y\u0131l sonra bili\u015fim sekt\u00f6r\u00fcn\u00fcn oyuncular\u0131 neyle u\u011fra\u015facak?\",\"datePublished\":\"2007-11-22T00:00:00+00:00\",\"mainEntityOfPage\":{\"@id\":\"http:\/\/atif.unaldi.org\/blog\/2007\/11\/22\/10-yil-sonra-bilisim-sektorunun-oyunculari-neyle-ugrasacak\/\"},\"wordCount\":362,\"commentCount\":0,\"publisher\":{\"@id\":\"http:\/\/atif.unaldi.org\/blog\/#\/schema\/person\/608ed42ecbda2bc5cfdb767ac1db479b\"},\"articleSection\":[\"Blogum\"],\"inLanguage\":\"tr\",\"potentialAction\":[{\"@type\":\"CommentAction\",\"name\":\"Comment\",\"target\":[\"http:\/\/atif.unaldi.org\/blog\/2007\/11\/22\/10-yil-sonra-bilisim-sektorunun-oyunculari-neyle-ugrasacak\/#respond\"]}]},{\"@type\":\"WebPage\",\"@id\":\"http:\/\/atif.unaldi.org\/blog\/2007\/11\/22\/10-yil-sonra-bilisim-sektorunun-oyunculari-neyle-ugrasacak\/\",\"url\":\"http:\/\/atif.unaldi.org\/blog\/2007\/11\/22\/10-yil-sonra-bilisim-sektorunun-oyunculari-neyle-ugrasacak\/\",\"name\":\"10 y\u0131l sonra bili\u015fim sekt\u00f6r\u00fcn\u00fcn oyuncular\u0131 neyle u\u011fra\u015facak? - At\u0131f \u00dcnald\u0131\",\"isPartOf\":{\"@id\":\"http:\/\/atif.unaldi.org\/blog\/#website\"},\"datePublished\":\"2007-11-22T00:00:00+00:00\",\"breadcrumb\":{\"@id\":\"http:\/\/atif.unaldi.org\/blog\/2007\/11\/22\/10-yil-sonra-bilisim-sektorunun-oyunculari-neyle-ugrasacak\/#breadcrumb\"},\"inLanguage\":\"tr\",\"potentialAction\":[{\"@type\":\"ReadAction\",\"target\":[\"http:\/\/atif.unaldi.org\/blog\/2007\/11\/22\/10-yil-sonra-bilisim-sektorunun-oyunculari-neyle-ugrasacak\/\"]}]},{\"@type\":\"BreadcrumbList\",\"@id\":\"http:\/\/atif.unaldi.org\/blog\/2007\/11\/22\/10-yil-sonra-bilisim-sektorunun-oyunculari-neyle-ugrasacak\/#breadcrumb\",\"itemListElement\":[{\"@type\":\"ListItem\",\"position\":1,\"name\":\"Anasayfa\",\"item\":\"http:\/\/atif.unaldi.org\/blog\/\"},{\"@type\":\"ListItem\",\"position\":2,\"name\":\"10 y\u0131l sonra bili\u015fim sekt\u00f6r\u00fcn\u00fcn oyuncular\u0131 neyle u\u011fra\u015facak?\"}]},{\"@type\":\"WebSite\",\"@id\":\"http:\/\/atif.unaldi.org\/blog\/#website\",\"url\":\"http:\/\/atif.unaldi.org\/blog\/\",\"name\":\"At\u0131f \u00dcnald\u0131\",\"description\":\"Yazar\",\"publisher\":{\"@id\":\"http:\/\/atif.unaldi.org\/blog\/#\/schema\/person\/608ed42ecbda2bc5cfdb767ac1db479b\"},\"alternateName\":\"At\u0131f \u00dcnald\u0131 Blog\",\"potentialAction\":[{\"@type\":\"SearchAction\",\"target\":{\"@type\":\"EntryPoint\",\"urlTemplate\":\"http:\/\/atif.unaldi.org\/blog\/?s={search_term_string}\"},\"query-input\":{\"@type\":\"PropertyValueSpecification\",\"valueRequired\":true,\"valueName\":\"search_term_string\"}}],\"inLanguage\":\"tr\"},{\"@type\":[\"Person\",\"Organization\"],\"@id\":\"http:\/\/atif.unaldi.org\/blog\/#\/schema\/person\/608ed42ecbda2bc5cfdb767ac1db479b\",\"name\":\"Atif Unaldi\",\"image\":{\"@type\":\"ImageObject\",\"inLanguage\":\"tr\",\"@id\":\"http:\/\/atif.unaldi.org\/blog\/#\/schema\/person\/image\/\",\"url\":\"http:\/\/atif.unaldi.org\/blog\/wp-content\/uploads\/2022\/10\/cropped-a94e8f7a-67c4-4d65-8a5f-032ba784be53-2.jpg\",\"contentUrl\":\"http:\/\/atif.unaldi.org\/blog\/wp-content\/uploads\/2022\/10\/cropped-a94e8f7a-67c4-4d65-8a5f-032ba784be53-2.jpg\",\"width\":512,\"height\":512,\"caption\":\"Atif Unaldi\"},\"logo\":{\"@id\":\"http:\/\/atif.unaldi.org\/blog\/#\/schema\/person\/image\/\"},\"description\":\"Bo\u011fazi\u00e7i \u00dcniversitesinde Fizik B\u00f6l\u00fcm\u00fc\u2019nde e\u011fitim ald\u0131\u011f\u0131 y\u0131llarda T\u00fcrkiye\u2019de ilk kez iki bilgisayar\u0131 telefon hatlar\u0131 \u00fczerinden konu\u015fturan BBS sistemini kurarak, T\u00fcrkiye\u2019deki ilk internet a\u011f\u0131n\u0131 olu\u015fturmu\u015ftur. Bir \u00e7ok radyo ve televizyonda program yap\u0131mc\u0131l\u0131\u011f\u0131 ve sunuculu\u011funu, bir \u00e7ok teknoloji dergisinde k\u00f6\u015fe yazarl\u0131\u011f\u0131, bili\u015fim edit\u00f6rl\u00fc\u011f\u00fc ve genel yay\u0131n y\u00f6netmenli\u011fi yapt\u0131. T\u00fcrkiye\u2019deki ilk internet servis sa\u011flay\u0131c\u0131s\u0131n\u0131n genel m\u00fcd\u00fcrl\u00fc\u011f\u00fcn\u00fc \u00fcstlendi. Bir \u00e7ok organizasyon ve kurulu\u015fta internet s\u00fcperviz\u00f6rl\u00fc\u011f\u00fc , webmaster\u2019l\u0131\u011f\u0131 , IT direkt\u00f6rl\u00fc\u011f\u00fc ve dijital projeler koordinat\u00f6rl\u00fc\u011f\u00fc g\u00f6revlerinde bulundu. Farkl\u0131 \u00fcniversitelerin farkl\u0131 fak\u00fcltelerinde \u00f6\u011fretim g\u00f6revlisi olarak bulunmu\u015f olan \u00dcnald\u0131; \u015fu an teknoloji ve pazarlama konular\u0131 ba\u015fta olmak \u00fczere bir\u00e7ok alanda hizmet veren Unaldi Consultancy\u2019nin kurucusudur. \\u2028Selin \u00dcnald\u0131 ile evlidir. Su ve Toprak isminde iki \u00e7ocu\u011fu vard\u0131r.\",\"sameAs\":[\"http:\/\/atif.unaldi.org\/blog\",\"https:\/\/www.facebook.com\/atifunaldi\",\"https:\/\/www.instagram.com\/atifunaldi\/\",\"https:\/\/www.linkedin.com\/in\/atifunaldi\",\"https:\/\/x.com\/https:\/\/twitter.com\/atifunaldi\",\"https:\/\/www.youtube.com\/c\/atifunaldi\",\"https:\/\/soundcloud.com\/atif-unaldi\",\"https:\/\/atifunaldi.tumblr.com\"],\"url\":\"http:\/\/atif.unaldi.org\/blog\/author\/atifunaldi\/\"}]}<\/script>\n<!-- \/ Yoast SEO plugin. -->","yoast_head_json":{"title":"10 y\u0131l sonra bili\u015fim sekt\u00f6r\u00fcn\u00fcn oyuncular\u0131 neyle u\u011fra\u015facak? - At\u0131f \u00dcnald\u0131","robots":{"index":"index","follow":"follow","max-snippet":"max-snippet:-1","max-image-preview":"max-image-preview:large","max-video-preview":"max-video-preview:-1"},"canonical":"http:\/\/atif.unaldi.org\/blog\/2007\/11\/22\/10-yil-sonra-bilisim-sektorunun-oyunculari-neyle-ugrasacak\/","og_locale":"tr_TR","og_type":"article","og_title":"10 y\u0131l sonra bili\u015fim sekt\u00f6r\u00fcn\u00fcn oyuncular\u0131 neyle u\u011fra\u015facak? - At\u0131f \u00dcnald\u0131","og_description":"Efendim malum i\u015fimiz futurizm. Bakal\u0131m \u00f6ng\u00f6r\u00fclerimiz olu\u015facak m\u0131? Yolsa bu sefer karizmay\u0131 \u00e7izdirecek miyiz? Yenilmezli\u011fe g\u00f6lge gelmemesini umut ederek, ba\u015fl\u0131yoruz \u00f6ng\u00f6r\u00fclerimize. Bili\u015fim sekt\u00f6r\u00fc ald\u0131 yolunu gidiyor. Ancak bu geni\u015fleme git gide baz\u0131 sekt\u00f6rlerin i\u00e7ine girmeye...","og_url":"http:\/\/atif.unaldi.org\/blog\/2007\/11\/22\/10-yil-sonra-bilisim-sektorunun-oyunculari-neyle-ugrasacak\/","og_site_name":"At\u0131f \u00dcnald\u0131","article_publisher":"https:\/\/www.facebook.com\/atifunaldi","article_author":"https:\/\/www.facebook.com\/atifunaldi","article_published_time":"2007-11-22T00:00:00+00:00","author":"Atif Unaldi","twitter_card":"summary_large_image","twitter_creator":"@https:\/\/twitter.com\/atifunaldi","twitter_site":"@atifunaldi","twitter_misc":{"Yazan:":"Atif Unaldi","Tahmini okuma s\u00fcresi":"2 dakika"},"schema":{"@context":"https:\/\/schema.org","@graph":[{"@type":"Article","@id":"http:\/\/atif.unaldi.org\/blog\/2007\/11\/22\/10-yil-sonra-bilisim-sektorunun-oyunculari-neyle-ugrasacak\/#article","isPartOf":{"@id":"http:\/\/atif.unaldi.org\/blog\/2007\/11\/22\/10-yil-sonra-bilisim-sektorunun-oyunculari-neyle-ugrasacak\/"},"author":{"name":"Atif Unaldi","@id":"http:\/\/atif.unaldi.org\/blog\/#\/schema\/person\/608ed42ecbda2bc5cfdb767ac1db479b"},"headline":"10 y\u0131l sonra bili\u015fim sekt\u00f6r\u00fcn\u00fcn oyuncular\u0131 neyle u\u011fra\u015facak?","datePublished":"2007-11-22T00:00:00+00:00","mainEntityOfPage":{"@id":"http:\/\/atif.unaldi.org\/blog\/2007\/11\/22\/10-yil-sonra-bilisim-sektorunun-oyunculari-neyle-ugrasacak\/"},"wordCount":362,"commentCount":0,"publisher":{"@id":"http:\/\/atif.unaldi.org\/blog\/#\/schema\/person\/608ed42ecbda2bc5cfdb767ac1db479b"},"articleSection":["Blogum"],"inLanguage":"tr","potentialAction":[{"@type":"CommentAction","name":"Comment","target":["http:\/\/atif.unaldi.org\/blog\/2007\/11\/22\/10-yil-sonra-bilisim-sektorunun-oyunculari-neyle-ugrasacak\/#respond"]}]},{"@type":"WebPage","@id":"http:\/\/atif.unaldi.org\/blog\/2007\/11\/22\/10-yil-sonra-bilisim-sektorunun-oyunculari-neyle-ugrasacak\/","url":"http:\/\/atif.unaldi.org\/blog\/2007\/11\/22\/10-yil-sonra-bilisim-sektorunun-oyunculari-neyle-ugrasacak\/","name":"10 y\u0131l sonra bili\u015fim sekt\u00f6r\u00fcn\u00fcn oyuncular\u0131 neyle u\u011fra\u015facak? - At\u0131f \u00dcnald\u0131","isPartOf":{"@id":"http:\/\/atif.unaldi.org\/blog\/#website"},"datePublished":"2007-11-22T00:00:00+00:00","breadcrumb":{"@id":"http:\/\/atif.unaldi.org\/blog\/2007\/11\/22\/10-yil-sonra-bilisim-sektorunun-oyunculari-neyle-ugrasacak\/#breadcrumb"},"inLanguage":"tr","potentialAction":[{"@type":"ReadAction","target":["http:\/\/atif.unaldi.org\/blog\/2007\/11\/22\/10-yil-sonra-bilisim-sektorunun-oyunculari-neyle-ugrasacak\/"]}]},{"@type":"BreadcrumbList","@id":"http:\/\/atif.unaldi.org\/blog\/2007\/11\/22\/10-yil-sonra-bilisim-sektorunun-oyunculari-neyle-ugrasacak\/#breadcrumb","itemListElement":[{"@type":"ListItem","position":1,"name":"Anasayfa","item":"http:\/\/atif.unaldi.org\/blog\/"},{"@type":"ListItem","position":2,"name":"10 y\u0131l sonra bili\u015fim sekt\u00f6r\u00fcn\u00fcn oyuncular\u0131 neyle u\u011fra\u015facak?"}]},{"@type":"WebSite","@id":"http:\/\/atif.unaldi.org\/blog\/#website","url":"http:\/\/atif.unaldi.org\/blog\/","name":"At\u0131f \u00dcnald\u0131","description":"Yazar","publisher":{"@id":"http:\/\/atif.unaldi.org\/blog\/#\/schema\/person\/608ed42ecbda2bc5cfdb767ac1db479b"},"alternateName":"At\u0131f \u00dcnald\u0131 Blog","potentialAction":[{"@type":"SearchAction","target":{"@type":"EntryPoint","urlTemplate":"http:\/\/atif.unaldi.org\/blog\/?s={search_term_string}"},"query-input":{"@type":"PropertyValueSpecification","valueRequired":true,"valueName":"search_term_string"}}],"inLanguage":"tr"},{"@type":["Person","Organization"],"@id":"http:\/\/atif.unaldi.org\/blog\/#\/schema\/person\/608ed42ecbda2bc5cfdb767ac1db479b","name":"Atif Unaldi","image":{"@type":"ImageObject","inLanguage":"tr","@id":"http:\/\/atif.unaldi.org\/blog\/#\/schema\/person\/image\/","url":"http:\/\/atif.unaldi.org\/blog\/wp-content\/uploads\/2022\/10\/cropped-a94e8f7a-67c4-4d65-8a5f-032ba784be53-2.jpg","contentUrl":"http:\/\/atif.unaldi.org\/blog\/wp-content\/uploads\/2022\/10\/cropped-a94e8f7a-67c4-4d65-8a5f-032ba784be53-2.jpg","width":512,"height":512,"caption":"Atif Unaldi"},"logo":{"@id":"http:\/\/atif.unaldi.org\/blog\/#\/schema\/person\/image\/"},"description":"Bo\u011fazi\u00e7i \u00dcniversitesinde Fizik B\u00f6l\u00fcm\u00fc\u2019nde e\u011fitim ald\u0131\u011f\u0131 y\u0131llarda T\u00fcrkiye\u2019de ilk kez iki bilgisayar\u0131 telefon hatlar\u0131 \u00fczerinden konu\u015fturan BBS sistemini kurarak, T\u00fcrkiye\u2019deki ilk internet a\u011f\u0131n\u0131 olu\u015fturmu\u015ftur. Bir \u00e7ok radyo ve televizyonda program yap\u0131mc\u0131l\u0131\u011f\u0131 ve sunuculu\u011funu, bir \u00e7ok teknoloji dergisinde k\u00f6\u015fe yazarl\u0131\u011f\u0131, bili\u015fim edit\u00f6rl\u00fc\u011f\u00fc ve genel yay\u0131n y\u00f6netmenli\u011fi yapt\u0131. T\u00fcrkiye\u2019deki ilk internet servis sa\u011flay\u0131c\u0131s\u0131n\u0131n genel m\u00fcd\u00fcrl\u00fc\u011f\u00fcn\u00fc \u00fcstlendi. Bir \u00e7ok organizasyon ve kurulu\u015fta internet s\u00fcperviz\u00f6rl\u00fc\u011f\u00fc , webmaster\u2019l\u0131\u011f\u0131 , IT direkt\u00f6rl\u00fc\u011f\u00fc ve dijital projeler koordinat\u00f6rl\u00fc\u011f\u00fc g\u00f6revlerinde bulundu. Farkl\u0131 \u00fcniversitelerin farkl\u0131 fak\u00fcltelerinde \u00f6\u011fretim g\u00f6revlisi olarak bulunmu\u015f olan \u00dcnald\u0131; \u015fu an teknoloji ve pazarlama konular\u0131 ba\u015fta olmak \u00fczere bir\u00e7ok alanda hizmet veren Unaldi Consultancy\u2019nin kurucusudur. \u2028Selin \u00dcnald\u0131 ile evlidir. Su ve Toprak isminde iki \u00e7ocu\u011fu vard\u0131r.","sameAs":["http:\/\/atif.unaldi.org\/blog","https:\/\/www.facebook.com\/atifunaldi","https:\/\/www.instagram.com\/atifunaldi\/","https:\/\/www.linkedin.com\/in\/atifunaldi","https:\/\/x.com\/https:\/\/twitter.com\/atifunaldi","https:\/\/www.youtube.com\/c\/atifunaldi","https:\/\/soundcloud.com\/atif-unaldi","https:\/\/atifunaldi.tumblr.com"],"url":"http:\/\/atif.unaldi.org\/blog\/author\/atifunaldi\/"}]}},"jetpack_featured_media_url":"","_links":{"self":[{"href":"http:\/\/atif.unaldi.org\/blog\/wp-json\/wp\/v2\/posts\/650","targetHints":{"allow":["GET"]}}],"collection":[{"href":"http:\/\/atif.unaldi.org\/blog\/wp-json\/wp\/v2\/posts"}],"about":[{"href":"http:\/\/atif.unaldi.org\/blog\/wp-json\/wp\/v2\/types\/post"}],"author":[{"embeddable":true,"href":"http:\/\/atif.unaldi.org\/blog\/wp-json\/wp\/v2\/users\/2"}],"replies":[{"embeddable":true,"href":"http:\/\/atif.unaldi.org\/blog\/wp-json\/wp\/v2\/comments?post=650"}],"version-history":[{"count":0,"href":"http:\/\/atif.unaldi.org\/blog\/wp-json\/wp\/v2\/posts\/650\/revisions"}],"wp:attachment":[{"href":"http:\/\/atif.unaldi.org\/blog\/wp-json\/wp\/v2\/media?parent=650"}],"wp:term":[{"taxonomy":"category","embeddable":true,"href":"http:\/\/atif.unaldi.org\/blog\/wp-json\/wp\/v2\/categories?post=650"},{"taxonomy":"post_tag","embeddable":true,"href":"http:\/\/atif.unaldi.org\/blog\/wp-json\/wp\/v2\/tags?post=650"}],"curies":[{"name":"wp","href":"https:\/\/api.w.org\/{rel}","templated":true}]}}