{"id":651,"date":"2007-11-23T02:00:00","date_gmt":"2007-11-23T00:00:00","guid":{"rendered":"http:\/\/85.17.200.84\/~unaldi\/atif\/?p=651"},"modified":"2007-11-23T02:00:00","modified_gmt":"2007-11-23T00:00:00","slug":"internet-yasasi-hakkindaki-goruslerim","status":"publish","type":"post","link":"http:\/\/atif.unaldi.org\/blog\/2007\/11\/23\/internet-yasasi-hakkindaki-goruslerim\/","title":{"rendered":"\u0130nternet Yasas\u0131 hakk\u0131ndaki g\u00f6r\u00fc\u015flerim"},"content":{"rendered":"<p><span class=\"nfakPe\">Osman<\/span> Bey;<\/p>\n<p>\u00d6ncelikle son derece hassas bir yasan\u0131n uygulanmas\u0131 noktas\u0131nda biz fikir<br \/>\u00f6nderlerinin yorumlar\u0131n\u0131 \u00f6nemsedi\u011finiz i\u00e7in te\u015fekk\u00fcr ederim.<br \/>\u015e\u00fcphesiz 91 y\u0131l\u0131ndan beri <span class=\"nfakPe\">internet<\/span> d\u00fcnyas\u0131n\u0131n i\u00e7inde bulunan biri olarak<br \/>pratik ve teorinin aras\u0131ndaki \u00e7ak\u0131\u015fmalarla \u00e7ok cebelle\u015ftik. Dolay\u0131s\u0131 ile<br \/>kan\u0131unun uygulanmas\u0131 a\u015famas\u0131nda do\u011fabilecek sorunlar\u0131 tahmin edebiliyoruz.<br \/>Kanunu inceledi\u011fimde T.C. kanunlar\u0131n\u0131n hepsinde oldu\u011fu gibi olduk\u00e7a iyi<br \/>planlanm\u0131\u015f oldu\u011funu rahatl\u0131kla g\u00f6rebiliyoruz. Ancak iki konuya dikkatinizi<br \/>\u00e7ekmek isterim.<br \/>Birincisi konjonkt\u00fcrel baz\u0131 kararlar\u0131n oldu\u011funu g\u00f6r\u00fcyoruz. Yani <span class=\"nfakPe\">internet<\/span> ve<br \/>\u00f6zellikle d\u00fcnya g\u00fcndeminin devinimi ile k\u0131sa zamanda ya\u015flanacak ve anlams\u0131z<br \/>ve ters g\u00f6r\u00fcnebilecek bir iki maddenin varl\u0131\u011f\u0131 \u00f6zellikle dikkatimi \u00e7ekti.<br \/>Bunlar\u0131n en ba\u015fta geleni telif yasalar\u0131d\u0131r. Telif yasalar\u0131 asl\u0131nda sadece<br \/>hukuki bir hak meselesi olmaktan \u00e7ok ticari faaliyetlerini geri<br \/>bildirimleri ile d\u00fczenlenen bir yap\u0131d\u0131r. Telif yasalar\u0131n\u0131n son d\u00f6nemlerde<br \/>en \u00e7ok uygulandu\u0131\u011f\u0131 alanlar\u0131n ba\u015f\u0131nda gelen m\u00fczik sekt\u00f6r\u00fc bu devinimin<br \/>i\u00e7inde kazan\u00e7 yap\u0131lar\u0131n\u0131 ve ticari uygulamalar\u0131\u0131 telif sorunlar\u0131n\u0131 \u00f6nemsiz<br \/>hale getirecek \u015fekilde yeniden d\u00fczenlemektedir. Bu yeni yap\u0131lanma telif<br \/>yasalar\u0131n\u0131n bir sorun oldu\u011fu bir\u00e7ok sekt\u00f6r i\u00e7in ge\u00e7erlidir.<br \/>\u0130kincisi ise; kararlar\u0131nda inisiyatif bo\u015fluklar\u0131 b\u0131rak\u0131lan kanunlard\u0131r. Bu<br \/>tip kanunlar\u0131n uygulanmas\u0131nda inisiyatif sahibinin bilgi birikimi ve<br \/>olaylara bak\u0131\u015f a\u015famas\u0131 bu tip kanunlar\u0131n bir s\u00fcre sonra do\u011fru \u015fekilde<br \/>uygulanmas\u0131 konusunda sorunlar yaratabilecek, su\u00e7suz insanlar\u0131 kanunlar<br \/>kar\u015f\u0131s\u0131nda sorumlu duruma getirebilecektir.<br \/>Bu bilgiler \u0131\u015f\u0131\u011f\u0131nda kanunlar\u0131 uygularken \u00f6zellikle d\u00fcnyadaki geli\u015fmeleri<br \/>de g\u00f6z \u00f6n\u00fcne alarak y\u00f6netmelikleri dinamik d\u00fczenlemelerle genel d\u00fcnya<br \/>g\u00fcndemine yak\u0131nla\u015ft\u0131rmak takidiri \u015fayand\u0131r.<\/p>\n<p>Daha \u00f6nce de bahsetti\u011fim gibi kanunda \u015fu an <span class=\"nfakPe\">internet<\/span> g\u00fcndeminin tak\u0131ld\u0131\u011f\u0131<br \/>sorunlar konusunda son derece net ve etkin \u00e7\u00f6z\u00fcmler \u00f6ng\u00f6r\u00fclm\u00fc\u015f olup.<br \/>Uygulama a\u015famas\u0131nda i\u015fleyi\u015fi kolayla\u015ft\u0131racak \u00f6nerilerim sorular\u0131n\u0131zla<br \/>birlikte a\u015fa\u011f\u0131da iletilmi\u015ftir.<\/p>\n<p>1- Eri\u015fim sa\u011flay\u0131c\u0131lar\u0131n y\u00fck\u00fcml\u00fcl\u00fckleri neler olmal\u0131d\u0131r?<\/p>\n<p>Kanunda da a\u00e7\u0131k \u015fekilde belirtildi\u011fi \u00fczere eri\u015fim sa\u011flay\u0131c\u0131lar, eri\u015fim<br \/>sa\u011flama hizmeti verdikleri ki\u015filere yada abonelerine verdi\u011fi hizmetlerin<br \/>trafik bilgilerini tutmak zorundad\u0131r. Ancak tabii ki ki\u015finin ki\u015fiye ve<br \/>kuruma i\u015fleyebilece\u011fi su\u00e7lar nedeni ile ayn\u0131 zamanda eri\u015fimi sa\u011flad\u0131\u011f\u0131<br \/>ki\u015finin faaliyetlerinide log dosyalar\u0131 ile tutmak mecburiyeti bulunmal\u0131d\u0131r.<br \/>Bu log dosyalar\u0131 text oldu\u011fu i\u00e7in tutulma s\u00fcrecinin z veya \u00e7ok olmas\u0131<br \/>kurumun faaliyetlerini etkilemez. Ancak tutulan bilginin i\u00e7indeki \u00f6zellikle<br \/>kimin hangi hizmetten faydaland\u0131\u011f\u0131 ve daha \u00f6nemlisi saat ve g\u00fcn gibi<br \/>bilgilerin ger\u00e7e\u011fi yans\u0131tmas\u0131 daha \u00f6nemlidir. Bu nedenle kurumun log<br \/>dosyalar\u0131n\u0131 d\u00fczenledi\u011fi sunucular \u00fczerindeki saat bilgilerini belli<br \/>s\u00fcrelerde atomik saat ile senkronize etmesi, etmemesi halinde bunun bir<br \/>ihmal say\u0131lmas\u0131 \u00f6nemlidir.<\/p>\n<p>2- Eri\u015fim sa\u011flay\u0131c\u0131 trafik bilgileri neleri kapsamal\u0131d\u0131r. Bu bilgiler ne<br \/>kadar s\u00fcre muhafaz edilmelidir?<\/p>\n<p>\u00dclkemizdeki <span class=\"nfakPe\">internet<\/span> kullan\u0131c\u0131s\u0131 say\u0131s\u0131 bu kadar azken ki\u015filerin <span class=\"nfakPe\">internet<\/span><br \/>\u00fczerinde g\u00fczenliklerini ve kimliklerini belirten bilgileri bulunduran bir<br \/>aggregation merkezinin bulunmas\u0131 asl\u0131nda \u00e7ok g\u00fczel olurdu. Bu \u00f6zellikle<br \/>interneti bir sanal mecra yanl\u0131\u015f bildirimi ile tan\u0131mlay\u0131p, buradaki su\u00e7lar\u0131<br \/>su\u00e7 kapsam\u0131nda g\u00f6rmeyen cahil zihniyetinde sonu olurdu.<br \/>Ancak bu yap\u0131lamasa bile eri\u015fim sa\u011flay\u0131c\u0131lar\u0131n kime eri\u015fim verdiklerini<br \/>vatanda\u015fl\u0131k numaras\u0131 ile e\u015fle\u015ftirmeleri e-devlet projelerinin uygulanmas\u0131<br \/>ve kullan\u0131c\u0131 bilgisi ve \u015fifre gerektiren ve sitelerde otantikasyon sorununa<br \/>da \u00e7\u00f6z\u00fcm olabilece\u011finden \u00f6nemlidir. Ancak bu bilgileri almak ve gere\u011fini<br \/>yapmak yasaklamalarla de\u011fil, te\u015fvikle ger\u00e7ekle\u015fmelidir. Zaten otantikasyon<br \/>sorunu sadece T\u00fcrkiye&#8217;nin de\u011fil b\u00fct\u00fcn d\u00fcnyan\u0131n sorunudur ve bu konuda<br \/><span class=\"nfakPe\">internet<\/span> society(Genel Merkez)&#8217;nin alaca\u011f\u0131 kararlar\u0131n y\u00f6netmelilerle<br \/>e\u015fle\u015ftirilmesinin belli aral\u0131klarla yap\u0131lmal\u0131d\u0131r.<br \/>Bu minvalde eri\u015fim sa\u011flay\u0131c\u0131lar\u0131n\u0131n \u00f6zellile vatanda\u015fl\u0131k numaras\u0131 ip<br \/>yap\u0131lan faaliyet ve do\u011fru saat bilgileri almas\u0131 yeterli olacakt\u0131r.<br \/>Bu faaliyette vatanda\u015fl\u0131k numaralar\u0131n\u0131n te\u015fvikle al\u0131nabilmesi i\u00e7in<br \/>\u00f6zellikle b\u00fcy\u00fck eri\u015fim sa\u011flay\u0131c\u0131lar\u0131n\u0131 belli intrenet kullan\u0131m kredileri<br \/>vermeleri, ki\u015fiye <span class=\"nfakPe\">internet<\/span> vatanda\u015fl\u0131k numaras\u0131n\u0131n da bulundu\u011fu ve hem<br \/>sanal hem ger\u00e7ek d\u00fcnyada resmi kimlik belgesi olabilecek <span class=\"nfakPe\">internet<\/span> kullan\u0131m<br \/>lisanslar\u0131 (ehliyetleri) \u00e7\u0131kar\u0131lmas\u0131 do\u011fru olabilir.<\/p>\n<p>3- Eri\u015fim engelleme i\u015flemleri teknik olarak nas\u0131l yap\u0131labilir?<\/p>\n<p>Eri\u015fim engellemeleri b\u015fl\u0131 ba\u015f\u0131na bir sorundur. Asl\u0131nda sorunun kayna\u011f\u0131<br \/>do\u011fal d\u00fcnyam\u0131zda su\u00e7un olu\u015ftu\u011fu ortamlara gidi\u015fi de\u011fil direk i\u00e7eri\u011fin<br \/>sahibini yakalamak yolu ile \u00e7\u00f6z\u00fcmler bulunmas\u0131 ancak burada bazen su\u00e7u<br \/>i\u015fleyenin TC yasalar\u0131 kapsam\u0131nda bulunmas\u0131 ve ula\u015f\u0131lama olmas\u0131d\u0131r.<br \/>Bu nedenle eri\u015fimin engell\u015fenmesi konusunu i\u00e7ime sindirememi\u015f olmama ra\u011fmen<br \/>daha iyi bir \u00e7\u00f6z\u00fcm\u00fcn \u00f6zellikle \u015fu a\u015famada bulunamayaca\u011f\u0131n\u0131 varsayarak bu<br \/>konudaki \u00f6nerilerimi iletiyorum. Ancak bu konudaki muhalefet \u015ferhimini de<br \/>sakl\u0131 kalmas\u0131n\u0131 rica ediyorum.<br \/>\u00d6ncelikle yurt d\u0131\u015f\u0131nda bile bulunsa hi\u00e7bir yer sa\u011flay\u0131c\u0131 kurum ticari<br \/>faaliyetlerinin i\u00e7ine ideolojik ve baz\u0131 \u00fclklerin su\u00e7 sayd\u0131\u011f\u0131 faaliyetler<br \/>bulundurmak istemez. Ne ama\u00e7la olursa olsun buna yeltenen her kurumun<br \/>\u00fczerinde buna hay\u0131r dyecek bir kurum mutlaka vard\u0131r. bu nedenle \u00f6zellikle<br \/>i\u00e7erikle sava\u015facak ve devletin hangi i\u00e7erikleri benimsemedi\u011fini \u00a0gerekli<br \/>kuruma bildirecek bir yap\u0131n\u0131n mutlaka kurulmas\u0131 gerekmektedir.<br \/>Bunun d\u0131\u015f\u0131nda kullan\u0131lacak en iyi y\u00f6ntem routerlar \u00fczerinde \u00f6zellikle belli<br \/>yerlerden gelen i\u00e7eri\u011fin ip baz\u0131nda kaat\u0131lmas\u0131d\u0131r. Ge\u00e7en zamanda dns<br \/>yasaklamalar\u0131n\u0131n bir sonu\u00e7 vermedi\u011fi g\u00f6r\u00fclm\u00fc\u015ft\u00fcr.<br \/>\u0130\u00e7eri\u011fi kontrol edip onun \u00fcljke i\u00e7inde dola\u015fmas\u0131n\u0131 i\u00e7eri\u011fin dijital imzas\u0131<br \/>ve\/veya patern&#8217;indan anlayan bir yap\u0131n\u0131n kurulmas\u0131 daha do\u011fru olacakt\u0131r. Bu<br \/>konuda bir\u00e7ok teknoloji \u015firketi \u00f6zellikle Microsoft g\u00fc\u00e7l\u00fc \u00e7\u00f6z\u00fcmler<br \/>\u00fcretmektedir. Mutlaka bu konuda oen source \u00e7\u00f6z\u00fcmlerde nulunmaktad\u0131r.<\/p>\n<p>4- Kanunda tadat edilen eri\u015fimi engellenebilecek su\u00e7 t\u00fcrlerinin kapsam\u0131n\u0131n<br \/>nas\u0131l olmas\u0131n\u0131 de\u011ferlendirirsiniz?<\/p>\n<p>Bu konuda dikkat edilmesi gereken en \u00f6nemli nokta burada kantar\u0131n topuzunu<br \/>ka\u00e7\u0131rmamakt\u0131r. \u00d6zellikle kanunun 8. maddesinin a bendindeki 5-6. \u0131nc\u0131<br \/>maddeler uygulama sorunlar\u0131 do\u011furabilir. Bu nedenle bu konular\u0131n \u00a0son<br \/>derece net bir \u015feklilde y\u00f6netmeliklerle alt\u0131n\u0131n dolduurlmas\u0131 b\u00fcy\u00fck bir<br \/>gerekliliktir.<br \/>Yasay\u0131 uygular ve yorumlarken eri\u015fim engellemeleri yerine i\u00e7erik<br \/>sahiplerinin daha belirginle\u015ftirilmesi noktas\u0131na konsantre olunmas\u0131 sorunu<br \/>daha net \u00e7\u00f6zecektir. Yani bu kanun bir yasaklar sinsilesi olmaktan ziyade<br \/><span class=\"nfakPe\">internet<\/span> ortam\u0131nda herkesin kimli\u011fini netle\u015ftirdi\u011fi, kendini ve y\u00fcz\u00fcn\u00fc<br \/>ortaya koydu\u011fu bir kanun olmas\u0131 ya\u015fanan ve ya\u015fanacak olan sorunlar\u0131<br \/>k\u00f6k\u00fcnden \u00e7\u00f6zecektir kanaatindeyim.<\/p>\n<p>5- Toplu kullan\u0131m sa\u011flay\u0131c\u0131 kimler olabilir?<\/p>\n<p>Kul<br \/>\nlan\u0131c\u0131lar\u0131 belli bir s\u00fcrenin alt\u0131nda kullan\u0131m\u0131 olan ve devinimi \u00e7ok<br \/>fazla olan b\u00fct\u00fcn kurumlar\u0131 toplu kullan\u0131m sa\u011flay\u0131c\u0131lar aras\u0131nda<br \/>sayabbiliriz.Burada sorun kullan\u0131c\u0131n\u0131n kimlik bilgilerini istemenin<br \/>i\u015fleyi\u015fin h\u0131z\u0131na b\u00fcy\u00fck sekteler vurduracak olmas\u0131 ve \/veya al\u0131nmas\u0131<br \/>fikrinin uygulanamaz olmas\u0131d\u0131r.<br \/>Bu a\u015famada e-imza imdada yeti\u015febilir. <span class=\"nfakPe\">\u0130nternet<\/span> cafeler e-imzas\u0131 bulunmayan<br \/>kullan\u0131c\u0131lara hizmet vermeyebilir.<\/p>\n<p>6- Toplu kullan\u0131m sa\u011flay\u0131c\u0131lar\u0131n y\u00fck\u00fcml\u00fcl\u00fckleri neler olmal\u0131d\u0131r?<\/p>\n<p>En \u00f6nemlisi toplu kullan\u0131m sa\u011flay\u0131c\u0131lar\u0131n mutlaka bilinmesi gereklili\u011fidir.<br \/>Bunun sa\u011flanmas\u0131n\u0131n en kolay yolu bu tip kurumlar\u0131n klasifiye edilip bir<br \/>lisanslaman\u0131n yap\u0131lmas\u0131d\u0131r. Denetleme a\u015famas\u0131nda da en do\u011fru y\u00f6ntem belli<br \/>bir ipden \u00e7\u0131kan trafi\u011fin miktar\u0131 ve trafi\u011fin \u00e7e\u015fitlili\u011fidir.<\/p>\n<p>7- Ticari ama\u00e7la toplu kullan\u0131m sa\u011flay\u0131c\u0131lar\u0131n y\u00fck\u00fcml\u00fcl\u00fckleri neler<br \/>olmal\u0131d\u0131r?<\/p>\n<p>Eri\u015fim sa\u011flay\u0131c\u0131lar\u0131n y\u00fck\u00fcml\u00fcl\u00fckleri ile ticari ama\u00e7la toplu kullan\u0131m<br \/>sa\u011flay\u0131c\u0131lar\u0131n y\u00fck\u00fcml\u00fcl\u00fckleri aras\u0131nda bir farkl\u0131l\u0131k bulunmamal\u0131 yani<br \/>kullan\u0131c\u0131lar kimlik bilgilerini belirtip kontrol edildikten sanraki<br \/>faaliyetleri loglanmasl\u0131 ve bu log dosyalar\u0131 kurum faaliyetini bitirmesi<br \/>noktas\u0131nda eri\u015fim sa\u011flay\u0131c\u0131larla ayn\u0131 yerde toplanmal\u0131d\u0131r. Asl\u0131nda bu<br \/>Ticari ama\u00e7la toplu kullan\u0131m sa\u011flay\u0131c\u0131lar\u0131n eri\u015fim sa\u011flay\u0131c\u0131lar\u0131n<br \/>bayiiileri gibi yap\u0131land\u0131r\u0131lmas\u0131 onlar\u0131n kontrol\u00fc vve onlar\u0131 kontrol<br \/>etmekle y\u00fck\u00fcml\u00fc olanlar\u0131n kontrol\u00fc a\u015famas\u0131nda daha do\u011fru ve h\u0131zl\u0131<br \/>olacakt\u0131r.<br \/>Bu sayede Ticari ama\u00e7la toplu kullan\u0131m sa\u011flay\u0131c\u0131lar\u0131n hert\u00fcr\u00fcl\u00fc<br \/>faaliyetlerinden eri\u015fim sa\u011flay\u0131c\u0131lar da sorunlu olacakt\u0131r.<\/p>\n<p>8- \u0130\u00e7erik sa\u011flay\u0131c\u0131lar\u0131n, yer sa\u011flay\u0131c\u0131lar\u0131n ve eri\u015fim sa\u011flay\u0131c\u0131lar\u0131n<br \/>kendilerine ait <span class=\"nfakPe\">internet<\/span> ortam\u0131nda kullan\u0131c\u0131lar\u0131n ula\u015fabilece\u011fi \u015fekilde<br \/>bulundurmakla y\u00fck\u00fcml\u00fc olacaklar\u0131 tan\u0131t\u0131c\u0131 bilgileri neler olmal\u0131d\u0131r?<\/p>\n<p>Bu bilgiler d\u00fcnyada son dereec nettir. Bu bilgiler kurumun lisanslar\u0131 ile<br \/>birlikte eri\u015fim bilgileridir. Bu kurumlar\u0131n ticari boylar\u0131na bakt\u0131\u011f\u0131n\u0131zda<br \/>onlar\u0131 bir call center ile sorumlu tutmak haks\u0131zl\u0131k olacak gibi g\u00f6r\u00fcnse de<br \/>bu asl\u0131nda t\u00fcketici yasalar\u0131na g\u00f6re \u00a0de bir gerekliliktir. Bunun d\u0131\u015f\u0131nda<br \/>olmazsa olmaz ise abuse@ info@ gibi son derece net ve global e-maillerin<br \/>bulunmas\u0131 ve bu maillere 24 saat i\u00e7inde geri d\u00f6n\u00fc\u015f zorunlulu\u011funun bulunmas\u0131<br \/>olmal\u0131d\u0131r.<br \/>Teker teker bakt\u0131\u011f\u0131m\u0131zda ise<br \/>i\u00e7erik sa\u011flay\u0131c\u0131n\u0131n sorumlu yay\u0131n koordinat\u00f6r\u00fcn\u00fcn eri\u015fim bilgileri ve<br \/>bilgilere gelen hert\u00fcrl\u00fc enformasyon iste\u011fi ve \u015fikayete 24 saat i\u00e7inde geri<br \/>d\u00f6n\u00fc\u015f zorumlulu\u011fu olmal\u0131d\u0131r. Ayr\u0131ca i\u00e7erik sa\u011flay\u0131c\u0131n\u0131n hizmet ald\u0131\u011f\u0131 yer<br \/>sa\u011flay\u0131c\u0131 ve eri\u015fim sa\u011flay\u0131c\u0131n\u0131n bilgilerinin bulunduu sayfalara linkleri<br \/>olmal\u0131d\u0131r.<br \/>Yer sa\u011flay\u0131c\u0131lar\u0131n yer sa\u011flamakla y\u00fck\u00fcml\u00fc olduklar\u0131 sitelerin adres<br \/>bilgilerini ve o i\u00e7erik sa\u011flay\u0131lar\u0131n\u0131n bilgi sayfalar\u0131na linkleri<br \/>bulundurmal\u0131 ve bu bilgilerin g\u00fcncel ve do\u011fru olmas\u0131ndan sorumlu olmal\u0131d\u0131r.<br \/>Ayn\u0131 durum eri\u015fim sa\u011flay\u0131c\u0131 i\u00e7nde ge\u00e7erlidir.<\/p>\n<p>9- \u0130\u00e7erik sa\u011flay\u0131c\u0131lar\u0131n ne t\u00fcr sorumluluklar\u0131 olmal\u0131d\u0131r?<\/p>\n<p>\u0130\u00e7erik sa\u011flay\u0131c\u0131 su\u00e7 unsuru bulundurabn bir i\u00e7eri\u011fi sitesinde bulunduramaz.<br \/>Bu tip bir i\u00e7eri\u011fe i\u00e7erik sahibinin kesin bilgilerini belirtmek kayd\u0131yla<br \/>link verebilir. Bu duurmda o i\u00e7erik sa\u011flay\u0131c\u0131lar\u0131n\u0131n bilgilerinin<br \/>do\u011fruu\u011fundan da sorumludur.<\/p>\n<p>10- Yer sa\u011flay\u0131c\u0131lar\u0131n y\u00fck\u00fcml\u00fcl\u00fckleri neler olmal\u0131d\u0131r?<\/p>\n<p>Yer sa\u011flay\u0131c\u0131lar\u0131 kanunda da belirtildi\u011fi \u00fczere i\u00e7erik sa\u011flay\u0131c\u0131n\u0131n<br \/>i\u00e7eri\u011finden sorumlu olamaz. Ama kendisine bilgi sitesinde belirttilen<br \/>yollardan gelen her t\u00fcrl\u00fc \u015fikayetle ilgili \u00a024 saat i\u00e7inde i\u015flemlerini<br \/>bitirmek zorundad\u0131r. Su\u00e7 net bir \u015fekilde i\u015flenmekteyse savc\u0131l\u0131\u011fa ula\u015fmak<br \/>yer sa\u011flay\u0131c\u0131n\u0131n da sorumlulu\u011fudur.<\/p>\n<p>11- Eri\u015fim sa\u011flay\u0131c\u0131 veya yer sa\u011flay\u0131c\u0131 olarak faaliyette bulunabilmek i\u00e7in<br \/>ne gibi \u015fartlar aranmal\u0131d\u0131r?<\/p>\n<p>eri\u015fim sa\u011flay\u0131c\u0131n\u0131n ve yer sa\u011flay\u0131c\u0131n\u0131n hizmetlerini net \u015fekilde<br \/>tan\u0131mlamas\u0131, olu\u015fturaca\u011f\u0131 sistemin sorunlulu\u011funu yasalar kar\u015f\u0131s\u0131nda<br \/>sa\u011flayaca\u011f\u0131 ls\u00f6z\u00fc lisans ve s\u00f6zle\u015fmelerle netle\u015fmi\u015f olmal\u0131d\u0131r.<br \/>Sorunun amac\u0131 hardware ve teknik yeterlilikler belirlemekse bunu<br \/>y\u00f6netmeli\u011fe yerle\u015ftirmek \u00f6zellikle yeni teknolojilerin birka\u00e7 g\u00fcnde b\u00fct\u00fcn<br \/>d\u00fcnyaya yay\u0131ld\u0131\u011f\u0131 <span class=\"nfakPe\">internet<\/span> d\u00fcmnyas\u0131 i\u00e7in do\u011fru olmayacakt\u0131r.<\/p>\n<p>12- Belirtmek istedi\u011finiz di\u011fer konular nelerdir?<\/p>\n<p><span class=\"nfakPe\">\u0130nternet<\/span> yasalar\u0131na mobil interneti &#8216;de eklemek do\u011fru olacakt\u0131r. Zira mobil<br \/><span class=\"nfakPe\">internet<\/span> yeni eri\u015fim sorunlar\u0131 ile kap\u0131m\u0131z\u0131n \u00f6n\u00fcnde durmaktad\u0131r.<\/p>\n<p>Sayg\u0131lar\u0131mla<br \/>At\u0131f \u00dcNALDI<\/p>\n","protected":false},"excerpt":{"rendered":"<p>Osman Bey; \u00d6ncelikle son derece hassas bir yasan\u0131n uygulanmas\u0131 noktas\u0131nda biz fikir\u00f6nderlerinin yorumlar\u0131n\u0131 \u00f6nemsedi\u011finiz i\u00e7in te\u015fekk\u00fcr ederim.\u015e\u00fcphesiz 91 y\u0131l\u0131ndan beri internet d\u00fcnyas\u0131n\u0131n i\u00e7inde bulunan biri olarakpratik ve teorinin aras\u0131ndaki \u00e7ak\u0131\u015fmalarla \u00e7ok cebelle\u015ftik. Dolay\u0131s\u0131 ilekan\u0131unun uygulanmas\u0131&#8230;<\/p>\n","protected":false},"author":2,"featured_media":0,"comment_status":"open","ping_status":"open","sticky":false,"template":"","format":"standard","meta":{"footnotes":""},"categories":[3],"tags":[],"class_list":["post-651","post","type-post","status-publish","format-standard","hentry","category-blogum"],"yoast_head":"<!-- This site is optimized with the Yoast SEO plugin v26.8 - https:\/\/yoast.com\/product\/yoast-seo-wordpress\/ -->\n<title>\u0130nternet Yasas\u0131 hakk\u0131ndaki g\u00f6r\u00fc\u015flerim - At\u0131f \u00dcnald\u0131<\/title>\n<meta name=\"robots\" content=\"index, follow, max-snippet:-1, max-image-preview:large, max-video-preview:-1\" \/>\n<link rel=\"canonical\" href=\"http:\/\/atif.unaldi.org\/blog\/2007\/11\/23\/internet-yasasi-hakkindaki-goruslerim\/\" \/>\n<meta property=\"og:locale\" content=\"tr_TR\" \/>\n<meta property=\"og:type\" content=\"article\" \/>\n<meta property=\"og:title\" content=\"\u0130nternet Yasas\u0131 hakk\u0131ndaki g\u00f6r\u00fc\u015flerim - At\u0131f \u00dcnald\u0131\" \/>\n<meta property=\"og:description\" content=\"Osman Bey; \u00d6ncelikle son derece hassas bir yasan\u0131n uygulanmas\u0131 noktas\u0131nda biz fikir\u00f6nderlerinin yorumlar\u0131n\u0131 \u00f6nemsedi\u011finiz i\u00e7in te\u015fekk\u00fcr ederim.\u015e\u00fcphesiz 91 y\u0131l\u0131ndan beri internet d\u00fcnyas\u0131n\u0131n i\u00e7inde bulunan biri olarakpratik ve teorinin aras\u0131ndaki \u00e7ak\u0131\u015fmalarla \u00e7ok cebelle\u015ftik. Dolay\u0131s\u0131 ilekan\u0131unun uygulanmas\u0131...\" \/>\n<meta property=\"og:url\" content=\"http:\/\/atif.unaldi.org\/blog\/2007\/11\/23\/internet-yasasi-hakkindaki-goruslerim\/\" \/>\n<meta property=\"og:site_name\" content=\"At\u0131f \u00dcnald\u0131\" \/>\n<meta property=\"article:publisher\" content=\"https:\/\/www.facebook.com\/atifunaldi\" \/>\n<meta property=\"article:author\" content=\"https:\/\/www.facebook.com\/atifunaldi\" \/>\n<meta property=\"article:published_time\" content=\"2007-11-23T00:00:00+00:00\" \/>\n<meta name=\"author\" content=\"Atif Unaldi\" \/>\n<meta name=\"twitter:card\" content=\"summary_large_image\" \/>\n<meta name=\"twitter:creator\" content=\"@https:\/\/twitter.com\/atifunaldi\" \/>\n<meta name=\"twitter:site\" content=\"@atifunaldi\" \/>\n<meta name=\"twitter:label1\" content=\"Yazan:\" \/>\n\t<meta name=\"twitter:data1\" content=\"Atif Unaldi\" \/>\n\t<meta name=\"twitter:label2\" content=\"Tahmini okuma s\u00fcresi\" \/>\n\t<meta name=\"twitter:data2\" content=\"10 dakika\" \/>\n<script type=\"application\/ld+json\" class=\"yoast-schema-graph\">{\"@context\":\"https:\/\/schema.org\",\"@graph\":[{\"@type\":\"Article\",\"@id\":\"http:\/\/atif.unaldi.org\/blog\/2007\/11\/23\/internet-yasasi-hakkindaki-goruslerim\/#article\",\"isPartOf\":{\"@id\":\"http:\/\/atif.unaldi.org\/blog\/2007\/11\/23\/internet-yasasi-hakkindaki-goruslerim\/\"},\"author\":{\"name\":\"Atif Unaldi\",\"@id\":\"http:\/\/atif.unaldi.org\/blog\/#\/schema\/person\/608ed42ecbda2bc5cfdb767ac1db479b\"},\"headline\":\"\u0130nternet Yasas\u0131 hakk\u0131ndaki g\u00f6r\u00fc\u015flerim\",\"datePublished\":\"2007-11-23T00:00:00+00:00\",\"mainEntityOfPage\":{\"@id\":\"http:\/\/atif.unaldi.org\/blog\/2007\/11\/23\/internet-yasasi-hakkindaki-goruslerim\/\"},\"wordCount\":1959,\"commentCount\":0,\"publisher\":{\"@id\":\"http:\/\/atif.unaldi.org\/blog\/#\/schema\/person\/608ed42ecbda2bc5cfdb767ac1db479b\"},\"articleSection\":[\"Blogum\"],\"inLanguage\":\"tr\",\"potentialAction\":[{\"@type\":\"CommentAction\",\"name\":\"Comment\",\"target\":[\"http:\/\/atif.unaldi.org\/blog\/2007\/11\/23\/internet-yasasi-hakkindaki-goruslerim\/#respond\"]}]},{\"@type\":\"WebPage\",\"@id\":\"http:\/\/atif.unaldi.org\/blog\/2007\/11\/23\/internet-yasasi-hakkindaki-goruslerim\/\",\"url\":\"http:\/\/atif.unaldi.org\/blog\/2007\/11\/23\/internet-yasasi-hakkindaki-goruslerim\/\",\"name\":\"\u0130nternet Yasas\u0131 hakk\u0131ndaki g\u00f6r\u00fc\u015flerim - At\u0131f \u00dcnald\u0131\",\"isPartOf\":{\"@id\":\"http:\/\/atif.unaldi.org\/blog\/#website\"},\"datePublished\":\"2007-11-23T00:00:00+00:00\",\"breadcrumb\":{\"@id\":\"http:\/\/atif.unaldi.org\/blog\/2007\/11\/23\/internet-yasasi-hakkindaki-goruslerim\/#breadcrumb\"},\"inLanguage\":\"tr\",\"potentialAction\":[{\"@type\":\"ReadAction\",\"target\":[\"http:\/\/atif.unaldi.org\/blog\/2007\/11\/23\/internet-yasasi-hakkindaki-goruslerim\/\"]}]},{\"@type\":\"BreadcrumbList\",\"@id\":\"http:\/\/atif.unaldi.org\/blog\/2007\/11\/23\/internet-yasasi-hakkindaki-goruslerim\/#breadcrumb\",\"itemListElement\":[{\"@type\":\"ListItem\",\"position\":1,\"name\":\"Anasayfa\",\"item\":\"http:\/\/atif.unaldi.org\/blog\/\"},{\"@type\":\"ListItem\",\"position\":2,\"name\":\"\u0130nternet Yasas\u0131 hakk\u0131ndaki g\u00f6r\u00fc\u015flerim\"}]},{\"@type\":\"WebSite\",\"@id\":\"http:\/\/atif.unaldi.org\/blog\/#website\",\"url\":\"http:\/\/atif.unaldi.org\/blog\/\",\"name\":\"At\u0131f \u00dcnald\u0131\",\"description\":\"Yazar\",\"publisher\":{\"@id\":\"http:\/\/atif.unaldi.org\/blog\/#\/schema\/person\/608ed42ecbda2bc5cfdb767ac1db479b\"},\"alternateName\":\"At\u0131f \u00dcnald\u0131 Blog\",\"potentialAction\":[{\"@type\":\"SearchAction\",\"target\":{\"@type\":\"EntryPoint\",\"urlTemplate\":\"http:\/\/atif.unaldi.org\/blog\/?s={search_term_string}\"},\"query-input\":{\"@type\":\"PropertyValueSpecification\",\"valueRequired\":true,\"valueName\":\"search_term_string\"}}],\"inLanguage\":\"tr\"},{\"@type\":[\"Person\",\"Organization\"],\"@id\":\"http:\/\/atif.unaldi.org\/blog\/#\/schema\/person\/608ed42ecbda2bc5cfdb767ac1db479b\",\"name\":\"Atif Unaldi\",\"image\":{\"@type\":\"ImageObject\",\"inLanguage\":\"tr\",\"@id\":\"http:\/\/atif.unaldi.org\/blog\/#\/schema\/person\/image\/\",\"url\":\"http:\/\/atif.unaldi.org\/blog\/wp-content\/uploads\/2022\/10\/cropped-a94e8f7a-67c4-4d65-8a5f-032ba784be53-2.jpg\",\"contentUrl\":\"http:\/\/atif.unaldi.org\/blog\/wp-content\/uploads\/2022\/10\/cropped-a94e8f7a-67c4-4d65-8a5f-032ba784be53-2.jpg\",\"width\":512,\"height\":512,\"caption\":\"Atif Unaldi\"},\"logo\":{\"@id\":\"http:\/\/atif.unaldi.org\/blog\/#\/schema\/person\/image\/\"},\"description\":\"Bo\u011fazi\u00e7i \u00dcniversitesinde Fizik B\u00f6l\u00fcm\u00fc\u2019nde e\u011fitim ald\u0131\u011f\u0131 y\u0131llarda T\u00fcrkiye\u2019de ilk kez iki bilgisayar\u0131 telefon hatlar\u0131 \u00fczerinden konu\u015fturan BBS sistemini kurarak, T\u00fcrkiye\u2019deki ilk internet a\u011f\u0131n\u0131 olu\u015fturmu\u015ftur. Bir \u00e7ok radyo ve televizyonda program yap\u0131mc\u0131l\u0131\u011f\u0131 ve sunuculu\u011funu, bir \u00e7ok teknoloji dergisinde k\u00f6\u015fe yazarl\u0131\u011f\u0131, bili\u015fim edit\u00f6rl\u00fc\u011f\u00fc ve genel yay\u0131n y\u00f6netmenli\u011fi yapt\u0131. T\u00fcrkiye\u2019deki ilk internet servis sa\u011flay\u0131c\u0131s\u0131n\u0131n genel m\u00fcd\u00fcrl\u00fc\u011f\u00fcn\u00fc \u00fcstlendi. Bir \u00e7ok organizasyon ve kurulu\u015fta internet s\u00fcperviz\u00f6rl\u00fc\u011f\u00fc , webmaster\u2019l\u0131\u011f\u0131 , IT direkt\u00f6rl\u00fc\u011f\u00fc ve dijital projeler koordinat\u00f6rl\u00fc\u011f\u00fc g\u00f6revlerinde bulundu. Farkl\u0131 \u00fcniversitelerin farkl\u0131 fak\u00fcltelerinde \u00f6\u011fretim g\u00f6revlisi olarak bulunmu\u015f olan \u00dcnald\u0131; \u015fu an teknoloji ve pazarlama konular\u0131 ba\u015fta olmak \u00fczere bir\u00e7ok alanda hizmet veren Unaldi Consultancy\u2019nin kurucusudur. \\u2028Selin \u00dcnald\u0131 ile evlidir. Su ve Toprak isminde iki \u00e7ocu\u011fu vard\u0131r.\",\"sameAs\":[\"http:\/\/atif.unaldi.org\/blog\",\"https:\/\/www.facebook.com\/atifunaldi\",\"https:\/\/www.instagram.com\/atifunaldi\/\",\"https:\/\/www.linkedin.com\/in\/atifunaldi\",\"https:\/\/x.com\/https:\/\/twitter.com\/atifunaldi\",\"https:\/\/www.youtube.com\/c\/atifunaldi\",\"https:\/\/soundcloud.com\/atif-unaldi\",\"https:\/\/atifunaldi.tumblr.com\"],\"url\":\"http:\/\/atif.unaldi.org\/blog\/author\/atifunaldi\/\"}]}<\/script>\n<!-- \/ Yoast SEO plugin. -->","yoast_head_json":{"title":"\u0130nternet Yasas\u0131 hakk\u0131ndaki g\u00f6r\u00fc\u015flerim - At\u0131f \u00dcnald\u0131","robots":{"index":"index","follow":"follow","max-snippet":"max-snippet:-1","max-image-preview":"max-image-preview:large","max-video-preview":"max-video-preview:-1"},"canonical":"http:\/\/atif.unaldi.org\/blog\/2007\/11\/23\/internet-yasasi-hakkindaki-goruslerim\/","og_locale":"tr_TR","og_type":"article","og_title":"\u0130nternet Yasas\u0131 hakk\u0131ndaki g\u00f6r\u00fc\u015flerim - At\u0131f \u00dcnald\u0131","og_description":"Osman Bey; \u00d6ncelikle son derece hassas bir yasan\u0131n uygulanmas\u0131 noktas\u0131nda biz fikir\u00f6nderlerinin yorumlar\u0131n\u0131 \u00f6nemsedi\u011finiz i\u00e7in te\u015fekk\u00fcr ederim.\u015e\u00fcphesiz 91 y\u0131l\u0131ndan beri internet d\u00fcnyas\u0131n\u0131n i\u00e7inde bulunan biri olarakpratik ve teorinin aras\u0131ndaki \u00e7ak\u0131\u015fmalarla \u00e7ok cebelle\u015ftik. Dolay\u0131s\u0131 ilekan\u0131unun uygulanmas\u0131...","og_url":"http:\/\/atif.unaldi.org\/blog\/2007\/11\/23\/internet-yasasi-hakkindaki-goruslerim\/","og_site_name":"At\u0131f \u00dcnald\u0131","article_publisher":"https:\/\/www.facebook.com\/atifunaldi","article_author":"https:\/\/www.facebook.com\/atifunaldi","article_published_time":"2007-11-23T00:00:00+00:00","author":"Atif Unaldi","twitter_card":"summary_large_image","twitter_creator":"@https:\/\/twitter.com\/atifunaldi","twitter_site":"@atifunaldi","twitter_misc":{"Yazan:":"Atif Unaldi","Tahmini okuma s\u00fcresi":"10 dakika"},"schema":{"@context":"https:\/\/schema.org","@graph":[{"@type":"Article","@id":"http:\/\/atif.unaldi.org\/blog\/2007\/11\/23\/internet-yasasi-hakkindaki-goruslerim\/#article","isPartOf":{"@id":"http:\/\/atif.unaldi.org\/blog\/2007\/11\/23\/internet-yasasi-hakkindaki-goruslerim\/"},"author":{"name":"Atif Unaldi","@id":"http:\/\/atif.unaldi.org\/blog\/#\/schema\/person\/608ed42ecbda2bc5cfdb767ac1db479b"},"headline":"\u0130nternet Yasas\u0131 hakk\u0131ndaki g\u00f6r\u00fc\u015flerim","datePublished":"2007-11-23T00:00:00+00:00","mainEntityOfPage":{"@id":"http:\/\/atif.unaldi.org\/blog\/2007\/11\/23\/internet-yasasi-hakkindaki-goruslerim\/"},"wordCount":1959,"commentCount":0,"publisher":{"@id":"http:\/\/atif.unaldi.org\/blog\/#\/schema\/person\/608ed42ecbda2bc5cfdb767ac1db479b"},"articleSection":["Blogum"],"inLanguage":"tr","potentialAction":[{"@type":"CommentAction","name":"Comment","target":["http:\/\/atif.unaldi.org\/blog\/2007\/11\/23\/internet-yasasi-hakkindaki-goruslerim\/#respond"]}]},{"@type":"WebPage","@id":"http:\/\/atif.unaldi.org\/blog\/2007\/11\/23\/internet-yasasi-hakkindaki-goruslerim\/","url":"http:\/\/atif.unaldi.org\/blog\/2007\/11\/23\/internet-yasasi-hakkindaki-goruslerim\/","name":"\u0130nternet Yasas\u0131 hakk\u0131ndaki g\u00f6r\u00fc\u015flerim - At\u0131f \u00dcnald\u0131","isPartOf":{"@id":"http:\/\/atif.unaldi.org\/blog\/#website"},"datePublished":"2007-11-23T00:00:00+00:00","breadcrumb":{"@id":"http:\/\/atif.unaldi.org\/blog\/2007\/11\/23\/internet-yasasi-hakkindaki-goruslerim\/#breadcrumb"},"inLanguage":"tr","potentialAction":[{"@type":"ReadAction","target":["http:\/\/atif.unaldi.org\/blog\/2007\/11\/23\/internet-yasasi-hakkindaki-goruslerim\/"]}]},{"@type":"BreadcrumbList","@id":"http:\/\/atif.unaldi.org\/blog\/2007\/11\/23\/internet-yasasi-hakkindaki-goruslerim\/#breadcrumb","itemListElement":[{"@type":"ListItem","position":1,"name":"Anasayfa","item":"http:\/\/atif.unaldi.org\/blog\/"},{"@type":"ListItem","position":2,"name":"\u0130nternet Yasas\u0131 hakk\u0131ndaki g\u00f6r\u00fc\u015flerim"}]},{"@type":"WebSite","@id":"http:\/\/atif.unaldi.org\/blog\/#website","url":"http:\/\/atif.unaldi.org\/blog\/","name":"At\u0131f \u00dcnald\u0131","description":"Yazar","publisher":{"@id":"http:\/\/atif.unaldi.org\/blog\/#\/schema\/person\/608ed42ecbda2bc5cfdb767ac1db479b"},"alternateName":"At\u0131f \u00dcnald\u0131 Blog","potentialAction":[{"@type":"SearchAction","target":{"@type":"EntryPoint","urlTemplate":"http:\/\/atif.unaldi.org\/blog\/?s={search_term_string}"},"query-input":{"@type":"PropertyValueSpecification","valueRequired":true,"valueName":"search_term_string"}}],"inLanguage":"tr"},{"@type":["Person","Organization"],"@id":"http:\/\/atif.unaldi.org\/blog\/#\/schema\/person\/608ed42ecbda2bc5cfdb767ac1db479b","name":"Atif Unaldi","image":{"@type":"ImageObject","inLanguage":"tr","@id":"http:\/\/atif.unaldi.org\/blog\/#\/schema\/person\/image\/","url":"http:\/\/atif.unaldi.org\/blog\/wp-content\/uploads\/2022\/10\/cropped-a94e8f7a-67c4-4d65-8a5f-032ba784be53-2.jpg","contentUrl":"http:\/\/atif.unaldi.org\/blog\/wp-content\/uploads\/2022\/10\/cropped-a94e8f7a-67c4-4d65-8a5f-032ba784be53-2.jpg","width":512,"height":512,"caption":"Atif Unaldi"},"logo":{"@id":"http:\/\/atif.unaldi.org\/blog\/#\/schema\/person\/image\/"},"description":"Bo\u011fazi\u00e7i \u00dcniversitesinde Fizik B\u00f6l\u00fcm\u00fc\u2019nde e\u011fitim ald\u0131\u011f\u0131 y\u0131llarda T\u00fcrkiye\u2019de ilk kez iki bilgisayar\u0131 telefon hatlar\u0131 \u00fczerinden konu\u015fturan BBS sistemini kurarak, T\u00fcrkiye\u2019deki ilk internet a\u011f\u0131n\u0131 olu\u015fturmu\u015ftur. Bir \u00e7ok radyo ve televizyonda program yap\u0131mc\u0131l\u0131\u011f\u0131 ve sunuculu\u011funu, bir \u00e7ok teknoloji dergisinde k\u00f6\u015fe yazarl\u0131\u011f\u0131, bili\u015fim edit\u00f6rl\u00fc\u011f\u00fc ve genel yay\u0131n y\u00f6netmenli\u011fi yapt\u0131. T\u00fcrkiye\u2019deki ilk internet servis sa\u011flay\u0131c\u0131s\u0131n\u0131n genel m\u00fcd\u00fcrl\u00fc\u011f\u00fcn\u00fc \u00fcstlendi. Bir \u00e7ok organizasyon ve kurulu\u015fta internet s\u00fcperviz\u00f6rl\u00fc\u011f\u00fc , webmaster\u2019l\u0131\u011f\u0131 , IT direkt\u00f6rl\u00fc\u011f\u00fc ve dijital projeler koordinat\u00f6rl\u00fc\u011f\u00fc g\u00f6revlerinde bulundu. Farkl\u0131 \u00fcniversitelerin farkl\u0131 fak\u00fcltelerinde \u00f6\u011fretim g\u00f6revlisi olarak bulunmu\u015f olan \u00dcnald\u0131; \u015fu an teknoloji ve pazarlama konular\u0131 ba\u015fta olmak \u00fczere bir\u00e7ok alanda hizmet veren Unaldi Consultancy\u2019nin kurucusudur. \u2028Selin \u00dcnald\u0131 ile evlidir. Su ve Toprak isminde iki \u00e7ocu\u011fu vard\u0131r.","sameAs":["http:\/\/atif.unaldi.org\/blog","https:\/\/www.facebook.com\/atifunaldi","https:\/\/www.instagram.com\/atifunaldi\/","https:\/\/www.linkedin.com\/in\/atifunaldi","https:\/\/x.com\/https:\/\/twitter.com\/atifunaldi","https:\/\/www.youtube.com\/c\/atifunaldi","https:\/\/soundcloud.com\/atif-unaldi","https:\/\/atifunaldi.tumblr.com"],"url":"http:\/\/atif.unaldi.org\/blog\/author\/atifunaldi\/"}]}},"jetpack_featured_media_url":"","_links":{"self":[{"href":"http:\/\/atif.unaldi.org\/blog\/wp-json\/wp\/v2\/posts\/651","targetHints":{"allow":["GET"]}}],"collection":[{"href":"http:\/\/atif.unaldi.org\/blog\/wp-json\/wp\/v2\/posts"}],"about":[{"href":"http:\/\/atif.unaldi.org\/blog\/wp-json\/wp\/v2\/types\/post"}],"author":[{"embeddable":true,"href":"http:\/\/atif.unaldi.org\/blog\/wp-json\/wp\/v2\/users\/2"}],"replies":[{"embeddable":true,"href":"http:\/\/atif.unaldi.org\/blog\/wp-json\/wp\/v2\/comments?post=651"}],"version-history":[{"count":0,"href":"http:\/\/atif.unaldi.org\/blog\/wp-json\/wp\/v2\/posts\/651\/revisions"}],"wp:attachment":[{"href":"http:\/\/atif.unaldi.org\/blog\/wp-json\/wp\/v2\/media?parent=651"}],"wp:term":[{"taxonomy":"category","embeddable":true,"href":"http:\/\/atif.unaldi.org\/blog\/wp-json\/wp\/v2\/categories?post=651"},{"taxonomy":"post_tag","embeddable":true,"href":"http:\/\/atif.unaldi.org\/blog\/wp-json\/wp\/v2\/tags?post=651"}],"curies":[{"name":"wp","href":"https:\/\/api.w.org\/{rel}","templated":true}]}}