{"id":654,"date":"2007-12-05T02:00:00","date_gmt":"2007-12-05T00:00:00","guid":{"rendered":"http:\/\/85.17.200.84\/~unaldi\/atif\/?p=654"},"modified":"2007-12-05T02:00:00","modified_gmt":"2007-12-05T00:00:00","slug":"dijital-bir-hayat-yesil-bir-hayattir","status":"publish","type":"post","link":"http:\/\/atif.unaldi.org\/blog\/2007\/12\/05\/dijital-bir-hayat-yesil-bir-hayattir\/","title":{"rendered":"Dijital bir hayat ye\u015fil bir hayatt\u0131r!!!"},"content":{"rendered":"<p>Kyoto\u2019yu imzalamayan \u00fclkeler \u015f\u00f6yle dursun, kurumlar ve devletler aba alt\u0131ndan sopa g\u00f6stermeye ba\u015flad\u0131lar. Bazen ticari ama\u00e7lara hizmet i\u00e7in, bazen de sosyal sorumluluk fikri ile, kurumlar\u0131n aktif m\u00fc\u015fterilerine, k\u00fcresel \u0131s\u0131nmaya y\u00f6nelik \u00e7\u00f6z\u00fcmler \u00fcrettiklerini g\u00f6r\u00fcyoruz. Bu konuda ticari kayg\u0131lar s\u00f6zkonusu olsa bile itiraz etmek olduk\u00e7a g\u00fc\u00e7.<br \/>\nAsl\u0131nda hepimiz, dijital \u00e7a\u011f\u0131n ba\u015flang\u0131c\u0131 ile birlikte k\u00fcresel \u0131s\u0131nman\u0131n \u00f6nemli sebeplerinden biri olan a\u011fa\u00e7 katliyam\u0131n\u0131n kaybolaca\u011f\u0131 (en az\u0131ndan azalaca\u011f\u0131) yan\u0131lsamas\u0131na d\u00fc\u015ft\u00fck. Asl\u0131nda Moore yasas\u0131 gibi \u201cAt\u0131f \u00dcnald\u0131 \u0130nternet Yasalar\u0131\u201d gere\u011fi, internet \u00fczerinde olu\u015fan geli\u015fmelerin anl\u0131k sonu\u00e7lar do\u011furmak yerine helozonik bir yap\u0131 ile y\u00fckseldi\u011fini ve ancak bir sonraki geli\u015fmeyi g\u00f6rd\u00fc\u011f\u00fcnde tavan noktas\u0131na ula\u015fm\u0131\u015f olaca\u011f\u0131n\u0131 s\u00f6ylemek yersiz olmaz. Bunu arama motorlar\u0131ndan ba\u015flayarak her konuda s\u00f6ylemek do\u011frudur. Yine bu yasa gere\u011fi \u015fu an internetin ka\u011f\u0131t tasarrufu noktas\u0131nda \u00fcretti\u011fi hizmetlerin yayg\u0131nla\u015fmas\u0131 ancak Amazon.com\u2019un yeni \u00e7\u0131kard\u0131\u011f\u0131 dijital m\u00fcrekkep uygulamas\u0131 olan Kindle\u2019\u0131n lansman\u0131 ile ger\u00e7ek olacakt\u0131r.<br \/>\nBiz isterseniz bu sonu\u00e7lar\u0131 beklemeden, interneti kullanarak nas\u0131l daha ye\u015fil bir hayat yarat\u0131r\u0131z konusunda birka\u00e7 hizmeti konu\u015fal\u0131m\u2026<br \/>\nMagazin okumak out: Zinio in<br \/>\nBen korkun\u00e7 bir magazin hayran\u0131y\u0131md\u0131r. Kendimi bildim bileli \u00e7ok \u00e7e\u015fitli ve dildeki magazini ayl\u0131k olarak al\u0131r ve okurum. \u015eu ara \u00f6ncelikli okudu\u011fum magazinler aras\u0131nda, Robb Report, Fortune, Maxim ve bir\u00e7ok T\u00fcrk\u00e7e magazin var. Ancak hepinizde bilirsiniz bu magazinler i\u00e7in kullan\u0131lan ka\u011f\u0131tlar \u00e7ok kalitelidir. \u00dc\u00e7, d\u00f6rt ayda bir ben bu magazinleri atmak ve atmamak aras\u0131nda s\u0131k\u0131\u015f\u0131p kal\u0131r\u0131m. \u0130\u015fte Zinio bu a\u015famada devreye girdi. Digital olarak indirdi\u011fim magazinleri makinem format yese bile yeniden indirebiliyor ve UMPC (Ultra Mobile Personal Computer)\u2019\u0131m ile keyifle okuyorum.<br \/>\nGazete okumak out: Pressdisplay.com in<br \/>\n\u0130\u015fimiz gere\u011fi herg\u00fcn onlarca gazeteye g\u00f6z at\u0131yoruz. Bu nedenle i\u015f yerimize herg\u00fcn ad\u0131m\u0131za onlarca gazette geliyor. Ancak yo\u011fun g\u00fcnlerde okunmayan bu gazeteler, eve g\u00f6t\u00fcr\u00fcld\u00fc\u011f\u00fcnde de son derece \u00e7ok yer kapl\u0131yor. Bunu engellemek i\u00e7in daha once Do\u011fan Grubunda \u015fu an ise Kral Medya Grubunda bana gazete getirilmemesini rica ediyorum. Gazetelerimi ise pressdisplay.com\u2019dan istedi\u011fim anda okuyorum. Bu sayede eve giderken elimde onlarca gazetenin y\u00fck\u00fcn\u00fc de ta\u015f\u0131maktan kurtuluyorum.<br \/>\nAyn\u0131 \u015fekilde internet \u00fczerinden, uydu ile bile ula\u015famad\u0131\u011f\u0131m televizyon kanallar\u0131n\u0131 joostv ve jumptv.com \u00fczerinden seyrediyorum. B\u00f6ylece \u00fczerimdeki y\u00fck\u00fc sadece bir kilonun bile alt\u0131nda olan bir UMPC \u00fczerine ta\u015f\u0131m\u0131\u015f oluyorum. Bu da ka\u011f\u0131t tasarrufu a\u00e7\u0131s\u0131ndan b\u00fcy\u00fck kolayl\u0131k sa\u011fl\u0131yor. Bu arada e\u011fer gazete ve magazinleri okumak i\u00e7in yatak ve buna benzer farkl\u0131 yerler kullan\u0131yorsan\u0131z ayn\u0131 sitelerin cep telefonlar\u0131na y\u00fcklenen programlar\u0131n\u0131 \u00f6neriririm.<\/p>\n","protected":false},"excerpt":{"rendered":"<p>Kyoto\u2019yu imzalamayan \u00fclkeler \u015f\u00f6yle dursun, kurumlar ve devletler aba alt\u0131ndan sopa g\u00f6stermeye ba\u015flad\u0131lar. Bazen ticari ama\u00e7lara hizmet i\u00e7in, bazen de sosyal sorumluluk fikri ile, kurumlar\u0131n aktif m\u00fc\u015fterilerine, k\u00fcresel \u0131s\u0131nmaya y\u00f6nelik \u00e7\u00f6z\u00fcmler \u00fcrettiklerini g\u00f6r\u00fcyoruz. Bu konuda&#8230;<\/p>\n","protected":false},"author":2,"featured_media":0,"comment_status":"open","ping_status":"open","sticky":false,"template":"","format":"standard","meta":{"footnotes":""},"categories":[3],"tags":[],"class_list":["post-654","post","type-post","status-publish","format-standard","hentry","category-blogum"],"yoast_head":"<!-- This site is optimized with the Yoast SEO plugin v26.8 - https:\/\/yoast.com\/product\/yoast-seo-wordpress\/ -->\n<title>Dijital bir hayat ye\u015fil bir hayatt\u0131r!!! - At\u0131f \u00dcnald\u0131<\/title>\n<meta name=\"robots\" content=\"index, follow, max-snippet:-1, max-image-preview:large, max-video-preview:-1\" \/>\n<link rel=\"canonical\" href=\"http:\/\/atif.unaldi.org\/blog\/2007\/12\/05\/dijital-bir-hayat-yesil-bir-hayattir\/\" \/>\n<meta property=\"og:locale\" content=\"tr_TR\" \/>\n<meta property=\"og:type\" content=\"article\" \/>\n<meta property=\"og:title\" content=\"Dijital bir hayat ye\u015fil bir hayatt\u0131r!!! - At\u0131f \u00dcnald\u0131\" \/>\n<meta property=\"og:description\" content=\"Kyoto\u2019yu imzalamayan \u00fclkeler \u015f\u00f6yle dursun, kurumlar ve devletler aba alt\u0131ndan sopa g\u00f6stermeye ba\u015flad\u0131lar. Bazen ticari ama\u00e7lara hizmet i\u00e7in, bazen de sosyal sorumluluk fikri ile, kurumlar\u0131n aktif m\u00fc\u015fterilerine, k\u00fcresel \u0131s\u0131nmaya y\u00f6nelik \u00e7\u00f6z\u00fcmler \u00fcrettiklerini g\u00f6r\u00fcyoruz. Bu konuda...\" \/>\n<meta property=\"og:url\" content=\"http:\/\/atif.unaldi.org\/blog\/2007\/12\/05\/dijital-bir-hayat-yesil-bir-hayattir\/\" \/>\n<meta property=\"og:site_name\" content=\"At\u0131f \u00dcnald\u0131\" \/>\n<meta property=\"article:publisher\" content=\"https:\/\/www.facebook.com\/atifunaldi\" \/>\n<meta property=\"article:author\" content=\"https:\/\/www.facebook.com\/atifunaldi\" \/>\n<meta property=\"article:published_time\" content=\"2007-12-05T00:00:00+00:00\" \/>\n<meta name=\"author\" content=\"Atif Unaldi\" \/>\n<meta name=\"twitter:card\" content=\"summary_large_image\" \/>\n<meta name=\"twitter:creator\" content=\"@https:\/\/twitter.com\/atifunaldi\" \/>\n<meta name=\"twitter:site\" content=\"@atifunaldi\" \/>\n<meta name=\"twitter:label1\" content=\"Yazan:\" \/>\n\t<meta name=\"twitter:data1\" content=\"Atif Unaldi\" \/>\n\t<meta name=\"twitter:label2\" content=\"Tahmini okuma s\u00fcresi\" \/>\n\t<meta name=\"twitter:data2\" content=\"3 dakika\" \/>\n<script type=\"application\/ld+json\" class=\"yoast-schema-graph\">{\"@context\":\"https:\/\/schema.org\",\"@graph\":[{\"@type\":\"Article\",\"@id\":\"http:\/\/atif.unaldi.org\/blog\/2007\/12\/05\/dijital-bir-hayat-yesil-bir-hayattir\/#article\",\"isPartOf\":{\"@id\":\"http:\/\/atif.unaldi.org\/blog\/2007\/12\/05\/dijital-bir-hayat-yesil-bir-hayattir\/\"},\"author\":{\"name\":\"Atif Unaldi\",\"@id\":\"http:\/\/atif.unaldi.org\/blog\/#\/schema\/person\/608ed42ecbda2bc5cfdb767ac1db479b\"},\"headline\":\"Dijital bir hayat ye\u015fil bir hayatt\u0131r!!!\",\"datePublished\":\"2007-12-05T00:00:00+00:00\",\"mainEntityOfPage\":{\"@id\":\"http:\/\/atif.unaldi.org\/blog\/2007\/12\/05\/dijital-bir-hayat-yesil-bir-hayattir\/\"},\"wordCount\":515,\"commentCount\":0,\"publisher\":{\"@id\":\"http:\/\/atif.unaldi.org\/blog\/#\/schema\/person\/608ed42ecbda2bc5cfdb767ac1db479b\"},\"articleSection\":[\"Blogum\"],\"inLanguage\":\"tr\",\"potentialAction\":[{\"@type\":\"CommentAction\",\"name\":\"Comment\",\"target\":[\"http:\/\/atif.unaldi.org\/blog\/2007\/12\/05\/dijital-bir-hayat-yesil-bir-hayattir\/#respond\"]}]},{\"@type\":\"WebPage\",\"@id\":\"http:\/\/atif.unaldi.org\/blog\/2007\/12\/05\/dijital-bir-hayat-yesil-bir-hayattir\/\",\"url\":\"http:\/\/atif.unaldi.org\/blog\/2007\/12\/05\/dijital-bir-hayat-yesil-bir-hayattir\/\",\"name\":\"Dijital bir hayat ye\u015fil bir hayatt\u0131r!!! - At\u0131f \u00dcnald\u0131\",\"isPartOf\":{\"@id\":\"http:\/\/atif.unaldi.org\/blog\/#website\"},\"datePublished\":\"2007-12-05T00:00:00+00:00\",\"breadcrumb\":{\"@id\":\"http:\/\/atif.unaldi.org\/blog\/2007\/12\/05\/dijital-bir-hayat-yesil-bir-hayattir\/#breadcrumb\"},\"inLanguage\":\"tr\",\"potentialAction\":[{\"@type\":\"ReadAction\",\"target\":[\"http:\/\/atif.unaldi.org\/blog\/2007\/12\/05\/dijital-bir-hayat-yesil-bir-hayattir\/\"]}]},{\"@type\":\"BreadcrumbList\",\"@id\":\"http:\/\/atif.unaldi.org\/blog\/2007\/12\/05\/dijital-bir-hayat-yesil-bir-hayattir\/#breadcrumb\",\"itemListElement\":[{\"@type\":\"ListItem\",\"position\":1,\"name\":\"Anasayfa\",\"item\":\"http:\/\/atif.unaldi.org\/blog\/\"},{\"@type\":\"ListItem\",\"position\":2,\"name\":\"Dijital bir hayat ye\u015fil bir hayatt\u0131r!!!\"}]},{\"@type\":\"WebSite\",\"@id\":\"http:\/\/atif.unaldi.org\/blog\/#website\",\"url\":\"http:\/\/atif.unaldi.org\/blog\/\",\"name\":\"At\u0131f \u00dcnald\u0131\",\"description\":\"Yazar\",\"publisher\":{\"@id\":\"http:\/\/atif.unaldi.org\/blog\/#\/schema\/person\/608ed42ecbda2bc5cfdb767ac1db479b\"},\"alternateName\":\"At\u0131f \u00dcnald\u0131 Blog\",\"potentialAction\":[{\"@type\":\"SearchAction\",\"target\":{\"@type\":\"EntryPoint\",\"urlTemplate\":\"http:\/\/atif.unaldi.org\/blog\/?s={search_term_string}\"},\"query-input\":{\"@type\":\"PropertyValueSpecification\",\"valueRequired\":true,\"valueName\":\"search_term_string\"}}],\"inLanguage\":\"tr\"},{\"@type\":[\"Person\",\"Organization\"],\"@id\":\"http:\/\/atif.unaldi.org\/blog\/#\/schema\/person\/608ed42ecbda2bc5cfdb767ac1db479b\",\"name\":\"Atif Unaldi\",\"image\":{\"@type\":\"ImageObject\",\"inLanguage\":\"tr\",\"@id\":\"http:\/\/atif.unaldi.org\/blog\/#\/schema\/person\/image\/\",\"url\":\"http:\/\/atif.unaldi.org\/blog\/wp-content\/uploads\/2022\/10\/cropped-a94e8f7a-67c4-4d65-8a5f-032ba784be53-2.jpg\",\"contentUrl\":\"http:\/\/atif.unaldi.org\/blog\/wp-content\/uploads\/2022\/10\/cropped-a94e8f7a-67c4-4d65-8a5f-032ba784be53-2.jpg\",\"width\":512,\"height\":512,\"caption\":\"Atif Unaldi\"},\"logo\":{\"@id\":\"http:\/\/atif.unaldi.org\/blog\/#\/schema\/person\/image\/\"},\"description\":\"Bo\u011fazi\u00e7i \u00dcniversitesinde Fizik B\u00f6l\u00fcm\u00fc\u2019nde e\u011fitim ald\u0131\u011f\u0131 y\u0131llarda T\u00fcrkiye\u2019de ilk kez iki bilgisayar\u0131 telefon hatlar\u0131 \u00fczerinden konu\u015fturan BBS sistemini kurarak, T\u00fcrkiye\u2019deki ilk internet a\u011f\u0131n\u0131 olu\u015fturmu\u015ftur. Bir \u00e7ok radyo ve televizyonda program yap\u0131mc\u0131l\u0131\u011f\u0131 ve sunuculu\u011funu, bir \u00e7ok teknoloji dergisinde k\u00f6\u015fe yazarl\u0131\u011f\u0131, bili\u015fim edit\u00f6rl\u00fc\u011f\u00fc ve genel yay\u0131n y\u00f6netmenli\u011fi yapt\u0131. T\u00fcrkiye\u2019deki ilk internet servis sa\u011flay\u0131c\u0131s\u0131n\u0131n genel m\u00fcd\u00fcrl\u00fc\u011f\u00fcn\u00fc \u00fcstlendi. Bir \u00e7ok organizasyon ve kurulu\u015fta internet s\u00fcperviz\u00f6rl\u00fc\u011f\u00fc , webmaster\u2019l\u0131\u011f\u0131 , IT direkt\u00f6rl\u00fc\u011f\u00fc ve dijital projeler koordinat\u00f6rl\u00fc\u011f\u00fc g\u00f6revlerinde bulundu. Farkl\u0131 \u00fcniversitelerin farkl\u0131 fak\u00fcltelerinde \u00f6\u011fretim g\u00f6revlisi olarak bulunmu\u015f olan \u00dcnald\u0131; \u015fu an teknoloji ve pazarlama konular\u0131 ba\u015fta olmak \u00fczere bir\u00e7ok alanda hizmet veren Unaldi Consultancy\u2019nin kurucusudur. \\u2028Selin \u00dcnald\u0131 ile evlidir. Su ve Toprak isminde iki \u00e7ocu\u011fu vard\u0131r.\",\"sameAs\":[\"http:\/\/atif.unaldi.org\/blog\",\"https:\/\/www.facebook.com\/atifunaldi\",\"https:\/\/www.instagram.com\/atifunaldi\/\",\"https:\/\/www.linkedin.com\/in\/atifunaldi\",\"https:\/\/x.com\/https:\/\/twitter.com\/atifunaldi\",\"https:\/\/www.youtube.com\/c\/atifunaldi\",\"https:\/\/soundcloud.com\/atif-unaldi\",\"https:\/\/atifunaldi.tumblr.com\"],\"url\":\"http:\/\/atif.unaldi.org\/blog\/author\/atifunaldi\/\"}]}<\/script>\n<!-- \/ Yoast SEO plugin. -->","yoast_head_json":{"title":"Dijital bir hayat ye\u015fil bir hayatt\u0131r!!! - At\u0131f \u00dcnald\u0131","robots":{"index":"index","follow":"follow","max-snippet":"max-snippet:-1","max-image-preview":"max-image-preview:large","max-video-preview":"max-video-preview:-1"},"canonical":"http:\/\/atif.unaldi.org\/blog\/2007\/12\/05\/dijital-bir-hayat-yesil-bir-hayattir\/","og_locale":"tr_TR","og_type":"article","og_title":"Dijital bir hayat ye\u015fil bir hayatt\u0131r!!! - At\u0131f \u00dcnald\u0131","og_description":"Kyoto\u2019yu imzalamayan \u00fclkeler \u015f\u00f6yle dursun, kurumlar ve devletler aba alt\u0131ndan sopa g\u00f6stermeye ba\u015flad\u0131lar. Bazen ticari ama\u00e7lara hizmet i\u00e7in, bazen de sosyal sorumluluk fikri ile, kurumlar\u0131n aktif m\u00fc\u015fterilerine, k\u00fcresel \u0131s\u0131nmaya y\u00f6nelik \u00e7\u00f6z\u00fcmler \u00fcrettiklerini g\u00f6r\u00fcyoruz. Bu konuda...","og_url":"http:\/\/atif.unaldi.org\/blog\/2007\/12\/05\/dijital-bir-hayat-yesil-bir-hayattir\/","og_site_name":"At\u0131f \u00dcnald\u0131","article_publisher":"https:\/\/www.facebook.com\/atifunaldi","article_author":"https:\/\/www.facebook.com\/atifunaldi","article_published_time":"2007-12-05T00:00:00+00:00","author":"Atif Unaldi","twitter_card":"summary_large_image","twitter_creator":"@https:\/\/twitter.com\/atifunaldi","twitter_site":"@atifunaldi","twitter_misc":{"Yazan:":"Atif Unaldi","Tahmini okuma s\u00fcresi":"3 dakika"},"schema":{"@context":"https:\/\/schema.org","@graph":[{"@type":"Article","@id":"http:\/\/atif.unaldi.org\/blog\/2007\/12\/05\/dijital-bir-hayat-yesil-bir-hayattir\/#article","isPartOf":{"@id":"http:\/\/atif.unaldi.org\/blog\/2007\/12\/05\/dijital-bir-hayat-yesil-bir-hayattir\/"},"author":{"name":"Atif Unaldi","@id":"http:\/\/atif.unaldi.org\/blog\/#\/schema\/person\/608ed42ecbda2bc5cfdb767ac1db479b"},"headline":"Dijital bir hayat ye\u015fil bir hayatt\u0131r!!!","datePublished":"2007-12-05T00:00:00+00:00","mainEntityOfPage":{"@id":"http:\/\/atif.unaldi.org\/blog\/2007\/12\/05\/dijital-bir-hayat-yesil-bir-hayattir\/"},"wordCount":515,"commentCount":0,"publisher":{"@id":"http:\/\/atif.unaldi.org\/blog\/#\/schema\/person\/608ed42ecbda2bc5cfdb767ac1db479b"},"articleSection":["Blogum"],"inLanguage":"tr","potentialAction":[{"@type":"CommentAction","name":"Comment","target":["http:\/\/atif.unaldi.org\/blog\/2007\/12\/05\/dijital-bir-hayat-yesil-bir-hayattir\/#respond"]}]},{"@type":"WebPage","@id":"http:\/\/atif.unaldi.org\/blog\/2007\/12\/05\/dijital-bir-hayat-yesil-bir-hayattir\/","url":"http:\/\/atif.unaldi.org\/blog\/2007\/12\/05\/dijital-bir-hayat-yesil-bir-hayattir\/","name":"Dijital bir hayat ye\u015fil bir hayatt\u0131r!!! - At\u0131f \u00dcnald\u0131","isPartOf":{"@id":"http:\/\/atif.unaldi.org\/blog\/#website"},"datePublished":"2007-12-05T00:00:00+00:00","breadcrumb":{"@id":"http:\/\/atif.unaldi.org\/blog\/2007\/12\/05\/dijital-bir-hayat-yesil-bir-hayattir\/#breadcrumb"},"inLanguage":"tr","potentialAction":[{"@type":"ReadAction","target":["http:\/\/atif.unaldi.org\/blog\/2007\/12\/05\/dijital-bir-hayat-yesil-bir-hayattir\/"]}]},{"@type":"BreadcrumbList","@id":"http:\/\/atif.unaldi.org\/blog\/2007\/12\/05\/dijital-bir-hayat-yesil-bir-hayattir\/#breadcrumb","itemListElement":[{"@type":"ListItem","position":1,"name":"Anasayfa","item":"http:\/\/atif.unaldi.org\/blog\/"},{"@type":"ListItem","position":2,"name":"Dijital bir hayat ye\u015fil bir hayatt\u0131r!!!"}]},{"@type":"WebSite","@id":"http:\/\/atif.unaldi.org\/blog\/#website","url":"http:\/\/atif.unaldi.org\/blog\/","name":"At\u0131f \u00dcnald\u0131","description":"Yazar","publisher":{"@id":"http:\/\/atif.unaldi.org\/blog\/#\/schema\/person\/608ed42ecbda2bc5cfdb767ac1db479b"},"alternateName":"At\u0131f \u00dcnald\u0131 Blog","potentialAction":[{"@type":"SearchAction","target":{"@type":"EntryPoint","urlTemplate":"http:\/\/atif.unaldi.org\/blog\/?s={search_term_string}"},"query-input":{"@type":"PropertyValueSpecification","valueRequired":true,"valueName":"search_term_string"}}],"inLanguage":"tr"},{"@type":["Person","Organization"],"@id":"http:\/\/atif.unaldi.org\/blog\/#\/schema\/person\/608ed42ecbda2bc5cfdb767ac1db479b","name":"Atif Unaldi","image":{"@type":"ImageObject","inLanguage":"tr","@id":"http:\/\/atif.unaldi.org\/blog\/#\/schema\/person\/image\/","url":"http:\/\/atif.unaldi.org\/blog\/wp-content\/uploads\/2022\/10\/cropped-a94e8f7a-67c4-4d65-8a5f-032ba784be53-2.jpg","contentUrl":"http:\/\/atif.unaldi.org\/blog\/wp-content\/uploads\/2022\/10\/cropped-a94e8f7a-67c4-4d65-8a5f-032ba784be53-2.jpg","width":512,"height":512,"caption":"Atif Unaldi"},"logo":{"@id":"http:\/\/atif.unaldi.org\/blog\/#\/schema\/person\/image\/"},"description":"Bo\u011fazi\u00e7i \u00dcniversitesinde Fizik B\u00f6l\u00fcm\u00fc\u2019nde e\u011fitim ald\u0131\u011f\u0131 y\u0131llarda T\u00fcrkiye\u2019de ilk kez iki bilgisayar\u0131 telefon hatlar\u0131 \u00fczerinden konu\u015fturan BBS sistemini kurarak, T\u00fcrkiye\u2019deki ilk internet a\u011f\u0131n\u0131 olu\u015fturmu\u015ftur. Bir \u00e7ok radyo ve televizyonda program yap\u0131mc\u0131l\u0131\u011f\u0131 ve sunuculu\u011funu, bir \u00e7ok teknoloji dergisinde k\u00f6\u015fe yazarl\u0131\u011f\u0131, bili\u015fim edit\u00f6rl\u00fc\u011f\u00fc ve genel yay\u0131n y\u00f6netmenli\u011fi yapt\u0131. T\u00fcrkiye\u2019deki ilk internet servis sa\u011flay\u0131c\u0131s\u0131n\u0131n genel m\u00fcd\u00fcrl\u00fc\u011f\u00fcn\u00fc \u00fcstlendi. Bir \u00e7ok organizasyon ve kurulu\u015fta internet s\u00fcperviz\u00f6rl\u00fc\u011f\u00fc , webmaster\u2019l\u0131\u011f\u0131 , IT direkt\u00f6rl\u00fc\u011f\u00fc ve dijital projeler koordinat\u00f6rl\u00fc\u011f\u00fc g\u00f6revlerinde bulundu. Farkl\u0131 \u00fcniversitelerin farkl\u0131 fak\u00fcltelerinde \u00f6\u011fretim g\u00f6revlisi olarak bulunmu\u015f olan \u00dcnald\u0131; \u015fu an teknoloji ve pazarlama konular\u0131 ba\u015fta olmak \u00fczere bir\u00e7ok alanda hizmet veren Unaldi Consultancy\u2019nin kurucusudur. \u2028Selin \u00dcnald\u0131 ile evlidir. Su ve Toprak isminde iki \u00e7ocu\u011fu vard\u0131r.","sameAs":["http:\/\/atif.unaldi.org\/blog","https:\/\/www.facebook.com\/atifunaldi","https:\/\/www.instagram.com\/atifunaldi\/","https:\/\/www.linkedin.com\/in\/atifunaldi","https:\/\/x.com\/https:\/\/twitter.com\/atifunaldi","https:\/\/www.youtube.com\/c\/atifunaldi","https:\/\/soundcloud.com\/atif-unaldi","https:\/\/atifunaldi.tumblr.com"],"url":"http:\/\/atif.unaldi.org\/blog\/author\/atifunaldi\/"}]}},"jetpack_featured_media_url":"","_links":{"self":[{"href":"http:\/\/atif.unaldi.org\/blog\/wp-json\/wp\/v2\/posts\/654","targetHints":{"allow":["GET"]}}],"collection":[{"href":"http:\/\/atif.unaldi.org\/blog\/wp-json\/wp\/v2\/posts"}],"about":[{"href":"http:\/\/atif.unaldi.org\/blog\/wp-json\/wp\/v2\/types\/post"}],"author":[{"embeddable":true,"href":"http:\/\/atif.unaldi.org\/blog\/wp-json\/wp\/v2\/users\/2"}],"replies":[{"embeddable":true,"href":"http:\/\/atif.unaldi.org\/blog\/wp-json\/wp\/v2\/comments?post=654"}],"version-history":[{"count":0,"href":"http:\/\/atif.unaldi.org\/blog\/wp-json\/wp\/v2\/posts\/654\/revisions"}],"wp:attachment":[{"href":"http:\/\/atif.unaldi.org\/blog\/wp-json\/wp\/v2\/media?parent=654"}],"wp:term":[{"taxonomy":"category","embeddable":true,"href":"http:\/\/atif.unaldi.org\/blog\/wp-json\/wp\/v2\/categories?post=654"},{"taxonomy":"post_tag","embeddable":true,"href":"http:\/\/atif.unaldi.org\/blog\/wp-json\/wp\/v2\/tags?post=654"}],"curies":[{"name":"wp","href":"https:\/\/api.w.org\/{rel}","templated":true}]}}