{"id":655,"date":"2007-12-06T02:00:00","date_gmt":"2007-12-06T00:00:00","guid":{"rendered":"http:\/\/85.17.200.84\/~unaldi\/atif\/?p=655"},"modified":"2007-12-06T02:00:00","modified_gmt":"2007-12-06T00:00:00","slug":"dikkat-facebook-bilgilerinizi-caliyor","status":"publish","type":"post","link":"http:\/\/atif.unaldi.org\/blog\/2007\/12\/06\/dikkat-facebook-bilgilerinizi-caliyor\/","title":{"rendered":"Dikkat facebook bilgilerinizi \u00e7al\u0131yor!!!!"},"content":{"rendered":"<div class=\"clear_left\">Nas\u0131l heyecanland\u0131n\u0131z de\u011fil mi? \u0130\u015fte T\u00fcrk medyas\u0131ndan al\u0131\u015ft\u0131\u011f\u0131n\u0131z tarzda bir haber. hemen panik ortam\u0131 hemen ciddi problem&#8230;<br \/> &#8220;Facebook gizlilik haklar\u0131n\u0131 ihlal ediyor&#8221; ba\u015fl\u0131\u011f\u0131n\u0131 atm\u0131\u015f ntvmsnbc&#8230; Onu okusan\u0131z daha \u00e7ok g\u00fclerdiniz. <br \/> \u0130\u015fin asl\u0131 \u015fu efendim. Facebook bir javascript yazm\u0131\u015f ad\u0131 &#8220;beacon&#8221;&#8230; Bu scripti sitenize yerle\u015ftirdi\u011finizde girdi\u011finiz sitelerin bilgisi profilinize ekleniyor&#8230;<br \/> &#8211; AMAN TANRIM BU OLAMAZ!!!!<br \/> &#8211; Hadi can\u0131m \u00f6yle de bir olur ki. <br \/> &#8211; Google analytics ne yap\u0131yor? G\u00fcnde google analytics y\u00fckl\u00fc ka\u00e7 bilgisayara girdi\u011fini biliyor musun?<br \/> &#8211; Ama orda ismim yok!!! <br \/> &#8211; Ne gerek var? Kim senin ismini merak ediyor ki?<br \/> \u0130\u015fte b\u00f6yle dostlar korkacak bir\u015fey yok. Baz\u0131 siteler bu beacon&#8217;\u0131 y\u00fcklemi\u015f datalar\u0131n\u0131z\u0131 profilinize ekletiyor. Kurtulmak m\u00fcmk\u00fcn m\u00fc? Evet tabii ki? Browser&#8217;\u0131n\u0131zda <a rel=\"nofollow noopener noreferrer\" target=\"_blank\" href=\"http:\/\/*facebook.com\/beacon\/*\"><span>http:\/\/*facebook.com\/beaco<\/span><span class=\"word_break\"><\/span>n\/*<\/a> sitesini bloklayacaks\u0131n\u0131z. opera kullan\u0131yorsan\u0131z bloklama mod\u00fcl\u00fc geliyor. Firefox i\u00e7in mod\u00fcl\u00fc <a rel=\"nofollow noopener noreferrer\" target=\"_blank\" href=\"https:\/\/addons.mozilla.org\/en-US\/firefox\/addon\/3145\"><span>https:\/\/addons.mozilla.org<\/span><span class=\"word_break\"><\/span>\/en-US\/firefox\/addon\/3145<\/a> adresinden indirebilirsiniz.  Explorer i\u00e7in y\u00f6ntemse <a rel=\"nofollow noopener noreferrer\" target=\"_blank\" href=\"http:\/\/www.ie7pro.com\/\">http:\/\/www.ie7pro.com\/<\/a> adresinde var. Bu arada giden bilgilerin gitmesini engellemek i\u00e7in privacy k\u0131sm\u0131nda beacon&#8217;\u0131 allow de\u011fil not allow yapmak gerekiyor. <\/div>\n<p>Bu arada T\u00fcrklerin heran panik halindeki bili\u015fim yazarlar\u0131 i\u015fi b\u00fcy\u00fctm\u00fc\u015f. Do\u011frusu \u015fu, &#8220;bu beacon&#8217;a opt-out olunabiliyor ama opt-in yaparken bize niye sormad\u0131?&#8221; as\u0131l sorun&#8230;<\/p>\n","protected":false},"excerpt":{"rendered":"<p>Nas\u0131l heyecanland\u0131n\u0131z de\u011fil mi? \u0130\u015fte T\u00fcrk medyas\u0131ndan al\u0131\u015ft\u0131\u011f\u0131n\u0131z tarzda bir haber. hemen panik ortam\u0131 hemen ciddi problem&#8230; &#8220;Facebook gizlilik haklar\u0131n\u0131 ihlal ediyor&#8221; ba\u015fl\u0131\u011f\u0131n\u0131 atm\u0131\u015f ntvmsnbc&#8230; Onu okusan\u0131z daha \u00e7ok g\u00fclerdiniz. \u0130\u015fin asl\u0131 \u015fu efendim. Facebook&#8230;<\/p>\n","protected":false},"author":2,"featured_media":0,"comment_status":"open","ping_status":"open","sticky":false,"template":"","format":"standard","meta":{"footnotes":""},"categories":[3],"tags":[],"class_list":["post-655","post","type-post","status-publish","format-standard","hentry","category-blogum"],"yoast_head":"<!-- This site is optimized with the Yoast SEO plugin v26.8 - https:\/\/yoast.com\/product\/yoast-seo-wordpress\/ -->\n<title>Dikkat facebook bilgilerinizi \u00e7al\u0131yor!!!! - At\u0131f \u00dcnald\u0131<\/title>\n<meta name=\"robots\" content=\"index, follow, max-snippet:-1, max-image-preview:large, max-video-preview:-1\" \/>\n<link rel=\"canonical\" href=\"http:\/\/atif.unaldi.org\/blog\/2007\/12\/06\/dikkat-facebook-bilgilerinizi-caliyor\/\" \/>\n<meta property=\"og:locale\" content=\"tr_TR\" \/>\n<meta property=\"og:type\" content=\"article\" \/>\n<meta property=\"og:title\" content=\"Dikkat facebook bilgilerinizi \u00e7al\u0131yor!!!! - At\u0131f \u00dcnald\u0131\" \/>\n<meta property=\"og:description\" content=\"Nas\u0131l heyecanland\u0131n\u0131z de\u011fil mi? \u0130\u015fte T\u00fcrk medyas\u0131ndan al\u0131\u015ft\u0131\u011f\u0131n\u0131z tarzda bir haber. hemen panik ortam\u0131 hemen ciddi problem&#8230; &#8220;Facebook gizlilik haklar\u0131n\u0131 ihlal ediyor&#8221; ba\u015fl\u0131\u011f\u0131n\u0131 atm\u0131\u015f ntvmsnbc&#8230; Onu okusan\u0131z daha \u00e7ok g\u00fclerdiniz. \u0130\u015fin asl\u0131 \u015fu efendim. Facebook...\" \/>\n<meta property=\"og:url\" content=\"http:\/\/atif.unaldi.org\/blog\/2007\/12\/06\/dikkat-facebook-bilgilerinizi-caliyor\/\" \/>\n<meta property=\"og:site_name\" content=\"At\u0131f \u00dcnald\u0131\" \/>\n<meta property=\"article:publisher\" content=\"https:\/\/www.facebook.com\/atifunaldi\" \/>\n<meta property=\"article:author\" content=\"https:\/\/www.facebook.com\/atifunaldi\" \/>\n<meta property=\"article:published_time\" content=\"2007-12-06T00:00:00+00:00\" \/>\n<meta name=\"author\" content=\"Atif Unaldi\" \/>\n<meta name=\"twitter:card\" content=\"summary_large_image\" \/>\n<meta name=\"twitter:creator\" content=\"@https:\/\/twitter.com\/atifunaldi\" \/>\n<meta name=\"twitter:site\" content=\"@atifunaldi\" \/>\n<meta name=\"twitter:label1\" content=\"Yazan:\" \/>\n\t<meta name=\"twitter:data1\" content=\"Atif Unaldi\" \/>\n\t<meta name=\"twitter:label2\" content=\"Tahmini okuma s\u00fcresi\" \/>\n\t<meta name=\"twitter:data2\" content=\"1 dakika\" \/>\n<script type=\"application\/ld+json\" class=\"yoast-schema-graph\">{\"@context\":\"https:\/\/schema.org\",\"@graph\":[{\"@type\":\"Article\",\"@id\":\"http:\/\/atif.unaldi.org\/blog\/2007\/12\/06\/dikkat-facebook-bilgilerinizi-caliyor\/#article\",\"isPartOf\":{\"@id\":\"http:\/\/atif.unaldi.org\/blog\/2007\/12\/06\/dikkat-facebook-bilgilerinizi-caliyor\/\"},\"author\":{\"name\":\"Atif Unaldi\",\"@id\":\"http:\/\/atif.unaldi.org\/blog\/#\/schema\/person\/608ed42ecbda2bc5cfdb767ac1db479b\"},\"headline\":\"Dikkat facebook bilgilerinizi \u00e7al\u0131yor!!!!\",\"datePublished\":\"2007-12-06T00:00:00+00:00\",\"mainEntityOfPage\":{\"@id\":\"http:\/\/atif.unaldi.org\/blog\/2007\/12\/06\/dikkat-facebook-bilgilerinizi-caliyor\/\"},\"wordCount\":242,\"commentCount\":0,\"publisher\":{\"@id\":\"http:\/\/atif.unaldi.org\/blog\/#\/schema\/person\/608ed42ecbda2bc5cfdb767ac1db479b\"},\"articleSection\":[\"Blogum\"],\"inLanguage\":\"tr\",\"potentialAction\":[{\"@type\":\"CommentAction\",\"name\":\"Comment\",\"target\":[\"http:\/\/atif.unaldi.org\/blog\/2007\/12\/06\/dikkat-facebook-bilgilerinizi-caliyor\/#respond\"]}]},{\"@type\":\"WebPage\",\"@id\":\"http:\/\/atif.unaldi.org\/blog\/2007\/12\/06\/dikkat-facebook-bilgilerinizi-caliyor\/\",\"url\":\"http:\/\/atif.unaldi.org\/blog\/2007\/12\/06\/dikkat-facebook-bilgilerinizi-caliyor\/\",\"name\":\"Dikkat facebook bilgilerinizi \u00e7al\u0131yor!!!! - At\u0131f \u00dcnald\u0131\",\"isPartOf\":{\"@id\":\"http:\/\/atif.unaldi.org\/blog\/#website\"},\"datePublished\":\"2007-12-06T00:00:00+00:00\",\"breadcrumb\":{\"@id\":\"http:\/\/atif.unaldi.org\/blog\/2007\/12\/06\/dikkat-facebook-bilgilerinizi-caliyor\/#breadcrumb\"},\"inLanguage\":\"tr\",\"potentialAction\":[{\"@type\":\"ReadAction\",\"target\":[\"http:\/\/atif.unaldi.org\/blog\/2007\/12\/06\/dikkat-facebook-bilgilerinizi-caliyor\/\"]}]},{\"@type\":\"BreadcrumbList\",\"@id\":\"http:\/\/atif.unaldi.org\/blog\/2007\/12\/06\/dikkat-facebook-bilgilerinizi-caliyor\/#breadcrumb\",\"itemListElement\":[{\"@type\":\"ListItem\",\"position\":1,\"name\":\"Anasayfa\",\"item\":\"http:\/\/atif.unaldi.org\/blog\/\"},{\"@type\":\"ListItem\",\"position\":2,\"name\":\"Dikkat facebook bilgilerinizi \u00e7al\u0131yor!!!!\"}]},{\"@type\":\"WebSite\",\"@id\":\"http:\/\/atif.unaldi.org\/blog\/#website\",\"url\":\"http:\/\/atif.unaldi.org\/blog\/\",\"name\":\"At\u0131f \u00dcnald\u0131\",\"description\":\"Yazar\",\"publisher\":{\"@id\":\"http:\/\/atif.unaldi.org\/blog\/#\/schema\/person\/608ed42ecbda2bc5cfdb767ac1db479b\"},\"alternateName\":\"At\u0131f \u00dcnald\u0131 Blog\",\"potentialAction\":[{\"@type\":\"SearchAction\",\"target\":{\"@type\":\"EntryPoint\",\"urlTemplate\":\"http:\/\/atif.unaldi.org\/blog\/?s={search_term_string}\"},\"query-input\":{\"@type\":\"PropertyValueSpecification\",\"valueRequired\":true,\"valueName\":\"search_term_string\"}}],\"inLanguage\":\"tr\"},{\"@type\":[\"Person\",\"Organization\"],\"@id\":\"http:\/\/atif.unaldi.org\/blog\/#\/schema\/person\/608ed42ecbda2bc5cfdb767ac1db479b\",\"name\":\"Atif Unaldi\",\"image\":{\"@type\":\"ImageObject\",\"inLanguage\":\"tr\",\"@id\":\"http:\/\/atif.unaldi.org\/blog\/#\/schema\/person\/image\/\",\"url\":\"http:\/\/atif.unaldi.org\/blog\/wp-content\/uploads\/2022\/10\/cropped-a94e8f7a-67c4-4d65-8a5f-032ba784be53-2.jpg\",\"contentUrl\":\"http:\/\/atif.unaldi.org\/blog\/wp-content\/uploads\/2022\/10\/cropped-a94e8f7a-67c4-4d65-8a5f-032ba784be53-2.jpg\",\"width\":512,\"height\":512,\"caption\":\"Atif Unaldi\"},\"logo\":{\"@id\":\"http:\/\/atif.unaldi.org\/blog\/#\/schema\/person\/image\/\"},\"description\":\"Bo\u011fazi\u00e7i \u00dcniversitesinde Fizik B\u00f6l\u00fcm\u00fc\u2019nde e\u011fitim ald\u0131\u011f\u0131 y\u0131llarda T\u00fcrkiye\u2019de ilk kez iki bilgisayar\u0131 telefon hatlar\u0131 \u00fczerinden konu\u015fturan BBS sistemini kurarak, T\u00fcrkiye\u2019deki ilk internet a\u011f\u0131n\u0131 olu\u015fturmu\u015ftur. Bir \u00e7ok radyo ve televizyonda program yap\u0131mc\u0131l\u0131\u011f\u0131 ve sunuculu\u011funu, bir \u00e7ok teknoloji dergisinde k\u00f6\u015fe yazarl\u0131\u011f\u0131, bili\u015fim edit\u00f6rl\u00fc\u011f\u00fc ve genel yay\u0131n y\u00f6netmenli\u011fi yapt\u0131. T\u00fcrkiye\u2019deki ilk internet servis sa\u011flay\u0131c\u0131s\u0131n\u0131n genel m\u00fcd\u00fcrl\u00fc\u011f\u00fcn\u00fc \u00fcstlendi. Bir \u00e7ok organizasyon ve kurulu\u015fta internet s\u00fcperviz\u00f6rl\u00fc\u011f\u00fc , webmaster\u2019l\u0131\u011f\u0131 , IT direkt\u00f6rl\u00fc\u011f\u00fc ve dijital projeler koordinat\u00f6rl\u00fc\u011f\u00fc g\u00f6revlerinde bulundu. Farkl\u0131 \u00fcniversitelerin farkl\u0131 fak\u00fcltelerinde \u00f6\u011fretim g\u00f6revlisi olarak bulunmu\u015f olan \u00dcnald\u0131; \u015fu an teknoloji ve pazarlama konular\u0131 ba\u015fta olmak \u00fczere bir\u00e7ok alanda hizmet veren Unaldi Consultancy\u2019nin kurucusudur. \\u2028Selin \u00dcnald\u0131 ile evlidir. Su ve Toprak isminde iki \u00e7ocu\u011fu vard\u0131r.\",\"sameAs\":[\"http:\/\/atif.unaldi.org\/blog\",\"https:\/\/www.facebook.com\/atifunaldi\",\"https:\/\/www.instagram.com\/atifunaldi\/\",\"https:\/\/www.linkedin.com\/in\/atifunaldi\",\"https:\/\/x.com\/https:\/\/twitter.com\/atifunaldi\",\"https:\/\/www.youtube.com\/c\/atifunaldi\",\"https:\/\/soundcloud.com\/atif-unaldi\",\"https:\/\/atifunaldi.tumblr.com\"],\"url\":\"http:\/\/atif.unaldi.org\/blog\/author\/atifunaldi\/\"}]}<\/script>\n<!-- \/ Yoast SEO plugin. -->","yoast_head_json":{"title":"Dikkat facebook bilgilerinizi \u00e7al\u0131yor!!!! - At\u0131f \u00dcnald\u0131","robots":{"index":"index","follow":"follow","max-snippet":"max-snippet:-1","max-image-preview":"max-image-preview:large","max-video-preview":"max-video-preview:-1"},"canonical":"http:\/\/atif.unaldi.org\/blog\/2007\/12\/06\/dikkat-facebook-bilgilerinizi-caliyor\/","og_locale":"tr_TR","og_type":"article","og_title":"Dikkat facebook bilgilerinizi \u00e7al\u0131yor!!!! - At\u0131f \u00dcnald\u0131","og_description":"Nas\u0131l heyecanland\u0131n\u0131z de\u011fil mi? \u0130\u015fte T\u00fcrk medyas\u0131ndan al\u0131\u015ft\u0131\u011f\u0131n\u0131z tarzda bir haber. hemen panik ortam\u0131 hemen ciddi problem&#8230; &#8220;Facebook gizlilik haklar\u0131n\u0131 ihlal ediyor&#8221; ba\u015fl\u0131\u011f\u0131n\u0131 atm\u0131\u015f ntvmsnbc&#8230; Onu okusan\u0131z daha \u00e7ok g\u00fclerdiniz. \u0130\u015fin asl\u0131 \u015fu efendim. Facebook...","og_url":"http:\/\/atif.unaldi.org\/blog\/2007\/12\/06\/dikkat-facebook-bilgilerinizi-caliyor\/","og_site_name":"At\u0131f \u00dcnald\u0131","article_publisher":"https:\/\/www.facebook.com\/atifunaldi","article_author":"https:\/\/www.facebook.com\/atifunaldi","article_published_time":"2007-12-06T00:00:00+00:00","author":"Atif Unaldi","twitter_card":"summary_large_image","twitter_creator":"@https:\/\/twitter.com\/atifunaldi","twitter_site":"@atifunaldi","twitter_misc":{"Yazan:":"Atif Unaldi","Tahmini okuma s\u00fcresi":"1 dakika"},"schema":{"@context":"https:\/\/schema.org","@graph":[{"@type":"Article","@id":"http:\/\/atif.unaldi.org\/blog\/2007\/12\/06\/dikkat-facebook-bilgilerinizi-caliyor\/#article","isPartOf":{"@id":"http:\/\/atif.unaldi.org\/blog\/2007\/12\/06\/dikkat-facebook-bilgilerinizi-caliyor\/"},"author":{"name":"Atif Unaldi","@id":"http:\/\/atif.unaldi.org\/blog\/#\/schema\/person\/608ed42ecbda2bc5cfdb767ac1db479b"},"headline":"Dikkat facebook bilgilerinizi \u00e7al\u0131yor!!!!","datePublished":"2007-12-06T00:00:00+00:00","mainEntityOfPage":{"@id":"http:\/\/atif.unaldi.org\/blog\/2007\/12\/06\/dikkat-facebook-bilgilerinizi-caliyor\/"},"wordCount":242,"commentCount":0,"publisher":{"@id":"http:\/\/atif.unaldi.org\/blog\/#\/schema\/person\/608ed42ecbda2bc5cfdb767ac1db479b"},"articleSection":["Blogum"],"inLanguage":"tr","potentialAction":[{"@type":"CommentAction","name":"Comment","target":["http:\/\/atif.unaldi.org\/blog\/2007\/12\/06\/dikkat-facebook-bilgilerinizi-caliyor\/#respond"]}]},{"@type":"WebPage","@id":"http:\/\/atif.unaldi.org\/blog\/2007\/12\/06\/dikkat-facebook-bilgilerinizi-caliyor\/","url":"http:\/\/atif.unaldi.org\/blog\/2007\/12\/06\/dikkat-facebook-bilgilerinizi-caliyor\/","name":"Dikkat facebook bilgilerinizi \u00e7al\u0131yor!!!! - At\u0131f \u00dcnald\u0131","isPartOf":{"@id":"http:\/\/atif.unaldi.org\/blog\/#website"},"datePublished":"2007-12-06T00:00:00+00:00","breadcrumb":{"@id":"http:\/\/atif.unaldi.org\/blog\/2007\/12\/06\/dikkat-facebook-bilgilerinizi-caliyor\/#breadcrumb"},"inLanguage":"tr","potentialAction":[{"@type":"ReadAction","target":["http:\/\/atif.unaldi.org\/blog\/2007\/12\/06\/dikkat-facebook-bilgilerinizi-caliyor\/"]}]},{"@type":"BreadcrumbList","@id":"http:\/\/atif.unaldi.org\/blog\/2007\/12\/06\/dikkat-facebook-bilgilerinizi-caliyor\/#breadcrumb","itemListElement":[{"@type":"ListItem","position":1,"name":"Anasayfa","item":"http:\/\/atif.unaldi.org\/blog\/"},{"@type":"ListItem","position":2,"name":"Dikkat facebook bilgilerinizi \u00e7al\u0131yor!!!!"}]},{"@type":"WebSite","@id":"http:\/\/atif.unaldi.org\/blog\/#website","url":"http:\/\/atif.unaldi.org\/blog\/","name":"At\u0131f \u00dcnald\u0131","description":"Yazar","publisher":{"@id":"http:\/\/atif.unaldi.org\/blog\/#\/schema\/person\/608ed42ecbda2bc5cfdb767ac1db479b"},"alternateName":"At\u0131f \u00dcnald\u0131 Blog","potentialAction":[{"@type":"SearchAction","target":{"@type":"EntryPoint","urlTemplate":"http:\/\/atif.unaldi.org\/blog\/?s={search_term_string}"},"query-input":{"@type":"PropertyValueSpecification","valueRequired":true,"valueName":"search_term_string"}}],"inLanguage":"tr"},{"@type":["Person","Organization"],"@id":"http:\/\/atif.unaldi.org\/blog\/#\/schema\/person\/608ed42ecbda2bc5cfdb767ac1db479b","name":"Atif Unaldi","image":{"@type":"ImageObject","inLanguage":"tr","@id":"http:\/\/atif.unaldi.org\/blog\/#\/schema\/person\/image\/","url":"http:\/\/atif.unaldi.org\/blog\/wp-content\/uploads\/2022\/10\/cropped-a94e8f7a-67c4-4d65-8a5f-032ba784be53-2.jpg","contentUrl":"http:\/\/atif.unaldi.org\/blog\/wp-content\/uploads\/2022\/10\/cropped-a94e8f7a-67c4-4d65-8a5f-032ba784be53-2.jpg","width":512,"height":512,"caption":"Atif Unaldi"},"logo":{"@id":"http:\/\/atif.unaldi.org\/blog\/#\/schema\/person\/image\/"},"description":"Bo\u011fazi\u00e7i \u00dcniversitesinde Fizik B\u00f6l\u00fcm\u00fc\u2019nde e\u011fitim ald\u0131\u011f\u0131 y\u0131llarda T\u00fcrkiye\u2019de ilk kez iki bilgisayar\u0131 telefon hatlar\u0131 \u00fczerinden konu\u015fturan BBS sistemini kurarak, T\u00fcrkiye\u2019deki ilk internet a\u011f\u0131n\u0131 olu\u015fturmu\u015ftur. Bir \u00e7ok radyo ve televizyonda program yap\u0131mc\u0131l\u0131\u011f\u0131 ve sunuculu\u011funu, bir \u00e7ok teknoloji dergisinde k\u00f6\u015fe yazarl\u0131\u011f\u0131, bili\u015fim edit\u00f6rl\u00fc\u011f\u00fc ve genel yay\u0131n y\u00f6netmenli\u011fi yapt\u0131. T\u00fcrkiye\u2019deki ilk internet servis sa\u011flay\u0131c\u0131s\u0131n\u0131n genel m\u00fcd\u00fcrl\u00fc\u011f\u00fcn\u00fc \u00fcstlendi. Bir \u00e7ok organizasyon ve kurulu\u015fta internet s\u00fcperviz\u00f6rl\u00fc\u011f\u00fc , webmaster\u2019l\u0131\u011f\u0131 , IT direkt\u00f6rl\u00fc\u011f\u00fc ve dijital projeler koordinat\u00f6rl\u00fc\u011f\u00fc g\u00f6revlerinde bulundu. Farkl\u0131 \u00fcniversitelerin farkl\u0131 fak\u00fcltelerinde \u00f6\u011fretim g\u00f6revlisi olarak bulunmu\u015f olan \u00dcnald\u0131; \u015fu an teknoloji ve pazarlama konular\u0131 ba\u015fta olmak \u00fczere bir\u00e7ok alanda hizmet veren Unaldi Consultancy\u2019nin kurucusudur. \u2028Selin \u00dcnald\u0131 ile evlidir. Su ve Toprak isminde iki \u00e7ocu\u011fu vard\u0131r.","sameAs":["http:\/\/atif.unaldi.org\/blog","https:\/\/www.facebook.com\/atifunaldi","https:\/\/www.instagram.com\/atifunaldi\/","https:\/\/www.linkedin.com\/in\/atifunaldi","https:\/\/x.com\/https:\/\/twitter.com\/atifunaldi","https:\/\/www.youtube.com\/c\/atifunaldi","https:\/\/soundcloud.com\/atif-unaldi","https:\/\/atifunaldi.tumblr.com"],"url":"http:\/\/atif.unaldi.org\/blog\/author\/atifunaldi\/"}]}},"jetpack_featured_media_url":"","_links":{"self":[{"href":"http:\/\/atif.unaldi.org\/blog\/wp-json\/wp\/v2\/posts\/655","targetHints":{"allow":["GET"]}}],"collection":[{"href":"http:\/\/atif.unaldi.org\/blog\/wp-json\/wp\/v2\/posts"}],"about":[{"href":"http:\/\/atif.unaldi.org\/blog\/wp-json\/wp\/v2\/types\/post"}],"author":[{"embeddable":true,"href":"http:\/\/atif.unaldi.org\/blog\/wp-json\/wp\/v2\/users\/2"}],"replies":[{"embeddable":true,"href":"http:\/\/atif.unaldi.org\/blog\/wp-json\/wp\/v2\/comments?post=655"}],"version-history":[{"count":0,"href":"http:\/\/atif.unaldi.org\/blog\/wp-json\/wp\/v2\/posts\/655\/revisions"}],"wp:attachment":[{"href":"http:\/\/atif.unaldi.org\/blog\/wp-json\/wp\/v2\/media?parent=655"}],"wp:term":[{"taxonomy":"category","embeddable":true,"href":"http:\/\/atif.unaldi.org\/blog\/wp-json\/wp\/v2\/categories?post=655"},{"taxonomy":"post_tag","embeddable":true,"href":"http:\/\/atif.unaldi.org\/blog\/wp-json\/wp\/v2\/tags?post=655"}],"curies":[{"name":"wp","href":"https:\/\/api.w.org\/{rel}","templated":true}]}}