{"id":657,"date":"2007-12-10T02:00:00","date_gmt":"2007-12-10T00:00:00","guid":{"rendered":"http:\/\/85.17.200.84\/~unaldi\/atif\/?p=657"},"modified":"2007-12-10T02:00:00","modified_gmt":"2007-12-10T00:00:00","slug":"atif-unaldi-ile-soylesi","status":"publish","type":"post","link":"http:\/\/atif.unaldi.org\/blog\/2007\/12\/10\/atif-unaldi-ile-soylesi\/","title":{"rendered":"At\u0131f \u00dcnald\u0131 ile s\u00f6yle\u015fi"},"content":{"rendered":"<p><span id=\"divBlog\"><strong>Esra Kahraman&#8217;\u0131n benimle yapt\u0131\u011f\u0131 r\u00f6portaj&#8230;<\/p>\n<p>Teknoloji Dan\u0131\u015fman\u0131 At\u0131f \u00dcnald\u0131&#8217; yla teknoloji \u00fczerine s\u00f6yle\u015fi yapt\u0131k. \u00dcNALDI \u00f6nemli bilgiler verdi. Bu yaz\u0131 dizisini 3 b\u00f6l\u00fcm halinde sizlerle payla\u015faca\u011f\u0131m. <\/p>\n<p>\u0130nterneti do\u011fru kullan\u0131yor muyuz?<\/p>\n<p><\/strong><\/p>\n<p>T\u00fcrk toplumunun genelde \u00e7ok ilgin\u00e7 bir davran\u0131\u015f yap\u0131s\u0131 var. Kar\u015f\u0131s\u0131na gelen kavramlar\u0131n anlamlar\u0131 ile ilgilenmeyip, onlara yeni anlamlar bi\u00e7meyi tercih ediyor. Bu davran\u0131\u015f\u0131n\u0131 internet konusunda da de\u011fi\u015ftirmedi. O nedenle d\u00fcnyan\u0131n yeni medya olarak nitelendirdi\u011fi internet T\u00fcrkiye&#8217; de sanal alem olmaktan ileri gitmedi. Daha g\u00fcncel bir \u00f6rnek verirsek, d\u00fcnyan\u0131n profil toplamak i\u00e7in olu\u015fturulmu\u015f bir sitesi olan facebook, T\u00fcrkiye&#8217; de arkada\u015fl\u0131k sitesi olarak alg\u0131lan\u0131yor. Bu yakla\u015f\u0131mlarla bakt\u0131\u011f\u0131n\u0131z zaman, T\u00fcrkiye&#8217; de internetin do\u011fru kullan\u0131lmas\u0131 zaten beklenemez. Bu nedenle T\u00fcrk pazar\u0131na girmek isteyen firmalarda, bazen benden pazar\u0131 anlama konusunda dan\u0131\u015fmanl\u0131klar al\u0131yor..<\/p>\n<p><strong><\/p>\n<p>Facebook ne i\u015fe yar\u0131yor ve gizlilik haklar\u0131n\u0131 ihlal ediyor mu?<\/p>\n<p><\/strong><\/p>\n<p>Facebook \u00e7ok ciddi bir profil toplama sitesi, bu nedenle bazen t\u00fcketicinin paranoyas\u0131na denk geliyor. Bu nedenle i\u015flerinin zor oldu\u011funu kabul etmek gerekir. Facebook&#8217; un ger\u00e7ekten gere\u011finden fazla bilgi toplay\u0131p toplamad\u0131\u011f\u0131 konusu o kadar karma\u015f\u0131k ki; ge\u00e7enlerde Harvard \u00dcniversitesi bu konuyu sekt\u00f6r fikir \u00f6nderlerine sordu. Biz de elimizden geldi\u011fince cevapland\u0131rmaya \u00e7al\u0131\u015ft\u0131k. Ben teknik tabanl\u0131 birisi oldu\u011fumdan al\u0131nan bilginin Google Analytics hatta girdi\u011finiz bir\u00e7ok sitenin log dosyas\u0131ndaki bilgilerden fazla olmad\u0131\u011f\u0131n\u0131 biliyorum. Yani ki\u015fisel g\u00f6r\u00fc\u015f\u00fcm al\u0131nan bilginin interneti sanal alem olarak g\u00f6rmeyen, ger\u00e7ek kimli\u011finin bir par\u00e7as\u0131 olarak g\u00f6ren bir ki\u015fi i\u00e7in rahats\u0131z edici olmad\u0131\u011f\u0131 yolunda.<\/p>\n<p><strong><\/p>\n<p>Nas\u0131l dan\u0131\u015fman oldunuz?<\/p>\n<p><\/strong><\/p>\n<p>1992&#8242; de T\u00fcrkiye&#8217; nin ilk BBS&#8217; ini kurdu\u011fumuzda asl\u0131nda kaderimiz de \u00e7izilmi\u015f oldu. \u00d6nce edit\u00f6rl\u00fck teklifleri ald\u0131m. Ancak TV ve Radyoda program yapmay\u0131 tercih ettim. Bir s\u00fcre sonra herkes yapmak istedi\u011fi teknoloji projelerine beni ortak almak istemeye ba\u015flad\u0131. Bu a\u015famada bakt\u0131m ki projeler ve \u00e7ok \u00e7e\u015fitli konular\u0131n internet alanlar\u0131ndan sorumlu oluyorum. Bu a\u015famada benim i\u015fin fikir altyap\u0131s\u0131nda internet konusunda insanlar\u0131 ayd\u0131nlatma noktas\u0131nda olmam gerekti\u011fini farkettim. Bu nedenle e-business konusunda de\u011fi\u015fik dan\u0131\u015fmanl\u0131klar veren bir sanal yap\u0131lanma kurdum. <u>http:\/\/www.atfworkshops.com<\/u><\/p>\n<p>Ve dan\u0131\u015fmanl\u0131k ser\u00fcvenim bu sayede ba\u015flam\u0131\u015f oldu.<\/p>\n<p><strong><\/p>\n<p>Bir Teknoloji Dan\u0131\u015fman\u0131 \u015firketlere neler kazand\u0131r\u0131r?<\/p>\n<p><\/strong><\/p>\n<p>\u015eirketin faaliyet alan\u0131 ne olursa olsun, internet projeleri her zaman katma de\u011feri y\u00fckselten ve b\u00fct\u00e7eye direkt etki eden yat\u0131r\u0131mlard\u0131r. Bu nedenle bizim i\u015fimiz son derece \u00e7e\u015fitlilik g\u00f6sterir. \u0130\u015f ileti\u015fimin g\u00fc\u00e7lendirilmesinden, markan\u0131n olu\u015fturulmas\u0131na kadar bir \u00e7ok alanda bize ihtiya\u00e7 bulunmaktad\u0131r. Bu nedenle ben dan\u0131\u015fanlar\u0131ma \u015firket d\u0131\u015f\u0131 bir reengineer mant\u0131\u011f\u0131 ile yakla\u015f\u0131r\u0131m. Bazen antla\u015fmam\u0131z d\u0131\u015f\u0131nda olmas\u0131na ra\u011fmen mesleki k\u00f6rl\u00fckten olu\u015fan problemlerini de teknolojiyi ve yeni d\u00fcnya g\u00f6r\u00fc\u015f\u00fcn\u00fc nas\u0131l kullanacaklar\u0131n\u0131 s\u00f6yleyerek anlat\u0131r\u0131m. Bazen de kurumun elinde hali haz\u0131rda kulland\u0131\u011f\u0131 imkanlar\u0131 de\u011ferlendirerek, hi\u00e7bir harcama yapmadan bir teknoloji \u00fcr\u00fcn\u00fc \u00fcretmesini sa\u011flar\u0131m.. Bu nedenle kurumlar\u0131n bak\u0131\u015f a\u00e7\u0131lar\u0131n\u0131 bilmemekle birlikte ben kendimi d\u0131\u015fardan \u00e7al\u0131\u015fan maa\u015fl\u0131 bir ortak gibi hisseder, o \u015fekilde projeler \u00fcretirim.<\/p>\n<p><strong><\/p>\n<p>\u0130nternetten al\u0131\u015fveri\u015f yapmak ne kadar sa\u011fl\u0131kl\u0131?<\/p>\n<p><\/strong><\/p>\n<p>e-Ticaret konusunda verdi\u011fimiz seminerlerde ilk sorulardan biri budur. \u0130nternetten ticaret yapmak, normal ticaretten bile daha sa\u011fl\u0131kl\u0131d\u0131r. \u0130statistiklere bakt\u0131\u011f\u0131m\u0131zda fiziksel yollarla yap\u0131lan kredi kart\u0131 yolsuzluklar\u0131, internet yolsuzluklar\u0131na g\u00f6re son derece fazlad\u0131r. Zaten bir hacker&#8217; \u0131n bir ki\u015finin kredi kart\u0131n\u0131 \u00e7almak i\u00e7in harcayaca\u011f\u0131 zaman ve donan\u0131m ihtiyac\u0131 o kadar fazlad\u0131r ki, ki\u015fisel husumeti yoksa, gidip bir yerde h\u0131rs\u0131zl\u0131k yapmas\u0131 hem daha kolay, hem de ucuzdur. Tabii son d\u00f6nem g\u00fcvenlik ekiplerinin internet su\u00e7lar\u0131 konusunda son derece uzman olmas\u0131 da ayr\u0131 bir caydr\u0131c\u0131 nedendir. Zira yap\u0131lan her t\u00fcrl\u00fc internet su\u00e7unda, su\u00e7un i\u015flendi\u011fi ki\u015fiyi \u0130P \u00fczerinden tespit etmek ve adresten sorumlu olan karakolun su\u00e7a m\u00fcdahale etme s\u00fcresi, g\u00fcvenlik ekiplerinin ald\u0131klar\u0131 e\u011fitimler sayesinde yar\u0131m saatlere kadar inmi\u015ftir. Telekominikasyon Kurumunun son internet yasas\u0131 \u00fczerine haz\u0131rlad\u0131\u011f\u0131 y\u00fcr\u00fctmelikte bizim de dan\u0131\u015fmanl\u0131\u011f\u0131m\u0131z\u0131 ald\u0131lar. Bu y\u00fcr\u00fctmelik de internet \u00fczerinde i\u015flenmi\u015f su\u00e7larda hukuki her t\u00fcrl\u00fc a\u00e7\u0131k kapat\u0131lm\u0131\u015f durumdad\u0131r.<\/p>\n<p><strong><\/p>\n<p>Nedir internet yasas\u0131?<\/p>\n<p><\/strong><\/p>\n<p>22 May\u0131s 2007&#8242; de Say\u0131n Ahmet Necdet Sezer taraf\u0131ndan kamuoyunda internet yasas\u0131 olarak adland\u0131r\u0131lan 5651 say\u0131l\u0131 &#8216; \u0130nternet Ortam\u0131nda Yap\u0131lan Yay\u0131nlar\u0131n D\u00fczenlenmesi ve Bu Yay\u0131nlar Yoluyla \u0130\u015flenen Su\u00e7larla M\u00fccadele Edilmesi &#8216; hakk\u0131nda kanun onayland\u0131. Kanunu inceledi\u011fimde T.C. kanunlar\u0131n\u0131n hepsinde oldu\u011fu gibi olduk\u00e7a iyi planlanm\u0131\u015f oldu\u011funu rahatl\u0131kla g\u00f6rebiliyorum. Ancak iki konuya dikkatinizi \u00e7ekmek isterim. <\/p>\n<p><strong> <\/strong><\/p>\n<p><strong>Birincisi;<\/strong> konjonkt\u00fcrel baz\u0131 kararlar\u0131n oldu\u011funu g\u00f6r\u00fcyoruz. Yani internet ve \u00f6zellikle d\u00fcnya g\u00fcndeminin devinimi ile k\u0131sa zamanda ya\u015flanacak ve anlams\u0131z ve ters g\u00f6r\u00fcnebilecek bir iki maddenin varl\u0131\u011f\u0131 \u00f6zellikle dikkatimi \u00e7ekti.<\/p>\n<p>Bunlar\u0131n en ba\u015fta geleni telif yasalar\u0131d\u0131r. Telif yasalar\u0131 asl\u0131nda sadece hukuki bir hak meselesi olmaktan \u00e7ok. ticari faaliyetlerini geri bildirimleri ile d\u00fczenlenen bir yap\u0131d\u0131r. Telif yasalar\u0131n\u0131n son d\u00f6nemlerde en \u00e7ok uygulandu\u0131\u011f\u0131 alanlar\u0131n ba\u015f\u0131nda gelen m\u00fczik sekt\u00f6r\u00fc bu devinimin i\u00e7inde kazan\u00e7 yap\u0131lar\u0131n\u0131 ve ticari uygulamalar\u0131\u0131 telif sorunlar\u0131n\u0131 \u00f6nemsiz hale getirecek \u015fekilde yeniden d\u00fczenlemektedir. Bu yeni yap\u0131lanma telif yasalar\u0131n\u0131n bir sorun oldu\u011fu bir\u00e7ok sekt\u00f6r i\u00e7in ge\u00e7erlidir. <\/p>\n<p><strong> <\/strong><\/p>\n<p><strong>\u0130kincisi ise; <\/strong>kararlar\u0131nda insiyatif bo\u015fluklar\u0131 b\u0131rak\u0131lan kanunlard\u0131r. Bu tip kanunlar\u0131n uygulanmas\u0131nda insiyatif sahibinin bilgi birikimi ve olaylara bak\u0131\u015f a\u00e7\u0131s\u0131 bu tip kanunlar\u0131n bir s\u00fcre sonra do\u011fru \u015fekilde uygulanmas\u0131 konusunda sorunlar yaratabilecek, su\u00e7suz insanlar\u0131 kanunlar kar\u015f\u0131s\u0131nda sorumlu duruma getirebilecektir. <\/p>\n<p><strong><\/p>\n<p>Konuyla ilgili sizin d\u00fc\u015f\u00fcnceleriniz nedir?<\/p>\n<p><\/strong><\/p>\n<p>Bu bilgiler \u0131\u015f\u0131\u011f\u0131nda kanunlar\u0131 uygularken \u00f6zellikle d\u00fcnyadaki geli\u015fmeleri de g\u00f6z \u00f6n\u00fcne alarak y\u00f6netmelikleri dinamik d\u00fczenlemelerle genel d\u00fcnya g\u00fcndemine yak\u0131nla\u015ft\u0131rmak takdire \u015fayand\u0131r diye d\u00fc\u015f\u00fcn\u00fcyorum.<\/p>\n<p><strong><\/p>\n<p>Teknoloji yat\u0131r\u0131m\u0131 nedir?<\/p>\n<p><\/strong><\/p>\n<p>Kurumlar\u0131n katma de\u011fer kazamas\u0131na sebep olacak, teknoloji altyap\u0131s\u0131n\u0131n kullan\u0131ld\u0131\u011f\u0131 her t\u00fcrl\u00fc yat\u0131r\u0131m\u0131 biz teknoloji yat\u0131r\u0131m\u0131 olarak nitelendiriyoruz. Bu IT bazl\u0131 donan\u0131m yat\u0131r\u0131mlar\u0131ndan, internette marka olu\u015fturulmas\u0131 ama\u00e7l\u0131 pazarlama harcamalar\u0131na kadar de\u011fi\u015fen yelpazedeki her konu bizim bak\u0131\u015f a\u00e7\u0131m\u0131zla teknoloji yat\u0131r\u0131m\u0131 olarak de\u011ferlendirilir<\/p>\n<p><strong><\/p>\n<p>&#8230;<\/p>\n<p><\/strong><u><\/p>\n<p><a target=\"_blank\" href=\"http:\/\/atfworkshops.com\/\" rel=\"noopener noreferrer\">http:\/\/atfworkshops.com\/<\/a><\/p>\n<p><a target=\"_blank\" href=\"..\/..\/..\/\" rel=\"noopener noreferrer\">http:\/\/atif.unaldi.org\/<\/a><\/p>\n<p>\u00a0<\/p>\n<p><a target=\"_blank\" href=\"..\/..\/..\/\" rel=\"noopener noreferrer\">http:\/\/blog.milliyet.com.tr\/Blog.aspx?BlogNo=79995#<br \/><\/a><\/p>\n<p><\/u><\/span><\/p>\n","protected":false},"excerpt":{"rendered":"<p>Esra Kahraman&#8217;\u0131n benimle yapt\u0131\u011f\u0131 r\u00f6portaj&#8230; Teknoloji Dan\u0131\u015fman\u0131 At\u0131f \u00dcnald\u0131&#8217; yla teknoloji \u00fczerine s\u00f6yle\u015fi yapt\u0131k. \u00dcNALDI \u00f6nemli bilgiler verdi. Bu yaz\u0131 dizisini 3 b\u00f6l\u00fcm halinde sizlerle payla\u015faca\u011f\u0131m. \u0130nterneti do\u011fru kullan\u0131yor muyuz? T\u00fcrk toplumunun genelde \u00e7ok ilgin\u00e7&#8230;<\/p>\n","protected":false},"author":2,"featured_media":0,"comment_status":"open","ping_status":"open","sticky":false,"template":"","format":"standard","meta":{"footnotes":""},"categories":[3],"tags":[],"class_list":["post-657","post","type-post","status-publish","format-standard","hentry","category-blogum"],"yoast_head":"<!-- This site is optimized with the Yoast SEO plugin v26.8 - https:\/\/yoast.com\/product\/yoast-seo-wordpress\/ -->\n<title>At\u0131f \u00dcnald\u0131 ile s\u00f6yle\u015fi - At\u0131f \u00dcnald\u0131<\/title>\n<meta name=\"robots\" content=\"index, follow, max-snippet:-1, max-image-preview:large, max-video-preview:-1\" \/>\n<link rel=\"canonical\" href=\"http:\/\/atif.unaldi.org\/blog\/2007\/12\/10\/atif-unaldi-ile-soylesi\/\" \/>\n<meta property=\"og:locale\" content=\"tr_TR\" \/>\n<meta property=\"og:type\" content=\"article\" \/>\n<meta property=\"og:title\" content=\"At\u0131f \u00dcnald\u0131 ile s\u00f6yle\u015fi - At\u0131f \u00dcnald\u0131\" \/>\n<meta property=\"og:description\" content=\"Esra Kahraman&#8217;\u0131n benimle yapt\u0131\u011f\u0131 r\u00f6portaj&#8230; Teknoloji Dan\u0131\u015fman\u0131 At\u0131f \u00dcnald\u0131&#8217; yla teknoloji \u00fczerine s\u00f6yle\u015fi yapt\u0131k. \u00dcNALDI \u00f6nemli bilgiler verdi. Bu yaz\u0131 dizisini 3 b\u00f6l\u00fcm halinde sizlerle payla\u015faca\u011f\u0131m. \u0130nterneti do\u011fru kullan\u0131yor muyuz? T\u00fcrk toplumunun genelde \u00e7ok ilgin\u00e7...\" \/>\n<meta property=\"og:url\" content=\"http:\/\/atif.unaldi.org\/blog\/2007\/12\/10\/atif-unaldi-ile-soylesi\/\" \/>\n<meta property=\"og:site_name\" content=\"At\u0131f \u00dcnald\u0131\" \/>\n<meta property=\"article:publisher\" content=\"https:\/\/www.facebook.com\/atifunaldi\" \/>\n<meta property=\"article:author\" content=\"https:\/\/www.facebook.com\/atifunaldi\" \/>\n<meta property=\"article:published_time\" content=\"2007-12-10T00:00:00+00:00\" \/>\n<meta name=\"author\" content=\"Atif Unaldi\" \/>\n<meta name=\"twitter:card\" content=\"summary_large_image\" \/>\n<meta name=\"twitter:creator\" content=\"@https:\/\/twitter.com\/atifunaldi\" \/>\n<meta name=\"twitter:site\" content=\"@atifunaldi\" \/>\n<meta name=\"twitter:label1\" content=\"Yazan:\" \/>\n\t<meta name=\"twitter:data1\" content=\"Atif Unaldi\" \/>\n\t<meta name=\"twitter:label2\" content=\"Tahmini okuma s\u00fcresi\" \/>\n\t<meta name=\"twitter:data2\" content=\"6 dakika\" \/>\n<script type=\"application\/ld+json\" class=\"yoast-schema-graph\">{\"@context\":\"https:\/\/schema.org\",\"@graph\":[{\"@type\":\"Article\",\"@id\":\"http:\/\/atif.unaldi.org\/blog\/2007\/12\/10\/atif-unaldi-ile-soylesi\/#article\",\"isPartOf\":{\"@id\":\"http:\/\/atif.unaldi.org\/blog\/2007\/12\/10\/atif-unaldi-ile-soylesi\/\"},\"author\":{\"name\":\"Atif Unaldi\",\"@id\":\"http:\/\/atif.unaldi.org\/blog\/#\/schema\/person\/608ed42ecbda2bc5cfdb767ac1db479b\"},\"headline\":\"At\u0131f \u00dcnald\u0131 ile s\u00f6yle\u015fi\",\"datePublished\":\"2007-12-10T00:00:00+00:00\",\"mainEntityOfPage\":{\"@id\":\"http:\/\/atif.unaldi.org\/blog\/2007\/12\/10\/atif-unaldi-ile-soylesi\/\"},\"wordCount\":1183,\"commentCount\":0,\"publisher\":{\"@id\":\"http:\/\/atif.unaldi.org\/blog\/#\/schema\/person\/608ed42ecbda2bc5cfdb767ac1db479b\"},\"articleSection\":[\"Blogum\"],\"inLanguage\":\"tr\",\"potentialAction\":[{\"@type\":\"CommentAction\",\"name\":\"Comment\",\"target\":[\"http:\/\/atif.unaldi.org\/blog\/2007\/12\/10\/atif-unaldi-ile-soylesi\/#respond\"]}]},{\"@type\":\"WebPage\",\"@id\":\"http:\/\/atif.unaldi.org\/blog\/2007\/12\/10\/atif-unaldi-ile-soylesi\/\",\"url\":\"http:\/\/atif.unaldi.org\/blog\/2007\/12\/10\/atif-unaldi-ile-soylesi\/\",\"name\":\"At\u0131f \u00dcnald\u0131 ile s\u00f6yle\u015fi - At\u0131f \u00dcnald\u0131\",\"isPartOf\":{\"@id\":\"http:\/\/atif.unaldi.org\/blog\/#website\"},\"datePublished\":\"2007-12-10T00:00:00+00:00\",\"breadcrumb\":{\"@id\":\"http:\/\/atif.unaldi.org\/blog\/2007\/12\/10\/atif-unaldi-ile-soylesi\/#breadcrumb\"},\"inLanguage\":\"tr\",\"potentialAction\":[{\"@type\":\"ReadAction\",\"target\":[\"http:\/\/atif.unaldi.org\/blog\/2007\/12\/10\/atif-unaldi-ile-soylesi\/\"]}]},{\"@type\":\"BreadcrumbList\",\"@id\":\"http:\/\/atif.unaldi.org\/blog\/2007\/12\/10\/atif-unaldi-ile-soylesi\/#breadcrumb\",\"itemListElement\":[{\"@type\":\"ListItem\",\"position\":1,\"name\":\"Anasayfa\",\"item\":\"http:\/\/atif.unaldi.org\/blog\/\"},{\"@type\":\"ListItem\",\"position\":2,\"name\":\"At\u0131f \u00dcnald\u0131 ile s\u00f6yle\u015fi\"}]},{\"@type\":\"WebSite\",\"@id\":\"http:\/\/atif.unaldi.org\/blog\/#website\",\"url\":\"http:\/\/atif.unaldi.org\/blog\/\",\"name\":\"At\u0131f \u00dcnald\u0131\",\"description\":\"Yazar\",\"publisher\":{\"@id\":\"http:\/\/atif.unaldi.org\/blog\/#\/schema\/person\/608ed42ecbda2bc5cfdb767ac1db479b\"},\"alternateName\":\"At\u0131f \u00dcnald\u0131 Blog\",\"potentialAction\":[{\"@type\":\"SearchAction\",\"target\":{\"@type\":\"EntryPoint\",\"urlTemplate\":\"http:\/\/atif.unaldi.org\/blog\/?s={search_term_string}\"},\"query-input\":{\"@type\":\"PropertyValueSpecification\",\"valueRequired\":true,\"valueName\":\"search_term_string\"}}],\"inLanguage\":\"tr\"},{\"@type\":[\"Person\",\"Organization\"],\"@id\":\"http:\/\/atif.unaldi.org\/blog\/#\/schema\/person\/608ed42ecbda2bc5cfdb767ac1db479b\",\"name\":\"Atif Unaldi\",\"image\":{\"@type\":\"ImageObject\",\"inLanguage\":\"tr\",\"@id\":\"http:\/\/atif.unaldi.org\/blog\/#\/schema\/person\/image\/\",\"url\":\"http:\/\/atif.unaldi.org\/blog\/wp-content\/uploads\/2022\/10\/cropped-a94e8f7a-67c4-4d65-8a5f-032ba784be53-2.jpg\",\"contentUrl\":\"http:\/\/atif.unaldi.org\/blog\/wp-content\/uploads\/2022\/10\/cropped-a94e8f7a-67c4-4d65-8a5f-032ba784be53-2.jpg\",\"width\":512,\"height\":512,\"caption\":\"Atif Unaldi\"},\"logo\":{\"@id\":\"http:\/\/atif.unaldi.org\/blog\/#\/schema\/person\/image\/\"},\"description\":\"Bo\u011fazi\u00e7i \u00dcniversitesinde Fizik B\u00f6l\u00fcm\u00fc\u2019nde e\u011fitim ald\u0131\u011f\u0131 y\u0131llarda T\u00fcrkiye\u2019de ilk kez iki bilgisayar\u0131 telefon hatlar\u0131 \u00fczerinden konu\u015fturan BBS sistemini kurarak, T\u00fcrkiye\u2019deki ilk internet a\u011f\u0131n\u0131 olu\u015fturmu\u015ftur. Bir \u00e7ok radyo ve televizyonda program yap\u0131mc\u0131l\u0131\u011f\u0131 ve sunuculu\u011funu, bir \u00e7ok teknoloji dergisinde k\u00f6\u015fe yazarl\u0131\u011f\u0131, bili\u015fim edit\u00f6rl\u00fc\u011f\u00fc ve genel yay\u0131n y\u00f6netmenli\u011fi yapt\u0131. T\u00fcrkiye\u2019deki ilk internet servis sa\u011flay\u0131c\u0131s\u0131n\u0131n genel m\u00fcd\u00fcrl\u00fc\u011f\u00fcn\u00fc \u00fcstlendi. Bir \u00e7ok organizasyon ve kurulu\u015fta internet s\u00fcperviz\u00f6rl\u00fc\u011f\u00fc , webmaster\u2019l\u0131\u011f\u0131 , IT direkt\u00f6rl\u00fc\u011f\u00fc ve dijital projeler koordinat\u00f6rl\u00fc\u011f\u00fc g\u00f6revlerinde bulundu. Farkl\u0131 \u00fcniversitelerin farkl\u0131 fak\u00fcltelerinde \u00f6\u011fretim g\u00f6revlisi olarak bulunmu\u015f olan \u00dcnald\u0131; \u015fu an teknoloji ve pazarlama konular\u0131 ba\u015fta olmak \u00fczere bir\u00e7ok alanda hizmet veren Unaldi Consultancy\u2019nin kurucusudur. \\u2028Selin \u00dcnald\u0131 ile evlidir. Su ve Toprak isminde iki \u00e7ocu\u011fu vard\u0131r.\",\"sameAs\":[\"http:\/\/atif.unaldi.org\/blog\",\"https:\/\/www.facebook.com\/atifunaldi\",\"https:\/\/www.instagram.com\/atifunaldi\/\",\"https:\/\/www.linkedin.com\/in\/atifunaldi\",\"https:\/\/x.com\/https:\/\/twitter.com\/atifunaldi\",\"https:\/\/www.youtube.com\/c\/atifunaldi\",\"https:\/\/soundcloud.com\/atif-unaldi\",\"https:\/\/atifunaldi.tumblr.com\"],\"url\":\"http:\/\/atif.unaldi.org\/blog\/author\/atifunaldi\/\"}]}<\/script>\n<!-- \/ Yoast SEO plugin. -->","yoast_head_json":{"title":"At\u0131f \u00dcnald\u0131 ile s\u00f6yle\u015fi - At\u0131f \u00dcnald\u0131","robots":{"index":"index","follow":"follow","max-snippet":"max-snippet:-1","max-image-preview":"max-image-preview:large","max-video-preview":"max-video-preview:-1"},"canonical":"http:\/\/atif.unaldi.org\/blog\/2007\/12\/10\/atif-unaldi-ile-soylesi\/","og_locale":"tr_TR","og_type":"article","og_title":"At\u0131f \u00dcnald\u0131 ile s\u00f6yle\u015fi - At\u0131f \u00dcnald\u0131","og_description":"Esra Kahraman&#8217;\u0131n benimle yapt\u0131\u011f\u0131 r\u00f6portaj&#8230; Teknoloji Dan\u0131\u015fman\u0131 At\u0131f \u00dcnald\u0131&#8217; yla teknoloji \u00fczerine s\u00f6yle\u015fi yapt\u0131k. \u00dcNALDI \u00f6nemli bilgiler verdi. Bu yaz\u0131 dizisini 3 b\u00f6l\u00fcm halinde sizlerle payla\u015faca\u011f\u0131m. \u0130nterneti do\u011fru kullan\u0131yor muyuz? T\u00fcrk toplumunun genelde \u00e7ok ilgin\u00e7...","og_url":"http:\/\/atif.unaldi.org\/blog\/2007\/12\/10\/atif-unaldi-ile-soylesi\/","og_site_name":"At\u0131f \u00dcnald\u0131","article_publisher":"https:\/\/www.facebook.com\/atifunaldi","article_author":"https:\/\/www.facebook.com\/atifunaldi","article_published_time":"2007-12-10T00:00:00+00:00","author":"Atif Unaldi","twitter_card":"summary_large_image","twitter_creator":"@https:\/\/twitter.com\/atifunaldi","twitter_site":"@atifunaldi","twitter_misc":{"Yazan:":"Atif Unaldi","Tahmini okuma s\u00fcresi":"6 dakika"},"schema":{"@context":"https:\/\/schema.org","@graph":[{"@type":"Article","@id":"http:\/\/atif.unaldi.org\/blog\/2007\/12\/10\/atif-unaldi-ile-soylesi\/#article","isPartOf":{"@id":"http:\/\/atif.unaldi.org\/blog\/2007\/12\/10\/atif-unaldi-ile-soylesi\/"},"author":{"name":"Atif Unaldi","@id":"http:\/\/atif.unaldi.org\/blog\/#\/schema\/person\/608ed42ecbda2bc5cfdb767ac1db479b"},"headline":"At\u0131f \u00dcnald\u0131 ile s\u00f6yle\u015fi","datePublished":"2007-12-10T00:00:00+00:00","mainEntityOfPage":{"@id":"http:\/\/atif.unaldi.org\/blog\/2007\/12\/10\/atif-unaldi-ile-soylesi\/"},"wordCount":1183,"commentCount":0,"publisher":{"@id":"http:\/\/atif.unaldi.org\/blog\/#\/schema\/person\/608ed42ecbda2bc5cfdb767ac1db479b"},"articleSection":["Blogum"],"inLanguage":"tr","potentialAction":[{"@type":"CommentAction","name":"Comment","target":["http:\/\/atif.unaldi.org\/blog\/2007\/12\/10\/atif-unaldi-ile-soylesi\/#respond"]}]},{"@type":"WebPage","@id":"http:\/\/atif.unaldi.org\/blog\/2007\/12\/10\/atif-unaldi-ile-soylesi\/","url":"http:\/\/atif.unaldi.org\/blog\/2007\/12\/10\/atif-unaldi-ile-soylesi\/","name":"At\u0131f \u00dcnald\u0131 ile s\u00f6yle\u015fi - At\u0131f \u00dcnald\u0131","isPartOf":{"@id":"http:\/\/atif.unaldi.org\/blog\/#website"},"datePublished":"2007-12-10T00:00:00+00:00","breadcrumb":{"@id":"http:\/\/atif.unaldi.org\/blog\/2007\/12\/10\/atif-unaldi-ile-soylesi\/#breadcrumb"},"inLanguage":"tr","potentialAction":[{"@type":"ReadAction","target":["http:\/\/atif.unaldi.org\/blog\/2007\/12\/10\/atif-unaldi-ile-soylesi\/"]}]},{"@type":"BreadcrumbList","@id":"http:\/\/atif.unaldi.org\/blog\/2007\/12\/10\/atif-unaldi-ile-soylesi\/#breadcrumb","itemListElement":[{"@type":"ListItem","position":1,"name":"Anasayfa","item":"http:\/\/atif.unaldi.org\/blog\/"},{"@type":"ListItem","position":2,"name":"At\u0131f \u00dcnald\u0131 ile s\u00f6yle\u015fi"}]},{"@type":"WebSite","@id":"http:\/\/atif.unaldi.org\/blog\/#website","url":"http:\/\/atif.unaldi.org\/blog\/","name":"At\u0131f \u00dcnald\u0131","description":"Yazar","publisher":{"@id":"http:\/\/atif.unaldi.org\/blog\/#\/schema\/person\/608ed42ecbda2bc5cfdb767ac1db479b"},"alternateName":"At\u0131f \u00dcnald\u0131 Blog","potentialAction":[{"@type":"SearchAction","target":{"@type":"EntryPoint","urlTemplate":"http:\/\/atif.unaldi.org\/blog\/?s={search_term_string}"},"query-input":{"@type":"PropertyValueSpecification","valueRequired":true,"valueName":"search_term_string"}}],"inLanguage":"tr"},{"@type":["Person","Organization"],"@id":"http:\/\/atif.unaldi.org\/blog\/#\/schema\/person\/608ed42ecbda2bc5cfdb767ac1db479b","name":"Atif Unaldi","image":{"@type":"ImageObject","inLanguage":"tr","@id":"http:\/\/atif.unaldi.org\/blog\/#\/schema\/person\/image\/","url":"http:\/\/atif.unaldi.org\/blog\/wp-content\/uploads\/2022\/10\/cropped-a94e8f7a-67c4-4d65-8a5f-032ba784be53-2.jpg","contentUrl":"http:\/\/atif.unaldi.org\/blog\/wp-content\/uploads\/2022\/10\/cropped-a94e8f7a-67c4-4d65-8a5f-032ba784be53-2.jpg","width":512,"height":512,"caption":"Atif Unaldi"},"logo":{"@id":"http:\/\/atif.unaldi.org\/blog\/#\/schema\/person\/image\/"},"description":"Bo\u011fazi\u00e7i \u00dcniversitesinde Fizik B\u00f6l\u00fcm\u00fc\u2019nde e\u011fitim ald\u0131\u011f\u0131 y\u0131llarda T\u00fcrkiye\u2019de ilk kez iki bilgisayar\u0131 telefon hatlar\u0131 \u00fczerinden konu\u015fturan BBS sistemini kurarak, T\u00fcrkiye\u2019deki ilk internet a\u011f\u0131n\u0131 olu\u015fturmu\u015ftur. Bir \u00e7ok radyo ve televizyonda program yap\u0131mc\u0131l\u0131\u011f\u0131 ve sunuculu\u011funu, bir \u00e7ok teknoloji dergisinde k\u00f6\u015fe yazarl\u0131\u011f\u0131, bili\u015fim edit\u00f6rl\u00fc\u011f\u00fc ve genel yay\u0131n y\u00f6netmenli\u011fi yapt\u0131. T\u00fcrkiye\u2019deki ilk internet servis sa\u011flay\u0131c\u0131s\u0131n\u0131n genel m\u00fcd\u00fcrl\u00fc\u011f\u00fcn\u00fc \u00fcstlendi. Bir \u00e7ok organizasyon ve kurulu\u015fta internet s\u00fcperviz\u00f6rl\u00fc\u011f\u00fc , webmaster\u2019l\u0131\u011f\u0131 , IT direkt\u00f6rl\u00fc\u011f\u00fc ve dijital projeler koordinat\u00f6rl\u00fc\u011f\u00fc g\u00f6revlerinde bulundu. Farkl\u0131 \u00fcniversitelerin farkl\u0131 fak\u00fcltelerinde \u00f6\u011fretim g\u00f6revlisi olarak bulunmu\u015f olan \u00dcnald\u0131; \u015fu an teknoloji ve pazarlama konular\u0131 ba\u015fta olmak \u00fczere bir\u00e7ok alanda hizmet veren Unaldi Consultancy\u2019nin kurucusudur. \u2028Selin \u00dcnald\u0131 ile evlidir. Su ve Toprak isminde iki \u00e7ocu\u011fu vard\u0131r.","sameAs":["http:\/\/atif.unaldi.org\/blog","https:\/\/www.facebook.com\/atifunaldi","https:\/\/www.instagram.com\/atifunaldi\/","https:\/\/www.linkedin.com\/in\/atifunaldi","https:\/\/x.com\/https:\/\/twitter.com\/atifunaldi","https:\/\/www.youtube.com\/c\/atifunaldi","https:\/\/soundcloud.com\/atif-unaldi","https:\/\/atifunaldi.tumblr.com"],"url":"http:\/\/atif.unaldi.org\/blog\/author\/atifunaldi\/"}]}},"jetpack_featured_media_url":"","_links":{"self":[{"href":"http:\/\/atif.unaldi.org\/blog\/wp-json\/wp\/v2\/posts\/657","targetHints":{"allow":["GET"]}}],"collection":[{"href":"http:\/\/atif.unaldi.org\/blog\/wp-json\/wp\/v2\/posts"}],"about":[{"href":"http:\/\/atif.unaldi.org\/blog\/wp-json\/wp\/v2\/types\/post"}],"author":[{"embeddable":true,"href":"http:\/\/atif.unaldi.org\/blog\/wp-json\/wp\/v2\/users\/2"}],"replies":[{"embeddable":true,"href":"http:\/\/atif.unaldi.org\/blog\/wp-json\/wp\/v2\/comments?post=657"}],"version-history":[{"count":0,"href":"http:\/\/atif.unaldi.org\/blog\/wp-json\/wp\/v2\/posts\/657\/revisions"}],"wp:attachment":[{"href":"http:\/\/atif.unaldi.org\/blog\/wp-json\/wp\/v2\/media?parent=657"}],"wp:term":[{"taxonomy":"category","embeddable":true,"href":"http:\/\/atif.unaldi.org\/blog\/wp-json\/wp\/v2\/categories?post=657"},{"taxonomy":"post_tag","embeddable":true,"href":"http:\/\/atif.unaldi.org\/blog\/wp-json\/wp\/v2\/tags?post=657"}],"curies":[{"name":"wp","href":"https:\/\/api.w.org\/{rel}","templated":true}]}}