{"id":6834,"date":"2012-04-05T08:06:06","date_gmt":"2012-04-05T08:06:06","guid":{"rendered":"http:\/\/atif.unaldi.org\/blog\/?p=6834"},"modified":"2012-04-05T08:06:06","modified_gmt":"2012-04-05T08:06:06","slug":"iptv-ott-derken-ttnet-sosyal-tvyi-gerceklestirdi","status":"publish","type":"post","link":"http:\/\/atif.unaldi.org\/blog\/2012\/04\/05\/iptv-ott-derken-ttnet-sosyal-tvyi-gerceklestirdi\/","title":{"rendered":"IPTV, OTT derken TTNET Sosyal TV&#8217;yi ger\u00e7ekle\u015ftirdi"},"content":{"rendered":"<p>T\u00fcrkiye&#8217;nin ileti\u015fim ve e\u011flence \u015firketi TTNET&#8217;in yeni d\u00f6nem TV platformu Tivibu Ev, kullan\u0131c\u0131lar\u0131na sundu\u011fu Sosyal Tivi uygulamas\u0131yla T\u00fcrkiye&#8217;de bir ilki ger\u00e7ekle\u015ftiriyor. Tivibu Ev&#8217;in Sosyal Tivi uygulamas\u0131 sayesinde, art\u0131k televizyonlar interaktif ileti\u015fim ara\u00e7lar\u0131na d\u00f6n\u00fc\u015f\u00fcyor.<\/p>\n<p>TTNET&#8217;in yeni d\u00f6nem TV platformu Tivibu Ev, kullan\u0131c\u0131lar\u0131na sundu\u011fu uygulamalar ile fark yaratmaya devam ediyor. Tivibu Ev&#8217;in yepyeni uygulamas\u0131 Sosyal Tivi, televizyon \u00fczerinden sosyal medya d\u00fcnyas\u0131na giri\u015f yapman\u0131z\u0131 sa\u011fl\u0131yor. Televizyon izlerken ayn\u0131 anda televizyon \u00fczerinden sosyalle\u015fme imkan\u0131 sa\u011flayan uygulama, T\u00fcrkiye&#8217;de bir ilki ya\u015fat\u0131yor.<\/p>\n<p>Sosyal Tivi uygulamas\u0131 sayesinde; TV \u00fczerinden arkada\u015f listesi olu\u015fturabiliyor, listedeki arkada\u015flar\u0131n\u0131za TV \u00fczerinden mesaj atabiliyorsunuz. \u00dcstelik bunlar\u0131 bilgisayara gerek kalmadan<br \/>\nkumandan\u0131z\u0131n tu\u015flar\u0131na dokunarak ger\u00e7ekle\u015ftirebiliyorsunuz. T\u00fcm Tivibu Ev \u00fcyelerinin kullan\u0131m\u0131na a\u00e7\u0131k olan interaktif Sosyal Tivi uygulamas\u0131 ile herhangi bir filmi, diziyi, canl\u0131 yay\u0131n\u0131 televizyon \u00fczerinden be\u011fenebiliyor ve Sosyal Tivi&#8217;de yer alan arkada\u015flar\u0131n\u0131za<br \/>\n\u00f6nerebiliyorsunuz. \u00d6neriyi alan kullan\u0131c\u0131lar ise kumandalar\u0131n\u0131n tek tu\u015funa basarak \u00f6nerdi\u011finiz i\u00e7eri\u011fi hemen izleyebiliyorlar. Uygulama \u00fczerinden Twitter&#8217;a ba\u011flanmak da m\u00fcmk\u00fcn.<\/p>\n<p>Sosyal Tivi, Tivibu Ev&#8217;in yeni kumandas\u0131nda bulunan &#8220;Sosyal Tivi&#8221; tu\u015fu ya da eski kumandas\u0131nda bulunan &#8220;Se\u00e7enekler&#8221; tu\u015fu \u00fczerinden<br \/>\nkullan\u0131labiliyor. Kullan\u0131c\u0131y\u0131 ad\u0131m ad\u0131m y\u00f6nlendiren kurulum sayesinde ki\u015fisel bilgiler ve<br \/>\ntercihler kolayca ayarlanabiliyor.<\/p>\n<p>Sosyal Tivi sayesinde kullan\u0131c\u0131lar, cep telefonlar\u0131 \u00fczerinden kendi Tivibu Ev cihazlar\u0131na ya da herhangi bir Tivibu Ev kullan\u0131c\u0131s\u0131na mesaj g\u00f6nderebiliyorlar. \u0130zlemek istedikleri program\u0131 ka\u00e7\u0131ran kullan\u0131c\u0131lar ise yine cep telefonlar\u0131 \u00fczerinden g\u00f6nderdikleri mesaj ile Tivibu Ev&#8217;i otomatik olarak a\u00e7abiliyorlar. B\u00f6ylece a\u00e7\u0131lan program, Tivibu Ev&#8217;in Geri Al \u0130zle \u00f6zelli\u011fi sayesinde izlenebiliyor. Bu \u00f6zelliklerden faydalanmak i\u00e7in kullan\u0131c\u0131lar\u0131n, cep telefonlar\u0131 \u00fczerinden sadece bir kereli\u011fine 6606&#8217;ya &#8220;TV&#8221; bo\u015fluk &#8220;Kullan\u0131c\u0131 ad\u0131&#8221; bo\u015fluk &#8220;PLTV&#8221; mesaj\u0131n\u0131 g\u00f6ndermeleri yeterli oluyor.<\/p>\n<p>Ayr\u0131ca Tivibu Ev&#8217;in \u0130nteraktif uygulamalar \u00f6zelli\u011fi sayesinde kullan\u0131c\u0131lar, Flickr&#8217;da foto\u011fraf alb\u00fcmlerini gezebiliyor ve foto\u011fraf y\u00fckleyebiliyor.<\/p>\n<p>Tivibu Ev&#8217;in abone say\u0131s\u0131 50 bini a\u015ft\u0131<\/p>\n<p>50 bin aboneye a\u015fan Tivibu Ev, her ge\u00e7en g\u00fcn daha \u00e7ok ki\u015fi taraf\u0131ndan deneyimleniyor. Tivibu Ev, Sosyal Tivi ve bir\u00e7ok yenilik\u00e7i \u00f6zelli\u011fi sayesinde kullan\u0131c\u0131lar\u0131na keyifli zaman sunmaya ve hayat\u0131<br \/>\nkolayla\u015ft\u0131rmaya devam ediyor. iPhone, iPad ya da Android i\u015fletim sistemine sahip telefonlar\u0131n\u0131 art\u0131k kumanda olarak da kullanabilen Tivibu Ev aboneleri i\u00e7in<br \/>\ntek kumanda d\u00f6nemi de ge\u00e7mi\u015fte kal\u0131yor.<br \/>\n<\/p>\n","protected":false},"excerpt":{"rendered":"<p>T\u00fcrkiye&#8217;nin ileti\u015fim ve e\u011flence \u015firketi TTNET&#8217;in yeni d\u00f6nem TV platformu Tivibu Ev, kullan\u0131c\u0131lar\u0131na sundu\u011fu Sosyal Tivi uygulamas\u0131yla T\u00fcrkiye&#8217;de bir ilki ger\u00e7ekle\u015ftiriyor. Tivibu Ev&#8217;in Sosyal Tivi uygulamas\u0131 sayesinde, art\u0131k televizyonlar interaktif ileti\u015fim ara\u00e7lar\u0131na d\u00f6n\u00fc\u015f\u00fcyor. TTNET&#8217;in yeni&#8230;<\/p>\n","protected":false},"author":2,"featured_media":0,"comment_status":"closed","ping_status":"open","sticky":false,"template":"","format":"standard","meta":{"footnotes":""},"categories":[3],"tags":[],"class_list":["post-6834","post","type-post","status-publish","format-standard","hentry","category-blogum"],"yoast_head":"<!-- This site is optimized with the Yoast SEO plugin v26.8 - https:\/\/yoast.com\/product\/yoast-seo-wordpress\/ -->\n<title>IPTV, OTT derken TTNET Sosyal TV&#039;yi ger\u00e7ekle\u015ftirdi - At\u0131f \u00dcnald\u0131<\/title>\n<meta name=\"robots\" content=\"index, follow, max-snippet:-1, max-image-preview:large, max-video-preview:-1\" \/>\n<link rel=\"canonical\" href=\"http:\/\/atif.unaldi.org\/blog\/2012\/04\/05\/iptv-ott-derken-ttnet-sosyal-tvyi-gerceklestirdi\/\" \/>\n<meta property=\"og:locale\" content=\"tr_TR\" \/>\n<meta property=\"og:type\" content=\"article\" \/>\n<meta property=\"og:title\" content=\"IPTV, OTT derken TTNET Sosyal TV&#039;yi ger\u00e7ekle\u015ftirdi - At\u0131f \u00dcnald\u0131\" \/>\n<meta property=\"og:description\" content=\"T\u00fcrkiye&#8217;nin ileti\u015fim ve e\u011flence \u015firketi TTNET&#8217;in yeni d\u00f6nem TV platformu Tivibu Ev, kullan\u0131c\u0131lar\u0131na sundu\u011fu Sosyal Tivi uygulamas\u0131yla T\u00fcrkiye&#8217;de bir ilki ger\u00e7ekle\u015ftiriyor. Tivibu Ev&#8217;in Sosyal Tivi uygulamas\u0131 sayesinde, art\u0131k televizyonlar interaktif ileti\u015fim ara\u00e7lar\u0131na d\u00f6n\u00fc\u015f\u00fcyor. TTNET&#8217;in yeni...\" \/>\n<meta property=\"og:url\" content=\"http:\/\/atif.unaldi.org\/blog\/2012\/04\/05\/iptv-ott-derken-ttnet-sosyal-tvyi-gerceklestirdi\/\" \/>\n<meta property=\"og:site_name\" content=\"At\u0131f \u00dcnald\u0131\" \/>\n<meta property=\"article:publisher\" content=\"https:\/\/www.facebook.com\/atifunaldi\" \/>\n<meta property=\"article:author\" content=\"https:\/\/www.facebook.com\/atifunaldi\" \/>\n<meta property=\"article:published_time\" content=\"2012-04-05T08:06:06+00:00\" \/>\n<meta name=\"author\" content=\"Atif Unaldi\" \/>\n<meta name=\"twitter:card\" content=\"summary_large_image\" \/>\n<meta name=\"twitter:creator\" content=\"@https:\/\/twitter.com\/atifunaldi\" \/>\n<meta name=\"twitter:site\" content=\"@atifunaldi\" \/>\n<meta name=\"twitter:label1\" content=\"Yazan:\" \/>\n\t<meta name=\"twitter:data1\" content=\"Atif Unaldi\" \/>\n\t<meta name=\"twitter:label2\" content=\"Tahmini okuma s\u00fcresi\" \/>\n\t<meta name=\"twitter:data2\" content=\"2 dakika\" \/>\n<script type=\"application\/ld+json\" class=\"yoast-schema-graph\">{\"@context\":\"https:\/\/schema.org\",\"@graph\":[{\"@type\":\"Article\",\"@id\":\"http:\/\/atif.unaldi.org\/blog\/2012\/04\/05\/iptv-ott-derken-ttnet-sosyal-tvyi-gerceklestirdi\/#article\",\"isPartOf\":{\"@id\":\"http:\/\/atif.unaldi.org\/blog\/2012\/04\/05\/iptv-ott-derken-ttnet-sosyal-tvyi-gerceklestirdi\/\"},\"author\":{\"name\":\"Atif Unaldi\",\"@id\":\"http:\/\/atif.unaldi.org\/blog\/#\/schema\/person\/608ed42ecbda2bc5cfdb767ac1db479b\"},\"headline\":\"IPTV, OTT derken TTNET Sosyal TV&#8217;yi ger\u00e7ekle\u015ftirdi\",\"datePublished\":\"2012-04-05T08:06:06+00:00\",\"mainEntityOfPage\":{\"@id\":\"http:\/\/atif.unaldi.org\/blog\/2012\/04\/05\/iptv-ott-derken-ttnet-sosyal-tvyi-gerceklestirdi\/\"},\"wordCount\":465,\"publisher\":{\"@id\":\"http:\/\/atif.unaldi.org\/blog\/#\/schema\/person\/608ed42ecbda2bc5cfdb767ac1db479b\"},\"articleSection\":[\"Blogum\"],\"inLanguage\":\"tr\"},{\"@type\":\"WebPage\",\"@id\":\"http:\/\/atif.unaldi.org\/blog\/2012\/04\/05\/iptv-ott-derken-ttnet-sosyal-tvyi-gerceklestirdi\/\",\"url\":\"http:\/\/atif.unaldi.org\/blog\/2012\/04\/05\/iptv-ott-derken-ttnet-sosyal-tvyi-gerceklestirdi\/\",\"name\":\"IPTV, OTT derken TTNET Sosyal TV'yi ger\u00e7ekle\u015ftirdi - At\u0131f \u00dcnald\u0131\",\"isPartOf\":{\"@id\":\"http:\/\/atif.unaldi.org\/blog\/#website\"},\"datePublished\":\"2012-04-05T08:06:06+00:00\",\"breadcrumb\":{\"@id\":\"http:\/\/atif.unaldi.org\/blog\/2012\/04\/05\/iptv-ott-derken-ttnet-sosyal-tvyi-gerceklestirdi\/#breadcrumb\"},\"inLanguage\":\"tr\",\"potentialAction\":[{\"@type\":\"ReadAction\",\"target\":[\"http:\/\/atif.unaldi.org\/blog\/2012\/04\/05\/iptv-ott-derken-ttnet-sosyal-tvyi-gerceklestirdi\/\"]}]},{\"@type\":\"BreadcrumbList\",\"@id\":\"http:\/\/atif.unaldi.org\/blog\/2012\/04\/05\/iptv-ott-derken-ttnet-sosyal-tvyi-gerceklestirdi\/#breadcrumb\",\"itemListElement\":[{\"@type\":\"ListItem\",\"position\":1,\"name\":\"Anasayfa\",\"item\":\"http:\/\/atif.unaldi.org\/blog\/\"},{\"@type\":\"ListItem\",\"position\":2,\"name\":\"IPTV, OTT derken TTNET Sosyal TV&#8217;yi ger\u00e7ekle\u015ftirdi\"}]},{\"@type\":\"WebSite\",\"@id\":\"http:\/\/atif.unaldi.org\/blog\/#website\",\"url\":\"http:\/\/atif.unaldi.org\/blog\/\",\"name\":\"At\u0131f \u00dcnald\u0131\",\"description\":\"Yazar\",\"publisher\":{\"@id\":\"http:\/\/atif.unaldi.org\/blog\/#\/schema\/person\/608ed42ecbda2bc5cfdb767ac1db479b\"},\"alternateName\":\"At\u0131f \u00dcnald\u0131 Blog\",\"potentialAction\":[{\"@type\":\"SearchAction\",\"target\":{\"@type\":\"EntryPoint\",\"urlTemplate\":\"http:\/\/atif.unaldi.org\/blog\/?s={search_term_string}\"},\"query-input\":{\"@type\":\"PropertyValueSpecification\",\"valueRequired\":true,\"valueName\":\"search_term_string\"}}],\"inLanguage\":\"tr\"},{\"@type\":[\"Person\",\"Organization\"],\"@id\":\"http:\/\/atif.unaldi.org\/blog\/#\/schema\/person\/608ed42ecbda2bc5cfdb767ac1db479b\",\"name\":\"Atif Unaldi\",\"image\":{\"@type\":\"ImageObject\",\"inLanguage\":\"tr\",\"@id\":\"http:\/\/atif.unaldi.org\/blog\/#\/schema\/person\/image\/\",\"url\":\"http:\/\/atif.unaldi.org\/blog\/wp-content\/uploads\/2022\/10\/cropped-a94e8f7a-67c4-4d65-8a5f-032ba784be53-2.jpg\",\"contentUrl\":\"http:\/\/atif.unaldi.org\/blog\/wp-content\/uploads\/2022\/10\/cropped-a94e8f7a-67c4-4d65-8a5f-032ba784be53-2.jpg\",\"width\":512,\"height\":512,\"caption\":\"Atif Unaldi\"},\"logo\":{\"@id\":\"http:\/\/atif.unaldi.org\/blog\/#\/schema\/person\/image\/\"},\"description\":\"Bo\u011fazi\u00e7i \u00dcniversitesinde Fizik B\u00f6l\u00fcm\u00fc\u2019nde e\u011fitim ald\u0131\u011f\u0131 y\u0131llarda T\u00fcrkiye\u2019de ilk kez iki bilgisayar\u0131 telefon hatlar\u0131 \u00fczerinden konu\u015fturan BBS sistemini kurarak, T\u00fcrkiye\u2019deki ilk internet a\u011f\u0131n\u0131 olu\u015fturmu\u015ftur. Bir \u00e7ok radyo ve televizyonda program yap\u0131mc\u0131l\u0131\u011f\u0131 ve sunuculu\u011funu, bir \u00e7ok teknoloji dergisinde k\u00f6\u015fe yazarl\u0131\u011f\u0131, bili\u015fim edit\u00f6rl\u00fc\u011f\u00fc ve genel yay\u0131n y\u00f6netmenli\u011fi yapt\u0131. T\u00fcrkiye\u2019deki ilk internet servis sa\u011flay\u0131c\u0131s\u0131n\u0131n genel m\u00fcd\u00fcrl\u00fc\u011f\u00fcn\u00fc \u00fcstlendi. Bir \u00e7ok organizasyon ve kurulu\u015fta internet s\u00fcperviz\u00f6rl\u00fc\u011f\u00fc , webmaster\u2019l\u0131\u011f\u0131 , IT direkt\u00f6rl\u00fc\u011f\u00fc ve dijital projeler koordinat\u00f6rl\u00fc\u011f\u00fc g\u00f6revlerinde bulundu. Farkl\u0131 \u00fcniversitelerin farkl\u0131 fak\u00fcltelerinde \u00f6\u011fretim g\u00f6revlisi olarak bulunmu\u015f olan \u00dcnald\u0131; \u015fu an teknoloji ve pazarlama konular\u0131 ba\u015fta olmak \u00fczere bir\u00e7ok alanda hizmet veren Unaldi Consultancy\u2019nin kurucusudur. \\u2028Selin \u00dcnald\u0131 ile evlidir. Su ve Toprak isminde iki \u00e7ocu\u011fu vard\u0131r.\",\"sameAs\":[\"http:\/\/atif.unaldi.org\/blog\",\"https:\/\/www.facebook.com\/atifunaldi\",\"https:\/\/www.instagram.com\/atifunaldi\/\",\"https:\/\/www.linkedin.com\/in\/atifunaldi\",\"https:\/\/x.com\/https:\/\/twitter.com\/atifunaldi\",\"https:\/\/www.youtube.com\/c\/atifunaldi\",\"https:\/\/soundcloud.com\/atif-unaldi\",\"https:\/\/atifunaldi.tumblr.com\"],\"url\":\"http:\/\/atif.unaldi.org\/blog\/author\/atifunaldi\/\"}]}<\/script>\n<!-- \/ Yoast SEO plugin. -->","yoast_head_json":{"title":"IPTV, OTT derken TTNET Sosyal TV'yi ger\u00e7ekle\u015ftirdi - At\u0131f \u00dcnald\u0131","robots":{"index":"index","follow":"follow","max-snippet":"max-snippet:-1","max-image-preview":"max-image-preview:large","max-video-preview":"max-video-preview:-1"},"canonical":"http:\/\/atif.unaldi.org\/blog\/2012\/04\/05\/iptv-ott-derken-ttnet-sosyal-tvyi-gerceklestirdi\/","og_locale":"tr_TR","og_type":"article","og_title":"IPTV, OTT derken TTNET Sosyal TV'yi ger\u00e7ekle\u015ftirdi - At\u0131f \u00dcnald\u0131","og_description":"T\u00fcrkiye&#8217;nin ileti\u015fim ve e\u011flence \u015firketi TTNET&#8217;in yeni d\u00f6nem TV platformu Tivibu Ev, kullan\u0131c\u0131lar\u0131na sundu\u011fu Sosyal Tivi uygulamas\u0131yla T\u00fcrkiye&#8217;de bir ilki ger\u00e7ekle\u015ftiriyor. Tivibu Ev&#8217;in Sosyal Tivi uygulamas\u0131 sayesinde, art\u0131k televizyonlar interaktif ileti\u015fim ara\u00e7lar\u0131na d\u00f6n\u00fc\u015f\u00fcyor. TTNET&#8217;in yeni...","og_url":"http:\/\/atif.unaldi.org\/blog\/2012\/04\/05\/iptv-ott-derken-ttnet-sosyal-tvyi-gerceklestirdi\/","og_site_name":"At\u0131f \u00dcnald\u0131","article_publisher":"https:\/\/www.facebook.com\/atifunaldi","article_author":"https:\/\/www.facebook.com\/atifunaldi","article_published_time":"2012-04-05T08:06:06+00:00","author":"Atif Unaldi","twitter_card":"summary_large_image","twitter_creator":"@https:\/\/twitter.com\/atifunaldi","twitter_site":"@atifunaldi","twitter_misc":{"Yazan:":"Atif Unaldi","Tahmini okuma s\u00fcresi":"2 dakika"},"schema":{"@context":"https:\/\/schema.org","@graph":[{"@type":"Article","@id":"http:\/\/atif.unaldi.org\/blog\/2012\/04\/05\/iptv-ott-derken-ttnet-sosyal-tvyi-gerceklestirdi\/#article","isPartOf":{"@id":"http:\/\/atif.unaldi.org\/blog\/2012\/04\/05\/iptv-ott-derken-ttnet-sosyal-tvyi-gerceklestirdi\/"},"author":{"name":"Atif Unaldi","@id":"http:\/\/atif.unaldi.org\/blog\/#\/schema\/person\/608ed42ecbda2bc5cfdb767ac1db479b"},"headline":"IPTV, OTT derken TTNET Sosyal TV&#8217;yi ger\u00e7ekle\u015ftirdi","datePublished":"2012-04-05T08:06:06+00:00","mainEntityOfPage":{"@id":"http:\/\/atif.unaldi.org\/blog\/2012\/04\/05\/iptv-ott-derken-ttnet-sosyal-tvyi-gerceklestirdi\/"},"wordCount":465,"publisher":{"@id":"http:\/\/atif.unaldi.org\/blog\/#\/schema\/person\/608ed42ecbda2bc5cfdb767ac1db479b"},"articleSection":["Blogum"],"inLanguage":"tr"},{"@type":"WebPage","@id":"http:\/\/atif.unaldi.org\/blog\/2012\/04\/05\/iptv-ott-derken-ttnet-sosyal-tvyi-gerceklestirdi\/","url":"http:\/\/atif.unaldi.org\/blog\/2012\/04\/05\/iptv-ott-derken-ttnet-sosyal-tvyi-gerceklestirdi\/","name":"IPTV, OTT derken TTNET Sosyal TV'yi ger\u00e7ekle\u015ftirdi - At\u0131f \u00dcnald\u0131","isPartOf":{"@id":"http:\/\/atif.unaldi.org\/blog\/#website"},"datePublished":"2012-04-05T08:06:06+00:00","breadcrumb":{"@id":"http:\/\/atif.unaldi.org\/blog\/2012\/04\/05\/iptv-ott-derken-ttnet-sosyal-tvyi-gerceklestirdi\/#breadcrumb"},"inLanguage":"tr","potentialAction":[{"@type":"ReadAction","target":["http:\/\/atif.unaldi.org\/blog\/2012\/04\/05\/iptv-ott-derken-ttnet-sosyal-tvyi-gerceklestirdi\/"]}]},{"@type":"BreadcrumbList","@id":"http:\/\/atif.unaldi.org\/blog\/2012\/04\/05\/iptv-ott-derken-ttnet-sosyal-tvyi-gerceklestirdi\/#breadcrumb","itemListElement":[{"@type":"ListItem","position":1,"name":"Anasayfa","item":"http:\/\/atif.unaldi.org\/blog\/"},{"@type":"ListItem","position":2,"name":"IPTV, OTT derken TTNET Sosyal TV&#8217;yi ger\u00e7ekle\u015ftirdi"}]},{"@type":"WebSite","@id":"http:\/\/atif.unaldi.org\/blog\/#website","url":"http:\/\/atif.unaldi.org\/blog\/","name":"At\u0131f \u00dcnald\u0131","description":"Yazar","publisher":{"@id":"http:\/\/atif.unaldi.org\/blog\/#\/schema\/person\/608ed42ecbda2bc5cfdb767ac1db479b"},"alternateName":"At\u0131f \u00dcnald\u0131 Blog","potentialAction":[{"@type":"SearchAction","target":{"@type":"EntryPoint","urlTemplate":"http:\/\/atif.unaldi.org\/blog\/?s={search_term_string}"},"query-input":{"@type":"PropertyValueSpecification","valueRequired":true,"valueName":"search_term_string"}}],"inLanguage":"tr"},{"@type":["Person","Organization"],"@id":"http:\/\/atif.unaldi.org\/blog\/#\/schema\/person\/608ed42ecbda2bc5cfdb767ac1db479b","name":"Atif Unaldi","image":{"@type":"ImageObject","inLanguage":"tr","@id":"http:\/\/atif.unaldi.org\/blog\/#\/schema\/person\/image\/","url":"http:\/\/atif.unaldi.org\/blog\/wp-content\/uploads\/2022\/10\/cropped-a94e8f7a-67c4-4d65-8a5f-032ba784be53-2.jpg","contentUrl":"http:\/\/atif.unaldi.org\/blog\/wp-content\/uploads\/2022\/10\/cropped-a94e8f7a-67c4-4d65-8a5f-032ba784be53-2.jpg","width":512,"height":512,"caption":"Atif Unaldi"},"logo":{"@id":"http:\/\/atif.unaldi.org\/blog\/#\/schema\/person\/image\/"},"description":"Bo\u011fazi\u00e7i \u00dcniversitesinde Fizik B\u00f6l\u00fcm\u00fc\u2019nde e\u011fitim ald\u0131\u011f\u0131 y\u0131llarda T\u00fcrkiye\u2019de ilk kez iki bilgisayar\u0131 telefon hatlar\u0131 \u00fczerinden konu\u015fturan BBS sistemini kurarak, T\u00fcrkiye\u2019deki ilk internet a\u011f\u0131n\u0131 olu\u015fturmu\u015ftur. Bir \u00e7ok radyo ve televizyonda program yap\u0131mc\u0131l\u0131\u011f\u0131 ve sunuculu\u011funu, bir \u00e7ok teknoloji dergisinde k\u00f6\u015fe yazarl\u0131\u011f\u0131, bili\u015fim edit\u00f6rl\u00fc\u011f\u00fc ve genel yay\u0131n y\u00f6netmenli\u011fi yapt\u0131. T\u00fcrkiye\u2019deki ilk internet servis sa\u011flay\u0131c\u0131s\u0131n\u0131n genel m\u00fcd\u00fcrl\u00fc\u011f\u00fcn\u00fc \u00fcstlendi. Bir \u00e7ok organizasyon ve kurulu\u015fta internet s\u00fcperviz\u00f6rl\u00fc\u011f\u00fc , webmaster\u2019l\u0131\u011f\u0131 , IT direkt\u00f6rl\u00fc\u011f\u00fc ve dijital projeler koordinat\u00f6rl\u00fc\u011f\u00fc g\u00f6revlerinde bulundu. Farkl\u0131 \u00fcniversitelerin farkl\u0131 fak\u00fcltelerinde \u00f6\u011fretim g\u00f6revlisi olarak bulunmu\u015f olan \u00dcnald\u0131; \u015fu an teknoloji ve pazarlama konular\u0131 ba\u015fta olmak \u00fczere bir\u00e7ok alanda hizmet veren Unaldi Consultancy\u2019nin kurucusudur. \u2028Selin \u00dcnald\u0131 ile evlidir. Su ve Toprak isminde iki \u00e7ocu\u011fu vard\u0131r.","sameAs":["http:\/\/atif.unaldi.org\/blog","https:\/\/www.facebook.com\/atifunaldi","https:\/\/www.instagram.com\/atifunaldi\/","https:\/\/www.linkedin.com\/in\/atifunaldi","https:\/\/x.com\/https:\/\/twitter.com\/atifunaldi","https:\/\/www.youtube.com\/c\/atifunaldi","https:\/\/soundcloud.com\/atif-unaldi","https:\/\/atifunaldi.tumblr.com"],"url":"http:\/\/atif.unaldi.org\/blog\/author\/atifunaldi\/"}]}},"jetpack_featured_media_url":"","_links":{"self":[{"href":"http:\/\/atif.unaldi.org\/blog\/wp-json\/wp\/v2\/posts\/6834","targetHints":{"allow":["GET"]}}],"collection":[{"href":"http:\/\/atif.unaldi.org\/blog\/wp-json\/wp\/v2\/posts"}],"about":[{"href":"http:\/\/atif.unaldi.org\/blog\/wp-json\/wp\/v2\/types\/post"}],"author":[{"embeddable":true,"href":"http:\/\/atif.unaldi.org\/blog\/wp-json\/wp\/v2\/users\/2"}],"replies":[{"embeddable":true,"href":"http:\/\/atif.unaldi.org\/blog\/wp-json\/wp\/v2\/comments?post=6834"}],"version-history":[{"count":0,"href":"http:\/\/atif.unaldi.org\/blog\/wp-json\/wp\/v2\/posts\/6834\/revisions"}],"wp:attachment":[{"href":"http:\/\/atif.unaldi.org\/blog\/wp-json\/wp\/v2\/media?parent=6834"}],"wp:term":[{"taxonomy":"category","embeddable":true,"href":"http:\/\/atif.unaldi.org\/blog\/wp-json\/wp\/v2\/categories?post=6834"},{"taxonomy":"post_tag","embeddable":true,"href":"http:\/\/atif.unaldi.org\/blog\/wp-json\/wp\/v2\/tags?post=6834"}],"curies":[{"name":"wp","href":"https:\/\/api.w.org\/{rel}","templated":true}]}}