{"id":6874,"date":"2012-04-23T09:41:51","date_gmt":"2012-04-23T09:41:51","guid":{"rendered":"http:\/\/atif.unaldi.org\/blog\/2012\/04\/23\/son-sozleri\/"},"modified":"2012-04-23T09:41:51","modified_gmt":"2012-04-23T09:41:51","slug":"son-sozleri","status":"publish","type":"post","link":"http:\/\/atif.unaldi.org\/blog\/2012\/04\/23\/son-sozleri\/","title":{"rendered":"Son s\u00f6zleri"},"content":{"rendered":"<p>A<\/p>\n<p>Ben g\u00f6revimi burada bitiriyorum &#8211; Albert Einstein<\/p>\n<p>B<\/p>\n<p>Beni g\u00f6\u011fs\u00fcmden vurun. &#8211; Benito Mussolini<br \/>\n\u00d6ld\u00fc\u011f\u00fcm zaman beni deniz sesi i\u015fitecek bir yere defnediniz&#8230; &#8211; Barbaros Hayreddin Pa\u015fa<br \/>\n\u0130sko\u00e7 viskisinden martiniye ge\u00e7memeliydim. &#8211; Humphrey Bogart<\/p>\n<p>D<\/p>\n<p>Ba\u011f\u0131\u015fla Tanr\u0131m. Desiderius Erasmus (Kuzey Avrupa R\u00f6nesans&#8217;\u0131n\u0131n \u00f6nemli ustas\u0131 ve klasik edebiyat ara\u015ft\u0131rmac\u0131s\u0131, h\u00fcmanist bilgin ve<br \/>\nilahiyat\u00e7\u0131..)<\/p>\n<p>E<\/p>\n<p>Vur beni korkak! Yaln\u0131zca bir adam \u00f6ld\u00fcrm\u00fc\u015f olacaks\u0131n. &#8211; Ernesto Che Guevara<\/p>\n<p>F<\/p>\n<p>Hekimler, bana ni\u00e7in k\u0131yd\u0131n\u0131z? Fatih Sultan Mehmet (Fatih,<br \/>\nzehirlenerek \u00f6ld\u00fcr\u00fclm\u00fc\u015ft\u00fcr. Kendisine verilen son ila\u00e7 zehirdir. \u0130\u00e7ti\u011finde bunu anlam\u0131\u015f, bu s\u00f6zleri s\u00f6yleyerek vefat etmi\u015ftir.)<\/p>\n<p>G<\/p>\n<p>S\u0131k\u0131ld\u0131m, s\u0131k\u0131ld\u0131m. &#8211; Gabriele D&#8217;Annunzio (\u0130talyan yazar, 1938) Beni bir antika olarak saklamaya \u00e7al\u0131\u015f\u0131yorsun ama i\u015fim bitti, \u00f6lece\u011fim. &#8211; George Bernard Shaw (Ingiliz yazar, 1950, hem\u015fireye) Biraz daha \u0131\u015f\u0131k!.. (Mehr Licht!) &#8211; Goethe (Alman \u015fair ve Oyun yazar\u0131, 1832)<\/p>\n<p>\u0130<\/p>\n<p>Ey benim Rabbim, m\u00e2likim! Emrin ba\u015f\u0131m g\u00f6z\u00fcm \u00fczere olsun &#8211; \u0130mam Gazali \u0130\u015fte bu iyi. Immanuel Kant<\/p>\n<p>J<\/p>\n<p>\u00d6lmek d\u0131\u015f\u0131nda hi\u00e7bir \u015fey istemiyorum. &#8211; Jane Austen (\u0130ngiliz yazar) Kimse anlam\u0131yor mu? &#8211; James Joyce (\u0130rlandal\u0131 yazar, 1941)<br \/>\nK\u0131\u00e7\u0131m\u0131 \u00f6p. &#8211; John Wayne Gacy<\/p>\n<p>K<\/p>\n<p>Ben \u00f6l\u00fcnce bir elimi tabutumun d\u0131\u015f\u0131na at\u0131n. \u0130nsanlar g\u00f6rs\u00fcnler ki padi\u015fah olan S\u00fcleyman bu d\u00fcnyadan eli bo\u015f gitmi\u015ftir. &#8211; Kanuni Sultan S\u00fcleyman<br \/>\nHadi oradan. Son s\u00f6zler yeterince do\u011fru s\u00f6z s\u00f6ylememi\u015f aptallar i\u00e7indir. &#8211; Karl Marx<\/p>\n<p>L<\/p>\n<p>Komedi Bitti. &#8211; Ludwig van Beethoven<br \/>\nSiz benim \u00f6l\u00fcms\u00fcz oldu\u011fumu mu san\u0131yordunuz? XIV. Louis<br \/>\n\u00d6l\u00fcm d\u00f6\u015fe\u011finde, oda u\u015fa\u011f\u0131n\u0131n a\u011flamas\u0131 \u00fczerine&#8230;<br \/>\n\u00c7al\u0131\u015fmalar\u0131m olmas\u0131 gereken kaliteye eri\u015fmedi\u011fi i\u00e7in Tanr\u0131y\u0131 ve insanl\u0131\u011f\u0131 g\u00fccendirdim. &#8211; Leonardo da Vinci<\/p>\n<p>M<\/p>\n<p>Allahumme Er-Refik el-Ala (Allah azze ve celle ne y\u00fcce bir dosttur!) &#8211; Hz.Muhammed s.a.v<br \/>\nAleyk\u00fcmesselam &#8211; Mustafa Kemal Atat\u00fcrk[1]<br \/>\nAman tanr\u0131m Mahatma Gandhi<br \/>\nBiz hizmetimizi Allah i\u00e7in yapt\u0131k ve m\u00fckafat\u0131n\u0131 da ahirette<br \/>\nbekliyoruz. &#8211; Mimar Sinan<br \/>\nRabbimiz, beni kendi hazretine d\u00e2vet ediyor. Art\u0131k gitmek zam\u00e2n\u0131d\u0131r. Y\u00e2 Azr\u00e2il! \u00c7abuk ol! Beni Rabbime \u00e7abuk kavu\u015ftur! Mevlana<\/p>\n<p>N<\/p>\n<p>Demek b\u00f6yle \u00f6l\u00fcn\u00fcrm\u00fc\u015f&#8230;-Necip Faz\u0131l K\u0131sak\u00fcrek<\/p>\n<p>O<\/p>\n<p>Ya duvar k\u00e2\u011f\u0131d\u0131 gidiyor ya da ben. &#8211; Oscar Wilde<\/p>\n<p>\u00d6<\/p>\n<p>&#8220;Bu benim en b\u00fcy\u00fck dile\u011fimdi&#8221; &#8211; Hz. \u00d6mer<\/p>\n<p>R<\/p>\n<p>At! At! Bir ata krall\u0131\u011f\u0131m\u0131 veririm! &#8211; Richard III (\u0130ngiliz Kral\u0131, 1485)<\/p>\n<p>Amaann, hayat bo\u015f be&#8230; &#8211; Suna Pekuysal<\/p>\n<p>As\u0131l \u00f6l\u00fcm, ilimden pay\u0131n\u0131 almayanlarad\u0131r. Faydal\u0131 ile faydas\u0131z\u0131 bilenler bilgi s\u00e2hipleridir. &#8211; \u015eeyh Edebali<\/p>\n<p>Siyah bir \u0131\u015f\u0131k g\u00f6r\u00fcyorum. &#8211; Victor Hugo<br \/>\nB\u0131rak\u0131n s\u00fckun i\u00e7inde \u00f6leyim. Voltaire<br \/>\nHayat \u00f6yle g\u00fczel ki&#8230; Vito Corleone (The Godfather filmi ve roman\u0131n\u0131n ba\u015f kahraman\u0131, b\u00fcy\u00fck mafya lideri.)<br \/>\nBir imparator ayakta \u00f6lmeli. &#8211; Vespasien (Roma \u0130mparatoru, 79)<\/p>\n<p>\u00d6l\u00fcm\u00fcn tad\u0131, dilimin ucunda. Bu d\u00fcnyadan olmayan bir \u015fey hissediyorum. &#8211; Wolfgang Amadeus Mozart<br \/>\nHer\u015fey can\u0131m\u0131 s\u0131k\u0131yor. &#8211; Winston Churchill<br \/>\n\u00d6lmek kaderde var; ya\u015fay\u0131p k\u00f6hnemek hazin,<br \/>\nBir \u00e7are yok mudur buna ya Rabbelalemin? &#8211; Yahya Kemal Beyatl\u0131<\/p>\n","protected":false},"excerpt":{"rendered":"<p>A Ben g\u00f6revimi burada bitiriyorum &#8211; Albert Einstein B Beni g\u00f6\u011fs\u00fcmden vurun. &#8211; Benito Mussolini \u00d6ld\u00fc\u011f\u00fcm zaman beni deniz sesi i\u015fitecek bir yere defnediniz&#8230; &#8211; Barbaros Hayreddin Pa\u015fa \u0130sko\u00e7 viskisinden martiniye ge\u00e7memeliydim. &#8211; Humphrey Bogart&#8230;<\/p>\n","protected":false},"author":2,"featured_media":0,"comment_status":"closed","ping_status":"open","sticky":false,"template":"","format":"standard","meta":{"footnotes":""},"categories":[3],"tags":[],"class_list":["post-6874","post","type-post","status-publish","format-standard","hentry","category-blogum"],"yoast_head":"<!-- This site is optimized with the Yoast SEO plugin v26.8 - https:\/\/yoast.com\/product\/yoast-seo-wordpress\/ -->\n<title>Son s\u00f6zleri - At\u0131f \u00dcnald\u0131<\/title>\n<meta name=\"robots\" content=\"index, follow, max-snippet:-1, max-image-preview:large, max-video-preview:-1\" \/>\n<link rel=\"canonical\" href=\"http:\/\/atif.unaldi.org\/blog\/2012\/04\/23\/son-sozleri\/\" \/>\n<meta property=\"og:locale\" content=\"tr_TR\" \/>\n<meta property=\"og:type\" content=\"article\" \/>\n<meta property=\"og:title\" content=\"Son s\u00f6zleri - At\u0131f \u00dcnald\u0131\" \/>\n<meta property=\"og:description\" content=\"A Ben g\u00f6revimi burada bitiriyorum &#8211; Albert Einstein B Beni g\u00f6\u011fs\u00fcmden vurun. &#8211; Benito Mussolini \u00d6ld\u00fc\u011f\u00fcm zaman beni deniz sesi i\u015fitecek bir yere defnediniz&#8230; &#8211; Barbaros Hayreddin Pa\u015fa \u0130sko\u00e7 viskisinden martiniye ge\u00e7memeliydim. &#8211; Humphrey Bogart...\" \/>\n<meta property=\"og:url\" content=\"http:\/\/atif.unaldi.org\/blog\/2012\/04\/23\/son-sozleri\/\" \/>\n<meta property=\"og:site_name\" content=\"At\u0131f \u00dcnald\u0131\" \/>\n<meta property=\"article:publisher\" content=\"https:\/\/www.facebook.com\/atifunaldi\" \/>\n<meta property=\"article:author\" content=\"https:\/\/www.facebook.com\/atifunaldi\" \/>\n<meta property=\"article:published_time\" content=\"2012-04-23T09:41:51+00:00\" \/>\n<meta name=\"author\" content=\"Atif Unaldi\" \/>\n<meta name=\"twitter:card\" content=\"summary_large_image\" \/>\n<meta name=\"twitter:creator\" content=\"@https:\/\/twitter.com\/atifunaldi\" \/>\n<meta name=\"twitter:site\" content=\"@atifunaldi\" \/>\n<meta name=\"twitter:label1\" content=\"Yazan:\" \/>\n\t<meta name=\"twitter:data1\" content=\"Atif Unaldi\" \/>\n\t<meta name=\"twitter:label2\" content=\"Tahmini okuma s\u00fcresi\" \/>\n\t<meta name=\"twitter:data2\" content=\"3 dakika\" \/>\n<script type=\"application\/ld+json\" class=\"yoast-schema-graph\">{\"@context\":\"https:\/\/schema.org\",\"@graph\":[{\"@type\":\"Article\",\"@id\":\"http:\/\/atif.unaldi.org\/blog\/2012\/04\/23\/son-sozleri\/#article\",\"isPartOf\":{\"@id\":\"http:\/\/atif.unaldi.org\/blog\/2012\/04\/23\/son-sozleri\/\"},\"author\":{\"name\":\"Atif Unaldi\",\"@id\":\"http:\/\/atif.unaldi.org\/blog\/#\/schema\/person\/608ed42ecbda2bc5cfdb767ac1db479b\"},\"headline\":\"Son s\u00f6zleri\",\"datePublished\":\"2012-04-23T09:41:51+00:00\",\"mainEntityOfPage\":{\"@id\":\"http:\/\/atif.unaldi.org\/blog\/2012\/04\/23\/son-sozleri\/\"},\"wordCount\":568,\"publisher\":{\"@id\":\"http:\/\/atif.unaldi.org\/blog\/#\/schema\/person\/608ed42ecbda2bc5cfdb767ac1db479b\"},\"articleSection\":[\"Blogum\"],\"inLanguage\":\"tr\"},{\"@type\":\"WebPage\",\"@id\":\"http:\/\/atif.unaldi.org\/blog\/2012\/04\/23\/son-sozleri\/\",\"url\":\"http:\/\/atif.unaldi.org\/blog\/2012\/04\/23\/son-sozleri\/\",\"name\":\"Son s\u00f6zleri - At\u0131f \u00dcnald\u0131\",\"isPartOf\":{\"@id\":\"http:\/\/atif.unaldi.org\/blog\/#website\"},\"datePublished\":\"2012-04-23T09:41:51+00:00\",\"breadcrumb\":{\"@id\":\"http:\/\/atif.unaldi.org\/blog\/2012\/04\/23\/son-sozleri\/#breadcrumb\"},\"inLanguage\":\"tr\",\"potentialAction\":[{\"@type\":\"ReadAction\",\"target\":[\"http:\/\/atif.unaldi.org\/blog\/2012\/04\/23\/son-sozleri\/\"]}]},{\"@type\":\"BreadcrumbList\",\"@id\":\"http:\/\/atif.unaldi.org\/blog\/2012\/04\/23\/son-sozleri\/#breadcrumb\",\"itemListElement\":[{\"@type\":\"ListItem\",\"position\":1,\"name\":\"Anasayfa\",\"item\":\"http:\/\/atif.unaldi.org\/blog\/\"},{\"@type\":\"ListItem\",\"position\":2,\"name\":\"Son s\u00f6zleri\"}]},{\"@type\":\"WebSite\",\"@id\":\"http:\/\/atif.unaldi.org\/blog\/#website\",\"url\":\"http:\/\/atif.unaldi.org\/blog\/\",\"name\":\"At\u0131f \u00dcnald\u0131\",\"description\":\"Yazar\",\"publisher\":{\"@id\":\"http:\/\/atif.unaldi.org\/blog\/#\/schema\/person\/608ed42ecbda2bc5cfdb767ac1db479b\"},\"alternateName\":\"At\u0131f \u00dcnald\u0131 Blog\",\"potentialAction\":[{\"@type\":\"SearchAction\",\"target\":{\"@type\":\"EntryPoint\",\"urlTemplate\":\"http:\/\/atif.unaldi.org\/blog\/?s={search_term_string}\"},\"query-input\":{\"@type\":\"PropertyValueSpecification\",\"valueRequired\":true,\"valueName\":\"search_term_string\"}}],\"inLanguage\":\"tr\"},{\"@type\":[\"Person\",\"Organization\"],\"@id\":\"http:\/\/atif.unaldi.org\/blog\/#\/schema\/person\/608ed42ecbda2bc5cfdb767ac1db479b\",\"name\":\"Atif Unaldi\",\"image\":{\"@type\":\"ImageObject\",\"inLanguage\":\"tr\",\"@id\":\"http:\/\/atif.unaldi.org\/blog\/#\/schema\/person\/image\/\",\"url\":\"http:\/\/atif.unaldi.org\/blog\/wp-content\/uploads\/2022\/10\/cropped-a94e8f7a-67c4-4d65-8a5f-032ba784be53-2.jpg\",\"contentUrl\":\"http:\/\/atif.unaldi.org\/blog\/wp-content\/uploads\/2022\/10\/cropped-a94e8f7a-67c4-4d65-8a5f-032ba784be53-2.jpg\",\"width\":512,\"height\":512,\"caption\":\"Atif Unaldi\"},\"logo\":{\"@id\":\"http:\/\/atif.unaldi.org\/blog\/#\/schema\/person\/image\/\"},\"description\":\"Bo\u011fazi\u00e7i \u00dcniversitesinde Fizik B\u00f6l\u00fcm\u00fc\u2019nde e\u011fitim ald\u0131\u011f\u0131 y\u0131llarda T\u00fcrkiye\u2019de ilk kez iki bilgisayar\u0131 telefon hatlar\u0131 \u00fczerinden konu\u015fturan BBS sistemini kurarak, T\u00fcrkiye\u2019deki ilk internet a\u011f\u0131n\u0131 olu\u015fturmu\u015ftur. Bir \u00e7ok radyo ve televizyonda program yap\u0131mc\u0131l\u0131\u011f\u0131 ve sunuculu\u011funu, bir \u00e7ok teknoloji dergisinde k\u00f6\u015fe yazarl\u0131\u011f\u0131, bili\u015fim edit\u00f6rl\u00fc\u011f\u00fc ve genel yay\u0131n y\u00f6netmenli\u011fi yapt\u0131. T\u00fcrkiye\u2019deki ilk internet servis sa\u011flay\u0131c\u0131s\u0131n\u0131n genel m\u00fcd\u00fcrl\u00fc\u011f\u00fcn\u00fc \u00fcstlendi. Bir \u00e7ok organizasyon ve kurulu\u015fta internet s\u00fcperviz\u00f6rl\u00fc\u011f\u00fc , webmaster\u2019l\u0131\u011f\u0131 , IT direkt\u00f6rl\u00fc\u011f\u00fc ve dijital projeler koordinat\u00f6rl\u00fc\u011f\u00fc g\u00f6revlerinde bulundu. Farkl\u0131 \u00fcniversitelerin farkl\u0131 fak\u00fcltelerinde \u00f6\u011fretim g\u00f6revlisi olarak bulunmu\u015f olan \u00dcnald\u0131; \u015fu an teknoloji ve pazarlama konular\u0131 ba\u015fta olmak \u00fczere bir\u00e7ok alanda hizmet veren Unaldi Consultancy\u2019nin kurucusudur. \\u2028Selin \u00dcnald\u0131 ile evlidir. Su ve Toprak isminde iki \u00e7ocu\u011fu vard\u0131r.\",\"sameAs\":[\"http:\/\/atif.unaldi.org\/blog\",\"https:\/\/www.facebook.com\/atifunaldi\",\"https:\/\/www.instagram.com\/atifunaldi\/\",\"https:\/\/www.linkedin.com\/in\/atifunaldi\",\"https:\/\/x.com\/https:\/\/twitter.com\/atifunaldi\",\"https:\/\/www.youtube.com\/c\/atifunaldi\",\"https:\/\/soundcloud.com\/atif-unaldi\",\"https:\/\/atifunaldi.tumblr.com\"],\"url\":\"http:\/\/atif.unaldi.org\/blog\/author\/atifunaldi\/\"}]}<\/script>\n<!-- \/ Yoast SEO plugin. -->","yoast_head_json":{"title":"Son s\u00f6zleri - At\u0131f \u00dcnald\u0131","robots":{"index":"index","follow":"follow","max-snippet":"max-snippet:-1","max-image-preview":"max-image-preview:large","max-video-preview":"max-video-preview:-1"},"canonical":"http:\/\/atif.unaldi.org\/blog\/2012\/04\/23\/son-sozleri\/","og_locale":"tr_TR","og_type":"article","og_title":"Son s\u00f6zleri - At\u0131f \u00dcnald\u0131","og_description":"A Ben g\u00f6revimi burada bitiriyorum &#8211; Albert Einstein B Beni g\u00f6\u011fs\u00fcmden vurun. &#8211; Benito Mussolini \u00d6ld\u00fc\u011f\u00fcm zaman beni deniz sesi i\u015fitecek bir yere defnediniz&#8230; &#8211; Barbaros Hayreddin Pa\u015fa \u0130sko\u00e7 viskisinden martiniye ge\u00e7memeliydim. &#8211; Humphrey Bogart...","og_url":"http:\/\/atif.unaldi.org\/blog\/2012\/04\/23\/son-sozleri\/","og_site_name":"At\u0131f \u00dcnald\u0131","article_publisher":"https:\/\/www.facebook.com\/atifunaldi","article_author":"https:\/\/www.facebook.com\/atifunaldi","article_published_time":"2012-04-23T09:41:51+00:00","author":"Atif Unaldi","twitter_card":"summary_large_image","twitter_creator":"@https:\/\/twitter.com\/atifunaldi","twitter_site":"@atifunaldi","twitter_misc":{"Yazan:":"Atif Unaldi","Tahmini okuma s\u00fcresi":"3 dakika"},"schema":{"@context":"https:\/\/schema.org","@graph":[{"@type":"Article","@id":"http:\/\/atif.unaldi.org\/blog\/2012\/04\/23\/son-sozleri\/#article","isPartOf":{"@id":"http:\/\/atif.unaldi.org\/blog\/2012\/04\/23\/son-sozleri\/"},"author":{"name":"Atif Unaldi","@id":"http:\/\/atif.unaldi.org\/blog\/#\/schema\/person\/608ed42ecbda2bc5cfdb767ac1db479b"},"headline":"Son s\u00f6zleri","datePublished":"2012-04-23T09:41:51+00:00","mainEntityOfPage":{"@id":"http:\/\/atif.unaldi.org\/blog\/2012\/04\/23\/son-sozleri\/"},"wordCount":568,"publisher":{"@id":"http:\/\/atif.unaldi.org\/blog\/#\/schema\/person\/608ed42ecbda2bc5cfdb767ac1db479b"},"articleSection":["Blogum"],"inLanguage":"tr"},{"@type":"WebPage","@id":"http:\/\/atif.unaldi.org\/blog\/2012\/04\/23\/son-sozleri\/","url":"http:\/\/atif.unaldi.org\/blog\/2012\/04\/23\/son-sozleri\/","name":"Son s\u00f6zleri - At\u0131f \u00dcnald\u0131","isPartOf":{"@id":"http:\/\/atif.unaldi.org\/blog\/#website"},"datePublished":"2012-04-23T09:41:51+00:00","breadcrumb":{"@id":"http:\/\/atif.unaldi.org\/blog\/2012\/04\/23\/son-sozleri\/#breadcrumb"},"inLanguage":"tr","potentialAction":[{"@type":"ReadAction","target":["http:\/\/atif.unaldi.org\/blog\/2012\/04\/23\/son-sozleri\/"]}]},{"@type":"BreadcrumbList","@id":"http:\/\/atif.unaldi.org\/blog\/2012\/04\/23\/son-sozleri\/#breadcrumb","itemListElement":[{"@type":"ListItem","position":1,"name":"Anasayfa","item":"http:\/\/atif.unaldi.org\/blog\/"},{"@type":"ListItem","position":2,"name":"Son s\u00f6zleri"}]},{"@type":"WebSite","@id":"http:\/\/atif.unaldi.org\/blog\/#website","url":"http:\/\/atif.unaldi.org\/blog\/","name":"At\u0131f \u00dcnald\u0131","description":"Yazar","publisher":{"@id":"http:\/\/atif.unaldi.org\/blog\/#\/schema\/person\/608ed42ecbda2bc5cfdb767ac1db479b"},"alternateName":"At\u0131f \u00dcnald\u0131 Blog","potentialAction":[{"@type":"SearchAction","target":{"@type":"EntryPoint","urlTemplate":"http:\/\/atif.unaldi.org\/blog\/?s={search_term_string}"},"query-input":{"@type":"PropertyValueSpecification","valueRequired":true,"valueName":"search_term_string"}}],"inLanguage":"tr"},{"@type":["Person","Organization"],"@id":"http:\/\/atif.unaldi.org\/blog\/#\/schema\/person\/608ed42ecbda2bc5cfdb767ac1db479b","name":"Atif Unaldi","image":{"@type":"ImageObject","inLanguage":"tr","@id":"http:\/\/atif.unaldi.org\/blog\/#\/schema\/person\/image\/","url":"http:\/\/atif.unaldi.org\/blog\/wp-content\/uploads\/2022\/10\/cropped-a94e8f7a-67c4-4d65-8a5f-032ba784be53-2.jpg","contentUrl":"http:\/\/atif.unaldi.org\/blog\/wp-content\/uploads\/2022\/10\/cropped-a94e8f7a-67c4-4d65-8a5f-032ba784be53-2.jpg","width":512,"height":512,"caption":"Atif Unaldi"},"logo":{"@id":"http:\/\/atif.unaldi.org\/blog\/#\/schema\/person\/image\/"},"description":"Bo\u011fazi\u00e7i \u00dcniversitesinde Fizik B\u00f6l\u00fcm\u00fc\u2019nde e\u011fitim ald\u0131\u011f\u0131 y\u0131llarda T\u00fcrkiye\u2019de ilk kez iki bilgisayar\u0131 telefon hatlar\u0131 \u00fczerinden konu\u015fturan BBS sistemini kurarak, T\u00fcrkiye\u2019deki ilk internet a\u011f\u0131n\u0131 olu\u015fturmu\u015ftur. Bir \u00e7ok radyo ve televizyonda program yap\u0131mc\u0131l\u0131\u011f\u0131 ve sunuculu\u011funu, bir \u00e7ok teknoloji dergisinde k\u00f6\u015fe yazarl\u0131\u011f\u0131, bili\u015fim edit\u00f6rl\u00fc\u011f\u00fc ve genel yay\u0131n y\u00f6netmenli\u011fi yapt\u0131. T\u00fcrkiye\u2019deki ilk internet servis sa\u011flay\u0131c\u0131s\u0131n\u0131n genel m\u00fcd\u00fcrl\u00fc\u011f\u00fcn\u00fc \u00fcstlendi. Bir \u00e7ok organizasyon ve kurulu\u015fta internet s\u00fcperviz\u00f6rl\u00fc\u011f\u00fc , webmaster\u2019l\u0131\u011f\u0131 , IT direkt\u00f6rl\u00fc\u011f\u00fc ve dijital projeler koordinat\u00f6rl\u00fc\u011f\u00fc g\u00f6revlerinde bulundu. Farkl\u0131 \u00fcniversitelerin farkl\u0131 fak\u00fcltelerinde \u00f6\u011fretim g\u00f6revlisi olarak bulunmu\u015f olan \u00dcnald\u0131; \u015fu an teknoloji ve pazarlama konular\u0131 ba\u015fta olmak \u00fczere bir\u00e7ok alanda hizmet veren Unaldi Consultancy\u2019nin kurucusudur. \u2028Selin \u00dcnald\u0131 ile evlidir. Su ve Toprak isminde iki \u00e7ocu\u011fu vard\u0131r.","sameAs":["http:\/\/atif.unaldi.org\/blog","https:\/\/www.facebook.com\/atifunaldi","https:\/\/www.instagram.com\/atifunaldi\/","https:\/\/www.linkedin.com\/in\/atifunaldi","https:\/\/x.com\/https:\/\/twitter.com\/atifunaldi","https:\/\/www.youtube.com\/c\/atifunaldi","https:\/\/soundcloud.com\/atif-unaldi","https:\/\/atifunaldi.tumblr.com"],"url":"http:\/\/atif.unaldi.org\/blog\/author\/atifunaldi\/"}]}},"jetpack_featured_media_url":"","_links":{"self":[{"href":"http:\/\/atif.unaldi.org\/blog\/wp-json\/wp\/v2\/posts\/6874","targetHints":{"allow":["GET"]}}],"collection":[{"href":"http:\/\/atif.unaldi.org\/blog\/wp-json\/wp\/v2\/posts"}],"about":[{"href":"http:\/\/atif.unaldi.org\/blog\/wp-json\/wp\/v2\/types\/post"}],"author":[{"embeddable":true,"href":"http:\/\/atif.unaldi.org\/blog\/wp-json\/wp\/v2\/users\/2"}],"replies":[{"embeddable":true,"href":"http:\/\/atif.unaldi.org\/blog\/wp-json\/wp\/v2\/comments?post=6874"}],"version-history":[{"count":0,"href":"http:\/\/atif.unaldi.org\/blog\/wp-json\/wp\/v2\/posts\/6874\/revisions"}],"wp:attachment":[{"href":"http:\/\/atif.unaldi.org\/blog\/wp-json\/wp\/v2\/media?parent=6874"}],"wp:term":[{"taxonomy":"category","embeddable":true,"href":"http:\/\/atif.unaldi.org\/blog\/wp-json\/wp\/v2\/categories?post=6874"},{"taxonomy":"post_tag","embeddable":true,"href":"http:\/\/atif.unaldi.org\/blog\/wp-json\/wp\/v2\/tags?post=6874"}],"curies":[{"name":"wp","href":"https:\/\/api.w.org\/{rel}","templated":true}]}}