{"id":6875,"date":"2012-04-23T09:42:54","date_gmt":"2012-04-23T09:42:54","guid":{"rendered":"http:\/\/atif.unaldi.org\/blog\/2012\/04\/23\/butun-melekler-ve-gorevleri\/"},"modified":"2012-04-23T09:42:54","modified_gmt":"2012-04-23T09:42:54","slug":"butun-melekler-ve-gorevleri","status":"publish","type":"post","link":"http:\/\/atif.unaldi.org\/blog\/2012\/04\/23\/butun-melekler-ve-gorevleri\/","title":{"rendered":"B\u00fct\u00fcn melekler ve g\u00f6revleri"},"content":{"rendered":"<p>Ba\u015fmelek Mikail: Ad\u0131 &#8216;Allah gibi olan&#8217; anlam\u0131nda. Mikail&#8217;in g\u00f6revi egoyu ve korkuyu uzakla\u015ft\u0131rmak. Her t\u00fcrl\u00fc tehlikeye kar\u015f\u0131 kusursuz kalkan\u0131yla sizi korur. Hangi melekten yard\u0131m isteyece\u011fini<br \/>\nbilmiyorsan\u0131z ona ba\u015fvurun.<br \/>\nBa\u015fmelek Azrail: Ad\u0131n\u0131n anlam\u0131 &#8216;Allah&#8217;\u0131n yard\u0131m eden eli&#8217;. Azrail, can\u0131m\u0131z\u0131 almaz, \u00f6l\u00fcm an\u0131nda bize yard\u0131m eder, \u0131\u015f\u0131\u011fa do\u011fru yumu\u015fak ge\u00e7i\u015f yapmay\u0131 sa\u011flar. Kaybetme ac\u0131s\u0131n\u0131 hafifletir. Bir \u00f6l\u00fcm durumunda onu, kendiniz ve sevdikleriniz i\u00e7in yard\u0131ma \u00e7a\u011f\u0131rabilirsiniz.<\/p>\n<p>Ba\u015fmelek Cebrail: Yazar, konu\u015fmac\u0131, gazeteci, ileti\u015fimci ve \u00e7ocuklar\u0131n ba\u015fmele\u011fi. \u0130ncil&#8217;de Meryem&#8217;e hamile oldu\u011funu bildiren melek oldu\u011fu d\u00fc\u015f\u00fcn\u00fcl\u00fcr. Bu y\u00fczden habercidir. Ad\u0131n\u0131n anlam\u0131 &#8216;Allah benim g\u00fcc\u00fcmd\u00fcr&#8217;.<\/p>\n<p>Ba\u015fmelek \u0130srafil: \u0130yile\u015fme i\u00e7in &#8216;Allah&#8217;\u0131n \u015fifac\u0131s\u0131&#8217; anlam\u0131na gelen \u0130srafil&#8217;i \u00e7a\u011f\u0131rmak gerekir. Her t\u00fcrl\u00fc a\u011fr\u0131, fiziksel, duygusal, ruhsal yard\u0131m\u0131 ondan isteyin. \u015eifa i\u00e7in yol g\u00f6stermesini isterseniz, \u0130srafil, auras\u0131n\u0131n rengi olan ye\u015fil \u0131\u015f\u0131kla sizi sarar. Ye\u015fil \u015fifan\u0131n rengidir ve \u00f6zel ki\u015filer \u0130srafil \u00e7evredeyken ye\u015fil k\u0131v\u0131lc\u0131mlar g\u00f6r\u00fcr.<\/p>\n<p>Ba\u015fmelek Uriel: Bize ve hayat\u0131m\u0131za \u0131\u015f\u0131k tutmak i\u00e7in var. Ad\u0131 &#8216;Allah&#8217;\u0131n \u0131\u015f\u0131k veren eli&#8217; anlam\u0131nda. Her ortama, konuya, \u00e7\u00f6zemedi\u011finiz her t\u00fcrl\u00fc probleme \u0131\u015f\u0131k tutarak \u00e7\u00f6zmenizi sa\u011flar. Unuttu\u011funuz konuyu da hat\u0131rlat\u0131r.<\/p>\n<p>Ba\u015fmelek Sandalfon: M\u00fczi\u011fin ve yerine gelen dualar\u0131n ba\u015fmele\u011fi. Moraliniz bozuksa, kendinizi yaln\u0131z hissediyorsan\u0131z onu \u00e7a\u011f\u0131r\u0131n. Bilin ki her dua duyulur, her istedi\u011finiz olur. Unutmay\u0131n s\u0131n\u0131r da sizsiniz, engel de&#8230;<\/p>\n<p>Ba\u015fmelek Raziel: Ezoterik (i\u00e7e ait) s\u0131rlar\u0131n ba\u015fmele\u011fidir. Allah&#8217;\u0131n taht\u0131na en yak\u0131n oturan oldu\u011fu ve onun t\u00fcm s\u0131rlar\u0131na vak\u0131f oldu\u011fu s\u00f6ylenir. Ad\u0131 &#8216;Allah&#8217;\u0131n s\u0131rlar\u0131&#8217; anlam\u0131n\u0131 ta\u015f\u0131r. Simyan\u0131n, yaratman\u0131n, d\u00f6n\u00fc\u015f\u00fcm\u00fcn ba\u015fmele\u011fidir.<\/p>\n<p>Ba\u015fmelek Raguel: &#8216;Allah&#8217;\u0131n arkada\u015f\u0131&#8217; anlam\u0131na geliyor. \u0130li\u015fkileri \u015fifaland\u0131r\u0131r, ortama huzur getirir. \u0130yi gitmesini istedi\u011finiz ili\u015fkilerde, bir tart\u0131\u015fma ortam\u0131nda ya da bir i\u015f toplant\u0131s\u0131nda Raguel&#8217;i \u00e7a\u011f\u0131r\u0131n. Konunun yumu\u015fak \u015fekilde halledilmesine yard\u0131m eder. O anda verdi\u011fi tavsiyelere uyun. Susman\u0131z gerekiyorsa, zor da olsa susun.<\/p>\n<p>Ba\u015fmelek Ceremayel: Affetmenin de ba\u015fmele\u011fidir. Affetmeme duygusu v\u00fccut i\u00e7in bir zehirdir. Duygusal detoks i\u00e7in Ceremayel&#8217;den yard\u0131m isteyin.<\/p>\n<p>Ba\u015fmelek Samuel: Ad\u0131n\u0131n anlam\u0131 &#8216;her \u015feyi g\u00f6ren&#8217;. Hayat\u0131n\u0131z\u0131n kaybolan par\u00e7alar\u0131n\u0131 bulman\u0131za yard\u0131m eder. Hayat\u0131n\u0131z\u0131n i\u015fini, e\u015fini, evini bulmak gibi&#8230; Evde bir \u015fey kaybetti\u011finizde en \u00f6nemli e\u015fya bulucunuz olabilir.<\/p>\n<p>Ba\u015fmelek Ariel: &#8216;Allah&#8217;\u0131n di\u015fi aslan\u0131&#8217; olarak bilinir. Cesarete ihtiyac\u0131n\u0131z oldu\u011funda Ba\u015fmelek Ariel&#8217;i \u00e7a\u011f\u0131r\u0131n. Kalbinizin istedi\u011fi yolda ilerlemeniz i\u00e7in ihtiyac\u0131n\u0131z olan cesareti verecektir.<\/p>\n","protected":false},"excerpt":{"rendered":"<p>Ba\u015fmelek Mikail: Ad\u0131 &#8216;Allah gibi olan&#8217; anlam\u0131nda. Mikail&#8217;in g\u00f6revi egoyu ve korkuyu uzakla\u015ft\u0131rmak. Her t\u00fcrl\u00fc tehlikeye kar\u015f\u0131 kusursuz kalkan\u0131yla sizi korur. Hangi melekten yard\u0131m isteyece\u011fini bilmiyorsan\u0131z ona ba\u015fvurun. Ba\u015fmelek Azrail: Ad\u0131n\u0131n anlam\u0131 &#8216;Allah&#8217;\u0131n yard\u0131m eden&#8230;<\/p>\n","protected":false},"author":2,"featured_media":0,"comment_status":"closed","ping_status":"open","sticky":false,"template":"","format":"standard","meta":{"footnotes":""},"categories":[3],"tags":[],"class_list":["post-6875","post","type-post","status-publish","format-standard","hentry","category-blogum"],"yoast_head":"<!-- This site is optimized with the Yoast SEO plugin v26.8 - https:\/\/yoast.com\/product\/yoast-seo-wordpress\/ -->\n<title>B\u00fct\u00fcn melekler ve g\u00f6revleri - At\u0131f \u00dcnald\u0131<\/title>\n<meta name=\"robots\" content=\"index, follow, max-snippet:-1, max-image-preview:large, max-video-preview:-1\" \/>\n<link rel=\"canonical\" href=\"http:\/\/atif.unaldi.org\/blog\/2012\/04\/23\/butun-melekler-ve-gorevleri\/\" \/>\n<meta property=\"og:locale\" content=\"tr_TR\" \/>\n<meta property=\"og:type\" content=\"article\" \/>\n<meta property=\"og:title\" content=\"B\u00fct\u00fcn melekler ve g\u00f6revleri - At\u0131f \u00dcnald\u0131\" \/>\n<meta property=\"og:description\" content=\"Ba\u015fmelek Mikail: Ad\u0131 &#8216;Allah gibi olan&#8217; anlam\u0131nda. Mikail&#8217;in g\u00f6revi egoyu ve korkuyu uzakla\u015ft\u0131rmak. Her t\u00fcrl\u00fc tehlikeye kar\u015f\u0131 kusursuz kalkan\u0131yla sizi korur. Hangi melekten yard\u0131m isteyece\u011fini bilmiyorsan\u0131z ona ba\u015fvurun. Ba\u015fmelek Azrail: Ad\u0131n\u0131n anlam\u0131 &#8216;Allah&#8217;\u0131n yard\u0131m eden...\" \/>\n<meta property=\"og:url\" content=\"http:\/\/atif.unaldi.org\/blog\/2012\/04\/23\/butun-melekler-ve-gorevleri\/\" \/>\n<meta property=\"og:site_name\" content=\"At\u0131f \u00dcnald\u0131\" \/>\n<meta property=\"article:publisher\" content=\"https:\/\/www.facebook.com\/atifunaldi\" \/>\n<meta property=\"article:author\" content=\"https:\/\/www.facebook.com\/atifunaldi\" \/>\n<meta property=\"article:published_time\" content=\"2012-04-23T09:42:54+00:00\" \/>\n<meta name=\"author\" content=\"Atif Unaldi\" \/>\n<meta name=\"twitter:card\" content=\"summary_large_image\" \/>\n<meta name=\"twitter:creator\" content=\"@https:\/\/twitter.com\/atifunaldi\" \/>\n<meta name=\"twitter:site\" content=\"@atifunaldi\" \/>\n<meta name=\"twitter:label1\" content=\"Yazan:\" \/>\n\t<meta name=\"twitter:data1\" content=\"Atif Unaldi\" \/>\n\t<meta name=\"twitter:label2\" content=\"Tahmini okuma s\u00fcresi\" \/>\n\t<meta name=\"twitter:data2\" content=\"3 dakika\" \/>\n<script type=\"application\/ld+json\" class=\"yoast-schema-graph\">{\"@context\":\"https:\/\/schema.org\",\"@graph\":[{\"@type\":\"Article\",\"@id\":\"http:\/\/atif.unaldi.org\/blog\/2012\/04\/23\/butun-melekler-ve-gorevleri\/#article\",\"isPartOf\":{\"@id\":\"http:\/\/atif.unaldi.org\/blog\/2012\/04\/23\/butun-melekler-ve-gorevleri\/\"},\"author\":{\"name\":\"Atif Unaldi\",\"@id\":\"http:\/\/atif.unaldi.org\/blog\/#\/schema\/person\/608ed42ecbda2bc5cfdb767ac1db479b\"},\"headline\":\"B\u00fct\u00fcn melekler ve g\u00f6revleri\",\"datePublished\":\"2012-04-23T09:42:54+00:00\",\"mainEntityOfPage\":{\"@id\":\"http:\/\/atif.unaldi.org\/blog\/2012\/04\/23\/butun-melekler-ve-gorevleri\/\"},\"wordCount\":521,\"publisher\":{\"@id\":\"http:\/\/atif.unaldi.org\/blog\/#\/schema\/person\/608ed42ecbda2bc5cfdb767ac1db479b\"},\"articleSection\":[\"Blogum\"],\"inLanguage\":\"tr\"},{\"@type\":\"WebPage\",\"@id\":\"http:\/\/atif.unaldi.org\/blog\/2012\/04\/23\/butun-melekler-ve-gorevleri\/\",\"url\":\"http:\/\/atif.unaldi.org\/blog\/2012\/04\/23\/butun-melekler-ve-gorevleri\/\",\"name\":\"B\u00fct\u00fcn melekler ve g\u00f6revleri - At\u0131f \u00dcnald\u0131\",\"isPartOf\":{\"@id\":\"http:\/\/atif.unaldi.org\/blog\/#website\"},\"datePublished\":\"2012-04-23T09:42:54+00:00\",\"breadcrumb\":{\"@id\":\"http:\/\/atif.unaldi.org\/blog\/2012\/04\/23\/butun-melekler-ve-gorevleri\/#breadcrumb\"},\"inLanguage\":\"tr\",\"potentialAction\":[{\"@type\":\"ReadAction\",\"target\":[\"http:\/\/atif.unaldi.org\/blog\/2012\/04\/23\/butun-melekler-ve-gorevleri\/\"]}]},{\"@type\":\"BreadcrumbList\",\"@id\":\"http:\/\/atif.unaldi.org\/blog\/2012\/04\/23\/butun-melekler-ve-gorevleri\/#breadcrumb\",\"itemListElement\":[{\"@type\":\"ListItem\",\"position\":1,\"name\":\"Anasayfa\",\"item\":\"http:\/\/atif.unaldi.org\/blog\/\"},{\"@type\":\"ListItem\",\"position\":2,\"name\":\"B\u00fct\u00fcn melekler ve g\u00f6revleri\"}]},{\"@type\":\"WebSite\",\"@id\":\"http:\/\/atif.unaldi.org\/blog\/#website\",\"url\":\"http:\/\/atif.unaldi.org\/blog\/\",\"name\":\"At\u0131f \u00dcnald\u0131\",\"description\":\"Yazar\",\"publisher\":{\"@id\":\"http:\/\/atif.unaldi.org\/blog\/#\/schema\/person\/608ed42ecbda2bc5cfdb767ac1db479b\"},\"alternateName\":\"At\u0131f \u00dcnald\u0131 Blog\",\"potentialAction\":[{\"@type\":\"SearchAction\",\"target\":{\"@type\":\"EntryPoint\",\"urlTemplate\":\"http:\/\/atif.unaldi.org\/blog\/?s={search_term_string}\"},\"query-input\":{\"@type\":\"PropertyValueSpecification\",\"valueRequired\":true,\"valueName\":\"search_term_string\"}}],\"inLanguage\":\"tr\"},{\"@type\":[\"Person\",\"Organization\"],\"@id\":\"http:\/\/atif.unaldi.org\/blog\/#\/schema\/person\/608ed42ecbda2bc5cfdb767ac1db479b\",\"name\":\"Atif Unaldi\",\"image\":{\"@type\":\"ImageObject\",\"inLanguage\":\"tr\",\"@id\":\"http:\/\/atif.unaldi.org\/blog\/#\/schema\/person\/image\/\",\"url\":\"http:\/\/atif.unaldi.org\/blog\/wp-content\/uploads\/2022\/10\/cropped-a94e8f7a-67c4-4d65-8a5f-032ba784be53-2.jpg\",\"contentUrl\":\"http:\/\/atif.unaldi.org\/blog\/wp-content\/uploads\/2022\/10\/cropped-a94e8f7a-67c4-4d65-8a5f-032ba784be53-2.jpg\",\"width\":512,\"height\":512,\"caption\":\"Atif Unaldi\"},\"logo\":{\"@id\":\"http:\/\/atif.unaldi.org\/blog\/#\/schema\/person\/image\/\"},\"description\":\"Bo\u011fazi\u00e7i \u00dcniversitesinde Fizik B\u00f6l\u00fcm\u00fc\u2019nde e\u011fitim ald\u0131\u011f\u0131 y\u0131llarda T\u00fcrkiye\u2019de ilk kez iki bilgisayar\u0131 telefon hatlar\u0131 \u00fczerinden konu\u015fturan BBS sistemini kurarak, T\u00fcrkiye\u2019deki ilk internet a\u011f\u0131n\u0131 olu\u015fturmu\u015ftur. Bir \u00e7ok radyo ve televizyonda program yap\u0131mc\u0131l\u0131\u011f\u0131 ve sunuculu\u011funu, bir \u00e7ok teknoloji dergisinde k\u00f6\u015fe yazarl\u0131\u011f\u0131, bili\u015fim edit\u00f6rl\u00fc\u011f\u00fc ve genel yay\u0131n y\u00f6netmenli\u011fi yapt\u0131. T\u00fcrkiye\u2019deki ilk internet servis sa\u011flay\u0131c\u0131s\u0131n\u0131n genel m\u00fcd\u00fcrl\u00fc\u011f\u00fcn\u00fc \u00fcstlendi. Bir \u00e7ok organizasyon ve kurulu\u015fta internet s\u00fcperviz\u00f6rl\u00fc\u011f\u00fc , webmaster\u2019l\u0131\u011f\u0131 , IT direkt\u00f6rl\u00fc\u011f\u00fc ve dijital projeler koordinat\u00f6rl\u00fc\u011f\u00fc g\u00f6revlerinde bulundu. Farkl\u0131 \u00fcniversitelerin farkl\u0131 fak\u00fcltelerinde \u00f6\u011fretim g\u00f6revlisi olarak bulunmu\u015f olan \u00dcnald\u0131; \u015fu an teknoloji ve pazarlama konular\u0131 ba\u015fta olmak \u00fczere bir\u00e7ok alanda hizmet veren Unaldi Consultancy\u2019nin kurucusudur. \\u2028Selin \u00dcnald\u0131 ile evlidir. Su ve Toprak isminde iki \u00e7ocu\u011fu vard\u0131r.\",\"sameAs\":[\"http:\/\/atif.unaldi.org\/blog\",\"https:\/\/www.facebook.com\/atifunaldi\",\"https:\/\/www.instagram.com\/atifunaldi\/\",\"https:\/\/www.linkedin.com\/in\/atifunaldi\",\"https:\/\/x.com\/https:\/\/twitter.com\/atifunaldi\",\"https:\/\/www.youtube.com\/c\/atifunaldi\",\"https:\/\/soundcloud.com\/atif-unaldi\",\"https:\/\/atifunaldi.tumblr.com\"],\"url\":\"http:\/\/atif.unaldi.org\/blog\/author\/atifunaldi\/\"}]}<\/script>\n<!-- \/ Yoast SEO plugin. -->","yoast_head_json":{"title":"B\u00fct\u00fcn melekler ve g\u00f6revleri - At\u0131f \u00dcnald\u0131","robots":{"index":"index","follow":"follow","max-snippet":"max-snippet:-1","max-image-preview":"max-image-preview:large","max-video-preview":"max-video-preview:-1"},"canonical":"http:\/\/atif.unaldi.org\/blog\/2012\/04\/23\/butun-melekler-ve-gorevleri\/","og_locale":"tr_TR","og_type":"article","og_title":"B\u00fct\u00fcn melekler ve g\u00f6revleri - At\u0131f \u00dcnald\u0131","og_description":"Ba\u015fmelek Mikail: Ad\u0131 &#8216;Allah gibi olan&#8217; anlam\u0131nda. Mikail&#8217;in g\u00f6revi egoyu ve korkuyu uzakla\u015ft\u0131rmak. Her t\u00fcrl\u00fc tehlikeye kar\u015f\u0131 kusursuz kalkan\u0131yla sizi korur. Hangi melekten yard\u0131m isteyece\u011fini bilmiyorsan\u0131z ona ba\u015fvurun. Ba\u015fmelek Azrail: Ad\u0131n\u0131n anlam\u0131 &#8216;Allah&#8217;\u0131n yard\u0131m eden...","og_url":"http:\/\/atif.unaldi.org\/blog\/2012\/04\/23\/butun-melekler-ve-gorevleri\/","og_site_name":"At\u0131f \u00dcnald\u0131","article_publisher":"https:\/\/www.facebook.com\/atifunaldi","article_author":"https:\/\/www.facebook.com\/atifunaldi","article_published_time":"2012-04-23T09:42:54+00:00","author":"Atif Unaldi","twitter_card":"summary_large_image","twitter_creator":"@https:\/\/twitter.com\/atifunaldi","twitter_site":"@atifunaldi","twitter_misc":{"Yazan:":"Atif Unaldi","Tahmini okuma s\u00fcresi":"3 dakika"},"schema":{"@context":"https:\/\/schema.org","@graph":[{"@type":"Article","@id":"http:\/\/atif.unaldi.org\/blog\/2012\/04\/23\/butun-melekler-ve-gorevleri\/#article","isPartOf":{"@id":"http:\/\/atif.unaldi.org\/blog\/2012\/04\/23\/butun-melekler-ve-gorevleri\/"},"author":{"name":"Atif Unaldi","@id":"http:\/\/atif.unaldi.org\/blog\/#\/schema\/person\/608ed42ecbda2bc5cfdb767ac1db479b"},"headline":"B\u00fct\u00fcn melekler ve g\u00f6revleri","datePublished":"2012-04-23T09:42:54+00:00","mainEntityOfPage":{"@id":"http:\/\/atif.unaldi.org\/blog\/2012\/04\/23\/butun-melekler-ve-gorevleri\/"},"wordCount":521,"publisher":{"@id":"http:\/\/atif.unaldi.org\/blog\/#\/schema\/person\/608ed42ecbda2bc5cfdb767ac1db479b"},"articleSection":["Blogum"],"inLanguage":"tr"},{"@type":"WebPage","@id":"http:\/\/atif.unaldi.org\/blog\/2012\/04\/23\/butun-melekler-ve-gorevleri\/","url":"http:\/\/atif.unaldi.org\/blog\/2012\/04\/23\/butun-melekler-ve-gorevleri\/","name":"B\u00fct\u00fcn melekler ve g\u00f6revleri - At\u0131f \u00dcnald\u0131","isPartOf":{"@id":"http:\/\/atif.unaldi.org\/blog\/#website"},"datePublished":"2012-04-23T09:42:54+00:00","breadcrumb":{"@id":"http:\/\/atif.unaldi.org\/blog\/2012\/04\/23\/butun-melekler-ve-gorevleri\/#breadcrumb"},"inLanguage":"tr","potentialAction":[{"@type":"ReadAction","target":["http:\/\/atif.unaldi.org\/blog\/2012\/04\/23\/butun-melekler-ve-gorevleri\/"]}]},{"@type":"BreadcrumbList","@id":"http:\/\/atif.unaldi.org\/blog\/2012\/04\/23\/butun-melekler-ve-gorevleri\/#breadcrumb","itemListElement":[{"@type":"ListItem","position":1,"name":"Anasayfa","item":"http:\/\/atif.unaldi.org\/blog\/"},{"@type":"ListItem","position":2,"name":"B\u00fct\u00fcn melekler ve g\u00f6revleri"}]},{"@type":"WebSite","@id":"http:\/\/atif.unaldi.org\/blog\/#website","url":"http:\/\/atif.unaldi.org\/blog\/","name":"At\u0131f \u00dcnald\u0131","description":"Yazar","publisher":{"@id":"http:\/\/atif.unaldi.org\/blog\/#\/schema\/person\/608ed42ecbda2bc5cfdb767ac1db479b"},"alternateName":"At\u0131f \u00dcnald\u0131 Blog","potentialAction":[{"@type":"SearchAction","target":{"@type":"EntryPoint","urlTemplate":"http:\/\/atif.unaldi.org\/blog\/?s={search_term_string}"},"query-input":{"@type":"PropertyValueSpecification","valueRequired":true,"valueName":"search_term_string"}}],"inLanguage":"tr"},{"@type":["Person","Organization"],"@id":"http:\/\/atif.unaldi.org\/blog\/#\/schema\/person\/608ed42ecbda2bc5cfdb767ac1db479b","name":"Atif Unaldi","image":{"@type":"ImageObject","inLanguage":"tr","@id":"http:\/\/atif.unaldi.org\/blog\/#\/schema\/person\/image\/","url":"http:\/\/atif.unaldi.org\/blog\/wp-content\/uploads\/2022\/10\/cropped-a94e8f7a-67c4-4d65-8a5f-032ba784be53-2.jpg","contentUrl":"http:\/\/atif.unaldi.org\/blog\/wp-content\/uploads\/2022\/10\/cropped-a94e8f7a-67c4-4d65-8a5f-032ba784be53-2.jpg","width":512,"height":512,"caption":"Atif Unaldi"},"logo":{"@id":"http:\/\/atif.unaldi.org\/blog\/#\/schema\/person\/image\/"},"description":"Bo\u011fazi\u00e7i \u00dcniversitesinde Fizik B\u00f6l\u00fcm\u00fc\u2019nde e\u011fitim ald\u0131\u011f\u0131 y\u0131llarda T\u00fcrkiye\u2019de ilk kez iki bilgisayar\u0131 telefon hatlar\u0131 \u00fczerinden konu\u015fturan BBS sistemini kurarak, T\u00fcrkiye\u2019deki ilk internet a\u011f\u0131n\u0131 olu\u015fturmu\u015ftur. Bir \u00e7ok radyo ve televizyonda program yap\u0131mc\u0131l\u0131\u011f\u0131 ve sunuculu\u011funu, bir \u00e7ok teknoloji dergisinde k\u00f6\u015fe yazarl\u0131\u011f\u0131, bili\u015fim edit\u00f6rl\u00fc\u011f\u00fc ve genel yay\u0131n y\u00f6netmenli\u011fi yapt\u0131. T\u00fcrkiye\u2019deki ilk internet servis sa\u011flay\u0131c\u0131s\u0131n\u0131n genel m\u00fcd\u00fcrl\u00fc\u011f\u00fcn\u00fc \u00fcstlendi. Bir \u00e7ok organizasyon ve kurulu\u015fta internet s\u00fcperviz\u00f6rl\u00fc\u011f\u00fc , webmaster\u2019l\u0131\u011f\u0131 , IT direkt\u00f6rl\u00fc\u011f\u00fc ve dijital projeler koordinat\u00f6rl\u00fc\u011f\u00fc g\u00f6revlerinde bulundu. Farkl\u0131 \u00fcniversitelerin farkl\u0131 fak\u00fcltelerinde \u00f6\u011fretim g\u00f6revlisi olarak bulunmu\u015f olan \u00dcnald\u0131; \u015fu an teknoloji ve pazarlama konular\u0131 ba\u015fta olmak \u00fczere bir\u00e7ok alanda hizmet veren Unaldi Consultancy\u2019nin kurucusudur. \u2028Selin \u00dcnald\u0131 ile evlidir. Su ve Toprak isminde iki \u00e7ocu\u011fu vard\u0131r.","sameAs":["http:\/\/atif.unaldi.org\/blog","https:\/\/www.facebook.com\/atifunaldi","https:\/\/www.instagram.com\/atifunaldi\/","https:\/\/www.linkedin.com\/in\/atifunaldi","https:\/\/x.com\/https:\/\/twitter.com\/atifunaldi","https:\/\/www.youtube.com\/c\/atifunaldi","https:\/\/soundcloud.com\/atif-unaldi","https:\/\/atifunaldi.tumblr.com"],"url":"http:\/\/atif.unaldi.org\/blog\/author\/atifunaldi\/"}]}},"jetpack_featured_media_url":"","_links":{"self":[{"href":"http:\/\/atif.unaldi.org\/blog\/wp-json\/wp\/v2\/posts\/6875","targetHints":{"allow":["GET"]}}],"collection":[{"href":"http:\/\/atif.unaldi.org\/blog\/wp-json\/wp\/v2\/posts"}],"about":[{"href":"http:\/\/atif.unaldi.org\/blog\/wp-json\/wp\/v2\/types\/post"}],"author":[{"embeddable":true,"href":"http:\/\/atif.unaldi.org\/blog\/wp-json\/wp\/v2\/users\/2"}],"replies":[{"embeddable":true,"href":"http:\/\/atif.unaldi.org\/blog\/wp-json\/wp\/v2\/comments?post=6875"}],"version-history":[{"count":0,"href":"http:\/\/atif.unaldi.org\/blog\/wp-json\/wp\/v2\/posts\/6875\/revisions"}],"wp:attachment":[{"href":"http:\/\/atif.unaldi.org\/blog\/wp-json\/wp\/v2\/media?parent=6875"}],"wp:term":[{"taxonomy":"category","embeddable":true,"href":"http:\/\/atif.unaldi.org\/blog\/wp-json\/wp\/v2\/categories?post=6875"},{"taxonomy":"post_tag","embeddable":true,"href":"http:\/\/atif.unaldi.org\/blog\/wp-json\/wp\/v2\/tags?post=6875"}],"curies":[{"name":"wp","href":"https:\/\/api.w.org\/{rel}","templated":true}]}}