{"id":696,"date":"2008-11-03T19:11:07","date_gmt":"2008-11-03T17:11:07","guid":{"rendered":"http:\/\/atif.unaldi.org\/?p=693"},"modified":"2008-11-03T19:11:07","modified_gmt":"2008-11-03T17:11:07","slug":"ben-giderim-numaram-kalir","status":"publish","type":"post","link":"http:\/\/atif.unaldi.org\/blog\/2008\/11\/03\/ben-giderim-numaram-kalir\/","title":{"rendered":"Ben giderim, numaram kal\u0131r."},"content":{"rendered":"<p>Bir s\u00fcredir operat\u00f6rlerin numara ta\u015f\u0131nabilirli\u011fi ile ilgili reklamlar\u0131n\u0131 g\u00f6r\u00fcp duruyoruz. D\u00fcnyada 29 \u00fclkenin kulland\u0131\u011f\u0131 bu y\u00f6ntem, ki\u015filerin numaralar\u0131n\u0131 de\u011fi\u015ftirmeden, farkl\u0131 operat\u00f6rlerden servis alabilmesini sa\u011fl\u0131yor.<\/p>\n<p>Yani numaran\u0131z ayn\u0131 kal\u0131yor operat\u00f6r\u00fcn\u00fcz de\u011fi\u015febiliyor.<\/p>\n<p>Yani art\u0131k 532 ile ba\u015flayan numara Turkcell&#8217;indir diyemeyece\u011fiz.<\/p>\n<p>Peki bu i\u015f nas\u0131l olacak?<\/p>\n<p><!--more--><\/p>\n<p>Be\u011fendi\u011finiz operat\u00f6rden hizmet almak i\u00e7in, onun bayisine gidip numaran\u0131z\u0131n ta\u015f\u0131nmas\u0131 i\u00e7in bir form dolduracaks\u0131n\u0131z.<\/p>\n<p>Formunuzu eski operat\u00f6r\u00fcn\u00fcz g\u00f6recek ve e\u011fer abone sizseniz onaylayacak.<\/p>\n<p>Peki o operat\u00f6re borcunuz varsa ne olacak? Hi\u00e7 sorun de\u011fil yine onaylayacak.<\/p>\n<p>B\u00f6ylece istedi\u011finiz zaman istedi\u011finiz operat\u00f6re istedi\u011finiz kadar ge\u00e7i\u015f yapabileceksiniz.<\/p>\n<p>M\u00fcthi\u015f bir \u00f6zg\u00fcrl\u00fck.<\/p>\n<p>Genelde bu tip durumlarda pazar liderlerinin kan kaybettikleri s\u00f6ylenir durur.<\/p>\n<p>Ben bu sefer durumun b\u00f6yle olaca\u011f\u0131n\u0131 hi\u00e7 zannetmiyorum. Zira ben bir vip avea kullan\u0131c\u0131s\u0131 olarak aynen Turkcell reklamlar\u0131nda s\u00f6ylendi\u011fi gibi d\u00fc\u015f\u00fck kalite hizmet almaktan \u00e7ok b\u0131kt\u0131m.<\/p>\n<p>Evimde resmen g\u00f6r\u00fc\u015fme yapam\u0131yorum. Onlarca kez m\u00fc\u015fteri hizmetlerine bilgi verdi\u011fim halde su\u00e7lu benmi\u015fim gibi yok telefonunuzu de\u011fi\u015ftirin, yok sim kart\u0131n\u0131z\u0131 de\u011fi\u015ftirin, kapat\u0131p a\u00e7\u0131n gibi cevaplarla kar\u015f\u0131la\u015f\u0131yorum.<\/p>\n<p>Asl\u0131nda ikimiz de antenin yetersiz oldu\u011funu biliyoruz ama s\u00f6yleyince ilgilenece\u011fiz deyip kapat\u0131yorlar. SMS&#8217;lerim gitmiyor, telefonda ancak kesik kesik konu\u015fabiliyorum, yurtd\u0131\u015f\u0131ndan arad\u0131klar\u0131nda ula\u015fam\u0131yorlar. Yani sorunlar diz boyu.<\/p>\n<p>Art\u0131k de\u011fi\u015ftirme karar\u0131 ald\u0131m operat\u00f6r\u00fcm\u00fc. Ama hangi operat\u00f6re ge\u00e7ece\u011fimi bilmiyorum. Zira Turkcell&#8217;in T\u00fcrkiye i\u00e7inde hizmetleri iyi olmas\u0131na ra\u011fmen, mms ve gprs ayarlar\u0131n\u0131z a\u00e7\u0131ksa yurt d\u0131\u015f\u0131 gezilerinde kallavi faturalarla kar\u015f\u0131la\u015fan dostlar\u0131m var. Vodafone&#8217;un ise yurtd\u0131\u015f\u0131ndaki servis kalitesi Avea&#8217;dan daha farkl\u0131 de\u011fil.<\/p>\n<p>Yani ge\u00e7i\u015f yapma karar\u0131 almak da yetmiyor, nereye ge\u00e7ece\u011finizi de belirlemek ba\u015fl\u0131 ba\u015f\u0131na bir dert.<\/p>\n<p>Ben bu ge\u00e7i\u015f karar\u0131n\u0131 al\u0131rken LOG dergisi genel yay\u0131n y\u00f6netmeni Volkan Y\u0131lmaz arad\u0131. Sa\u011folsun ge\u00e7en hafta Airport TV&#8217;deki program\u0131ma konuk oldu\u011funda verdi\u011fi dergilerin birinin i\u00e7ininde bu konuyla ilgili detayl\u0131 bir inceleme varm\u0131\u015f. Ona bakmam\u0131 \u00f6nerdi. Ger\u00e7ekten detayl\u0131 bir \u00e7al\u0131\u015fma yapm\u0131\u015flar. Kampanyalar belli olmasa bile hangi operat\u00f6r\u00fcn hangi avantajlar\u0131 sa\u011flamaya \u00e7al\u0131\u015faca\u011f\u0131ndan bahsetmi\u015fler.<\/p>\n<p>Bu bilgiler do\u011frultusunda ben de son karar\u0131m\u0131 verdim. Ana hatt\u0131m\u0131 san\u0131yorum Turkcell&#8217;e ge\u00e7irece\u011fim. Herkesin bu karar\u0131 vermeden \u00f6nce, detayl\u0131 bir ara\u015ft\u0131rma yapmas\u0131nda yarar var diye d\u00fc\u015f\u00fcn\u00fcyorum. Zira i\u015flemler \u00f6yle kolay de\u011fil. Zaman al\u0131yor. En az 5-6 g\u00fcn i\u015flemin ba\u015flamas\u0131ndan sonra ge\u00e7en bir s\u00fcre var. Formlar\u0131 doldurmak i\u00e7in yan\u0131n\u0131zda bulunmas\u0131 gereken belgeler de cabas\u0131.<\/p>\n<p>Karar vermeden \u00f6nce operat\u00f6rlerin hangi kampanyalar\u0131 yapaca\u011f\u0131n\u0131 izleme de do\u011fru olur san\u0131yorum.<\/p>\n","protected":false},"excerpt":{"rendered":"<p>Bir s\u00fcredir operat\u00f6rlerin numara ta\u015f\u0131nabilirli\u011fi ile ilgili reklamlar\u0131n\u0131 g\u00f6r\u00fcp duruyoruz. D\u00fcnyada 29 \u00fclkenin kulland\u0131\u011f\u0131 bu y\u00f6ntem, ki\u015filerin numaralar\u0131n\u0131 de\u011fi\u015ftirmeden, farkl\u0131 operat\u00f6rlerden servis alabilmesini sa\u011fl\u0131yor. Yani numaran\u0131z ayn\u0131 kal\u0131yor operat\u00f6r\u00fcn\u00fcz de\u011fi\u015febiliyor. Yani art\u0131k 532 ile ba\u015flayan&#8230;<\/p>\n","protected":false},"author":2,"featured_media":0,"comment_status":"open","ping_status":"open","sticky":false,"template":"","format":"standard","meta":{"footnotes":""},"categories":[33],"tags":[44,62,98,181,1002,1362,1427,1428],"class_list":["post-696","post","type-post","status-publish","format-standard","hentry","category-taraf-gazetesi","tag-log-dergisi","tag-62","tag-airport-tv","tag-avea","tag-numara-tasinabilirligi","tag-turkcell","tag-vodafone","tag-volkan-yilmaz"],"yoast_head":"<!-- This site is optimized with the Yoast SEO plugin v26.8 - https:\/\/yoast.com\/product\/yoast-seo-wordpress\/ -->\n<title>Ben giderim, numaram kal\u0131r. - At\u0131f \u00dcnald\u0131<\/title>\n<meta name=\"robots\" content=\"index, follow, max-snippet:-1, max-image-preview:large, max-video-preview:-1\" \/>\n<link rel=\"canonical\" href=\"http:\/\/atif.unaldi.org\/blog\/2008\/11\/03\/ben-giderim-numaram-kalir\/\" \/>\n<meta property=\"og:locale\" content=\"tr_TR\" \/>\n<meta property=\"og:type\" content=\"article\" \/>\n<meta property=\"og:title\" content=\"Ben giderim, numaram kal\u0131r. - At\u0131f \u00dcnald\u0131\" \/>\n<meta property=\"og:description\" content=\"Bir s\u00fcredir operat\u00f6rlerin numara ta\u015f\u0131nabilirli\u011fi ile ilgili reklamlar\u0131n\u0131 g\u00f6r\u00fcp duruyoruz. D\u00fcnyada 29 \u00fclkenin kulland\u0131\u011f\u0131 bu y\u00f6ntem, ki\u015filerin numaralar\u0131n\u0131 de\u011fi\u015ftirmeden, farkl\u0131 operat\u00f6rlerden servis alabilmesini sa\u011fl\u0131yor. Yani numaran\u0131z ayn\u0131 kal\u0131yor operat\u00f6r\u00fcn\u00fcz de\u011fi\u015febiliyor. Yani art\u0131k 532 ile ba\u015flayan...\" \/>\n<meta property=\"og:url\" content=\"http:\/\/atif.unaldi.org\/blog\/2008\/11\/03\/ben-giderim-numaram-kalir\/\" \/>\n<meta property=\"og:site_name\" content=\"At\u0131f \u00dcnald\u0131\" \/>\n<meta property=\"article:publisher\" content=\"https:\/\/www.facebook.com\/atifunaldi\" \/>\n<meta property=\"article:author\" content=\"https:\/\/www.facebook.com\/atifunaldi\" \/>\n<meta property=\"article:published_time\" content=\"2008-11-03T17:11:07+00:00\" \/>\n<meta name=\"author\" content=\"Atif Unaldi\" \/>\n<meta name=\"twitter:card\" content=\"summary_large_image\" \/>\n<meta name=\"twitter:creator\" content=\"@https:\/\/twitter.com\/atifunaldi\" \/>\n<meta name=\"twitter:site\" content=\"@atifunaldi\" \/>\n<meta name=\"twitter:label1\" content=\"Yazan:\" \/>\n\t<meta name=\"twitter:data1\" content=\"Atif Unaldi\" \/>\n\t<meta name=\"twitter:label2\" content=\"Tahmini okuma s\u00fcresi\" \/>\n\t<meta name=\"twitter:data2\" content=\"3 dakika\" \/>\n<script type=\"application\/ld+json\" class=\"yoast-schema-graph\">{\"@context\":\"https:\/\/schema.org\",\"@graph\":[{\"@type\":\"Article\",\"@id\":\"http:\/\/atif.unaldi.org\/blog\/2008\/11\/03\/ben-giderim-numaram-kalir\/#article\",\"isPartOf\":{\"@id\":\"http:\/\/atif.unaldi.org\/blog\/2008\/11\/03\/ben-giderim-numaram-kalir\/\"},\"author\":{\"name\":\"Atif Unaldi\",\"@id\":\"http:\/\/atif.unaldi.org\/blog\/#\/schema\/person\/608ed42ecbda2bc5cfdb767ac1db479b\"},\"headline\":\"Ben giderim, numaram kal\u0131r.\",\"datePublished\":\"2008-11-03T17:11:07+00:00\",\"mainEntityOfPage\":{\"@id\":\"http:\/\/atif.unaldi.org\/blog\/2008\/11\/03\/ben-giderim-numaram-kalir\/\"},\"wordCount\":518,\"commentCount\":0,\"publisher\":{\"@id\":\"http:\/\/atif.unaldi.org\/blog\/#\/schema\/person\/608ed42ecbda2bc5cfdb767ac1db479b\"},\"keywords\":[\"- Log Dergisi\",\"532\",\"Airport TV\",\"Avea\",\"numara ta\u015f\u0131nabilirli\u011fi\",\"turkcell\",\"vodafone\",\"Volkan Y\u0131lmaz\"],\"articleSection\":[\"- Taraf Gazetesi\"],\"inLanguage\":\"tr\",\"potentialAction\":[{\"@type\":\"CommentAction\",\"name\":\"Comment\",\"target\":[\"http:\/\/atif.unaldi.org\/blog\/2008\/11\/03\/ben-giderim-numaram-kalir\/#respond\"]}]},{\"@type\":\"WebPage\",\"@id\":\"http:\/\/atif.unaldi.org\/blog\/2008\/11\/03\/ben-giderim-numaram-kalir\/\",\"url\":\"http:\/\/atif.unaldi.org\/blog\/2008\/11\/03\/ben-giderim-numaram-kalir\/\",\"name\":\"Ben giderim, numaram kal\u0131r. - At\u0131f \u00dcnald\u0131\",\"isPartOf\":{\"@id\":\"http:\/\/atif.unaldi.org\/blog\/#website\"},\"datePublished\":\"2008-11-03T17:11:07+00:00\",\"breadcrumb\":{\"@id\":\"http:\/\/atif.unaldi.org\/blog\/2008\/11\/03\/ben-giderim-numaram-kalir\/#breadcrumb\"},\"inLanguage\":\"tr\",\"potentialAction\":[{\"@type\":\"ReadAction\",\"target\":[\"http:\/\/atif.unaldi.org\/blog\/2008\/11\/03\/ben-giderim-numaram-kalir\/\"]}]},{\"@type\":\"BreadcrumbList\",\"@id\":\"http:\/\/atif.unaldi.org\/blog\/2008\/11\/03\/ben-giderim-numaram-kalir\/#breadcrumb\",\"itemListElement\":[{\"@type\":\"ListItem\",\"position\":1,\"name\":\"Anasayfa\",\"item\":\"http:\/\/atif.unaldi.org\/blog\/\"},{\"@type\":\"ListItem\",\"position\":2,\"name\":\"Ben giderim, numaram kal\u0131r.\"}]},{\"@type\":\"WebSite\",\"@id\":\"http:\/\/atif.unaldi.org\/blog\/#website\",\"url\":\"http:\/\/atif.unaldi.org\/blog\/\",\"name\":\"At\u0131f \u00dcnald\u0131\",\"description\":\"Yazar\",\"publisher\":{\"@id\":\"http:\/\/atif.unaldi.org\/blog\/#\/schema\/person\/608ed42ecbda2bc5cfdb767ac1db479b\"},\"alternateName\":\"At\u0131f \u00dcnald\u0131 Blog\",\"potentialAction\":[{\"@type\":\"SearchAction\",\"target\":{\"@type\":\"EntryPoint\",\"urlTemplate\":\"http:\/\/atif.unaldi.org\/blog\/?s={search_term_string}\"},\"query-input\":{\"@type\":\"PropertyValueSpecification\",\"valueRequired\":true,\"valueName\":\"search_term_string\"}}],\"inLanguage\":\"tr\"},{\"@type\":[\"Person\",\"Organization\"],\"@id\":\"http:\/\/atif.unaldi.org\/blog\/#\/schema\/person\/608ed42ecbda2bc5cfdb767ac1db479b\",\"name\":\"Atif Unaldi\",\"image\":{\"@type\":\"ImageObject\",\"inLanguage\":\"tr\",\"@id\":\"http:\/\/atif.unaldi.org\/blog\/#\/schema\/person\/image\/\",\"url\":\"http:\/\/atif.unaldi.org\/blog\/wp-content\/uploads\/2022\/10\/cropped-a94e8f7a-67c4-4d65-8a5f-032ba784be53-2.jpg\",\"contentUrl\":\"http:\/\/atif.unaldi.org\/blog\/wp-content\/uploads\/2022\/10\/cropped-a94e8f7a-67c4-4d65-8a5f-032ba784be53-2.jpg\",\"width\":512,\"height\":512,\"caption\":\"Atif Unaldi\"},\"logo\":{\"@id\":\"http:\/\/atif.unaldi.org\/blog\/#\/schema\/person\/image\/\"},\"description\":\"Bo\u011fazi\u00e7i \u00dcniversitesinde Fizik B\u00f6l\u00fcm\u00fc\u2019nde e\u011fitim ald\u0131\u011f\u0131 y\u0131llarda T\u00fcrkiye\u2019de ilk kez iki bilgisayar\u0131 telefon hatlar\u0131 \u00fczerinden konu\u015fturan BBS sistemini kurarak, T\u00fcrkiye\u2019deki ilk internet a\u011f\u0131n\u0131 olu\u015fturmu\u015ftur. Bir \u00e7ok radyo ve televizyonda program yap\u0131mc\u0131l\u0131\u011f\u0131 ve sunuculu\u011funu, bir \u00e7ok teknoloji dergisinde k\u00f6\u015fe yazarl\u0131\u011f\u0131, bili\u015fim edit\u00f6rl\u00fc\u011f\u00fc ve genel yay\u0131n y\u00f6netmenli\u011fi yapt\u0131. T\u00fcrkiye\u2019deki ilk internet servis sa\u011flay\u0131c\u0131s\u0131n\u0131n genel m\u00fcd\u00fcrl\u00fc\u011f\u00fcn\u00fc \u00fcstlendi. Bir \u00e7ok organizasyon ve kurulu\u015fta internet s\u00fcperviz\u00f6rl\u00fc\u011f\u00fc , webmaster\u2019l\u0131\u011f\u0131 , IT direkt\u00f6rl\u00fc\u011f\u00fc ve dijital projeler koordinat\u00f6rl\u00fc\u011f\u00fc g\u00f6revlerinde bulundu. Farkl\u0131 \u00fcniversitelerin farkl\u0131 fak\u00fcltelerinde \u00f6\u011fretim g\u00f6revlisi olarak bulunmu\u015f olan \u00dcnald\u0131; \u015fu an teknoloji ve pazarlama konular\u0131 ba\u015fta olmak \u00fczere bir\u00e7ok alanda hizmet veren Unaldi Consultancy\u2019nin kurucusudur. \\u2028Selin \u00dcnald\u0131 ile evlidir. Su ve Toprak isminde iki \u00e7ocu\u011fu vard\u0131r.\",\"sameAs\":[\"http:\/\/atif.unaldi.org\/blog\",\"https:\/\/www.facebook.com\/atifunaldi\",\"https:\/\/www.instagram.com\/atifunaldi\/\",\"https:\/\/www.linkedin.com\/in\/atifunaldi\",\"https:\/\/x.com\/https:\/\/twitter.com\/atifunaldi\",\"https:\/\/www.youtube.com\/c\/atifunaldi\",\"https:\/\/soundcloud.com\/atif-unaldi\",\"https:\/\/atifunaldi.tumblr.com\"],\"url\":\"http:\/\/atif.unaldi.org\/blog\/author\/atifunaldi\/\"}]}<\/script>\n<!-- \/ Yoast SEO plugin. -->","yoast_head_json":{"title":"Ben giderim, numaram kal\u0131r. - At\u0131f \u00dcnald\u0131","robots":{"index":"index","follow":"follow","max-snippet":"max-snippet:-1","max-image-preview":"max-image-preview:large","max-video-preview":"max-video-preview:-1"},"canonical":"http:\/\/atif.unaldi.org\/blog\/2008\/11\/03\/ben-giderim-numaram-kalir\/","og_locale":"tr_TR","og_type":"article","og_title":"Ben giderim, numaram kal\u0131r. - At\u0131f \u00dcnald\u0131","og_description":"Bir s\u00fcredir operat\u00f6rlerin numara ta\u015f\u0131nabilirli\u011fi ile ilgili reklamlar\u0131n\u0131 g\u00f6r\u00fcp duruyoruz. D\u00fcnyada 29 \u00fclkenin kulland\u0131\u011f\u0131 bu y\u00f6ntem, ki\u015filerin numaralar\u0131n\u0131 de\u011fi\u015ftirmeden, farkl\u0131 operat\u00f6rlerden servis alabilmesini sa\u011fl\u0131yor. Yani numaran\u0131z ayn\u0131 kal\u0131yor operat\u00f6r\u00fcn\u00fcz de\u011fi\u015febiliyor. Yani art\u0131k 532 ile ba\u015flayan...","og_url":"http:\/\/atif.unaldi.org\/blog\/2008\/11\/03\/ben-giderim-numaram-kalir\/","og_site_name":"At\u0131f \u00dcnald\u0131","article_publisher":"https:\/\/www.facebook.com\/atifunaldi","article_author":"https:\/\/www.facebook.com\/atifunaldi","article_published_time":"2008-11-03T17:11:07+00:00","author":"Atif Unaldi","twitter_card":"summary_large_image","twitter_creator":"@https:\/\/twitter.com\/atifunaldi","twitter_site":"@atifunaldi","twitter_misc":{"Yazan:":"Atif Unaldi","Tahmini okuma s\u00fcresi":"3 dakika"},"schema":{"@context":"https:\/\/schema.org","@graph":[{"@type":"Article","@id":"http:\/\/atif.unaldi.org\/blog\/2008\/11\/03\/ben-giderim-numaram-kalir\/#article","isPartOf":{"@id":"http:\/\/atif.unaldi.org\/blog\/2008\/11\/03\/ben-giderim-numaram-kalir\/"},"author":{"name":"Atif Unaldi","@id":"http:\/\/atif.unaldi.org\/blog\/#\/schema\/person\/608ed42ecbda2bc5cfdb767ac1db479b"},"headline":"Ben giderim, numaram kal\u0131r.","datePublished":"2008-11-03T17:11:07+00:00","mainEntityOfPage":{"@id":"http:\/\/atif.unaldi.org\/blog\/2008\/11\/03\/ben-giderim-numaram-kalir\/"},"wordCount":518,"commentCount":0,"publisher":{"@id":"http:\/\/atif.unaldi.org\/blog\/#\/schema\/person\/608ed42ecbda2bc5cfdb767ac1db479b"},"keywords":["- Log Dergisi","532","Airport TV","Avea","numara ta\u015f\u0131nabilirli\u011fi","turkcell","vodafone","Volkan Y\u0131lmaz"],"articleSection":["- Taraf Gazetesi"],"inLanguage":"tr","potentialAction":[{"@type":"CommentAction","name":"Comment","target":["http:\/\/atif.unaldi.org\/blog\/2008\/11\/03\/ben-giderim-numaram-kalir\/#respond"]}]},{"@type":"WebPage","@id":"http:\/\/atif.unaldi.org\/blog\/2008\/11\/03\/ben-giderim-numaram-kalir\/","url":"http:\/\/atif.unaldi.org\/blog\/2008\/11\/03\/ben-giderim-numaram-kalir\/","name":"Ben giderim, numaram kal\u0131r. - At\u0131f \u00dcnald\u0131","isPartOf":{"@id":"http:\/\/atif.unaldi.org\/blog\/#website"},"datePublished":"2008-11-03T17:11:07+00:00","breadcrumb":{"@id":"http:\/\/atif.unaldi.org\/blog\/2008\/11\/03\/ben-giderim-numaram-kalir\/#breadcrumb"},"inLanguage":"tr","potentialAction":[{"@type":"ReadAction","target":["http:\/\/atif.unaldi.org\/blog\/2008\/11\/03\/ben-giderim-numaram-kalir\/"]}]},{"@type":"BreadcrumbList","@id":"http:\/\/atif.unaldi.org\/blog\/2008\/11\/03\/ben-giderim-numaram-kalir\/#breadcrumb","itemListElement":[{"@type":"ListItem","position":1,"name":"Anasayfa","item":"http:\/\/atif.unaldi.org\/blog\/"},{"@type":"ListItem","position":2,"name":"Ben giderim, numaram kal\u0131r."}]},{"@type":"WebSite","@id":"http:\/\/atif.unaldi.org\/blog\/#website","url":"http:\/\/atif.unaldi.org\/blog\/","name":"At\u0131f \u00dcnald\u0131","description":"Yazar","publisher":{"@id":"http:\/\/atif.unaldi.org\/blog\/#\/schema\/person\/608ed42ecbda2bc5cfdb767ac1db479b"},"alternateName":"At\u0131f \u00dcnald\u0131 Blog","potentialAction":[{"@type":"SearchAction","target":{"@type":"EntryPoint","urlTemplate":"http:\/\/atif.unaldi.org\/blog\/?s={search_term_string}"},"query-input":{"@type":"PropertyValueSpecification","valueRequired":true,"valueName":"search_term_string"}}],"inLanguage":"tr"},{"@type":["Person","Organization"],"@id":"http:\/\/atif.unaldi.org\/blog\/#\/schema\/person\/608ed42ecbda2bc5cfdb767ac1db479b","name":"Atif Unaldi","image":{"@type":"ImageObject","inLanguage":"tr","@id":"http:\/\/atif.unaldi.org\/blog\/#\/schema\/person\/image\/","url":"http:\/\/atif.unaldi.org\/blog\/wp-content\/uploads\/2022\/10\/cropped-a94e8f7a-67c4-4d65-8a5f-032ba784be53-2.jpg","contentUrl":"http:\/\/atif.unaldi.org\/blog\/wp-content\/uploads\/2022\/10\/cropped-a94e8f7a-67c4-4d65-8a5f-032ba784be53-2.jpg","width":512,"height":512,"caption":"Atif Unaldi"},"logo":{"@id":"http:\/\/atif.unaldi.org\/blog\/#\/schema\/person\/image\/"},"description":"Bo\u011fazi\u00e7i \u00dcniversitesinde Fizik B\u00f6l\u00fcm\u00fc\u2019nde e\u011fitim ald\u0131\u011f\u0131 y\u0131llarda T\u00fcrkiye\u2019de ilk kez iki bilgisayar\u0131 telefon hatlar\u0131 \u00fczerinden konu\u015fturan BBS sistemini kurarak, T\u00fcrkiye\u2019deki ilk internet a\u011f\u0131n\u0131 olu\u015fturmu\u015ftur. Bir \u00e7ok radyo ve televizyonda program yap\u0131mc\u0131l\u0131\u011f\u0131 ve sunuculu\u011funu, bir \u00e7ok teknoloji dergisinde k\u00f6\u015fe yazarl\u0131\u011f\u0131, bili\u015fim edit\u00f6rl\u00fc\u011f\u00fc ve genel yay\u0131n y\u00f6netmenli\u011fi yapt\u0131. T\u00fcrkiye\u2019deki ilk internet servis sa\u011flay\u0131c\u0131s\u0131n\u0131n genel m\u00fcd\u00fcrl\u00fc\u011f\u00fcn\u00fc \u00fcstlendi. Bir \u00e7ok organizasyon ve kurulu\u015fta internet s\u00fcperviz\u00f6rl\u00fc\u011f\u00fc , webmaster\u2019l\u0131\u011f\u0131 , IT direkt\u00f6rl\u00fc\u011f\u00fc ve dijital projeler koordinat\u00f6rl\u00fc\u011f\u00fc g\u00f6revlerinde bulundu. Farkl\u0131 \u00fcniversitelerin farkl\u0131 fak\u00fcltelerinde \u00f6\u011fretim g\u00f6revlisi olarak bulunmu\u015f olan \u00dcnald\u0131; \u015fu an teknoloji ve pazarlama konular\u0131 ba\u015fta olmak \u00fczere bir\u00e7ok alanda hizmet veren Unaldi Consultancy\u2019nin kurucusudur. \u2028Selin \u00dcnald\u0131 ile evlidir. Su ve Toprak isminde iki \u00e7ocu\u011fu vard\u0131r.","sameAs":["http:\/\/atif.unaldi.org\/blog","https:\/\/www.facebook.com\/atifunaldi","https:\/\/www.instagram.com\/atifunaldi\/","https:\/\/www.linkedin.com\/in\/atifunaldi","https:\/\/x.com\/https:\/\/twitter.com\/atifunaldi","https:\/\/www.youtube.com\/c\/atifunaldi","https:\/\/soundcloud.com\/atif-unaldi","https:\/\/atifunaldi.tumblr.com"],"url":"http:\/\/atif.unaldi.org\/blog\/author\/atifunaldi\/"}]}},"jetpack_featured_media_url":"","_links":{"self":[{"href":"http:\/\/atif.unaldi.org\/blog\/wp-json\/wp\/v2\/posts\/696","targetHints":{"allow":["GET"]}}],"collection":[{"href":"http:\/\/atif.unaldi.org\/blog\/wp-json\/wp\/v2\/posts"}],"about":[{"href":"http:\/\/atif.unaldi.org\/blog\/wp-json\/wp\/v2\/types\/post"}],"author":[{"embeddable":true,"href":"http:\/\/atif.unaldi.org\/blog\/wp-json\/wp\/v2\/users\/2"}],"replies":[{"embeddable":true,"href":"http:\/\/atif.unaldi.org\/blog\/wp-json\/wp\/v2\/comments?post=696"}],"version-history":[{"count":0,"href":"http:\/\/atif.unaldi.org\/blog\/wp-json\/wp\/v2\/posts\/696\/revisions"}],"wp:attachment":[{"href":"http:\/\/atif.unaldi.org\/blog\/wp-json\/wp\/v2\/media?parent=696"}],"wp:term":[{"taxonomy":"category","embeddable":true,"href":"http:\/\/atif.unaldi.org\/blog\/wp-json\/wp\/v2\/categories?post=696"},{"taxonomy":"post_tag","embeddable":true,"href":"http:\/\/atif.unaldi.org\/blog\/wp-json\/wp\/v2\/tags?post=696"}],"curies":[{"name":"wp","href":"https:\/\/api.w.org\/{rel}","templated":true}]}}