{"id":755,"date":"2009-02-27T15:32:31","date_gmt":"2009-02-27T15:32:31","guid":{"rendered":"http:\/\/aksamnetizen.wordpress.com\/?p=303"},"modified":"2009-02-27T15:32:31","modified_gmt":"2009-02-27T15:32:31","slug":"turkiye-mobil-starini-ariyor","status":"publish","type":"post","link":"http:\/\/atif.unaldi.org\/blog\/2009\/02\/27\/turkiye-mobil-starini-ariyor\/","title":{"rendered":"T\u00fcrkiye, Mobil-Star&#8217;\u0131n\u0131 ar\u0131yor"},"content":{"rendered":"<p style=\"text-align:justify;\"><img loading=\"lazy\" decoding=\"async\" class=\"alignleft size-full wp-image-305\" title=\"mobil-star1\" src=\"http:\/\/aksamnetizen.files.wordpress.com\/2009\/02\/mobil-star1.jpg\" alt=\"mobil-star1\" width=\"220\" height=\"159\" \/>Mobil uygulama geli\u015ftirme yar\u0131\u015fmas\u0131 Mobil-Star, Microsoft T\u00fcrkiye ve Turkcell i\u015fbirli\u011fi ile ger\u00e7ekle\u015ftiriliyor. Ba\u015fvurular\u0131 ba\u015flayan\u00a0Mobil-Star, d\u00fcnyan\u0131n en yayg\u0131n mobil platformlar\u0131ndan olan Windows Mobile i\u015fletim sistemi \u00fczerinde yenilik\u00e7i \u00fcr\u00fcn geli\u015ftiren bireysel yaz\u0131l\u0131mc\u0131lar\u0131n kat\u0131lm\u0131n\u0131\u00a0hedefliyor. <!--more--><\/p>\n<p style=\"text-align:justify;\">Farkl\u0131\u00a0\u015fehirlerde ger\u00e7ekle\u015ftirilecek seminerlerle birlikte\u00a0e\u011fitim s\u00fcreci olarak tasarlanan Microsoft Mobil-Star Yar\u0131\u015fmas\u0131, sadece bireysel kat\u0131l\u0131ma a\u00e7\u0131k olacak.\u00a0 Ba\u015fvurular,\u00a0 30 Mart 2009 tarihine kadar www.mobil-star.net adresinden yap\u0131labiliyor.<\/p>\n<p style=\"text-align:justify;\">Yar\u0131\u015fmada dereceye giren ilk \u00fc\u00e7 yar\u0131\u015fmac\u0131 para \u00f6d\u00fcl\u00fc al\u0131rken,\u00a0finalistleri de \u00e7e\u015fitli f\u0131rsatlar bekliyor. Birinci olan yar\u0131\u015fmac\u0131n\u0131n 5.000 TL, ikincinin 3.000 TL, \u00fc\u00e7\u00fcnc\u00fcn\u00fcn ise 1.000 TL kazanaca\u011f\u0131 yar\u0131\u015fmada, ilk 25&#8217;e giren proje sahipleri Microsoft&#8217;un Bilkent \u00dcniversitesi&#8217;nde a\u00e7aca\u011f\u0131 Microsoft \u0130novasyon Merkezi&#8217;nde \u00e7al\u0131\u015fma imkan\u0131na sahip olabilecek.<\/p>\n<p style=\"text-align:justify;\">Yar\u0131\u015fma, yenilik\u00e7i yaz\u0131l\u0131mlar\u0131n \u00f6zendirilmesi ve Windows Mobile \u00fczerinde \u00e7al\u0131\u015fan uygulama say\u0131s\u0131n\u0131n art\u0131r\u0131lmas\u0131 hedefiyle d\u00fczenleniyor.\u00a0Kat\u0131l\u0131mc\u0131lar projelerini bu do\u011frultuda,\u00a0Windows Live servislerinden en az birini kullanarak geli\u015ftirecek. T\u00fcrkiye&#8217;de sat\u0131lmakta olan ticari \u00fcr\u00fcnler yar\u0131\u015fmac\u0131 olamayacaklar. Projeler,\u00a0\u00a0Mart ay\u0131 s\u00fcresince teknik de\u011ferlendirmeye al\u0131nacak. 21 Nisan 2009&#8217;da d\u00fczenlenecek t\u00f6ren ile \u00f6d\u00fcller sahiplerini bulacak.<\/p>\n","protected":false},"excerpt":{"rendered":"<p>Mobil uygulama geli\u015ftirme yar\u0131\u015fmas\u0131 Mobil-Star, Microsoft T\u00fcrkiye ve Turkcell i\u015fbirli\u011fi ile ger\u00e7ekle\u015ftiriliyor. Ba\u015fvurular\u0131 ba\u015flayan\u00a0Mobil-Star, d\u00fcnyan\u0131n en yayg\u0131n mobil platformlar\u0131ndan olan Windows Mobile i\u015fletim sistemi \u00fczerinde yenilik\u00e7i \u00fcr\u00fcn geli\u015ftiren bireysel yaz\u0131l\u0131mc\u0131lar\u0131n kat\u0131lm\u0131n\u0131\u00a0hedefliyor.<\/p>\n","protected":false},"author":2,"featured_media":0,"comment_status":"open","ping_status":"open","sticky":false,"template":"","format":"standard","meta":{"footnotes":""},"categories":[3],"tags":[],"class_list":["post-755","post","type-post","status-publish","format-standard","hentry","category-blogum"],"yoast_head":"<!-- This site is optimized with the Yoast SEO plugin v26.8 - https:\/\/yoast.com\/product\/yoast-seo-wordpress\/ -->\n<title>T\u00fcrkiye, Mobil-Star&#039;\u0131n\u0131 ar\u0131yor - At\u0131f \u00dcnald\u0131<\/title>\n<meta name=\"robots\" content=\"index, follow, max-snippet:-1, max-image-preview:large, max-video-preview:-1\" \/>\n<link rel=\"canonical\" href=\"http:\/\/atif.unaldi.org\/blog\/2009\/02\/27\/turkiye-mobil-starini-ariyor\/\" \/>\n<meta property=\"og:locale\" content=\"tr_TR\" \/>\n<meta property=\"og:type\" content=\"article\" \/>\n<meta property=\"og:title\" content=\"T\u00fcrkiye, Mobil-Star&#039;\u0131n\u0131 ar\u0131yor - At\u0131f \u00dcnald\u0131\" \/>\n<meta property=\"og:description\" content=\"Mobil uygulama geli\u015ftirme yar\u0131\u015fmas\u0131 Mobil-Star, Microsoft T\u00fcrkiye ve Turkcell i\u015fbirli\u011fi ile ger\u00e7ekle\u015ftiriliyor. Ba\u015fvurular\u0131 ba\u015flayan\u00a0Mobil-Star, d\u00fcnyan\u0131n en yayg\u0131n mobil platformlar\u0131ndan olan Windows Mobile i\u015fletim sistemi \u00fczerinde yenilik\u00e7i \u00fcr\u00fcn geli\u015ftiren bireysel yaz\u0131l\u0131mc\u0131lar\u0131n kat\u0131lm\u0131n\u0131\u00a0hedefliyor.\" \/>\n<meta property=\"og:url\" content=\"http:\/\/atif.unaldi.org\/blog\/2009\/02\/27\/turkiye-mobil-starini-ariyor\/\" \/>\n<meta property=\"og:site_name\" content=\"At\u0131f \u00dcnald\u0131\" \/>\n<meta property=\"article:publisher\" content=\"https:\/\/www.facebook.com\/atifunaldi\" \/>\n<meta property=\"article:author\" content=\"https:\/\/www.facebook.com\/atifunaldi\" \/>\n<meta property=\"article:published_time\" content=\"2009-02-27T15:32:31+00:00\" \/>\n<meta property=\"og:image\" content=\"http:\/\/aksamnetizen.files.wordpress.com\/2009\/02\/mobil-star1.jpg\" \/>\n<meta name=\"author\" content=\"Atif Unaldi\" \/>\n<meta name=\"twitter:card\" content=\"summary_large_image\" \/>\n<meta name=\"twitter:creator\" content=\"@https:\/\/twitter.com\/atifunaldi\" \/>\n<meta name=\"twitter:site\" content=\"@atifunaldi\" \/>\n<meta name=\"twitter:label1\" content=\"Yazan:\" \/>\n\t<meta name=\"twitter:data1\" content=\"Atif Unaldi\" \/>\n\t<meta name=\"twitter:label2\" content=\"Tahmini okuma s\u00fcresi\" \/>\n\t<meta name=\"twitter:data2\" content=\"1 dakika\" \/>\n<script type=\"application\/ld+json\" class=\"yoast-schema-graph\">{\"@context\":\"https:\/\/schema.org\",\"@graph\":[{\"@type\":\"Article\",\"@id\":\"http:\/\/atif.unaldi.org\/blog\/2009\/02\/27\/turkiye-mobil-starini-ariyor\/#article\",\"isPartOf\":{\"@id\":\"http:\/\/atif.unaldi.org\/blog\/2009\/02\/27\/turkiye-mobil-starini-ariyor\/\"},\"author\":{\"name\":\"Atif Unaldi\",\"@id\":\"http:\/\/atif.unaldi.org\/blog\/#\/schema\/person\/608ed42ecbda2bc5cfdb767ac1db479b\"},\"headline\":\"T\u00fcrkiye, Mobil-Star&#8217;\u0131n\u0131 ar\u0131yor\",\"datePublished\":\"2009-02-27T15:32:31+00:00\",\"mainEntityOfPage\":{\"@id\":\"http:\/\/atif.unaldi.org\/blog\/2009\/02\/27\/turkiye-mobil-starini-ariyor\/\"},\"wordCount\":228,\"commentCount\":0,\"publisher\":{\"@id\":\"http:\/\/atif.unaldi.org\/blog\/#\/schema\/person\/608ed42ecbda2bc5cfdb767ac1db479b\"},\"image\":{\"@id\":\"http:\/\/atif.unaldi.org\/blog\/2009\/02\/27\/turkiye-mobil-starini-ariyor\/#primaryimage\"},\"thumbnailUrl\":\"http:\/\/aksamnetizen.files.wordpress.com\/2009\/02\/mobil-star1.jpg\",\"articleSection\":[\"Blogum\"],\"inLanguage\":\"tr\",\"potentialAction\":[{\"@type\":\"CommentAction\",\"name\":\"Comment\",\"target\":[\"http:\/\/atif.unaldi.org\/blog\/2009\/02\/27\/turkiye-mobil-starini-ariyor\/#respond\"]}]},{\"@type\":\"WebPage\",\"@id\":\"http:\/\/atif.unaldi.org\/blog\/2009\/02\/27\/turkiye-mobil-starini-ariyor\/\",\"url\":\"http:\/\/atif.unaldi.org\/blog\/2009\/02\/27\/turkiye-mobil-starini-ariyor\/\",\"name\":\"T\u00fcrkiye, Mobil-Star'\u0131n\u0131 ar\u0131yor - At\u0131f \u00dcnald\u0131\",\"isPartOf\":{\"@id\":\"http:\/\/atif.unaldi.org\/blog\/#website\"},\"primaryImageOfPage\":{\"@id\":\"http:\/\/atif.unaldi.org\/blog\/2009\/02\/27\/turkiye-mobil-starini-ariyor\/#primaryimage\"},\"image\":{\"@id\":\"http:\/\/atif.unaldi.org\/blog\/2009\/02\/27\/turkiye-mobil-starini-ariyor\/#primaryimage\"},\"thumbnailUrl\":\"http:\/\/aksamnetizen.files.wordpress.com\/2009\/02\/mobil-star1.jpg\",\"datePublished\":\"2009-02-27T15:32:31+00:00\",\"breadcrumb\":{\"@id\":\"http:\/\/atif.unaldi.org\/blog\/2009\/02\/27\/turkiye-mobil-starini-ariyor\/#breadcrumb\"},\"inLanguage\":\"tr\",\"potentialAction\":[{\"@type\":\"ReadAction\",\"target\":[\"http:\/\/atif.unaldi.org\/blog\/2009\/02\/27\/turkiye-mobil-starini-ariyor\/\"]}]},{\"@type\":\"ImageObject\",\"inLanguage\":\"tr\",\"@id\":\"http:\/\/atif.unaldi.org\/blog\/2009\/02\/27\/turkiye-mobil-starini-ariyor\/#primaryimage\",\"url\":\"http:\/\/aksamnetizen.files.wordpress.com\/2009\/02\/mobil-star1.jpg\",\"contentUrl\":\"http:\/\/aksamnetizen.files.wordpress.com\/2009\/02\/mobil-star1.jpg\"},{\"@type\":\"BreadcrumbList\",\"@id\":\"http:\/\/atif.unaldi.org\/blog\/2009\/02\/27\/turkiye-mobil-starini-ariyor\/#breadcrumb\",\"itemListElement\":[{\"@type\":\"ListItem\",\"position\":1,\"name\":\"Anasayfa\",\"item\":\"http:\/\/atif.unaldi.org\/blog\/\"},{\"@type\":\"ListItem\",\"position\":2,\"name\":\"T\u00fcrkiye, Mobil-Star&#8217;\u0131n\u0131 ar\u0131yor\"}]},{\"@type\":\"WebSite\",\"@id\":\"http:\/\/atif.unaldi.org\/blog\/#website\",\"url\":\"http:\/\/atif.unaldi.org\/blog\/\",\"name\":\"At\u0131f \u00dcnald\u0131\",\"description\":\"Yazar\",\"publisher\":{\"@id\":\"http:\/\/atif.unaldi.org\/blog\/#\/schema\/person\/608ed42ecbda2bc5cfdb767ac1db479b\"},\"alternateName\":\"At\u0131f \u00dcnald\u0131 Blog\",\"potentialAction\":[{\"@type\":\"SearchAction\",\"target\":{\"@type\":\"EntryPoint\",\"urlTemplate\":\"http:\/\/atif.unaldi.org\/blog\/?s={search_term_string}\"},\"query-input\":{\"@type\":\"PropertyValueSpecification\",\"valueRequired\":true,\"valueName\":\"search_term_string\"}}],\"inLanguage\":\"tr\"},{\"@type\":[\"Person\",\"Organization\"],\"@id\":\"http:\/\/atif.unaldi.org\/blog\/#\/schema\/person\/608ed42ecbda2bc5cfdb767ac1db479b\",\"name\":\"Atif Unaldi\",\"image\":{\"@type\":\"ImageObject\",\"inLanguage\":\"tr\",\"@id\":\"http:\/\/atif.unaldi.org\/blog\/#\/schema\/person\/image\/\",\"url\":\"http:\/\/atif.unaldi.org\/blog\/wp-content\/uploads\/2022\/10\/cropped-a94e8f7a-67c4-4d65-8a5f-032ba784be53-2.jpg\",\"contentUrl\":\"http:\/\/atif.unaldi.org\/blog\/wp-content\/uploads\/2022\/10\/cropped-a94e8f7a-67c4-4d65-8a5f-032ba784be53-2.jpg\",\"width\":512,\"height\":512,\"caption\":\"Atif Unaldi\"},\"logo\":{\"@id\":\"http:\/\/atif.unaldi.org\/blog\/#\/schema\/person\/image\/\"},\"description\":\"Bo\u011fazi\u00e7i \u00dcniversitesinde Fizik B\u00f6l\u00fcm\u00fc\u2019nde e\u011fitim ald\u0131\u011f\u0131 y\u0131llarda T\u00fcrkiye\u2019de ilk kez iki bilgisayar\u0131 telefon hatlar\u0131 \u00fczerinden konu\u015fturan BBS sistemini kurarak, T\u00fcrkiye\u2019deki ilk internet a\u011f\u0131n\u0131 olu\u015fturmu\u015ftur. Bir \u00e7ok radyo ve televizyonda program yap\u0131mc\u0131l\u0131\u011f\u0131 ve sunuculu\u011funu, bir \u00e7ok teknoloji dergisinde k\u00f6\u015fe yazarl\u0131\u011f\u0131, bili\u015fim edit\u00f6rl\u00fc\u011f\u00fc ve genel yay\u0131n y\u00f6netmenli\u011fi yapt\u0131. T\u00fcrkiye\u2019deki ilk internet servis sa\u011flay\u0131c\u0131s\u0131n\u0131n genel m\u00fcd\u00fcrl\u00fc\u011f\u00fcn\u00fc \u00fcstlendi. Bir \u00e7ok organizasyon ve kurulu\u015fta internet s\u00fcperviz\u00f6rl\u00fc\u011f\u00fc , webmaster\u2019l\u0131\u011f\u0131 , IT direkt\u00f6rl\u00fc\u011f\u00fc ve dijital projeler koordinat\u00f6rl\u00fc\u011f\u00fc g\u00f6revlerinde bulundu. Farkl\u0131 \u00fcniversitelerin farkl\u0131 fak\u00fcltelerinde \u00f6\u011fretim g\u00f6revlisi olarak bulunmu\u015f olan \u00dcnald\u0131; \u015fu an teknoloji ve pazarlama konular\u0131 ba\u015fta olmak \u00fczere bir\u00e7ok alanda hizmet veren Unaldi Consultancy\u2019nin kurucusudur. \\u2028Selin \u00dcnald\u0131 ile evlidir. Su ve Toprak isminde iki \u00e7ocu\u011fu vard\u0131r.\",\"sameAs\":[\"http:\/\/atif.unaldi.org\/blog\",\"https:\/\/www.facebook.com\/atifunaldi\",\"https:\/\/www.instagram.com\/atifunaldi\/\",\"https:\/\/www.linkedin.com\/in\/atifunaldi\",\"https:\/\/x.com\/https:\/\/twitter.com\/atifunaldi\",\"https:\/\/www.youtube.com\/c\/atifunaldi\",\"https:\/\/soundcloud.com\/atif-unaldi\",\"https:\/\/atifunaldi.tumblr.com\"],\"url\":\"http:\/\/atif.unaldi.org\/blog\/author\/atifunaldi\/\"}]}<\/script>\n<!-- \/ Yoast SEO plugin. -->","yoast_head_json":{"title":"T\u00fcrkiye, Mobil-Star'\u0131n\u0131 ar\u0131yor - At\u0131f \u00dcnald\u0131","robots":{"index":"index","follow":"follow","max-snippet":"max-snippet:-1","max-image-preview":"max-image-preview:large","max-video-preview":"max-video-preview:-1"},"canonical":"http:\/\/atif.unaldi.org\/blog\/2009\/02\/27\/turkiye-mobil-starini-ariyor\/","og_locale":"tr_TR","og_type":"article","og_title":"T\u00fcrkiye, Mobil-Star'\u0131n\u0131 ar\u0131yor - At\u0131f \u00dcnald\u0131","og_description":"Mobil uygulama geli\u015ftirme yar\u0131\u015fmas\u0131 Mobil-Star, Microsoft T\u00fcrkiye ve Turkcell i\u015fbirli\u011fi ile ger\u00e7ekle\u015ftiriliyor. Ba\u015fvurular\u0131 ba\u015flayan\u00a0Mobil-Star, d\u00fcnyan\u0131n en yayg\u0131n mobil platformlar\u0131ndan olan Windows Mobile i\u015fletim sistemi \u00fczerinde yenilik\u00e7i \u00fcr\u00fcn geli\u015ftiren bireysel yaz\u0131l\u0131mc\u0131lar\u0131n kat\u0131lm\u0131n\u0131\u00a0hedefliyor.","og_url":"http:\/\/atif.unaldi.org\/blog\/2009\/02\/27\/turkiye-mobil-starini-ariyor\/","og_site_name":"At\u0131f \u00dcnald\u0131","article_publisher":"https:\/\/www.facebook.com\/atifunaldi","article_author":"https:\/\/www.facebook.com\/atifunaldi","article_published_time":"2009-02-27T15:32:31+00:00","og_image":[{"url":"http:\/\/aksamnetizen.files.wordpress.com\/2009\/02\/mobil-star1.jpg","type":"","width":"","height":""}],"author":"Atif Unaldi","twitter_card":"summary_large_image","twitter_creator":"@https:\/\/twitter.com\/atifunaldi","twitter_site":"@atifunaldi","twitter_misc":{"Yazan:":"Atif Unaldi","Tahmini okuma s\u00fcresi":"1 dakika"},"schema":{"@context":"https:\/\/schema.org","@graph":[{"@type":"Article","@id":"http:\/\/atif.unaldi.org\/blog\/2009\/02\/27\/turkiye-mobil-starini-ariyor\/#article","isPartOf":{"@id":"http:\/\/atif.unaldi.org\/blog\/2009\/02\/27\/turkiye-mobil-starini-ariyor\/"},"author":{"name":"Atif Unaldi","@id":"http:\/\/atif.unaldi.org\/blog\/#\/schema\/person\/608ed42ecbda2bc5cfdb767ac1db479b"},"headline":"T\u00fcrkiye, Mobil-Star&#8217;\u0131n\u0131 ar\u0131yor","datePublished":"2009-02-27T15:32:31+00:00","mainEntityOfPage":{"@id":"http:\/\/atif.unaldi.org\/blog\/2009\/02\/27\/turkiye-mobil-starini-ariyor\/"},"wordCount":228,"commentCount":0,"publisher":{"@id":"http:\/\/atif.unaldi.org\/blog\/#\/schema\/person\/608ed42ecbda2bc5cfdb767ac1db479b"},"image":{"@id":"http:\/\/atif.unaldi.org\/blog\/2009\/02\/27\/turkiye-mobil-starini-ariyor\/#primaryimage"},"thumbnailUrl":"http:\/\/aksamnetizen.files.wordpress.com\/2009\/02\/mobil-star1.jpg","articleSection":["Blogum"],"inLanguage":"tr","potentialAction":[{"@type":"CommentAction","name":"Comment","target":["http:\/\/atif.unaldi.org\/blog\/2009\/02\/27\/turkiye-mobil-starini-ariyor\/#respond"]}]},{"@type":"WebPage","@id":"http:\/\/atif.unaldi.org\/blog\/2009\/02\/27\/turkiye-mobil-starini-ariyor\/","url":"http:\/\/atif.unaldi.org\/blog\/2009\/02\/27\/turkiye-mobil-starini-ariyor\/","name":"T\u00fcrkiye, Mobil-Star'\u0131n\u0131 ar\u0131yor - At\u0131f \u00dcnald\u0131","isPartOf":{"@id":"http:\/\/atif.unaldi.org\/blog\/#website"},"primaryImageOfPage":{"@id":"http:\/\/atif.unaldi.org\/blog\/2009\/02\/27\/turkiye-mobil-starini-ariyor\/#primaryimage"},"image":{"@id":"http:\/\/atif.unaldi.org\/blog\/2009\/02\/27\/turkiye-mobil-starini-ariyor\/#primaryimage"},"thumbnailUrl":"http:\/\/aksamnetizen.files.wordpress.com\/2009\/02\/mobil-star1.jpg","datePublished":"2009-02-27T15:32:31+00:00","breadcrumb":{"@id":"http:\/\/atif.unaldi.org\/blog\/2009\/02\/27\/turkiye-mobil-starini-ariyor\/#breadcrumb"},"inLanguage":"tr","potentialAction":[{"@type":"ReadAction","target":["http:\/\/atif.unaldi.org\/blog\/2009\/02\/27\/turkiye-mobil-starini-ariyor\/"]}]},{"@type":"ImageObject","inLanguage":"tr","@id":"http:\/\/atif.unaldi.org\/blog\/2009\/02\/27\/turkiye-mobil-starini-ariyor\/#primaryimage","url":"http:\/\/aksamnetizen.files.wordpress.com\/2009\/02\/mobil-star1.jpg","contentUrl":"http:\/\/aksamnetizen.files.wordpress.com\/2009\/02\/mobil-star1.jpg"},{"@type":"BreadcrumbList","@id":"http:\/\/atif.unaldi.org\/blog\/2009\/02\/27\/turkiye-mobil-starini-ariyor\/#breadcrumb","itemListElement":[{"@type":"ListItem","position":1,"name":"Anasayfa","item":"http:\/\/atif.unaldi.org\/blog\/"},{"@type":"ListItem","position":2,"name":"T\u00fcrkiye, Mobil-Star&#8217;\u0131n\u0131 ar\u0131yor"}]},{"@type":"WebSite","@id":"http:\/\/atif.unaldi.org\/blog\/#website","url":"http:\/\/atif.unaldi.org\/blog\/","name":"At\u0131f \u00dcnald\u0131","description":"Yazar","publisher":{"@id":"http:\/\/atif.unaldi.org\/blog\/#\/schema\/person\/608ed42ecbda2bc5cfdb767ac1db479b"},"alternateName":"At\u0131f \u00dcnald\u0131 Blog","potentialAction":[{"@type":"SearchAction","target":{"@type":"EntryPoint","urlTemplate":"http:\/\/atif.unaldi.org\/blog\/?s={search_term_string}"},"query-input":{"@type":"PropertyValueSpecification","valueRequired":true,"valueName":"search_term_string"}}],"inLanguage":"tr"},{"@type":["Person","Organization"],"@id":"http:\/\/atif.unaldi.org\/blog\/#\/schema\/person\/608ed42ecbda2bc5cfdb767ac1db479b","name":"Atif Unaldi","image":{"@type":"ImageObject","inLanguage":"tr","@id":"http:\/\/atif.unaldi.org\/blog\/#\/schema\/person\/image\/","url":"http:\/\/atif.unaldi.org\/blog\/wp-content\/uploads\/2022\/10\/cropped-a94e8f7a-67c4-4d65-8a5f-032ba784be53-2.jpg","contentUrl":"http:\/\/atif.unaldi.org\/blog\/wp-content\/uploads\/2022\/10\/cropped-a94e8f7a-67c4-4d65-8a5f-032ba784be53-2.jpg","width":512,"height":512,"caption":"Atif Unaldi"},"logo":{"@id":"http:\/\/atif.unaldi.org\/blog\/#\/schema\/person\/image\/"},"description":"Bo\u011fazi\u00e7i \u00dcniversitesinde Fizik B\u00f6l\u00fcm\u00fc\u2019nde e\u011fitim ald\u0131\u011f\u0131 y\u0131llarda T\u00fcrkiye\u2019de ilk kez iki bilgisayar\u0131 telefon hatlar\u0131 \u00fczerinden konu\u015fturan BBS sistemini kurarak, T\u00fcrkiye\u2019deki ilk internet a\u011f\u0131n\u0131 olu\u015fturmu\u015ftur. Bir \u00e7ok radyo ve televizyonda program yap\u0131mc\u0131l\u0131\u011f\u0131 ve sunuculu\u011funu, bir \u00e7ok teknoloji dergisinde k\u00f6\u015fe yazarl\u0131\u011f\u0131, bili\u015fim edit\u00f6rl\u00fc\u011f\u00fc ve genel yay\u0131n y\u00f6netmenli\u011fi yapt\u0131. T\u00fcrkiye\u2019deki ilk internet servis sa\u011flay\u0131c\u0131s\u0131n\u0131n genel m\u00fcd\u00fcrl\u00fc\u011f\u00fcn\u00fc \u00fcstlendi. Bir \u00e7ok organizasyon ve kurulu\u015fta internet s\u00fcperviz\u00f6rl\u00fc\u011f\u00fc , webmaster\u2019l\u0131\u011f\u0131 , IT direkt\u00f6rl\u00fc\u011f\u00fc ve dijital projeler koordinat\u00f6rl\u00fc\u011f\u00fc g\u00f6revlerinde bulundu. Farkl\u0131 \u00fcniversitelerin farkl\u0131 fak\u00fcltelerinde \u00f6\u011fretim g\u00f6revlisi olarak bulunmu\u015f olan \u00dcnald\u0131; \u015fu an teknoloji ve pazarlama konular\u0131 ba\u015fta olmak \u00fczere bir\u00e7ok alanda hizmet veren Unaldi Consultancy\u2019nin kurucusudur. \u2028Selin \u00dcnald\u0131 ile evlidir. Su ve Toprak isminde iki \u00e7ocu\u011fu vard\u0131r.","sameAs":["http:\/\/atif.unaldi.org\/blog","https:\/\/www.facebook.com\/atifunaldi","https:\/\/www.instagram.com\/atifunaldi\/","https:\/\/www.linkedin.com\/in\/atifunaldi","https:\/\/x.com\/https:\/\/twitter.com\/atifunaldi","https:\/\/www.youtube.com\/c\/atifunaldi","https:\/\/soundcloud.com\/atif-unaldi","https:\/\/atifunaldi.tumblr.com"],"url":"http:\/\/atif.unaldi.org\/blog\/author\/atifunaldi\/"}]}},"jetpack_featured_media_url":"","_links":{"self":[{"href":"http:\/\/atif.unaldi.org\/blog\/wp-json\/wp\/v2\/posts\/755","targetHints":{"allow":["GET"]}}],"collection":[{"href":"http:\/\/atif.unaldi.org\/blog\/wp-json\/wp\/v2\/posts"}],"about":[{"href":"http:\/\/atif.unaldi.org\/blog\/wp-json\/wp\/v2\/types\/post"}],"author":[{"embeddable":true,"href":"http:\/\/atif.unaldi.org\/blog\/wp-json\/wp\/v2\/users\/2"}],"replies":[{"embeddable":true,"href":"http:\/\/atif.unaldi.org\/blog\/wp-json\/wp\/v2\/comments?post=755"}],"version-history":[{"count":0,"href":"http:\/\/atif.unaldi.org\/blog\/wp-json\/wp\/v2\/posts\/755\/revisions"}],"wp:attachment":[{"href":"http:\/\/atif.unaldi.org\/blog\/wp-json\/wp\/v2\/media?parent=755"}],"wp:term":[{"taxonomy":"category","embeddable":true,"href":"http:\/\/atif.unaldi.org\/blog\/wp-json\/wp\/v2\/categories?post=755"},{"taxonomy":"post_tag","embeddable":true,"href":"http:\/\/atif.unaldi.org\/blog\/wp-json\/wp\/v2\/tags?post=755"}],"curies":[{"name":"wp","href":"https:\/\/api.w.org\/{rel}","templated":true}]}}