{"id":758,"date":"2009-03-02T13:20:39","date_gmt":"2009-03-02T13:20:39","guid":{"rendered":"http:\/\/aksamnetizen.wordpress.com\/?p=367"},"modified":"2009-03-02T13:20:39","modified_gmt":"2009-03-02T13:20:39","slug":"cebit-bu-yil-kriz-havasini-degistirecek","status":"publish","type":"post","link":"http:\/\/atif.unaldi.org\/blog\/2009\/03\/02\/cebit-bu-yil-kriz-havasini-degistirecek\/","title":{"rendered":"CEBIT, bu y\u0131l kriz havas\u0131n\u0131 de\u011fi\u015ftirecek"},"content":{"rendered":"<p style=\"text-align:justify;\"><img loading=\"lazy\" decoding=\"async\" class=\"alignleft size-full wp-image-370\" title=\"cebit2009\" src=\"http:\/\/aksamnetizen.files.wordpress.com\/2009\/03\/cebit2009.jpg\" alt=\"cebit2009\" width=\"174\" height=\"115\" \/>D\u00fcnya \u00e7ap\u0131ndaki bilgi ve ileti\u015fim teknolojileri fuar\u0131 CEBIT 2009&#8217;a bu y\u0131l 4 bin 300 firma kat\u0131lacak. 3 martta Hannover&#8217;de ba\u015flayacak fuar\u0131n, uluslararas\u0131 kriz havas\u0131n\u0131 de\u011fi\u015ftirmesi bekleniyor.\u00a0<!--more--><\/p>\n<p style=\"text-align:justify;\">69 \u00fclkenin kat\u0131laca\u011f\u0131 fuar\u0131 d\u00fczenleyen\u00a0\u00a0Deutsche Messe AG firmas\u0131n\u0131n Y\u00f6netim Kurulu Ba\u015fkan\u0131 Ernst Raue, bu sonucun k\u00fcresel ekonomik kriz kar\u015f\u0131s\u0131nda bir ba\u015far\u0131\u00a0i\u015fareti oldu\u011funu belirtiyor.\u00a0 Bug\u00fcnk\u00fc konjonkt\u00fcr do\u011frultusunda gelinen sonu\u00e7tan memnuniyetlerini dile getiren Raue: &#8220;S\u00f6z konusu 4 bin 300 firma, her \u015feye ra\u011fmen devam ettiklerini ve resesyonu h\u0131zl\u0131 bir \u015fekilde atlatmak istediklerini g\u00f6sterecekler. Bu y\u0131l CeBIT 2009&#8217;da, eskiye oranla daha fazla yeni i\u015f ba\u011flant\u0131lar\u0131na odaklanacaklar ve b\u00f6ylece gelece\u011fe do\u011fru g\u00fc\u00e7l\u00fc bir \u015fekilde ilerleyecekler&#8221; dedi.<\/p>\n<p style=\"text-align:justify;\">CeBIT 2009&#8217;a Deutsche Telekom, Microsoft, IBM, SAP, Software AG, Datev, Vodafone, Intel, Dell, Hitachi, Panasonic, Adobe, Alcatel-Lucent, British Telecom, Hewlett Packard, Rittal, Lampertz, Oracle, Samsung, Yahoo, Symantec, E-Plus, Xing, LinkedIn, Acer, Porsche ve Volkswagen, T\u00fcrkiye&#8217;den ise Apollo Bell, Artronic, Arvento, Emse M\u00fchendislik, Enel, Er-Net Metal, Etk Kablo, G\u00f6kt\u00fcrk Bilgi Teknolojileri, Inchanta, Inform Elektronik, K\u0131ratl\u0131, Labris, Makelsan, Mytr Software Pegasus Bilgi Teknolojileri, Plm Bilgisayar, Sar Elektronik, Sigma Dan\u0131\u015fmanl\u0131k, Tun\u00e7matik, T\u00fcmel Elektronik ve Y\u00f6netsel Bili\u015fim Teknolojileri\u00a0 gibi tan\u0131nm\u0131\u015f \u00e7ok say\u0131da firma kat\u0131\u0131yor.<\/p>\n","protected":false},"excerpt":{"rendered":"<p>D\u00fcnya \u00e7ap\u0131ndaki bilgi ve ileti\u015fim teknolojileri fuar\u0131 CEBIT 2009&#8217;a bu y\u0131l 4 bin 300 firma kat\u0131lacak. 3 martta Hannover&#8217;de ba\u015flayacak fuar\u0131n, uluslararas\u0131 kriz havas\u0131n\u0131 de\u011fi\u015ftirmesi bekleniyor.\u00a0<\/p>\n","protected":false},"author":2,"featured_media":0,"comment_status":"open","ping_status":"open","sticky":false,"template":"","format":"standard","meta":{"footnotes":""},"categories":[3],"tags":[],"class_list":["post-758","post","type-post","status-publish","format-standard","hentry","category-blogum"],"yoast_head":"<!-- This site is optimized with the Yoast SEO plugin v26.8 - https:\/\/yoast.com\/product\/yoast-seo-wordpress\/ -->\n<title>CEBIT, bu y\u0131l kriz havas\u0131n\u0131 de\u011fi\u015ftirecek - At\u0131f \u00dcnald\u0131<\/title>\n<meta name=\"robots\" content=\"index, follow, max-snippet:-1, max-image-preview:large, max-video-preview:-1\" \/>\n<link rel=\"canonical\" href=\"http:\/\/atif.unaldi.org\/blog\/2009\/03\/02\/cebit-bu-yil-kriz-havasini-degistirecek\/\" \/>\n<meta property=\"og:locale\" content=\"tr_TR\" \/>\n<meta property=\"og:type\" content=\"article\" \/>\n<meta property=\"og:title\" content=\"CEBIT, bu y\u0131l kriz havas\u0131n\u0131 de\u011fi\u015ftirecek - At\u0131f \u00dcnald\u0131\" \/>\n<meta property=\"og:description\" content=\"D\u00fcnya \u00e7ap\u0131ndaki bilgi ve ileti\u015fim teknolojileri fuar\u0131 CEBIT 2009&#8217;a bu y\u0131l 4 bin 300 firma kat\u0131lacak. 3 martta Hannover&#8217;de ba\u015flayacak fuar\u0131n, uluslararas\u0131 kriz havas\u0131n\u0131 de\u011fi\u015ftirmesi bekleniyor.\u00a0\" \/>\n<meta property=\"og:url\" content=\"http:\/\/atif.unaldi.org\/blog\/2009\/03\/02\/cebit-bu-yil-kriz-havasini-degistirecek\/\" \/>\n<meta property=\"og:site_name\" content=\"At\u0131f \u00dcnald\u0131\" \/>\n<meta property=\"article:publisher\" content=\"https:\/\/www.facebook.com\/atifunaldi\" \/>\n<meta property=\"article:author\" content=\"https:\/\/www.facebook.com\/atifunaldi\" \/>\n<meta property=\"article:published_time\" content=\"2009-03-02T13:20:39+00:00\" \/>\n<meta property=\"og:image\" content=\"http:\/\/aksamnetizen.files.wordpress.com\/2009\/03\/cebit2009.jpg\" \/>\n<meta name=\"author\" content=\"Atif Unaldi\" \/>\n<meta name=\"twitter:card\" content=\"summary_large_image\" \/>\n<meta name=\"twitter:creator\" content=\"@https:\/\/twitter.com\/atifunaldi\" \/>\n<meta name=\"twitter:site\" content=\"@atifunaldi\" \/>\n<meta name=\"twitter:label1\" content=\"Yazan:\" \/>\n\t<meta name=\"twitter:data1\" content=\"Atif Unaldi\" \/>\n\t<meta name=\"twitter:label2\" content=\"Tahmini okuma s\u00fcresi\" \/>\n\t<meta name=\"twitter:data2\" content=\"1 dakika\" \/>\n<script type=\"application\/ld+json\" class=\"yoast-schema-graph\">{\"@context\":\"https:\/\/schema.org\",\"@graph\":[{\"@type\":\"Article\",\"@id\":\"http:\/\/atif.unaldi.org\/blog\/2009\/03\/02\/cebit-bu-yil-kriz-havasini-degistirecek\/#article\",\"isPartOf\":{\"@id\":\"http:\/\/atif.unaldi.org\/blog\/2009\/03\/02\/cebit-bu-yil-kriz-havasini-degistirecek\/\"},\"author\":{\"name\":\"Atif Unaldi\",\"@id\":\"http:\/\/atif.unaldi.org\/blog\/#\/schema\/person\/608ed42ecbda2bc5cfdb767ac1db479b\"},\"headline\":\"CEBIT, bu y\u0131l kriz havas\u0131n\u0131 de\u011fi\u015ftirecek\",\"datePublished\":\"2009-03-02T13:20:39+00:00\",\"mainEntityOfPage\":{\"@id\":\"http:\/\/atif.unaldi.org\/blog\/2009\/03\/02\/cebit-bu-yil-kriz-havasini-degistirecek\/\"},\"wordCount\":236,\"commentCount\":0,\"publisher\":{\"@id\":\"http:\/\/atif.unaldi.org\/blog\/#\/schema\/person\/608ed42ecbda2bc5cfdb767ac1db479b\"},\"image\":{\"@id\":\"http:\/\/atif.unaldi.org\/blog\/2009\/03\/02\/cebit-bu-yil-kriz-havasini-degistirecek\/#primaryimage\"},\"thumbnailUrl\":\"http:\/\/aksamnetizen.files.wordpress.com\/2009\/03\/cebit2009.jpg\",\"articleSection\":[\"Blogum\"],\"inLanguage\":\"tr\",\"potentialAction\":[{\"@type\":\"CommentAction\",\"name\":\"Comment\",\"target\":[\"http:\/\/atif.unaldi.org\/blog\/2009\/03\/02\/cebit-bu-yil-kriz-havasini-degistirecek\/#respond\"]}]},{\"@type\":\"WebPage\",\"@id\":\"http:\/\/atif.unaldi.org\/blog\/2009\/03\/02\/cebit-bu-yil-kriz-havasini-degistirecek\/\",\"url\":\"http:\/\/atif.unaldi.org\/blog\/2009\/03\/02\/cebit-bu-yil-kriz-havasini-degistirecek\/\",\"name\":\"CEBIT, bu y\u0131l kriz havas\u0131n\u0131 de\u011fi\u015ftirecek - At\u0131f \u00dcnald\u0131\",\"isPartOf\":{\"@id\":\"http:\/\/atif.unaldi.org\/blog\/#website\"},\"primaryImageOfPage\":{\"@id\":\"http:\/\/atif.unaldi.org\/blog\/2009\/03\/02\/cebit-bu-yil-kriz-havasini-degistirecek\/#primaryimage\"},\"image\":{\"@id\":\"http:\/\/atif.unaldi.org\/blog\/2009\/03\/02\/cebit-bu-yil-kriz-havasini-degistirecek\/#primaryimage\"},\"thumbnailUrl\":\"http:\/\/aksamnetizen.files.wordpress.com\/2009\/03\/cebit2009.jpg\",\"datePublished\":\"2009-03-02T13:20:39+00:00\",\"breadcrumb\":{\"@id\":\"http:\/\/atif.unaldi.org\/blog\/2009\/03\/02\/cebit-bu-yil-kriz-havasini-degistirecek\/#breadcrumb\"},\"inLanguage\":\"tr\",\"potentialAction\":[{\"@type\":\"ReadAction\",\"target\":[\"http:\/\/atif.unaldi.org\/blog\/2009\/03\/02\/cebit-bu-yil-kriz-havasini-degistirecek\/\"]}]},{\"@type\":\"ImageObject\",\"inLanguage\":\"tr\",\"@id\":\"http:\/\/atif.unaldi.org\/blog\/2009\/03\/02\/cebit-bu-yil-kriz-havasini-degistirecek\/#primaryimage\",\"url\":\"http:\/\/aksamnetizen.files.wordpress.com\/2009\/03\/cebit2009.jpg\",\"contentUrl\":\"http:\/\/aksamnetizen.files.wordpress.com\/2009\/03\/cebit2009.jpg\"},{\"@type\":\"BreadcrumbList\",\"@id\":\"http:\/\/atif.unaldi.org\/blog\/2009\/03\/02\/cebit-bu-yil-kriz-havasini-degistirecek\/#breadcrumb\",\"itemListElement\":[{\"@type\":\"ListItem\",\"position\":1,\"name\":\"Anasayfa\",\"item\":\"http:\/\/atif.unaldi.org\/blog\/\"},{\"@type\":\"ListItem\",\"position\":2,\"name\":\"CEBIT, bu y\u0131l kriz havas\u0131n\u0131 de\u011fi\u015ftirecek\"}]},{\"@type\":\"WebSite\",\"@id\":\"http:\/\/atif.unaldi.org\/blog\/#website\",\"url\":\"http:\/\/atif.unaldi.org\/blog\/\",\"name\":\"At\u0131f \u00dcnald\u0131\",\"description\":\"Yazar\",\"publisher\":{\"@id\":\"http:\/\/atif.unaldi.org\/blog\/#\/schema\/person\/608ed42ecbda2bc5cfdb767ac1db479b\"},\"alternateName\":\"At\u0131f \u00dcnald\u0131 Blog\",\"potentialAction\":[{\"@type\":\"SearchAction\",\"target\":{\"@type\":\"EntryPoint\",\"urlTemplate\":\"http:\/\/atif.unaldi.org\/blog\/?s={search_term_string}\"},\"query-input\":{\"@type\":\"PropertyValueSpecification\",\"valueRequired\":true,\"valueName\":\"search_term_string\"}}],\"inLanguage\":\"tr\"},{\"@type\":[\"Person\",\"Organization\"],\"@id\":\"http:\/\/atif.unaldi.org\/blog\/#\/schema\/person\/608ed42ecbda2bc5cfdb767ac1db479b\",\"name\":\"Atif Unaldi\",\"image\":{\"@type\":\"ImageObject\",\"inLanguage\":\"tr\",\"@id\":\"http:\/\/atif.unaldi.org\/blog\/#\/schema\/person\/image\/\",\"url\":\"http:\/\/atif.unaldi.org\/blog\/wp-content\/uploads\/2022\/10\/cropped-a94e8f7a-67c4-4d65-8a5f-032ba784be53-2.jpg\",\"contentUrl\":\"http:\/\/atif.unaldi.org\/blog\/wp-content\/uploads\/2022\/10\/cropped-a94e8f7a-67c4-4d65-8a5f-032ba784be53-2.jpg\",\"width\":512,\"height\":512,\"caption\":\"Atif Unaldi\"},\"logo\":{\"@id\":\"http:\/\/atif.unaldi.org\/blog\/#\/schema\/person\/image\/\"},\"description\":\"Bo\u011fazi\u00e7i \u00dcniversitesinde Fizik B\u00f6l\u00fcm\u00fc\u2019nde e\u011fitim ald\u0131\u011f\u0131 y\u0131llarda T\u00fcrkiye\u2019de ilk kez iki bilgisayar\u0131 telefon hatlar\u0131 \u00fczerinden konu\u015fturan BBS sistemini kurarak, T\u00fcrkiye\u2019deki ilk internet a\u011f\u0131n\u0131 olu\u015fturmu\u015ftur. Bir \u00e7ok radyo ve televizyonda program yap\u0131mc\u0131l\u0131\u011f\u0131 ve sunuculu\u011funu, bir \u00e7ok teknoloji dergisinde k\u00f6\u015fe yazarl\u0131\u011f\u0131, bili\u015fim edit\u00f6rl\u00fc\u011f\u00fc ve genel yay\u0131n y\u00f6netmenli\u011fi yapt\u0131. T\u00fcrkiye\u2019deki ilk internet servis sa\u011flay\u0131c\u0131s\u0131n\u0131n genel m\u00fcd\u00fcrl\u00fc\u011f\u00fcn\u00fc \u00fcstlendi. Bir \u00e7ok organizasyon ve kurulu\u015fta internet s\u00fcperviz\u00f6rl\u00fc\u011f\u00fc , webmaster\u2019l\u0131\u011f\u0131 , IT direkt\u00f6rl\u00fc\u011f\u00fc ve dijital projeler koordinat\u00f6rl\u00fc\u011f\u00fc g\u00f6revlerinde bulundu. Farkl\u0131 \u00fcniversitelerin farkl\u0131 fak\u00fcltelerinde \u00f6\u011fretim g\u00f6revlisi olarak bulunmu\u015f olan \u00dcnald\u0131; \u015fu an teknoloji ve pazarlama konular\u0131 ba\u015fta olmak \u00fczere bir\u00e7ok alanda hizmet veren Unaldi Consultancy\u2019nin kurucusudur. \\u2028Selin \u00dcnald\u0131 ile evlidir. Su ve Toprak isminde iki \u00e7ocu\u011fu vard\u0131r.\",\"sameAs\":[\"http:\/\/atif.unaldi.org\/blog\",\"https:\/\/www.facebook.com\/atifunaldi\",\"https:\/\/www.instagram.com\/atifunaldi\/\",\"https:\/\/www.linkedin.com\/in\/atifunaldi\",\"https:\/\/x.com\/https:\/\/twitter.com\/atifunaldi\",\"https:\/\/www.youtube.com\/c\/atifunaldi\",\"https:\/\/soundcloud.com\/atif-unaldi\",\"https:\/\/atifunaldi.tumblr.com\"],\"url\":\"http:\/\/atif.unaldi.org\/blog\/author\/atifunaldi\/\"}]}<\/script>\n<!-- \/ Yoast SEO plugin. -->","yoast_head_json":{"title":"CEBIT, bu y\u0131l kriz havas\u0131n\u0131 de\u011fi\u015ftirecek - At\u0131f \u00dcnald\u0131","robots":{"index":"index","follow":"follow","max-snippet":"max-snippet:-1","max-image-preview":"max-image-preview:large","max-video-preview":"max-video-preview:-1"},"canonical":"http:\/\/atif.unaldi.org\/blog\/2009\/03\/02\/cebit-bu-yil-kriz-havasini-degistirecek\/","og_locale":"tr_TR","og_type":"article","og_title":"CEBIT, bu y\u0131l kriz havas\u0131n\u0131 de\u011fi\u015ftirecek - At\u0131f \u00dcnald\u0131","og_description":"D\u00fcnya \u00e7ap\u0131ndaki bilgi ve ileti\u015fim teknolojileri fuar\u0131 CEBIT 2009&#8217;a bu y\u0131l 4 bin 300 firma kat\u0131lacak. 3 martta Hannover&#8217;de ba\u015flayacak fuar\u0131n, uluslararas\u0131 kriz havas\u0131n\u0131 de\u011fi\u015ftirmesi bekleniyor.\u00a0","og_url":"http:\/\/atif.unaldi.org\/blog\/2009\/03\/02\/cebit-bu-yil-kriz-havasini-degistirecek\/","og_site_name":"At\u0131f \u00dcnald\u0131","article_publisher":"https:\/\/www.facebook.com\/atifunaldi","article_author":"https:\/\/www.facebook.com\/atifunaldi","article_published_time":"2009-03-02T13:20:39+00:00","og_image":[{"url":"http:\/\/aksamnetizen.files.wordpress.com\/2009\/03\/cebit2009.jpg","type":"","width":"","height":""}],"author":"Atif Unaldi","twitter_card":"summary_large_image","twitter_creator":"@https:\/\/twitter.com\/atifunaldi","twitter_site":"@atifunaldi","twitter_misc":{"Yazan:":"Atif Unaldi","Tahmini okuma s\u00fcresi":"1 dakika"},"schema":{"@context":"https:\/\/schema.org","@graph":[{"@type":"Article","@id":"http:\/\/atif.unaldi.org\/blog\/2009\/03\/02\/cebit-bu-yil-kriz-havasini-degistirecek\/#article","isPartOf":{"@id":"http:\/\/atif.unaldi.org\/blog\/2009\/03\/02\/cebit-bu-yil-kriz-havasini-degistirecek\/"},"author":{"name":"Atif Unaldi","@id":"http:\/\/atif.unaldi.org\/blog\/#\/schema\/person\/608ed42ecbda2bc5cfdb767ac1db479b"},"headline":"CEBIT, bu y\u0131l kriz havas\u0131n\u0131 de\u011fi\u015ftirecek","datePublished":"2009-03-02T13:20:39+00:00","mainEntityOfPage":{"@id":"http:\/\/atif.unaldi.org\/blog\/2009\/03\/02\/cebit-bu-yil-kriz-havasini-degistirecek\/"},"wordCount":236,"commentCount":0,"publisher":{"@id":"http:\/\/atif.unaldi.org\/blog\/#\/schema\/person\/608ed42ecbda2bc5cfdb767ac1db479b"},"image":{"@id":"http:\/\/atif.unaldi.org\/blog\/2009\/03\/02\/cebit-bu-yil-kriz-havasini-degistirecek\/#primaryimage"},"thumbnailUrl":"http:\/\/aksamnetizen.files.wordpress.com\/2009\/03\/cebit2009.jpg","articleSection":["Blogum"],"inLanguage":"tr","potentialAction":[{"@type":"CommentAction","name":"Comment","target":["http:\/\/atif.unaldi.org\/blog\/2009\/03\/02\/cebit-bu-yil-kriz-havasini-degistirecek\/#respond"]}]},{"@type":"WebPage","@id":"http:\/\/atif.unaldi.org\/blog\/2009\/03\/02\/cebit-bu-yil-kriz-havasini-degistirecek\/","url":"http:\/\/atif.unaldi.org\/blog\/2009\/03\/02\/cebit-bu-yil-kriz-havasini-degistirecek\/","name":"CEBIT, bu y\u0131l kriz havas\u0131n\u0131 de\u011fi\u015ftirecek - At\u0131f \u00dcnald\u0131","isPartOf":{"@id":"http:\/\/atif.unaldi.org\/blog\/#website"},"primaryImageOfPage":{"@id":"http:\/\/atif.unaldi.org\/blog\/2009\/03\/02\/cebit-bu-yil-kriz-havasini-degistirecek\/#primaryimage"},"image":{"@id":"http:\/\/atif.unaldi.org\/blog\/2009\/03\/02\/cebit-bu-yil-kriz-havasini-degistirecek\/#primaryimage"},"thumbnailUrl":"http:\/\/aksamnetizen.files.wordpress.com\/2009\/03\/cebit2009.jpg","datePublished":"2009-03-02T13:20:39+00:00","breadcrumb":{"@id":"http:\/\/atif.unaldi.org\/blog\/2009\/03\/02\/cebit-bu-yil-kriz-havasini-degistirecek\/#breadcrumb"},"inLanguage":"tr","potentialAction":[{"@type":"ReadAction","target":["http:\/\/atif.unaldi.org\/blog\/2009\/03\/02\/cebit-bu-yil-kriz-havasini-degistirecek\/"]}]},{"@type":"ImageObject","inLanguage":"tr","@id":"http:\/\/atif.unaldi.org\/blog\/2009\/03\/02\/cebit-bu-yil-kriz-havasini-degistirecek\/#primaryimage","url":"http:\/\/aksamnetizen.files.wordpress.com\/2009\/03\/cebit2009.jpg","contentUrl":"http:\/\/aksamnetizen.files.wordpress.com\/2009\/03\/cebit2009.jpg"},{"@type":"BreadcrumbList","@id":"http:\/\/atif.unaldi.org\/blog\/2009\/03\/02\/cebit-bu-yil-kriz-havasini-degistirecek\/#breadcrumb","itemListElement":[{"@type":"ListItem","position":1,"name":"Anasayfa","item":"http:\/\/atif.unaldi.org\/blog\/"},{"@type":"ListItem","position":2,"name":"CEBIT, bu y\u0131l kriz havas\u0131n\u0131 de\u011fi\u015ftirecek"}]},{"@type":"WebSite","@id":"http:\/\/atif.unaldi.org\/blog\/#website","url":"http:\/\/atif.unaldi.org\/blog\/","name":"At\u0131f \u00dcnald\u0131","description":"Yazar","publisher":{"@id":"http:\/\/atif.unaldi.org\/blog\/#\/schema\/person\/608ed42ecbda2bc5cfdb767ac1db479b"},"alternateName":"At\u0131f \u00dcnald\u0131 Blog","potentialAction":[{"@type":"SearchAction","target":{"@type":"EntryPoint","urlTemplate":"http:\/\/atif.unaldi.org\/blog\/?s={search_term_string}"},"query-input":{"@type":"PropertyValueSpecification","valueRequired":true,"valueName":"search_term_string"}}],"inLanguage":"tr"},{"@type":["Person","Organization"],"@id":"http:\/\/atif.unaldi.org\/blog\/#\/schema\/person\/608ed42ecbda2bc5cfdb767ac1db479b","name":"Atif Unaldi","image":{"@type":"ImageObject","inLanguage":"tr","@id":"http:\/\/atif.unaldi.org\/blog\/#\/schema\/person\/image\/","url":"http:\/\/atif.unaldi.org\/blog\/wp-content\/uploads\/2022\/10\/cropped-a94e8f7a-67c4-4d65-8a5f-032ba784be53-2.jpg","contentUrl":"http:\/\/atif.unaldi.org\/blog\/wp-content\/uploads\/2022\/10\/cropped-a94e8f7a-67c4-4d65-8a5f-032ba784be53-2.jpg","width":512,"height":512,"caption":"Atif Unaldi"},"logo":{"@id":"http:\/\/atif.unaldi.org\/blog\/#\/schema\/person\/image\/"},"description":"Bo\u011fazi\u00e7i \u00dcniversitesinde Fizik B\u00f6l\u00fcm\u00fc\u2019nde e\u011fitim ald\u0131\u011f\u0131 y\u0131llarda T\u00fcrkiye\u2019de ilk kez iki bilgisayar\u0131 telefon hatlar\u0131 \u00fczerinden konu\u015fturan BBS sistemini kurarak, T\u00fcrkiye\u2019deki ilk internet a\u011f\u0131n\u0131 olu\u015fturmu\u015ftur. Bir \u00e7ok radyo ve televizyonda program yap\u0131mc\u0131l\u0131\u011f\u0131 ve sunuculu\u011funu, bir \u00e7ok teknoloji dergisinde k\u00f6\u015fe yazarl\u0131\u011f\u0131, bili\u015fim edit\u00f6rl\u00fc\u011f\u00fc ve genel yay\u0131n y\u00f6netmenli\u011fi yapt\u0131. T\u00fcrkiye\u2019deki ilk internet servis sa\u011flay\u0131c\u0131s\u0131n\u0131n genel m\u00fcd\u00fcrl\u00fc\u011f\u00fcn\u00fc \u00fcstlendi. Bir \u00e7ok organizasyon ve kurulu\u015fta internet s\u00fcperviz\u00f6rl\u00fc\u011f\u00fc , webmaster\u2019l\u0131\u011f\u0131 , IT direkt\u00f6rl\u00fc\u011f\u00fc ve dijital projeler koordinat\u00f6rl\u00fc\u011f\u00fc g\u00f6revlerinde bulundu. Farkl\u0131 \u00fcniversitelerin farkl\u0131 fak\u00fcltelerinde \u00f6\u011fretim g\u00f6revlisi olarak bulunmu\u015f olan \u00dcnald\u0131; \u015fu an teknoloji ve pazarlama konular\u0131 ba\u015fta olmak \u00fczere bir\u00e7ok alanda hizmet veren Unaldi Consultancy\u2019nin kurucusudur. \u2028Selin \u00dcnald\u0131 ile evlidir. Su ve Toprak isminde iki \u00e7ocu\u011fu vard\u0131r.","sameAs":["http:\/\/atif.unaldi.org\/blog","https:\/\/www.facebook.com\/atifunaldi","https:\/\/www.instagram.com\/atifunaldi\/","https:\/\/www.linkedin.com\/in\/atifunaldi","https:\/\/x.com\/https:\/\/twitter.com\/atifunaldi","https:\/\/www.youtube.com\/c\/atifunaldi","https:\/\/soundcloud.com\/atif-unaldi","https:\/\/atifunaldi.tumblr.com"],"url":"http:\/\/atif.unaldi.org\/blog\/author\/atifunaldi\/"}]}},"jetpack_featured_media_url":"","_links":{"self":[{"href":"http:\/\/atif.unaldi.org\/blog\/wp-json\/wp\/v2\/posts\/758","targetHints":{"allow":["GET"]}}],"collection":[{"href":"http:\/\/atif.unaldi.org\/blog\/wp-json\/wp\/v2\/posts"}],"about":[{"href":"http:\/\/atif.unaldi.org\/blog\/wp-json\/wp\/v2\/types\/post"}],"author":[{"embeddable":true,"href":"http:\/\/atif.unaldi.org\/blog\/wp-json\/wp\/v2\/users\/2"}],"replies":[{"embeddable":true,"href":"http:\/\/atif.unaldi.org\/blog\/wp-json\/wp\/v2\/comments?post=758"}],"version-history":[{"count":0,"href":"http:\/\/atif.unaldi.org\/blog\/wp-json\/wp\/v2\/posts\/758\/revisions"}],"wp:attachment":[{"href":"http:\/\/atif.unaldi.org\/blog\/wp-json\/wp\/v2\/media?parent=758"}],"wp:term":[{"taxonomy":"category","embeddable":true,"href":"http:\/\/atif.unaldi.org\/blog\/wp-json\/wp\/v2\/categories?post=758"},{"taxonomy":"post_tag","embeddable":true,"href":"http:\/\/atif.unaldi.org\/blog\/wp-json\/wp\/v2\/tags?post=758"}],"curies":[{"name":"wp","href":"https:\/\/api.w.org\/{rel}","templated":true}]}}