{"id":759,"date":"2009-03-02T13:50:42","date_gmt":"2009-03-02T13:50:42","guid":{"rendered":"http:\/\/aksamnetizen.wordpress.com\/?p=373"},"modified":"2009-03-02T13:50:42","modified_gmt":"2009-03-02T13:50:42","slug":"afet-bilgi-ve-iletisim-sistemi-mayista-devrede","status":"publish","type":"post","link":"http:\/\/atif.unaldi.org\/blog\/2009\/03\/02\/afet-bilgi-ve-iletisim-sistemi-mayista-devrede\/","title":{"rendered":"Afet Bilgi ve \u0130leti\u015fim Sistemi may\u0131sta devrede"},"content":{"rendered":"<p style=\"text-align:justify;\"><img loading=\"lazy\" decoding=\"async\" class=\"alignleft size-full wp-image-378\" title=\"afet-bilgi-sistemi\" src=\"http:\/\/aksamnetizen.files.wordpress.com\/2009\/03\/afet-bilgi-sistemi.jpg\" alt=\"afet-bilgi-sistemi\" width=\"182\" height=\"145\" \/>T\u00fcrkiye&#8217;de meydana gelen afetlere ili\u015fkin verileri, elektronik ortamda t\u00fcm kullan\u0131c\u0131lara sunmay\u0131 \u00f6ng\u00f6ren &#8221;Afet Bilgi ve \u0130leti\u015fim Sistemi (AB\u0130S)&#8221;, May\u0131s ay\u0131nda hizmete giriyor. <!--more-->D\u0131\u015f kaynak destekle 2007 y\u0131l\u0131nda ba\u015flayan projede son a\u015famaya gelindi. Proje kapsam\u0131nda daha \u00f6nce altyap\u0131y\u0131 sa\u011flamaya y\u00f6nelik &#8221;Afet Envanteri Veri Toplama ve De\u011ferlendirme Sistemi&#8221;, &#8221;T\u00fcrkiye Ulusal Afet Ar\u015fiv Bilgi Sistemi&#8221; ve araziden veri aktar\u0131m\u0131 sa\u011flayan &#8221;Haberle\u015fme Sistemi&#8221; hayata ge\u00e7irilmi\u015fti.<\/p>\n<p style=\"text-align:justify;\">AB\u0130S, Afet \u0130\u015fleri Genel M\u00fcd\u00fcrl\u00fc\u011f\u00fc b\u00fcnyesinde afet konusunda yap\u0131lan \u00e7al\u0131\u015fmalar\u0131n otomasyonunu da kapsayacak.\u00a0Sistem, ilk afet haberi genel m\u00fcd\u00fcrl\u00fc\u011fe ula\u015ft\u0131\u011f\u0131 andan itibaren devreye giren t\u00fcm arazi ve b\u00fcro \u00e7al\u0131\u015fmalar\u0131nda yer alacak. AB\u0130S&#8217;te araziye giden elemanlar\u0131n veri giri\u015fi, de\u011ferlendirmesi ve merkeze veri aktar\u0131m\u0131 sa\u011flayacak her t\u00fcrl\u00fc teknik altyap\u0131 bulunacak. Meydana gelmi\u015f t\u00fcm afet olaylar\u0131na ili\u015fkin verilerin topland\u0131\u011f\u0131 sistemden geli\u015fmeler de aktar\u0131lacak.<\/p>\n<p style=\"text-align:justify;\">Afet \u0130\u015fleri Genel M\u00fcd\u00fcr\u00fc Mustafa Taymaz, proje \u00e7er\u00e7evesinde T\u00fcrkiye&#8217;nin deprem, sel, heyelan, \u00e7\u0131\u011f d\u00fc\u015fmesi gibi s\u0131k g\u00f6r\u00fclen do\u011fal afetler konusundaki deneyimleri, sonu\u00e7lar\u0131, ula\u015f\u0131labilen belgeleri, g\u00f6r\u00fcnt\u00fcleri ve analiz yapmaya y\u00f6nelik istatistiksel verilerini elektronik ortama aktard\u0131klar\u0131n\u0131 belirtti. \u0130nternet sayfas\u0131n\u0131n t\u00fcm vatanda\u015flar\u0131n kullan\u0131m\u0131na a\u00e7\u0131k olaca\u011f\u0131n\u0131 ifade eden Taymaz, sayfada yer alacak arama motoruyla afet t\u00fcr\u00fc, yeri ve tarihine g\u00f6re sorgulama yap\u0131labilece\u011fini ifade etti. Taymaz, afet hasarlar\u0131nda yanl\u0131\u015f yer se\u00e7iminin \u00f6nemli rol oynad\u0131\u011f\u0131n\u0131 ve t\u00fcm y\u00f6neticilerin afet risklerini g\u00f6zeterek yerle\u015fim yeri se\u00e7imi yapmas\u0131, imar plan\u0131 haz\u0131rlamas\u0131 gerekti\u011fine dikkat \u00e7ekti.<\/p>\n<p style=\"text-align:justify;\">T\u00fcrkiye&#8217;de\u00a0her y\u0131l ortalama 1000 ki\u015fi\u00a0afetlerde ya\u015fam\u0131n\u0131 yitiriyor. \u00d6l\u00e7\u00fclebilir kay\u0131plar ise,\u00a0son 10 y\u0131lda 18 milyar dolar.<\/p>\n","protected":false},"excerpt":{"rendered":"<p>T\u00fcrkiye&#8217;de meydana gelen afetlere ili\u015fkin verileri, elektronik ortamda t\u00fcm kullan\u0131c\u0131lara sunmay\u0131 \u00f6ng\u00f6ren &#8221;Afet Bilgi ve \u0130leti\u015fim Sistemi (AB\u0130S)&#8221;, May\u0131s ay\u0131nda hizmete giriyor.<\/p>\n","protected":false},"author":2,"featured_media":0,"comment_status":"open","ping_status":"open","sticky":false,"template":"","format":"standard","meta":{"footnotes":""},"categories":[3],"tags":[],"class_list":["post-759","post","type-post","status-publish","format-standard","hentry","category-blogum"],"yoast_head":"<!-- This site is optimized with the Yoast SEO plugin v26.8 - https:\/\/yoast.com\/product\/yoast-seo-wordpress\/ -->\n<title>Afet Bilgi ve \u0130leti\u015fim Sistemi may\u0131sta devrede - At\u0131f \u00dcnald\u0131<\/title>\n<meta name=\"robots\" content=\"index, follow, max-snippet:-1, max-image-preview:large, max-video-preview:-1\" \/>\n<link rel=\"canonical\" href=\"http:\/\/atif.unaldi.org\/blog\/2009\/03\/02\/afet-bilgi-ve-iletisim-sistemi-mayista-devrede\/\" \/>\n<meta property=\"og:locale\" content=\"tr_TR\" \/>\n<meta property=\"og:type\" content=\"article\" \/>\n<meta property=\"og:title\" content=\"Afet Bilgi ve \u0130leti\u015fim Sistemi may\u0131sta devrede - At\u0131f \u00dcnald\u0131\" \/>\n<meta property=\"og:description\" content=\"T\u00fcrkiye&#8217;de meydana gelen afetlere ili\u015fkin verileri, elektronik ortamda t\u00fcm kullan\u0131c\u0131lara sunmay\u0131 \u00f6ng\u00f6ren &#8221;Afet Bilgi ve \u0130leti\u015fim Sistemi (AB\u0130S)&#8221;, May\u0131s ay\u0131nda hizmete giriyor.\" \/>\n<meta property=\"og:url\" content=\"http:\/\/atif.unaldi.org\/blog\/2009\/03\/02\/afet-bilgi-ve-iletisim-sistemi-mayista-devrede\/\" \/>\n<meta property=\"og:site_name\" content=\"At\u0131f \u00dcnald\u0131\" \/>\n<meta property=\"article:publisher\" content=\"https:\/\/www.facebook.com\/atifunaldi\" \/>\n<meta property=\"article:author\" content=\"https:\/\/www.facebook.com\/atifunaldi\" \/>\n<meta property=\"article:published_time\" content=\"2009-03-02T13:50:42+00:00\" \/>\n<meta property=\"og:image\" content=\"http:\/\/aksamnetizen.files.wordpress.com\/2009\/03\/afet-bilgi-sistemi.jpg\" \/>\n<meta name=\"author\" content=\"Atif Unaldi\" \/>\n<meta name=\"twitter:card\" content=\"summary_large_image\" \/>\n<meta name=\"twitter:creator\" content=\"@https:\/\/twitter.com\/atifunaldi\" \/>\n<meta name=\"twitter:site\" content=\"@atifunaldi\" \/>\n<meta name=\"twitter:label1\" content=\"Yazan:\" \/>\n\t<meta name=\"twitter:data1\" content=\"Atif Unaldi\" \/>\n\t<meta name=\"twitter:label2\" content=\"Tahmini okuma s\u00fcresi\" \/>\n\t<meta name=\"twitter:data2\" content=\"2 dakika\" \/>\n<script type=\"application\/ld+json\" class=\"yoast-schema-graph\">{\"@context\":\"https:\/\/schema.org\",\"@graph\":[{\"@type\":\"Article\",\"@id\":\"http:\/\/atif.unaldi.org\/blog\/2009\/03\/02\/afet-bilgi-ve-iletisim-sistemi-mayista-devrede\/#article\",\"isPartOf\":{\"@id\":\"http:\/\/atif.unaldi.org\/blog\/2009\/03\/02\/afet-bilgi-ve-iletisim-sistemi-mayista-devrede\/\"},\"author\":{\"name\":\"Atif Unaldi\",\"@id\":\"http:\/\/atif.unaldi.org\/blog\/#\/schema\/person\/608ed42ecbda2bc5cfdb767ac1db479b\"},\"headline\":\"Afet Bilgi ve \u0130leti\u015fim Sistemi may\u0131sta devrede\",\"datePublished\":\"2009-03-02T13:50:42+00:00\",\"mainEntityOfPage\":{\"@id\":\"http:\/\/atif.unaldi.org\/blog\/2009\/03\/02\/afet-bilgi-ve-iletisim-sistemi-mayista-devrede\/\"},\"wordCount\":330,\"commentCount\":0,\"publisher\":{\"@id\":\"http:\/\/atif.unaldi.org\/blog\/#\/schema\/person\/608ed42ecbda2bc5cfdb767ac1db479b\"},\"image\":{\"@id\":\"http:\/\/atif.unaldi.org\/blog\/2009\/03\/02\/afet-bilgi-ve-iletisim-sistemi-mayista-devrede\/#primaryimage\"},\"thumbnailUrl\":\"http:\/\/aksamnetizen.files.wordpress.com\/2009\/03\/afet-bilgi-sistemi.jpg\",\"articleSection\":[\"Blogum\"],\"inLanguage\":\"tr\",\"potentialAction\":[{\"@type\":\"CommentAction\",\"name\":\"Comment\",\"target\":[\"http:\/\/atif.unaldi.org\/blog\/2009\/03\/02\/afet-bilgi-ve-iletisim-sistemi-mayista-devrede\/#respond\"]}]},{\"@type\":\"WebPage\",\"@id\":\"http:\/\/atif.unaldi.org\/blog\/2009\/03\/02\/afet-bilgi-ve-iletisim-sistemi-mayista-devrede\/\",\"url\":\"http:\/\/atif.unaldi.org\/blog\/2009\/03\/02\/afet-bilgi-ve-iletisim-sistemi-mayista-devrede\/\",\"name\":\"Afet Bilgi ve \u0130leti\u015fim Sistemi may\u0131sta devrede - At\u0131f \u00dcnald\u0131\",\"isPartOf\":{\"@id\":\"http:\/\/atif.unaldi.org\/blog\/#website\"},\"primaryImageOfPage\":{\"@id\":\"http:\/\/atif.unaldi.org\/blog\/2009\/03\/02\/afet-bilgi-ve-iletisim-sistemi-mayista-devrede\/#primaryimage\"},\"image\":{\"@id\":\"http:\/\/atif.unaldi.org\/blog\/2009\/03\/02\/afet-bilgi-ve-iletisim-sistemi-mayista-devrede\/#primaryimage\"},\"thumbnailUrl\":\"http:\/\/aksamnetizen.files.wordpress.com\/2009\/03\/afet-bilgi-sistemi.jpg\",\"datePublished\":\"2009-03-02T13:50:42+00:00\",\"breadcrumb\":{\"@id\":\"http:\/\/atif.unaldi.org\/blog\/2009\/03\/02\/afet-bilgi-ve-iletisim-sistemi-mayista-devrede\/#breadcrumb\"},\"inLanguage\":\"tr\",\"potentialAction\":[{\"@type\":\"ReadAction\",\"target\":[\"http:\/\/atif.unaldi.org\/blog\/2009\/03\/02\/afet-bilgi-ve-iletisim-sistemi-mayista-devrede\/\"]}]},{\"@type\":\"ImageObject\",\"inLanguage\":\"tr\",\"@id\":\"http:\/\/atif.unaldi.org\/blog\/2009\/03\/02\/afet-bilgi-ve-iletisim-sistemi-mayista-devrede\/#primaryimage\",\"url\":\"http:\/\/aksamnetizen.files.wordpress.com\/2009\/03\/afet-bilgi-sistemi.jpg\",\"contentUrl\":\"http:\/\/aksamnetizen.files.wordpress.com\/2009\/03\/afet-bilgi-sistemi.jpg\"},{\"@type\":\"BreadcrumbList\",\"@id\":\"http:\/\/atif.unaldi.org\/blog\/2009\/03\/02\/afet-bilgi-ve-iletisim-sistemi-mayista-devrede\/#breadcrumb\",\"itemListElement\":[{\"@type\":\"ListItem\",\"position\":1,\"name\":\"Anasayfa\",\"item\":\"http:\/\/atif.unaldi.org\/blog\/\"},{\"@type\":\"ListItem\",\"position\":2,\"name\":\"Afet Bilgi ve \u0130leti\u015fim Sistemi may\u0131sta devrede\"}]},{\"@type\":\"WebSite\",\"@id\":\"http:\/\/atif.unaldi.org\/blog\/#website\",\"url\":\"http:\/\/atif.unaldi.org\/blog\/\",\"name\":\"At\u0131f \u00dcnald\u0131\",\"description\":\"Yazar\",\"publisher\":{\"@id\":\"http:\/\/atif.unaldi.org\/blog\/#\/schema\/person\/608ed42ecbda2bc5cfdb767ac1db479b\"},\"alternateName\":\"At\u0131f \u00dcnald\u0131 Blog\",\"potentialAction\":[{\"@type\":\"SearchAction\",\"target\":{\"@type\":\"EntryPoint\",\"urlTemplate\":\"http:\/\/atif.unaldi.org\/blog\/?s={search_term_string}\"},\"query-input\":{\"@type\":\"PropertyValueSpecification\",\"valueRequired\":true,\"valueName\":\"search_term_string\"}}],\"inLanguage\":\"tr\"},{\"@type\":[\"Person\",\"Organization\"],\"@id\":\"http:\/\/atif.unaldi.org\/blog\/#\/schema\/person\/608ed42ecbda2bc5cfdb767ac1db479b\",\"name\":\"Atif Unaldi\",\"image\":{\"@type\":\"ImageObject\",\"inLanguage\":\"tr\",\"@id\":\"http:\/\/atif.unaldi.org\/blog\/#\/schema\/person\/image\/\",\"url\":\"http:\/\/atif.unaldi.org\/blog\/wp-content\/uploads\/2022\/10\/cropped-a94e8f7a-67c4-4d65-8a5f-032ba784be53-2.jpg\",\"contentUrl\":\"http:\/\/atif.unaldi.org\/blog\/wp-content\/uploads\/2022\/10\/cropped-a94e8f7a-67c4-4d65-8a5f-032ba784be53-2.jpg\",\"width\":512,\"height\":512,\"caption\":\"Atif Unaldi\"},\"logo\":{\"@id\":\"http:\/\/atif.unaldi.org\/blog\/#\/schema\/person\/image\/\"},\"description\":\"Bo\u011fazi\u00e7i \u00dcniversitesinde Fizik B\u00f6l\u00fcm\u00fc\u2019nde e\u011fitim ald\u0131\u011f\u0131 y\u0131llarda T\u00fcrkiye\u2019de ilk kez iki bilgisayar\u0131 telefon hatlar\u0131 \u00fczerinden konu\u015fturan BBS sistemini kurarak, T\u00fcrkiye\u2019deki ilk internet a\u011f\u0131n\u0131 olu\u015fturmu\u015ftur. Bir \u00e7ok radyo ve televizyonda program yap\u0131mc\u0131l\u0131\u011f\u0131 ve sunuculu\u011funu, bir \u00e7ok teknoloji dergisinde k\u00f6\u015fe yazarl\u0131\u011f\u0131, bili\u015fim edit\u00f6rl\u00fc\u011f\u00fc ve genel yay\u0131n y\u00f6netmenli\u011fi yapt\u0131. T\u00fcrkiye\u2019deki ilk internet servis sa\u011flay\u0131c\u0131s\u0131n\u0131n genel m\u00fcd\u00fcrl\u00fc\u011f\u00fcn\u00fc \u00fcstlendi. Bir \u00e7ok organizasyon ve kurulu\u015fta internet s\u00fcperviz\u00f6rl\u00fc\u011f\u00fc , webmaster\u2019l\u0131\u011f\u0131 , IT direkt\u00f6rl\u00fc\u011f\u00fc ve dijital projeler koordinat\u00f6rl\u00fc\u011f\u00fc g\u00f6revlerinde bulundu. Farkl\u0131 \u00fcniversitelerin farkl\u0131 fak\u00fcltelerinde \u00f6\u011fretim g\u00f6revlisi olarak bulunmu\u015f olan \u00dcnald\u0131; \u015fu an teknoloji ve pazarlama konular\u0131 ba\u015fta olmak \u00fczere bir\u00e7ok alanda hizmet veren Unaldi Consultancy\u2019nin kurucusudur. \\u2028Selin \u00dcnald\u0131 ile evlidir. Su ve Toprak isminde iki \u00e7ocu\u011fu vard\u0131r.\",\"sameAs\":[\"http:\/\/atif.unaldi.org\/blog\",\"https:\/\/www.facebook.com\/atifunaldi\",\"https:\/\/www.instagram.com\/atifunaldi\/\",\"https:\/\/www.linkedin.com\/in\/atifunaldi\",\"https:\/\/x.com\/https:\/\/twitter.com\/atifunaldi\",\"https:\/\/www.youtube.com\/c\/atifunaldi\",\"https:\/\/soundcloud.com\/atif-unaldi\",\"https:\/\/atifunaldi.tumblr.com\"],\"url\":\"http:\/\/atif.unaldi.org\/blog\/author\/atifunaldi\/\"}]}<\/script>\n<!-- \/ Yoast SEO plugin. -->","yoast_head_json":{"title":"Afet Bilgi ve \u0130leti\u015fim Sistemi may\u0131sta devrede - At\u0131f \u00dcnald\u0131","robots":{"index":"index","follow":"follow","max-snippet":"max-snippet:-1","max-image-preview":"max-image-preview:large","max-video-preview":"max-video-preview:-1"},"canonical":"http:\/\/atif.unaldi.org\/blog\/2009\/03\/02\/afet-bilgi-ve-iletisim-sistemi-mayista-devrede\/","og_locale":"tr_TR","og_type":"article","og_title":"Afet Bilgi ve \u0130leti\u015fim Sistemi may\u0131sta devrede - At\u0131f \u00dcnald\u0131","og_description":"T\u00fcrkiye&#8217;de meydana gelen afetlere ili\u015fkin verileri, elektronik ortamda t\u00fcm kullan\u0131c\u0131lara sunmay\u0131 \u00f6ng\u00f6ren &#8221;Afet Bilgi ve \u0130leti\u015fim Sistemi (AB\u0130S)&#8221;, May\u0131s ay\u0131nda hizmete giriyor.","og_url":"http:\/\/atif.unaldi.org\/blog\/2009\/03\/02\/afet-bilgi-ve-iletisim-sistemi-mayista-devrede\/","og_site_name":"At\u0131f \u00dcnald\u0131","article_publisher":"https:\/\/www.facebook.com\/atifunaldi","article_author":"https:\/\/www.facebook.com\/atifunaldi","article_published_time":"2009-03-02T13:50:42+00:00","og_image":[{"url":"http:\/\/aksamnetizen.files.wordpress.com\/2009\/03\/afet-bilgi-sistemi.jpg","type":"","width":"","height":""}],"author":"Atif Unaldi","twitter_card":"summary_large_image","twitter_creator":"@https:\/\/twitter.com\/atifunaldi","twitter_site":"@atifunaldi","twitter_misc":{"Yazan:":"Atif Unaldi","Tahmini okuma s\u00fcresi":"2 dakika"},"schema":{"@context":"https:\/\/schema.org","@graph":[{"@type":"Article","@id":"http:\/\/atif.unaldi.org\/blog\/2009\/03\/02\/afet-bilgi-ve-iletisim-sistemi-mayista-devrede\/#article","isPartOf":{"@id":"http:\/\/atif.unaldi.org\/blog\/2009\/03\/02\/afet-bilgi-ve-iletisim-sistemi-mayista-devrede\/"},"author":{"name":"Atif Unaldi","@id":"http:\/\/atif.unaldi.org\/blog\/#\/schema\/person\/608ed42ecbda2bc5cfdb767ac1db479b"},"headline":"Afet Bilgi ve \u0130leti\u015fim Sistemi may\u0131sta devrede","datePublished":"2009-03-02T13:50:42+00:00","mainEntityOfPage":{"@id":"http:\/\/atif.unaldi.org\/blog\/2009\/03\/02\/afet-bilgi-ve-iletisim-sistemi-mayista-devrede\/"},"wordCount":330,"commentCount":0,"publisher":{"@id":"http:\/\/atif.unaldi.org\/blog\/#\/schema\/person\/608ed42ecbda2bc5cfdb767ac1db479b"},"image":{"@id":"http:\/\/atif.unaldi.org\/blog\/2009\/03\/02\/afet-bilgi-ve-iletisim-sistemi-mayista-devrede\/#primaryimage"},"thumbnailUrl":"http:\/\/aksamnetizen.files.wordpress.com\/2009\/03\/afet-bilgi-sistemi.jpg","articleSection":["Blogum"],"inLanguage":"tr","potentialAction":[{"@type":"CommentAction","name":"Comment","target":["http:\/\/atif.unaldi.org\/blog\/2009\/03\/02\/afet-bilgi-ve-iletisim-sistemi-mayista-devrede\/#respond"]}]},{"@type":"WebPage","@id":"http:\/\/atif.unaldi.org\/blog\/2009\/03\/02\/afet-bilgi-ve-iletisim-sistemi-mayista-devrede\/","url":"http:\/\/atif.unaldi.org\/blog\/2009\/03\/02\/afet-bilgi-ve-iletisim-sistemi-mayista-devrede\/","name":"Afet Bilgi ve \u0130leti\u015fim Sistemi may\u0131sta devrede - At\u0131f \u00dcnald\u0131","isPartOf":{"@id":"http:\/\/atif.unaldi.org\/blog\/#website"},"primaryImageOfPage":{"@id":"http:\/\/atif.unaldi.org\/blog\/2009\/03\/02\/afet-bilgi-ve-iletisim-sistemi-mayista-devrede\/#primaryimage"},"image":{"@id":"http:\/\/atif.unaldi.org\/blog\/2009\/03\/02\/afet-bilgi-ve-iletisim-sistemi-mayista-devrede\/#primaryimage"},"thumbnailUrl":"http:\/\/aksamnetizen.files.wordpress.com\/2009\/03\/afet-bilgi-sistemi.jpg","datePublished":"2009-03-02T13:50:42+00:00","breadcrumb":{"@id":"http:\/\/atif.unaldi.org\/blog\/2009\/03\/02\/afet-bilgi-ve-iletisim-sistemi-mayista-devrede\/#breadcrumb"},"inLanguage":"tr","potentialAction":[{"@type":"ReadAction","target":["http:\/\/atif.unaldi.org\/blog\/2009\/03\/02\/afet-bilgi-ve-iletisim-sistemi-mayista-devrede\/"]}]},{"@type":"ImageObject","inLanguage":"tr","@id":"http:\/\/atif.unaldi.org\/blog\/2009\/03\/02\/afet-bilgi-ve-iletisim-sistemi-mayista-devrede\/#primaryimage","url":"http:\/\/aksamnetizen.files.wordpress.com\/2009\/03\/afet-bilgi-sistemi.jpg","contentUrl":"http:\/\/aksamnetizen.files.wordpress.com\/2009\/03\/afet-bilgi-sistemi.jpg"},{"@type":"BreadcrumbList","@id":"http:\/\/atif.unaldi.org\/blog\/2009\/03\/02\/afet-bilgi-ve-iletisim-sistemi-mayista-devrede\/#breadcrumb","itemListElement":[{"@type":"ListItem","position":1,"name":"Anasayfa","item":"http:\/\/atif.unaldi.org\/blog\/"},{"@type":"ListItem","position":2,"name":"Afet Bilgi ve \u0130leti\u015fim Sistemi may\u0131sta devrede"}]},{"@type":"WebSite","@id":"http:\/\/atif.unaldi.org\/blog\/#website","url":"http:\/\/atif.unaldi.org\/blog\/","name":"At\u0131f \u00dcnald\u0131","description":"Yazar","publisher":{"@id":"http:\/\/atif.unaldi.org\/blog\/#\/schema\/person\/608ed42ecbda2bc5cfdb767ac1db479b"},"alternateName":"At\u0131f \u00dcnald\u0131 Blog","potentialAction":[{"@type":"SearchAction","target":{"@type":"EntryPoint","urlTemplate":"http:\/\/atif.unaldi.org\/blog\/?s={search_term_string}"},"query-input":{"@type":"PropertyValueSpecification","valueRequired":true,"valueName":"search_term_string"}}],"inLanguage":"tr"},{"@type":["Person","Organization"],"@id":"http:\/\/atif.unaldi.org\/blog\/#\/schema\/person\/608ed42ecbda2bc5cfdb767ac1db479b","name":"Atif Unaldi","image":{"@type":"ImageObject","inLanguage":"tr","@id":"http:\/\/atif.unaldi.org\/blog\/#\/schema\/person\/image\/","url":"http:\/\/atif.unaldi.org\/blog\/wp-content\/uploads\/2022\/10\/cropped-a94e8f7a-67c4-4d65-8a5f-032ba784be53-2.jpg","contentUrl":"http:\/\/atif.unaldi.org\/blog\/wp-content\/uploads\/2022\/10\/cropped-a94e8f7a-67c4-4d65-8a5f-032ba784be53-2.jpg","width":512,"height":512,"caption":"Atif Unaldi"},"logo":{"@id":"http:\/\/atif.unaldi.org\/blog\/#\/schema\/person\/image\/"},"description":"Bo\u011fazi\u00e7i \u00dcniversitesinde Fizik B\u00f6l\u00fcm\u00fc\u2019nde e\u011fitim ald\u0131\u011f\u0131 y\u0131llarda T\u00fcrkiye\u2019de ilk kez iki bilgisayar\u0131 telefon hatlar\u0131 \u00fczerinden konu\u015fturan BBS sistemini kurarak, T\u00fcrkiye\u2019deki ilk internet a\u011f\u0131n\u0131 olu\u015fturmu\u015ftur. Bir \u00e7ok radyo ve televizyonda program yap\u0131mc\u0131l\u0131\u011f\u0131 ve sunuculu\u011funu, bir \u00e7ok teknoloji dergisinde k\u00f6\u015fe yazarl\u0131\u011f\u0131, bili\u015fim edit\u00f6rl\u00fc\u011f\u00fc ve genel yay\u0131n y\u00f6netmenli\u011fi yapt\u0131. T\u00fcrkiye\u2019deki ilk internet servis sa\u011flay\u0131c\u0131s\u0131n\u0131n genel m\u00fcd\u00fcrl\u00fc\u011f\u00fcn\u00fc \u00fcstlendi. Bir \u00e7ok organizasyon ve kurulu\u015fta internet s\u00fcperviz\u00f6rl\u00fc\u011f\u00fc , webmaster\u2019l\u0131\u011f\u0131 , IT direkt\u00f6rl\u00fc\u011f\u00fc ve dijital projeler koordinat\u00f6rl\u00fc\u011f\u00fc g\u00f6revlerinde bulundu. Farkl\u0131 \u00fcniversitelerin farkl\u0131 fak\u00fcltelerinde \u00f6\u011fretim g\u00f6revlisi olarak bulunmu\u015f olan \u00dcnald\u0131; \u015fu an teknoloji ve pazarlama konular\u0131 ba\u015fta olmak \u00fczere bir\u00e7ok alanda hizmet veren Unaldi Consultancy\u2019nin kurucusudur. \u2028Selin \u00dcnald\u0131 ile evlidir. Su ve Toprak isminde iki \u00e7ocu\u011fu vard\u0131r.","sameAs":["http:\/\/atif.unaldi.org\/blog","https:\/\/www.facebook.com\/atifunaldi","https:\/\/www.instagram.com\/atifunaldi\/","https:\/\/www.linkedin.com\/in\/atifunaldi","https:\/\/x.com\/https:\/\/twitter.com\/atifunaldi","https:\/\/www.youtube.com\/c\/atifunaldi","https:\/\/soundcloud.com\/atif-unaldi","https:\/\/atifunaldi.tumblr.com"],"url":"http:\/\/atif.unaldi.org\/blog\/author\/atifunaldi\/"}]}},"jetpack_featured_media_url":"","_links":{"self":[{"href":"http:\/\/atif.unaldi.org\/blog\/wp-json\/wp\/v2\/posts\/759","targetHints":{"allow":["GET"]}}],"collection":[{"href":"http:\/\/atif.unaldi.org\/blog\/wp-json\/wp\/v2\/posts"}],"about":[{"href":"http:\/\/atif.unaldi.org\/blog\/wp-json\/wp\/v2\/types\/post"}],"author":[{"embeddable":true,"href":"http:\/\/atif.unaldi.org\/blog\/wp-json\/wp\/v2\/users\/2"}],"replies":[{"embeddable":true,"href":"http:\/\/atif.unaldi.org\/blog\/wp-json\/wp\/v2\/comments?post=759"}],"version-history":[{"count":0,"href":"http:\/\/atif.unaldi.org\/blog\/wp-json\/wp\/v2\/posts\/759\/revisions"}],"wp:attachment":[{"href":"http:\/\/atif.unaldi.org\/blog\/wp-json\/wp\/v2\/media?parent=759"}],"wp:term":[{"taxonomy":"category","embeddable":true,"href":"http:\/\/atif.unaldi.org\/blog\/wp-json\/wp\/v2\/categories?post=759"},{"taxonomy":"post_tag","embeddable":true,"href":"http:\/\/atif.unaldi.org\/blog\/wp-json\/wp\/v2\/tags?post=759"}],"curies":[{"name":"wp","href":"https:\/\/api.w.org\/{rel}","templated":true}]}}