{"id":805,"date":"2009-03-20T13:04:12","date_gmt":"2009-03-20T13:04:12","guid":{"rendered":"http:\/\/aksamnetizen.wordpress.com\/?p=723"},"modified":"2009-03-20T13:04:12","modified_gmt":"2009-03-20T13:04:12","slug":"hp-turkiye-20-yilini-kutladi","status":"publish","type":"post","link":"http:\/\/atif.unaldi.org\/blog\/2009\/03\/20\/hp-turkiye-20-yilini-kutladi\/","title":{"rendered":"HP T\u00fcrkiye, 20&#8217;inci y\u0131l\u0131n\u0131 kutlad\u0131"},"content":{"rendered":"<p style=\"text-align:justify;\"><img loading=\"lazy\" decoding=\"async\" class=\"alignleft size-full wp-image-725\" title=\"hp-invent\" src=\"http:\/\/aksamnetizen.files.wordpress.com\/2009\/03\/hp-invent.jpg\" alt=\"hp-invent\" width=\"150\" height=\"114\" \/>HP T\u00fcrkiye,\u00a0d\u00fczenledi\u011fi 2009 HP \u0130\u015f Ortaklar\u0131 Toplant\u0131s\u0131&#8217;nda ba\u015far\u0131l\u0131 i\u015f ortaklar\u0131n\u0131 ve da\u011f\u0131t\u0131c\u0131lar\u0131n\u0131 \u00f6d\u00fcllendirdi. T\u00fcrkiye&#8217;deki 20. y\u0131l\u0131n\u0131 kutlayan HP T\u00fcrkiye bu kapsamda toplant\u0131da bulunan ve uzun y\u0131llard\u0131r birlikte \u00e7al\u0131\u015ft\u0131\u011f\u0131 i\u015f ortaklar\u0131na da 20.y\u0131l \u00f6d\u00fcl\u00fc verdi.<!--more--><\/p>\n<p style=\"text-align:justify;\">Ge\u00e7ti\u011fimizin y\u0131l\u0131n de\u011ferlendirildi\u011fi toplant\u0131da HP T\u00fcrkiye Genel M\u00fcd\u00fcr\u00fc Serdar Ur\u00e7ar, HP&#8217;nin 20 y\u0131ld\u0131r T\u00fcrkiye&#8217;de kanal ekosistemi ile \u00f6nemli bir fark yaratt\u0131\u011f\u0131n\u0131n alt\u0131n\u0131 \u00e7izerek, 2009 gibi zorlu ge\u00e7ecek bir y\u0131l i\u00e7in i\u015f ortaklar\u0131n\u0131n \u00f6zellikle karl\u0131l\u0131\u011fa odaklanmalar\u0131n\u0131 istedi ve \u015funlar\u0131 s\u00f6yledi: &#8220;Bu sene b\u00fcy\u00fcme konusunda b\u00fcy\u00fck hedeflerimiz yok ama amac\u0131m\u0131z pazar k\u00fc\u00e7\u00fclse bile o pazar i\u00e7indeki pay\u0131m\u0131z\u0131 art\u0131rarak, liderli\u011fimizi s\u00fcrd\u00fcrmek ve g\u00f6reli bir b\u00fcy\u00fcmeyi sa\u011flamak olmal\u0131d\u0131r.&#8221;<\/p>\n<p style=\"text-align:justify;\">\u00d6d\u00fcl t\u00f6reninde, HP ile uzun y\u0131llard\u0131r \u00e7al\u0131\u015fan Ahmet Acar, Esin Necef, Erdal Herg\u00fcner, Murat Boyla, Cem A\u015f\u0131k ve Haldun \u00c7at\u0131kka\u015f&#8217;a 20. y\u0131l rozeti verildi. Art\u0131k gelenekselle\u015fen Yetkili \u0130\u015f Ortaklar\u0131, Ba\u015far\u0131l\u0131 Da\u011f\u0131t\u0131c\u0131, Ba\u015far\u0131l\u0131 Servis \u0130\u015f Ortaklar\u0131 ve Perakende Kanal\u0131 \u00f6d\u00fclleri de sahiplerini buldu. Bu sene \u00f6d\u00fcl kazanan HP i\u015f ortaklar\u0131 ve da\u011f\u0131t\u0131c\u0131lar\u0131 \u015funlar:<\/p>\n<p><strong>Yetkili \u0130\u015f Ortaklar\u0131 \u00d6d\u00fclleri<\/strong><br \/>\nEn y\u00fcksek ciro yapan i\u015f orta\u011f\u0131: Proline<br \/>\nEn y\u00fcksek b\u00fcy\u00fcme g\u00f6steren i\u015f orta\u011f\u0131: Emobil<br \/>\nEn ba\u015far\u0131l\u0131 DMO i\u015f orta\u011f\u0131: 4S<br \/>\nEn ba\u015far\u0131l\u0131 b\u00f6lgesel i\u015f orta\u011f\u0131: Mega ve Ansa<br \/>\nDikey pazarda en ba\u015far\u0131l\u0131 i\u015f orta\u011f\u0131: Turkom ve Bilgi Sistemleri<br \/>\nKatma de\u011ferli \u00fcr\u00fcn sat\u0131\u015f\u0131nda en ba\u015far\u0131l\u0131 i\u015f orta\u011f\u0131 &#8211; IPG: Art\u0131 ve Art\u0131<br \/>\nKatma de\u011ferli \u00fcr\u00fcn sat\u0131\u015f\u0131nda en ba\u015far\u0131l\u0131 i\u015f orta\u011f\u0131 &#8211; TSG: Proline<br \/>\nEn y\u00fcksek aksesuar sat\u0131\u015f\u0131 yapan i\u015f orta\u011f\u0131 &#8211; PSG: Data Market<br \/>\nEn iyi sat\u0131c\u0131: Nihal Deniz<br \/>\nY\u0131l\u0131n projesi: Erzurum B\u00f6lge E\u011fitim ve Ara\u015ft\u0131rma Hastanesi \/ Birim<\/p>\n<p><strong>Da\u011f\u0131t\u0131c\u0131 \u00d6d\u00fclleri<\/strong><br \/>\nEn ba\u015far\u0131l\u0131 LSP: Index<br \/>\nEn ba\u015far\u0131l\u0131 CDP: Arena<br \/>\nEn ba\u015far\u0131l\u0131 b\u00f6lgesel da\u011f\u0131t\u0131c\u0131: Kare Bilgisayar<\/p>\n<p><strong>Servis Sa\u011flay\u0131c\u0131 \u00d6d\u00fclleri<\/strong><br \/>\nEn y\u00fcksek servis sat\u0131\u015f\u0131 yapan servis sa\u011flay\u0131c\u0131: Proline<br \/>\n&#8220;Volume&#8221; \u00fcr\u00fcnlerde en y\u00fcksek servis sat\u0131\u015f\u0131 yapan servis sa\u011flay\u0131c\u0131: Data Market<br \/>\nEn y\u00fcksek penetrasyon oran\u0131na sahip servis sa\u011flay\u0131c\u0131: Datateknik<br \/>\nKatma de\u011ferli \u00fcr\u00fcnlerde en y\u00fcksek penetrasyon oran\u0131na sahip servis sa\u011flay\u0131c\u0131: EKSPA<br \/>\nEn ba\u015far\u0131l\u0131 servis operasyon performans\u0131na sahip servis sa\u011flay\u0131c\u0131: Art\u0131 &amp; Art\u0131<br \/>\nEn y\u00fcksek m\u00fc\u015fteri memnuniyetini sa\u011flayan servis sa\u011flay\u0131c\u0131: Consept<\/p>\n<p><strong>Perakende Kanal\u0131 \u00d6d\u00fclleri<\/strong><br \/>\nEn y\u00fcksek ciro yapan i\u015f orta\u011f\u0131: Teknosa<br \/>\nEn y\u00fcksek sarf cirosunu yapan i\u015f orta\u011f\u0131: Kad\u0131o\u011flu<br \/>\nEn y\u00fcksek masa\u00fcst\u00fc bilgisayar sat\u0131\u015f\u0131 yapan i\u015f orta\u011f\u0131: Bimeks<br \/>\nEn geni\u015f \u00fcr\u00fcn gam\u0131n\u0131 ta\u015f\u0131yan i\u015f orta\u011f\u0131 &#8211; IPG Donan\u0131m: Nesa<br \/>\nEn geni\u015f urun gam\u0131n\u0131 ta\u015f\u0131yan i\u015f orta\u011f\u0131 &#8211; IPG Donan\u0131m ve Sarf: MediaMarkt<br \/>\nEn geni\u015f \u00fcr\u00fcn gam\u0131n\u0131 ta\u015f\u0131yan i\u015f orta\u011f\u0131 &#8211; PSG: Darty<br \/>\n\u00dcst u\u00e7 yaz\u0131c\u0131 sat\u0131\u015f\u0131nda en ba\u015far\u0131l\u0131 i\u015f orta\u011f\u0131 &#8211; IPG: Vatan<\/p>\n","protected":false},"excerpt":{"rendered":"<p>HP T\u00fcrkiye,\u00a0d\u00fczenledi\u011fi 2009 HP \u0130\u015f Ortaklar\u0131 Toplant\u0131s\u0131&#8217;nda ba\u015far\u0131l\u0131 i\u015f ortaklar\u0131n\u0131 ve da\u011f\u0131t\u0131c\u0131lar\u0131n\u0131 \u00f6d\u00fcllendirdi. T\u00fcrkiye&#8217;deki 20. y\u0131l\u0131n\u0131 kutlayan HP T\u00fcrkiye bu kapsamda toplant\u0131da bulunan ve uzun y\u0131llard\u0131r birlikte \u00e7al\u0131\u015ft\u0131\u011f\u0131 i\u015f ortaklar\u0131na da 20.y\u0131l \u00f6d\u00fcl\u00fc verdi.<\/p>\n","protected":false},"author":2,"featured_media":0,"comment_status":"open","ping_status":"open","sticky":false,"template":"","format":"standard","meta":{"footnotes":""},"categories":[3],"tags":[],"class_list":["post-805","post","type-post","status-publish","format-standard","hentry","category-blogum"],"yoast_head":"<!-- This site is optimized with the Yoast SEO plugin v26.8 - https:\/\/yoast.com\/product\/yoast-seo-wordpress\/ -->\n<title>HP T\u00fcrkiye, 20&#039;inci y\u0131l\u0131n\u0131 kutlad\u0131 - At\u0131f \u00dcnald\u0131<\/title>\n<meta name=\"robots\" content=\"index, follow, max-snippet:-1, max-image-preview:large, max-video-preview:-1\" \/>\n<link rel=\"canonical\" href=\"http:\/\/atif.unaldi.org\/blog\/2009\/03\/20\/hp-turkiye-20-yilini-kutladi\/\" \/>\n<meta property=\"og:locale\" content=\"tr_TR\" \/>\n<meta property=\"og:type\" content=\"article\" \/>\n<meta property=\"og:title\" content=\"HP T\u00fcrkiye, 20&#039;inci y\u0131l\u0131n\u0131 kutlad\u0131 - At\u0131f \u00dcnald\u0131\" \/>\n<meta property=\"og:description\" content=\"HP T\u00fcrkiye,\u00a0d\u00fczenledi\u011fi 2009 HP \u0130\u015f Ortaklar\u0131 Toplant\u0131s\u0131&#8217;nda ba\u015far\u0131l\u0131 i\u015f ortaklar\u0131n\u0131 ve da\u011f\u0131t\u0131c\u0131lar\u0131n\u0131 \u00f6d\u00fcllendirdi. T\u00fcrkiye&#8217;deki 20. y\u0131l\u0131n\u0131 kutlayan HP T\u00fcrkiye bu kapsamda toplant\u0131da bulunan ve uzun y\u0131llard\u0131r birlikte \u00e7al\u0131\u015ft\u0131\u011f\u0131 i\u015f ortaklar\u0131na da 20.y\u0131l \u00f6d\u00fcl\u00fc verdi.\" \/>\n<meta property=\"og:url\" content=\"http:\/\/atif.unaldi.org\/blog\/2009\/03\/20\/hp-turkiye-20-yilini-kutladi\/\" \/>\n<meta property=\"og:site_name\" content=\"At\u0131f \u00dcnald\u0131\" \/>\n<meta property=\"article:publisher\" content=\"https:\/\/www.facebook.com\/atifunaldi\" \/>\n<meta property=\"article:author\" content=\"https:\/\/www.facebook.com\/atifunaldi\" \/>\n<meta property=\"article:published_time\" content=\"2009-03-20T13:04:12+00:00\" \/>\n<meta property=\"og:image\" content=\"http:\/\/aksamnetizen.files.wordpress.com\/2009\/03\/hp-invent.jpg\" \/>\n<meta name=\"author\" content=\"Atif Unaldi\" \/>\n<meta name=\"twitter:card\" content=\"summary_large_image\" \/>\n<meta name=\"twitter:creator\" content=\"@https:\/\/twitter.com\/atifunaldi\" \/>\n<meta name=\"twitter:site\" content=\"@atifunaldi\" \/>\n<meta name=\"twitter:label1\" content=\"Yazan:\" \/>\n\t<meta name=\"twitter:data1\" content=\"Atif Unaldi\" \/>\n\t<meta name=\"twitter:label2\" content=\"Tahmini okuma s\u00fcresi\" \/>\n\t<meta name=\"twitter:data2\" content=\"3 dakika\" \/>\n<script type=\"application\/ld+json\" class=\"yoast-schema-graph\">{\"@context\":\"https:\/\/schema.org\",\"@graph\":[{\"@type\":\"Article\",\"@id\":\"http:\/\/atif.unaldi.org\/blog\/2009\/03\/20\/hp-turkiye-20-yilini-kutladi\/#article\",\"isPartOf\":{\"@id\":\"http:\/\/atif.unaldi.org\/blog\/2009\/03\/20\/hp-turkiye-20-yilini-kutladi\/\"},\"author\":{\"name\":\"Atif Unaldi\",\"@id\":\"http:\/\/atif.unaldi.org\/blog\/#\/schema\/person\/608ed42ecbda2bc5cfdb767ac1db479b\"},\"headline\":\"HP T\u00fcrkiye, 20&#8217;inci y\u0131l\u0131n\u0131 kutlad\u0131\",\"datePublished\":\"2009-03-20T13:04:12+00:00\",\"mainEntityOfPage\":{\"@id\":\"http:\/\/atif.unaldi.org\/blog\/2009\/03\/20\/hp-turkiye-20-yilini-kutladi\/\"},\"wordCount\":576,\"commentCount\":0,\"publisher\":{\"@id\":\"http:\/\/atif.unaldi.org\/blog\/#\/schema\/person\/608ed42ecbda2bc5cfdb767ac1db479b\"},\"image\":{\"@id\":\"http:\/\/atif.unaldi.org\/blog\/2009\/03\/20\/hp-turkiye-20-yilini-kutladi\/#primaryimage\"},\"thumbnailUrl\":\"http:\/\/aksamnetizen.files.wordpress.com\/2009\/03\/hp-invent.jpg\",\"articleSection\":[\"Blogum\"],\"inLanguage\":\"tr\",\"potentialAction\":[{\"@type\":\"CommentAction\",\"name\":\"Comment\",\"target\":[\"http:\/\/atif.unaldi.org\/blog\/2009\/03\/20\/hp-turkiye-20-yilini-kutladi\/#respond\"]}]},{\"@type\":\"WebPage\",\"@id\":\"http:\/\/atif.unaldi.org\/blog\/2009\/03\/20\/hp-turkiye-20-yilini-kutladi\/\",\"url\":\"http:\/\/atif.unaldi.org\/blog\/2009\/03\/20\/hp-turkiye-20-yilini-kutladi\/\",\"name\":\"HP T\u00fcrkiye, 20'inci y\u0131l\u0131n\u0131 kutlad\u0131 - At\u0131f \u00dcnald\u0131\",\"isPartOf\":{\"@id\":\"http:\/\/atif.unaldi.org\/blog\/#website\"},\"primaryImageOfPage\":{\"@id\":\"http:\/\/atif.unaldi.org\/blog\/2009\/03\/20\/hp-turkiye-20-yilini-kutladi\/#primaryimage\"},\"image\":{\"@id\":\"http:\/\/atif.unaldi.org\/blog\/2009\/03\/20\/hp-turkiye-20-yilini-kutladi\/#primaryimage\"},\"thumbnailUrl\":\"http:\/\/aksamnetizen.files.wordpress.com\/2009\/03\/hp-invent.jpg\",\"datePublished\":\"2009-03-20T13:04:12+00:00\",\"breadcrumb\":{\"@id\":\"http:\/\/atif.unaldi.org\/blog\/2009\/03\/20\/hp-turkiye-20-yilini-kutladi\/#breadcrumb\"},\"inLanguage\":\"tr\",\"potentialAction\":[{\"@type\":\"ReadAction\",\"target\":[\"http:\/\/atif.unaldi.org\/blog\/2009\/03\/20\/hp-turkiye-20-yilini-kutladi\/\"]}]},{\"@type\":\"ImageObject\",\"inLanguage\":\"tr\",\"@id\":\"http:\/\/atif.unaldi.org\/blog\/2009\/03\/20\/hp-turkiye-20-yilini-kutladi\/#primaryimage\",\"url\":\"http:\/\/aksamnetizen.files.wordpress.com\/2009\/03\/hp-invent.jpg\",\"contentUrl\":\"http:\/\/aksamnetizen.files.wordpress.com\/2009\/03\/hp-invent.jpg\"},{\"@type\":\"BreadcrumbList\",\"@id\":\"http:\/\/atif.unaldi.org\/blog\/2009\/03\/20\/hp-turkiye-20-yilini-kutladi\/#breadcrumb\",\"itemListElement\":[{\"@type\":\"ListItem\",\"position\":1,\"name\":\"Anasayfa\",\"item\":\"http:\/\/atif.unaldi.org\/blog\/\"},{\"@type\":\"ListItem\",\"position\":2,\"name\":\"HP T\u00fcrkiye, 20&#8217;inci y\u0131l\u0131n\u0131 kutlad\u0131\"}]},{\"@type\":\"WebSite\",\"@id\":\"http:\/\/atif.unaldi.org\/blog\/#website\",\"url\":\"http:\/\/atif.unaldi.org\/blog\/\",\"name\":\"At\u0131f \u00dcnald\u0131\",\"description\":\"Yazar\",\"publisher\":{\"@id\":\"http:\/\/atif.unaldi.org\/blog\/#\/schema\/person\/608ed42ecbda2bc5cfdb767ac1db479b\"},\"alternateName\":\"At\u0131f \u00dcnald\u0131 Blog\",\"potentialAction\":[{\"@type\":\"SearchAction\",\"target\":{\"@type\":\"EntryPoint\",\"urlTemplate\":\"http:\/\/atif.unaldi.org\/blog\/?s={search_term_string}\"},\"query-input\":{\"@type\":\"PropertyValueSpecification\",\"valueRequired\":true,\"valueName\":\"search_term_string\"}}],\"inLanguage\":\"tr\"},{\"@type\":[\"Person\",\"Organization\"],\"@id\":\"http:\/\/atif.unaldi.org\/blog\/#\/schema\/person\/608ed42ecbda2bc5cfdb767ac1db479b\",\"name\":\"Atif Unaldi\",\"image\":{\"@type\":\"ImageObject\",\"inLanguage\":\"tr\",\"@id\":\"http:\/\/atif.unaldi.org\/blog\/#\/schema\/person\/image\/\",\"url\":\"http:\/\/atif.unaldi.org\/blog\/wp-content\/uploads\/2022\/10\/cropped-a94e8f7a-67c4-4d65-8a5f-032ba784be53-2.jpg\",\"contentUrl\":\"http:\/\/atif.unaldi.org\/blog\/wp-content\/uploads\/2022\/10\/cropped-a94e8f7a-67c4-4d65-8a5f-032ba784be53-2.jpg\",\"width\":512,\"height\":512,\"caption\":\"Atif Unaldi\"},\"logo\":{\"@id\":\"http:\/\/atif.unaldi.org\/blog\/#\/schema\/person\/image\/\"},\"description\":\"Bo\u011fazi\u00e7i \u00dcniversitesinde Fizik B\u00f6l\u00fcm\u00fc\u2019nde e\u011fitim ald\u0131\u011f\u0131 y\u0131llarda T\u00fcrkiye\u2019de ilk kez iki bilgisayar\u0131 telefon hatlar\u0131 \u00fczerinden konu\u015fturan BBS sistemini kurarak, T\u00fcrkiye\u2019deki ilk internet a\u011f\u0131n\u0131 olu\u015fturmu\u015ftur. Bir \u00e7ok radyo ve televizyonda program yap\u0131mc\u0131l\u0131\u011f\u0131 ve sunuculu\u011funu, bir \u00e7ok teknoloji dergisinde k\u00f6\u015fe yazarl\u0131\u011f\u0131, bili\u015fim edit\u00f6rl\u00fc\u011f\u00fc ve genel yay\u0131n y\u00f6netmenli\u011fi yapt\u0131. T\u00fcrkiye\u2019deki ilk internet servis sa\u011flay\u0131c\u0131s\u0131n\u0131n genel m\u00fcd\u00fcrl\u00fc\u011f\u00fcn\u00fc \u00fcstlendi. Bir \u00e7ok organizasyon ve kurulu\u015fta internet s\u00fcperviz\u00f6rl\u00fc\u011f\u00fc , webmaster\u2019l\u0131\u011f\u0131 , IT direkt\u00f6rl\u00fc\u011f\u00fc ve dijital projeler koordinat\u00f6rl\u00fc\u011f\u00fc g\u00f6revlerinde bulundu. Farkl\u0131 \u00fcniversitelerin farkl\u0131 fak\u00fcltelerinde \u00f6\u011fretim g\u00f6revlisi olarak bulunmu\u015f olan \u00dcnald\u0131; \u015fu an teknoloji ve pazarlama konular\u0131 ba\u015fta olmak \u00fczere bir\u00e7ok alanda hizmet veren Unaldi Consultancy\u2019nin kurucusudur. \\u2028Selin \u00dcnald\u0131 ile evlidir. Su ve Toprak isminde iki \u00e7ocu\u011fu vard\u0131r.\",\"sameAs\":[\"http:\/\/atif.unaldi.org\/blog\",\"https:\/\/www.facebook.com\/atifunaldi\",\"https:\/\/www.instagram.com\/atifunaldi\/\",\"https:\/\/www.linkedin.com\/in\/atifunaldi\",\"https:\/\/x.com\/https:\/\/twitter.com\/atifunaldi\",\"https:\/\/www.youtube.com\/c\/atifunaldi\",\"https:\/\/soundcloud.com\/atif-unaldi\",\"https:\/\/atifunaldi.tumblr.com\"],\"url\":\"http:\/\/atif.unaldi.org\/blog\/author\/atifunaldi\/\"}]}<\/script>\n<!-- \/ Yoast SEO plugin. -->","yoast_head_json":{"title":"HP T\u00fcrkiye, 20'inci y\u0131l\u0131n\u0131 kutlad\u0131 - At\u0131f \u00dcnald\u0131","robots":{"index":"index","follow":"follow","max-snippet":"max-snippet:-1","max-image-preview":"max-image-preview:large","max-video-preview":"max-video-preview:-1"},"canonical":"http:\/\/atif.unaldi.org\/blog\/2009\/03\/20\/hp-turkiye-20-yilini-kutladi\/","og_locale":"tr_TR","og_type":"article","og_title":"HP T\u00fcrkiye, 20'inci y\u0131l\u0131n\u0131 kutlad\u0131 - At\u0131f \u00dcnald\u0131","og_description":"HP T\u00fcrkiye,\u00a0d\u00fczenledi\u011fi 2009 HP \u0130\u015f Ortaklar\u0131 Toplant\u0131s\u0131&#8217;nda ba\u015far\u0131l\u0131 i\u015f ortaklar\u0131n\u0131 ve da\u011f\u0131t\u0131c\u0131lar\u0131n\u0131 \u00f6d\u00fcllendirdi. T\u00fcrkiye&#8217;deki 20. y\u0131l\u0131n\u0131 kutlayan HP T\u00fcrkiye bu kapsamda toplant\u0131da bulunan ve uzun y\u0131llard\u0131r birlikte \u00e7al\u0131\u015ft\u0131\u011f\u0131 i\u015f ortaklar\u0131na da 20.y\u0131l \u00f6d\u00fcl\u00fc verdi.","og_url":"http:\/\/atif.unaldi.org\/blog\/2009\/03\/20\/hp-turkiye-20-yilini-kutladi\/","og_site_name":"At\u0131f \u00dcnald\u0131","article_publisher":"https:\/\/www.facebook.com\/atifunaldi","article_author":"https:\/\/www.facebook.com\/atifunaldi","article_published_time":"2009-03-20T13:04:12+00:00","og_image":[{"url":"http:\/\/aksamnetizen.files.wordpress.com\/2009\/03\/hp-invent.jpg","type":"","width":"","height":""}],"author":"Atif Unaldi","twitter_card":"summary_large_image","twitter_creator":"@https:\/\/twitter.com\/atifunaldi","twitter_site":"@atifunaldi","twitter_misc":{"Yazan:":"Atif Unaldi","Tahmini okuma s\u00fcresi":"3 dakika"},"schema":{"@context":"https:\/\/schema.org","@graph":[{"@type":"Article","@id":"http:\/\/atif.unaldi.org\/blog\/2009\/03\/20\/hp-turkiye-20-yilini-kutladi\/#article","isPartOf":{"@id":"http:\/\/atif.unaldi.org\/blog\/2009\/03\/20\/hp-turkiye-20-yilini-kutladi\/"},"author":{"name":"Atif Unaldi","@id":"http:\/\/atif.unaldi.org\/blog\/#\/schema\/person\/608ed42ecbda2bc5cfdb767ac1db479b"},"headline":"HP T\u00fcrkiye, 20&#8217;inci y\u0131l\u0131n\u0131 kutlad\u0131","datePublished":"2009-03-20T13:04:12+00:00","mainEntityOfPage":{"@id":"http:\/\/atif.unaldi.org\/blog\/2009\/03\/20\/hp-turkiye-20-yilini-kutladi\/"},"wordCount":576,"commentCount":0,"publisher":{"@id":"http:\/\/atif.unaldi.org\/blog\/#\/schema\/person\/608ed42ecbda2bc5cfdb767ac1db479b"},"image":{"@id":"http:\/\/atif.unaldi.org\/blog\/2009\/03\/20\/hp-turkiye-20-yilini-kutladi\/#primaryimage"},"thumbnailUrl":"http:\/\/aksamnetizen.files.wordpress.com\/2009\/03\/hp-invent.jpg","articleSection":["Blogum"],"inLanguage":"tr","potentialAction":[{"@type":"CommentAction","name":"Comment","target":["http:\/\/atif.unaldi.org\/blog\/2009\/03\/20\/hp-turkiye-20-yilini-kutladi\/#respond"]}]},{"@type":"WebPage","@id":"http:\/\/atif.unaldi.org\/blog\/2009\/03\/20\/hp-turkiye-20-yilini-kutladi\/","url":"http:\/\/atif.unaldi.org\/blog\/2009\/03\/20\/hp-turkiye-20-yilini-kutladi\/","name":"HP T\u00fcrkiye, 20'inci y\u0131l\u0131n\u0131 kutlad\u0131 - At\u0131f \u00dcnald\u0131","isPartOf":{"@id":"http:\/\/atif.unaldi.org\/blog\/#website"},"primaryImageOfPage":{"@id":"http:\/\/atif.unaldi.org\/blog\/2009\/03\/20\/hp-turkiye-20-yilini-kutladi\/#primaryimage"},"image":{"@id":"http:\/\/atif.unaldi.org\/blog\/2009\/03\/20\/hp-turkiye-20-yilini-kutladi\/#primaryimage"},"thumbnailUrl":"http:\/\/aksamnetizen.files.wordpress.com\/2009\/03\/hp-invent.jpg","datePublished":"2009-03-20T13:04:12+00:00","breadcrumb":{"@id":"http:\/\/atif.unaldi.org\/blog\/2009\/03\/20\/hp-turkiye-20-yilini-kutladi\/#breadcrumb"},"inLanguage":"tr","potentialAction":[{"@type":"ReadAction","target":["http:\/\/atif.unaldi.org\/blog\/2009\/03\/20\/hp-turkiye-20-yilini-kutladi\/"]}]},{"@type":"ImageObject","inLanguage":"tr","@id":"http:\/\/atif.unaldi.org\/blog\/2009\/03\/20\/hp-turkiye-20-yilini-kutladi\/#primaryimage","url":"http:\/\/aksamnetizen.files.wordpress.com\/2009\/03\/hp-invent.jpg","contentUrl":"http:\/\/aksamnetizen.files.wordpress.com\/2009\/03\/hp-invent.jpg"},{"@type":"BreadcrumbList","@id":"http:\/\/atif.unaldi.org\/blog\/2009\/03\/20\/hp-turkiye-20-yilini-kutladi\/#breadcrumb","itemListElement":[{"@type":"ListItem","position":1,"name":"Anasayfa","item":"http:\/\/atif.unaldi.org\/blog\/"},{"@type":"ListItem","position":2,"name":"HP T\u00fcrkiye, 20&#8217;inci y\u0131l\u0131n\u0131 kutlad\u0131"}]},{"@type":"WebSite","@id":"http:\/\/atif.unaldi.org\/blog\/#website","url":"http:\/\/atif.unaldi.org\/blog\/","name":"At\u0131f \u00dcnald\u0131","description":"Yazar","publisher":{"@id":"http:\/\/atif.unaldi.org\/blog\/#\/schema\/person\/608ed42ecbda2bc5cfdb767ac1db479b"},"alternateName":"At\u0131f \u00dcnald\u0131 Blog","potentialAction":[{"@type":"SearchAction","target":{"@type":"EntryPoint","urlTemplate":"http:\/\/atif.unaldi.org\/blog\/?s={search_term_string}"},"query-input":{"@type":"PropertyValueSpecification","valueRequired":true,"valueName":"search_term_string"}}],"inLanguage":"tr"},{"@type":["Person","Organization"],"@id":"http:\/\/atif.unaldi.org\/blog\/#\/schema\/person\/608ed42ecbda2bc5cfdb767ac1db479b","name":"Atif Unaldi","image":{"@type":"ImageObject","inLanguage":"tr","@id":"http:\/\/atif.unaldi.org\/blog\/#\/schema\/person\/image\/","url":"http:\/\/atif.unaldi.org\/blog\/wp-content\/uploads\/2022\/10\/cropped-a94e8f7a-67c4-4d65-8a5f-032ba784be53-2.jpg","contentUrl":"http:\/\/atif.unaldi.org\/blog\/wp-content\/uploads\/2022\/10\/cropped-a94e8f7a-67c4-4d65-8a5f-032ba784be53-2.jpg","width":512,"height":512,"caption":"Atif Unaldi"},"logo":{"@id":"http:\/\/atif.unaldi.org\/blog\/#\/schema\/person\/image\/"},"description":"Bo\u011fazi\u00e7i \u00dcniversitesinde Fizik B\u00f6l\u00fcm\u00fc\u2019nde e\u011fitim ald\u0131\u011f\u0131 y\u0131llarda T\u00fcrkiye\u2019de ilk kez iki bilgisayar\u0131 telefon hatlar\u0131 \u00fczerinden konu\u015fturan BBS sistemini kurarak, T\u00fcrkiye\u2019deki ilk internet a\u011f\u0131n\u0131 olu\u015fturmu\u015ftur. Bir \u00e7ok radyo ve televizyonda program yap\u0131mc\u0131l\u0131\u011f\u0131 ve sunuculu\u011funu, bir \u00e7ok teknoloji dergisinde k\u00f6\u015fe yazarl\u0131\u011f\u0131, bili\u015fim edit\u00f6rl\u00fc\u011f\u00fc ve genel yay\u0131n y\u00f6netmenli\u011fi yapt\u0131. T\u00fcrkiye\u2019deki ilk internet servis sa\u011flay\u0131c\u0131s\u0131n\u0131n genel m\u00fcd\u00fcrl\u00fc\u011f\u00fcn\u00fc \u00fcstlendi. Bir \u00e7ok organizasyon ve kurulu\u015fta internet s\u00fcperviz\u00f6rl\u00fc\u011f\u00fc , webmaster\u2019l\u0131\u011f\u0131 , IT direkt\u00f6rl\u00fc\u011f\u00fc ve dijital projeler koordinat\u00f6rl\u00fc\u011f\u00fc g\u00f6revlerinde bulundu. Farkl\u0131 \u00fcniversitelerin farkl\u0131 fak\u00fcltelerinde \u00f6\u011fretim g\u00f6revlisi olarak bulunmu\u015f olan \u00dcnald\u0131; \u015fu an teknoloji ve pazarlama konular\u0131 ba\u015fta olmak \u00fczere bir\u00e7ok alanda hizmet veren Unaldi Consultancy\u2019nin kurucusudur. \u2028Selin \u00dcnald\u0131 ile evlidir. Su ve Toprak isminde iki \u00e7ocu\u011fu vard\u0131r.","sameAs":["http:\/\/atif.unaldi.org\/blog","https:\/\/www.facebook.com\/atifunaldi","https:\/\/www.instagram.com\/atifunaldi\/","https:\/\/www.linkedin.com\/in\/atifunaldi","https:\/\/x.com\/https:\/\/twitter.com\/atifunaldi","https:\/\/www.youtube.com\/c\/atifunaldi","https:\/\/soundcloud.com\/atif-unaldi","https:\/\/atifunaldi.tumblr.com"],"url":"http:\/\/atif.unaldi.org\/blog\/author\/atifunaldi\/"}]}},"jetpack_featured_media_url":"","_links":{"self":[{"href":"http:\/\/atif.unaldi.org\/blog\/wp-json\/wp\/v2\/posts\/805","targetHints":{"allow":["GET"]}}],"collection":[{"href":"http:\/\/atif.unaldi.org\/blog\/wp-json\/wp\/v2\/posts"}],"about":[{"href":"http:\/\/atif.unaldi.org\/blog\/wp-json\/wp\/v2\/types\/post"}],"author":[{"embeddable":true,"href":"http:\/\/atif.unaldi.org\/blog\/wp-json\/wp\/v2\/users\/2"}],"replies":[{"embeddable":true,"href":"http:\/\/atif.unaldi.org\/blog\/wp-json\/wp\/v2\/comments?post=805"}],"version-history":[{"count":0,"href":"http:\/\/atif.unaldi.org\/blog\/wp-json\/wp\/v2\/posts\/805\/revisions"}],"wp:attachment":[{"href":"http:\/\/atif.unaldi.org\/blog\/wp-json\/wp\/v2\/media?parent=805"}],"wp:term":[{"taxonomy":"category","embeddable":true,"href":"http:\/\/atif.unaldi.org\/blog\/wp-json\/wp\/v2\/categories?post=805"},{"taxonomy":"post_tag","embeddable":true,"href":"http:\/\/atif.unaldi.org\/blog\/wp-json\/wp\/v2\/tags?post=805"}],"curies":[{"name":"wp","href":"https:\/\/api.w.org\/{rel}","templated":true}]}}