{"id":810,"date":"2009-03-23T08:39:17","date_gmt":"2009-03-23T08:39:17","guid":{"rendered":"http:\/\/aksamnetizen.wordpress.com\/?p=782"},"modified":"2009-03-23T08:39:17","modified_gmt":"2009-03-23T08:39:17","slug":"dizustu-bilgisayar-kullanicilari-riskli-online-davranisa-daha-egilimli","status":"publish","type":"post","link":"http:\/\/atif.unaldi.org\/blog\/2009\/03\/23\/dizustu-bilgisayar-kullanicilari-riskli-online-davranisa-daha-egilimli\/","title":{"rendered":"Diz\u00fcst\u00fc bilgisayar kullan\u0131c\u0131lar\u0131, riskli online davran\u0131\u015fa daha e\u011filimli"},"content":{"rendered":"<p style=\"text-align:justify;\"><img loading=\"lazy\" decoding=\"async\" class=\"alignleft size-full wp-image-784\" title=\"trend-micro1\" src=\"http:\/\/aksamnetizen.files.wordpress.com\/2009\/03\/trend-micro1.jpg\" alt=\"trend-micro1\" width=\"258\" height=\"99\" \/>Trend Micro taraf\u0131ndan yapt\u0131r\u0131lan &#8220;Kurumsal Son Kullan\u0131c\u0131n\u0131n Web Tehditleri Fark\u0131ndal\u0131\u011f\u0131*&#8221; ara\u015ft\u0131rmas\u0131nda, diz\u00fcst\u00fc bilgisayar kullan\u0131c\u0131lar\u0131n\u0131n masa\u00fcst\u00fc bilgisayar kullan\u0131c\u0131lar\u0131na g\u00f6re riskli online davran\u0131\u015fta bulunmaya daha e\u011filimli olduklar\u0131n\u0131 kan\u0131tlad\u0131.<!--more--><\/p>\n<p style=\"text-align:justify;\">Ankete kat\u0131lanlar aras\u0131nda, diz\u00fcst\u00fc bilgisayarla \u00e7al\u0131\u015fanlar, masa\u00fcst\u00fc bilgisayarla \u00e7al\u0131\u015fanlara k\u0131yasla, iki kat daha fazla video ve m\u00fczik, ayr\u0131ca y\u00fczde 30 daha fazla y\u00fcr\u00fct\u00fclebilir k\u00fct\u00fck indirme e\u011filimi g\u00f6sterdiler. Sonu\u00e7lar, diz\u00fcst\u00fc bilgisayarla \u00e7al\u0131\u015fanlar\u0131n sosyal faaliyetler i\u00e7in interneti daha s\u0131k kulland\u0131klar\u0131n\u0131 da ortaya \u00e7\u0131kard\u0131. Bu faaliyetlere, sosyal ili\u015fki a\u011f\u0131 sitelerini ziyaret etmek ya da medya i\u00e7eri\u011fini izlemek ve dinlemek dahil bulunuyor. Yan\u0131tlar, diz\u00fcst\u00fc bilgisayar kullan\u0131c\u0131lar\u0131n\u0131n ileti\u015fim kurmak i\u00e7in VoIP ve an\u0131nda mesajla\u015fmay\u0131 kullanma konusunda iki kattan daha fazla e\u011filimli olduklar\u0131n\u0131 da do\u011frulad\u0131. Bu da onlar\u0131 yeni nesil internet g\u00fcvenli\u011fi tehditlerine a\u00e7\u0131k b\u0131rak\u0131yor.<\/p>\n<p style=\"text-align:justify;\">YouGov taraf\u0131ndan yap\u0131lan &#8220;Online Kurumsal Doland\u0131r\u0131c\u0131l\u0131k&#8221; ara\u015ft\u0131rmas\u0131na\u00a0kat\u0131lanlar\u0131n ise yaln\u0131zca y\u00fczde 10&#8217;u, \u00e7al\u0131\u015fan kay\u0131tlar\u0131 ya da maa\u015f bordrosu detaylar\u0131 gibi gizli verilerin kaybedilmesini endi\u015fe verici bir i\u015f sorunu olarak tan\u0131mlad\u0131. \u00d6te yandan, zor m\u00fc\u015fteriler ya da tedarik\u00e7iler ve \u00e7al\u0131\u015fmayan teknolojiler, g\u00fcndemde en \u00fcst s\u0131raya oturdu ve \u00e7al\u0131\u015fanlar\u0131n y\u00fczde 42&#8217;si bunlar\u0131 kendilerini endi\u015felendiren nedenler olarak niteledi.<\/p>\n<p style=\"text-align:justify;\">Trend Micro \u00c7\u00f6z\u00fcm Mimar\u0131 Rik Ferguson, \u015funlar\u0131 s\u00f6yl\u00fcyor: &#8220;Ge\u00e7mi\u015fte a\u011f g\u00fcvenli\u011fini tehlikeye d\u00fc\u015f\u00fcrenlerin ofiste \u00e7al\u0131\u015fanlar oldu\u011funa inan\u0131l\u0131rken, Trend Micro taraf\u0131ndan yapt\u0131r\u0131lan son ara\u015ft\u0131rmalar, uzaktan \u00e7al\u0131\u015fanlar\u0131n bilgi i\u015flem departmanlar\u0131 a\u00e7\u0131s\u0131ndan \u00e7ok daha b\u00fcy\u00fck bir g\u00fcvenlik tehdidi oldu\u011funu g\u00f6steriyor. Bu y\u00fczden, bilgi i\u015flem departmanlar\u0131n\u0131n, g\u00fcvenlik stratejilerini, mevcut g\u00fcvenlik \u00f6nlemlerini zorlayan yeni mobil tehdit t\u00fcrlerine g\u00f6re uyarlamalar\u0131 \u00e7ok \u00f6nemli.&#8221;<\/p>\n<p style=\"text-align:justify;\">* Trend Micro &#8220;Kurumsal Son Kullan\u0131c\u0131n\u0131n Web Tehditleri Fark\u0131ndal\u0131\u011f\u0131&#8221; ara\u015ft\u0131rmas\u0131nda, ABD, \u0130ngiltere, Almanya ve Japonya&#8217;da 1.600 kurumsal bilgisayar kullan\u0131c\u0131s\u0131ndan yan\u0131t al\u0131nd\u0131.<br \/>\n** Trend Micro &#8220;Online Kurumsal Doland\u0131r\u0131c\u0131l\u0131k&#8221; ara\u015ft\u0131rmas\u0131, 9-12 May\u0131s 2008 tarihlerinde, Trend Micro ad\u0131na YouGov taraf\u0131ndan y\u00fcr\u00fct\u00fcld\u00fc ve k\u00fc\u00e7\u00fck i\u015fletmelerde karar verici konumundaki 586 ki\u015fiye soru y\u00f6neltildi.<\/p>\n","protected":false},"excerpt":{"rendered":"<p>Trend Micro taraf\u0131ndan yapt\u0131r\u0131lan &#8220;Kurumsal Son Kullan\u0131c\u0131n\u0131n Web Tehditleri Fark\u0131ndal\u0131\u011f\u0131*&#8221; ara\u015ft\u0131rmas\u0131nda, diz\u00fcst\u00fc bilgisayar kullan\u0131c\u0131lar\u0131n\u0131n masa\u00fcst\u00fc bilgisayar kullan\u0131c\u0131lar\u0131na g\u00f6re riskli online davran\u0131\u015fta bulunmaya daha e\u011filimli olduklar\u0131n\u0131 kan\u0131tlad\u0131.<\/p>\n","protected":false},"author":2,"featured_media":0,"comment_status":"open","ping_status":"open","sticky":false,"template":"","format":"standard","meta":{"footnotes":""},"categories":[3],"tags":[],"class_list":["post-810","post","type-post","status-publish","format-standard","hentry","category-blogum"],"yoast_head":"<!-- This site is optimized with the Yoast SEO plugin v26.8 - https:\/\/yoast.com\/product\/yoast-seo-wordpress\/ -->\n<title>Diz\u00fcst\u00fc bilgisayar kullan\u0131c\u0131lar\u0131, riskli online davran\u0131\u015fa daha e\u011filimli - At\u0131f \u00dcnald\u0131<\/title>\n<meta name=\"robots\" content=\"index, follow, max-snippet:-1, max-image-preview:large, max-video-preview:-1\" \/>\n<link rel=\"canonical\" href=\"http:\/\/atif.unaldi.org\/blog\/2009\/03\/23\/dizustu-bilgisayar-kullanicilari-riskli-online-davranisa-daha-egilimli\/\" \/>\n<meta property=\"og:locale\" content=\"tr_TR\" \/>\n<meta property=\"og:type\" content=\"article\" \/>\n<meta property=\"og:title\" content=\"Diz\u00fcst\u00fc bilgisayar kullan\u0131c\u0131lar\u0131, riskli online davran\u0131\u015fa daha e\u011filimli - At\u0131f \u00dcnald\u0131\" \/>\n<meta property=\"og:description\" content=\"Trend Micro taraf\u0131ndan yapt\u0131r\u0131lan &#8220;Kurumsal Son Kullan\u0131c\u0131n\u0131n Web Tehditleri Fark\u0131ndal\u0131\u011f\u0131*&#8221; ara\u015ft\u0131rmas\u0131nda, diz\u00fcst\u00fc bilgisayar kullan\u0131c\u0131lar\u0131n\u0131n masa\u00fcst\u00fc bilgisayar kullan\u0131c\u0131lar\u0131na g\u00f6re riskli online davran\u0131\u015fta bulunmaya daha e\u011filimli olduklar\u0131n\u0131 kan\u0131tlad\u0131.\" \/>\n<meta property=\"og:url\" content=\"http:\/\/atif.unaldi.org\/blog\/2009\/03\/23\/dizustu-bilgisayar-kullanicilari-riskli-online-davranisa-daha-egilimli\/\" \/>\n<meta property=\"og:site_name\" content=\"At\u0131f \u00dcnald\u0131\" \/>\n<meta property=\"article:publisher\" content=\"https:\/\/www.facebook.com\/atifunaldi\" \/>\n<meta property=\"article:author\" content=\"https:\/\/www.facebook.com\/atifunaldi\" \/>\n<meta property=\"article:published_time\" content=\"2009-03-23T08:39:17+00:00\" \/>\n<meta property=\"og:image\" content=\"http:\/\/aksamnetizen.files.wordpress.com\/2009\/03\/trend-micro1.jpg\" \/>\n<meta name=\"author\" content=\"Atif Unaldi\" \/>\n<meta name=\"twitter:card\" content=\"summary_large_image\" \/>\n<meta name=\"twitter:creator\" content=\"@https:\/\/twitter.com\/atifunaldi\" \/>\n<meta name=\"twitter:site\" content=\"@atifunaldi\" \/>\n<meta name=\"twitter:label1\" content=\"Yazan:\" \/>\n\t<meta name=\"twitter:data1\" content=\"Atif Unaldi\" \/>\n\t<meta name=\"twitter:label2\" content=\"Tahmini okuma s\u00fcresi\" \/>\n\t<meta name=\"twitter:data2\" content=\"2 dakika\" \/>\n<script type=\"application\/ld+json\" class=\"yoast-schema-graph\">{\"@context\":\"https:\/\/schema.org\",\"@graph\":[{\"@type\":\"Article\",\"@id\":\"http:\/\/atif.unaldi.org\/blog\/2009\/03\/23\/dizustu-bilgisayar-kullanicilari-riskli-online-davranisa-daha-egilimli\/#article\",\"isPartOf\":{\"@id\":\"http:\/\/atif.unaldi.org\/blog\/2009\/03\/23\/dizustu-bilgisayar-kullanicilari-riskli-online-davranisa-daha-egilimli\/\"},\"author\":{\"name\":\"Atif Unaldi\",\"@id\":\"http:\/\/atif.unaldi.org\/blog\/#\/schema\/person\/608ed42ecbda2bc5cfdb767ac1db479b\"},\"headline\":\"Diz\u00fcst\u00fc bilgisayar kullan\u0131c\u0131lar\u0131, riskli online davran\u0131\u015fa daha e\u011filimli\",\"datePublished\":\"2009-03-23T08:39:17+00:00\",\"mainEntityOfPage\":{\"@id\":\"http:\/\/atif.unaldi.org\/blog\/2009\/03\/23\/dizustu-bilgisayar-kullanicilari-riskli-online-davranisa-daha-egilimli\/\"},\"wordCount\":440,\"commentCount\":0,\"publisher\":{\"@id\":\"http:\/\/atif.unaldi.org\/blog\/#\/schema\/person\/608ed42ecbda2bc5cfdb767ac1db479b\"},\"image\":{\"@id\":\"http:\/\/atif.unaldi.org\/blog\/2009\/03\/23\/dizustu-bilgisayar-kullanicilari-riskli-online-davranisa-daha-egilimli\/#primaryimage\"},\"thumbnailUrl\":\"http:\/\/aksamnetizen.files.wordpress.com\/2009\/03\/trend-micro1.jpg\",\"articleSection\":[\"Blogum\"],\"inLanguage\":\"tr\",\"potentialAction\":[{\"@type\":\"CommentAction\",\"name\":\"Comment\",\"target\":[\"http:\/\/atif.unaldi.org\/blog\/2009\/03\/23\/dizustu-bilgisayar-kullanicilari-riskli-online-davranisa-daha-egilimli\/#respond\"]}]},{\"@type\":\"WebPage\",\"@id\":\"http:\/\/atif.unaldi.org\/blog\/2009\/03\/23\/dizustu-bilgisayar-kullanicilari-riskli-online-davranisa-daha-egilimli\/\",\"url\":\"http:\/\/atif.unaldi.org\/blog\/2009\/03\/23\/dizustu-bilgisayar-kullanicilari-riskli-online-davranisa-daha-egilimli\/\",\"name\":\"Diz\u00fcst\u00fc bilgisayar kullan\u0131c\u0131lar\u0131, riskli online davran\u0131\u015fa daha e\u011filimli - At\u0131f \u00dcnald\u0131\",\"isPartOf\":{\"@id\":\"http:\/\/atif.unaldi.org\/blog\/#website\"},\"primaryImageOfPage\":{\"@id\":\"http:\/\/atif.unaldi.org\/blog\/2009\/03\/23\/dizustu-bilgisayar-kullanicilari-riskli-online-davranisa-daha-egilimli\/#primaryimage\"},\"image\":{\"@id\":\"http:\/\/atif.unaldi.org\/blog\/2009\/03\/23\/dizustu-bilgisayar-kullanicilari-riskli-online-davranisa-daha-egilimli\/#primaryimage\"},\"thumbnailUrl\":\"http:\/\/aksamnetizen.files.wordpress.com\/2009\/03\/trend-micro1.jpg\",\"datePublished\":\"2009-03-23T08:39:17+00:00\",\"breadcrumb\":{\"@id\":\"http:\/\/atif.unaldi.org\/blog\/2009\/03\/23\/dizustu-bilgisayar-kullanicilari-riskli-online-davranisa-daha-egilimli\/#breadcrumb\"},\"inLanguage\":\"tr\",\"potentialAction\":[{\"@type\":\"ReadAction\",\"target\":[\"http:\/\/atif.unaldi.org\/blog\/2009\/03\/23\/dizustu-bilgisayar-kullanicilari-riskli-online-davranisa-daha-egilimli\/\"]}]},{\"@type\":\"ImageObject\",\"inLanguage\":\"tr\",\"@id\":\"http:\/\/atif.unaldi.org\/blog\/2009\/03\/23\/dizustu-bilgisayar-kullanicilari-riskli-online-davranisa-daha-egilimli\/#primaryimage\",\"url\":\"http:\/\/aksamnetizen.files.wordpress.com\/2009\/03\/trend-micro1.jpg\",\"contentUrl\":\"http:\/\/aksamnetizen.files.wordpress.com\/2009\/03\/trend-micro1.jpg\"},{\"@type\":\"BreadcrumbList\",\"@id\":\"http:\/\/atif.unaldi.org\/blog\/2009\/03\/23\/dizustu-bilgisayar-kullanicilari-riskli-online-davranisa-daha-egilimli\/#breadcrumb\",\"itemListElement\":[{\"@type\":\"ListItem\",\"position\":1,\"name\":\"Anasayfa\",\"item\":\"http:\/\/atif.unaldi.org\/blog\/\"},{\"@type\":\"ListItem\",\"position\":2,\"name\":\"Diz\u00fcst\u00fc bilgisayar kullan\u0131c\u0131lar\u0131, riskli online davran\u0131\u015fa daha e\u011filimli\"}]},{\"@type\":\"WebSite\",\"@id\":\"http:\/\/atif.unaldi.org\/blog\/#website\",\"url\":\"http:\/\/atif.unaldi.org\/blog\/\",\"name\":\"At\u0131f \u00dcnald\u0131\",\"description\":\"Yazar\",\"publisher\":{\"@id\":\"http:\/\/atif.unaldi.org\/blog\/#\/schema\/person\/608ed42ecbda2bc5cfdb767ac1db479b\"},\"alternateName\":\"At\u0131f \u00dcnald\u0131 Blog\",\"potentialAction\":[{\"@type\":\"SearchAction\",\"target\":{\"@type\":\"EntryPoint\",\"urlTemplate\":\"http:\/\/atif.unaldi.org\/blog\/?s={search_term_string}\"},\"query-input\":{\"@type\":\"PropertyValueSpecification\",\"valueRequired\":true,\"valueName\":\"search_term_string\"}}],\"inLanguage\":\"tr\"},{\"@type\":[\"Person\",\"Organization\"],\"@id\":\"http:\/\/atif.unaldi.org\/blog\/#\/schema\/person\/608ed42ecbda2bc5cfdb767ac1db479b\",\"name\":\"Atif Unaldi\",\"image\":{\"@type\":\"ImageObject\",\"inLanguage\":\"tr\",\"@id\":\"http:\/\/atif.unaldi.org\/blog\/#\/schema\/person\/image\/\",\"url\":\"http:\/\/atif.unaldi.org\/blog\/wp-content\/uploads\/2022\/10\/cropped-a94e8f7a-67c4-4d65-8a5f-032ba784be53-2.jpg\",\"contentUrl\":\"http:\/\/atif.unaldi.org\/blog\/wp-content\/uploads\/2022\/10\/cropped-a94e8f7a-67c4-4d65-8a5f-032ba784be53-2.jpg\",\"width\":512,\"height\":512,\"caption\":\"Atif Unaldi\"},\"logo\":{\"@id\":\"http:\/\/atif.unaldi.org\/blog\/#\/schema\/person\/image\/\"},\"description\":\"Bo\u011fazi\u00e7i \u00dcniversitesinde Fizik B\u00f6l\u00fcm\u00fc\u2019nde e\u011fitim ald\u0131\u011f\u0131 y\u0131llarda T\u00fcrkiye\u2019de ilk kez iki bilgisayar\u0131 telefon hatlar\u0131 \u00fczerinden konu\u015fturan BBS sistemini kurarak, T\u00fcrkiye\u2019deki ilk internet a\u011f\u0131n\u0131 olu\u015fturmu\u015ftur. Bir \u00e7ok radyo ve televizyonda program yap\u0131mc\u0131l\u0131\u011f\u0131 ve sunuculu\u011funu, bir \u00e7ok teknoloji dergisinde k\u00f6\u015fe yazarl\u0131\u011f\u0131, bili\u015fim edit\u00f6rl\u00fc\u011f\u00fc ve genel yay\u0131n y\u00f6netmenli\u011fi yapt\u0131. T\u00fcrkiye\u2019deki ilk internet servis sa\u011flay\u0131c\u0131s\u0131n\u0131n genel m\u00fcd\u00fcrl\u00fc\u011f\u00fcn\u00fc \u00fcstlendi. Bir \u00e7ok organizasyon ve kurulu\u015fta internet s\u00fcperviz\u00f6rl\u00fc\u011f\u00fc , webmaster\u2019l\u0131\u011f\u0131 , IT direkt\u00f6rl\u00fc\u011f\u00fc ve dijital projeler koordinat\u00f6rl\u00fc\u011f\u00fc g\u00f6revlerinde bulundu. Farkl\u0131 \u00fcniversitelerin farkl\u0131 fak\u00fcltelerinde \u00f6\u011fretim g\u00f6revlisi olarak bulunmu\u015f olan \u00dcnald\u0131; \u015fu an teknoloji ve pazarlama konular\u0131 ba\u015fta olmak \u00fczere bir\u00e7ok alanda hizmet veren Unaldi Consultancy\u2019nin kurucusudur. \\u2028Selin \u00dcnald\u0131 ile evlidir. Su ve Toprak isminde iki \u00e7ocu\u011fu vard\u0131r.\",\"sameAs\":[\"http:\/\/atif.unaldi.org\/blog\",\"https:\/\/www.facebook.com\/atifunaldi\",\"https:\/\/www.instagram.com\/atifunaldi\/\",\"https:\/\/www.linkedin.com\/in\/atifunaldi\",\"https:\/\/x.com\/https:\/\/twitter.com\/atifunaldi\",\"https:\/\/www.youtube.com\/c\/atifunaldi\",\"https:\/\/soundcloud.com\/atif-unaldi\",\"https:\/\/atifunaldi.tumblr.com\"],\"url\":\"http:\/\/atif.unaldi.org\/blog\/author\/atifunaldi\/\"}]}<\/script>\n<!-- \/ Yoast SEO plugin. -->","yoast_head_json":{"title":"Diz\u00fcst\u00fc bilgisayar kullan\u0131c\u0131lar\u0131, riskli online davran\u0131\u015fa daha e\u011filimli - At\u0131f \u00dcnald\u0131","robots":{"index":"index","follow":"follow","max-snippet":"max-snippet:-1","max-image-preview":"max-image-preview:large","max-video-preview":"max-video-preview:-1"},"canonical":"http:\/\/atif.unaldi.org\/blog\/2009\/03\/23\/dizustu-bilgisayar-kullanicilari-riskli-online-davranisa-daha-egilimli\/","og_locale":"tr_TR","og_type":"article","og_title":"Diz\u00fcst\u00fc bilgisayar kullan\u0131c\u0131lar\u0131, riskli online davran\u0131\u015fa daha e\u011filimli - At\u0131f \u00dcnald\u0131","og_description":"Trend Micro taraf\u0131ndan yapt\u0131r\u0131lan &#8220;Kurumsal Son Kullan\u0131c\u0131n\u0131n Web Tehditleri Fark\u0131ndal\u0131\u011f\u0131*&#8221; ara\u015ft\u0131rmas\u0131nda, diz\u00fcst\u00fc bilgisayar kullan\u0131c\u0131lar\u0131n\u0131n masa\u00fcst\u00fc bilgisayar kullan\u0131c\u0131lar\u0131na g\u00f6re riskli online davran\u0131\u015fta bulunmaya daha e\u011filimli olduklar\u0131n\u0131 kan\u0131tlad\u0131.","og_url":"http:\/\/atif.unaldi.org\/blog\/2009\/03\/23\/dizustu-bilgisayar-kullanicilari-riskli-online-davranisa-daha-egilimli\/","og_site_name":"At\u0131f \u00dcnald\u0131","article_publisher":"https:\/\/www.facebook.com\/atifunaldi","article_author":"https:\/\/www.facebook.com\/atifunaldi","article_published_time":"2009-03-23T08:39:17+00:00","og_image":[{"url":"http:\/\/aksamnetizen.files.wordpress.com\/2009\/03\/trend-micro1.jpg","type":"","width":"","height":""}],"author":"Atif Unaldi","twitter_card":"summary_large_image","twitter_creator":"@https:\/\/twitter.com\/atifunaldi","twitter_site":"@atifunaldi","twitter_misc":{"Yazan:":"Atif Unaldi","Tahmini okuma s\u00fcresi":"2 dakika"},"schema":{"@context":"https:\/\/schema.org","@graph":[{"@type":"Article","@id":"http:\/\/atif.unaldi.org\/blog\/2009\/03\/23\/dizustu-bilgisayar-kullanicilari-riskli-online-davranisa-daha-egilimli\/#article","isPartOf":{"@id":"http:\/\/atif.unaldi.org\/blog\/2009\/03\/23\/dizustu-bilgisayar-kullanicilari-riskli-online-davranisa-daha-egilimli\/"},"author":{"name":"Atif Unaldi","@id":"http:\/\/atif.unaldi.org\/blog\/#\/schema\/person\/608ed42ecbda2bc5cfdb767ac1db479b"},"headline":"Diz\u00fcst\u00fc bilgisayar kullan\u0131c\u0131lar\u0131, riskli online davran\u0131\u015fa daha e\u011filimli","datePublished":"2009-03-23T08:39:17+00:00","mainEntityOfPage":{"@id":"http:\/\/atif.unaldi.org\/blog\/2009\/03\/23\/dizustu-bilgisayar-kullanicilari-riskli-online-davranisa-daha-egilimli\/"},"wordCount":440,"commentCount":0,"publisher":{"@id":"http:\/\/atif.unaldi.org\/blog\/#\/schema\/person\/608ed42ecbda2bc5cfdb767ac1db479b"},"image":{"@id":"http:\/\/atif.unaldi.org\/blog\/2009\/03\/23\/dizustu-bilgisayar-kullanicilari-riskli-online-davranisa-daha-egilimli\/#primaryimage"},"thumbnailUrl":"http:\/\/aksamnetizen.files.wordpress.com\/2009\/03\/trend-micro1.jpg","articleSection":["Blogum"],"inLanguage":"tr","potentialAction":[{"@type":"CommentAction","name":"Comment","target":["http:\/\/atif.unaldi.org\/blog\/2009\/03\/23\/dizustu-bilgisayar-kullanicilari-riskli-online-davranisa-daha-egilimli\/#respond"]}]},{"@type":"WebPage","@id":"http:\/\/atif.unaldi.org\/blog\/2009\/03\/23\/dizustu-bilgisayar-kullanicilari-riskli-online-davranisa-daha-egilimli\/","url":"http:\/\/atif.unaldi.org\/blog\/2009\/03\/23\/dizustu-bilgisayar-kullanicilari-riskli-online-davranisa-daha-egilimli\/","name":"Diz\u00fcst\u00fc bilgisayar kullan\u0131c\u0131lar\u0131, riskli online davran\u0131\u015fa daha e\u011filimli - At\u0131f \u00dcnald\u0131","isPartOf":{"@id":"http:\/\/atif.unaldi.org\/blog\/#website"},"primaryImageOfPage":{"@id":"http:\/\/atif.unaldi.org\/blog\/2009\/03\/23\/dizustu-bilgisayar-kullanicilari-riskli-online-davranisa-daha-egilimli\/#primaryimage"},"image":{"@id":"http:\/\/atif.unaldi.org\/blog\/2009\/03\/23\/dizustu-bilgisayar-kullanicilari-riskli-online-davranisa-daha-egilimli\/#primaryimage"},"thumbnailUrl":"http:\/\/aksamnetizen.files.wordpress.com\/2009\/03\/trend-micro1.jpg","datePublished":"2009-03-23T08:39:17+00:00","breadcrumb":{"@id":"http:\/\/atif.unaldi.org\/blog\/2009\/03\/23\/dizustu-bilgisayar-kullanicilari-riskli-online-davranisa-daha-egilimli\/#breadcrumb"},"inLanguage":"tr","potentialAction":[{"@type":"ReadAction","target":["http:\/\/atif.unaldi.org\/blog\/2009\/03\/23\/dizustu-bilgisayar-kullanicilari-riskli-online-davranisa-daha-egilimli\/"]}]},{"@type":"ImageObject","inLanguage":"tr","@id":"http:\/\/atif.unaldi.org\/blog\/2009\/03\/23\/dizustu-bilgisayar-kullanicilari-riskli-online-davranisa-daha-egilimli\/#primaryimage","url":"http:\/\/aksamnetizen.files.wordpress.com\/2009\/03\/trend-micro1.jpg","contentUrl":"http:\/\/aksamnetizen.files.wordpress.com\/2009\/03\/trend-micro1.jpg"},{"@type":"BreadcrumbList","@id":"http:\/\/atif.unaldi.org\/blog\/2009\/03\/23\/dizustu-bilgisayar-kullanicilari-riskli-online-davranisa-daha-egilimli\/#breadcrumb","itemListElement":[{"@type":"ListItem","position":1,"name":"Anasayfa","item":"http:\/\/atif.unaldi.org\/blog\/"},{"@type":"ListItem","position":2,"name":"Diz\u00fcst\u00fc bilgisayar kullan\u0131c\u0131lar\u0131, riskli online davran\u0131\u015fa daha e\u011filimli"}]},{"@type":"WebSite","@id":"http:\/\/atif.unaldi.org\/blog\/#website","url":"http:\/\/atif.unaldi.org\/blog\/","name":"At\u0131f \u00dcnald\u0131","description":"Yazar","publisher":{"@id":"http:\/\/atif.unaldi.org\/blog\/#\/schema\/person\/608ed42ecbda2bc5cfdb767ac1db479b"},"alternateName":"At\u0131f \u00dcnald\u0131 Blog","potentialAction":[{"@type":"SearchAction","target":{"@type":"EntryPoint","urlTemplate":"http:\/\/atif.unaldi.org\/blog\/?s={search_term_string}"},"query-input":{"@type":"PropertyValueSpecification","valueRequired":true,"valueName":"search_term_string"}}],"inLanguage":"tr"},{"@type":["Person","Organization"],"@id":"http:\/\/atif.unaldi.org\/blog\/#\/schema\/person\/608ed42ecbda2bc5cfdb767ac1db479b","name":"Atif Unaldi","image":{"@type":"ImageObject","inLanguage":"tr","@id":"http:\/\/atif.unaldi.org\/blog\/#\/schema\/person\/image\/","url":"http:\/\/atif.unaldi.org\/blog\/wp-content\/uploads\/2022\/10\/cropped-a94e8f7a-67c4-4d65-8a5f-032ba784be53-2.jpg","contentUrl":"http:\/\/atif.unaldi.org\/blog\/wp-content\/uploads\/2022\/10\/cropped-a94e8f7a-67c4-4d65-8a5f-032ba784be53-2.jpg","width":512,"height":512,"caption":"Atif Unaldi"},"logo":{"@id":"http:\/\/atif.unaldi.org\/blog\/#\/schema\/person\/image\/"},"description":"Bo\u011fazi\u00e7i \u00dcniversitesinde Fizik B\u00f6l\u00fcm\u00fc\u2019nde e\u011fitim ald\u0131\u011f\u0131 y\u0131llarda T\u00fcrkiye\u2019de ilk kez iki bilgisayar\u0131 telefon hatlar\u0131 \u00fczerinden konu\u015fturan BBS sistemini kurarak, T\u00fcrkiye\u2019deki ilk internet a\u011f\u0131n\u0131 olu\u015fturmu\u015ftur. Bir \u00e7ok radyo ve televizyonda program yap\u0131mc\u0131l\u0131\u011f\u0131 ve sunuculu\u011funu, bir \u00e7ok teknoloji dergisinde k\u00f6\u015fe yazarl\u0131\u011f\u0131, bili\u015fim edit\u00f6rl\u00fc\u011f\u00fc ve genel yay\u0131n y\u00f6netmenli\u011fi yapt\u0131. T\u00fcrkiye\u2019deki ilk internet servis sa\u011flay\u0131c\u0131s\u0131n\u0131n genel m\u00fcd\u00fcrl\u00fc\u011f\u00fcn\u00fc \u00fcstlendi. Bir \u00e7ok organizasyon ve kurulu\u015fta internet s\u00fcperviz\u00f6rl\u00fc\u011f\u00fc , webmaster\u2019l\u0131\u011f\u0131 , IT direkt\u00f6rl\u00fc\u011f\u00fc ve dijital projeler koordinat\u00f6rl\u00fc\u011f\u00fc g\u00f6revlerinde bulundu. Farkl\u0131 \u00fcniversitelerin farkl\u0131 fak\u00fcltelerinde \u00f6\u011fretim g\u00f6revlisi olarak bulunmu\u015f olan \u00dcnald\u0131; \u015fu an teknoloji ve pazarlama konular\u0131 ba\u015fta olmak \u00fczere bir\u00e7ok alanda hizmet veren Unaldi Consultancy\u2019nin kurucusudur. \u2028Selin \u00dcnald\u0131 ile evlidir. Su ve Toprak isminde iki \u00e7ocu\u011fu vard\u0131r.","sameAs":["http:\/\/atif.unaldi.org\/blog","https:\/\/www.facebook.com\/atifunaldi","https:\/\/www.instagram.com\/atifunaldi\/","https:\/\/www.linkedin.com\/in\/atifunaldi","https:\/\/x.com\/https:\/\/twitter.com\/atifunaldi","https:\/\/www.youtube.com\/c\/atifunaldi","https:\/\/soundcloud.com\/atif-unaldi","https:\/\/atifunaldi.tumblr.com"],"url":"http:\/\/atif.unaldi.org\/blog\/author\/atifunaldi\/"}]}},"jetpack_featured_media_url":"","_links":{"self":[{"href":"http:\/\/atif.unaldi.org\/blog\/wp-json\/wp\/v2\/posts\/810","targetHints":{"allow":["GET"]}}],"collection":[{"href":"http:\/\/atif.unaldi.org\/blog\/wp-json\/wp\/v2\/posts"}],"about":[{"href":"http:\/\/atif.unaldi.org\/blog\/wp-json\/wp\/v2\/types\/post"}],"author":[{"embeddable":true,"href":"http:\/\/atif.unaldi.org\/blog\/wp-json\/wp\/v2\/users\/2"}],"replies":[{"embeddable":true,"href":"http:\/\/atif.unaldi.org\/blog\/wp-json\/wp\/v2\/comments?post=810"}],"version-history":[{"count":0,"href":"http:\/\/atif.unaldi.org\/blog\/wp-json\/wp\/v2\/posts\/810\/revisions"}],"wp:attachment":[{"href":"http:\/\/atif.unaldi.org\/blog\/wp-json\/wp\/v2\/media?parent=810"}],"wp:term":[{"taxonomy":"category","embeddable":true,"href":"http:\/\/atif.unaldi.org\/blog\/wp-json\/wp\/v2\/categories?post=810"},{"taxonomy":"post_tag","embeddable":true,"href":"http:\/\/atif.unaldi.org\/blog\/wp-json\/wp\/v2\/tags?post=810"}],"curies":[{"name":"wp","href":"https:\/\/api.w.org\/{rel}","templated":true}]}}