{"id":811,"date":"2009-03-24T07:35:34","date_gmt":"2009-03-24T07:35:34","guid":{"rendered":"http:\/\/aksamnetizen.wordpress.com\/?p=760"},"modified":"2009-03-24T07:35:34","modified_gmt":"2009-03-24T07:35:34","slug":"tekstilde-bilisimle-degisim-firsatlari","status":"publish","type":"post","link":"http:\/\/atif.unaldi.org\/blog\/2009\/03\/24\/tekstilde-bilisimle-degisim-firsatlari\/","title":{"rendered":"Tekstilde Bili\u015fimle De\u011fi\u015fim F\u0131rsatlar\u0131"},"content":{"rendered":"<p style=\"text-align:justify;\"><img loading=\"lazy\" decoding=\"async\" class=\"alignleft size-full wp-image-762\" title=\"ihkib1\" src=\"http:\/\/aksamnetizen.files.wordpress.com\/2009\/03\/ihkib1.jpg\" alt=\"ihkib1\" width=\"214\" height=\"148\" \/>\u0130stanbul Tekstil ve Konfeksiyon \u0130hracat\u00e7\u0131 Birlikleri (\u0130TK\u0130B) ile Elsys, \u00a0i\u015fbirli\u011fiyle\u00a0&#8220;Tekstilde Bili\u015fimle De\u011fi\u015fim F\u0131rsatlar\u0131&#8221; ba\u015fl\u0131kl\u0131 bir toplant\u0131 d\u00fczenledi.<!--more-->\u00a0\u0130TK\u0130B D\u0131\u015f Ticaret Kompleksi&#8217;nde 100&#8217;\u00fcn \u00fczerinde tekstil sanayicisi, y\u00f6netici ve bili\u015fim uzmanlar\u0131n\u0131n kat\u0131ld\u0131\u011f\u0131 toplant\u0131,\u00a0tekstil sekt\u00f6r\u00fcn\u00fcn bili\u015fimden nas\u0131l daha fazla faydalanabilece\u011fi\u00a0ve rekabet\u00e7i g\u00fcc\u00fcn\u00fc\u00a0art\u0131rabilece\u011fi konusundayd\u0131.<\/p>\n<p style=\"text-align:justify;\">\u0130HK\u0130B eski Ba\u015fkan\u0131 Nuri Artok, toplant\u0131n\u0131n a\u00e7\u0131l\u0131\u015f konu\u015fmas\u0131nda &#8220;Daha h\u0131zl\u0131, rekabet\u00e7i, esnek ve hatas\u0131z \u00e7al\u0131\u015fmak i\u00e7in ne yapabilirim, sorusunun yan\u0131t\u0131n\u0131 b\u00fcy\u00fck oranda teknolojinin i\u00e7inde bulabilirsiniz.&#8221; dedi.\u00a0 Elsys Genel M\u00fcd\u00fcr\u00fc Sava\u015f Komban, fason \u00fcreticiler, tedarik\u00e7iler, bayiler gibi bir\u00e7ok kurumla i\u015f birli\u011fi halinde \u00e7al\u0131\u015fan tekstil \u015firketlerini, tedarik zincirinin birer halkas\u0131 olarak tan\u0131mlayarak, &#8220;Bu halkalar birbirine ne kadar entegre \u00e7al\u0131\u015f\u0131rsa operasyonel m\u00fckemmellik de o kadar artacakt\u0131r.&#8221; \u015feklinde konu\u015ftu. Komban ayr\u0131ca i\u015fletme i\u00e7i verimlilik ba\u015fl\u0131\u011f\u0131 alt\u0131nda, de\u011fi\u015fiklikleri y\u00f6netebilmek, anl\u0131k sat\u0131\u015flar\u0131, maliyetleri, stoklar\u0131 takip edebilmek i\u00e7in kaliteli veriye sahip olman\u0131n ka\u00e7\u0131n\u0131lmaz oldu\u011funu s\u00f6yledi.<\/p>\n<p style=\"text-align:justify;\">Elsys Profesyonel Hizmetler Direkt\u00f6r\u00fc Amere Oakmanise yapt\u0131\u011f\u0131 konu\u015fmada, &#8220;Kurumsal yol haritan\u0131zda, size yol g\u00f6steren unsurlar\u0131n ba\u015f\u0131nda kurumsal yaz\u0131l\u0131m \u00e7\u00f6z\u00fcmleri geliyor. Bu \u00e7\u00f6z\u00fcmleri ba\u015far\u0131yla uygulayabilmek i\u00e7in insan kayna\u011f\u0131n\u0131z\u0131n bak\u0131\u015f a\u00e7\u0131s\u0131n\u0131n da ayn\u0131 y\u00f6nde olmas\u0131 b\u00fcy\u00fck \u00f6nem ta\u015f\u0131yor.&#8221; dedi.<\/p>\n","protected":false},"excerpt":{"rendered":"<p>\u0130stanbul Tekstil ve Konfeksiyon \u0130hracat\u00e7\u0131 Birlikleri (\u0130TK\u0130B) ile Elsys, \u00a0i\u015fbirli\u011fiyle\u00a0&#8220;Tekstilde Bili\u015fimle De\u011fi\u015fim F\u0131rsatlar\u0131&#8221; ba\u015fl\u0131kl\u0131 bir toplant\u0131 d\u00fczenledi.<\/p>\n","protected":false},"author":2,"featured_media":0,"comment_status":"open","ping_status":"open","sticky":false,"template":"","format":"standard","meta":{"footnotes":""},"categories":[3],"tags":[],"class_list":["post-811","post","type-post","status-publish","format-standard","hentry","category-blogum"],"yoast_head":"<!-- This site is optimized with the Yoast SEO plugin v26.8 - https:\/\/yoast.com\/product\/yoast-seo-wordpress\/ -->\n<title>Tekstilde Bili\u015fimle De\u011fi\u015fim F\u0131rsatlar\u0131 - At\u0131f \u00dcnald\u0131<\/title>\n<meta name=\"robots\" content=\"index, follow, max-snippet:-1, max-image-preview:large, max-video-preview:-1\" \/>\n<link rel=\"canonical\" href=\"http:\/\/atif.unaldi.org\/blog\/2009\/03\/24\/tekstilde-bilisimle-degisim-firsatlari\/\" \/>\n<meta property=\"og:locale\" content=\"tr_TR\" \/>\n<meta property=\"og:type\" content=\"article\" \/>\n<meta property=\"og:title\" content=\"Tekstilde Bili\u015fimle De\u011fi\u015fim F\u0131rsatlar\u0131 - At\u0131f \u00dcnald\u0131\" \/>\n<meta property=\"og:description\" content=\"\u0130stanbul Tekstil ve Konfeksiyon \u0130hracat\u00e7\u0131 Birlikleri (\u0130TK\u0130B) ile Elsys, \u00a0i\u015fbirli\u011fiyle\u00a0&#8220;Tekstilde Bili\u015fimle De\u011fi\u015fim F\u0131rsatlar\u0131&#8221; ba\u015fl\u0131kl\u0131 bir toplant\u0131 d\u00fczenledi.\" \/>\n<meta property=\"og:url\" content=\"http:\/\/atif.unaldi.org\/blog\/2009\/03\/24\/tekstilde-bilisimle-degisim-firsatlari\/\" \/>\n<meta property=\"og:site_name\" content=\"At\u0131f \u00dcnald\u0131\" \/>\n<meta property=\"article:publisher\" content=\"https:\/\/www.facebook.com\/atifunaldi\" \/>\n<meta property=\"article:author\" content=\"https:\/\/www.facebook.com\/atifunaldi\" \/>\n<meta property=\"article:published_time\" content=\"2009-03-24T07:35:34+00:00\" \/>\n<meta property=\"og:image\" content=\"http:\/\/aksamnetizen.files.wordpress.com\/2009\/03\/ihkib1.jpg\" \/>\n<meta name=\"author\" content=\"Atif Unaldi\" \/>\n<meta name=\"twitter:card\" content=\"summary_large_image\" \/>\n<meta name=\"twitter:creator\" content=\"@https:\/\/twitter.com\/atifunaldi\" \/>\n<meta name=\"twitter:site\" content=\"@atifunaldi\" \/>\n<meta name=\"twitter:label1\" content=\"Yazan:\" \/>\n\t<meta name=\"twitter:data1\" content=\"Atif Unaldi\" \/>\n\t<meta name=\"twitter:label2\" content=\"Tahmini okuma s\u00fcresi\" \/>\n\t<meta name=\"twitter:data2\" content=\"1 dakika\" \/>\n<script type=\"application\/ld+json\" class=\"yoast-schema-graph\">{\"@context\":\"https:\/\/schema.org\",\"@graph\":[{\"@type\":\"Article\",\"@id\":\"http:\/\/atif.unaldi.org\/blog\/2009\/03\/24\/tekstilde-bilisimle-degisim-firsatlari\/#article\",\"isPartOf\":{\"@id\":\"http:\/\/atif.unaldi.org\/blog\/2009\/03\/24\/tekstilde-bilisimle-degisim-firsatlari\/\"},\"author\":{\"name\":\"Atif Unaldi\",\"@id\":\"http:\/\/atif.unaldi.org\/blog\/#\/schema\/person\/608ed42ecbda2bc5cfdb767ac1db479b\"},\"headline\":\"Tekstilde Bili\u015fimle De\u011fi\u015fim F\u0131rsatlar\u0131\",\"datePublished\":\"2009-03-24T07:35:34+00:00\",\"mainEntityOfPage\":{\"@id\":\"http:\/\/atif.unaldi.org\/blog\/2009\/03\/24\/tekstilde-bilisimle-degisim-firsatlari\/\"},\"wordCount\":272,\"commentCount\":0,\"publisher\":{\"@id\":\"http:\/\/atif.unaldi.org\/blog\/#\/schema\/person\/608ed42ecbda2bc5cfdb767ac1db479b\"},\"image\":{\"@id\":\"http:\/\/atif.unaldi.org\/blog\/2009\/03\/24\/tekstilde-bilisimle-degisim-firsatlari\/#primaryimage\"},\"thumbnailUrl\":\"http:\/\/aksamnetizen.files.wordpress.com\/2009\/03\/ihkib1.jpg\",\"articleSection\":[\"Blogum\"],\"inLanguage\":\"tr\",\"potentialAction\":[{\"@type\":\"CommentAction\",\"name\":\"Comment\",\"target\":[\"http:\/\/atif.unaldi.org\/blog\/2009\/03\/24\/tekstilde-bilisimle-degisim-firsatlari\/#respond\"]}]},{\"@type\":\"WebPage\",\"@id\":\"http:\/\/atif.unaldi.org\/blog\/2009\/03\/24\/tekstilde-bilisimle-degisim-firsatlari\/\",\"url\":\"http:\/\/atif.unaldi.org\/blog\/2009\/03\/24\/tekstilde-bilisimle-degisim-firsatlari\/\",\"name\":\"Tekstilde Bili\u015fimle De\u011fi\u015fim F\u0131rsatlar\u0131 - At\u0131f \u00dcnald\u0131\",\"isPartOf\":{\"@id\":\"http:\/\/atif.unaldi.org\/blog\/#website\"},\"primaryImageOfPage\":{\"@id\":\"http:\/\/atif.unaldi.org\/blog\/2009\/03\/24\/tekstilde-bilisimle-degisim-firsatlari\/#primaryimage\"},\"image\":{\"@id\":\"http:\/\/atif.unaldi.org\/blog\/2009\/03\/24\/tekstilde-bilisimle-degisim-firsatlari\/#primaryimage\"},\"thumbnailUrl\":\"http:\/\/aksamnetizen.files.wordpress.com\/2009\/03\/ihkib1.jpg\",\"datePublished\":\"2009-03-24T07:35:34+00:00\",\"breadcrumb\":{\"@id\":\"http:\/\/atif.unaldi.org\/blog\/2009\/03\/24\/tekstilde-bilisimle-degisim-firsatlari\/#breadcrumb\"},\"inLanguage\":\"tr\",\"potentialAction\":[{\"@type\":\"ReadAction\",\"target\":[\"http:\/\/atif.unaldi.org\/blog\/2009\/03\/24\/tekstilde-bilisimle-degisim-firsatlari\/\"]}]},{\"@type\":\"ImageObject\",\"inLanguage\":\"tr\",\"@id\":\"http:\/\/atif.unaldi.org\/blog\/2009\/03\/24\/tekstilde-bilisimle-degisim-firsatlari\/#primaryimage\",\"url\":\"http:\/\/aksamnetizen.files.wordpress.com\/2009\/03\/ihkib1.jpg\",\"contentUrl\":\"http:\/\/aksamnetizen.files.wordpress.com\/2009\/03\/ihkib1.jpg\"},{\"@type\":\"BreadcrumbList\",\"@id\":\"http:\/\/atif.unaldi.org\/blog\/2009\/03\/24\/tekstilde-bilisimle-degisim-firsatlari\/#breadcrumb\",\"itemListElement\":[{\"@type\":\"ListItem\",\"position\":1,\"name\":\"Anasayfa\",\"item\":\"http:\/\/atif.unaldi.org\/blog\/\"},{\"@type\":\"ListItem\",\"position\":2,\"name\":\"Tekstilde Bili\u015fimle De\u011fi\u015fim F\u0131rsatlar\u0131\"}]},{\"@type\":\"WebSite\",\"@id\":\"http:\/\/atif.unaldi.org\/blog\/#website\",\"url\":\"http:\/\/atif.unaldi.org\/blog\/\",\"name\":\"At\u0131f \u00dcnald\u0131\",\"description\":\"Yazar\",\"publisher\":{\"@id\":\"http:\/\/atif.unaldi.org\/blog\/#\/schema\/person\/608ed42ecbda2bc5cfdb767ac1db479b\"},\"alternateName\":\"At\u0131f \u00dcnald\u0131 Blog\",\"potentialAction\":[{\"@type\":\"SearchAction\",\"target\":{\"@type\":\"EntryPoint\",\"urlTemplate\":\"http:\/\/atif.unaldi.org\/blog\/?s={search_term_string}\"},\"query-input\":{\"@type\":\"PropertyValueSpecification\",\"valueRequired\":true,\"valueName\":\"search_term_string\"}}],\"inLanguage\":\"tr\"},{\"@type\":[\"Person\",\"Organization\"],\"@id\":\"http:\/\/atif.unaldi.org\/blog\/#\/schema\/person\/608ed42ecbda2bc5cfdb767ac1db479b\",\"name\":\"Atif Unaldi\",\"image\":{\"@type\":\"ImageObject\",\"inLanguage\":\"tr\",\"@id\":\"http:\/\/atif.unaldi.org\/blog\/#\/schema\/person\/image\/\",\"url\":\"http:\/\/atif.unaldi.org\/blog\/wp-content\/uploads\/2022\/10\/cropped-a94e8f7a-67c4-4d65-8a5f-032ba784be53-2.jpg\",\"contentUrl\":\"http:\/\/atif.unaldi.org\/blog\/wp-content\/uploads\/2022\/10\/cropped-a94e8f7a-67c4-4d65-8a5f-032ba784be53-2.jpg\",\"width\":512,\"height\":512,\"caption\":\"Atif Unaldi\"},\"logo\":{\"@id\":\"http:\/\/atif.unaldi.org\/blog\/#\/schema\/person\/image\/\"},\"description\":\"Bo\u011fazi\u00e7i \u00dcniversitesinde Fizik B\u00f6l\u00fcm\u00fc\u2019nde e\u011fitim ald\u0131\u011f\u0131 y\u0131llarda T\u00fcrkiye\u2019de ilk kez iki bilgisayar\u0131 telefon hatlar\u0131 \u00fczerinden konu\u015fturan BBS sistemini kurarak, T\u00fcrkiye\u2019deki ilk internet a\u011f\u0131n\u0131 olu\u015fturmu\u015ftur. Bir \u00e7ok radyo ve televizyonda program yap\u0131mc\u0131l\u0131\u011f\u0131 ve sunuculu\u011funu, bir \u00e7ok teknoloji dergisinde k\u00f6\u015fe yazarl\u0131\u011f\u0131, bili\u015fim edit\u00f6rl\u00fc\u011f\u00fc ve genel yay\u0131n y\u00f6netmenli\u011fi yapt\u0131. T\u00fcrkiye\u2019deki ilk internet servis sa\u011flay\u0131c\u0131s\u0131n\u0131n genel m\u00fcd\u00fcrl\u00fc\u011f\u00fcn\u00fc \u00fcstlendi. Bir \u00e7ok organizasyon ve kurulu\u015fta internet s\u00fcperviz\u00f6rl\u00fc\u011f\u00fc , webmaster\u2019l\u0131\u011f\u0131 , IT direkt\u00f6rl\u00fc\u011f\u00fc ve dijital projeler koordinat\u00f6rl\u00fc\u011f\u00fc g\u00f6revlerinde bulundu. Farkl\u0131 \u00fcniversitelerin farkl\u0131 fak\u00fcltelerinde \u00f6\u011fretim g\u00f6revlisi olarak bulunmu\u015f olan \u00dcnald\u0131; \u015fu an teknoloji ve pazarlama konular\u0131 ba\u015fta olmak \u00fczere bir\u00e7ok alanda hizmet veren Unaldi Consultancy\u2019nin kurucusudur. \\u2028Selin \u00dcnald\u0131 ile evlidir. Su ve Toprak isminde iki \u00e7ocu\u011fu vard\u0131r.\",\"sameAs\":[\"http:\/\/atif.unaldi.org\/blog\",\"https:\/\/www.facebook.com\/atifunaldi\",\"https:\/\/www.instagram.com\/atifunaldi\/\",\"https:\/\/www.linkedin.com\/in\/atifunaldi\",\"https:\/\/x.com\/https:\/\/twitter.com\/atifunaldi\",\"https:\/\/www.youtube.com\/c\/atifunaldi\",\"https:\/\/soundcloud.com\/atif-unaldi\",\"https:\/\/atifunaldi.tumblr.com\"],\"url\":\"http:\/\/atif.unaldi.org\/blog\/author\/atifunaldi\/\"}]}<\/script>\n<!-- \/ Yoast SEO plugin. -->","yoast_head_json":{"title":"Tekstilde Bili\u015fimle De\u011fi\u015fim F\u0131rsatlar\u0131 - At\u0131f \u00dcnald\u0131","robots":{"index":"index","follow":"follow","max-snippet":"max-snippet:-1","max-image-preview":"max-image-preview:large","max-video-preview":"max-video-preview:-1"},"canonical":"http:\/\/atif.unaldi.org\/blog\/2009\/03\/24\/tekstilde-bilisimle-degisim-firsatlari\/","og_locale":"tr_TR","og_type":"article","og_title":"Tekstilde Bili\u015fimle De\u011fi\u015fim F\u0131rsatlar\u0131 - At\u0131f \u00dcnald\u0131","og_description":"\u0130stanbul Tekstil ve Konfeksiyon \u0130hracat\u00e7\u0131 Birlikleri (\u0130TK\u0130B) ile Elsys, \u00a0i\u015fbirli\u011fiyle\u00a0&#8220;Tekstilde Bili\u015fimle De\u011fi\u015fim F\u0131rsatlar\u0131&#8221; ba\u015fl\u0131kl\u0131 bir toplant\u0131 d\u00fczenledi.","og_url":"http:\/\/atif.unaldi.org\/blog\/2009\/03\/24\/tekstilde-bilisimle-degisim-firsatlari\/","og_site_name":"At\u0131f \u00dcnald\u0131","article_publisher":"https:\/\/www.facebook.com\/atifunaldi","article_author":"https:\/\/www.facebook.com\/atifunaldi","article_published_time":"2009-03-24T07:35:34+00:00","og_image":[{"url":"http:\/\/aksamnetizen.files.wordpress.com\/2009\/03\/ihkib1.jpg","type":"","width":"","height":""}],"author":"Atif Unaldi","twitter_card":"summary_large_image","twitter_creator":"@https:\/\/twitter.com\/atifunaldi","twitter_site":"@atifunaldi","twitter_misc":{"Yazan:":"Atif Unaldi","Tahmini okuma s\u00fcresi":"1 dakika"},"schema":{"@context":"https:\/\/schema.org","@graph":[{"@type":"Article","@id":"http:\/\/atif.unaldi.org\/blog\/2009\/03\/24\/tekstilde-bilisimle-degisim-firsatlari\/#article","isPartOf":{"@id":"http:\/\/atif.unaldi.org\/blog\/2009\/03\/24\/tekstilde-bilisimle-degisim-firsatlari\/"},"author":{"name":"Atif Unaldi","@id":"http:\/\/atif.unaldi.org\/blog\/#\/schema\/person\/608ed42ecbda2bc5cfdb767ac1db479b"},"headline":"Tekstilde Bili\u015fimle De\u011fi\u015fim F\u0131rsatlar\u0131","datePublished":"2009-03-24T07:35:34+00:00","mainEntityOfPage":{"@id":"http:\/\/atif.unaldi.org\/blog\/2009\/03\/24\/tekstilde-bilisimle-degisim-firsatlari\/"},"wordCount":272,"commentCount":0,"publisher":{"@id":"http:\/\/atif.unaldi.org\/blog\/#\/schema\/person\/608ed42ecbda2bc5cfdb767ac1db479b"},"image":{"@id":"http:\/\/atif.unaldi.org\/blog\/2009\/03\/24\/tekstilde-bilisimle-degisim-firsatlari\/#primaryimage"},"thumbnailUrl":"http:\/\/aksamnetizen.files.wordpress.com\/2009\/03\/ihkib1.jpg","articleSection":["Blogum"],"inLanguage":"tr","potentialAction":[{"@type":"CommentAction","name":"Comment","target":["http:\/\/atif.unaldi.org\/blog\/2009\/03\/24\/tekstilde-bilisimle-degisim-firsatlari\/#respond"]}]},{"@type":"WebPage","@id":"http:\/\/atif.unaldi.org\/blog\/2009\/03\/24\/tekstilde-bilisimle-degisim-firsatlari\/","url":"http:\/\/atif.unaldi.org\/blog\/2009\/03\/24\/tekstilde-bilisimle-degisim-firsatlari\/","name":"Tekstilde Bili\u015fimle De\u011fi\u015fim F\u0131rsatlar\u0131 - At\u0131f \u00dcnald\u0131","isPartOf":{"@id":"http:\/\/atif.unaldi.org\/blog\/#website"},"primaryImageOfPage":{"@id":"http:\/\/atif.unaldi.org\/blog\/2009\/03\/24\/tekstilde-bilisimle-degisim-firsatlari\/#primaryimage"},"image":{"@id":"http:\/\/atif.unaldi.org\/blog\/2009\/03\/24\/tekstilde-bilisimle-degisim-firsatlari\/#primaryimage"},"thumbnailUrl":"http:\/\/aksamnetizen.files.wordpress.com\/2009\/03\/ihkib1.jpg","datePublished":"2009-03-24T07:35:34+00:00","breadcrumb":{"@id":"http:\/\/atif.unaldi.org\/blog\/2009\/03\/24\/tekstilde-bilisimle-degisim-firsatlari\/#breadcrumb"},"inLanguage":"tr","potentialAction":[{"@type":"ReadAction","target":["http:\/\/atif.unaldi.org\/blog\/2009\/03\/24\/tekstilde-bilisimle-degisim-firsatlari\/"]}]},{"@type":"ImageObject","inLanguage":"tr","@id":"http:\/\/atif.unaldi.org\/blog\/2009\/03\/24\/tekstilde-bilisimle-degisim-firsatlari\/#primaryimage","url":"http:\/\/aksamnetizen.files.wordpress.com\/2009\/03\/ihkib1.jpg","contentUrl":"http:\/\/aksamnetizen.files.wordpress.com\/2009\/03\/ihkib1.jpg"},{"@type":"BreadcrumbList","@id":"http:\/\/atif.unaldi.org\/blog\/2009\/03\/24\/tekstilde-bilisimle-degisim-firsatlari\/#breadcrumb","itemListElement":[{"@type":"ListItem","position":1,"name":"Anasayfa","item":"http:\/\/atif.unaldi.org\/blog\/"},{"@type":"ListItem","position":2,"name":"Tekstilde Bili\u015fimle De\u011fi\u015fim F\u0131rsatlar\u0131"}]},{"@type":"WebSite","@id":"http:\/\/atif.unaldi.org\/blog\/#website","url":"http:\/\/atif.unaldi.org\/blog\/","name":"At\u0131f \u00dcnald\u0131","description":"Yazar","publisher":{"@id":"http:\/\/atif.unaldi.org\/blog\/#\/schema\/person\/608ed42ecbda2bc5cfdb767ac1db479b"},"alternateName":"At\u0131f \u00dcnald\u0131 Blog","potentialAction":[{"@type":"SearchAction","target":{"@type":"EntryPoint","urlTemplate":"http:\/\/atif.unaldi.org\/blog\/?s={search_term_string}"},"query-input":{"@type":"PropertyValueSpecification","valueRequired":true,"valueName":"search_term_string"}}],"inLanguage":"tr"},{"@type":["Person","Organization"],"@id":"http:\/\/atif.unaldi.org\/blog\/#\/schema\/person\/608ed42ecbda2bc5cfdb767ac1db479b","name":"Atif Unaldi","image":{"@type":"ImageObject","inLanguage":"tr","@id":"http:\/\/atif.unaldi.org\/blog\/#\/schema\/person\/image\/","url":"http:\/\/atif.unaldi.org\/blog\/wp-content\/uploads\/2022\/10\/cropped-a94e8f7a-67c4-4d65-8a5f-032ba784be53-2.jpg","contentUrl":"http:\/\/atif.unaldi.org\/blog\/wp-content\/uploads\/2022\/10\/cropped-a94e8f7a-67c4-4d65-8a5f-032ba784be53-2.jpg","width":512,"height":512,"caption":"Atif Unaldi"},"logo":{"@id":"http:\/\/atif.unaldi.org\/blog\/#\/schema\/person\/image\/"},"description":"Bo\u011fazi\u00e7i \u00dcniversitesinde Fizik B\u00f6l\u00fcm\u00fc\u2019nde e\u011fitim ald\u0131\u011f\u0131 y\u0131llarda T\u00fcrkiye\u2019de ilk kez iki bilgisayar\u0131 telefon hatlar\u0131 \u00fczerinden konu\u015fturan BBS sistemini kurarak, T\u00fcrkiye\u2019deki ilk internet a\u011f\u0131n\u0131 olu\u015fturmu\u015ftur. Bir \u00e7ok radyo ve televizyonda program yap\u0131mc\u0131l\u0131\u011f\u0131 ve sunuculu\u011funu, bir \u00e7ok teknoloji dergisinde k\u00f6\u015fe yazarl\u0131\u011f\u0131, bili\u015fim edit\u00f6rl\u00fc\u011f\u00fc ve genel yay\u0131n y\u00f6netmenli\u011fi yapt\u0131. T\u00fcrkiye\u2019deki ilk internet servis sa\u011flay\u0131c\u0131s\u0131n\u0131n genel m\u00fcd\u00fcrl\u00fc\u011f\u00fcn\u00fc \u00fcstlendi. Bir \u00e7ok organizasyon ve kurulu\u015fta internet s\u00fcperviz\u00f6rl\u00fc\u011f\u00fc , webmaster\u2019l\u0131\u011f\u0131 , IT direkt\u00f6rl\u00fc\u011f\u00fc ve dijital projeler koordinat\u00f6rl\u00fc\u011f\u00fc g\u00f6revlerinde bulundu. Farkl\u0131 \u00fcniversitelerin farkl\u0131 fak\u00fcltelerinde \u00f6\u011fretim g\u00f6revlisi olarak bulunmu\u015f olan \u00dcnald\u0131; \u015fu an teknoloji ve pazarlama konular\u0131 ba\u015fta olmak \u00fczere bir\u00e7ok alanda hizmet veren Unaldi Consultancy\u2019nin kurucusudur. \u2028Selin \u00dcnald\u0131 ile evlidir. Su ve Toprak isminde iki \u00e7ocu\u011fu vard\u0131r.","sameAs":["http:\/\/atif.unaldi.org\/blog","https:\/\/www.facebook.com\/atifunaldi","https:\/\/www.instagram.com\/atifunaldi\/","https:\/\/www.linkedin.com\/in\/atifunaldi","https:\/\/x.com\/https:\/\/twitter.com\/atifunaldi","https:\/\/www.youtube.com\/c\/atifunaldi","https:\/\/soundcloud.com\/atif-unaldi","https:\/\/atifunaldi.tumblr.com"],"url":"http:\/\/atif.unaldi.org\/blog\/author\/atifunaldi\/"}]}},"jetpack_featured_media_url":"","_links":{"self":[{"href":"http:\/\/atif.unaldi.org\/blog\/wp-json\/wp\/v2\/posts\/811","targetHints":{"allow":["GET"]}}],"collection":[{"href":"http:\/\/atif.unaldi.org\/blog\/wp-json\/wp\/v2\/posts"}],"about":[{"href":"http:\/\/atif.unaldi.org\/blog\/wp-json\/wp\/v2\/types\/post"}],"author":[{"embeddable":true,"href":"http:\/\/atif.unaldi.org\/blog\/wp-json\/wp\/v2\/users\/2"}],"replies":[{"embeddable":true,"href":"http:\/\/atif.unaldi.org\/blog\/wp-json\/wp\/v2\/comments?post=811"}],"version-history":[{"count":0,"href":"http:\/\/atif.unaldi.org\/blog\/wp-json\/wp\/v2\/posts\/811\/revisions"}],"wp:attachment":[{"href":"http:\/\/atif.unaldi.org\/blog\/wp-json\/wp\/v2\/media?parent=811"}],"wp:term":[{"taxonomy":"category","embeddable":true,"href":"http:\/\/atif.unaldi.org\/blog\/wp-json\/wp\/v2\/categories?post=811"},{"taxonomy":"post_tag","embeddable":true,"href":"http:\/\/atif.unaldi.org\/blog\/wp-json\/wp\/v2\/tags?post=811"}],"curies":[{"name":"wp","href":"https:\/\/api.w.org\/{rel}","templated":true}]}}