{"id":812,"date":"2009-03-24T08:13:43","date_gmt":"2009-03-24T08:13:43","guid":{"rendered":"http:\/\/aksamnetizen.wordpress.com\/?p=769"},"modified":"2009-03-24T08:13:43","modified_gmt":"2009-03-24T08:13:43","slug":"ibm-yazilim-akademisi-inci-yilina-basladi","status":"publish","type":"post","link":"http:\/\/atif.unaldi.org\/blog\/2009\/03\/24\/ibm-yazilim-akademisi-inci-yilina-basladi\/","title":{"rendered":"IBM Yaz\u0131l\u0131m Akademisi, &#8216;inci y\u0131l\u0131na ba\u015flad\u0131"},"content":{"rendered":"<p style=\"text-align:justify;\"><img loading=\"lazy\" decoding=\"async\" class=\"alignleft size-full wp-image-771\" title=\"ibm-yazilim_akademisi_logo\" src=\"http:\/\/aksamnetizen.files.wordpress.com\/2009\/03\/ibm-yazilim_akademisi_logo.jpg\" alt=\"ibm-yazilim_akademisi_logo\" width=\"245\" height=\"89\" \/>IBM&#8217;in, gelece\u011fin yaz\u0131l\u0131mc\u0131lar\u0131n\u0131 yeti\u015ftirmek \u00fczere 2008 y\u0131l\u0131nda ba\u015flatt\u0131\u011f\u0131 &#8220;IBM Yaz\u0131l\u0131m Akademisi&#8221; yar\u0131\u015fmas\u0131na, bu y\u0131l\u00a01.100 \u00f6\u011frenci kay\u0131t yapt\u0131rd\u0131. <!--more-->Yaz\u0131l\u0131m Akademisi 2009&#8217;a, \u00e7o\u011fu bilgisayar m\u00fchendisli\u011fi dal\u0131nda olmak \u00fczere, elektrik-elektronik m\u00fchendisli\u011fi ve bilgisayar bilimi alanlar\u0131nda e\u011fitim g\u00f6ren \u00f6\u011frenciler kat\u0131ld\u0131.<\/p>\n<p style=\"text-align:justify;\">T\u00fcrkiye ve KKTC&#8217;den \u00fcniversite \u00f6\u011frencilerinin kat\u0131labildi\u011fi IBM Yaz\u0131l\u0131m Akademisi yar\u0131\u015fmas\u0131nda, DB2, XML ve PureXML teknolojileriyle ilgili at\u00f6lye \u00e7al\u0131\u015fmalar\u0131 d\u00fczenlendi ve online e\u011fitimler verildi. Ard\u0131ndan \u00f6\u011frenciler, bir akademisyenin dan\u0131\u015fmanl\u0131\u011f\u0131nda olu\u015fturduklar\u0131 ekiplerle, IBM&#8217;in sundu\u011fu senaryolar do\u011frultusunda, i\u015f hayat\u0131nda kar\u015f\u0131la\u015f\u0131lan ger\u00e7ek problemleri \u00e7\u00f6zecek yaz\u0131l\u0131m uygulamalar\u0131 geli\u015ftirmeye ba\u015flad\u0131lar.<\/p>\n<p style=\"text-align:justify;\">Bu sene 151 ekip kuran \u00f6\u011frenciler, IBM&#8217;in haz\u0131rlad\u0131\u011f\u0131; &#8220;Misyonum Su\u00e7un Olmad\u0131\u011f\u0131 Bir \u015eehir&#8221;, &#8220;\u0130nternet \u00dczerinden Sigorta&#8221;, &#8220;Ak\u0131ll\u0131 K\u00fc\u00e7\u00fck Ayg\u0131t \u00c7evrimi\u00e7i \u0130zleme Sistemi&#8221;, &#8220;GSM Tabanl\u0131 Uzaktan \u0130zleme ve Faturalama&#8221; ve &#8220;GSM Ayg\u0131t\u0131 \u0130\u00e7in \u00c7ok Dilli SMS G\u00f6nderme Uygulamas\u0131&#8221; temalar\u0131 \u00fczerinde \u00e7al\u0131\u015fmalar\u0131n\u0131 y\u00fcr\u00fct\u00fcyor. 1 Nisan 2009 tarihinde sona erecek yar\u0131\u015fma kapsam\u0131nda geli\u015ftirilen projeler bir j\u00fcri taraf\u0131ndan de\u011ferlendirilecek, ba\u015far\u0131l\u0131 bulunan \u00f6\u011frencilere ve dan\u0131\u015fman \u00f6\u011fretim \u00fcyelerine \u00e7e\u015fitli \u00f6d\u00fcller verilecek.<\/p>\n<p style=\"text-align:justify;\"><strong><em>Yaz\u0131l\u0131m Akademisi\u00a0\u00f6d\u00fclleri&#8230;<\/em><\/strong><\/p>\n<p style=\"text-align:justify;\">Yar\u0131\u015fmada 1&#8217;inci olan ekibin \u00fcyeleri, 2-3 Temmuz tarihlerinde \u0130talya&#8217;n\u0131n Roma kentindeki IBM Laboratuvar\u0131&#8217;na yap\u0131lacak teknik geziye kat\u0131lacak. Yar\u0131\u015fmada ilk 3&#8217;e giren ekibin \u00fcyeleri, ihtiya\u00e7 dahilinde olu\u015facak pozisyonlar i\u00e7in i\u015f g\u00f6r\u00fc\u015fmelerinde \u00f6nceli\u011fe sahip olacak. Yar\u0131\u015fmada ilk 5 s\u0131ray\u0131 alacak ekipler, IBM T\u00fcrk&#8217;te, &#8220;Bilgi-IBM \u0130leri Ara\u015ft\u0131rmalar Merkezi&#8221;nde ya da &#8220;IBM \u0130novasyon Merkezi&#8221;nde sa\u011flanan staj olanaklar\u0131nda \u00f6ncelik hakk\u0131 elde edecek. Ayr\u0131ca ihtiya\u00e7 halinde, IBM&#8217;de yar\u0131 zamanl\u0131 \u00e7al\u0131\u015fma olana\u011f\u0131ndan yararlanabilecek.<\/p>\n<p style=\"text-align:justify;\">Bunlara ek olarak, yar\u0131\u015fmada 1&#8217;inci gelen ekibe ve dan\u0131\u015fman\u0131na diz\u00fcst\u00fc bilgisayar, 2&#8217;inci olan ekibe ve dan\u0131\u015fman\u0131na Sony PSP, 3&#8217;\u00fcnc\u00fc s\u0131ray\u0131 alan ekibe ve dan\u0131\u015fman\u0131na iPod hediye edilecek. Yar\u0131\u015fmaya kat\u0131larak proje sunan t\u00fcm \u00f6\u011frenciler ise \u00f6zge\u00e7mi\u015flerini, IBM&#8217;in k\u00fcresel i\u015fg\u00fcc\u00fc al\u0131m\u0131 i\u00e7in yararland\u0131\u011f\u0131 \u00f6zel bir CV havuzu olan &#8220;IBM Student Portal&#8221;a ekleme \u015fans\u0131n\u0131 elde edecek.<\/p>\n<p style=\"text-align:justify;\">Ayr\u0131nt\u0131l\u0131 bilgi, <a href=\"http:\/\/www.yazilimakademisi.org\/\">http:\/\/www.yazilimakademisi.org\/<\/a> adresinde yer al\u0131yor.<\/p>\n","protected":false},"excerpt":{"rendered":"<p>IBM&#8217;in, gelece\u011fin yaz\u0131l\u0131mc\u0131lar\u0131n\u0131 yeti\u015ftirmek \u00fczere 2008 y\u0131l\u0131nda ba\u015flatt\u0131\u011f\u0131 &#8220;IBM Yaz\u0131l\u0131m Akademisi&#8221; yar\u0131\u015fmas\u0131na, bu y\u0131l\u00a01.100 \u00f6\u011frenci kay\u0131t yapt\u0131rd\u0131.<\/p>\n","protected":false},"author":2,"featured_media":0,"comment_status":"open","ping_status":"open","sticky":false,"template":"","format":"standard","meta":{"footnotes":""},"categories":[3],"tags":[],"class_list":["post-812","post","type-post","status-publish","format-standard","hentry","category-blogum"],"yoast_head":"<!-- This site is optimized with the Yoast SEO plugin v26.8 - https:\/\/yoast.com\/product\/yoast-seo-wordpress\/ -->\n<title>IBM Yaz\u0131l\u0131m Akademisi, &#039;inci y\u0131l\u0131na ba\u015flad\u0131 - At\u0131f \u00dcnald\u0131<\/title>\n<meta name=\"robots\" content=\"index, follow, max-snippet:-1, max-image-preview:large, max-video-preview:-1\" \/>\n<link rel=\"canonical\" href=\"http:\/\/atif.unaldi.org\/blog\/2009\/03\/24\/ibm-yazilim-akademisi-inci-yilina-basladi\/\" \/>\n<meta property=\"og:locale\" content=\"tr_TR\" \/>\n<meta property=\"og:type\" content=\"article\" \/>\n<meta property=\"og:title\" content=\"IBM Yaz\u0131l\u0131m Akademisi, &#039;inci y\u0131l\u0131na ba\u015flad\u0131 - At\u0131f \u00dcnald\u0131\" \/>\n<meta property=\"og:description\" content=\"IBM&#8217;in, gelece\u011fin yaz\u0131l\u0131mc\u0131lar\u0131n\u0131 yeti\u015ftirmek \u00fczere 2008 y\u0131l\u0131nda ba\u015flatt\u0131\u011f\u0131 &#8220;IBM Yaz\u0131l\u0131m Akademisi&#8221; yar\u0131\u015fmas\u0131na, bu y\u0131l\u00a01.100 \u00f6\u011frenci kay\u0131t yapt\u0131rd\u0131.\" \/>\n<meta property=\"og:url\" content=\"http:\/\/atif.unaldi.org\/blog\/2009\/03\/24\/ibm-yazilim-akademisi-inci-yilina-basladi\/\" \/>\n<meta property=\"og:site_name\" content=\"At\u0131f \u00dcnald\u0131\" \/>\n<meta property=\"article:publisher\" content=\"https:\/\/www.facebook.com\/atifunaldi\" \/>\n<meta property=\"article:author\" content=\"https:\/\/www.facebook.com\/atifunaldi\" \/>\n<meta property=\"article:published_time\" content=\"2009-03-24T08:13:43+00:00\" \/>\n<meta property=\"og:image\" content=\"http:\/\/aksamnetizen.files.wordpress.com\/2009\/03\/ibm-yazilim_akademisi_logo.jpg\" \/>\n<meta name=\"author\" content=\"Atif Unaldi\" \/>\n<meta name=\"twitter:card\" content=\"summary_large_image\" \/>\n<meta name=\"twitter:creator\" content=\"@https:\/\/twitter.com\/atifunaldi\" \/>\n<meta name=\"twitter:site\" content=\"@atifunaldi\" \/>\n<meta name=\"twitter:label1\" content=\"Yazan:\" \/>\n\t<meta name=\"twitter:data1\" content=\"Atif Unaldi\" \/>\n\t<meta name=\"twitter:label2\" content=\"Tahmini okuma s\u00fcresi\" \/>\n\t<meta name=\"twitter:data2\" content=\"2 dakika\" \/>\n<script type=\"application\/ld+json\" class=\"yoast-schema-graph\">{\"@context\":\"https:\/\/schema.org\",\"@graph\":[{\"@type\":\"Article\",\"@id\":\"http:\/\/atif.unaldi.org\/blog\/2009\/03\/24\/ibm-yazilim-akademisi-inci-yilina-basladi\/#article\",\"isPartOf\":{\"@id\":\"http:\/\/atif.unaldi.org\/blog\/2009\/03\/24\/ibm-yazilim-akademisi-inci-yilina-basladi\/\"},\"author\":{\"name\":\"Atif Unaldi\",\"@id\":\"http:\/\/atif.unaldi.org\/blog\/#\/schema\/person\/608ed42ecbda2bc5cfdb767ac1db479b\"},\"headline\":\"IBM Yaz\u0131l\u0131m Akademisi, &#8216;inci y\u0131l\u0131na ba\u015flad\u0131\",\"datePublished\":\"2009-03-24T08:13:43+00:00\",\"mainEntityOfPage\":{\"@id\":\"http:\/\/atif.unaldi.org\/blog\/2009\/03\/24\/ibm-yazilim-akademisi-inci-yilina-basladi\/\"},\"wordCount\":411,\"commentCount\":0,\"publisher\":{\"@id\":\"http:\/\/atif.unaldi.org\/blog\/#\/schema\/person\/608ed42ecbda2bc5cfdb767ac1db479b\"},\"image\":{\"@id\":\"http:\/\/atif.unaldi.org\/blog\/2009\/03\/24\/ibm-yazilim-akademisi-inci-yilina-basladi\/#primaryimage\"},\"thumbnailUrl\":\"http:\/\/aksamnetizen.files.wordpress.com\/2009\/03\/ibm-yazilim_akademisi_logo.jpg\",\"articleSection\":[\"Blogum\"],\"inLanguage\":\"tr\",\"potentialAction\":[{\"@type\":\"CommentAction\",\"name\":\"Comment\",\"target\":[\"http:\/\/atif.unaldi.org\/blog\/2009\/03\/24\/ibm-yazilim-akademisi-inci-yilina-basladi\/#respond\"]}]},{\"@type\":\"WebPage\",\"@id\":\"http:\/\/atif.unaldi.org\/blog\/2009\/03\/24\/ibm-yazilim-akademisi-inci-yilina-basladi\/\",\"url\":\"http:\/\/atif.unaldi.org\/blog\/2009\/03\/24\/ibm-yazilim-akademisi-inci-yilina-basladi\/\",\"name\":\"IBM Yaz\u0131l\u0131m Akademisi, 'inci y\u0131l\u0131na ba\u015flad\u0131 - At\u0131f \u00dcnald\u0131\",\"isPartOf\":{\"@id\":\"http:\/\/atif.unaldi.org\/blog\/#website\"},\"primaryImageOfPage\":{\"@id\":\"http:\/\/atif.unaldi.org\/blog\/2009\/03\/24\/ibm-yazilim-akademisi-inci-yilina-basladi\/#primaryimage\"},\"image\":{\"@id\":\"http:\/\/atif.unaldi.org\/blog\/2009\/03\/24\/ibm-yazilim-akademisi-inci-yilina-basladi\/#primaryimage\"},\"thumbnailUrl\":\"http:\/\/aksamnetizen.files.wordpress.com\/2009\/03\/ibm-yazilim_akademisi_logo.jpg\",\"datePublished\":\"2009-03-24T08:13:43+00:00\",\"breadcrumb\":{\"@id\":\"http:\/\/atif.unaldi.org\/blog\/2009\/03\/24\/ibm-yazilim-akademisi-inci-yilina-basladi\/#breadcrumb\"},\"inLanguage\":\"tr\",\"potentialAction\":[{\"@type\":\"ReadAction\",\"target\":[\"http:\/\/atif.unaldi.org\/blog\/2009\/03\/24\/ibm-yazilim-akademisi-inci-yilina-basladi\/\"]}]},{\"@type\":\"ImageObject\",\"inLanguage\":\"tr\",\"@id\":\"http:\/\/atif.unaldi.org\/blog\/2009\/03\/24\/ibm-yazilim-akademisi-inci-yilina-basladi\/#primaryimage\",\"url\":\"http:\/\/aksamnetizen.files.wordpress.com\/2009\/03\/ibm-yazilim_akademisi_logo.jpg\",\"contentUrl\":\"http:\/\/aksamnetizen.files.wordpress.com\/2009\/03\/ibm-yazilim_akademisi_logo.jpg\"},{\"@type\":\"BreadcrumbList\",\"@id\":\"http:\/\/atif.unaldi.org\/blog\/2009\/03\/24\/ibm-yazilim-akademisi-inci-yilina-basladi\/#breadcrumb\",\"itemListElement\":[{\"@type\":\"ListItem\",\"position\":1,\"name\":\"Anasayfa\",\"item\":\"http:\/\/atif.unaldi.org\/blog\/\"},{\"@type\":\"ListItem\",\"position\":2,\"name\":\"IBM Yaz\u0131l\u0131m Akademisi, &#8216;inci y\u0131l\u0131na ba\u015flad\u0131\"}]},{\"@type\":\"WebSite\",\"@id\":\"http:\/\/atif.unaldi.org\/blog\/#website\",\"url\":\"http:\/\/atif.unaldi.org\/blog\/\",\"name\":\"At\u0131f \u00dcnald\u0131\",\"description\":\"Yazar\",\"publisher\":{\"@id\":\"http:\/\/atif.unaldi.org\/blog\/#\/schema\/person\/608ed42ecbda2bc5cfdb767ac1db479b\"},\"alternateName\":\"At\u0131f \u00dcnald\u0131 Blog\",\"potentialAction\":[{\"@type\":\"SearchAction\",\"target\":{\"@type\":\"EntryPoint\",\"urlTemplate\":\"http:\/\/atif.unaldi.org\/blog\/?s={search_term_string}\"},\"query-input\":{\"@type\":\"PropertyValueSpecification\",\"valueRequired\":true,\"valueName\":\"search_term_string\"}}],\"inLanguage\":\"tr\"},{\"@type\":[\"Person\",\"Organization\"],\"@id\":\"http:\/\/atif.unaldi.org\/blog\/#\/schema\/person\/608ed42ecbda2bc5cfdb767ac1db479b\",\"name\":\"Atif Unaldi\",\"image\":{\"@type\":\"ImageObject\",\"inLanguage\":\"tr\",\"@id\":\"http:\/\/atif.unaldi.org\/blog\/#\/schema\/person\/image\/\",\"url\":\"http:\/\/atif.unaldi.org\/blog\/wp-content\/uploads\/2022\/10\/cropped-a94e8f7a-67c4-4d65-8a5f-032ba784be53-2.jpg\",\"contentUrl\":\"http:\/\/atif.unaldi.org\/blog\/wp-content\/uploads\/2022\/10\/cropped-a94e8f7a-67c4-4d65-8a5f-032ba784be53-2.jpg\",\"width\":512,\"height\":512,\"caption\":\"Atif Unaldi\"},\"logo\":{\"@id\":\"http:\/\/atif.unaldi.org\/blog\/#\/schema\/person\/image\/\"},\"description\":\"Bo\u011fazi\u00e7i \u00dcniversitesinde Fizik B\u00f6l\u00fcm\u00fc\u2019nde e\u011fitim ald\u0131\u011f\u0131 y\u0131llarda T\u00fcrkiye\u2019de ilk kez iki bilgisayar\u0131 telefon hatlar\u0131 \u00fczerinden konu\u015fturan BBS sistemini kurarak, T\u00fcrkiye\u2019deki ilk internet a\u011f\u0131n\u0131 olu\u015fturmu\u015ftur. Bir \u00e7ok radyo ve televizyonda program yap\u0131mc\u0131l\u0131\u011f\u0131 ve sunuculu\u011funu, bir \u00e7ok teknoloji dergisinde k\u00f6\u015fe yazarl\u0131\u011f\u0131, bili\u015fim edit\u00f6rl\u00fc\u011f\u00fc ve genel yay\u0131n y\u00f6netmenli\u011fi yapt\u0131. T\u00fcrkiye\u2019deki ilk internet servis sa\u011flay\u0131c\u0131s\u0131n\u0131n genel m\u00fcd\u00fcrl\u00fc\u011f\u00fcn\u00fc \u00fcstlendi. Bir \u00e7ok organizasyon ve kurulu\u015fta internet s\u00fcperviz\u00f6rl\u00fc\u011f\u00fc , webmaster\u2019l\u0131\u011f\u0131 , IT direkt\u00f6rl\u00fc\u011f\u00fc ve dijital projeler koordinat\u00f6rl\u00fc\u011f\u00fc g\u00f6revlerinde bulundu. Farkl\u0131 \u00fcniversitelerin farkl\u0131 fak\u00fcltelerinde \u00f6\u011fretim g\u00f6revlisi olarak bulunmu\u015f olan \u00dcnald\u0131; \u015fu an teknoloji ve pazarlama konular\u0131 ba\u015fta olmak \u00fczere bir\u00e7ok alanda hizmet veren Unaldi Consultancy\u2019nin kurucusudur. \\u2028Selin \u00dcnald\u0131 ile evlidir. Su ve Toprak isminde iki \u00e7ocu\u011fu vard\u0131r.\",\"sameAs\":[\"http:\/\/atif.unaldi.org\/blog\",\"https:\/\/www.facebook.com\/atifunaldi\",\"https:\/\/www.instagram.com\/atifunaldi\/\",\"https:\/\/www.linkedin.com\/in\/atifunaldi\",\"https:\/\/x.com\/https:\/\/twitter.com\/atifunaldi\",\"https:\/\/www.youtube.com\/c\/atifunaldi\",\"https:\/\/soundcloud.com\/atif-unaldi\",\"https:\/\/atifunaldi.tumblr.com\"],\"url\":\"http:\/\/atif.unaldi.org\/blog\/author\/atifunaldi\/\"}]}<\/script>\n<!-- \/ Yoast SEO plugin. -->","yoast_head_json":{"title":"IBM Yaz\u0131l\u0131m Akademisi, 'inci y\u0131l\u0131na ba\u015flad\u0131 - At\u0131f \u00dcnald\u0131","robots":{"index":"index","follow":"follow","max-snippet":"max-snippet:-1","max-image-preview":"max-image-preview:large","max-video-preview":"max-video-preview:-1"},"canonical":"http:\/\/atif.unaldi.org\/blog\/2009\/03\/24\/ibm-yazilim-akademisi-inci-yilina-basladi\/","og_locale":"tr_TR","og_type":"article","og_title":"IBM Yaz\u0131l\u0131m Akademisi, 'inci y\u0131l\u0131na ba\u015flad\u0131 - At\u0131f \u00dcnald\u0131","og_description":"IBM&#8217;in, gelece\u011fin yaz\u0131l\u0131mc\u0131lar\u0131n\u0131 yeti\u015ftirmek \u00fczere 2008 y\u0131l\u0131nda ba\u015flatt\u0131\u011f\u0131 &#8220;IBM Yaz\u0131l\u0131m Akademisi&#8221; yar\u0131\u015fmas\u0131na, bu y\u0131l\u00a01.100 \u00f6\u011frenci kay\u0131t yapt\u0131rd\u0131.","og_url":"http:\/\/atif.unaldi.org\/blog\/2009\/03\/24\/ibm-yazilim-akademisi-inci-yilina-basladi\/","og_site_name":"At\u0131f \u00dcnald\u0131","article_publisher":"https:\/\/www.facebook.com\/atifunaldi","article_author":"https:\/\/www.facebook.com\/atifunaldi","article_published_time":"2009-03-24T08:13:43+00:00","og_image":[{"url":"http:\/\/aksamnetizen.files.wordpress.com\/2009\/03\/ibm-yazilim_akademisi_logo.jpg","type":"","width":"","height":""}],"author":"Atif Unaldi","twitter_card":"summary_large_image","twitter_creator":"@https:\/\/twitter.com\/atifunaldi","twitter_site":"@atifunaldi","twitter_misc":{"Yazan:":"Atif Unaldi","Tahmini okuma s\u00fcresi":"2 dakika"},"schema":{"@context":"https:\/\/schema.org","@graph":[{"@type":"Article","@id":"http:\/\/atif.unaldi.org\/blog\/2009\/03\/24\/ibm-yazilim-akademisi-inci-yilina-basladi\/#article","isPartOf":{"@id":"http:\/\/atif.unaldi.org\/blog\/2009\/03\/24\/ibm-yazilim-akademisi-inci-yilina-basladi\/"},"author":{"name":"Atif Unaldi","@id":"http:\/\/atif.unaldi.org\/blog\/#\/schema\/person\/608ed42ecbda2bc5cfdb767ac1db479b"},"headline":"IBM Yaz\u0131l\u0131m Akademisi, &#8216;inci y\u0131l\u0131na ba\u015flad\u0131","datePublished":"2009-03-24T08:13:43+00:00","mainEntityOfPage":{"@id":"http:\/\/atif.unaldi.org\/blog\/2009\/03\/24\/ibm-yazilim-akademisi-inci-yilina-basladi\/"},"wordCount":411,"commentCount":0,"publisher":{"@id":"http:\/\/atif.unaldi.org\/blog\/#\/schema\/person\/608ed42ecbda2bc5cfdb767ac1db479b"},"image":{"@id":"http:\/\/atif.unaldi.org\/blog\/2009\/03\/24\/ibm-yazilim-akademisi-inci-yilina-basladi\/#primaryimage"},"thumbnailUrl":"http:\/\/aksamnetizen.files.wordpress.com\/2009\/03\/ibm-yazilim_akademisi_logo.jpg","articleSection":["Blogum"],"inLanguage":"tr","potentialAction":[{"@type":"CommentAction","name":"Comment","target":["http:\/\/atif.unaldi.org\/blog\/2009\/03\/24\/ibm-yazilim-akademisi-inci-yilina-basladi\/#respond"]}]},{"@type":"WebPage","@id":"http:\/\/atif.unaldi.org\/blog\/2009\/03\/24\/ibm-yazilim-akademisi-inci-yilina-basladi\/","url":"http:\/\/atif.unaldi.org\/blog\/2009\/03\/24\/ibm-yazilim-akademisi-inci-yilina-basladi\/","name":"IBM Yaz\u0131l\u0131m Akademisi, 'inci y\u0131l\u0131na ba\u015flad\u0131 - At\u0131f \u00dcnald\u0131","isPartOf":{"@id":"http:\/\/atif.unaldi.org\/blog\/#website"},"primaryImageOfPage":{"@id":"http:\/\/atif.unaldi.org\/blog\/2009\/03\/24\/ibm-yazilim-akademisi-inci-yilina-basladi\/#primaryimage"},"image":{"@id":"http:\/\/atif.unaldi.org\/blog\/2009\/03\/24\/ibm-yazilim-akademisi-inci-yilina-basladi\/#primaryimage"},"thumbnailUrl":"http:\/\/aksamnetizen.files.wordpress.com\/2009\/03\/ibm-yazilim_akademisi_logo.jpg","datePublished":"2009-03-24T08:13:43+00:00","breadcrumb":{"@id":"http:\/\/atif.unaldi.org\/blog\/2009\/03\/24\/ibm-yazilim-akademisi-inci-yilina-basladi\/#breadcrumb"},"inLanguage":"tr","potentialAction":[{"@type":"ReadAction","target":["http:\/\/atif.unaldi.org\/blog\/2009\/03\/24\/ibm-yazilim-akademisi-inci-yilina-basladi\/"]}]},{"@type":"ImageObject","inLanguage":"tr","@id":"http:\/\/atif.unaldi.org\/blog\/2009\/03\/24\/ibm-yazilim-akademisi-inci-yilina-basladi\/#primaryimage","url":"http:\/\/aksamnetizen.files.wordpress.com\/2009\/03\/ibm-yazilim_akademisi_logo.jpg","contentUrl":"http:\/\/aksamnetizen.files.wordpress.com\/2009\/03\/ibm-yazilim_akademisi_logo.jpg"},{"@type":"BreadcrumbList","@id":"http:\/\/atif.unaldi.org\/blog\/2009\/03\/24\/ibm-yazilim-akademisi-inci-yilina-basladi\/#breadcrumb","itemListElement":[{"@type":"ListItem","position":1,"name":"Anasayfa","item":"http:\/\/atif.unaldi.org\/blog\/"},{"@type":"ListItem","position":2,"name":"IBM Yaz\u0131l\u0131m Akademisi, &#8216;inci y\u0131l\u0131na ba\u015flad\u0131"}]},{"@type":"WebSite","@id":"http:\/\/atif.unaldi.org\/blog\/#website","url":"http:\/\/atif.unaldi.org\/blog\/","name":"At\u0131f \u00dcnald\u0131","description":"Yazar","publisher":{"@id":"http:\/\/atif.unaldi.org\/blog\/#\/schema\/person\/608ed42ecbda2bc5cfdb767ac1db479b"},"alternateName":"At\u0131f \u00dcnald\u0131 Blog","potentialAction":[{"@type":"SearchAction","target":{"@type":"EntryPoint","urlTemplate":"http:\/\/atif.unaldi.org\/blog\/?s={search_term_string}"},"query-input":{"@type":"PropertyValueSpecification","valueRequired":true,"valueName":"search_term_string"}}],"inLanguage":"tr"},{"@type":["Person","Organization"],"@id":"http:\/\/atif.unaldi.org\/blog\/#\/schema\/person\/608ed42ecbda2bc5cfdb767ac1db479b","name":"Atif Unaldi","image":{"@type":"ImageObject","inLanguage":"tr","@id":"http:\/\/atif.unaldi.org\/blog\/#\/schema\/person\/image\/","url":"http:\/\/atif.unaldi.org\/blog\/wp-content\/uploads\/2022\/10\/cropped-a94e8f7a-67c4-4d65-8a5f-032ba784be53-2.jpg","contentUrl":"http:\/\/atif.unaldi.org\/blog\/wp-content\/uploads\/2022\/10\/cropped-a94e8f7a-67c4-4d65-8a5f-032ba784be53-2.jpg","width":512,"height":512,"caption":"Atif Unaldi"},"logo":{"@id":"http:\/\/atif.unaldi.org\/blog\/#\/schema\/person\/image\/"},"description":"Bo\u011fazi\u00e7i \u00dcniversitesinde Fizik B\u00f6l\u00fcm\u00fc\u2019nde e\u011fitim ald\u0131\u011f\u0131 y\u0131llarda T\u00fcrkiye\u2019de ilk kez iki bilgisayar\u0131 telefon hatlar\u0131 \u00fczerinden konu\u015fturan BBS sistemini kurarak, T\u00fcrkiye\u2019deki ilk internet a\u011f\u0131n\u0131 olu\u015fturmu\u015ftur. Bir \u00e7ok radyo ve televizyonda program yap\u0131mc\u0131l\u0131\u011f\u0131 ve sunuculu\u011funu, bir \u00e7ok teknoloji dergisinde k\u00f6\u015fe yazarl\u0131\u011f\u0131, bili\u015fim edit\u00f6rl\u00fc\u011f\u00fc ve genel yay\u0131n y\u00f6netmenli\u011fi yapt\u0131. T\u00fcrkiye\u2019deki ilk internet servis sa\u011flay\u0131c\u0131s\u0131n\u0131n genel m\u00fcd\u00fcrl\u00fc\u011f\u00fcn\u00fc \u00fcstlendi. Bir \u00e7ok organizasyon ve kurulu\u015fta internet s\u00fcperviz\u00f6rl\u00fc\u011f\u00fc , webmaster\u2019l\u0131\u011f\u0131 , IT direkt\u00f6rl\u00fc\u011f\u00fc ve dijital projeler koordinat\u00f6rl\u00fc\u011f\u00fc g\u00f6revlerinde bulundu. Farkl\u0131 \u00fcniversitelerin farkl\u0131 fak\u00fcltelerinde \u00f6\u011fretim g\u00f6revlisi olarak bulunmu\u015f olan \u00dcnald\u0131; \u015fu an teknoloji ve pazarlama konular\u0131 ba\u015fta olmak \u00fczere bir\u00e7ok alanda hizmet veren Unaldi Consultancy\u2019nin kurucusudur. \u2028Selin \u00dcnald\u0131 ile evlidir. Su ve Toprak isminde iki \u00e7ocu\u011fu vard\u0131r.","sameAs":["http:\/\/atif.unaldi.org\/blog","https:\/\/www.facebook.com\/atifunaldi","https:\/\/www.instagram.com\/atifunaldi\/","https:\/\/www.linkedin.com\/in\/atifunaldi","https:\/\/x.com\/https:\/\/twitter.com\/atifunaldi","https:\/\/www.youtube.com\/c\/atifunaldi","https:\/\/soundcloud.com\/atif-unaldi","https:\/\/atifunaldi.tumblr.com"],"url":"http:\/\/atif.unaldi.org\/blog\/author\/atifunaldi\/"}]}},"jetpack_featured_media_url":"","_links":{"self":[{"href":"http:\/\/atif.unaldi.org\/blog\/wp-json\/wp\/v2\/posts\/812","targetHints":{"allow":["GET"]}}],"collection":[{"href":"http:\/\/atif.unaldi.org\/blog\/wp-json\/wp\/v2\/posts"}],"about":[{"href":"http:\/\/atif.unaldi.org\/blog\/wp-json\/wp\/v2\/types\/post"}],"author":[{"embeddable":true,"href":"http:\/\/atif.unaldi.org\/blog\/wp-json\/wp\/v2\/users\/2"}],"replies":[{"embeddable":true,"href":"http:\/\/atif.unaldi.org\/blog\/wp-json\/wp\/v2\/comments?post=812"}],"version-history":[{"count":0,"href":"http:\/\/atif.unaldi.org\/blog\/wp-json\/wp\/v2\/posts\/812\/revisions"}],"wp:attachment":[{"href":"http:\/\/atif.unaldi.org\/blog\/wp-json\/wp\/v2\/media?parent=812"}],"wp:term":[{"taxonomy":"category","embeddable":true,"href":"http:\/\/atif.unaldi.org\/blog\/wp-json\/wp\/v2\/categories?post=812"},{"taxonomy":"post_tag","embeddable":true,"href":"http:\/\/atif.unaldi.org\/blog\/wp-json\/wp\/v2\/tags?post=812"}],"curies":[{"name":"wp","href":"https:\/\/api.w.org\/{rel}","templated":true}]}}