{"id":813,"date":"2009-03-24T08:29:07","date_gmt":"2009-03-24T08:29:07","guid":{"rendered":"http:\/\/aksamnetizen.wordpress.com\/?p=776"},"modified":"2009-03-24T08:29:07","modified_gmt":"2009-03-24T08:29:07","slug":"krizde-e-imza-yatirimi","status":"publish","type":"post","link":"http:\/\/atif.unaldi.org\/blog\/2009\/03\/24\/krizde-e-imza-yatirimi\/","title":{"rendered":"Krizde e-imza yat\u0131r\u0131m\u0131"},"content":{"rendered":"<p style=\"text-align:justify;\"><img loading=\"lazy\" decoding=\"async\" class=\"alignleft size-full wp-image-778\" title=\"eguven_logo1_\" src=\"http:\/\/aksamnetizen.files.wordpress.com\/2009\/03\/eguven_logo1_.jpg\" alt=\"eguven_logo1_\" width=\"213\" height=\"55\" \/>T\u00fcm d\u00fcnyada uzun y\u0131llard\u0131r yayg\u0131n bir \u015fekilde kullan\u0131lmakta olan e-imza, i\u00e7inde bulundu\u011fumuz kriz ortam\u0131nda gerek bireylere gerekse kurumlara y\u00fcksek oranlarda maliyet tasarrufu sa\u011fl\u0131yor.<!--more-->\u00a0Normal s\u00fcre\u00e7ler i\u00e7inde fiziksel olarak bir yere giderek ve\/veya \u0131slak imzam\u0131z\u0131 atarak yapt\u0131\u011f\u0131m\u0131z bir\u00e7ok i\u015flem e-imza ile kolayca yap\u0131labiliyor.<\/p>\n<p style=\"text-align:justify;\">Ara\u015ft\u0131rmalar, 2006 y\u0131l\u0131nda, \u0131slak imza ile ger\u00e7ekle\u015ftirilen i\u015flemlerin yaln\u0131zca noter masraflar\u0131n\u0131n 2,6 milyon TL oldu\u011funu ortaya koyuyor. Firmalar\u0131n i\u015f takip\u00e7ilerine \u00f6dedi\u011fi \u00fccretlerle bu rakam daha da b\u00fcy\u00fcyor. G\u00fcn\u00fcm\u00fczde bankalar, firmalardan faks ile ald\u0131klar\u0131 \u00f6deme talimatlar\u0131n\u0131 i\u015flemek i\u00e7in \u00e7ok ciddi ve y\u00fcksek maliyetli operasyonlar y\u00fcr\u00fct\u00fcyor. Her g\u00fcn gelen y\u00fcz binlerce talimat\u0131n i\u015flenmesi ve ger\u00e7ekle\u015ftirilmesi, gerek bankalar gerekse talimat\u0131 ger\u00e7ekle\u015ftiren kurumlar i\u00e7in ciddi bir maliyet y\u00fck\u00fc ve zaman kayb\u0131 anlam\u0131na geliyor. E-g\u00fcven&#8217;in \u00f6nc\u00fcl\u00fc\u011f\u00fcn\u00fc yapt\u0131\u011f\u0131 ve bug\u00fcn bir\u00e7ok bankada kullan\u0131lmaya ba\u015flanan \u2018E-imza ile Talimat G\u00f6nderilmesi Projesi&#8217;, hem banka hem de ilgili kurumlar\u0131n i\u015f s\u00fcre\u00e7lerini optimize ederek maliyet avantaj\u0131 sa\u011fl\u0131yor. Ayr\u0131ca g\u00fcvenlik de ayn\u0131 oranda art\u0131yor.<\/p>\n<p style=\"text-align:justify;\"><strong><em>T\u00fcrkiye genelinde 36 bin 530 ki\u015fi e-imza kullan\u0131yor<\/em><\/strong><\/p>\n<p style=\"text-align:justify;\">E-imza uygulamalar\u0131, \u00f6zellikle elektronik ticarette g\u00fcvenlik eksikli\u011fi nedeniyle ya\u015fanan k\u0131s\u0131tlamalar\u0131n ortadan kalkmas\u0131 a\u00e7\u0131s\u0131ndan b\u00fcy\u00fck \u00f6nem ta\u015f\u0131yor. Her \u015feyden \u00f6nemlisi de zaman, para ve ka\u011f\u0131t tasarrufu sa\u011fl\u0131yor. E-imzan\u0131n geli\u015fmi\u015f \u00fclkelerdeki kullan\u0131m\u0131 ve T\u00fcrkiye k\u0131yaslamas\u0131<br \/>\nT\u00fcrkiye, bili\u015fim ve telekom\u00fcnikasyon sekt\u00f6r\u00fcnde \u00e7ok k\u0131sa zamanda \u00e7ok ciddi at\u0131l\u0131mlar yapt\u0131. T\u00fcrkiye&#8217;de e-imza konusunda \u015fu anki durum ise e-imza kullan\u0131m\u0131n\u0131n d\u00fcnyadaki geli\u015fiminden \u00e7ok farkl\u0131 bir seyir izlemiyor.\u00a0Elektronik imza kanununun di\u011fer \u00fclkelere oranla daha ge\u00e7 \u00e7\u0131kmas\u0131 ve ge\u00e7mi\u015fteki olumlu ve olumsuz \u00f6rneklerin bizim i\u00e7in \u00f6rnek olu\u015fturmas\u0131 da T\u00fcrkiye&#8217;nin bu alanda sahip oldu\u011fu avantajlar\u0131n ba\u015f\u0131nda geliyor.\n<\/p>\n<p style=\"text-align:justify;\">2008 y\u0131l\u0131n\u0131n mart ay\u0131 itibariyle T\u00fcrkiye genelinde 36 bin 530 ki\u015finin e-imza kulland\u0131\u011f\u0131 biliniyor. Di\u011fer taraftan, e-imza kullan\u0131m\u0131n\u0131n ger\u00e7ekten beklenen seviyede olmad\u0131\u011f\u0131 da biliniyor. Buradaki en b\u00fcy\u00fck eksiklik, e-imza ile ger\u00e7ekle\u015ftirilen uygulamalar\u0131n yeterli olmay\u0131\u015f\u0131ndan kaynaklan\u0131yor. Bu tarz uygulamalar\u0131 vatanda\u015f taraf\u0131na \u00e7ekerek yayg\u0131nla\u015ft\u0131rmak ve e-imzay\u0131 herkes taraf\u0131ndan kullan\u0131labilecek bir uygulama haline getirmek b\u00fcy\u00fck \u00f6nem ta\u015f\u0131yor.<\/p>\n<p style=\"text-align:justify;\">Bu do\u011frultuda T\u00fcrkiye&#8217;nin bilgi toplumuna d\u00f6n\u00fc\u015f\u00fcm s\u00fcrecinin en \u00f6nemli ad\u0131m\u0131 niteli\u011fini ta\u015f\u0131yan e-Devlet Kap\u0131s\u0131 uygulamas\u0131 kritik bir \u00f6neme sahip bulunuyor. 21 kamu kurumuna hizmetlerini elektronik ortamda verme imk\u00e2n\u0131 sunan e-Devlet Kap\u0131s\u0131 Projesi ile birlikte, 5 y\u0131ld\u0131r \u00fczerinde konu\u015fulan e-devlet d\u00f6n\u00fc\u015f\u00fcm s\u00fcreci ger\u00e7ek anlamda kurumlar\u0131n ve vatanda\u015f\u0131n &#8220;hizmetine&#8221; giriyor. Bilindi\u011fi \u00fczere dileyen herkes \u015fifre, elektronik imza ve mobil imzadan olu\u015fan 3 farkl\u0131 y\u00f6ntem sayesinde e-Devlet Kap\u0131s\u0131&#8217;ndan ge\u00e7ebiliyor. Ancak bu noktada, kamu kurumlar\u0131n\u0131n hizmet verdi\u011fi t\u00fcm vatanda\u015flar\u0131n internette do\u011fru olarak tan\u0131mlanmas\u0131 \u00f6n ko\u015fulu ortaya \u00e7\u0131k\u0131yor. Bir ba\u015fka deyi\u015fle ger\u00e7ek hayatta kimlik bilgilerine bak\u0131larak yap\u0131lan denetimin yine ayn\u0131 derecede g\u00fcvenli olan bir \u015fekilde internete aktar\u0131lmas\u0131 gerekiyor.<\/p>\n<p style=\"text-align:justify;\">E-imza uygulamas\u0131 da bu noktada devreye giriyor. E-Devlet Kap\u0131s\u0131 Projesi kapsam\u0131nda elektronik ortam arac\u0131l\u0131\u011f\u0131yla hizmet alan vatanda\u015flar\u0131n kimliklerinin g\u00fcvenilir bir \u015fekilde do\u011frulanabilmesi i\u00e7in e-imza ve mobil imza b\u00fcy\u00fck \u00f6nem ta\u015f\u0131yor. \u00d6te yandan e-imza ve mobil imza uygulamalar\u0131yla birlikte elimizde ba\u015fvuru belgeleriyle bir yerlere ula\u015fmaya \u00e7al\u0131\u015fma, uzun s\u0131ralara girip bu belgeleri teslim etmek i\u00e7in saatlerce bekleme devri de sona eriyor. Bir ba\u015fka deyi\u015fle e-imzas\u0131z e-devlet olmuyor.<\/p>\n<p style=\"text-align:justify;\"><strong><em>Mobil imzan\u0131n \u00f6nemi<\/em><\/strong><\/p>\n<p style=\"text-align:justify;\">Elektronik ortamda veya internet \u00fczerinde imza atmam\u0131z\u0131 sa\u011flayan bir teknoloji olan e-imza uygulamas\u0131n\u0131n cep telefonlar\u0131na ta\u015f\u0131nmas\u0131yla ortaya \u00e7\u0131kan mobil imza, hayat\u0131m\u0131z\u0131 b\u00fcy\u00fck \u00f6l\u00e7\u00fcde kolayla\u015ft\u0131r\u0131yor. Normal s\u00fcre\u00e7ler i\u00e7inde fiziksel olarak bir yere giderek ve \u0131slak imzam\u0131z\u0131 atarak yapt\u0131\u011f\u0131m\u0131z bir\u00e7ok i\u015flemi art\u0131k cep telefonumuzdan yapabiliyoruz.<\/p>\n<p style=\"text-align:justify;\">Bireysel bankac\u0131l\u0131k uygulamas\u0131nda mobil imzan\u0131n \u00e7ok b\u00fcy\u00fck bir a\u011f\u0131rl\u0131\u011f\u0131 oldu\u011funu g\u00f6zlemliyoruz. Bu tarz uygulamalardaki kullan\u0131m kolayl\u0131\u011f\u0131 ve getirdi\u011fi g\u00fcvenlik nedeniyle bu \u00f6zellik \u00f6n\u00fcm\u00fczdeki d\u00f6nemde de artarak devam edecek gibi g\u00f6r\u00fcn\u00fcyor.<\/p>\n<p style=\"text-align:justify;\"><strong><em>E-imza nerelerde kullan\u0131l\u0131yor?<\/em><\/strong><\/p>\n<p style=\"text-align:justify;\">Bug\u00fcn alan\u0131nda lider bir\u00e7ok resmi ve \u00f6zel kurulu\u015f e-imza uygulamas\u0131na ge\u00e7iyor. Bunlar;<br \/>\n\u2022 E-Devlet Kap\u0131s\u0131 Projesi<br \/>\n\u2022 G\u00fcmr\u00fck M\u00fcste\u015farl\u0131\u011f\u0131 &#8211; \u00d6zet ve detay beyan uygulamalar\u0131<br \/>\n\u2022 D\u0131\u015f Ticaret M\u00fcste\u015farl\u0131\u011f\u0131 (DTM) &#8211; Dahilde \u0130\u015fleme Rejimi (D\u0130R) i\u015flemleri<br \/>\n\u2022 Maliye Bakanl\u0131\u011f\u0131 &#8211; E-fatura uygulamas\u0131<br \/>\n\u2022 Adalet Bakanl\u0131\u011f\u0131 &#8211; (UYAP) Ulusal Yarg\u0131 A\u011f\u0131 Projesi<br \/>\n\u2022 Sanayi Bakanl\u0131\u011f\u0131 &#8211; Garanti Belgesi, Sat\u0131\u015f Sonras\u0131 Hizmet Yeterlilik Belgesi ve Muafiyet Belgesi ba\u015fvurular\u0131<br \/>\n\u2022 T\u00fcrk Patent Enstit\u00fcs\u00fc &#8211; Marka ba\u015fvurular\u0131<br \/>\n\u2022 Merkezi Kay\u0131t Kurumu &#8211; Bilgi G\u00fcvenli\u011fi ve Sertifika Hizmetleri Uygulama Projesi<br \/>\n\u2022 TUB\u0130TAK-TEYDEB &#8211; Proje ba\u015fvurular\u0131<br \/>\n\u2022 Serbest B\u00f6lgeler Genel M\u00fcd\u00fcrl\u00fc\u011f\u00fc &#8211; Uygulama program\u0131<br \/>\n\u2022 Mali Su\u00e7lar\u0131 Ara\u015ft\u0131rma Kurulu (MASAK) &#8211; \u015e\u00fcpheli i\u015flem bildirimleri<br \/>\n\u2022 Uluslararas\u0131 Nakliyeciler Derne\u011fi (UND) &#8211; TIR karnesi kefaleti ile yap\u0131lan ta\u015f\u0131malarda \u00f6n beyan i\u015flemleri ve www.ebelge.org portal\u0131 kullan\u0131m\u0131<br \/>\n\u2022 Banka talimatlar\u0131n\u0131n g\u00f6nderilmesi<br \/>\n\u2022 Elektronik ortam \u00fczerinden kurum i\u00e7i ka\u011f\u0131ts\u0131z ofis (izin belgesi, s\u00f6zle\u015fmeler, sipari\u015f formlar\u0131 v.b.), e-posta uygulamalar\u0131, \u015firket i\u00e7i yaz\u0131\u015fmalar ve kurumsal uygulamalar\n<\/p>\n<p style=\"text-align:justify;\">5 ad\u0131mda kolayca e-imza almak i\u00e7in: www.e-guven.com<\/p>\n","protected":false},"excerpt":{"rendered":"<p>T\u00fcm d\u00fcnyada uzun y\u0131llard\u0131r yayg\u0131n bir \u015fekilde kullan\u0131lmakta olan e-imza, i\u00e7inde bulundu\u011fumuz kriz ortam\u0131nda gerek bireylere gerekse kurumlara y\u00fcksek oranlarda maliyet tasarrufu sa\u011fl\u0131yor.<\/p>\n","protected":false},"author":2,"featured_media":0,"comment_status":"open","ping_status":"open","sticky":false,"template":"","format":"standard","meta":{"footnotes":""},"categories":[3],"tags":[],"class_list":["post-813","post","type-post","status-publish","format-standard","hentry","category-blogum"],"yoast_head":"<!-- This site is optimized with the Yoast SEO plugin v26.8 - https:\/\/yoast.com\/product\/yoast-seo-wordpress\/ -->\n<title>Krizde e-imza yat\u0131r\u0131m\u0131 - At\u0131f \u00dcnald\u0131<\/title>\n<meta name=\"robots\" content=\"index, follow, max-snippet:-1, max-image-preview:large, max-video-preview:-1\" \/>\n<link rel=\"canonical\" href=\"http:\/\/atif.unaldi.org\/blog\/2009\/03\/24\/krizde-e-imza-yatirimi\/\" \/>\n<meta property=\"og:locale\" content=\"tr_TR\" \/>\n<meta property=\"og:type\" content=\"article\" \/>\n<meta property=\"og:title\" content=\"Krizde e-imza yat\u0131r\u0131m\u0131 - At\u0131f \u00dcnald\u0131\" \/>\n<meta property=\"og:description\" content=\"T\u00fcm d\u00fcnyada uzun y\u0131llard\u0131r yayg\u0131n bir \u015fekilde kullan\u0131lmakta olan e-imza, i\u00e7inde bulundu\u011fumuz kriz ortam\u0131nda gerek bireylere gerekse kurumlara y\u00fcksek oranlarda maliyet tasarrufu sa\u011fl\u0131yor.\" \/>\n<meta property=\"og:url\" content=\"http:\/\/atif.unaldi.org\/blog\/2009\/03\/24\/krizde-e-imza-yatirimi\/\" \/>\n<meta property=\"og:site_name\" content=\"At\u0131f \u00dcnald\u0131\" \/>\n<meta property=\"article:publisher\" content=\"https:\/\/www.facebook.com\/atifunaldi\" \/>\n<meta property=\"article:author\" content=\"https:\/\/www.facebook.com\/atifunaldi\" \/>\n<meta property=\"article:published_time\" content=\"2009-03-24T08:29:07+00:00\" \/>\n<meta property=\"og:image\" content=\"http:\/\/aksamnetizen.files.wordpress.com\/2009\/03\/eguven_logo1_.jpg\" \/>\n<meta name=\"author\" content=\"Atif Unaldi\" \/>\n<meta name=\"twitter:card\" content=\"summary_large_image\" \/>\n<meta name=\"twitter:creator\" content=\"@https:\/\/twitter.com\/atifunaldi\" \/>\n<meta name=\"twitter:site\" content=\"@atifunaldi\" \/>\n<meta name=\"twitter:label1\" content=\"Yazan:\" \/>\n\t<meta name=\"twitter:data1\" content=\"Atif Unaldi\" \/>\n\t<meta name=\"twitter:label2\" content=\"Tahmini okuma s\u00fcresi\" \/>\n\t<meta name=\"twitter:data2\" content=\"5 dakika\" \/>\n<script type=\"application\/ld+json\" class=\"yoast-schema-graph\">{\"@context\":\"https:\/\/schema.org\",\"@graph\":[{\"@type\":\"Article\",\"@id\":\"http:\/\/atif.unaldi.org\/blog\/2009\/03\/24\/krizde-e-imza-yatirimi\/#article\",\"isPartOf\":{\"@id\":\"http:\/\/atif.unaldi.org\/blog\/2009\/03\/24\/krizde-e-imza-yatirimi\/\"},\"author\":{\"name\":\"Atif Unaldi\",\"@id\":\"http:\/\/atif.unaldi.org\/blog\/#\/schema\/person\/608ed42ecbda2bc5cfdb767ac1db479b\"},\"headline\":\"Krizde e-imza yat\u0131r\u0131m\u0131\",\"datePublished\":\"2009-03-24T08:29:07+00:00\",\"mainEntityOfPage\":{\"@id\":\"http:\/\/atif.unaldi.org\/blog\/2009\/03\/24\/krizde-e-imza-yatirimi\/\"},\"wordCount\":990,\"commentCount\":0,\"publisher\":{\"@id\":\"http:\/\/atif.unaldi.org\/blog\/#\/schema\/person\/608ed42ecbda2bc5cfdb767ac1db479b\"},\"image\":{\"@id\":\"http:\/\/atif.unaldi.org\/blog\/2009\/03\/24\/krizde-e-imza-yatirimi\/#primaryimage\"},\"thumbnailUrl\":\"http:\/\/aksamnetizen.files.wordpress.com\/2009\/03\/eguven_logo1_.jpg\",\"articleSection\":[\"Blogum\"],\"inLanguage\":\"tr\",\"potentialAction\":[{\"@type\":\"CommentAction\",\"name\":\"Comment\",\"target\":[\"http:\/\/atif.unaldi.org\/blog\/2009\/03\/24\/krizde-e-imza-yatirimi\/#respond\"]}]},{\"@type\":\"WebPage\",\"@id\":\"http:\/\/atif.unaldi.org\/blog\/2009\/03\/24\/krizde-e-imza-yatirimi\/\",\"url\":\"http:\/\/atif.unaldi.org\/blog\/2009\/03\/24\/krizde-e-imza-yatirimi\/\",\"name\":\"Krizde e-imza yat\u0131r\u0131m\u0131 - At\u0131f \u00dcnald\u0131\",\"isPartOf\":{\"@id\":\"http:\/\/atif.unaldi.org\/blog\/#website\"},\"primaryImageOfPage\":{\"@id\":\"http:\/\/atif.unaldi.org\/blog\/2009\/03\/24\/krizde-e-imza-yatirimi\/#primaryimage\"},\"image\":{\"@id\":\"http:\/\/atif.unaldi.org\/blog\/2009\/03\/24\/krizde-e-imza-yatirimi\/#primaryimage\"},\"thumbnailUrl\":\"http:\/\/aksamnetizen.files.wordpress.com\/2009\/03\/eguven_logo1_.jpg\",\"datePublished\":\"2009-03-24T08:29:07+00:00\",\"breadcrumb\":{\"@id\":\"http:\/\/atif.unaldi.org\/blog\/2009\/03\/24\/krizde-e-imza-yatirimi\/#breadcrumb\"},\"inLanguage\":\"tr\",\"potentialAction\":[{\"@type\":\"ReadAction\",\"target\":[\"http:\/\/atif.unaldi.org\/blog\/2009\/03\/24\/krizde-e-imza-yatirimi\/\"]}]},{\"@type\":\"ImageObject\",\"inLanguage\":\"tr\",\"@id\":\"http:\/\/atif.unaldi.org\/blog\/2009\/03\/24\/krizde-e-imza-yatirimi\/#primaryimage\",\"url\":\"http:\/\/aksamnetizen.files.wordpress.com\/2009\/03\/eguven_logo1_.jpg\",\"contentUrl\":\"http:\/\/aksamnetizen.files.wordpress.com\/2009\/03\/eguven_logo1_.jpg\"},{\"@type\":\"BreadcrumbList\",\"@id\":\"http:\/\/atif.unaldi.org\/blog\/2009\/03\/24\/krizde-e-imza-yatirimi\/#breadcrumb\",\"itemListElement\":[{\"@type\":\"ListItem\",\"position\":1,\"name\":\"Anasayfa\",\"item\":\"http:\/\/atif.unaldi.org\/blog\/\"},{\"@type\":\"ListItem\",\"position\":2,\"name\":\"Krizde e-imza yat\u0131r\u0131m\u0131\"}]},{\"@type\":\"WebSite\",\"@id\":\"http:\/\/atif.unaldi.org\/blog\/#website\",\"url\":\"http:\/\/atif.unaldi.org\/blog\/\",\"name\":\"At\u0131f \u00dcnald\u0131\",\"description\":\"Yazar\",\"publisher\":{\"@id\":\"http:\/\/atif.unaldi.org\/blog\/#\/schema\/person\/608ed42ecbda2bc5cfdb767ac1db479b\"},\"alternateName\":\"At\u0131f \u00dcnald\u0131 Blog\",\"potentialAction\":[{\"@type\":\"SearchAction\",\"target\":{\"@type\":\"EntryPoint\",\"urlTemplate\":\"http:\/\/atif.unaldi.org\/blog\/?s={search_term_string}\"},\"query-input\":{\"@type\":\"PropertyValueSpecification\",\"valueRequired\":true,\"valueName\":\"search_term_string\"}}],\"inLanguage\":\"tr\"},{\"@type\":[\"Person\",\"Organization\"],\"@id\":\"http:\/\/atif.unaldi.org\/blog\/#\/schema\/person\/608ed42ecbda2bc5cfdb767ac1db479b\",\"name\":\"Atif Unaldi\",\"image\":{\"@type\":\"ImageObject\",\"inLanguage\":\"tr\",\"@id\":\"http:\/\/atif.unaldi.org\/blog\/#\/schema\/person\/image\/\",\"url\":\"http:\/\/atif.unaldi.org\/blog\/wp-content\/uploads\/2022\/10\/cropped-a94e8f7a-67c4-4d65-8a5f-032ba784be53-2.jpg\",\"contentUrl\":\"http:\/\/atif.unaldi.org\/blog\/wp-content\/uploads\/2022\/10\/cropped-a94e8f7a-67c4-4d65-8a5f-032ba784be53-2.jpg\",\"width\":512,\"height\":512,\"caption\":\"Atif Unaldi\"},\"logo\":{\"@id\":\"http:\/\/atif.unaldi.org\/blog\/#\/schema\/person\/image\/\"},\"description\":\"Bo\u011fazi\u00e7i \u00dcniversitesinde Fizik B\u00f6l\u00fcm\u00fc\u2019nde e\u011fitim ald\u0131\u011f\u0131 y\u0131llarda T\u00fcrkiye\u2019de ilk kez iki bilgisayar\u0131 telefon hatlar\u0131 \u00fczerinden konu\u015fturan BBS sistemini kurarak, T\u00fcrkiye\u2019deki ilk internet a\u011f\u0131n\u0131 olu\u015fturmu\u015ftur. Bir \u00e7ok radyo ve televizyonda program yap\u0131mc\u0131l\u0131\u011f\u0131 ve sunuculu\u011funu, bir \u00e7ok teknoloji dergisinde k\u00f6\u015fe yazarl\u0131\u011f\u0131, bili\u015fim edit\u00f6rl\u00fc\u011f\u00fc ve genel yay\u0131n y\u00f6netmenli\u011fi yapt\u0131. T\u00fcrkiye\u2019deki ilk internet servis sa\u011flay\u0131c\u0131s\u0131n\u0131n genel m\u00fcd\u00fcrl\u00fc\u011f\u00fcn\u00fc \u00fcstlendi. Bir \u00e7ok organizasyon ve kurulu\u015fta internet s\u00fcperviz\u00f6rl\u00fc\u011f\u00fc , webmaster\u2019l\u0131\u011f\u0131 , IT direkt\u00f6rl\u00fc\u011f\u00fc ve dijital projeler koordinat\u00f6rl\u00fc\u011f\u00fc g\u00f6revlerinde bulundu. Farkl\u0131 \u00fcniversitelerin farkl\u0131 fak\u00fcltelerinde \u00f6\u011fretim g\u00f6revlisi olarak bulunmu\u015f olan \u00dcnald\u0131; \u015fu an teknoloji ve pazarlama konular\u0131 ba\u015fta olmak \u00fczere bir\u00e7ok alanda hizmet veren Unaldi Consultancy\u2019nin kurucusudur. \\u2028Selin \u00dcnald\u0131 ile evlidir. Su ve Toprak isminde iki \u00e7ocu\u011fu vard\u0131r.\",\"sameAs\":[\"http:\/\/atif.unaldi.org\/blog\",\"https:\/\/www.facebook.com\/atifunaldi\",\"https:\/\/www.instagram.com\/atifunaldi\/\",\"https:\/\/www.linkedin.com\/in\/atifunaldi\",\"https:\/\/x.com\/https:\/\/twitter.com\/atifunaldi\",\"https:\/\/www.youtube.com\/c\/atifunaldi\",\"https:\/\/soundcloud.com\/atif-unaldi\",\"https:\/\/atifunaldi.tumblr.com\"],\"url\":\"http:\/\/atif.unaldi.org\/blog\/author\/atifunaldi\/\"}]}<\/script>\n<!-- \/ Yoast SEO plugin. -->","yoast_head_json":{"title":"Krizde e-imza yat\u0131r\u0131m\u0131 - At\u0131f \u00dcnald\u0131","robots":{"index":"index","follow":"follow","max-snippet":"max-snippet:-1","max-image-preview":"max-image-preview:large","max-video-preview":"max-video-preview:-1"},"canonical":"http:\/\/atif.unaldi.org\/blog\/2009\/03\/24\/krizde-e-imza-yatirimi\/","og_locale":"tr_TR","og_type":"article","og_title":"Krizde e-imza yat\u0131r\u0131m\u0131 - At\u0131f \u00dcnald\u0131","og_description":"T\u00fcm d\u00fcnyada uzun y\u0131llard\u0131r yayg\u0131n bir \u015fekilde kullan\u0131lmakta olan e-imza, i\u00e7inde bulundu\u011fumuz kriz ortam\u0131nda gerek bireylere gerekse kurumlara y\u00fcksek oranlarda maliyet tasarrufu sa\u011fl\u0131yor.","og_url":"http:\/\/atif.unaldi.org\/blog\/2009\/03\/24\/krizde-e-imza-yatirimi\/","og_site_name":"At\u0131f \u00dcnald\u0131","article_publisher":"https:\/\/www.facebook.com\/atifunaldi","article_author":"https:\/\/www.facebook.com\/atifunaldi","article_published_time":"2009-03-24T08:29:07+00:00","og_image":[{"url":"http:\/\/aksamnetizen.files.wordpress.com\/2009\/03\/eguven_logo1_.jpg","type":"","width":"","height":""}],"author":"Atif Unaldi","twitter_card":"summary_large_image","twitter_creator":"@https:\/\/twitter.com\/atifunaldi","twitter_site":"@atifunaldi","twitter_misc":{"Yazan:":"Atif Unaldi","Tahmini okuma s\u00fcresi":"5 dakika"},"schema":{"@context":"https:\/\/schema.org","@graph":[{"@type":"Article","@id":"http:\/\/atif.unaldi.org\/blog\/2009\/03\/24\/krizde-e-imza-yatirimi\/#article","isPartOf":{"@id":"http:\/\/atif.unaldi.org\/blog\/2009\/03\/24\/krizde-e-imza-yatirimi\/"},"author":{"name":"Atif Unaldi","@id":"http:\/\/atif.unaldi.org\/blog\/#\/schema\/person\/608ed42ecbda2bc5cfdb767ac1db479b"},"headline":"Krizde e-imza yat\u0131r\u0131m\u0131","datePublished":"2009-03-24T08:29:07+00:00","mainEntityOfPage":{"@id":"http:\/\/atif.unaldi.org\/blog\/2009\/03\/24\/krizde-e-imza-yatirimi\/"},"wordCount":990,"commentCount":0,"publisher":{"@id":"http:\/\/atif.unaldi.org\/blog\/#\/schema\/person\/608ed42ecbda2bc5cfdb767ac1db479b"},"image":{"@id":"http:\/\/atif.unaldi.org\/blog\/2009\/03\/24\/krizde-e-imza-yatirimi\/#primaryimage"},"thumbnailUrl":"http:\/\/aksamnetizen.files.wordpress.com\/2009\/03\/eguven_logo1_.jpg","articleSection":["Blogum"],"inLanguage":"tr","potentialAction":[{"@type":"CommentAction","name":"Comment","target":["http:\/\/atif.unaldi.org\/blog\/2009\/03\/24\/krizde-e-imza-yatirimi\/#respond"]}]},{"@type":"WebPage","@id":"http:\/\/atif.unaldi.org\/blog\/2009\/03\/24\/krizde-e-imza-yatirimi\/","url":"http:\/\/atif.unaldi.org\/blog\/2009\/03\/24\/krizde-e-imza-yatirimi\/","name":"Krizde e-imza yat\u0131r\u0131m\u0131 - At\u0131f \u00dcnald\u0131","isPartOf":{"@id":"http:\/\/atif.unaldi.org\/blog\/#website"},"primaryImageOfPage":{"@id":"http:\/\/atif.unaldi.org\/blog\/2009\/03\/24\/krizde-e-imza-yatirimi\/#primaryimage"},"image":{"@id":"http:\/\/atif.unaldi.org\/blog\/2009\/03\/24\/krizde-e-imza-yatirimi\/#primaryimage"},"thumbnailUrl":"http:\/\/aksamnetizen.files.wordpress.com\/2009\/03\/eguven_logo1_.jpg","datePublished":"2009-03-24T08:29:07+00:00","breadcrumb":{"@id":"http:\/\/atif.unaldi.org\/blog\/2009\/03\/24\/krizde-e-imza-yatirimi\/#breadcrumb"},"inLanguage":"tr","potentialAction":[{"@type":"ReadAction","target":["http:\/\/atif.unaldi.org\/blog\/2009\/03\/24\/krizde-e-imza-yatirimi\/"]}]},{"@type":"ImageObject","inLanguage":"tr","@id":"http:\/\/atif.unaldi.org\/blog\/2009\/03\/24\/krizde-e-imza-yatirimi\/#primaryimage","url":"http:\/\/aksamnetizen.files.wordpress.com\/2009\/03\/eguven_logo1_.jpg","contentUrl":"http:\/\/aksamnetizen.files.wordpress.com\/2009\/03\/eguven_logo1_.jpg"},{"@type":"BreadcrumbList","@id":"http:\/\/atif.unaldi.org\/blog\/2009\/03\/24\/krizde-e-imza-yatirimi\/#breadcrumb","itemListElement":[{"@type":"ListItem","position":1,"name":"Anasayfa","item":"http:\/\/atif.unaldi.org\/blog\/"},{"@type":"ListItem","position":2,"name":"Krizde e-imza yat\u0131r\u0131m\u0131"}]},{"@type":"WebSite","@id":"http:\/\/atif.unaldi.org\/blog\/#website","url":"http:\/\/atif.unaldi.org\/blog\/","name":"At\u0131f \u00dcnald\u0131","description":"Yazar","publisher":{"@id":"http:\/\/atif.unaldi.org\/blog\/#\/schema\/person\/608ed42ecbda2bc5cfdb767ac1db479b"},"alternateName":"At\u0131f \u00dcnald\u0131 Blog","potentialAction":[{"@type":"SearchAction","target":{"@type":"EntryPoint","urlTemplate":"http:\/\/atif.unaldi.org\/blog\/?s={search_term_string}"},"query-input":{"@type":"PropertyValueSpecification","valueRequired":true,"valueName":"search_term_string"}}],"inLanguage":"tr"},{"@type":["Person","Organization"],"@id":"http:\/\/atif.unaldi.org\/blog\/#\/schema\/person\/608ed42ecbda2bc5cfdb767ac1db479b","name":"Atif Unaldi","image":{"@type":"ImageObject","inLanguage":"tr","@id":"http:\/\/atif.unaldi.org\/blog\/#\/schema\/person\/image\/","url":"http:\/\/atif.unaldi.org\/blog\/wp-content\/uploads\/2022\/10\/cropped-a94e8f7a-67c4-4d65-8a5f-032ba784be53-2.jpg","contentUrl":"http:\/\/atif.unaldi.org\/blog\/wp-content\/uploads\/2022\/10\/cropped-a94e8f7a-67c4-4d65-8a5f-032ba784be53-2.jpg","width":512,"height":512,"caption":"Atif Unaldi"},"logo":{"@id":"http:\/\/atif.unaldi.org\/blog\/#\/schema\/person\/image\/"},"description":"Bo\u011fazi\u00e7i \u00dcniversitesinde Fizik B\u00f6l\u00fcm\u00fc\u2019nde e\u011fitim ald\u0131\u011f\u0131 y\u0131llarda T\u00fcrkiye\u2019de ilk kez iki bilgisayar\u0131 telefon hatlar\u0131 \u00fczerinden konu\u015fturan BBS sistemini kurarak, T\u00fcrkiye\u2019deki ilk internet a\u011f\u0131n\u0131 olu\u015fturmu\u015ftur. Bir \u00e7ok radyo ve televizyonda program yap\u0131mc\u0131l\u0131\u011f\u0131 ve sunuculu\u011funu, bir \u00e7ok teknoloji dergisinde k\u00f6\u015fe yazarl\u0131\u011f\u0131, bili\u015fim edit\u00f6rl\u00fc\u011f\u00fc ve genel yay\u0131n y\u00f6netmenli\u011fi yapt\u0131. T\u00fcrkiye\u2019deki ilk internet servis sa\u011flay\u0131c\u0131s\u0131n\u0131n genel m\u00fcd\u00fcrl\u00fc\u011f\u00fcn\u00fc \u00fcstlendi. Bir \u00e7ok organizasyon ve kurulu\u015fta internet s\u00fcperviz\u00f6rl\u00fc\u011f\u00fc , webmaster\u2019l\u0131\u011f\u0131 , IT direkt\u00f6rl\u00fc\u011f\u00fc ve dijital projeler koordinat\u00f6rl\u00fc\u011f\u00fc g\u00f6revlerinde bulundu. Farkl\u0131 \u00fcniversitelerin farkl\u0131 fak\u00fcltelerinde \u00f6\u011fretim g\u00f6revlisi olarak bulunmu\u015f olan \u00dcnald\u0131; \u015fu an teknoloji ve pazarlama konular\u0131 ba\u015fta olmak \u00fczere bir\u00e7ok alanda hizmet veren Unaldi Consultancy\u2019nin kurucusudur. \u2028Selin \u00dcnald\u0131 ile evlidir. Su ve Toprak isminde iki \u00e7ocu\u011fu vard\u0131r.","sameAs":["http:\/\/atif.unaldi.org\/blog","https:\/\/www.facebook.com\/atifunaldi","https:\/\/www.instagram.com\/atifunaldi\/","https:\/\/www.linkedin.com\/in\/atifunaldi","https:\/\/x.com\/https:\/\/twitter.com\/atifunaldi","https:\/\/www.youtube.com\/c\/atifunaldi","https:\/\/soundcloud.com\/atif-unaldi","https:\/\/atifunaldi.tumblr.com"],"url":"http:\/\/atif.unaldi.org\/blog\/author\/atifunaldi\/"}]}},"jetpack_featured_media_url":"","_links":{"self":[{"href":"http:\/\/atif.unaldi.org\/blog\/wp-json\/wp\/v2\/posts\/813","targetHints":{"allow":["GET"]}}],"collection":[{"href":"http:\/\/atif.unaldi.org\/blog\/wp-json\/wp\/v2\/posts"}],"about":[{"href":"http:\/\/atif.unaldi.org\/blog\/wp-json\/wp\/v2\/types\/post"}],"author":[{"embeddable":true,"href":"http:\/\/atif.unaldi.org\/blog\/wp-json\/wp\/v2\/users\/2"}],"replies":[{"embeddable":true,"href":"http:\/\/atif.unaldi.org\/blog\/wp-json\/wp\/v2\/comments?post=813"}],"version-history":[{"count":0,"href":"http:\/\/atif.unaldi.org\/blog\/wp-json\/wp\/v2\/posts\/813\/revisions"}],"wp:attachment":[{"href":"http:\/\/atif.unaldi.org\/blog\/wp-json\/wp\/v2\/media?parent=813"}],"wp:term":[{"taxonomy":"category","embeddable":true,"href":"http:\/\/atif.unaldi.org\/blog\/wp-json\/wp\/v2\/categories?post=813"},{"taxonomy":"post_tag","embeddable":true,"href":"http:\/\/atif.unaldi.org\/blog\/wp-json\/wp\/v2\/tags?post=813"}],"curies":[{"name":"wp","href":"https:\/\/api.w.org\/{rel}","templated":true}]}}