{"id":907,"date":"2010-07-04T15:55:13","date_gmt":"2010-07-04T15:55:13","guid":{"rendered":"http:\/\/atifunaldi.info\/?p=907"},"modified":"2010-07-04T15:55:13","modified_gmt":"2010-07-04T15:55:13","slug":"tivibuyu-kumandanizla-kontrol-edin","status":"publish","type":"post","link":"http:\/\/atif.unaldi.org\/blog\/2010\/07\/04\/tivibuyu-kumandanizla-kontrol-edin\/","title":{"rendered":"Tivibu\u2019yu kumandan\u0131zla kontrol edin!"},"content":{"rendered":"<p>K\u0131sa zamanda geni\u015f kitlelerin kullan\u0131ma a\u00e7\u0131lan tivibu, ttnet\u2019in asl\u0131nda ev d\u0131\u015f\u0131nda televizyon seyretme ihtiyac\u0131n\u0131 kar\u015f\u0131lamak amac\u0131 ile olu\u015fturulmu\u015f bir proje. Ancak daha \u00e7ok haber programlar\u0131n\u0131 seyrediyorsan\u0131z, \u00e7al\u0131\u015f\u0131rken ve uyurken (!) televizyon a\u00e7\u0131k kals\u0131n diyenlerdenseniz, tivibu\u2019yu her yerde her bilgisayarda \u00f6zellikle de yatak odan\u0131zda seyretmek isteyenlerdenseniz, \u00fc\u00e7l\u00fc oyun (yani internet hem telefon, hem televizyon hem de internet anlam\u0131na gelecek) d\u00f6neminin gelmesi ile birlikte bu ihtiya\u00e7lar\u0131m\u0131z daha da \u00e7o\u011falaca\u011f\u0131n\u0131 hissediyor ve \u015fimdiden al\u0131\u015ft\u0131rmas\u0131n\u0131 yapmay\u0131 planl\u0131yorsan\u0131z, ayr\u0131ca yatak odan\u0131zdaki ekran bollu\u011fundan rahats\u0131z oluyorsan\u0131z, i\u015fte size kolay h\u0131zl\u0131 kurabilece\u011finiz yepyeni bir televizyon.<\/p>\n<p>Bu proje i\u00e7in, bir bilgisayar ( lenovo ideacenter a600), bir kumanda (philips srm 5100), bir uzaktan kumanda yaz\u0131l\u0131m\u0131 ve tivibu hesab\u0131na ihtiyac\u0131n\u0131z var.<\/p>\n<p>\u0130htiya\u00e7lar\u0131 tamamlad\u0131ktan sonra, \u00f6nce bilgisayar\u0131n\u0131z\u0131 en uygun k\u00f6\u015feye yerle\u015ftirip, uzaktan kumanday\u0131 ba\u011fl\u0131yorsunuz. \u0130\u015fletim sisteminiz vista ise herhengi bir yaz\u0131l\u0131m kurmadan kumandan\u0131z\u0131 kullanabilirsiniz. Kanal ge\u00e7i\u015flerini yapabilseniz bile, bu kullan\u0131mla tivibu\u2019yu a\u00e7may\u0131 ba\u015faramayabilirsiniz. Bu arada bahsetti\u011fimiz program\u0131 kurdu\u011funuzda kumanda art\u0131k eskisi gibi \u00e7al\u0131\u015fmayacak, yani ba\u015fka ama\u00e7larla kullanmak isterseniz bunlar\u0131 da programlayabilece\u011finiz bir hale gelecek. Uyar\u0131s\u0131n\u0131 \u015fimdiden yapal\u0131m.<\/p>\n<p>Bu i\u015flemler bittikten sonra Melloware\u2019in intelli remote yaz\u0131l\u0131m\u0131n\u0131 bilgisayar\u0131n\u0131za y\u00fckl\u00fcyorsunuz. (http:\/\/tinyurl.com\/t3turkiye1). Yaz\u0131l\u0131m bir\u00e7ok cihaz\u0131 kumanda etmek amac\u0131 ile i\u00e7inde profil yaz\u0131l\u0131mlar\u0131 ile geliyor. Profil yaz\u0131l\u0131mlar\u0131na program\u0131 \u00e7al\u0131\u015ft\u0131rd\u0131\u011f\u0131n\u0131z\u0131da \u00e7\u0131kan ikon\u2019un \u00fczerine sa\u011f t\u0131klad\u0131\u011f\u0131n\u0131zda gelen setting men\u00fcs\u00fcne bast\u0131\u011f\u0131n\u0131zda \u00e7\u0131kan \u201ccustomize\u201d ekran\u0131n\u0131  kullanarak ula\u015fabilirsiniz. Tabii bu men\u00fcde tivibu ile ilgili bir\u015fey olmad\u0131\u011f\u0131n\u0131 g\u00f6receksiniz ancak \u00f6ncelikle bu profillerden istemediklerinizi (kullanmayacaklar\u0131n\u0131z\u0131) silmenizi \u00f6neririz. Bu sayede profil de\u011fi\u015ftirmek isterseniz sorun ya\u015fam\u0131yorsunuz.<\/p>\n<p>Tivibu i\u00e7in ihtiyac\u0131n\u0131z olan profilin yap\u0131lm\u0131\u015f halini http:\/\/tinyurl.com\/atf-t3-1 adresinden indirebilirsiniz. Bunu da y\u00fckledi\u011finizde, uzaktan kumandan\u0131z ile tivibu\u2019yu \u00e7al\u0131\u015ft\u0131r\u0131p, \u00fcyelik bilgileriniz girilmi\u015fse onaylay\u0131p, kanal de\u011fi\u015ftirme, ses kontrol\u00fc gibi i\u015flemleri ger\u00e7ekle\u015ftirebilirsiniz.<\/p>\n","protected":false},"excerpt":{"rendered":"<p>K\u0131sa zamanda geni\u015f kitlelerin kullan\u0131ma a\u00e7\u0131lan tivibu, ttnet\u2019in asl\u0131nda ev d\u0131\u015f\u0131nda televizyon seyretme ihtiyac\u0131n\u0131 kar\u015f\u0131lamak amac\u0131 ile olu\u015fturulmu\u015f bir proje. Ancak daha \u00e7ok haber programlar\u0131n\u0131 seyrediyorsan\u0131z, \u00e7al\u0131\u015f\u0131rken ve uyurken (!) televizyon a\u00e7\u0131k kals\u0131n diyenlerdenseniz, tivibu\u2019yu&#8230;<\/p>\n","protected":false},"author":2,"featured_media":0,"comment_status":"open","ping_status":"open","sticky":false,"template":"","format":"standard","meta":{"footnotes":""},"categories":[32],"tags":[830,1332],"class_list":["post-907","post","type-post","status-publish","format-standard","hentry","category-t3","tag-kumanda","tag-tivibu"],"yoast_head":"<!-- This site is optimized with the Yoast SEO plugin v26.8 - https:\/\/yoast.com\/product\/yoast-seo-wordpress\/ -->\n<title>Tivibu\u2019yu kumandan\u0131zla kontrol edin! - At\u0131f \u00dcnald\u0131<\/title>\n<meta name=\"robots\" content=\"index, follow, max-snippet:-1, max-image-preview:large, max-video-preview:-1\" \/>\n<link rel=\"canonical\" href=\"http:\/\/atif.unaldi.org\/blog\/2010\/07\/04\/tivibuyu-kumandanizla-kontrol-edin\/\" \/>\n<meta property=\"og:locale\" content=\"tr_TR\" \/>\n<meta property=\"og:type\" content=\"article\" \/>\n<meta property=\"og:title\" content=\"Tivibu\u2019yu kumandan\u0131zla kontrol edin! - At\u0131f \u00dcnald\u0131\" \/>\n<meta property=\"og:description\" content=\"K\u0131sa zamanda geni\u015f kitlelerin kullan\u0131ma a\u00e7\u0131lan tivibu, ttnet\u2019in asl\u0131nda ev d\u0131\u015f\u0131nda televizyon seyretme ihtiyac\u0131n\u0131 kar\u015f\u0131lamak amac\u0131 ile olu\u015fturulmu\u015f bir proje. Ancak daha \u00e7ok haber programlar\u0131n\u0131 seyrediyorsan\u0131z, \u00e7al\u0131\u015f\u0131rken ve uyurken (!) televizyon a\u00e7\u0131k kals\u0131n diyenlerdenseniz, tivibu\u2019yu...\" \/>\n<meta property=\"og:url\" content=\"http:\/\/atif.unaldi.org\/blog\/2010\/07\/04\/tivibuyu-kumandanizla-kontrol-edin\/\" \/>\n<meta property=\"og:site_name\" content=\"At\u0131f \u00dcnald\u0131\" \/>\n<meta property=\"article:publisher\" content=\"https:\/\/www.facebook.com\/atifunaldi\" \/>\n<meta property=\"article:author\" content=\"https:\/\/www.facebook.com\/atifunaldi\" \/>\n<meta property=\"article:published_time\" content=\"2010-07-04T15:55:13+00:00\" \/>\n<meta name=\"author\" content=\"Atif Unaldi\" \/>\n<meta name=\"twitter:card\" content=\"summary_large_image\" \/>\n<meta name=\"twitter:creator\" content=\"@https:\/\/twitter.com\/atifunaldi\" \/>\n<meta name=\"twitter:site\" content=\"@atifunaldi\" \/>\n<meta name=\"twitter:label1\" content=\"Yazan:\" \/>\n\t<meta name=\"twitter:data1\" content=\"Atif Unaldi\" \/>\n\t<meta name=\"twitter:label2\" content=\"Tahmini okuma s\u00fcresi\" \/>\n\t<meta name=\"twitter:data2\" content=\"2 dakika\" \/>\n<script type=\"application\/ld+json\" class=\"yoast-schema-graph\">{\"@context\":\"https:\/\/schema.org\",\"@graph\":[{\"@type\":\"Article\",\"@id\":\"http:\/\/atif.unaldi.org\/blog\/2010\/07\/04\/tivibuyu-kumandanizla-kontrol-edin\/#article\",\"isPartOf\":{\"@id\":\"http:\/\/atif.unaldi.org\/blog\/2010\/07\/04\/tivibuyu-kumandanizla-kontrol-edin\/\"},\"author\":{\"name\":\"Atif Unaldi\",\"@id\":\"http:\/\/atif.unaldi.org\/blog\/#\/schema\/person\/608ed42ecbda2bc5cfdb767ac1db479b\"},\"headline\":\"Tivibu\u2019yu kumandan\u0131zla kontrol edin!\",\"datePublished\":\"2010-07-04T15:55:13+00:00\",\"mainEntityOfPage\":{\"@id\":\"http:\/\/atif.unaldi.org\/blog\/2010\/07\/04\/tivibuyu-kumandanizla-kontrol-edin\/\"},\"wordCount\":401,\"commentCount\":0,\"publisher\":{\"@id\":\"http:\/\/atif.unaldi.org\/blog\/#\/schema\/person\/608ed42ecbda2bc5cfdb767ac1db479b\"},\"keywords\":[\"kumanda\",\"tivibu\"],\"articleSection\":[\"- T3\"],\"inLanguage\":\"tr\",\"potentialAction\":[{\"@type\":\"CommentAction\",\"name\":\"Comment\",\"target\":[\"http:\/\/atif.unaldi.org\/blog\/2010\/07\/04\/tivibuyu-kumandanizla-kontrol-edin\/#respond\"]}]},{\"@type\":\"WebPage\",\"@id\":\"http:\/\/atif.unaldi.org\/blog\/2010\/07\/04\/tivibuyu-kumandanizla-kontrol-edin\/\",\"url\":\"http:\/\/atif.unaldi.org\/blog\/2010\/07\/04\/tivibuyu-kumandanizla-kontrol-edin\/\",\"name\":\"Tivibu\u2019yu kumandan\u0131zla kontrol edin! - At\u0131f \u00dcnald\u0131\",\"isPartOf\":{\"@id\":\"http:\/\/atif.unaldi.org\/blog\/#website\"},\"datePublished\":\"2010-07-04T15:55:13+00:00\",\"breadcrumb\":{\"@id\":\"http:\/\/atif.unaldi.org\/blog\/2010\/07\/04\/tivibuyu-kumandanizla-kontrol-edin\/#breadcrumb\"},\"inLanguage\":\"tr\",\"potentialAction\":[{\"@type\":\"ReadAction\",\"target\":[\"http:\/\/atif.unaldi.org\/blog\/2010\/07\/04\/tivibuyu-kumandanizla-kontrol-edin\/\"]}]},{\"@type\":\"BreadcrumbList\",\"@id\":\"http:\/\/atif.unaldi.org\/blog\/2010\/07\/04\/tivibuyu-kumandanizla-kontrol-edin\/#breadcrumb\",\"itemListElement\":[{\"@type\":\"ListItem\",\"position\":1,\"name\":\"Anasayfa\",\"item\":\"http:\/\/atif.unaldi.org\/blog\/\"},{\"@type\":\"ListItem\",\"position\":2,\"name\":\"Tivibu\u2019yu kumandan\u0131zla kontrol edin!\"}]},{\"@type\":\"WebSite\",\"@id\":\"http:\/\/atif.unaldi.org\/blog\/#website\",\"url\":\"http:\/\/atif.unaldi.org\/blog\/\",\"name\":\"At\u0131f \u00dcnald\u0131\",\"description\":\"Yazar\",\"publisher\":{\"@id\":\"http:\/\/atif.unaldi.org\/blog\/#\/schema\/person\/608ed42ecbda2bc5cfdb767ac1db479b\"},\"alternateName\":\"At\u0131f \u00dcnald\u0131 Blog\",\"potentialAction\":[{\"@type\":\"SearchAction\",\"target\":{\"@type\":\"EntryPoint\",\"urlTemplate\":\"http:\/\/atif.unaldi.org\/blog\/?s={search_term_string}\"},\"query-input\":{\"@type\":\"PropertyValueSpecification\",\"valueRequired\":true,\"valueName\":\"search_term_string\"}}],\"inLanguage\":\"tr\"},{\"@type\":[\"Person\",\"Organization\"],\"@id\":\"http:\/\/atif.unaldi.org\/blog\/#\/schema\/person\/608ed42ecbda2bc5cfdb767ac1db479b\",\"name\":\"Atif Unaldi\",\"image\":{\"@type\":\"ImageObject\",\"inLanguage\":\"tr\",\"@id\":\"http:\/\/atif.unaldi.org\/blog\/#\/schema\/person\/image\/\",\"url\":\"http:\/\/atif.unaldi.org\/blog\/wp-content\/uploads\/2022\/10\/cropped-a94e8f7a-67c4-4d65-8a5f-032ba784be53-2.jpg\",\"contentUrl\":\"http:\/\/atif.unaldi.org\/blog\/wp-content\/uploads\/2022\/10\/cropped-a94e8f7a-67c4-4d65-8a5f-032ba784be53-2.jpg\",\"width\":512,\"height\":512,\"caption\":\"Atif Unaldi\"},\"logo\":{\"@id\":\"http:\/\/atif.unaldi.org\/blog\/#\/schema\/person\/image\/\"},\"description\":\"Bo\u011fazi\u00e7i \u00dcniversitesinde Fizik B\u00f6l\u00fcm\u00fc\u2019nde e\u011fitim ald\u0131\u011f\u0131 y\u0131llarda T\u00fcrkiye\u2019de ilk kez iki bilgisayar\u0131 telefon hatlar\u0131 \u00fczerinden konu\u015fturan BBS sistemini kurarak, T\u00fcrkiye\u2019deki ilk internet a\u011f\u0131n\u0131 olu\u015fturmu\u015ftur. Bir \u00e7ok radyo ve televizyonda program yap\u0131mc\u0131l\u0131\u011f\u0131 ve sunuculu\u011funu, bir \u00e7ok teknoloji dergisinde k\u00f6\u015fe yazarl\u0131\u011f\u0131, bili\u015fim edit\u00f6rl\u00fc\u011f\u00fc ve genel yay\u0131n y\u00f6netmenli\u011fi yapt\u0131. T\u00fcrkiye\u2019deki ilk internet servis sa\u011flay\u0131c\u0131s\u0131n\u0131n genel m\u00fcd\u00fcrl\u00fc\u011f\u00fcn\u00fc \u00fcstlendi. Bir \u00e7ok organizasyon ve kurulu\u015fta internet s\u00fcperviz\u00f6rl\u00fc\u011f\u00fc , webmaster\u2019l\u0131\u011f\u0131 , IT direkt\u00f6rl\u00fc\u011f\u00fc ve dijital projeler koordinat\u00f6rl\u00fc\u011f\u00fc g\u00f6revlerinde bulundu. Farkl\u0131 \u00fcniversitelerin farkl\u0131 fak\u00fcltelerinde \u00f6\u011fretim g\u00f6revlisi olarak bulunmu\u015f olan \u00dcnald\u0131; \u015fu an teknoloji ve pazarlama konular\u0131 ba\u015fta olmak \u00fczere bir\u00e7ok alanda hizmet veren Unaldi Consultancy\u2019nin kurucusudur. \\u2028Selin \u00dcnald\u0131 ile evlidir. Su ve Toprak isminde iki \u00e7ocu\u011fu vard\u0131r.\",\"sameAs\":[\"http:\/\/atif.unaldi.org\/blog\",\"https:\/\/www.facebook.com\/atifunaldi\",\"https:\/\/www.instagram.com\/atifunaldi\/\",\"https:\/\/www.linkedin.com\/in\/atifunaldi\",\"https:\/\/x.com\/https:\/\/twitter.com\/atifunaldi\",\"https:\/\/www.youtube.com\/c\/atifunaldi\",\"https:\/\/soundcloud.com\/atif-unaldi\",\"https:\/\/atifunaldi.tumblr.com\"],\"url\":\"http:\/\/atif.unaldi.org\/blog\/author\/atifunaldi\/\"}]}<\/script>\n<!-- \/ Yoast SEO plugin. -->","yoast_head_json":{"title":"Tivibu\u2019yu kumandan\u0131zla kontrol edin! - At\u0131f \u00dcnald\u0131","robots":{"index":"index","follow":"follow","max-snippet":"max-snippet:-1","max-image-preview":"max-image-preview:large","max-video-preview":"max-video-preview:-1"},"canonical":"http:\/\/atif.unaldi.org\/blog\/2010\/07\/04\/tivibuyu-kumandanizla-kontrol-edin\/","og_locale":"tr_TR","og_type":"article","og_title":"Tivibu\u2019yu kumandan\u0131zla kontrol edin! - At\u0131f \u00dcnald\u0131","og_description":"K\u0131sa zamanda geni\u015f kitlelerin kullan\u0131ma a\u00e7\u0131lan tivibu, ttnet\u2019in asl\u0131nda ev d\u0131\u015f\u0131nda televizyon seyretme ihtiyac\u0131n\u0131 kar\u015f\u0131lamak amac\u0131 ile olu\u015fturulmu\u015f bir proje. Ancak daha \u00e7ok haber programlar\u0131n\u0131 seyrediyorsan\u0131z, \u00e7al\u0131\u015f\u0131rken ve uyurken (!) televizyon a\u00e7\u0131k kals\u0131n diyenlerdenseniz, tivibu\u2019yu...","og_url":"http:\/\/atif.unaldi.org\/blog\/2010\/07\/04\/tivibuyu-kumandanizla-kontrol-edin\/","og_site_name":"At\u0131f \u00dcnald\u0131","article_publisher":"https:\/\/www.facebook.com\/atifunaldi","article_author":"https:\/\/www.facebook.com\/atifunaldi","article_published_time":"2010-07-04T15:55:13+00:00","author":"Atif Unaldi","twitter_card":"summary_large_image","twitter_creator":"@https:\/\/twitter.com\/atifunaldi","twitter_site":"@atifunaldi","twitter_misc":{"Yazan:":"Atif Unaldi","Tahmini okuma s\u00fcresi":"2 dakika"},"schema":{"@context":"https:\/\/schema.org","@graph":[{"@type":"Article","@id":"http:\/\/atif.unaldi.org\/blog\/2010\/07\/04\/tivibuyu-kumandanizla-kontrol-edin\/#article","isPartOf":{"@id":"http:\/\/atif.unaldi.org\/blog\/2010\/07\/04\/tivibuyu-kumandanizla-kontrol-edin\/"},"author":{"name":"Atif Unaldi","@id":"http:\/\/atif.unaldi.org\/blog\/#\/schema\/person\/608ed42ecbda2bc5cfdb767ac1db479b"},"headline":"Tivibu\u2019yu kumandan\u0131zla kontrol edin!","datePublished":"2010-07-04T15:55:13+00:00","mainEntityOfPage":{"@id":"http:\/\/atif.unaldi.org\/blog\/2010\/07\/04\/tivibuyu-kumandanizla-kontrol-edin\/"},"wordCount":401,"commentCount":0,"publisher":{"@id":"http:\/\/atif.unaldi.org\/blog\/#\/schema\/person\/608ed42ecbda2bc5cfdb767ac1db479b"},"keywords":["kumanda","tivibu"],"articleSection":["- T3"],"inLanguage":"tr","potentialAction":[{"@type":"CommentAction","name":"Comment","target":["http:\/\/atif.unaldi.org\/blog\/2010\/07\/04\/tivibuyu-kumandanizla-kontrol-edin\/#respond"]}]},{"@type":"WebPage","@id":"http:\/\/atif.unaldi.org\/blog\/2010\/07\/04\/tivibuyu-kumandanizla-kontrol-edin\/","url":"http:\/\/atif.unaldi.org\/blog\/2010\/07\/04\/tivibuyu-kumandanizla-kontrol-edin\/","name":"Tivibu\u2019yu kumandan\u0131zla kontrol edin! - At\u0131f \u00dcnald\u0131","isPartOf":{"@id":"http:\/\/atif.unaldi.org\/blog\/#website"},"datePublished":"2010-07-04T15:55:13+00:00","breadcrumb":{"@id":"http:\/\/atif.unaldi.org\/blog\/2010\/07\/04\/tivibuyu-kumandanizla-kontrol-edin\/#breadcrumb"},"inLanguage":"tr","potentialAction":[{"@type":"ReadAction","target":["http:\/\/atif.unaldi.org\/blog\/2010\/07\/04\/tivibuyu-kumandanizla-kontrol-edin\/"]}]},{"@type":"BreadcrumbList","@id":"http:\/\/atif.unaldi.org\/blog\/2010\/07\/04\/tivibuyu-kumandanizla-kontrol-edin\/#breadcrumb","itemListElement":[{"@type":"ListItem","position":1,"name":"Anasayfa","item":"http:\/\/atif.unaldi.org\/blog\/"},{"@type":"ListItem","position":2,"name":"Tivibu\u2019yu kumandan\u0131zla kontrol edin!"}]},{"@type":"WebSite","@id":"http:\/\/atif.unaldi.org\/blog\/#website","url":"http:\/\/atif.unaldi.org\/blog\/","name":"At\u0131f \u00dcnald\u0131","description":"Yazar","publisher":{"@id":"http:\/\/atif.unaldi.org\/blog\/#\/schema\/person\/608ed42ecbda2bc5cfdb767ac1db479b"},"alternateName":"At\u0131f \u00dcnald\u0131 Blog","potentialAction":[{"@type":"SearchAction","target":{"@type":"EntryPoint","urlTemplate":"http:\/\/atif.unaldi.org\/blog\/?s={search_term_string}"},"query-input":{"@type":"PropertyValueSpecification","valueRequired":true,"valueName":"search_term_string"}}],"inLanguage":"tr"},{"@type":["Person","Organization"],"@id":"http:\/\/atif.unaldi.org\/blog\/#\/schema\/person\/608ed42ecbda2bc5cfdb767ac1db479b","name":"Atif Unaldi","image":{"@type":"ImageObject","inLanguage":"tr","@id":"http:\/\/atif.unaldi.org\/blog\/#\/schema\/person\/image\/","url":"http:\/\/atif.unaldi.org\/blog\/wp-content\/uploads\/2022\/10\/cropped-a94e8f7a-67c4-4d65-8a5f-032ba784be53-2.jpg","contentUrl":"http:\/\/atif.unaldi.org\/blog\/wp-content\/uploads\/2022\/10\/cropped-a94e8f7a-67c4-4d65-8a5f-032ba784be53-2.jpg","width":512,"height":512,"caption":"Atif Unaldi"},"logo":{"@id":"http:\/\/atif.unaldi.org\/blog\/#\/schema\/person\/image\/"},"description":"Bo\u011fazi\u00e7i \u00dcniversitesinde Fizik B\u00f6l\u00fcm\u00fc\u2019nde e\u011fitim ald\u0131\u011f\u0131 y\u0131llarda T\u00fcrkiye\u2019de ilk kez iki bilgisayar\u0131 telefon hatlar\u0131 \u00fczerinden konu\u015fturan BBS sistemini kurarak, T\u00fcrkiye\u2019deki ilk internet a\u011f\u0131n\u0131 olu\u015fturmu\u015ftur. Bir \u00e7ok radyo ve televizyonda program yap\u0131mc\u0131l\u0131\u011f\u0131 ve sunuculu\u011funu, bir \u00e7ok teknoloji dergisinde k\u00f6\u015fe yazarl\u0131\u011f\u0131, bili\u015fim edit\u00f6rl\u00fc\u011f\u00fc ve genel yay\u0131n y\u00f6netmenli\u011fi yapt\u0131. T\u00fcrkiye\u2019deki ilk internet servis sa\u011flay\u0131c\u0131s\u0131n\u0131n genel m\u00fcd\u00fcrl\u00fc\u011f\u00fcn\u00fc \u00fcstlendi. Bir \u00e7ok organizasyon ve kurulu\u015fta internet s\u00fcperviz\u00f6rl\u00fc\u011f\u00fc , webmaster\u2019l\u0131\u011f\u0131 , IT direkt\u00f6rl\u00fc\u011f\u00fc ve dijital projeler koordinat\u00f6rl\u00fc\u011f\u00fc g\u00f6revlerinde bulundu. Farkl\u0131 \u00fcniversitelerin farkl\u0131 fak\u00fcltelerinde \u00f6\u011fretim g\u00f6revlisi olarak bulunmu\u015f olan \u00dcnald\u0131; \u015fu an teknoloji ve pazarlama konular\u0131 ba\u015fta olmak \u00fczere bir\u00e7ok alanda hizmet veren Unaldi Consultancy\u2019nin kurucusudur. \u2028Selin \u00dcnald\u0131 ile evlidir. Su ve Toprak isminde iki \u00e7ocu\u011fu vard\u0131r.","sameAs":["http:\/\/atif.unaldi.org\/blog","https:\/\/www.facebook.com\/atifunaldi","https:\/\/www.instagram.com\/atifunaldi\/","https:\/\/www.linkedin.com\/in\/atifunaldi","https:\/\/x.com\/https:\/\/twitter.com\/atifunaldi","https:\/\/www.youtube.com\/c\/atifunaldi","https:\/\/soundcloud.com\/atif-unaldi","https:\/\/atifunaldi.tumblr.com"],"url":"http:\/\/atif.unaldi.org\/blog\/author\/atifunaldi\/"}]}},"jetpack_featured_media_url":"","_links":{"self":[{"href":"http:\/\/atif.unaldi.org\/blog\/wp-json\/wp\/v2\/posts\/907","targetHints":{"allow":["GET"]}}],"collection":[{"href":"http:\/\/atif.unaldi.org\/blog\/wp-json\/wp\/v2\/posts"}],"about":[{"href":"http:\/\/atif.unaldi.org\/blog\/wp-json\/wp\/v2\/types\/post"}],"author":[{"embeddable":true,"href":"http:\/\/atif.unaldi.org\/blog\/wp-json\/wp\/v2\/users\/2"}],"replies":[{"embeddable":true,"href":"http:\/\/atif.unaldi.org\/blog\/wp-json\/wp\/v2\/comments?post=907"}],"version-history":[{"count":0,"href":"http:\/\/atif.unaldi.org\/blog\/wp-json\/wp\/v2\/posts\/907\/revisions"}],"wp:attachment":[{"href":"http:\/\/atif.unaldi.org\/blog\/wp-json\/wp\/v2\/media?parent=907"}],"wp:term":[{"taxonomy":"category","embeddable":true,"href":"http:\/\/atif.unaldi.org\/blog\/wp-json\/wp\/v2\/categories?post=907"},{"taxonomy":"post_tag","embeddable":true,"href":"http:\/\/atif.unaldi.org\/blog\/wp-json\/wp\/v2\/tags?post=907"}],"curies":[{"name":"wp","href":"https:\/\/api.w.org\/{rel}","templated":true}]}}