{"id":934,"date":"2010-07-29T08:14:44","date_gmt":"2010-07-29T08:14:44","guid":{"rendered":"http:\/\/atifunaldi.info\/?p=934"},"modified":"2010-07-29T08:14:44","modified_gmt":"2010-07-29T08:14:44","slug":"sosyal-medyada-basarili-olmanin-yedi-kurali","status":"publish","type":"post","link":"http:\/\/atif.unaldi.org\/blog\/2010\/07\/29\/sosyal-medyada-basarili-olmanin-yedi-kurali\/","title":{"rendered":"Sosyal medyada ba\u015far\u0131l\u0131 olman\u0131n yedi kural\u0131"},"content":{"rendered":"<p>Bug\u00fcn t\u00fcm d\u00fcnyada yakla\u015f\u0131k bir milyar ki\u015finin sosyal a\u011flara \u00fcye olmas\u0131na ra\u011fmen, bir\u00e7ok \u015firket, sosyal medyaya giri\u015f yapmakta zorluk \u00e7ekiyor. Kurumlar\u0131n ve i\u015f d\u00fcnyas\u0131n\u0131n bu g\u00fcncel gereksinimini tespit eden online i\u015f a\u011f\u0131 XING,  yerel ve uluslararas\u0131 birikimini kullanarak sosyal medya aktivitelerini geni\u015fletmek isteyen ve \u015firketlere 7 alt\u0131n kural \u00f6neriyor:<\/p>\n<p><!--more--><\/p>\n<p>Hedeflerinizi tan\u0131mlay\u0131n: \u0130\u015fe \u015firketinizin sosyal medyada yer alarak ula\u015fmak istedi\u011fi hedefleri belirleyerek ba\u015flay\u0131n. Yeni m\u00fc\u015fteriler mi kazanmak istiyorsunuz yoksa i\u015fveren olarak imaj\u0131n\u0131z\u0131 g\u00fc\u00e7lendirmek mi? Kurumsal itibar\u0131n\u0131z\u0131 y\u00f6netmek ve iyile\u015ftirmek mi istiyorsunuz, yoksa m\u00fc\u015fteri sadakati sa\u011flamak m\u0131?  Hedef kitlenize hangi sosyal \u00e7evrede ula\u015fmak istiyorsunuz, i\u015f odakl\u0131 bir ortamda m\u0131 yoksa e\u011flence odakl\u0131 m\u0131?  Sosyal medya, farkl\u0131 hedefler i\u00e7in farkl\u0131 platformlar sunan bir mecrad\u0131r. XING gibi i\u015f a\u011flar\u0131 temel olarak i\u015f ve kariyer gibi profesyonel ama\u00e7lara y\u00f6nelikken,   Facebook gibi a\u011flar ki\u015fisel payla\u015f\u0131m ve e\u011flence odakl\u0131d\u0131r.  \u0130zleyece\u011finiz y\u00f6ntemi belirleyecek olan, hedeflerinizdir. Herhangi bir plan yapmadan sosyal medya ortam\u0131na dalmak ise, rotas\u0131z bir gemi misali i\u015finizi daha da zorla\u015ft\u0131racakt\u0131r.<\/p>\n<p>\u0130\u015fin i\u00e7inde olun: Sosyal medya b\u00fcy\u00fck bir f\u0131rsatt\u0131r! \u015eirketler ve hizmet sa\u011flay\u0131c\u0131lar hakk\u0131nda internetten bilgi edinmek g\u00fcn\u00fcm\u00fcz\u00fcn ger\u00e7eklerinden biri. Yani siz isteseniz de istemeseniz de , \u015firketiniz her durumda online bir varl\u0131k sergiliyor. Halihaz\u0131rda s\u00fcregelen bu online diyaloga kat\u0131lma ya da kat\u0131lmama tercihi ise elbette size ait. Bu s\u00fcre\u00e7te etkin ve verimli bir \u015fekilde var olarak sosyal medyada yer alman\u0131n \u015firketinize somut faydalar sa\u011flamas\u0131n\u0131 istiyorsan\u0131z, \u00f6nce \u015firketinizin sosyal medya y\u00f6neticisi bir kullan\u0131c\u0131 olarak sosyal medya i\u00e7inde yer almal\u0131 ve bu d\u00fcnyan\u0131n dinamiklerini ke\u015ffetmelidir. Sonras\u0131nda \u015firketinizin online varl\u0131\u011f\u0131na dair &#8220;bilgi toplama&#8221; a\u015famas\u0131na ge\u00e7in. M\u00fc\u015fterilerinizin ve blog yazarlar\u0131 gibi fikir \u00f6nderlerinin, karar vericilerin hangi a\u011flarda, bloglarda ve forumlarda bilgi al\u0131\u015fveri\u015finde bulundu\u011funu \u00f6\u011frenin. \u00c7evrenizde yer alan gerek i\u015f, gerekse \u00f6zel ya\u015fam\u0131n\u0131zdaki arkada\u015flar\u0131n\u0131z\u0131n hangi sosyal a\u011flara \u00fcye oldu\u011funu \u00f6\u011frenerek, onlarla s\u00f6z konusu a\u011flar \u00fczerinden ba\u011flant\u0131 kurun. B\u00f6ylelikle hem \u015firketiniz i\u00e7in durum tespiti, hem de ilerleyen zamanlardaki aktiviteleriniz i\u00e7in bilgi a\u011f\u0131n\u0131z\u0131 yaratarak iyi bir ba\u015flang\u0131\u00e7 yapm\u0131\u015f olacaks\u0131n\u0131z.<\/p>\n<p>Dinleyin ve g\u00f6zlemleyin: Sosyal medya \u00e7ok boyutlu bir ileti\u015fimi temsil eder.  Sosyal medyada olumlu tepkilerin yan\u0131 s\u0131ra ele\u015ftiriye de maruz kalabilirsiniz. Her ko\u015fulda, size sunulan geri bildirim \u015firketiniz i\u00e7in \u00f6nemlidir. Bu durum kar\u015f\u0131s\u0131nda yap\u0131c\u0131 bir tutum tak\u0131nmaya \u00f6zen g\u00f6sterin. Ele\u015ftirileri ciddiye al\u0131n ve ba\u015f\u0131n\u0131z\u0131 kuma g\u00f6mmekten ka\u00e7\u0131n\u0131n. \u00d6te yandan sosyal medyadaki trendlerin yak\u0131n takip\u00e7isi olun. Hangi kanallar daha g\u00fc\u00e7l\u00fc \u015fekilde alg\u0131lan\u0131yor? Y\u00fcksek d\u00fczeyde m\u00fc\u015fteri memnuniyetini hangi alanlarda yakal\u0131yorsunuz? Yeni \u00e7\u0131kan ara\u00e7lar\u0131 ve geli\u015fmeleri takip edin.  Rakiplerinizin neler yapt\u0131\u011f\u0131n\u0131 izleyin. Ama do\u011frudan ya da \u2018bashing&#8217; olarak bilinen k\u00fc\u00e7\u00fck d\u00fc\u015f\u00fcr\u00fcc\u00fc k\u0131yaslamalardan ka\u00e7\u0131n\u0131n, bunlar sosyal medya kullan\u0131c\u0131lar\u0131 taraf\u0131ndan iyi kar\u015f\u0131lanmaz.<\/p>\n<p>\u00d6zg\u00fcn olun: Pazarlama d\u00fcnyas\u0131n\u0131n kli\u015felerinden ve abart\u0131lar\u0131ndan ka\u00e7\u0131narak kendinize \u00f6zg\u00fcn bir yakla\u015f\u0131m belirleyin. Uzman terimleri kullanmak son derece kabul edilebilir bir yakla\u015f\u0131md\u0131r ve yazd\u0131klar\u0131n\u0131za ki\u015fisel bir ton katmak da faydal\u0131d\u0131r. \u00d6rne\u011fin, bir etkinli\u011fin ard\u0131ndan &#8220;Fuardan geliyorum. Yorgunum ama yepyeni fikirlerim var. gibi ki\u015fisel bir not d\u00fc\u015febilirsiniz. Ba\u015fkalar\u0131n\u0131n, hangi arac\u0131 kulland\u0131\u011f\u0131n\u0131z\u0131 bilmesini sa\u011flay\u0131n. Mesela Twitter&#8217;da \u00e7e\u015fitli k\u0131saltmalar ile bunu sa\u011flayabilirsiniz. (Tweet&#8217;in sonunda isminizin ba\u015f harflerinden olu\u015fan bir kimlik belirteci kullanabilir, \u00f6rne\u011fin Umut Arsoy ismi i\u00e7in &#8220;^ua^&#8221; yazabilirsiniz). Ba\u015fka bloglardaki yorumlar\u0131n\u0131zda kesinlikle sahte isim kullanmay\u0131n. Bir \u015fekilde bu fark edilerek ba\u015f\u0131n\u0131za i\u015f a\u00e7abilir.<\/p>\n<p>Kriz ortam\u0131nda da so\u011fukkanl\u0131 olun: Dinleyen, geri bildirimlere yan\u0131t veren bir \u015firket oldu\u011funuzu g\u00f6stermek i\u00e7in krizlerden faydalan\u0131n. Hakl\u0131 ele\u015ftirileri, hakaretten ay\u0131r\u0131n ve sadece hakl\u0131 ele\u015ftirilere yan\u0131t verin. Blogdaki a\u00e7\u0131k yorumlar t\u00fcr\u00fcnden geri bildirimlere imk\u00e2n tan\u0131y\u0131n. So\u011fukkanl\u0131l\u0131\u011f\u0131n\u0131z\u0131 koruyun ve sonsuz tart\u0131\u015fmalara girmeyin. \u015eirket olarak herhangi bir bilgi ya da yan\u0131t verdi\u011finizde, \u00f6rne\u011fin bir g\u00fcncelleme yay\u0131nlad\u0131\u011f\u0131n\u0131zda, bunu sizi ele\u015ftirenlere de dost\u00e7a ve kibar bir tav\u0131rla muhakkak bildirin.<\/p>\n<p>A\u011flar\u0131n g\u00fcc\u00fcnden faydalan\u0131n: \u015eirket \u00e7al\u0131\u015fanlar\u0131n\u0131z\u0131n sosyal a\u011flardaki aktifli\u011fini avantaja d\u00f6n\u00fc\u015ft\u00fcr\u00fcn. \u00c7al\u0131\u015fanlar\u0131n\u0131z ve m\u00fc\u015fterileriniz, \u2018Payla\u015f&#8217; butonu gibi ara\u00e7lar\u0131 kullanarak \u015firketinizi ba\u015fkalar\u0131na \u00f6nerebilir ve mesaj\u0131n\u0131z\u0131n yay\u0131lmas\u0131na katk\u0131da bulunabilir. (Bu t\u00fcr ara\u00e7lar bir\u00e7ok i\u00e7erik y\u00f6netim sisteminde ek program olarak mevcuttur.) \u00c7al\u0131\u015fanlar\u0131n\u0131za ve m\u00fc\u015fterilerinize bu olanaklar\u0131 sunun ancak \u015firketinizin i\u00e7eriklerini a\u011f \u00fczerinden yay\u0131nlamalar\u0131 konusunda bask\u0131 yapmay\u0131n. Bu, onlar\u0131m motivasyonunu ve yazd\u0131klar\u0131 mesajlar\u0131n samimiyetini azaltacakt\u0131r.<\/p>\n<p>Hem online&#8217;da hem de offline&#8217;da ileti\u015fim kurun: Sosyal medya, genel \u015firket ileti\u015fiminizin bir par\u00e7as\u0131d\u0131r fakat mevcut kanallar\u0131n yerine ge\u00e7mez, tam tersine bu kanallar\u0131 tamamlar. Ba\u015fka mecralarda da sosyal medyaya dahil oldu\u011funuzu g\u00f6stermek i\u00e7in \u015firketinizin kurumsal sitesi ve fuar kat\u0131l\u0131mlar\u0131n\u0131z gibi mevcut aktivitelerinizden faydalanabilirsiniz.<\/p>\n<p>XING T\u00fcrkiye \u00dclke M\u00fcd\u00fcr\u00fc Hakan G\u00f6nenli, \u015firketlerin sosyal medyaya giri\u015fi ve XING&#8217;in \u00f6nerdi\u011fi 7 alt\u0131n kural ile ilgili olarak \u015fu yorumu payla\u015f\u0131yor: &#8220;Sosyal a\u011flar ve daha geni\u015f kapsam\u0131yla da sosyal medya bir s\u00fcredir t\u00fcm d\u00fcnyan\u0131n dikkatini \u00fczerine \u00e7ekmi\u015f bulunuyor.  Sosyal medyan\u0131n yo\u011fun bir bi\u00e7imde kullan\u0131lmas\u0131 ve bunun getirdi\u011fi yeni pratikler \u015firketler a\u00e7\u0131s\u0131ndan da pek \u00e7ok s\u00fcreci etkileyip de\u011fi\u015ftiriyor. \u00dclkemizde de bireyler ve \u015firketler bu s\u00fcrece adapte olmaya ba\u015flad\u0131lar. Ne var ki, Avrupa&#8217;da yap\u0131lan ara\u015ft\u0131rmalar, pek \u00e7ok \u015firketin sosyal medyaya giri\u015f yapmak istemesine kar\u015f\u0131n i\u015fe nereden ba\u015flayaca\u011f\u0131n\u0131 bilmedi\u011fini ortaya koyuyor. XING olarak, \u015firketlerin bu ihtiyac\u0131na g\u00fcvenilir bir yan\u0131t \u00fcretmek istedik ve d\u00fcnya \u00e7ap\u0131ndaki bilgi ve deneyimlerimizi 7 alt\u0131n kural etraf\u0131nda \u00f6zetledik. Bu kurallar\u0131n \u015firketlere yararl\u0131 olmas\u0131n\u0131 diliyoruz. Bunun yan\u0131 s\u0131ra XING platformunda gerek bireylerin gerekse \u015firketlerin kendilerini etkin bir \u015fekilde tan\u0131tabilmesi i\u00e7in XING \u015eirket Profili&#8217;ni de hayata ge\u00e7irmi\u015f bulunuyoruz. Sosyal medyan\u0131n ve sosyal a\u011flar\u0131n g\u00fcc\u00fcnden yararlanmak isteyenler i\u015fe XING ile ba\u015flayabilirler.&#8221;<\/p>\n","protected":false},"excerpt":{"rendered":"<p>Bug\u00fcn t\u00fcm d\u00fcnyada yakla\u015f\u0131k bir milyar ki\u015finin sosyal a\u011flara \u00fcye olmas\u0131na ra\u011fmen, bir\u00e7ok \u015firket, sosyal medyaya giri\u015f yapmakta zorluk \u00e7ekiyor. Kurumlar\u0131n ve i\u015f d\u00fcnyas\u0131n\u0131n bu g\u00fcncel gereksinimini tespit eden online i\u015f a\u011f\u0131 XING, yerel ve&#8230;<\/p>\n","protected":false},"author":2,"featured_media":0,"comment_status":"open","ping_status":"open","sticky":false,"template":"","format":"standard","meta":{"footnotes":""},"categories":[3],"tags":[],"class_list":["post-934","post","type-post","status-publish","format-standard","hentry","category-blogum"],"yoast_head":"<!-- This site is optimized with the Yoast SEO plugin v26.8 - https:\/\/yoast.com\/product\/yoast-seo-wordpress\/ -->\n<title>Sosyal medyada ba\u015far\u0131l\u0131 olman\u0131n yedi kural\u0131 - At\u0131f \u00dcnald\u0131<\/title>\n<meta name=\"robots\" content=\"index, follow, max-snippet:-1, max-image-preview:large, max-video-preview:-1\" \/>\n<link rel=\"canonical\" href=\"http:\/\/atif.unaldi.org\/blog\/2010\/07\/29\/sosyal-medyada-basarili-olmanin-yedi-kurali\/\" \/>\n<meta property=\"og:locale\" content=\"tr_TR\" \/>\n<meta property=\"og:type\" content=\"article\" \/>\n<meta property=\"og:title\" content=\"Sosyal medyada ba\u015far\u0131l\u0131 olman\u0131n yedi kural\u0131 - At\u0131f \u00dcnald\u0131\" \/>\n<meta property=\"og:description\" content=\"Bug\u00fcn t\u00fcm d\u00fcnyada yakla\u015f\u0131k bir milyar ki\u015finin sosyal a\u011flara \u00fcye olmas\u0131na ra\u011fmen, bir\u00e7ok \u015firket, sosyal medyaya giri\u015f yapmakta zorluk \u00e7ekiyor. Kurumlar\u0131n ve i\u015f d\u00fcnyas\u0131n\u0131n bu g\u00fcncel gereksinimini tespit eden online i\u015f a\u011f\u0131 XING, yerel ve...\" \/>\n<meta property=\"og:url\" content=\"http:\/\/atif.unaldi.org\/blog\/2010\/07\/29\/sosyal-medyada-basarili-olmanin-yedi-kurali\/\" \/>\n<meta property=\"og:site_name\" content=\"At\u0131f \u00dcnald\u0131\" \/>\n<meta property=\"article:publisher\" content=\"https:\/\/www.facebook.com\/atifunaldi\" \/>\n<meta property=\"article:author\" content=\"https:\/\/www.facebook.com\/atifunaldi\" \/>\n<meta property=\"article:published_time\" content=\"2010-07-29T08:14:44+00:00\" \/>\n<meta name=\"author\" content=\"Atif Unaldi\" \/>\n<meta name=\"twitter:card\" content=\"summary_large_image\" \/>\n<meta name=\"twitter:creator\" content=\"@https:\/\/twitter.com\/atifunaldi\" \/>\n<meta name=\"twitter:site\" content=\"@atifunaldi\" \/>\n<meta name=\"twitter:label1\" content=\"Yazan:\" \/>\n\t<meta name=\"twitter:data1\" content=\"Atif Unaldi\" \/>\n\t<meta name=\"twitter:label2\" content=\"Tahmini okuma s\u00fcresi\" \/>\n\t<meta name=\"twitter:data2\" content=\"6 dakika\" \/>\n<script type=\"application\/ld+json\" class=\"yoast-schema-graph\">{\"@context\":\"https:\/\/schema.org\",\"@graph\":[{\"@type\":\"Article\",\"@id\":\"http:\/\/atif.unaldi.org\/blog\/2010\/07\/29\/sosyal-medyada-basarili-olmanin-yedi-kurali\/#article\",\"isPartOf\":{\"@id\":\"http:\/\/atif.unaldi.org\/blog\/2010\/07\/29\/sosyal-medyada-basarili-olmanin-yedi-kurali\/\"},\"author\":{\"name\":\"Atif Unaldi\",\"@id\":\"http:\/\/atif.unaldi.org\/blog\/#\/schema\/person\/608ed42ecbda2bc5cfdb767ac1db479b\"},\"headline\":\"Sosyal medyada ba\u015far\u0131l\u0131 olman\u0131n yedi kural\u0131\",\"datePublished\":\"2010-07-29T08:14:44+00:00\",\"mainEntityOfPage\":{\"@id\":\"http:\/\/atif.unaldi.org\/blog\/2010\/07\/29\/sosyal-medyada-basarili-olmanin-yedi-kurali\/\"},\"wordCount\":1164,\"commentCount\":0,\"publisher\":{\"@id\":\"http:\/\/atif.unaldi.org\/blog\/#\/schema\/person\/608ed42ecbda2bc5cfdb767ac1db479b\"},\"articleSection\":[\"Blogum\"],\"inLanguage\":\"tr\",\"potentialAction\":[{\"@type\":\"CommentAction\",\"name\":\"Comment\",\"target\":[\"http:\/\/atif.unaldi.org\/blog\/2010\/07\/29\/sosyal-medyada-basarili-olmanin-yedi-kurali\/#respond\"]}]},{\"@type\":\"WebPage\",\"@id\":\"http:\/\/atif.unaldi.org\/blog\/2010\/07\/29\/sosyal-medyada-basarili-olmanin-yedi-kurali\/\",\"url\":\"http:\/\/atif.unaldi.org\/blog\/2010\/07\/29\/sosyal-medyada-basarili-olmanin-yedi-kurali\/\",\"name\":\"Sosyal medyada ba\u015far\u0131l\u0131 olman\u0131n yedi kural\u0131 - At\u0131f \u00dcnald\u0131\",\"isPartOf\":{\"@id\":\"http:\/\/atif.unaldi.org\/blog\/#website\"},\"datePublished\":\"2010-07-29T08:14:44+00:00\",\"breadcrumb\":{\"@id\":\"http:\/\/atif.unaldi.org\/blog\/2010\/07\/29\/sosyal-medyada-basarili-olmanin-yedi-kurali\/#breadcrumb\"},\"inLanguage\":\"tr\",\"potentialAction\":[{\"@type\":\"ReadAction\",\"target\":[\"http:\/\/atif.unaldi.org\/blog\/2010\/07\/29\/sosyal-medyada-basarili-olmanin-yedi-kurali\/\"]}]},{\"@type\":\"BreadcrumbList\",\"@id\":\"http:\/\/atif.unaldi.org\/blog\/2010\/07\/29\/sosyal-medyada-basarili-olmanin-yedi-kurali\/#breadcrumb\",\"itemListElement\":[{\"@type\":\"ListItem\",\"position\":1,\"name\":\"Anasayfa\",\"item\":\"http:\/\/atif.unaldi.org\/blog\/\"},{\"@type\":\"ListItem\",\"position\":2,\"name\":\"Sosyal medyada ba\u015far\u0131l\u0131 olman\u0131n yedi kural\u0131\"}]},{\"@type\":\"WebSite\",\"@id\":\"http:\/\/atif.unaldi.org\/blog\/#website\",\"url\":\"http:\/\/atif.unaldi.org\/blog\/\",\"name\":\"At\u0131f \u00dcnald\u0131\",\"description\":\"Yazar\",\"publisher\":{\"@id\":\"http:\/\/atif.unaldi.org\/blog\/#\/schema\/person\/608ed42ecbda2bc5cfdb767ac1db479b\"},\"alternateName\":\"At\u0131f \u00dcnald\u0131 Blog\",\"potentialAction\":[{\"@type\":\"SearchAction\",\"target\":{\"@type\":\"EntryPoint\",\"urlTemplate\":\"http:\/\/atif.unaldi.org\/blog\/?s={search_term_string}\"},\"query-input\":{\"@type\":\"PropertyValueSpecification\",\"valueRequired\":true,\"valueName\":\"search_term_string\"}}],\"inLanguage\":\"tr\"},{\"@type\":[\"Person\",\"Organization\"],\"@id\":\"http:\/\/atif.unaldi.org\/blog\/#\/schema\/person\/608ed42ecbda2bc5cfdb767ac1db479b\",\"name\":\"Atif Unaldi\",\"image\":{\"@type\":\"ImageObject\",\"inLanguage\":\"tr\",\"@id\":\"http:\/\/atif.unaldi.org\/blog\/#\/schema\/person\/image\/\",\"url\":\"http:\/\/atif.unaldi.org\/blog\/wp-content\/uploads\/2022\/10\/cropped-a94e8f7a-67c4-4d65-8a5f-032ba784be53-2.jpg\",\"contentUrl\":\"http:\/\/atif.unaldi.org\/blog\/wp-content\/uploads\/2022\/10\/cropped-a94e8f7a-67c4-4d65-8a5f-032ba784be53-2.jpg\",\"width\":512,\"height\":512,\"caption\":\"Atif Unaldi\"},\"logo\":{\"@id\":\"http:\/\/atif.unaldi.org\/blog\/#\/schema\/person\/image\/\"},\"description\":\"Bo\u011fazi\u00e7i \u00dcniversitesinde Fizik B\u00f6l\u00fcm\u00fc\u2019nde e\u011fitim ald\u0131\u011f\u0131 y\u0131llarda T\u00fcrkiye\u2019de ilk kez iki bilgisayar\u0131 telefon hatlar\u0131 \u00fczerinden konu\u015fturan BBS sistemini kurarak, T\u00fcrkiye\u2019deki ilk internet a\u011f\u0131n\u0131 olu\u015fturmu\u015ftur. Bir \u00e7ok radyo ve televizyonda program yap\u0131mc\u0131l\u0131\u011f\u0131 ve sunuculu\u011funu, bir \u00e7ok teknoloji dergisinde k\u00f6\u015fe yazarl\u0131\u011f\u0131, bili\u015fim edit\u00f6rl\u00fc\u011f\u00fc ve genel yay\u0131n y\u00f6netmenli\u011fi yapt\u0131. T\u00fcrkiye\u2019deki ilk internet servis sa\u011flay\u0131c\u0131s\u0131n\u0131n genel m\u00fcd\u00fcrl\u00fc\u011f\u00fcn\u00fc \u00fcstlendi. Bir \u00e7ok organizasyon ve kurulu\u015fta internet s\u00fcperviz\u00f6rl\u00fc\u011f\u00fc , webmaster\u2019l\u0131\u011f\u0131 , IT direkt\u00f6rl\u00fc\u011f\u00fc ve dijital projeler koordinat\u00f6rl\u00fc\u011f\u00fc g\u00f6revlerinde bulundu. Farkl\u0131 \u00fcniversitelerin farkl\u0131 fak\u00fcltelerinde \u00f6\u011fretim g\u00f6revlisi olarak bulunmu\u015f olan \u00dcnald\u0131; \u015fu an teknoloji ve pazarlama konular\u0131 ba\u015fta olmak \u00fczere bir\u00e7ok alanda hizmet veren Unaldi Consultancy\u2019nin kurucusudur. \\u2028Selin \u00dcnald\u0131 ile evlidir. Su ve Toprak isminde iki \u00e7ocu\u011fu vard\u0131r.\",\"sameAs\":[\"http:\/\/atif.unaldi.org\/blog\",\"https:\/\/www.facebook.com\/atifunaldi\",\"https:\/\/www.instagram.com\/atifunaldi\/\",\"https:\/\/www.linkedin.com\/in\/atifunaldi\",\"https:\/\/x.com\/https:\/\/twitter.com\/atifunaldi\",\"https:\/\/www.youtube.com\/c\/atifunaldi\",\"https:\/\/soundcloud.com\/atif-unaldi\",\"https:\/\/atifunaldi.tumblr.com\"],\"url\":\"http:\/\/atif.unaldi.org\/blog\/author\/atifunaldi\/\"}]}<\/script>\n<!-- \/ Yoast SEO plugin. -->","yoast_head_json":{"title":"Sosyal medyada ba\u015far\u0131l\u0131 olman\u0131n yedi kural\u0131 - At\u0131f \u00dcnald\u0131","robots":{"index":"index","follow":"follow","max-snippet":"max-snippet:-1","max-image-preview":"max-image-preview:large","max-video-preview":"max-video-preview:-1"},"canonical":"http:\/\/atif.unaldi.org\/blog\/2010\/07\/29\/sosyal-medyada-basarili-olmanin-yedi-kurali\/","og_locale":"tr_TR","og_type":"article","og_title":"Sosyal medyada ba\u015far\u0131l\u0131 olman\u0131n yedi kural\u0131 - At\u0131f \u00dcnald\u0131","og_description":"Bug\u00fcn t\u00fcm d\u00fcnyada yakla\u015f\u0131k bir milyar ki\u015finin sosyal a\u011flara \u00fcye olmas\u0131na ra\u011fmen, bir\u00e7ok \u015firket, sosyal medyaya giri\u015f yapmakta zorluk \u00e7ekiyor. Kurumlar\u0131n ve i\u015f d\u00fcnyas\u0131n\u0131n bu g\u00fcncel gereksinimini tespit eden online i\u015f a\u011f\u0131 XING, yerel ve...","og_url":"http:\/\/atif.unaldi.org\/blog\/2010\/07\/29\/sosyal-medyada-basarili-olmanin-yedi-kurali\/","og_site_name":"At\u0131f \u00dcnald\u0131","article_publisher":"https:\/\/www.facebook.com\/atifunaldi","article_author":"https:\/\/www.facebook.com\/atifunaldi","article_published_time":"2010-07-29T08:14:44+00:00","author":"Atif Unaldi","twitter_card":"summary_large_image","twitter_creator":"@https:\/\/twitter.com\/atifunaldi","twitter_site":"@atifunaldi","twitter_misc":{"Yazan:":"Atif Unaldi","Tahmini okuma s\u00fcresi":"6 dakika"},"schema":{"@context":"https:\/\/schema.org","@graph":[{"@type":"Article","@id":"http:\/\/atif.unaldi.org\/blog\/2010\/07\/29\/sosyal-medyada-basarili-olmanin-yedi-kurali\/#article","isPartOf":{"@id":"http:\/\/atif.unaldi.org\/blog\/2010\/07\/29\/sosyal-medyada-basarili-olmanin-yedi-kurali\/"},"author":{"name":"Atif Unaldi","@id":"http:\/\/atif.unaldi.org\/blog\/#\/schema\/person\/608ed42ecbda2bc5cfdb767ac1db479b"},"headline":"Sosyal medyada ba\u015far\u0131l\u0131 olman\u0131n yedi kural\u0131","datePublished":"2010-07-29T08:14:44+00:00","mainEntityOfPage":{"@id":"http:\/\/atif.unaldi.org\/blog\/2010\/07\/29\/sosyal-medyada-basarili-olmanin-yedi-kurali\/"},"wordCount":1164,"commentCount":0,"publisher":{"@id":"http:\/\/atif.unaldi.org\/blog\/#\/schema\/person\/608ed42ecbda2bc5cfdb767ac1db479b"},"articleSection":["Blogum"],"inLanguage":"tr","potentialAction":[{"@type":"CommentAction","name":"Comment","target":["http:\/\/atif.unaldi.org\/blog\/2010\/07\/29\/sosyal-medyada-basarili-olmanin-yedi-kurali\/#respond"]}]},{"@type":"WebPage","@id":"http:\/\/atif.unaldi.org\/blog\/2010\/07\/29\/sosyal-medyada-basarili-olmanin-yedi-kurali\/","url":"http:\/\/atif.unaldi.org\/blog\/2010\/07\/29\/sosyal-medyada-basarili-olmanin-yedi-kurali\/","name":"Sosyal medyada ba\u015far\u0131l\u0131 olman\u0131n yedi kural\u0131 - At\u0131f \u00dcnald\u0131","isPartOf":{"@id":"http:\/\/atif.unaldi.org\/blog\/#website"},"datePublished":"2010-07-29T08:14:44+00:00","breadcrumb":{"@id":"http:\/\/atif.unaldi.org\/blog\/2010\/07\/29\/sosyal-medyada-basarili-olmanin-yedi-kurali\/#breadcrumb"},"inLanguage":"tr","potentialAction":[{"@type":"ReadAction","target":["http:\/\/atif.unaldi.org\/blog\/2010\/07\/29\/sosyal-medyada-basarili-olmanin-yedi-kurali\/"]}]},{"@type":"BreadcrumbList","@id":"http:\/\/atif.unaldi.org\/blog\/2010\/07\/29\/sosyal-medyada-basarili-olmanin-yedi-kurali\/#breadcrumb","itemListElement":[{"@type":"ListItem","position":1,"name":"Anasayfa","item":"http:\/\/atif.unaldi.org\/blog\/"},{"@type":"ListItem","position":2,"name":"Sosyal medyada ba\u015far\u0131l\u0131 olman\u0131n yedi kural\u0131"}]},{"@type":"WebSite","@id":"http:\/\/atif.unaldi.org\/blog\/#website","url":"http:\/\/atif.unaldi.org\/blog\/","name":"At\u0131f \u00dcnald\u0131","description":"Yazar","publisher":{"@id":"http:\/\/atif.unaldi.org\/blog\/#\/schema\/person\/608ed42ecbda2bc5cfdb767ac1db479b"},"alternateName":"At\u0131f \u00dcnald\u0131 Blog","potentialAction":[{"@type":"SearchAction","target":{"@type":"EntryPoint","urlTemplate":"http:\/\/atif.unaldi.org\/blog\/?s={search_term_string}"},"query-input":{"@type":"PropertyValueSpecification","valueRequired":true,"valueName":"search_term_string"}}],"inLanguage":"tr"},{"@type":["Person","Organization"],"@id":"http:\/\/atif.unaldi.org\/blog\/#\/schema\/person\/608ed42ecbda2bc5cfdb767ac1db479b","name":"Atif Unaldi","image":{"@type":"ImageObject","inLanguage":"tr","@id":"http:\/\/atif.unaldi.org\/blog\/#\/schema\/person\/image\/","url":"http:\/\/atif.unaldi.org\/blog\/wp-content\/uploads\/2022\/10\/cropped-a94e8f7a-67c4-4d65-8a5f-032ba784be53-2.jpg","contentUrl":"http:\/\/atif.unaldi.org\/blog\/wp-content\/uploads\/2022\/10\/cropped-a94e8f7a-67c4-4d65-8a5f-032ba784be53-2.jpg","width":512,"height":512,"caption":"Atif Unaldi"},"logo":{"@id":"http:\/\/atif.unaldi.org\/blog\/#\/schema\/person\/image\/"},"description":"Bo\u011fazi\u00e7i \u00dcniversitesinde Fizik B\u00f6l\u00fcm\u00fc\u2019nde e\u011fitim ald\u0131\u011f\u0131 y\u0131llarda T\u00fcrkiye\u2019de ilk kez iki bilgisayar\u0131 telefon hatlar\u0131 \u00fczerinden konu\u015fturan BBS sistemini kurarak, T\u00fcrkiye\u2019deki ilk internet a\u011f\u0131n\u0131 olu\u015fturmu\u015ftur. Bir \u00e7ok radyo ve televizyonda program yap\u0131mc\u0131l\u0131\u011f\u0131 ve sunuculu\u011funu, bir \u00e7ok teknoloji dergisinde k\u00f6\u015fe yazarl\u0131\u011f\u0131, bili\u015fim edit\u00f6rl\u00fc\u011f\u00fc ve genel yay\u0131n y\u00f6netmenli\u011fi yapt\u0131. T\u00fcrkiye\u2019deki ilk internet servis sa\u011flay\u0131c\u0131s\u0131n\u0131n genel m\u00fcd\u00fcrl\u00fc\u011f\u00fcn\u00fc \u00fcstlendi. Bir \u00e7ok organizasyon ve kurulu\u015fta internet s\u00fcperviz\u00f6rl\u00fc\u011f\u00fc , webmaster\u2019l\u0131\u011f\u0131 , IT direkt\u00f6rl\u00fc\u011f\u00fc ve dijital projeler koordinat\u00f6rl\u00fc\u011f\u00fc g\u00f6revlerinde bulundu. Farkl\u0131 \u00fcniversitelerin farkl\u0131 fak\u00fcltelerinde \u00f6\u011fretim g\u00f6revlisi olarak bulunmu\u015f olan \u00dcnald\u0131; \u015fu an teknoloji ve pazarlama konular\u0131 ba\u015fta olmak \u00fczere bir\u00e7ok alanda hizmet veren Unaldi Consultancy\u2019nin kurucusudur. \u2028Selin \u00dcnald\u0131 ile evlidir. Su ve Toprak isminde iki \u00e7ocu\u011fu vard\u0131r.","sameAs":["http:\/\/atif.unaldi.org\/blog","https:\/\/www.facebook.com\/atifunaldi","https:\/\/www.instagram.com\/atifunaldi\/","https:\/\/www.linkedin.com\/in\/atifunaldi","https:\/\/x.com\/https:\/\/twitter.com\/atifunaldi","https:\/\/www.youtube.com\/c\/atifunaldi","https:\/\/soundcloud.com\/atif-unaldi","https:\/\/atifunaldi.tumblr.com"],"url":"http:\/\/atif.unaldi.org\/blog\/author\/atifunaldi\/"}]}},"jetpack_featured_media_url":"","_links":{"self":[{"href":"http:\/\/atif.unaldi.org\/blog\/wp-json\/wp\/v2\/posts\/934","targetHints":{"allow":["GET"]}}],"collection":[{"href":"http:\/\/atif.unaldi.org\/blog\/wp-json\/wp\/v2\/posts"}],"about":[{"href":"http:\/\/atif.unaldi.org\/blog\/wp-json\/wp\/v2\/types\/post"}],"author":[{"embeddable":true,"href":"http:\/\/atif.unaldi.org\/blog\/wp-json\/wp\/v2\/users\/2"}],"replies":[{"embeddable":true,"href":"http:\/\/atif.unaldi.org\/blog\/wp-json\/wp\/v2\/comments?post=934"}],"version-history":[{"count":0,"href":"http:\/\/atif.unaldi.org\/blog\/wp-json\/wp\/v2\/posts\/934\/revisions"}],"wp:attachment":[{"href":"http:\/\/atif.unaldi.org\/blog\/wp-json\/wp\/v2\/media?parent=934"}],"wp:term":[{"taxonomy":"category","embeddable":true,"href":"http:\/\/atif.unaldi.org\/blog\/wp-json\/wp\/v2\/categories?post=934"},{"taxonomy":"post_tag","embeddable":true,"href":"http:\/\/atif.unaldi.org\/blog\/wp-json\/wp\/v2\/tags?post=934"}],"curies":[{"name":"wp","href":"https:\/\/api.w.org\/{rel}","templated":true}]}}