{"id":944,"date":"2010-07-29T10:46:24","date_gmt":"2010-07-29T10:46:24","guid":{"rendered":"http:\/\/atifunaldi.info\/?p=944"},"modified":"2010-07-29T10:46:24","modified_gmt":"2010-07-29T10:46:24","slug":"iptv-pazarinda-duzenli-buyume-suruyor-buyumenin-anahtari-yerelde-farklilasmak","status":"publish","type":"post","link":"http:\/\/atif.unaldi.org\/blog\/2010\/07\/29\/iptv-pazarinda-duzenli-buyume-suruyor-buyumenin-anahtari-yerelde-farklilasmak\/","title":{"rendered":"(IPTV) Pazar\u0131nda D\u00fczenli B\u00fcy\u00fcme S\u00fcr\u00fcyor B\u00fcy\u00fcmenin Anahtar\u0131 Yerelde Farkl\u0131la\u015fmak"},"content":{"rendered":"<p>MRG, Inc. \u015firketinin Raporuna G\u00f6re K\u00fcresel \u0130nternet Televizyonu (IPTV) Pazar\u0131nda D\u00fczenli B\u00fcy\u00fcme S\u00fcr\u00fcyor<\/p>\n<p>B\u00fcy\u00fcmenin Anahtar\u0131 Yerelde Farkl\u0131la\u015fmak<\/p>\n<p>San Jose, California, ABD: 10 Kas\u0131m 2008 \u2014 Mali \u00e7\u00f6k\u00fc\u015f tehdidinin her yeri sard\u0131\u011f\u0131 g\u00fcn\u00fcm\u00fczde, k\u00fcresel telekom\u00fcnikasyon \u015firketlerinin finansal volatiliteye duyarl\u0131l\u0131klar\u0131n\u0131 azaltmak i\u00e7in 2000 ile 2003 y\u0131llar\u0131 aras\u0131ndaki d\u00f6nemde kemerleri yeterince s\u0131km\u0131\u015f olduklar\u0131 anla\u015f\u0131l\u0131yor. Multimedya Ara\u015ft\u0131rma Grubunun (MRG) son \u0130nternet Televizyonu (IPTV) K\u00fcresel Tahmini, IPTV abonelerinin say\u0131s\u0131n\u0131n d\u00fcnya genelinde 2008 y\u0131l\u0131nda 20 milyon 400 binden 2012 y\u0131l\u0131nda 89 milyon 600 bine \u00e7\u0131kaca\u011f\u0131n\u0131 g\u00f6steriyor. Bu b\u00fcy\u00fcmeyi ger\u00e7ekle\u015ftirmek i\u00e7in d\u00fcnyan\u0131n d\u00f6rt bir taraf\u0131ndaki IPTV operat\u00f6rlerinin fark yarat\u0131c\u0131 \u00f6zellikler olarak y\u00fckseltilmi\u015f hizmet kalitesi, i\u015fletim kolayl\u0131\u011f\u0131, y\u00fcksek \u00e7\u00f6z\u00fcn\u00fcrl\u00fckl\u00fc (HD) i\u00e7erik, ba\u015fka kanallarda izlenemeyecek programlar ve zaman kayd\u0131rmaya yat\u0131r\u0131m yapmay\u0131 s\u00fcrd\u00fcrmeleri bekleniyor.<br \/>\n<!--more--><\/p>\n<p>Ekim 2008 tarihli ve 2008-2012 D\u00f6nemi \u0130\u00e7in IPTV K\u00fcresel Tahmini ba\u015fl\u0131kl\u0131 yeni MRG raporu IPTV operat\u00f6rlerinin b\u00fcy\u00fcmeyi h\u0131zland\u0131rmak i\u00e7in ba\u015fvurduklar\u0131 stratejiler ve servisler hakk\u0131nda yeni ipu\u00e7lar\u0131 veriyor. MRG\u2019nin IPTV analistlerinden Jose Alvear \u015funlar\u0131 s\u00f6yl\u00fcyor: &#8220;Bu yeni tahmin, en b\u00fcy\u00fck IPTV operat\u00f6rlerinin sunduklar\u0131 fark yarat\u0131c\u0131 hizmetlere genel bir bak\u0131\u015f sa\u011flamakta. Operat\u00f6rler ba\u015fta Avrupa ve Kuzey Amerika olmak \u00fczere rekabetin yo\u011fun oldu\u011fu pazarlarda etkileyici yeni servisler ve daha y\u00fcksek hizmet kalitesi sunmaya devam ediyorlar.&#8221;<\/p>\n<p>\u00d6rne\u011fin, Bat\u0131 ve Do\u011fu Avrupa\u2019daki IPTV abonelerine sunulan HD kanallar\u0131 \u00e7o\u011fal\u0131rken bu k\u0131tadaki IPTV abonelerinin say\u0131s\u0131 da d\u00fczenli olarak art\u0131yor. 2012\u2019ye gelindi\u011finde Avrupal\u0131 aboneler say\u0131ca hala Asya\u2019dakilerden daha fazla olacak. O tarihte d\u00fcnya abone pazar\u0131n\u0131n % 41,5\u2019inin Avrupa\u2019da, % 35,8\u2019inin ise Asya\u2019da olu\u015fmas\u0131 bekleniyor. Ekonominin k\u00fc\u00e7\u00fclmesine ra\u011fmen, Fransa\u2019n\u0131n \u00fc\u00e7 b\u00fcy\u00fck IPTV operat\u00f6r\u00fc b\u00fcy\u00fcmelerini tutarl\u0131 bi\u00e7imde s\u00fcrd\u00fcr\u00fcyor. Kullan\u0131c\u0131lar\u0131na daha y\u00fcksek kalite ve sadece kendilerinde bulunabilecek i\u00e7erikler sunmada birbirleriyle rekabet halinde olan bu operat\u00f6rlere 2009 y\u0131l\u0131nda yeni rakipler de kat\u0131lacak. Avrupal\u0131 IPTV operat\u00f6rlerinden bir\u00e7o\u011fu fark yaratan servisler, benzersiz i\u00e7erikler ve etkile\u015fimli \u00f6zellikler sunarak abonelerinin say\u0131s\u0131n\u0131 artt\u0131rm\u0131\u015f bulunuyorlar. Ayn\u0131 \u015fekilde Asya\u2019da da, Japonya\u2019daki yatay b\u00fcy\u00fcmeye kar\u015f\u0131n, \u00c7in, Taiwan ve Kore\u2019de h\u0131zl\u0131 bir b\u00fcy\u00fcme bekleniyor.<\/p>\n<p>2012 y\u0131l\u0131nda Kuzey Amerika d\u00fcnyadaki toplam abone say\u0131s\u0131n\u0131n yaln\u0131z % 17\u2019sine sahip olacak. Ancak, bu k\u0131tada kullan\u0131c\u0131 ba\u015f\u0131na elde edilen ortalama gelir y\u00fcksek oldu\u011fundan Kuzey Amerika br\u00fct servis geliri a\u00e7\u0131s\u0131ndan k\u00fcresel pazar\u0131n liderli\u011fini elinde tutacak. Verizon ile AT&amp;T \u015firketlerinin toplam abone say\u0131s\u0131n\u0131n 2008 sonuna kadar 3 milyon civar\u0131na ula\u015faca\u011f\u0131 tahmin ediliyor. Bu iki \u015firketin h\u0131zl\u0131 b\u00fcy\u00fcmelerinin 2012 y\u0131l\u0131na kadar devam etmesi bekleniyor. Daha ufak \u00e7aptaki ABD ve Kanadal\u0131 operat\u00f6rler de benzer stratejiler uyguluyorlar.<\/p>\n<p>Raporda d\u00fcnya genelinde d\u00f6rt co\u011frafi b\u00f6lgede alt\u0131 sermaye harcamas\u0131 \u00fcr\u00fcn\u00fcn\u00fcn pazarlar\u0131ndaki b\u00fcy\u00fcmeye yer verilerek bu b\u00f6lgelerdeki 24 sekt\u00f6r\u00fcn ve bunlara ait abone ve sistem gelirlerinin 2008-2012 y\u0131llar\u0131 aras\u0131ndaki tahmini seyri de\u011ferlendiriliyor. Bilgi i\u00e7in www.mrgco.com\/TOC_IPTV_GF1008.html adresini ziyaret edebilir veya rsmith@mrgco.com adresine e-posta atarak ya da 1-408-453-5553 (San Jose, CA, ABD) numaral\u0131 telefonu arayarak Rob Smith ile irtibat kurabilirsiniz.<\/p>\n","protected":false},"excerpt":{"rendered":"<p>MRG, Inc. \u015firketinin Raporuna G\u00f6re K\u00fcresel \u0130nternet Televizyonu (IPTV) Pazar\u0131nda D\u00fczenli B\u00fcy\u00fcme S\u00fcr\u00fcyor B\u00fcy\u00fcmenin Anahtar\u0131 Yerelde Farkl\u0131la\u015fmak San Jose, California, ABD: 10 Kas\u0131m 2008 \u2014 Mali \u00e7\u00f6k\u00fc\u015f tehdidinin her yeri sard\u0131\u011f\u0131 g\u00fcn\u00fcm\u00fczde, k\u00fcresel telekom\u00fcnikasyon \u015firketlerinin&#8230;<\/p>\n","protected":false},"author":2,"featured_media":0,"comment_status":"open","ping_status":"open","sticky":false,"template":"","format":"standard","meta":{"footnotes":""},"categories":[3],"tags":[],"class_list":["post-944","post","type-post","status-publish","format-standard","hentry","category-blogum"],"yoast_head":"<!-- This site is optimized with the Yoast SEO plugin v26.8 - https:\/\/yoast.com\/product\/yoast-seo-wordpress\/ -->\n<title>(IPTV) Pazar\u0131nda D\u00fczenli B\u00fcy\u00fcme S\u00fcr\u00fcyor B\u00fcy\u00fcmenin Anahtar\u0131 Yerelde Farkl\u0131la\u015fmak - At\u0131f \u00dcnald\u0131<\/title>\n<meta name=\"robots\" content=\"index, follow, max-snippet:-1, max-image-preview:large, max-video-preview:-1\" \/>\n<link rel=\"canonical\" href=\"http:\/\/atif.unaldi.org\/blog\/2010\/07\/29\/iptv-pazarinda-duzenli-buyume-suruyor-buyumenin-anahtari-yerelde-farklilasmak\/\" \/>\n<meta property=\"og:locale\" content=\"tr_TR\" \/>\n<meta property=\"og:type\" content=\"article\" \/>\n<meta property=\"og:title\" content=\"(IPTV) Pazar\u0131nda D\u00fczenli B\u00fcy\u00fcme S\u00fcr\u00fcyor B\u00fcy\u00fcmenin Anahtar\u0131 Yerelde Farkl\u0131la\u015fmak - At\u0131f \u00dcnald\u0131\" \/>\n<meta property=\"og:description\" content=\"MRG, Inc. \u015firketinin Raporuna G\u00f6re K\u00fcresel \u0130nternet Televizyonu (IPTV) Pazar\u0131nda D\u00fczenli B\u00fcy\u00fcme S\u00fcr\u00fcyor B\u00fcy\u00fcmenin Anahtar\u0131 Yerelde Farkl\u0131la\u015fmak San Jose, California, ABD: 10 Kas\u0131m 2008 \u2014 Mali \u00e7\u00f6k\u00fc\u015f tehdidinin her yeri sard\u0131\u011f\u0131 g\u00fcn\u00fcm\u00fczde, k\u00fcresel telekom\u00fcnikasyon \u015firketlerinin...\" \/>\n<meta property=\"og:url\" content=\"http:\/\/atif.unaldi.org\/blog\/2010\/07\/29\/iptv-pazarinda-duzenli-buyume-suruyor-buyumenin-anahtari-yerelde-farklilasmak\/\" \/>\n<meta property=\"og:site_name\" content=\"At\u0131f \u00dcnald\u0131\" \/>\n<meta property=\"article:publisher\" content=\"https:\/\/www.facebook.com\/atifunaldi\" \/>\n<meta property=\"article:author\" content=\"https:\/\/www.facebook.com\/atifunaldi\" \/>\n<meta property=\"article:published_time\" content=\"2010-07-29T10:46:24+00:00\" \/>\n<meta name=\"author\" content=\"Atif Unaldi\" \/>\n<meta name=\"twitter:card\" content=\"summary_large_image\" \/>\n<meta name=\"twitter:creator\" content=\"@https:\/\/twitter.com\/atifunaldi\" \/>\n<meta name=\"twitter:site\" content=\"@atifunaldi\" \/>\n<meta name=\"twitter:label1\" content=\"Yazan:\" \/>\n\t<meta name=\"twitter:data1\" content=\"Atif Unaldi\" \/>\n\t<meta name=\"twitter:label2\" content=\"Tahmini okuma s\u00fcresi\" \/>\n\t<meta name=\"twitter:data2\" content=\"3 dakika\" \/>\n<script type=\"application\/ld+json\" class=\"yoast-schema-graph\">{\"@context\":\"https:\/\/schema.org\",\"@graph\":[{\"@type\":\"Article\",\"@id\":\"http:\/\/atif.unaldi.org\/blog\/2010\/07\/29\/iptv-pazarinda-duzenli-buyume-suruyor-buyumenin-anahtari-yerelde-farklilasmak\/#article\",\"isPartOf\":{\"@id\":\"http:\/\/atif.unaldi.org\/blog\/2010\/07\/29\/iptv-pazarinda-duzenli-buyume-suruyor-buyumenin-anahtari-yerelde-farklilasmak\/\"},\"author\":{\"name\":\"Atif Unaldi\",\"@id\":\"http:\/\/atif.unaldi.org\/blog\/#\/schema\/person\/608ed42ecbda2bc5cfdb767ac1db479b\"},\"headline\":\"(IPTV) Pazar\u0131nda D\u00fczenli B\u00fcy\u00fcme S\u00fcr\u00fcyor B\u00fcy\u00fcmenin Anahtar\u0131 Yerelde Farkl\u0131la\u015fmak\",\"datePublished\":\"2010-07-29T10:46:24+00:00\",\"mainEntityOfPage\":{\"@id\":\"http:\/\/atif.unaldi.org\/blog\/2010\/07\/29\/iptv-pazarinda-duzenli-buyume-suruyor-buyumenin-anahtari-yerelde-farklilasmak\/\"},\"wordCount\":630,\"commentCount\":0,\"publisher\":{\"@id\":\"http:\/\/atif.unaldi.org\/blog\/#\/schema\/person\/608ed42ecbda2bc5cfdb767ac1db479b\"},\"articleSection\":[\"Blogum\"],\"inLanguage\":\"tr\",\"potentialAction\":[{\"@type\":\"CommentAction\",\"name\":\"Comment\",\"target\":[\"http:\/\/atif.unaldi.org\/blog\/2010\/07\/29\/iptv-pazarinda-duzenli-buyume-suruyor-buyumenin-anahtari-yerelde-farklilasmak\/#respond\"]}]},{\"@type\":\"WebPage\",\"@id\":\"http:\/\/atif.unaldi.org\/blog\/2010\/07\/29\/iptv-pazarinda-duzenli-buyume-suruyor-buyumenin-anahtari-yerelde-farklilasmak\/\",\"url\":\"http:\/\/atif.unaldi.org\/blog\/2010\/07\/29\/iptv-pazarinda-duzenli-buyume-suruyor-buyumenin-anahtari-yerelde-farklilasmak\/\",\"name\":\"(IPTV) Pazar\u0131nda D\u00fczenli B\u00fcy\u00fcme S\u00fcr\u00fcyor B\u00fcy\u00fcmenin Anahtar\u0131 Yerelde Farkl\u0131la\u015fmak - At\u0131f \u00dcnald\u0131\",\"isPartOf\":{\"@id\":\"http:\/\/atif.unaldi.org\/blog\/#website\"},\"datePublished\":\"2010-07-29T10:46:24+00:00\",\"breadcrumb\":{\"@id\":\"http:\/\/atif.unaldi.org\/blog\/2010\/07\/29\/iptv-pazarinda-duzenli-buyume-suruyor-buyumenin-anahtari-yerelde-farklilasmak\/#breadcrumb\"},\"inLanguage\":\"tr\",\"potentialAction\":[{\"@type\":\"ReadAction\",\"target\":[\"http:\/\/atif.unaldi.org\/blog\/2010\/07\/29\/iptv-pazarinda-duzenli-buyume-suruyor-buyumenin-anahtari-yerelde-farklilasmak\/\"]}]},{\"@type\":\"BreadcrumbList\",\"@id\":\"http:\/\/atif.unaldi.org\/blog\/2010\/07\/29\/iptv-pazarinda-duzenli-buyume-suruyor-buyumenin-anahtari-yerelde-farklilasmak\/#breadcrumb\",\"itemListElement\":[{\"@type\":\"ListItem\",\"position\":1,\"name\":\"Anasayfa\",\"item\":\"http:\/\/atif.unaldi.org\/blog\/\"},{\"@type\":\"ListItem\",\"position\":2,\"name\":\"(IPTV) Pazar\u0131nda D\u00fczenli B\u00fcy\u00fcme S\u00fcr\u00fcyor B\u00fcy\u00fcmenin Anahtar\u0131 Yerelde Farkl\u0131la\u015fmak\"}]},{\"@type\":\"WebSite\",\"@id\":\"http:\/\/atif.unaldi.org\/blog\/#website\",\"url\":\"http:\/\/atif.unaldi.org\/blog\/\",\"name\":\"At\u0131f \u00dcnald\u0131\",\"description\":\"Yazar\",\"publisher\":{\"@id\":\"http:\/\/atif.unaldi.org\/blog\/#\/schema\/person\/608ed42ecbda2bc5cfdb767ac1db479b\"},\"alternateName\":\"At\u0131f \u00dcnald\u0131 Blog\",\"potentialAction\":[{\"@type\":\"SearchAction\",\"target\":{\"@type\":\"EntryPoint\",\"urlTemplate\":\"http:\/\/atif.unaldi.org\/blog\/?s={search_term_string}\"},\"query-input\":{\"@type\":\"PropertyValueSpecification\",\"valueRequired\":true,\"valueName\":\"search_term_string\"}}],\"inLanguage\":\"tr\"},{\"@type\":[\"Person\",\"Organization\"],\"@id\":\"http:\/\/atif.unaldi.org\/blog\/#\/schema\/person\/608ed42ecbda2bc5cfdb767ac1db479b\",\"name\":\"Atif Unaldi\",\"image\":{\"@type\":\"ImageObject\",\"inLanguage\":\"tr\",\"@id\":\"http:\/\/atif.unaldi.org\/blog\/#\/schema\/person\/image\/\",\"url\":\"http:\/\/atif.unaldi.org\/blog\/wp-content\/uploads\/2022\/10\/cropped-a94e8f7a-67c4-4d65-8a5f-032ba784be53-2.jpg\",\"contentUrl\":\"http:\/\/atif.unaldi.org\/blog\/wp-content\/uploads\/2022\/10\/cropped-a94e8f7a-67c4-4d65-8a5f-032ba784be53-2.jpg\",\"width\":512,\"height\":512,\"caption\":\"Atif Unaldi\"},\"logo\":{\"@id\":\"http:\/\/atif.unaldi.org\/blog\/#\/schema\/person\/image\/\"},\"description\":\"Bo\u011fazi\u00e7i \u00dcniversitesinde Fizik B\u00f6l\u00fcm\u00fc\u2019nde e\u011fitim ald\u0131\u011f\u0131 y\u0131llarda T\u00fcrkiye\u2019de ilk kez iki bilgisayar\u0131 telefon hatlar\u0131 \u00fczerinden konu\u015fturan BBS sistemini kurarak, T\u00fcrkiye\u2019deki ilk internet a\u011f\u0131n\u0131 olu\u015fturmu\u015ftur. Bir \u00e7ok radyo ve televizyonda program yap\u0131mc\u0131l\u0131\u011f\u0131 ve sunuculu\u011funu, bir \u00e7ok teknoloji dergisinde k\u00f6\u015fe yazarl\u0131\u011f\u0131, bili\u015fim edit\u00f6rl\u00fc\u011f\u00fc ve genel yay\u0131n y\u00f6netmenli\u011fi yapt\u0131. T\u00fcrkiye\u2019deki ilk internet servis sa\u011flay\u0131c\u0131s\u0131n\u0131n genel m\u00fcd\u00fcrl\u00fc\u011f\u00fcn\u00fc \u00fcstlendi. Bir \u00e7ok organizasyon ve kurulu\u015fta internet s\u00fcperviz\u00f6rl\u00fc\u011f\u00fc , webmaster\u2019l\u0131\u011f\u0131 , IT direkt\u00f6rl\u00fc\u011f\u00fc ve dijital projeler koordinat\u00f6rl\u00fc\u011f\u00fc g\u00f6revlerinde bulundu. Farkl\u0131 \u00fcniversitelerin farkl\u0131 fak\u00fcltelerinde \u00f6\u011fretim g\u00f6revlisi olarak bulunmu\u015f olan \u00dcnald\u0131; \u015fu an teknoloji ve pazarlama konular\u0131 ba\u015fta olmak \u00fczere bir\u00e7ok alanda hizmet veren Unaldi Consultancy\u2019nin kurucusudur. \\u2028Selin \u00dcnald\u0131 ile evlidir. Su ve Toprak isminde iki \u00e7ocu\u011fu vard\u0131r.\",\"sameAs\":[\"http:\/\/atif.unaldi.org\/blog\",\"https:\/\/www.facebook.com\/atifunaldi\",\"https:\/\/www.instagram.com\/atifunaldi\/\",\"https:\/\/www.linkedin.com\/in\/atifunaldi\",\"https:\/\/x.com\/https:\/\/twitter.com\/atifunaldi\",\"https:\/\/www.youtube.com\/c\/atifunaldi\",\"https:\/\/soundcloud.com\/atif-unaldi\",\"https:\/\/atifunaldi.tumblr.com\"],\"url\":\"http:\/\/atif.unaldi.org\/blog\/author\/atifunaldi\/\"}]}<\/script>\n<!-- \/ Yoast SEO plugin. -->","yoast_head_json":{"title":"(IPTV) Pazar\u0131nda D\u00fczenli B\u00fcy\u00fcme S\u00fcr\u00fcyor B\u00fcy\u00fcmenin Anahtar\u0131 Yerelde Farkl\u0131la\u015fmak - At\u0131f \u00dcnald\u0131","robots":{"index":"index","follow":"follow","max-snippet":"max-snippet:-1","max-image-preview":"max-image-preview:large","max-video-preview":"max-video-preview:-1"},"canonical":"http:\/\/atif.unaldi.org\/blog\/2010\/07\/29\/iptv-pazarinda-duzenli-buyume-suruyor-buyumenin-anahtari-yerelde-farklilasmak\/","og_locale":"tr_TR","og_type":"article","og_title":"(IPTV) Pazar\u0131nda D\u00fczenli B\u00fcy\u00fcme S\u00fcr\u00fcyor B\u00fcy\u00fcmenin Anahtar\u0131 Yerelde Farkl\u0131la\u015fmak - At\u0131f \u00dcnald\u0131","og_description":"MRG, Inc. \u015firketinin Raporuna G\u00f6re K\u00fcresel \u0130nternet Televizyonu (IPTV) Pazar\u0131nda D\u00fczenli B\u00fcy\u00fcme S\u00fcr\u00fcyor B\u00fcy\u00fcmenin Anahtar\u0131 Yerelde Farkl\u0131la\u015fmak San Jose, California, ABD: 10 Kas\u0131m 2008 \u2014 Mali \u00e7\u00f6k\u00fc\u015f tehdidinin her yeri sard\u0131\u011f\u0131 g\u00fcn\u00fcm\u00fczde, k\u00fcresel telekom\u00fcnikasyon \u015firketlerinin...","og_url":"http:\/\/atif.unaldi.org\/blog\/2010\/07\/29\/iptv-pazarinda-duzenli-buyume-suruyor-buyumenin-anahtari-yerelde-farklilasmak\/","og_site_name":"At\u0131f \u00dcnald\u0131","article_publisher":"https:\/\/www.facebook.com\/atifunaldi","article_author":"https:\/\/www.facebook.com\/atifunaldi","article_published_time":"2010-07-29T10:46:24+00:00","author":"Atif Unaldi","twitter_card":"summary_large_image","twitter_creator":"@https:\/\/twitter.com\/atifunaldi","twitter_site":"@atifunaldi","twitter_misc":{"Yazan:":"Atif Unaldi","Tahmini okuma s\u00fcresi":"3 dakika"},"schema":{"@context":"https:\/\/schema.org","@graph":[{"@type":"Article","@id":"http:\/\/atif.unaldi.org\/blog\/2010\/07\/29\/iptv-pazarinda-duzenli-buyume-suruyor-buyumenin-anahtari-yerelde-farklilasmak\/#article","isPartOf":{"@id":"http:\/\/atif.unaldi.org\/blog\/2010\/07\/29\/iptv-pazarinda-duzenli-buyume-suruyor-buyumenin-anahtari-yerelde-farklilasmak\/"},"author":{"name":"Atif Unaldi","@id":"http:\/\/atif.unaldi.org\/blog\/#\/schema\/person\/608ed42ecbda2bc5cfdb767ac1db479b"},"headline":"(IPTV) Pazar\u0131nda D\u00fczenli B\u00fcy\u00fcme S\u00fcr\u00fcyor B\u00fcy\u00fcmenin Anahtar\u0131 Yerelde Farkl\u0131la\u015fmak","datePublished":"2010-07-29T10:46:24+00:00","mainEntityOfPage":{"@id":"http:\/\/atif.unaldi.org\/blog\/2010\/07\/29\/iptv-pazarinda-duzenli-buyume-suruyor-buyumenin-anahtari-yerelde-farklilasmak\/"},"wordCount":630,"commentCount":0,"publisher":{"@id":"http:\/\/atif.unaldi.org\/blog\/#\/schema\/person\/608ed42ecbda2bc5cfdb767ac1db479b"},"articleSection":["Blogum"],"inLanguage":"tr","potentialAction":[{"@type":"CommentAction","name":"Comment","target":["http:\/\/atif.unaldi.org\/blog\/2010\/07\/29\/iptv-pazarinda-duzenli-buyume-suruyor-buyumenin-anahtari-yerelde-farklilasmak\/#respond"]}]},{"@type":"WebPage","@id":"http:\/\/atif.unaldi.org\/blog\/2010\/07\/29\/iptv-pazarinda-duzenli-buyume-suruyor-buyumenin-anahtari-yerelde-farklilasmak\/","url":"http:\/\/atif.unaldi.org\/blog\/2010\/07\/29\/iptv-pazarinda-duzenli-buyume-suruyor-buyumenin-anahtari-yerelde-farklilasmak\/","name":"(IPTV) Pazar\u0131nda D\u00fczenli B\u00fcy\u00fcme S\u00fcr\u00fcyor B\u00fcy\u00fcmenin Anahtar\u0131 Yerelde Farkl\u0131la\u015fmak - At\u0131f \u00dcnald\u0131","isPartOf":{"@id":"http:\/\/atif.unaldi.org\/blog\/#website"},"datePublished":"2010-07-29T10:46:24+00:00","breadcrumb":{"@id":"http:\/\/atif.unaldi.org\/blog\/2010\/07\/29\/iptv-pazarinda-duzenli-buyume-suruyor-buyumenin-anahtari-yerelde-farklilasmak\/#breadcrumb"},"inLanguage":"tr","potentialAction":[{"@type":"ReadAction","target":["http:\/\/atif.unaldi.org\/blog\/2010\/07\/29\/iptv-pazarinda-duzenli-buyume-suruyor-buyumenin-anahtari-yerelde-farklilasmak\/"]}]},{"@type":"BreadcrumbList","@id":"http:\/\/atif.unaldi.org\/blog\/2010\/07\/29\/iptv-pazarinda-duzenli-buyume-suruyor-buyumenin-anahtari-yerelde-farklilasmak\/#breadcrumb","itemListElement":[{"@type":"ListItem","position":1,"name":"Anasayfa","item":"http:\/\/atif.unaldi.org\/blog\/"},{"@type":"ListItem","position":2,"name":"(IPTV) Pazar\u0131nda D\u00fczenli B\u00fcy\u00fcme S\u00fcr\u00fcyor B\u00fcy\u00fcmenin Anahtar\u0131 Yerelde Farkl\u0131la\u015fmak"}]},{"@type":"WebSite","@id":"http:\/\/atif.unaldi.org\/blog\/#website","url":"http:\/\/atif.unaldi.org\/blog\/","name":"At\u0131f \u00dcnald\u0131","description":"Yazar","publisher":{"@id":"http:\/\/atif.unaldi.org\/blog\/#\/schema\/person\/608ed42ecbda2bc5cfdb767ac1db479b"},"alternateName":"At\u0131f \u00dcnald\u0131 Blog","potentialAction":[{"@type":"SearchAction","target":{"@type":"EntryPoint","urlTemplate":"http:\/\/atif.unaldi.org\/blog\/?s={search_term_string}"},"query-input":{"@type":"PropertyValueSpecification","valueRequired":true,"valueName":"search_term_string"}}],"inLanguage":"tr"},{"@type":["Person","Organization"],"@id":"http:\/\/atif.unaldi.org\/blog\/#\/schema\/person\/608ed42ecbda2bc5cfdb767ac1db479b","name":"Atif Unaldi","image":{"@type":"ImageObject","inLanguage":"tr","@id":"http:\/\/atif.unaldi.org\/blog\/#\/schema\/person\/image\/","url":"http:\/\/atif.unaldi.org\/blog\/wp-content\/uploads\/2022\/10\/cropped-a94e8f7a-67c4-4d65-8a5f-032ba784be53-2.jpg","contentUrl":"http:\/\/atif.unaldi.org\/blog\/wp-content\/uploads\/2022\/10\/cropped-a94e8f7a-67c4-4d65-8a5f-032ba784be53-2.jpg","width":512,"height":512,"caption":"Atif Unaldi"},"logo":{"@id":"http:\/\/atif.unaldi.org\/blog\/#\/schema\/person\/image\/"},"description":"Bo\u011fazi\u00e7i \u00dcniversitesinde Fizik B\u00f6l\u00fcm\u00fc\u2019nde e\u011fitim ald\u0131\u011f\u0131 y\u0131llarda T\u00fcrkiye\u2019de ilk kez iki bilgisayar\u0131 telefon hatlar\u0131 \u00fczerinden konu\u015fturan BBS sistemini kurarak, T\u00fcrkiye\u2019deki ilk internet a\u011f\u0131n\u0131 olu\u015fturmu\u015ftur. Bir \u00e7ok radyo ve televizyonda program yap\u0131mc\u0131l\u0131\u011f\u0131 ve sunuculu\u011funu, bir \u00e7ok teknoloji dergisinde k\u00f6\u015fe yazarl\u0131\u011f\u0131, bili\u015fim edit\u00f6rl\u00fc\u011f\u00fc ve genel yay\u0131n y\u00f6netmenli\u011fi yapt\u0131. T\u00fcrkiye\u2019deki ilk internet servis sa\u011flay\u0131c\u0131s\u0131n\u0131n genel m\u00fcd\u00fcrl\u00fc\u011f\u00fcn\u00fc \u00fcstlendi. Bir \u00e7ok organizasyon ve kurulu\u015fta internet s\u00fcperviz\u00f6rl\u00fc\u011f\u00fc , webmaster\u2019l\u0131\u011f\u0131 , IT direkt\u00f6rl\u00fc\u011f\u00fc ve dijital projeler koordinat\u00f6rl\u00fc\u011f\u00fc g\u00f6revlerinde bulundu. Farkl\u0131 \u00fcniversitelerin farkl\u0131 fak\u00fcltelerinde \u00f6\u011fretim g\u00f6revlisi olarak bulunmu\u015f olan \u00dcnald\u0131; \u015fu an teknoloji ve pazarlama konular\u0131 ba\u015fta olmak \u00fczere bir\u00e7ok alanda hizmet veren Unaldi Consultancy\u2019nin kurucusudur. \u2028Selin \u00dcnald\u0131 ile evlidir. Su ve Toprak isminde iki \u00e7ocu\u011fu vard\u0131r.","sameAs":["http:\/\/atif.unaldi.org\/blog","https:\/\/www.facebook.com\/atifunaldi","https:\/\/www.instagram.com\/atifunaldi\/","https:\/\/www.linkedin.com\/in\/atifunaldi","https:\/\/x.com\/https:\/\/twitter.com\/atifunaldi","https:\/\/www.youtube.com\/c\/atifunaldi","https:\/\/soundcloud.com\/atif-unaldi","https:\/\/atifunaldi.tumblr.com"],"url":"http:\/\/atif.unaldi.org\/blog\/author\/atifunaldi\/"}]}},"jetpack_featured_media_url":"","_links":{"self":[{"href":"http:\/\/atif.unaldi.org\/blog\/wp-json\/wp\/v2\/posts\/944","targetHints":{"allow":["GET"]}}],"collection":[{"href":"http:\/\/atif.unaldi.org\/blog\/wp-json\/wp\/v2\/posts"}],"about":[{"href":"http:\/\/atif.unaldi.org\/blog\/wp-json\/wp\/v2\/types\/post"}],"author":[{"embeddable":true,"href":"http:\/\/atif.unaldi.org\/blog\/wp-json\/wp\/v2\/users\/2"}],"replies":[{"embeddable":true,"href":"http:\/\/atif.unaldi.org\/blog\/wp-json\/wp\/v2\/comments?post=944"}],"version-history":[{"count":0,"href":"http:\/\/atif.unaldi.org\/blog\/wp-json\/wp\/v2\/posts\/944\/revisions"}],"wp:attachment":[{"href":"http:\/\/atif.unaldi.org\/blog\/wp-json\/wp\/v2\/media?parent=944"}],"wp:term":[{"taxonomy":"category","embeddable":true,"href":"http:\/\/atif.unaldi.org\/blog\/wp-json\/wp\/v2\/categories?post=944"},{"taxonomy":"post_tag","embeddable":true,"href":"http:\/\/atif.unaldi.org\/blog\/wp-json\/wp\/v2\/tags?post=944"}],"curies":[{"name":"wp","href":"https:\/\/api.w.org\/{rel}","templated":true}]}}