{"id":947,"date":"2010-08-03T18:59:31","date_gmt":"2010-08-03T18:59:31","guid":{"rendered":"http:\/\/atifunaldi.info\/?p=947"},"modified":"2010-08-03T18:59:31","modified_gmt":"2010-08-03T18:59:31","slug":"kusursuz-firtina","status":"publish","type":"post","link":"http:\/\/atif.unaldi.org\/blog\/2010\/08\/03\/kusursuz-firtina\/","title":{"rendered":"Kusursuz F\u0131rt\u0131na"},"content":{"rendered":"<p><a href=\"http:\/\/atifunaldi.files.wordpress.com\/2010\/08\/t3logo.jpg\"><img loading=\"lazy\" decoding=\"async\" class=\"alignleft size-thumbnail wp-image-948\" title=\"T3\" src=\"http:\/\/atifunaldi.files.wordpress.com\/2010\/08\/t3logo.jpg?w=150\" alt=\"\" width=\"150\" height=\"95\" \/><\/a><\/p>\n<p>90\u2019l\u0131 y\u0131llar\u0131n ba\u015f\u0131nda herkes convergence (yak\u0131nsama)dan bahsediyordu. O zamanlar bu yak\u0131nsama cep telefonu ve internet birle\u015fmesi ile olu\u015facak deniliyordu. Ge\u00e7enlerde Apple iphone ile ilgili, kullan\u0131c\u0131lar\u0131 taraf\u0131ndan yap\u0131lan bir reklam seyrettim. iPhone her\u015feye yarar, bazen de telefon konu\u015fman\u0131z\u0131 sa\u011flar diyordu. Ger\u00e7ekten bak\u0131yorum pil \u00f6mr\u00fcm\u00fc telefonla konu\u015fmak de\u011fil art\u0131k veri ileti\u015fimi harc\u0131yor. Hatta skype\u2019\u0131n yeni iphone uygulamas\u0131 altta a\u00e7\u0131k kalma \u00f6zelli\u011fi ile her an telefonunuzdaki konu\u015fmay\u0131 voip (voice over internet protokol)  \u00fczerinden yapmaya ba\u015fl\u0131yoruz. Bu tabii cep telefonunun anteninin de az kullan\u0131lmas\u0131na sebep oluyor!<!--more--><\/p>\n<p>Cep telefonu, internet yak\u0131nsamas\u0131 o kadar ilgin\u00e7 bir noktaya geldi ki; evimdeki ipod wirofon uygulamas\u0131 ile bir telefon oldu. Eskiden formlar\u0131ndan neyin telefon neyin kumanda oldu\u011funu anlayabiliyorduk ama art\u0131k misafirlerime neyin ne oldu\u011funu anlatmak zorunda kal\u0131yorum. Hepsi bir f\u0131rt\u0131nan\u0131n i\u00e7inde savrulan objeler gibi birbirlerine kar\u0131\u015ft\u0131.<\/p>\n<p>F\u0131rt\u0131na \u00f6yle garip bir hal ald\u0131 ki; bug\u00fcn arama motoru i\u015fiyle u\u011fra\u015fan bir \u015firket yar\u0131n bamba\u015fka bir sekt\u00f6r\u00fcn mesela habercili\u011fin en b\u00fcy\u00fck global oyuncular\u0131ndan biri olabiliyor. Eskiden havuzda r\u00fczgar oldu\u011funda gazete okuyamazken, \u015fimdi gazete \u0131slanmas\u0131n diye u\u011fra\u015f\u0131yorum zira tabletime y\u00fckl\u00fc okuyorum. Yani art\u0131k gazete de bili\u015fim teknolojilerinin bir par\u00e7as\u0131. Tabii bu sadece son t\u00fcketici taraf\u0131nda ge\u00e7erli de\u011fil, blogcular da art\u0131k yaz\u0131l\u0131 bas\u0131n\u0131n bir par\u00e7as\u0131 haline geldi. Daha ilginci twitter\u2019da k\u00f6\u015fe yazarlar\u0131n\u0131 takip ediyorsan\u0131z, birg\u00fcn sonra yazacaklar\u0131 yaz\u0131y\u0131 \u00e7ok rahat tahmin edebiliyor, ana haber b\u00fcltenlerindeki haberlerin y\u00fczde 90\u2019\u0131n\u0131 bilir hale geliyorsunuz.<\/p>\n<p>Teknolojinin devinimi radyoculu\u011fu da de\u011fi\u015ftirdi&#8230; Podcastler arac\u0131l\u0131\u011f\u0131 ile d\u00fcnyan\u0131n bamba\u015fka bir k\u00f6\u015fesinde izlenilir hale gelebiliyor. Biraz m\u00fczik ar\u015fivi olan bir ki\u015fi bile, koca bir radyo istasyonunu varm\u0131\u015f gibi \u00e7al\u0131\u015fabiliyor.<\/p>\n<p>Gazetecilik, habercilik ve radyoculu\u011fun ya\u015fad\u0131\u011f\u0131 f\u0131rt\u0131nal\u0131 g\u00fcnler \u015fu aralar televizyonculu\u011fu sarmaya ba\u015fl\u0131yor. Yaz\u0131l\u0131mc\u0131l\u0131ktan gelme bir bili\u015fimci, medyada ise y\u0131llarca k\u00f6\u015fe yazarl\u0131\u011f\u0131ndan, radyoculu\u011fa, kamera \u00f6n\u00fc ve y\u00f6neticilik de dahil olmak \u00fczere her noktas\u0131ndan televizyonculu\u011fa bula\u015fm\u0131\u015f biri olarak, buradaki geli\u015fmeyi y\u0131llar \u00f6nce hissettim. T\u00fcrkiye\u2019nin IPTV derne\u011fini kurup y\u00f6neticili\u011fini yapmaya ba\u015flad\u0131m.<\/p>\n<p>Yak\u0131nsamalardan bahsettik. Ben her medyaya ayr\u0131 bir f\u0131rt\u0131na g\u00f6z\u00fc ile bak\u0131yor ve bu yak\u0131nsamalar\u0131 f\u0131rt\u0131nalar\u0131n \u00e7arp\u0131\u015fmas\u0131 olarak g\u00f6r\u00fcyorum. \u015eimdiye kadar olan bu yak\u0131nsama noktalar\u0131nda hep ba\u015flang\u0131c\u0131nda medya bask\u0131n sonunda internet \u00fcst\u00fcn gelmi\u015fti. Ama bu sefer kar\u015f\u0131m\u0131zda kusursuz bir f\u0131rt\u0131na var. Televizyon ve internet yeni d\u00fcnyan\u0131n en \u00f6zel mecras\u0131 iptv\u2019yi olu\u015ftururken \u00f6nce korkun\u00e7 bir \u00e7arp\u0131\u015fma olacak, toz duman birbirine kar\u0131\u015facak. Sonras\u0131 m\u0131? Sonras\u0131 yepyeni ve \u00e7ok \u00f6zel bir d\u00fcnyan\u0131n do\u011fu\u015fu olacak.<\/p>\n","protected":false},"excerpt":{"rendered":"<p>90\u2019l\u0131 y\u0131llar\u0131n ba\u015f\u0131nda herkes convergence (yak\u0131nsama)dan bahsediyordu. O zamanlar bu yak\u0131nsama cep telefonu ve internet birle\u015fmesi ile olu\u015facak deniliyordu. Ge\u00e7enlerde Apple iphone ile ilgili, kullan\u0131c\u0131lar\u0131 taraf\u0131ndan yap\u0131lan bir reklam seyrettim. iPhone her\u015feye yarar, bazen de&#8230;<\/p>\n","protected":false},"author":2,"featured_media":0,"comment_status":"open","ping_status":"open","sticky":false,"template":"","format":"standard","meta":{"footnotes":""},"categories":[32],"tags":[742,810,845,1344],"class_list":["post-947","post","type-post","status-publish","format-standard","hentry","category-t3","tag-iphone-3gs-ios4","tag-kaptan-kosku","tag-lenovo-a600-ideacenter","tag-toshiba-journe-touch"],"yoast_head":"<!-- This site is optimized with the Yoast SEO plugin v26.8 - https:\/\/yoast.com\/product\/yoast-seo-wordpress\/ -->\n<title>Kusursuz F\u0131rt\u0131na - At\u0131f \u00dcnald\u0131<\/title>\n<meta name=\"robots\" content=\"index, follow, max-snippet:-1, max-image-preview:large, max-video-preview:-1\" \/>\n<link rel=\"canonical\" href=\"http:\/\/atif.unaldi.org\/blog\/2010\/08\/03\/kusursuz-firtina\/\" \/>\n<meta property=\"og:locale\" content=\"tr_TR\" \/>\n<meta property=\"og:type\" content=\"article\" \/>\n<meta property=\"og:title\" content=\"Kusursuz F\u0131rt\u0131na - At\u0131f \u00dcnald\u0131\" \/>\n<meta property=\"og:description\" content=\"90\u2019l\u0131 y\u0131llar\u0131n ba\u015f\u0131nda herkes convergence (yak\u0131nsama)dan bahsediyordu. O zamanlar bu yak\u0131nsama cep telefonu ve internet birle\u015fmesi ile olu\u015facak deniliyordu. Ge\u00e7enlerde Apple iphone ile ilgili, kullan\u0131c\u0131lar\u0131 taraf\u0131ndan yap\u0131lan bir reklam seyrettim. iPhone her\u015feye yarar, bazen de...\" \/>\n<meta property=\"og:url\" content=\"http:\/\/atif.unaldi.org\/blog\/2010\/08\/03\/kusursuz-firtina\/\" \/>\n<meta property=\"og:site_name\" content=\"At\u0131f \u00dcnald\u0131\" \/>\n<meta property=\"article:publisher\" content=\"https:\/\/www.facebook.com\/atifunaldi\" \/>\n<meta property=\"article:author\" content=\"https:\/\/www.facebook.com\/atifunaldi\" \/>\n<meta property=\"article:published_time\" content=\"2010-08-03T18:59:31+00:00\" \/>\n<meta property=\"og:image\" content=\"http:\/\/atifunaldi.files.wordpress.com\/2010\/08\/t3logo.jpg?w=150\" \/>\n<meta name=\"author\" content=\"Atif Unaldi\" \/>\n<meta name=\"twitter:card\" content=\"summary_large_image\" \/>\n<meta name=\"twitter:creator\" content=\"@https:\/\/twitter.com\/atifunaldi\" \/>\n<meta name=\"twitter:site\" content=\"@atifunaldi\" \/>\n<meta name=\"twitter:label1\" content=\"Yazan:\" \/>\n\t<meta name=\"twitter:data1\" content=\"Atif Unaldi\" \/>\n\t<meta name=\"twitter:label2\" content=\"Tahmini okuma s\u00fcresi\" \/>\n\t<meta name=\"twitter:data2\" content=\"3 dakika\" \/>\n<script type=\"application\/ld+json\" class=\"yoast-schema-graph\">{\"@context\":\"https:\/\/schema.org\",\"@graph\":[{\"@type\":\"Article\",\"@id\":\"http:\/\/atif.unaldi.org\/blog\/2010\/08\/03\/kusursuz-firtina\/#article\",\"isPartOf\":{\"@id\":\"http:\/\/atif.unaldi.org\/blog\/2010\/08\/03\/kusursuz-firtina\/\"},\"author\":{\"name\":\"Atif Unaldi\",\"@id\":\"http:\/\/atif.unaldi.org\/blog\/#\/schema\/person\/608ed42ecbda2bc5cfdb767ac1db479b\"},\"headline\":\"Kusursuz F\u0131rt\u0131na\",\"datePublished\":\"2010-08-03T18:59:31+00:00\",\"mainEntityOfPage\":{\"@id\":\"http:\/\/atif.unaldi.org\/blog\/2010\/08\/03\/kusursuz-firtina\/\"},\"wordCount\":528,\"commentCount\":0,\"publisher\":{\"@id\":\"http:\/\/atif.unaldi.org\/blog\/#\/schema\/person\/608ed42ecbda2bc5cfdb767ac1db479b\"},\"image\":{\"@id\":\"http:\/\/atif.unaldi.org\/blog\/2010\/08\/03\/kusursuz-firtina\/#primaryimage\"},\"thumbnailUrl\":\"http:\/\/atifunaldi.files.wordpress.com\/2010\/08\/t3logo.jpg?w=150\",\"keywords\":[\"iPhone 3Gs iOS4\",\"KAPTAN K\u00d6\u015eK\u00dc\",\"Lenovo A600 IdeaCenter\",\"Toshiba JournE Touch\"],\"articleSection\":[\"- T3\"],\"inLanguage\":\"tr\",\"potentialAction\":[{\"@type\":\"CommentAction\",\"name\":\"Comment\",\"target\":[\"http:\/\/atif.unaldi.org\/blog\/2010\/08\/03\/kusursuz-firtina\/#respond\"]}]},{\"@type\":\"WebPage\",\"@id\":\"http:\/\/atif.unaldi.org\/blog\/2010\/08\/03\/kusursuz-firtina\/\",\"url\":\"http:\/\/atif.unaldi.org\/blog\/2010\/08\/03\/kusursuz-firtina\/\",\"name\":\"Kusursuz F\u0131rt\u0131na - At\u0131f \u00dcnald\u0131\",\"isPartOf\":{\"@id\":\"http:\/\/atif.unaldi.org\/blog\/#website\"},\"primaryImageOfPage\":{\"@id\":\"http:\/\/atif.unaldi.org\/blog\/2010\/08\/03\/kusursuz-firtina\/#primaryimage\"},\"image\":{\"@id\":\"http:\/\/atif.unaldi.org\/blog\/2010\/08\/03\/kusursuz-firtina\/#primaryimage\"},\"thumbnailUrl\":\"http:\/\/atifunaldi.files.wordpress.com\/2010\/08\/t3logo.jpg?w=150\",\"datePublished\":\"2010-08-03T18:59:31+00:00\",\"breadcrumb\":{\"@id\":\"http:\/\/atif.unaldi.org\/blog\/2010\/08\/03\/kusursuz-firtina\/#breadcrumb\"},\"inLanguage\":\"tr\",\"potentialAction\":[{\"@type\":\"ReadAction\",\"target\":[\"http:\/\/atif.unaldi.org\/blog\/2010\/08\/03\/kusursuz-firtina\/\"]}]},{\"@type\":\"ImageObject\",\"inLanguage\":\"tr\",\"@id\":\"http:\/\/atif.unaldi.org\/blog\/2010\/08\/03\/kusursuz-firtina\/#primaryimage\",\"url\":\"http:\/\/atifunaldi.files.wordpress.com\/2010\/08\/t3logo.jpg?w=150\",\"contentUrl\":\"http:\/\/atifunaldi.files.wordpress.com\/2010\/08\/t3logo.jpg?w=150\"},{\"@type\":\"BreadcrumbList\",\"@id\":\"http:\/\/atif.unaldi.org\/blog\/2010\/08\/03\/kusursuz-firtina\/#breadcrumb\",\"itemListElement\":[{\"@type\":\"ListItem\",\"position\":1,\"name\":\"Anasayfa\",\"item\":\"http:\/\/atif.unaldi.org\/blog\/\"},{\"@type\":\"ListItem\",\"position\":2,\"name\":\"Kusursuz F\u0131rt\u0131na\"}]},{\"@type\":\"WebSite\",\"@id\":\"http:\/\/atif.unaldi.org\/blog\/#website\",\"url\":\"http:\/\/atif.unaldi.org\/blog\/\",\"name\":\"At\u0131f \u00dcnald\u0131\",\"description\":\"Yazar\",\"publisher\":{\"@id\":\"http:\/\/atif.unaldi.org\/blog\/#\/schema\/person\/608ed42ecbda2bc5cfdb767ac1db479b\"},\"alternateName\":\"At\u0131f \u00dcnald\u0131 Blog\",\"potentialAction\":[{\"@type\":\"SearchAction\",\"target\":{\"@type\":\"EntryPoint\",\"urlTemplate\":\"http:\/\/atif.unaldi.org\/blog\/?s={search_term_string}\"},\"query-input\":{\"@type\":\"PropertyValueSpecification\",\"valueRequired\":true,\"valueName\":\"search_term_string\"}}],\"inLanguage\":\"tr\"},{\"@type\":[\"Person\",\"Organization\"],\"@id\":\"http:\/\/atif.unaldi.org\/blog\/#\/schema\/person\/608ed42ecbda2bc5cfdb767ac1db479b\",\"name\":\"Atif Unaldi\",\"image\":{\"@type\":\"ImageObject\",\"inLanguage\":\"tr\",\"@id\":\"http:\/\/atif.unaldi.org\/blog\/#\/schema\/person\/image\/\",\"url\":\"http:\/\/atif.unaldi.org\/blog\/wp-content\/uploads\/2022\/10\/cropped-a94e8f7a-67c4-4d65-8a5f-032ba784be53-2.jpg\",\"contentUrl\":\"http:\/\/atif.unaldi.org\/blog\/wp-content\/uploads\/2022\/10\/cropped-a94e8f7a-67c4-4d65-8a5f-032ba784be53-2.jpg\",\"width\":512,\"height\":512,\"caption\":\"Atif Unaldi\"},\"logo\":{\"@id\":\"http:\/\/atif.unaldi.org\/blog\/#\/schema\/person\/image\/\"},\"description\":\"Bo\u011fazi\u00e7i \u00dcniversitesinde Fizik B\u00f6l\u00fcm\u00fc\u2019nde e\u011fitim ald\u0131\u011f\u0131 y\u0131llarda T\u00fcrkiye\u2019de ilk kez iki bilgisayar\u0131 telefon hatlar\u0131 \u00fczerinden konu\u015fturan BBS sistemini kurarak, T\u00fcrkiye\u2019deki ilk internet a\u011f\u0131n\u0131 olu\u015fturmu\u015ftur. Bir \u00e7ok radyo ve televizyonda program yap\u0131mc\u0131l\u0131\u011f\u0131 ve sunuculu\u011funu, bir \u00e7ok teknoloji dergisinde k\u00f6\u015fe yazarl\u0131\u011f\u0131, bili\u015fim edit\u00f6rl\u00fc\u011f\u00fc ve genel yay\u0131n y\u00f6netmenli\u011fi yapt\u0131. T\u00fcrkiye\u2019deki ilk internet servis sa\u011flay\u0131c\u0131s\u0131n\u0131n genel m\u00fcd\u00fcrl\u00fc\u011f\u00fcn\u00fc \u00fcstlendi. Bir \u00e7ok organizasyon ve kurulu\u015fta internet s\u00fcperviz\u00f6rl\u00fc\u011f\u00fc , webmaster\u2019l\u0131\u011f\u0131 , IT direkt\u00f6rl\u00fc\u011f\u00fc ve dijital projeler koordinat\u00f6rl\u00fc\u011f\u00fc g\u00f6revlerinde bulundu. Farkl\u0131 \u00fcniversitelerin farkl\u0131 fak\u00fcltelerinde \u00f6\u011fretim g\u00f6revlisi olarak bulunmu\u015f olan \u00dcnald\u0131; \u015fu an teknoloji ve pazarlama konular\u0131 ba\u015fta olmak \u00fczere bir\u00e7ok alanda hizmet veren Unaldi Consultancy\u2019nin kurucusudur. \\u2028Selin \u00dcnald\u0131 ile evlidir. Su ve Toprak isminde iki \u00e7ocu\u011fu vard\u0131r.\",\"sameAs\":[\"http:\/\/atif.unaldi.org\/blog\",\"https:\/\/www.facebook.com\/atifunaldi\",\"https:\/\/www.instagram.com\/atifunaldi\/\",\"https:\/\/www.linkedin.com\/in\/atifunaldi\",\"https:\/\/x.com\/https:\/\/twitter.com\/atifunaldi\",\"https:\/\/www.youtube.com\/c\/atifunaldi\",\"https:\/\/soundcloud.com\/atif-unaldi\",\"https:\/\/atifunaldi.tumblr.com\"],\"url\":\"http:\/\/atif.unaldi.org\/blog\/author\/atifunaldi\/\"}]}<\/script>\n<!-- \/ Yoast SEO plugin. -->","yoast_head_json":{"title":"Kusursuz F\u0131rt\u0131na - At\u0131f \u00dcnald\u0131","robots":{"index":"index","follow":"follow","max-snippet":"max-snippet:-1","max-image-preview":"max-image-preview:large","max-video-preview":"max-video-preview:-1"},"canonical":"http:\/\/atif.unaldi.org\/blog\/2010\/08\/03\/kusursuz-firtina\/","og_locale":"tr_TR","og_type":"article","og_title":"Kusursuz F\u0131rt\u0131na - At\u0131f \u00dcnald\u0131","og_description":"90\u2019l\u0131 y\u0131llar\u0131n ba\u015f\u0131nda herkes convergence (yak\u0131nsama)dan bahsediyordu. O zamanlar bu yak\u0131nsama cep telefonu ve internet birle\u015fmesi ile olu\u015facak deniliyordu. Ge\u00e7enlerde Apple iphone ile ilgili, kullan\u0131c\u0131lar\u0131 taraf\u0131ndan yap\u0131lan bir reklam seyrettim. iPhone her\u015feye yarar, bazen de...","og_url":"http:\/\/atif.unaldi.org\/blog\/2010\/08\/03\/kusursuz-firtina\/","og_site_name":"At\u0131f \u00dcnald\u0131","article_publisher":"https:\/\/www.facebook.com\/atifunaldi","article_author":"https:\/\/www.facebook.com\/atifunaldi","article_published_time":"2010-08-03T18:59:31+00:00","og_image":[{"url":"http:\/\/atifunaldi.files.wordpress.com\/2010\/08\/t3logo.jpg?w=150","type":"","width":"","height":""}],"author":"Atif Unaldi","twitter_card":"summary_large_image","twitter_creator":"@https:\/\/twitter.com\/atifunaldi","twitter_site":"@atifunaldi","twitter_misc":{"Yazan:":"Atif Unaldi","Tahmini okuma s\u00fcresi":"3 dakika"},"schema":{"@context":"https:\/\/schema.org","@graph":[{"@type":"Article","@id":"http:\/\/atif.unaldi.org\/blog\/2010\/08\/03\/kusursuz-firtina\/#article","isPartOf":{"@id":"http:\/\/atif.unaldi.org\/blog\/2010\/08\/03\/kusursuz-firtina\/"},"author":{"name":"Atif Unaldi","@id":"http:\/\/atif.unaldi.org\/blog\/#\/schema\/person\/608ed42ecbda2bc5cfdb767ac1db479b"},"headline":"Kusursuz F\u0131rt\u0131na","datePublished":"2010-08-03T18:59:31+00:00","mainEntityOfPage":{"@id":"http:\/\/atif.unaldi.org\/blog\/2010\/08\/03\/kusursuz-firtina\/"},"wordCount":528,"commentCount":0,"publisher":{"@id":"http:\/\/atif.unaldi.org\/blog\/#\/schema\/person\/608ed42ecbda2bc5cfdb767ac1db479b"},"image":{"@id":"http:\/\/atif.unaldi.org\/blog\/2010\/08\/03\/kusursuz-firtina\/#primaryimage"},"thumbnailUrl":"http:\/\/atifunaldi.files.wordpress.com\/2010\/08\/t3logo.jpg?w=150","keywords":["iPhone 3Gs iOS4","KAPTAN K\u00d6\u015eK\u00dc","Lenovo A600 IdeaCenter","Toshiba JournE Touch"],"articleSection":["- T3"],"inLanguage":"tr","potentialAction":[{"@type":"CommentAction","name":"Comment","target":["http:\/\/atif.unaldi.org\/blog\/2010\/08\/03\/kusursuz-firtina\/#respond"]}]},{"@type":"WebPage","@id":"http:\/\/atif.unaldi.org\/blog\/2010\/08\/03\/kusursuz-firtina\/","url":"http:\/\/atif.unaldi.org\/blog\/2010\/08\/03\/kusursuz-firtina\/","name":"Kusursuz F\u0131rt\u0131na - At\u0131f \u00dcnald\u0131","isPartOf":{"@id":"http:\/\/atif.unaldi.org\/blog\/#website"},"primaryImageOfPage":{"@id":"http:\/\/atif.unaldi.org\/blog\/2010\/08\/03\/kusursuz-firtina\/#primaryimage"},"image":{"@id":"http:\/\/atif.unaldi.org\/blog\/2010\/08\/03\/kusursuz-firtina\/#primaryimage"},"thumbnailUrl":"http:\/\/atifunaldi.files.wordpress.com\/2010\/08\/t3logo.jpg?w=150","datePublished":"2010-08-03T18:59:31+00:00","breadcrumb":{"@id":"http:\/\/atif.unaldi.org\/blog\/2010\/08\/03\/kusursuz-firtina\/#breadcrumb"},"inLanguage":"tr","potentialAction":[{"@type":"ReadAction","target":["http:\/\/atif.unaldi.org\/blog\/2010\/08\/03\/kusursuz-firtina\/"]}]},{"@type":"ImageObject","inLanguage":"tr","@id":"http:\/\/atif.unaldi.org\/blog\/2010\/08\/03\/kusursuz-firtina\/#primaryimage","url":"http:\/\/atifunaldi.files.wordpress.com\/2010\/08\/t3logo.jpg?w=150","contentUrl":"http:\/\/atifunaldi.files.wordpress.com\/2010\/08\/t3logo.jpg?w=150"},{"@type":"BreadcrumbList","@id":"http:\/\/atif.unaldi.org\/blog\/2010\/08\/03\/kusursuz-firtina\/#breadcrumb","itemListElement":[{"@type":"ListItem","position":1,"name":"Anasayfa","item":"http:\/\/atif.unaldi.org\/blog\/"},{"@type":"ListItem","position":2,"name":"Kusursuz F\u0131rt\u0131na"}]},{"@type":"WebSite","@id":"http:\/\/atif.unaldi.org\/blog\/#website","url":"http:\/\/atif.unaldi.org\/blog\/","name":"At\u0131f \u00dcnald\u0131","description":"Yazar","publisher":{"@id":"http:\/\/atif.unaldi.org\/blog\/#\/schema\/person\/608ed42ecbda2bc5cfdb767ac1db479b"},"alternateName":"At\u0131f \u00dcnald\u0131 Blog","potentialAction":[{"@type":"SearchAction","target":{"@type":"EntryPoint","urlTemplate":"http:\/\/atif.unaldi.org\/blog\/?s={search_term_string}"},"query-input":{"@type":"PropertyValueSpecification","valueRequired":true,"valueName":"search_term_string"}}],"inLanguage":"tr"},{"@type":["Person","Organization"],"@id":"http:\/\/atif.unaldi.org\/blog\/#\/schema\/person\/608ed42ecbda2bc5cfdb767ac1db479b","name":"Atif Unaldi","image":{"@type":"ImageObject","inLanguage":"tr","@id":"http:\/\/atif.unaldi.org\/blog\/#\/schema\/person\/image\/","url":"http:\/\/atif.unaldi.org\/blog\/wp-content\/uploads\/2022\/10\/cropped-a94e8f7a-67c4-4d65-8a5f-032ba784be53-2.jpg","contentUrl":"http:\/\/atif.unaldi.org\/blog\/wp-content\/uploads\/2022\/10\/cropped-a94e8f7a-67c4-4d65-8a5f-032ba784be53-2.jpg","width":512,"height":512,"caption":"Atif Unaldi"},"logo":{"@id":"http:\/\/atif.unaldi.org\/blog\/#\/schema\/person\/image\/"},"description":"Bo\u011fazi\u00e7i \u00dcniversitesinde Fizik B\u00f6l\u00fcm\u00fc\u2019nde e\u011fitim ald\u0131\u011f\u0131 y\u0131llarda T\u00fcrkiye\u2019de ilk kez iki bilgisayar\u0131 telefon hatlar\u0131 \u00fczerinden konu\u015fturan BBS sistemini kurarak, T\u00fcrkiye\u2019deki ilk internet a\u011f\u0131n\u0131 olu\u015fturmu\u015ftur. Bir \u00e7ok radyo ve televizyonda program yap\u0131mc\u0131l\u0131\u011f\u0131 ve sunuculu\u011funu, bir \u00e7ok teknoloji dergisinde k\u00f6\u015fe yazarl\u0131\u011f\u0131, bili\u015fim edit\u00f6rl\u00fc\u011f\u00fc ve genel yay\u0131n y\u00f6netmenli\u011fi yapt\u0131. T\u00fcrkiye\u2019deki ilk internet servis sa\u011flay\u0131c\u0131s\u0131n\u0131n genel m\u00fcd\u00fcrl\u00fc\u011f\u00fcn\u00fc \u00fcstlendi. Bir \u00e7ok organizasyon ve kurulu\u015fta internet s\u00fcperviz\u00f6rl\u00fc\u011f\u00fc , webmaster\u2019l\u0131\u011f\u0131 , IT direkt\u00f6rl\u00fc\u011f\u00fc ve dijital projeler koordinat\u00f6rl\u00fc\u011f\u00fc g\u00f6revlerinde bulundu. Farkl\u0131 \u00fcniversitelerin farkl\u0131 fak\u00fcltelerinde \u00f6\u011fretim g\u00f6revlisi olarak bulunmu\u015f olan \u00dcnald\u0131; \u015fu an teknoloji ve pazarlama konular\u0131 ba\u015fta olmak \u00fczere bir\u00e7ok alanda hizmet veren Unaldi Consultancy\u2019nin kurucusudur. \u2028Selin \u00dcnald\u0131 ile evlidir. Su ve Toprak isminde iki \u00e7ocu\u011fu vard\u0131r.","sameAs":["http:\/\/atif.unaldi.org\/blog","https:\/\/www.facebook.com\/atifunaldi","https:\/\/www.instagram.com\/atifunaldi\/","https:\/\/www.linkedin.com\/in\/atifunaldi","https:\/\/x.com\/https:\/\/twitter.com\/atifunaldi","https:\/\/www.youtube.com\/c\/atifunaldi","https:\/\/soundcloud.com\/atif-unaldi","https:\/\/atifunaldi.tumblr.com"],"url":"http:\/\/atif.unaldi.org\/blog\/author\/atifunaldi\/"}]}},"jetpack_featured_media_url":"","_links":{"self":[{"href":"http:\/\/atif.unaldi.org\/blog\/wp-json\/wp\/v2\/posts\/947","targetHints":{"allow":["GET"]}}],"collection":[{"href":"http:\/\/atif.unaldi.org\/blog\/wp-json\/wp\/v2\/posts"}],"about":[{"href":"http:\/\/atif.unaldi.org\/blog\/wp-json\/wp\/v2\/types\/post"}],"author":[{"embeddable":true,"href":"http:\/\/atif.unaldi.org\/blog\/wp-json\/wp\/v2\/users\/2"}],"replies":[{"embeddable":true,"href":"http:\/\/atif.unaldi.org\/blog\/wp-json\/wp\/v2\/comments?post=947"}],"version-history":[{"count":0,"href":"http:\/\/atif.unaldi.org\/blog\/wp-json\/wp\/v2\/posts\/947\/revisions"}],"wp:attachment":[{"href":"http:\/\/atif.unaldi.org\/blog\/wp-json\/wp\/v2\/media?parent=947"}],"wp:term":[{"taxonomy":"category","embeddable":true,"href":"http:\/\/atif.unaldi.org\/blog\/wp-json\/wp\/v2\/categories?post=947"},{"taxonomy":"post_tag","embeddable":true,"href":"http:\/\/atif.unaldi.org\/blog\/wp-json\/wp\/v2\/tags?post=947"}],"curies":[{"name":"wp","href":"https:\/\/api.w.org\/{rel}","templated":true}]}}